{"id":20369,"date":"2026-04-25T21:46:52","date_gmt":"2026-04-26T01:46:52","guid":{"rendered":"https:\/\/divulguems.com.br\/?p=20369"},"modified":"2026-04-25T21:46:52","modified_gmt":"2026-04-26T01:46:52","slug":"festival-em-maceio-leva-o-cinema-para-a-praia","status":"publish","type":"post","link":"https:\/\/divulguems.com.br\/?p=20369","title":{"rendered":"Festival em Macei\u00f3 leva o cinema para a praia"},"content":{"rendered":"<p>Sess\u00f5es de cinema na praia, ao ar livre. Essa \u00e9 a proposta do <strong>Festival Horizontes<\/strong> que come\u00e7a nesta sexta-feira (24) e segue at\u00e9 o pr\u00f3ximo domingo (26) em Macei\u00f3. As sess\u00f5es s\u00e3o gratuitas e come\u00e7am sempre a partir das 19h, na Praia do Franc\u00eas, na orla da capital alagoana.<img decoding=\"async\" src=\"https:\/\/agenciabrasil.ebc.com.br\/ebc.png?id=1687171&#038;o=rss\"><img decoding=\"async\" src=\"https:\/\/agenciabrasil.ebc.com.br\/ebc.gif?id=1687171&#038;o=rss\"><\/p>\n<p>A programa\u00e7\u00e3o re\u00fane longas e curta-metragens com destaque para produ\u00e7\u00f5es reconhecidas nos festivais de Cannes, Gramado e Rio. <strong>O tel\u00e3o foi montado nas proximidades do letreiro \u201cEu amo o Franc\u00eas\u201d, um dos pontos tur\u00edsticos da cidade.<\/strong><\/p>\n<p>A abertura, nesta sexta, \u00e9 com o document\u00e1rio <em>Para Vigo Me Voy!<\/em>, de L\u00edrio Ferreira e Karen Harley, que mergulha na trajet\u00f3ria do cineasta alagoano Cac\u00e1 Diegues e estreou no Festival de Cannes do ano passado.<\/p>\n<p>No s\u00e1bado (25), \u00e9 a vez do longa de terror <em>Heran\u00e7a de Narcisa<\/em>, que tem no elenco os atores Paolla Oliveira, Rosamaria Murtinho, Pedro Henrique M\u00fcller e Elvira Helena. O filme foi vencedor do pr\u00eamio de Melhor Filme pelo J\u00fari Popular na mostra Premi\u00e8re Brasil: Novos Rumos, no Festival do Rio de 2025.\u00a0<\/p>\n<p>Encerrando a primeira edi\u00e7\u00e3o do festival, no domingo, haver\u00e1 a exibi\u00e7\u00e3o de <em>Criadas<\/em>, dirigido por Carol Rodrigues. O filme venceu o Pr\u00eamio do P\u00fablico de Melhor Filme Brasileiro de Fic\u00e7\u00e3o na \u00faltima Mostra Internacional de Cinema em S\u00e3o Paulo e tamb\u00e9m conquistou o pr\u00eamio de Melhor Atriz no Festival do Rio de 2025, com Mawusi Tulani e Ana Flavia Cavalcanti dividindo o Trof\u00e9u Redentor.<\/p>\n<p>Antes de cada longa, o p\u00fablico poder\u00e1 conferir dois curtas-metragens, com produ\u00e7\u00f5es do Par\u00e1, Rio de Janeiro, Pernambuco e Alagoas. A programa\u00e7\u00e3o completa est\u00e1 dispon\u00edvel no <a href=\"https:\/\/www.instagram.com\/festivalhorizontesdecinema\/\" target=\"_blank\">instagram do evento<\/a>.<br \/>\n\u00a0<\/p>\n<p>  <span class=\"hms hms-format-m-ss\">1:57<\/span><\/p>\n","protected":false},"excerpt":{"rendered":"<p>Sess\u00f5es de cinema na praia, ao ar livre. Essa \u00e9 a proposta do Festival Horizontes que come\u00e7a nesta sexta-feira (24) e segue at\u00e9 o pr\u00f3ximo domingo (26) em Macei\u00f3. As sess\u00f5es s\u00e3o gratuitas e come\u00e7am sempre a partir das 19h, na Praia do Franc\u00eas, na orla da capital alagoana. A programa\u00e7\u00e3o re\u00fane longas e curta-metragens [&hellip;]<\/p>\n","protected":false},"author":450,"featured_media":20370,"comment_status":"open","ping_status":"open","sticky":false,"template":"","format":"standard","meta":{"site-sidebar-layout":"default","site-content-layout":"","ast-site-content-layout":"default","site-content-style":"default","site-sidebar-style":"default","ast-global-header-display":"","ast-banner-title-visibility":"","ast-main-header-display":"","ast-hfb-above-header-display":"","ast-hfb-below-header-display":"","ast-hfb-mobile-header-display":"","site-post-title":"","ast-breadcrumbs-content":"","ast-featured-img":"","footer-sml-layout":"","ast-disable-related-posts":"","theme-transparent-header-meta":"","adv-header-id-meta":"","stick-header-meta":"","header-above-stick-meta":"","header-main-stick-meta":"","header-below-stick-meta":"","astra-migrate-meta-layouts":"default","ast-page-background-enabled":"default","ast-page-background-meta":{"desktop":{"background-color":"var(--ast-global-color-4)","background-image":"","background-repeat":"repeat","background-position":"center center","background-size":"auto","background-attachment":"scroll","background-type":"","background-media":"","overlay-type":"","overlay-color":"","overlay-opacity":"","overlay-gradient":""},"tablet":{"background-color":"","background-image":"","background-repeat":"repeat","background-position":"center center","background-size":"auto","background-attachment":"scroll","background-type":"","background-media":"","overlay-type":"","overlay-color":"","overlay-opacity":"","overlay-gradient":""},"mobile":{"background-color":"","background-image":"","background-repeat":"repeat","background-position":"center center","background-size":"auto","background-attachment":"scroll","background-type":"","background-media":"","overlay-type":"","overlay-color":"","overlay-opacity":"","overlay-gradient":""}},"ast-content-background-meta":{"desktop":{"background-color":"var(--ast-global-color-5)","background-image":"","background-repeat":"repeat","background-position":"center center","background-size":"auto","background-attachment":"scroll","background-type":"","background-media":"","overlay-type":"","overlay-color":"","overlay-opacity":"","overlay-gradient":""},"tablet":{"background-color":"var(--ast-global-color-5)","background-image":"","background-repeat":"repeat","background-position":"center center","background-size":"auto","background-attachment":"scroll","background-type":"","background-media":"","overlay-type":"","overlay-color":"","overlay-opacity":"","overlay-gradient":""},"mobile":{"background-color":"var(--ast-global-color-5)","background-image":"","background-repeat":"repeat","background-position":"center center","background-size":"auto","background-attachment":"scroll","background-type":"","background-media":"","overlay-type":"","overlay-color":"","overlay-opacity":"","overlay-gradient":""}},"footnotes":""},"categories":[18],"tags":[],"class_list":["post-20369","post","type-post","status-publish","format-standard","has-post-thumbnail","hentry","category-educacao-e-carreiras"],"yoast_head":"<!-- This site is optimized with the Yoast SEO Premium plugin v23.6 (Yoast SEO v27.4) - https:\/\/yoast.com\/product\/yoast-seo-premium-wordpress\/ -->\n<title>Festival em Macei\u00f3 leva o cinema para a praia - Divulgue MS<\/title>\n<meta name=\"robots\" content=\"index, follow, max-snippet:-1, max-image-preview:large, max-video-preview:-1\" \/>\n<link rel=\"canonical\" href=\"https:\/\/divulguems.com.br\/?p=20369\" \/>\n<meta property=\"og:locale\" content=\"pt_BR\" \/>\n<meta property=\"og:type\" content=\"article\" \/>\n<meta property=\"og:title\" content=\"Festival em Macei\u00f3 leva o cinema para a praia\" \/>\n<meta property=\"og:description\" content=\"Sess\u00f5es de cinema na praia, ao ar livre. Essa \u00e9 a proposta do Festival Horizontes que come\u00e7a nesta sexta-feira (24) e segue at\u00e9 o pr\u00f3ximo domingo (26) em Macei\u00f3. As sess\u00f5es s\u00e3o gratuitas e come\u00e7am sempre a partir das 19h, na Praia do Franc\u00eas, na orla da capital alagoana. A programa\u00e7\u00e3o re\u00fane longas e curta-metragens [&hellip;]\" \/>\n<meta property=\"og:url\" content=\"https:\/\/divulguems.com.br\/?p=20369\" \/>\n<meta property=\"og:site_name\" content=\"Divulgue MS\" \/>\n<meta property=\"article:publisher\" content=\"https:\/\/www.facebook.com\/portalinfocobrasil\" \/>\n<meta property=\"article:published_time\" content=\"2026-04-26T01:46:52+00:00\" \/>\n<meta property=\"og:image\" content=\"https:\/\/agenciabrasil.ebc.com.br\/ebc.png?id=1687171&o=rss\" \/>\n<meta name=\"author\" content=\"Madson Euler - reporter da Radio Nacional\" \/>\n<meta name=\"twitter:card\" content=\"summary_large_image\" \/>\n<meta name=\"twitter:label1\" content=\"Escrito por\" \/>\n\t<meta name=\"twitter:data1\" content=\"Madson Euler - reporter da Radio Nacional\" \/>\n\t<meta name=\"twitter:label2\" content=\"Est. tempo de leitura\" \/>\n\t<meta name=\"twitter:data2\" content=\"1 minuto\" \/>\n<script type=\"application\/ld+json\" class=\"yoast-schema-graph\">{\"@context\":\"https:\\\/\\\/schema.org\",\"@graph\":[{\"@type\":\"Article\",\"@id\":\"https:\\\/\\\/divulguems.com.br\\\/?p=20369#article\",\"isPartOf\":{\"@id\":\"https:\\\/\\\/divulguems.com.br\\\/?p=20369\"},\"author\":{\"name\":\"Madson Euler - reporter da Radio Nacional\",\"@id\":\"https:\\\/\\\/divulguems.com.br\\\/#\\\/schema\\\/person\\\/2ae6dc34642c550804373382e52040a3\"},\"headline\":\"Festival em Macei\u00f3 leva o cinema para a praia\",\"datePublished\":\"2026-04-26T01:46:52+00:00\",\"mainEntityOfPage\":{\"@id\":\"https:\\\/\\\/divulguems.com.br\\\/?p=20369\"},\"wordCount\":303,\"commentCount\":0,\"publisher\":{\"@id\":\"https:\\\/\\\/divulguems.com.br\\\/#organization\"},\"image\":{\"@id\":\"https:\\\/\\\/divulguems.com.br\\\/?p=20369#primaryimage\"},\"thumbnailUrl\":\"https:\\\/\\\/divulguems.com.br\\\/wp-content\\\/uploads\\\/2026\\\/04\\\/20369-festival-em-maceio-leva-o-cinema-para-a-praia.jpg\",\"articleSection\":[\"Educa\u00e7\u00e3o e Carreiras\"],\"inLanguage\":\"pt-BR\",\"potentialAction\":[{\"@type\":\"CommentAction\",\"name\":\"Comment\",\"target\":[\"https:\\\/\\\/divulguems.com.br\\\/?p=20369#respond\"]}]},{\"@type\":\"WebPage\",\"@id\":\"https:\\\/\\\/divulguems.com.br\\\/?p=20369\",\"url\":\"https:\\\/\\\/divulguems.com.br\\\/?p=20369\",\"name\":\"Festival em Macei\u00f3 leva o cinema para a praia - Divulgue MS\",\"isPartOf\":{\"@id\":\"https:\\\/\\\/divulguems.com.br\\\/#website\"},\"primaryImageOfPage\":{\"@id\":\"https:\\\/\\\/divulguems.com.br\\\/?p=20369#primaryimage\"},\"image\":{\"@id\":\"https:\\\/\\\/divulguems.com.br\\\/?p=20369#primaryimage\"},\"thumbnailUrl\":\"https:\\\/\\\/divulguems.com.br\\\/wp-content\\\/uploads\\\/2026\\\/04\\\/20369-festival-em-maceio-leva-o-cinema-para-a-praia.jpg\",\"datePublished\":\"2026-04-26T01:46:52+00:00\",\"breadcrumb\":{\"@id\":\"https:\\\/\\\/divulguems.com.br\\\/?p=20369#breadcrumb\"},\"inLanguage\":\"pt-BR\",\"potentialAction\":[{\"@type\":\"ReadAction\",\"target\":[\"https:\\\/\\\/divulguems.com.br\\\/?p=20369\"]}]},{\"@type\":\"ImageObject\",\"inLanguage\":\"pt-BR\",\"@id\":\"https:\\\/\\\/divulguems.com.br\\\/?p=20369#primaryimage\",\"url\":\"https:\\\/\\\/divulguems.com.br\\\/wp-content\\\/uploads\\\/2026\\\/04\\\/20369-festival-em-maceio-leva-o-cinema-para-a-praia.jpg\",\"contentUrl\":\"https:\\\/\\\/divulguems.com.br\\\/wp-content\\\/uploads\\\/2026\\\/04\\\/20369-festival-em-maceio-leva-o-cinema-para-a-praia.jpg\",\"width\":1600,\"height\":800,\"caption\":\"Festival em Macei\u00f3 leva o cinema para a praia\"},{\"@type\":\"BreadcrumbList\",\"@id\":\"https:\\\/\\\/divulguems.com.br\\\/?p=20369#breadcrumb\",\"itemListElement\":[{\"@type\":\"ListItem\",\"position\":1,\"name\":\"In\u00edcio\",\"item\":\"https:\\\/\\\/divulguems.com.br\\\/\"},{\"@type\":\"ListItem\",\"position\":2,\"name\":\"Festival em Macei\u00f3 leva o cinema para a praia\"}]},{\"@type\":\"WebSite\",\"@id\":\"https:\\\/\\\/divulguems.com.br\\\/#website\",\"url\":\"https:\\\/\\\/divulguems.com.br\\\/\",\"name\":\"Portal Infoco Brasil\",\"description\":\"L\u00edder de audi\u00eancia.\",\"publisher\":{\"@id\":\"https:\\\/\\\/divulguems.com.br\\\/#organization\"},\"potentialAction\":[{\"@type\":\"SearchAction\",\"target\":{\"@type\":\"EntryPoint\",\"urlTemplate\":\"https:\\\/\\\/divulguems.com.br\\\/?s={search_term_string}\"},\"query-input\":{\"@type\":\"PropertyValueSpecification\",\"valueRequired\":true,\"valueName\":\"search_term_string\"}}],\"inLanguage\":\"pt-BR\"},{\"@type\":\"Organization\",\"@id\":\"https:\\\/\\\/divulguems.com.br\\\/#organization\",\"name\":\"Portal Infoco Brasil\",\"url\":\"https:\\\/\\\/divulguems.com.br\\\/\",\"logo\":{\"@type\":\"ImageObject\",\"inLanguage\":\"pt-BR\",\"@id\":\"https:\\\/\\\/divulguems.com.br\\\/#\\\/schema\\\/logo\\\/image\\\/\",\"url\":\"https:\\\/\\\/divulguems.com.br\\\/wp-content\\\/uploads\\\/2025\\\/04\\\/LOGO-PNG-AZUL.png\",\"contentUrl\":\"https:\\\/\\\/divulguems.com.br\\\/wp-content\\\/uploads\\\/2025\\\/04\\\/LOGO-PNG-AZUL.png\",\"width\":1166,\"height\":475,\"caption\":\"Portal Infoco Brasil\"},\"image\":{\"@id\":\"https:\\\/\\\/divulguems.com.br\\\/#\\\/schema\\\/logo\\\/image\\\/\"},\"sameAs\":[\"https:\\\/\\\/www.facebook.com\\\/portalinfocobrasil\",\"https:\\\/\\\/www.instagram.com\\\/portalinfocobrasil\"]},{\"@type\":\"Person\",\"@id\":\"https:\\\/\\\/divulguems.com.br\\\/#\\\/schema\\\/person\\\/2ae6dc34642c550804373382e52040a3\",\"name\":\"Madson Euler - reporter da Radio Nacional\",\"image\":{\"@type\":\"ImageObject\",\"inLanguage\":\"pt-BR\",\"@id\":\"https:\\\/\\\/secure.gravatar.com\\\/avatar\\\/c1f3db0b388ba9f05404fef5293c71db0c3f8c745c0ed2e36480c7ebf4f36516?s=96&d=mm&r=g\",\"url\":\"https:\\\/\\\/secure.gravatar.com\\\/avatar\\\/c1f3db0b388ba9f05404fef5293c71db0c3f8c745c0ed2e36480c7ebf4f36516?s=96&d=mm&r=g\",\"contentUrl\":\"https:\\\/\\\/secure.gravatar.com\\\/avatar\\\/c1f3db0b388ba9f05404fef5293c71db0c3f8c745c0ed2e36480c7ebf4f36516?s=96&d=mm&r=g\",\"caption\":\"Madson Euler - reporter da Radio Nacional\"},\"url\":\"https:\\\/\\\/divulguems.com.br\\\/?author=450\"}]}<\/script>\n<!-- \/ Yoast SEO Premium plugin. -->","yoast_head_json":{"title":"Festival em Macei\u00f3 leva o cinema para a praia - Divulgue MS","robots":{"index":"index","follow":"follow","max-snippet":"max-snippet:-1","max-image-preview":"max-image-preview:large","max-video-preview":"max-video-preview:-1"},"canonical":"https:\/\/divulguems.com.br\/?p=20369","og_locale":"pt_BR","og_type":"article","og_title":"Festival em Macei\u00f3 leva o cinema para a praia","og_description":"Sess\u00f5es de cinema na praia, ao ar livre. Essa \u00e9 a proposta do Festival Horizontes que come\u00e7a nesta sexta-feira (24) e segue at\u00e9 o pr\u00f3ximo domingo (26) em Macei\u00f3. As sess\u00f5es s\u00e3o gratuitas e come\u00e7am sempre a partir das 19h, na Praia do Franc\u00eas, na orla da capital alagoana. A programa\u00e7\u00e3o re\u00fane longas e curta-metragens [&hellip;]","og_url":"https:\/\/divulguems.com.br\/?p=20369","og_site_name":"Divulgue MS","article_publisher":"https:\/\/www.facebook.com\/portalinfocobrasil","article_published_time":"2026-04-26T01:46:52+00:00","og_image":[{"url":"https:\/\/agenciabrasil.ebc.com.br\/ebc.png?id=1687171&o=rss","type":"","width":"","height":""}],"author":"Madson Euler - reporter da Radio Nacional","twitter_card":"summary_large_image","twitter_misc":{"Escrito por":"Madson Euler - reporter da Radio Nacional","Est. tempo de leitura":"1 minuto"},"schema":{"@context":"https:\/\/schema.org","@graph":[{"@type":"Article","@id":"https:\/\/divulguems.com.br\/?p=20369#article","isPartOf":{"@id":"https:\/\/divulguems.com.br\/?p=20369"},"author":{"name":"Madson Euler - reporter da Radio Nacional","@id":"https:\/\/divulguems.com.br\/#\/schema\/person\/2ae6dc34642c550804373382e52040a3"},"headline":"Festival em Macei\u00f3 leva o cinema para a praia","datePublished":"2026-04-26T01:46:52+00:00","mainEntityOfPage":{"@id":"https:\/\/divulguems.com.br\/?p=20369"},"wordCount":303,"commentCount":0,"publisher":{"@id":"https:\/\/divulguems.com.br\/#organization"},"image":{"@id":"https:\/\/divulguems.com.br\/?p=20369#primaryimage"},"thumbnailUrl":"https:\/\/divulguems.com.br\/wp-content\/uploads\/2026\/04\/20369-festival-em-maceio-leva-o-cinema-para-a-praia.jpg","articleSection":["Educa\u00e7\u00e3o e Carreiras"],"inLanguage":"pt-BR","potentialAction":[{"@type":"CommentAction","name":"Comment","target":["https:\/\/divulguems.com.br\/?p=20369#respond"]}]},{"@type":"WebPage","@id":"https:\/\/divulguems.com.br\/?p=20369","url":"https:\/\/divulguems.com.br\/?p=20369","name":"Festival em Macei\u00f3 leva o cinema para a praia - Divulgue MS","isPartOf":{"@id":"https:\/\/divulguems.com.br\/#website"},"primaryImageOfPage":{"@id":"https:\/\/divulguems.com.br\/?p=20369#primaryimage"},"image":{"@id":"https:\/\/divulguems.com.br\/?p=20369#primaryimage"},"thumbnailUrl":"https:\/\/divulguems.com.br\/wp-content\/uploads\/2026\/04\/20369-festival-em-maceio-leva-o-cinema-para-a-praia.jpg","datePublished":"2026-04-26T01:46:52+00:00","breadcrumb":{"@id":"https:\/\/divulguems.com.br\/?p=20369#breadcrumb"},"inLanguage":"pt-BR","potentialAction":[{"@type":"ReadAction","target":["https:\/\/divulguems.com.br\/?p=20369"]}]},{"@type":"ImageObject","inLanguage":"pt-BR","@id":"https:\/\/divulguems.com.br\/?p=20369#primaryimage","url":"https:\/\/divulguems.com.br\/wp-content\/uploads\/2026\/04\/20369-festival-em-maceio-leva-o-cinema-para-a-praia.jpg","contentUrl":"https:\/\/divulguems.com.br\/wp-content\/uploads\/2026\/04\/20369-festival-em-maceio-leva-o-cinema-para-a-praia.jpg","width":1600,"height":800,"caption":"Festival em Macei\u00f3 leva o cinema para a praia"},{"@type":"BreadcrumbList","@id":"https:\/\/divulguems.com.br\/?p=20369#breadcrumb","itemListElement":[{"@type":"ListItem","position":1,"name":"In\u00edcio","item":"https:\/\/divulguems.com.br\/"},{"@type":"ListItem","position":2,"name":"Festival em Macei\u00f3 leva o cinema para a praia"}]},{"@type":"WebSite","@id":"https:\/\/divulguems.com.br\/#website","url":"https:\/\/divulguems.com.br\/","name":"Portal Infoco Brasil","description":"L\u00edder de audi\u00eancia.","publisher":{"@id":"https:\/\/divulguems.com.br\/#organization"},"potentialAction":[{"@type":"SearchAction","target":{"@type":"EntryPoint","urlTemplate":"https:\/\/divulguems.com.br\/?s={search_term_string}"},"query-input":{"@type":"PropertyValueSpecification","valueRequired":true,"valueName":"search_term_string"}}],"inLanguage":"pt-BR"},{"@type":"Organization","@id":"https:\/\/divulguems.com.br\/#organization","name":"Portal Infoco Brasil","url":"https:\/\/divulguems.com.br\/","logo":{"@type":"ImageObject","inLanguage":"pt-BR","@id":"https:\/\/divulguems.com.br\/#\/schema\/logo\/image\/","url":"https:\/\/divulguems.com.br\/wp-content\/uploads\/2025\/04\/LOGO-PNG-AZUL.png","contentUrl":"https:\/\/divulguems.com.br\/wp-content\/uploads\/2025\/04\/LOGO-PNG-AZUL.png","width":1166,"height":475,"caption":"Portal Infoco Brasil"},"image":{"@id":"https:\/\/divulguems.com.br\/#\/schema\/logo\/image\/"},"sameAs":["https:\/\/www.facebook.com\/portalinfocobrasil","https:\/\/www.instagram.com\/portalinfocobrasil"]},{"@type":"Person","@id":"https:\/\/divulguems.com.br\/#\/schema\/person\/2ae6dc34642c550804373382e52040a3","name":"Madson Euler - reporter da Radio Nacional","image":{"@type":"ImageObject","inLanguage":"pt-BR","@id":"https:\/\/secure.gravatar.com\/avatar\/c1f3db0b388ba9f05404fef5293c71db0c3f8c745c0ed2e36480c7ebf4f36516?s=96&d=mm&r=g","url":"https:\/\/secure.gravatar.com\/avatar\/c1f3db0b388ba9f05404fef5293c71db0c3f8c745c0ed2e36480c7ebf4f36516?s=96&d=mm&r=g","contentUrl":"https:\/\/secure.gravatar.com\/avatar\/c1f3db0b388ba9f05404fef5293c71db0c3f8c745c0ed2e36480c7ebf4f36516?s=96&d=mm&r=g","caption":"Madson Euler - reporter da Radio Nacional"},"url":"https:\/\/divulguems.com.br\/?author=450"}]}},"_links":{"self":[{"href":"https:\/\/divulguems.com.br\/index.php?rest_route=\/wp\/v2\/posts\/20369","targetHints":{"allow":["GET"]}}],"collection":[{"href":"https:\/\/divulguems.com.br\/index.php?rest_route=\/wp\/v2\/posts"}],"about":[{"href":"https:\/\/divulguems.com.br\/index.php?rest_route=\/wp\/v2\/types\/post"}],"author":[{"embeddable":true,"href":"https:\/\/divulguems.com.br\/index.php?rest_route=\/wp\/v2\/users\/450"}],"replies":[{"embeddable":true,"href":"https:\/\/divulguems.com.br\/index.php?rest_route=%2Fwp%2Fv2%2Fcomments&post=20369"}],"version-history":[{"count":0,"href":"https:\/\/divulguems.com.br\/index.php?rest_route=\/wp\/v2\/posts\/20369\/revisions"}],"wp:featuredmedia":[{"embeddable":true,"href":"https:\/\/divulguems.com.br\/index.php?rest_route=\/wp\/v2\/media\/20370"}],"wp:attachment":[{"href":"https:\/\/divulguems.com.br\/index.php?rest_route=%2Fwp%2Fv2%2Fmedia&parent=20369"}],"wp:term":[{"taxonomy":"category","embeddable":true,"href":"https:\/\/divulguems.com.br\/index.php?rest_route=%2Fwp%2Fv2%2Fcategories&post=20369"},{"taxonomy":"post_tag","embeddable":true,"href":"https:\/\/divulguems.com.br\/index.php?rest_route=%2Fwp%2Fv2%2Ftags&post=20369"}],"curies":[{"name":"wp","href":"https:\/\/api.w.org\/{rel}","templated":true}]}}