{"id":20373,"date":"2026-04-25T21:46:55","date_gmt":"2026-04-26T01:46:55","guid":{"rendered":"https:\/\/divulguems.com.br\/?p=20373"},"modified":"2026-04-25T21:46:55","modified_gmt":"2026-04-26T01:46:55","slug":"campanha-em-escolas-do-df-alerta-para-prevencao-de-desastre-climatico","status":"publish","type":"post","link":"https:\/\/divulguems.com.br\/?p=20373","title":{"rendered":"Campanha em escolas do DF alerta para preven\u00e7\u00e3o de desastre clim\u00e1tico"},"content":{"rendered":"<\/p>\n<p><a class=\"\" href=\"https:\/\/agenciabrasil.ebc.com.br\/educacao\/noticia\/2026-04\/campanha-em-escolas-do-df-alerta-para-prevencao-de-desastre-climatico\"><br \/>\n                    <img decoding=\"async\" src=\"https:\/\/cdn.jsdelivr.net\/gh\/sergiosdlima\/assets-ebc@1.0.0\/abr\/assets\/images\/logo-agenciabrasil.svg\" alt=\"Logo Ag\u00eancia Brasil\"><br \/>\n\t\t\t\t<\/a><\/p>\n<p><strong>Alunos, educadores, comunidades e iniciativas populares da capital federal participaram, ao longo dos \u00faltimos dois dias, da 9\u00aa Campanha Nacional #AprenderParaPrevenir: Cidades sem Risco.<\/strong><img decoding=\"async\" src=\"https:\/\/agenciabrasil.ebc.com.br\/ebc.png?id=1687233&#038;o=rss\"><img decoding=\"async\" src=\"https:\/\/agenciabrasil.ebc.com.br\/ebc.gif?id=1687233&#038;o=rss\"><\/p>\n<p>A proposta, encabe\u00e7ada pelo Minist\u00e9rio das Cidades, inclui atividades formativas em comunidades vulner\u00e1veis com foco na educa\u00e7\u00e3o para reconhecer riscos, prevenir e agir em meio a emerg\u00eancias clim\u00e1ticas.<\/p>\n<\/p>\n<h3>Not\u00edcias relacionadas:<\/h3>\n<ul>\n<li><a href=\"https:\/\/agenciabrasil.ebc.com.br\/meio-ambiente\/noticia\/2025-10\/brasil-lancara-protocolo-para-proteger-mulheres-em-desastre-climatico\">Brasil lan\u00e7ar\u00e1 protocolo para proteger mulheres em desastre clim\u00e1tico.<\/a><\/li>\n<li><a href=\"https:\/\/agenciabrasil.ebc.com.br\/economia\/noticia\/2024-06\/desastre-climatico-faz-vendas-da-industria-cairem-156-em-maio-no-rs\">Desastre clim\u00e1tico faz vendas da ind\u00fastria ca\u00edrem 15,6% em maio no RS.<\/a><\/li>\n<li><a href=\"https:\/\/agenciabrasil.ebc.com.br\/geral\/noticia\/2024-06\/numero-de-mortes-em-desastre-climatico-no-rs-sobre-para-171\">N\u00famero de mortes em desastre clim\u00e1tico no RS sobe para 171.<\/a><\/li>\n<\/ul>\n<p>Em nota, a pasta informou que a campanha tem como objetivo fortalecer a atua\u00e7\u00e3o integrada entre comunidades, institui\u00e7\u00f5es p\u00fablicas e espa\u00e7os educativos em comunidades marcadas por desafios socioambientais e eventos extremos.<\/p>\n<blockquote>\n<p>\u201cA iniciativa estimula o desenvolvimento de campanhas locais de redu\u00e7\u00e3o de riscos de desastres no territ\u00f3rio onde vivem, ampliando a capacidade de preven\u00e7\u00e3o e resposta antes que emerg\u00eancias ocorram.\u201d<\/p>\n<\/blockquote>\n<p>Ainda segundo o comunicado, <strong>a campanha refor\u00e7a que a preven\u00e7\u00e3o a desastres come\u00e7a no cotidiano das comunidades, por meio da informa\u00e7\u00e3o, da educa\u00e7\u00e3o e da mobiliza\u00e7\u00e3o coletiva.<\/strong><\/p>\n<p>Durante os dois dias, a programa\u00e7\u00e3o incluiu di\u00e1logos, encontros formativos e oficinas de campanha, onde os participantes trabalharam na elabora\u00e7\u00e3o de propostas pr\u00e1ticas de mobiliza\u00e7\u00e3o de preven\u00e7\u00e3o.<\/p>\n<blockquote>\n<p>\u201cO objetivo \u00e9 fortalecer redes locais, qualificar os habitantes dos territ\u00f3rios e transformar conhecimento em a\u00e7\u00e3o concreta, contribuindo para cidades mais preparadas diante dos riscos clim\u00e1ticos\u201d, completou o minist\u00e9rio.<\/p>\n<\/blockquote>\n<h2>Sobre a campanha<\/h2>\n<p><strong>Em 2026, a campanha atua prioritariamente em 23 munic\u00edpios brasileiros e impacta diretamente cerca de 30 mil estudantes. Os encontros formativos j\u00e1 foram realizados nos seguintes estados: Pernambuco, Rio Grande do Norte, S\u00e3o Paulo, Rio de Janeiro e Rio Grande do Sul.<\/strong><\/p>\n<p>A iniciativa integra pol\u00edticas p\u00fablicas de educa\u00e7\u00e3o, ci\u00eancia e desenvolvimento urbano, fortalecendo a preven\u00e7\u00e3o como eixo estruturante da justi\u00e7a clim\u00e1tica em territ\u00f3rios mais vulner\u00e1veis.<\/p>\n<p>\u00a0<\/p>\n","protected":false},"excerpt":{"rendered":"<p>Alunos, educadores, comunidades e iniciativas populares da capital federal participaram, ao longo dos \u00faltimos dois dias, da 9\u00aa Campanha Nacional #AprenderParaPrevenir: Cidades sem Risco. A proposta, encabe\u00e7ada pelo Minist\u00e9rio das Cidades, inclui atividades formativas em comunidades vulner\u00e1veis com foco na educa\u00e7\u00e3o para reconhecer riscos, prevenir e agir em meio a emerg\u00eancias clim\u00e1ticas. Not\u00edcias relacionadas: Brasil [&hellip;]<\/p>\n","protected":false},"author":1,"featured_media":20374,"comment_status":"open","ping_status":"open","sticky":false,"template":"","format":"standard","meta":{"site-sidebar-layout":"default","site-content-layout":"","ast-site-content-layout":"default","site-content-style":"default","site-sidebar-style":"default","ast-global-header-display":"","ast-banner-title-visibility":"","ast-main-header-display":"","ast-hfb-above-header-display":"","ast-hfb-below-header-display":"","ast-hfb-mobile-header-display":"","site-post-title":"","ast-breadcrumbs-content":"","ast-featured-img":"","footer-sml-layout":"","ast-disable-related-posts":"","theme-transparent-header-meta":"","adv-header-id-meta":"","stick-header-meta":"","header-above-stick-meta":"","header-main-stick-meta":"","header-below-stick-meta":"","astra-migrate-meta-layouts":"default","ast-page-background-enabled":"default","ast-page-background-meta":{"desktop":{"background-color":"var(--ast-global-color-4)","background-image":"","background-repeat":"repeat","background-position":"center center","background-size":"auto","background-attachment":"scroll","background-type":"","background-media":"","overlay-type":"","overlay-color":"","overlay-opacity":"","overlay-gradient":""},"tablet":{"background-color":"","background-image":"","background-repeat":"repeat","background-position":"center center","background-size":"auto","background-attachment":"scroll","background-type":"","background-media":"","overlay-type":"","overlay-color":"","overlay-opacity":"","overlay-gradient":""},"mobile":{"background-color":"","background-image":"","background-repeat":"repeat","background-position":"center center","background-size":"auto","background-attachment":"scroll","background-type":"","background-media":"","overlay-type":"","overlay-color":"","overlay-opacity":"","overlay-gradient":""}},"ast-content-background-meta":{"desktop":{"background-color":"var(--ast-global-color-5)","background-image":"","background-repeat":"repeat","background-position":"center center","background-size":"auto","background-attachment":"scroll","background-type":"","background-media":"","overlay-type":"","overlay-color":"","overlay-opacity":"","overlay-gradient":""},"tablet":{"background-color":"var(--ast-global-color-5)","background-image":"","background-repeat":"repeat","background-position":"center center","background-size":"auto","background-attachment":"scroll","background-type":"","background-media":"","overlay-type":"","overlay-color":"","overlay-opacity":"","overlay-gradient":""},"mobile":{"background-color":"var(--ast-global-color-5)","background-image":"","background-repeat":"repeat","background-position":"center center","background-size":"auto","background-attachment":"scroll","background-type":"","background-media":"","overlay-type":"","overlay-color":"","overlay-opacity":"","overlay-gradient":""}},"footnotes":""},"categories":[3],"tags":[],"class_list":["post-20373","post","type-post","status-publish","format-standard","has-post-thumbnail","hentry","category-seguranca-e-justica"],"yoast_head":"<!-- This site is optimized with the Yoast SEO Premium plugin v23.6 (Yoast SEO v27.4) - https:\/\/yoast.com\/product\/yoast-seo-premium-wordpress\/ -->\n<title>Campanha em escolas do DF alerta para preven\u00e7\u00e3o de desastre clim\u00e1tico - Divulgue MS<\/title>\n<meta name=\"robots\" content=\"index, follow, max-snippet:-1, max-image-preview:large, max-video-preview:-1\" \/>\n<link rel=\"canonical\" href=\"https:\/\/divulguems.com.br\/?p=20373\" \/>\n<meta property=\"og:locale\" content=\"pt_BR\" \/>\n<meta property=\"og:type\" content=\"article\" \/>\n<meta property=\"og:title\" content=\"Campanha em escolas do DF alerta para preven\u00e7\u00e3o de desastre clim\u00e1tico\" \/>\n<meta property=\"og:description\" content=\"Alunos, educadores, comunidades e iniciativas populares da capital federal participaram, ao longo dos \u00faltimos dois dias, da 9\u00aa Campanha Nacional #AprenderParaPrevenir: Cidades sem Risco. A proposta, encabe\u00e7ada pelo Minist\u00e9rio das Cidades, inclui atividades formativas em comunidades vulner\u00e1veis com foco na educa\u00e7\u00e3o para reconhecer riscos, prevenir e agir em meio a emerg\u00eancias clim\u00e1ticas. Not\u00edcias relacionadas: Brasil [&hellip;]\" \/>\n<meta property=\"og:url\" content=\"https:\/\/divulguems.com.br\/?p=20373\" \/>\n<meta property=\"og:site_name\" content=\"Divulgue MS\" \/>\n<meta property=\"article:publisher\" content=\"https:\/\/www.facebook.com\/portalinfocobrasil\" \/>\n<meta property=\"article:published_time\" content=\"2026-04-26T01:46:55+00:00\" \/>\n<meta property=\"og:image\" content=\"https:\/\/cdn.jsdelivr.net\/gh\/sergiosdlima\/assets-ebc@1.0.0\/abr\/assets\/images\/logo-agenciabrasil.svg\" \/>\n<meta name=\"author\" content=\"gestormovie\" \/>\n<meta name=\"twitter:card\" content=\"summary_large_image\" \/>\n<meta name=\"twitter:label1\" content=\"Escrito por\" \/>\n\t<meta name=\"twitter:data1\" content=\"gestormovie\" \/>\n\t<meta name=\"twitter:label2\" content=\"Est. tempo de leitura\" \/>\n\t<meta name=\"twitter:data2\" content=\"2 minutos\" \/>\n<script type=\"application\/ld+json\" class=\"yoast-schema-graph\">{\"@context\":\"https:\\\/\\\/schema.org\",\"@graph\":[{\"@type\":\"Article\",\"@id\":\"https:\\\/\\\/divulguems.com.br\\\/?p=20373#article\",\"isPartOf\":{\"@id\":\"https:\\\/\\\/divulguems.com.br\\\/?p=20373\"},\"author\":{\"name\":\"gestormovie\",\"@id\":\"https:\\\/\\\/divulguems.com.br\\\/#\\\/schema\\\/person\\\/85cb29f0608083b8ae66501ac547eec3\"},\"headline\":\"Campanha em escolas do DF alerta para preven\u00e7\u00e3o de desastre clim\u00e1tico\",\"datePublished\":\"2026-04-26T01:46:55+00:00\",\"mainEntityOfPage\":{\"@id\":\"https:\\\/\\\/divulguems.com.br\\\/?p=20373\"},\"wordCount\":353,\"commentCount\":0,\"publisher\":{\"@id\":\"https:\\\/\\\/divulguems.com.br\\\/#organization\"},\"image\":{\"@id\":\"https:\\\/\\\/divulguems.com.br\\\/?p=20373#primaryimage\"},\"thumbnailUrl\":\"https:\\\/\\\/divulguems.com.br\\\/wp-content\\\/uploads\\\/2026\\\/04\\\/20373-campanha-em-escolas-do-df-alerta-para-prevencao-de-desastre-climatico.jpg\",\"articleSection\":[\"Seguran\u00e7a e Justi\u00e7a\"],\"inLanguage\":\"pt-BR\",\"potentialAction\":[{\"@type\":\"CommentAction\",\"name\":\"Comment\",\"target\":[\"https:\\\/\\\/divulguems.com.br\\\/?p=20373#respond\"]}]},{\"@type\":\"WebPage\",\"@id\":\"https:\\\/\\\/divulguems.com.br\\\/?p=20373\",\"url\":\"https:\\\/\\\/divulguems.com.br\\\/?p=20373\",\"name\":\"Campanha em escolas do DF alerta para preven\u00e7\u00e3o de desastre clim\u00e1tico - Divulgue MS\",\"isPartOf\":{\"@id\":\"https:\\\/\\\/divulguems.com.br\\\/#website\"},\"primaryImageOfPage\":{\"@id\":\"https:\\\/\\\/divulguems.com.br\\\/?p=20373#primaryimage\"},\"image\":{\"@id\":\"https:\\\/\\\/divulguems.com.br\\\/?p=20373#primaryimage\"},\"thumbnailUrl\":\"https:\\\/\\\/divulguems.com.br\\\/wp-content\\\/uploads\\\/2026\\\/04\\\/20373-campanha-em-escolas-do-df-alerta-para-prevencao-de-desastre-climatico.jpg\",\"datePublished\":\"2026-04-26T01:46:55+00:00\",\"breadcrumb\":{\"@id\":\"https:\\\/\\\/divulguems.com.br\\\/?p=20373#breadcrumb\"},\"inLanguage\":\"pt-BR\",\"potentialAction\":[{\"@type\":\"ReadAction\",\"target\":[\"https:\\\/\\\/divulguems.com.br\\\/?p=20373\"]}]},{\"@type\":\"ImageObject\",\"inLanguage\":\"pt-BR\",\"@id\":\"https:\\\/\\\/divulguems.com.br\\\/?p=20373#primaryimage\",\"url\":\"https:\\\/\\\/divulguems.com.br\\\/wp-content\\\/uploads\\\/2026\\\/04\\\/20373-campanha-em-escolas-do-df-alerta-para-prevencao-de-desastre-climatico.jpg\",\"contentUrl\":\"https:\\\/\\\/divulguems.com.br\\\/wp-content\\\/uploads\\\/2026\\\/04\\\/20373-campanha-em-escolas-do-df-alerta-para-prevencao-de-desastre-climatico.jpg\",\"width\":1600,\"height\":800,\"caption\":\"Campanha em escolas do DF alerta para preven\u00e7\u00e3o de desastre clim\u00e1tico\"},{\"@type\":\"BreadcrumbList\",\"@id\":\"https:\\\/\\\/divulguems.com.br\\\/?p=20373#breadcrumb\",\"itemListElement\":[{\"@type\":\"ListItem\",\"position\":1,\"name\":\"In\u00edcio\",\"item\":\"https:\\\/\\\/divulguems.com.br\\\/\"},{\"@type\":\"ListItem\",\"position\":2,\"name\":\"Campanha em escolas do DF alerta para preven\u00e7\u00e3o de desastre clim\u00e1tico\"}]},{\"@type\":\"WebSite\",\"@id\":\"https:\\\/\\\/divulguems.com.br\\\/#website\",\"url\":\"https:\\\/\\\/divulguems.com.br\\\/\",\"name\":\"Portal Infoco Brasil\",\"description\":\"L\u00edder de audi\u00eancia.\",\"publisher\":{\"@id\":\"https:\\\/\\\/divulguems.com.br\\\/#organization\"},\"potentialAction\":[{\"@type\":\"SearchAction\",\"target\":{\"@type\":\"EntryPoint\",\"urlTemplate\":\"https:\\\/\\\/divulguems.com.br\\\/?s={search_term_string}\"},\"query-input\":{\"@type\":\"PropertyValueSpecification\",\"valueRequired\":true,\"valueName\":\"search_term_string\"}}],\"inLanguage\":\"pt-BR\"},{\"@type\":\"Organization\",\"@id\":\"https:\\\/\\\/divulguems.com.br\\\/#organization\",\"name\":\"Portal Infoco Brasil\",\"url\":\"https:\\\/\\\/divulguems.com.br\\\/\",\"logo\":{\"@type\":\"ImageObject\",\"inLanguage\":\"pt-BR\",\"@id\":\"https:\\\/\\\/divulguems.com.br\\\/#\\\/schema\\\/logo\\\/image\\\/\",\"url\":\"https:\\\/\\\/divulguems.com.br\\\/wp-content\\\/uploads\\\/2025\\\/04\\\/LOGO-PNG-AZUL.png\",\"contentUrl\":\"https:\\\/\\\/divulguems.com.br\\\/wp-content\\\/uploads\\\/2025\\\/04\\\/LOGO-PNG-AZUL.png\",\"width\":1166,\"height\":475,\"caption\":\"Portal Infoco Brasil\"},\"image\":{\"@id\":\"https:\\\/\\\/divulguems.com.br\\\/#\\\/schema\\\/logo\\\/image\\\/\"},\"sameAs\":[\"https:\\\/\\\/www.facebook.com\\\/portalinfocobrasil\",\"https:\\\/\\\/www.instagram.com\\\/portalinfocobrasil\"]},{\"@type\":\"Person\",\"@id\":\"https:\\\/\\\/divulguems.com.br\\\/#\\\/schema\\\/person\\\/85cb29f0608083b8ae66501ac547eec3\",\"name\":\"gestormovie\",\"image\":{\"@type\":\"ImageObject\",\"inLanguage\":\"pt-BR\",\"@id\":\"https:\\\/\\\/secure.gravatar.com\\\/avatar\\\/1a363cacdce58d5745359cac63cadf7cee0b34c09ab5adc6e07dafbc1ad3ceef?s=96&d=mm&r=g\",\"url\":\"https:\\\/\\\/secure.gravatar.com\\\/avatar\\\/1a363cacdce58d5745359cac63cadf7cee0b34c09ab5adc6e07dafbc1ad3ceef?s=96&d=mm&r=g\",\"contentUrl\":\"https:\\\/\\\/secure.gravatar.com\\\/avatar\\\/1a363cacdce58d5745359cac63cadf7cee0b34c09ab5adc6e07dafbc1ad3ceef?s=96&d=mm&r=g\",\"caption\":\"gestormovie\"},\"sameAs\":[\"https:\\\/\\\/divulguems.com.br\"],\"url\":\"https:\\\/\\\/divulguems.com.br\\\/?author=1\"}]}<\/script>\n<!-- \/ Yoast SEO Premium plugin. -->","yoast_head_json":{"title":"Campanha em escolas do DF alerta para preven\u00e7\u00e3o de desastre clim\u00e1tico - Divulgue MS","robots":{"index":"index","follow":"follow","max-snippet":"max-snippet:-1","max-image-preview":"max-image-preview:large","max-video-preview":"max-video-preview:-1"},"canonical":"https:\/\/divulguems.com.br\/?p=20373","og_locale":"pt_BR","og_type":"article","og_title":"Campanha em escolas do DF alerta para preven\u00e7\u00e3o de desastre clim\u00e1tico","og_description":"Alunos, educadores, comunidades e iniciativas populares da capital federal participaram, ao longo dos \u00faltimos dois dias, da 9\u00aa Campanha Nacional #AprenderParaPrevenir: Cidades sem Risco. A proposta, encabe\u00e7ada pelo Minist\u00e9rio das Cidades, inclui atividades formativas em comunidades vulner\u00e1veis com foco na educa\u00e7\u00e3o para reconhecer riscos, prevenir e agir em meio a emerg\u00eancias clim\u00e1ticas. Not\u00edcias relacionadas: Brasil [&hellip;]","og_url":"https:\/\/divulguems.com.br\/?p=20373","og_site_name":"Divulgue MS","article_publisher":"https:\/\/www.facebook.com\/portalinfocobrasil","article_published_time":"2026-04-26T01:46:55+00:00","og_image":[{"url":"https:\/\/cdn.jsdelivr.net\/gh\/sergiosdlima\/assets-ebc@1.0.0\/abr\/assets\/images\/logo-agenciabrasil.svg","type":"","width":"","height":""}],"author":"gestormovie","twitter_card":"summary_large_image","twitter_misc":{"Escrito por":"gestormovie","Est. tempo de leitura":"2 minutos"},"schema":{"@context":"https:\/\/schema.org","@graph":[{"@type":"Article","@id":"https:\/\/divulguems.com.br\/?p=20373#article","isPartOf":{"@id":"https:\/\/divulguems.com.br\/?p=20373"},"author":{"name":"gestormovie","@id":"https:\/\/divulguems.com.br\/#\/schema\/person\/85cb29f0608083b8ae66501ac547eec3"},"headline":"Campanha em escolas do DF alerta para preven\u00e7\u00e3o de desastre clim\u00e1tico","datePublished":"2026-04-26T01:46:55+00:00","mainEntityOfPage":{"@id":"https:\/\/divulguems.com.br\/?p=20373"},"wordCount":353,"commentCount":0,"publisher":{"@id":"https:\/\/divulguems.com.br\/#organization"},"image":{"@id":"https:\/\/divulguems.com.br\/?p=20373#primaryimage"},"thumbnailUrl":"https:\/\/divulguems.com.br\/wp-content\/uploads\/2026\/04\/20373-campanha-em-escolas-do-df-alerta-para-prevencao-de-desastre-climatico.jpg","articleSection":["Seguran\u00e7a e Justi\u00e7a"],"inLanguage":"pt-BR","potentialAction":[{"@type":"CommentAction","name":"Comment","target":["https:\/\/divulguems.com.br\/?p=20373#respond"]}]},{"@type":"WebPage","@id":"https:\/\/divulguems.com.br\/?p=20373","url":"https:\/\/divulguems.com.br\/?p=20373","name":"Campanha em escolas do DF alerta para preven\u00e7\u00e3o de desastre clim\u00e1tico - Divulgue MS","isPartOf":{"@id":"https:\/\/divulguems.com.br\/#website"},"primaryImageOfPage":{"@id":"https:\/\/divulguems.com.br\/?p=20373#primaryimage"},"image":{"@id":"https:\/\/divulguems.com.br\/?p=20373#primaryimage"},"thumbnailUrl":"https:\/\/divulguems.com.br\/wp-content\/uploads\/2026\/04\/20373-campanha-em-escolas-do-df-alerta-para-prevencao-de-desastre-climatico.jpg","datePublished":"2026-04-26T01:46:55+00:00","breadcrumb":{"@id":"https:\/\/divulguems.com.br\/?p=20373#breadcrumb"},"inLanguage":"pt-BR","potentialAction":[{"@type":"ReadAction","target":["https:\/\/divulguems.com.br\/?p=20373"]}]},{"@type":"ImageObject","inLanguage":"pt-BR","@id":"https:\/\/divulguems.com.br\/?p=20373#primaryimage","url":"https:\/\/divulguems.com.br\/wp-content\/uploads\/2026\/04\/20373-campanha-em-escolas-do-df-alerta-para-prevencao-de-desastre-climatico.jpg","contentUrl":"https:\/\/divulguems.com.br\/wp-content\/uploads\/2026\/04\/20373-campanha-em-escolas-do-df-alerta-para-prevencao-de-desastre-climatico.jpg","width":1600,"height":800,"caption":"Campanha em escolas do DF alerta para preven\u00e7\u00e3o de desastre clim\u00e1tico"},{"@type":"BreadcrumbList","@id":"https:\/\/divulguems.com.br\/?p=20373#breadcrumb","itemListElement":[{"@type":"ListItem","position":1,"name":"In\u00edcio","item":"https:\/\/divulguems.com.br\/"},{"@type":"ListItem","position":2,"name":"Campanha em escolas do DF alerta para preven\u00e7\u00e3o de desastre clim\u00e1tico"}]},{"@type":"WebSite","@id":"https:\/\/divulguems.com.br\/#website","url":"https:\/\/divulguems.com.br\/","name":"Portal Infoco Brasil","description":"L\u00edder de audi\u00eancia.","publisher":{"@id":"https:\/\/divulguems.com.br\/#organization"},"potentialAction":[{"@type":"SearchAction","target":{"@type":"EntryPoint","urlTemplate":"https:\/\/divulguems.com.br\/?s={search_term_string}"},"query-input":{"@type":"PropertyValueSpecification","valueRequired":true,"valueName":"search_term_string"}}],"inLanguage":"pt-BR"},{"@type":"Organization","@id":"https:\/\/divulguems.com.br\/#organization","name":"Portal Infoco Brasil","url":"https:\/\/divulguems.com.br\/","logo":{"@type":"ImageObject","inLanguage":"pt-BR","@id":"https:\/\/divulguems.com.br\/#\/schema\/logo\/image\/","url":"https:\/\/divulguems.com.br\/wp-content\/uploads\/2025\/04\/LOGO-PNG-AZUL.png","contentUrl":"https:\/\/divulguems.com.br\/wp-content\/uploads\/2025\/04\/LOGO-PNG-AZUL.png","width":1166,"height":475,"caption":"Portal Infoco Brasil"},"image":{"@id":"https:\/\/divulguems.com.br\/#\/schema\/logo\/image\/"},"sameAs":["https:\/\/www.facebook.com\/portalinfocobrasil","https:\/\/www.instagram.com\/portalinfocobrasil"]},{"@type":"Person","@id":"https:\/\/divulguems.com.br\/#\/schema\/person\/85cb29f0608083b8ae66501ac547eec3","name":"gestormovie","image":{"@type":"ImageObject","inLanguage":"pt-BR","@id":"https:\/\/secure.gravatar.com\/avatar\/1a363cacdce58d5745359cac63cadf7cee0b34c09ab5adc6e07dafbc1ad3ceef?s=96&d=mm&r=g","url":"https:\/\/secure.gravatar.com\/avatar\/1a363cacdce58d5745359cac63cadf7cee0b34c09ab5adc6e07dafbc1ad3ceef?s=96&d=mm&r=g","contentUrl":"https:\/\/secure.gravatar.com\/avatar\/1a363cacdce58d5745359cac63cadf7cee0b34c09ab5adc6e07dafbc1ad3ceef?s=96&d=mm&r=g","caption":"gestormovie"},"sameAs":["https:\/\/divulguems.com.br"],"url":"https:\/\/divulguems.com.br\/?author=1"}]}},"_links":{"self":[{"href":"https:\/\/divulguems.com.br\/index.php?rest_route=\/wp\/v2\/posts\/20373","targetHints":{"allow":["GET"]}}],"collection":[{"href":"https:\/\/divulguems.com.br\/index.php?rest_route=\/wp\/v2\/posts"}],"about":[{"href":"https:\/\/divulguems.com.br\/index.php?rest_route=\/wp\/v2\/types\/post"}],"author":[{"embeddable":true,"href":"https:\/\/divulguems.com.br\/index.php?rest_route=\/wp\/v2\/users\/1"}],"replies":[{"embeddable":true,"href":"https:\/\/divulguems.com.br\/index.php?rest_route=%2Fwp%2Fv2%2Fcomments&post=20373"}],"version-history":[{"count":0,"href":"https:\/\/divulguems.com.br\/index.php?rest_route=\/wp\/v2\/posts\/20373\/revisions"}],"wp:featuredmedia":[{"embeddable":true,"href":"https:\/\/divulguems.com.br\/index.php?rest_route=\/wp\/v2\/media\/20374"}],"wp:attachment":[{"href":"https:\/\/divulguems.com.br\/index.php?rest_route=%2Fwp%2Fv2%2Fmedia&parent=20373"}],"wp:term":[{"taxonomy":"category","embeddable":true,"href":"https:\/\/divulguems.com.br\/index.php?rest_route=%2Fwp%2Fv2%2Fcategories&post=20373"},{"taxonomy":"post_tag","embeddable":true,"href":"https:\/\/divulguems.com.br\/index.php?rest_route=%2Fwp%2Fv2%2Ftags&post=20373"}],"curies":[{"name":"wp","href":"https:\/\/api.w.org\/{rel}","templated":true}]}}