{"id":20375,"date":"2026-04-25T21:46:56","date_gmt":"2026-04-26T01:46:56","guid":{"rendered":"https:\/\/divulguems.com.br\/?p=20375"},"modified":"2026-04-25T21:46:56","modified_gmt":"2026-04-26T01:46:56","slug":"pm-acusada-de-matar-mulher-e-suspensa-e-vai-cumprir-medidas-cautelares","status":"publish","type":"post","link":"https:\/\/divulguems.com.br\/?p=20375","title":{"rendered":"PM acusada de matar mulher \u00e9 suspensa e vai cumprir medidas cautelares"},"content":{"rendered":"<\/p>\n<p><a class=\"\" href=\"https:\/\/agenciabrasil.ebc.com.br\/radioagencia-nacional\/seguranca\/audio\/2026-04\/pm-acusada-de-matar-mulher-e-suspensa-e-vai-cumprir-medidas-cautelares\"><br \/>\n                    <img decoding=\"async\" src=\"https:\/\/cdn.jsdelivr.net\/gh\/sergiosdlima\/assets-ebc@1.0.0\/abr\/assets\/images\/logo-agenciabrasil.svg\" alt=\"Logo Ag\u00eancia Brasil\"><br \/>\n\t\t\t\t<\/a><\/p>\n<p>A policial militar Yasmin Ferreira, que atirou e matou Thawanna Salm\u00e1zio, em uma abordagem policial na zona leste de S\u00e3o Paulo, este m\u00eas, foi suspensa da corpora\u00e7\u00e3o, por decis\u00e3o da Justi\u00e7a, e ter\u00e1 que cumprir restri\u00e7\u00f5es.<img decoding=\"async\" src=\"https:\/\/agenciabrasil.ebc.com.br\/ebc.png?id=1687134&#038;o=rss\"><img decoding=\"async\" src=\"https:\/\/agenciabrasil.ebc.com.br\/ebc.gif?id=1687134&#038;o=rss\"><\/p>\n<p>Ela n\u00e3o poder\u00e1 portar arma de fogo, manter contato com testemunhas e parentes da v\u00edtima, nem deixar a regi\u00e3o sem autoriza\u00e7\u00e3o judicial pr\u00e9via. Dever\u00e1 ainda ficar recolhida em seu domic\u00edlio das 22h \u00e0s 5h.<\/p>\n<\/p>\n<h3>Not\u00edcias relacionadas:<\/h3>\n<ul>\n<li><a href=\"https:\/\/agenciabrasil.ebc.com.br\/justica\/noticia\/2026-04\/pm-que-atirou-e-matou-mulher-em-sp-e-suspensa-da-funcao\">PM que atirou e matou mulher em SP \u00e9 suspensa da fun\u00e7\u00e3o .<\/a><\/li>\n<li><a href=\"https:\/\/agenciabrasil.ebc.com.br\/direitos-humanos\/noticia\/2026-04\/ouvidoria-da-policia-pede-apuracao-da-morte-de-mulher-baleada-por-pm\">Ouvidoria da Pol\u00edcia pede apura\u00e7\u00e3o da morte de mulher baleada por PM.<\/a><\/li>\n<li><a href=\"https:\/\/agenciabrasil.ebc.com.br\/justica\/noticia\/2026-04\/mp-de-sao-paulo-vai-investigar-morte-de-mulher-baleada-pela-pm\">MP de S\u00e3o Paulo vai investigar morte de mulher baleada pela PM.<\/a><\/li>\n<\/ul>\n<p>Segundo a decis\u00e3o do magistrado Ant\u00f4nio Carlos Ponte de Souza, do Tribunal de Justi\u00e7a paulista,\u00a0existem provas de materialidade e ind\u00edcios suficientes de autoria da conduta criminosa, marcada por impulsividade, descontrole emocional e a desproporcionalidade.<\/p>\n<p>O crime aconteceu na noite do dia 3 de abril, quando a policial Yasmin Ferreira, de 21 anos, e outro agente circulavam com a viatura pelas ruas do bairro Cidade Tiradentes, na capital paulista.<\/p>\n<p>Segundo informa\u00e7\u00f5es do companheiro da v\u00edtima, ele e Thawanna andavam na rua, quando ele desequilibrou e bateu com o bra\u00e7o no retrovisor da viatura da PM, que parou para averiguar a situa\u00e7\u00e3o. Houve um princ\u00edpio de confus\u00e3o e os agentes afirmaram que tiveram de usar for\u00e7a para deter o casal.<\/p>\n<p>A policial Yasmin Ferreira desceu da viatura e, ap\u00f3s discutir com Thawanna, fez o disparo. A v\u00edtima morreu menos de uma hora depois, num hospital da regi\u00e3o. Thawanna Salm\u00e1zio, tinha 31 anos e deixou cinco\u00a0filhos.<\/p>\n<p>Em nota, a Secretaria Estadual de Seguran\u00e7a P\u00fablica disse que todas as circunst\u00e2ncias do caso est\u00e3o sendo investigadas \u201ccom prioridade\u201d pelo Departamento de Homic\u00eddios e de Prote\u00e7\u00e3o \u00e0 Pessoa e por meio de Inqu\u00e9rito Policial Militar, com acompanhamento das corregedorias das institui\u00e7\u00f5es envolvidas.<\/p>\n<p>Tamb\u00e9m o\u00a0Minist\u00e9rio P\u00fablico e a ouvidoria da Pol\u00edcia Militar de S\u00e3o Paulo investigam o caso.<\/p>\n<p><em>*Com informa\u00e7\u00f5es da Ag\u00eancia Brasil.<\/em><\/p>\n<p>\u00a0<\/p>\n<p>  <span class=\"hms hms-format-m-ss\">2:15<\/span><\/p>\n","protected":false},"excerpt":{"rendered":"<p>A policial militar Yasmin Ferreira, que atirou e matou Thawanna Salm\u00e1zio, em uma abordagem policial na zona leste de S\u00e3o Paulo, este m\u00eas, foi suspensa da corpora\u00e7\u00e3o, por decis\u00e3o da Justi\u00e7a, e ter\u00e1 que cumprir restri\u00e7\u00f5es. Ela n\u00e3o poder\u00e1 portar arma de fogo, manter contato com testemunhas e parentes da v\u00edtima, nem deixar a regi\u00e3o [&hellip;]<\/p>\n","protected":false},"author":1,"featured_media":20376,"comment_status":"open","ping_status":"open","sticky":false,"template":"","format":"standard","meta":{"site-sidebar-layout":"default","site-content-layout":"","ast-site-content-layout":"default","site-content-style":"default","site-sidebar-style":"default","ast-global-header-display":"","ast-banner-title-visibility":"","ast-main-header-display":"","ast-hfb-above-header-display":"","ast-hfb-below-header-display":"","ast-hfb-mobile-header-display":"","site-post-title":"","ast-breadcrumbs-content":"","ast-featured-img":"","footer-sml-layout":"","ast-disable-related-posts":"","theme-transparent-header-meta":"","adv-header-id-meta":"","stick-header-meta":"","header-above-stick-meta":"","header-main-stick-meta":"","header-below-stick-meta":"","astra-migrate-meta-layouts":"default","ast-page-background-enabled":"default","ast-page-background-meta":{"desktop":{"background-color":"var(--ast-global-color-4)","background-image":"","background-repeat":"repeat","background-position":"center center","background-size":"auto","background-attachment":"scroll","background-type":"","background-media":"","overlay-type":"","overlay-color":"","overlay-opacity":"","overlay-gradient":""},"tablet":{"background-color":"","background-image":"","background-repeat":"repeat","background-position":"center center","background-size":"auto","background-attachment":"scroll","background-type":"","background-media":"","overlay-type":"","overlay-color":"","overlay-opacity":"","overlay-gradient":""},"mobile":{"background-color":"","background-image":"","background-repeat":"repeat","background-position":"center center","background-size":"auto","background-attachment":"scroll","background-type":"","background-media":"","overlay-type":"","overlay-color":"","overlay-opacity":"","overlay-gradient":""}},"ast-content-background-meta":{"desktop":{"background-color":"var(--ast-global-color-5)","background-image":"","background-repeat":"repeat","background-position":"center center","background-size":"auto","background-attachment":"scroll","background-type":"","background-media":"","overlay-type":"","overlay-color":"","overlay-opacity":"","overlay-gradient":""},"tablet":{"background-color":"var(--ast-global-color-5)","background-image":"","background-repeat":"repeat","background-position":"center center","background-size":"auto","background-attachment":"scroll","background-type":"","background-media":"","overlay-type":"","overlay-color":"","overlay-opacity":"","overlay-gradient":""},"mobile":{"background-color":"var(--ast-global-color-5)","background-image":"","background-repeat":"repeat","background-position":"center center","background-size":"auto","background-attachment":"scroll","background-type":"","background-media":"","overlay-type":"","overlay-color":"","overlay-opacity":"","overlay-gradient":""}},"footnotes":""},"categories":[4],"tags":[],"class_list":["post-20375","post","type-post","status-publish","format-standard","has-post-thumbnail","hentry","category-politica"],"yoast_head":"<!-- This site is optimized with the Yoast SEO Premium plugin v23.6 (Yoast SEO v27.4) - https:\/\/yoast.com\/product\/yoast-seo-premium-wordpress\/ -->\n<title>PM acusada de matar mulher \u00e9 suspensa e vai cumprir medidas cautelares - Divulgue MS<\/title>\n<meta name=\"robots\" content=\"index, follow, max-snippet:-1, max-image-preview:large, max-video-preview:-1\" \/>\n<link rel=\"canonical\" href=\"https:\/\/divulguems.com.br\/?p=20375\" \/>\n<meta property=\"og:locale\" content=\"pt_BR\" \/>\n<meta property=\"og:type\" content=\"article\" \/>\n<meta property=\"og:title\" content=\"PM acusada de matar mulher \u00e9 suspensa e vai cumprir medidas cautelares\" \/>\n<meta property=\"og:description\" content=\"A policial militar Yasmin Ferreira, que atirou e matou Thawanna Salm\u00e1zio, em uma abordagem policial na zona leste de S\u00e3o Paulo, este m\u00eas, foi suspensa da corpora\u00e7\u00e3o, por decis\u00e3o da Justi\u00e7a, e ter\u00e1 que cumprir restri\u00e7\u00f5es. Ela n\u00e3o poder\u00e1 portar arma de fogo, manter contato com testemunhas e parentes da v\u00edtima, nem deixar a regi\u00e3o [&hellip;]\" \/>\n<meta property=\"og:url\" content=\"https:\/\/divulguems.com.br\/?p=20375\" \/>\n<meta property=\"og:site_name\" content=\"Divulgue MS\" \/>\n<meta property=\"article:publisher\" content=\"https:\/\/www.facebook.com\/portalinfocobrasil\" \/>\n<meta property=\"article:published_time\" content=\"2026-04-26T01:46:56+00:00\" \/>\n<meta property=\"og:image\" content=\"https:\/\/cdn.jsdelivr.net\/gh\/sergiosdlima\/assets-ebc@1.0.0\/abr\/assets\/images\/logo-agenciabrasil.svg\" \/>\n<meta name=\"author\" content=\"gestormovie\" \/>\n<meta name=\"twitter:card\" content=\"summary_large_image\" \/>\n<meta name=\"twitter:label1\" content=\"Escrito por\" \/>\n\t<meta name=\"twitter:data1\" content=\"gestormovie\" \/>\n\t<meta name=\"twitter:label2\" content=\"Est. tempo de leitura\" \/>\n\t<meta name=\"twitter:data2\" content=\"2 minutos\" \/>\n<script type=\"application\/ld+json\" class=\"yoast-schema-graph\">{\"@context\":\"https:\\\/\\\/schema.org\",\"@graph\":[{\"@type\":\"Article\",\"@id\":\"https:\\\/\\\/divulguems.com.br\\\/?p=20375#article\",\"isPartOf\":{\"@id\":\"https:\\\/\\\/divulguems.com.br\\\/?p=20375\"},\"author\":{\"name\":\"gestormovie\",\"@id\":\"https:\\\/\\\/divulguems.com.br\\\/#\\\/schema\\\/person\\\/85cb29f0608083b8ae66501ac547eec3\"},\"headline\":\"PM acusada de matar mulher \u00e9 suspensa e vai cumprir medidas cautelares\",\"datePublished\":\"2026-04-26T01:46:56+00:00\",\"mainEntityOfPage\":{\"@id\":\"https:\\\/\\\/divulguems.com.br\\\/?p=20375\"},\"wordCount\":381,\"commentCount\":0,\"publisher\":{\"@id\":\"https:\\\/\\\/divulguems.com.br\\\/#organization\"},\"image\":{\"@id\":\"https:\\\/\\\/divulguems.com.br\\\/?p=20375#primaryimage\"},\"thumbnailUrl\":\"https:\\\/\\\/divulguems.com.br\\\/wp-content\\\/uploads\\\/2026\\\/04\\\/20375-pm-acusada-de-matar-mulher-e-suspensa-e-vai-cumprir-medidas-cautelares.jpg\",\"articleSection\":[\"Pol\u00edtica\"],\"inLanguage\":\"pt-BR\",\"potentialAction\":[{\"@type\":\"CommentAction\",\"name\":\"Comment\",\"target\":[\"https:\\\/\\\/divulguems.com.br\\\/?p=20375#respond\"]}]},{\"@type\":\"WebPage\",\"@id\":\"https:\\\/\\\/divulguems.com.br\\\/?p=20375\",\"url\":\"https:\\\/\\\/divulguems.com.br\\\/?p=20375\",\"name\":\"PM acusada de matar mulher \u00e9 suspensa e vai cumprir medidas cautelares - Divulgue MS\",\"isPartOf\":{\"@id\":\"https:\\\/\\\/divulguems.com.br\\\/#website\"},\"primaryImageOfPage\":{\"@id\":\"https:\\\/\\\/divulguems.com.br\\\/?p=20375#primaryimage\"},\"image\":{\"@id\":\"https:\\\/\\\/divulguems.com.br\\\/?p=20375#primaryimage\"},\"thumbnailUrl\":\"https:\\\/\\\/divulguems.com.br\\\/wp-content\\\/uploads\\\/2026\\\/04\\\/20375-pm-acusada-de-matar-mulher-e-suspensa-e-vai-cumprir-medidas-cautelares.jpg\",\"datePublished\":\"2026-04-26T01:46:56+00:00\",\"breadcrumb\":{\"@id\":\"https:\\\/\\\/divulguems.com.br\\\/?p=20375#breadcrumb\"},\"inLanguage\":\"pt-BR\",\"potentialAction\":[{\"@type\":\"ReadAction\",\"target\":[\"https:\\\/\\\/divulguems.com.br\\\/?p=20375\"]}]},{\"@type\":\"ImageObject\",\"inLanguage\":\"pt-BR\",\"@id\":\"https:\\\/\\\/divulguems.com.br\\\/?p=20375#primaryimage\",\"url\":\"https:\\\/\\\/divulguems.com.br\\\/wp-content\\\/uploads\\\/2026\\\/04\\\/20375-pm-acusada-de-matar-mulher-e-suspensa-e-vai-cumprir-medidas-cautelares.jpg\",\"contentUrl\":\"https:\\\/\\\/divulguems.com.br\\\/wp-content\\\/uploads\\\/2026\\\/04\\\/20375-pm-acusada-de-matar-mulher-e-suspensa-e-vai-cumprir-medidas-cautelares.jpg\",\"width\":1600,\"height\":800,\"caption\":\"PM acusada de matar mulher \u00e9 suspensa e vai cumprir medidas cautelares\"},{\"@type\":\"BreadcrumbList\",\"@id\":\"https:\\\/\\\/divulguems.com.br\\\/?p=20375#breadcrumb\",\"itemListElement\":[{\"@type\":\"ListItem\",\"position\":1,\"name\":\"In\u00edcio\",\"item\":\"https:\\\/\\\/divulguems.com.br\\\/\"},{\"@type\":\"ListItem\",\"position\":2,\"name\":\"PM acusada de matar mulher \u00e9 suspensa e vai cumprir medidas cautelares\"}]},{\"@type\":\"WebSite\",\"@id\":\"https:\\\/\\\/divulguems.com.br\\\/#website\",\"url\":\"https:\\\/\\\/divulguems.com.br\\\/\",\"name\":\"Portal Infoco Brasil\",\"description\":\"L\u00edder de audi\u00eancia.\",\"publisher\":{\"@id\":\"https:\\\/\\\/divulguems.com.br\\\/#organization\"},\"potentialAction\":[{\"@type\":\"SearchAction\",\"target\":{\"@type\":\"EntryPoint\",\"urlTemplate\":\"https:\\\/\\\/divulguems.com.br\\\/?s={search_term_string}\"},\"query-input\":{\"@type\":\"PropertyValueSpecification\",\"valueRequired\":true,\"valueName\":\"search_term_string\"}}],\"inLanguage\":\"pt-BR\"},{\"@type\":\"Organization\",\"@id\":\"https:\\\/\\\/divulguems.com.br\\\/#organization\",\"name\":\"Portal Infoco Brasil\",\"url\":\"https:\\\/\\\/divulguems.com.br\\\/\",\"logo\":{\"@type\":\"ImageObject\",\"inLanguage\":\"pt-BR\",\"@id\":\"https:\\\/\\\/divulguems.com.br\\\/#\\\/schema\\\/logo\\\/image\\\/\",\"url\":\"https:\\\/\\\/divulguems.com.br\\\/wp-content\\\/uploads\\\/2025\\\/04\\\/LOGO-PNG-AZUL.png\",\"contentUrl\":\"https:\\\/\\\/divulguems.com.br\\\/wp-content\\\/uploads\\\/2025\\\/04\\\/LOGO-PNG-AZUL.png\",\"width\":1166,\"height\":475,\"caption\":\"Portal Infoco Brasil\"},\"image\":{\"@id\":\"https:\\\/\\\/divulguems.com.br\\\/#\\\/schema\\\/logo\\\/image\\\/\"},\"sameAs\":[\"https:\\\/\\\/www.facebook.com\\\/portalinfocobrasil\",\"https:\\\/\\\/www.instagram.com\\\/portalinfocobrasil\"]},{\"@type\":\"Person\",\"@id\":\"https:\\\/\\\/divulguems.com.br\\\/#\\\/schema\\\/person\\\/85cb29f0608083b8ae66501ac547eec3\",\"name\":\"gestormovie\",\"image\":{\"@type\":\"ImageObject\",\"inLanguage\":\"pt-BR\",\"@id\":\"https:\\\/\\\/secure.gravatar.com\\\/avatar\\\/1a363cacdce58d5745359cac63cadf7cee0b34c09ab5adc6e07dafbc1ad3ceef?s=96&d=mm&r=g\",\"url\":\"https:\\\/\\\/secure.gravatar.com\\\/avatar\\\/1a363cacdce58d5745359cac63cadf7cee0b34c09ab5adc6e07dafbc1ad3ceef?s=96&d=mm&r=g\",\"contentUrl\":\"https:\\\/\\\/secure.gravatar.com\\\/avatar\\\/1a363cacdce58d5745359cac63cadf7cee0b34c09ab5adc6e07dafbc1ad3ceef?s=96&d=mm&r=g\",\"caption\":\"gestormovie\"},\"sameAs\":[\"https:\\\/\\\/divulguems.com.br\"],\"url\":\"https:\\\/\\\/divulguems.com.br\\\/?author=1\"}]}<\/script>\n<!-- \/ Yoast SEO Premium plugin. -->","yoast_head_json":{"title":"PM acusada de matar mulher \u00e9 suspensa e vai cumprir medidas cautelares - Divulgue MS","robots":{"index":"index","follow":"follow","max-snippet":"max-snippet:-1","max-image-preview":"max-image-preview:large","max-video-preview":"max-video-preview:-1"},"canonical":"https:\/\/divulguems.com.br\/?p=20375","og_locale":"pt_BR","og_type":"article","og_title":"PM acusada de matar mulher \u00e9 suspensa e vai cumprir medidas cautelares","og_description":"A policial militar Yasmin Ferreira, que atirou e matou Thawanna Salm\u00e1zio, em uma abordagem policial na zona leste de S\u00e3o Paulo, este m\u00eas, foi suspensa da corpora\u00e7\u00e3o, por decis\u00e3o da Justi\u00e7a, e ter\u00e1 que cumprir restri\u00e7\u00f5es. Ela n\u00e3o poder\u00e1 portar arma de fogo, manter contato com testemunhas e parentes da v\u00edtima, nem deixar a regi\u00e3o [&hellip;]","og_url":"https:\/\/divulguems.com.br\/?p=20375","og_site_name":"Divulgue MS","article_publisher":"https:\/\/www.facebook.com\/portalinfocobrasil","article_published_time":"2026-04-26T01:46:56+00:00","og_image":[{"url":"https:\/\/cdn.jsdelivr.net\/gh\/sergiosdlima\/assets-ebc@1.0.0\/abr\/assets\/images\/logo-agenciabrasil.svg","type":"","width":"","height":""}],"author":"gestormovie","twitter_card":"summary_large_image","twitter_misc":{"Escrito por":"gestormovie","Est. tempo de leitura":"2 minutos"},"schema":{"@context":"https:\/\/schema.org","@graph":[{"@type":"Article","@id":"https:\/\/divulguems.com.br\/?p=20375#article","isPartOf":{"@id":"https:\/\/divulguems.com.br\/?p=20375"},"author":{"name":"gestormovie","@id":"https:\/\/divulguems.com.br\/#\/schema\/person\/85cb29f0608083b8ae66501ac547eec3"},"headline":"PM acusada de matar mulher \u00e9 suspensa e vai cumprir medidas cautelares","datePublished":"2026-04-26T01:46:56+00:00","mainEntityOfPage":{"@id":"https:\/\/divulguems.com.br\/?p=20375"},"wordCount":381,"commentCount":0,"publisher":{"@id":"https:\/\/divulguems.com.br\/#organization"},"image":{"@id":"https:\/\/divulguems.com.br\/?p=20375#primaryimage"},"thumbnailUrl":"https:\/\/divulguems.com.br\/wp-content\/uploads\/2026\/04\/20375-pm-acusada-de-matar-mulher-e-suspensa-e-vai-cumprir-medidas-cautelares.jpg","articleSection":["Pol\u00edtica"],"inLanguage":"pt-BR","potentialAction":[{"@type":"CommentAction","name":"Comment","target":["https:\/\/divulguems.com.br\/?p=20375#respond"]}]},{"@type":"WebPage","@id":"https:\/\/divulguems.com.br\/?p=20375","url":"https:\/\/divulguems.com.br\/?p=20375","name":"PM acusada de matar mulher \u00e9 suspensa e vai cumprir medidas cautelares - Divulgue MS","isPartOf":{"@id":"https:\/\/divulguems.com.br\/#website"},"primaryImageOfPage":{"@id":"https:\/\/divulguems.com.br\/?p=20375#primaryimage"},"image":{"@id":"https:\/\/divulguems.com.br\/?p=20375#primaryimage"},"thumbnailUrl":"https:\/\/divulguems.com.br\/wp-content\/uploads\/2026\/04\/20375-pm-acusada-de-matar-mulher-e-suspensa-e-vai-cumprir-medidas-cautelares.jpg","datePublished":"2026-04-26T01:46:56+00:00","breadcrumb":{"@id":"https:\/\/divulguems.com.br\/?p=20375#breadcrumb"},"inLanguage":"pt-BR","potentialAction":[{"@type":"ReadAction","target":["https:\/\/divulguems.com.br\/?p=20375"]}]},{"@type":"ImageObject","inLanguage":"pt-BR","@id":"https:\/\/divulguems.com.br\/?p=20375#primaryimage","url":"https:\/\/divulguems.com.br\/wp-content\/uploads\/2026\/04\/20375-pm-acusada-de-matar-mulher-e-suspensa-e-vai-cumprir-medidas-cautelares.jpg","contentUrl":"https:\/\/divulguems.com.br\/wp-content\/uploads\/2026\/04\/20375-pm-acusada-de-matar-mulher-e-suspensa-e-vai-cumprir-medidas-cautelares.jpg","width":1600,"height":800,"caption":"PM acusada de matar mulher \u00e9 suspensa e vai cumprir medidas cautelares"},{"@type":"BreadcrumbList","@id":"https:\/\/divulguems.com.br\/?p=20375#breadcrumb","itemListElement":[{"@type":"ListItem","position":1,"name":"In\u00edcio","item":"https:\/\/divulguems.com.br\/"},{"@type":"ListItem","position":2,"name":"PM acusada de matar mulher \u00e9 suspensa e vai cumprir medidas cautelares"}]},{"@type":"WebSite","@id":"https:\/\/divulguems.com.br\/#website","url":"https:\/\/divulguems.com.br\/","name":"Portal Infoco Brasil","description":"L\u00edder de audi\u00eancia.","publisher":{"@id":"https:\/\/divulguems.com.br\/#organization"},"potentialAction":[{"@type":"SearchAction","target":{"@type":"EntryPoint","urlTemplate":"https:\/\/divulguems.com.br\/?s={search_term_string}"},"query-input":{"@type":"PropertyValueSpecification","valueRequired":true,"valueName":"search_term_string"}}],"inLanguage":"pt-BR"},{"@type":"Organization","@id":"https:\/\/divulguems.com.br\/#organization","name":"Portal Infoco Brasil","url":"https:\/\/divulguems.com.br\/","logo":{"@type":"ImageObject","inLanguage":"pt-BR","@id":"https:\/\/divulguems.com.br\/#\/schema\/logo\/image\/","url":"https:\/\/divulguems.com.br\/wp-content\/uploads\/2025\/04\/LOGO-PNG-AZUL.png","contentUrl":"https:\/\/divulguems.com.br\/wp-content\/uploads\/2025\/04\/LOGO-PNG-AZUL.png","width":1166,"height":475,"caption":"Portal Infoco Brasil"},"image":{"@id":"https:\/\/divulguems.com.br\/#\/schema\/logo\/image\/"},"sameAs":["https:\/\/www.facebook.com\/portalinfocobrasil","https:\/\/www.instagram.com\/portalinfocobrasil"]},{"@type":"Person","@id":"https:\/\/divulguems.com.br\/#\/schema\/person\/85cb29f0608083b8ae66501ac547eec3","name":"gestormovie","image":{"@type":"ImageObject","inLanguage":"pt-BR","@id":"https:\/\/secure.gravatar.com\/avatar\/1a363cacdce58d5745359cac63cadf7cee0b34c09ab5adc6e07dafbc1ad3ceef?s=96&d=mm&r=g","url":"https:\/\/secure.gravatar.com\/avatar\/1a363cacdce58d5745359cac63cadf7cee0b34c09ab5adc6e07dafbc1ad3ceef?s=96&d=mm&r=g","contentUrl":"https:\/\/secure.gravatar.com\/avatar\/1a363cacdce58d5745359cac63cadf7cee0b34c09ab5adc6e07dafbc1ad3ceef?s=96&d=mm&r=g","caption":"gestormovie"},"sameAs":["https:\/\/divulguems.com.br"],"url":"https:\/\/divulguems.com.br\/?author=1"}]}},"_links":{"self":[{"href":"https:\/\/divulguems.com.br\/index.php?rest_route=\/wp\/v2\/posts\/20375","targetHints":{"allow":["GET"]}}],"collection":[{"href":"https:\/\/divulguems.com.br\/index.php?rest_route=\/wp\/v2\/posts"}],"about":[{"href":"https:\/\/divulguems.com.br\/index.php?rest_route=\/wp\/v2\/types\/post"}],"author":[{"embeddable":true,"href":"https:\/\/divulguems.com.br\/index.php?rest_route=\/wp\/v2\/users\/1"}],"replies":[{"embeddable":true,"href":"https:\/\/divulguems.com.br\/index.php?rest_route=%2Fwp%2Fv2%2Fcomments&post=20375"}],"version-history":[{"count":0,"href":"https:\/\/divulguems.com.br\/index.php?rest_route=\/wp\/v2\/posts\/20375\/revisions"}],"wp:featuredmedia":[{"embeddable":true,"href":"https:\/\/divulguems.com.br\/index.php?rest_route=\/wp\/v2\/media\/20376"}],"wp:attachment":[{"href":"https:\/\/divulguems.com.br\/index.php?rest_route=%2Fwp%2Fv2%2Fmedia&parent=20375"}],"wp:term":[{"taxonomy":"category","embeddable":true,"href":"https:\/\/divulguems.com.br\/index.php?rest_route=%2Fwp%2Fv2%2Fcategories&post=20375"},{"taxonomy":"post_tag","embeddable":true,"href":"https:\/\/divulguems.com.br\/index.php?rest_route=%2Fwp%2Fv2%2Ftags&post=20375"}],"curies":[{"name":"wp","href":"https:\/\/api.w.org\/{rel}","templated":true}]}}