{"id":20383,"date":"2026-04-25T21:47:02","date_gmt":"2026-04-26T01:47:02","guid":{"rendered":"https:\/\/divulguems.com.br\/?p=20383"},"modified":"2026-04-25T21:47:02","modified_gmt":"2026-04-26T01:47:02","slug":"vacinacao-nas-escolas-segue-ate-dia-30-e-meta-e-imunizar-27-milhoes","status":"publish","type":"post","link":"https:\/\/divulguems.com.br\/?p=20383","title":{"rendered":"Vacina\u00e7\u00e3o nas escolas segue at\u00e9 dia 30 e meta \u00e9 imunizar 27 milh\u00f5es"},"content":{"rendered":"<\/p>\n<p><a class=\"\" href=\"https:\/\/agenciabrasil.ebc.com.br\/saude\/noticia\/2026-04\/vacinacao-nas-escolas-segue-ate-dia-30-e-meta-e-imunizar-27-milhoes\"><br \/>\n                    <img decoding=\"async\" src=\"https:\/\/cdn.jsdelivr.net\/gh\/sergiosdlima\/assets-ebc@1.0.0\/abr\/assets\/images\/logo-agenciabrasil.svg\" alt=\"Logo Ag\u00eancia Brasil\"><br \/>\n\t\t\t\t<\/a><\/p>\n<p>A <a href=\"https:\/\/www.gov.br\/saude\/pt-br\/campanhas-da-saude\/2026\/vacinacao-nas-escolas\" target=\"_blank\">Semana de Vacina\u00e7\u00e3o nas Escolas<\/a> tem meta de imunizar 27 milh\u00f5es de estudantes de escolas p\u00fablicas do pa\u00eds at\u00e9 a pr\u00f3xima quinta-feira (30). A campanha que come\u00e7ou nesta sexta-feira (24) visa atualizar a caderneta de vacina\u00e7\u00e3o de crian\u00e7as e adolescentes de 9 meses a 15 anos com a oferta de seis tipos de imunizantes.<img decoding=\"async\" src=\"https:\/\/agenciabrasil.ebc.com.br\/ebc.png?id=1687213&#038;o=rss\"><img decoding=\"async\" src=\"https:\/\/agenciabrasil.ebc.com.br\/ebc.gif?id=1687213&#038;o=rss\"><\/p>\n<p>As vacinas ofertadas s\u00e3o: HPV, febre amarela, tr\u00edplice viral, tr\u00edplice bacteriana (DTP), meningoc\u00f3cica ACWY e covid-19. A estrat\u00e9gia tamb\u00e9m inclui a vacina\u00e7\u00e3o contra o HPV para jovens de 15 a 19 anos que ainda n\u00e3o se imunizaram.<\/p>\n<\/p>\n<h3>Not\u00edcias relacionadas:<\/h3>\n<ul>\n<li><a href=\"https:\/\/agenciabrasil.ebc.com.br\/saude\/noticia\/2026-04\/butantan-busca-voluntarios-para-teste-de-vacina-da-gripe-para-idosos\">Butantan busca volunt\u00e1rios para teste de vacina da gripe para idosos.<\/a><\/li>\n<li><a href=\"https:\/\/agenciabrasil.ebc.com.br\/saude\/noticia\/2026-04\/semana-de-vacinacao-nas-americas-comeca-no-sabado\">Semana de Vacina\u00e7\u00e3o nas Am\u00e9ricas come\u00e7a no s\u00e1bado.<\/a><\/li>\n<li><a href=\"https:\/\/agenciabrasil.ebc.com.br\/saude\/noticia\/2026-04\/estado-de-sao-paulo-tem-mais-duas-mortes-por-febre-amarela\">Estado de S\u00e3o Paulo tem mais duas mortes por febre amarela.<\/a><\/li>\n<\/ul>\n<p>A vacina\u00e7\u00e3o \u00e9 realizada por profissionais de sa\u00fade, mediante autoriza\u00e7\u00e3o dos pais ou respons\u00e1veis.<\/p>\n<p>A a\u00e7\u00e3o integra o <a href=\"https:\/\/www.gov.br\/saude\/pt-br\/composicao\/saps\/pse\" target=\"_blank\">Programa Sa\u00fade na Escola (PSE)<\/a>, parceria entre os minist\u00e9rios da Sa\u00fade e da Educa\u00e7\u00e3o.<\/p>\n<p><strong>O governo tamb\u00e9m refor\u00e7a o uso da Caderneta Digital de Vacina\u00e7\u00e3o da Crian\u00e7a, dispon\u00edvel no aplicativo Meu SUS Digital. Lan\u00e7ada em abril de 2025, a ferramenta j\u00e1 soma mais de 3,3 milh\u00f5es de acessos e permite acompanhar o hist\u00f3rico de vacinas e consultar as pr\u00f3ximas doses.<\/strong><\/p>\n<p>Agora, o aplicativo tem uma nova funcionalidade e passou a enviar lembretes autom\u00e1ticos para pais, m\u00e3es e respons\u00e1veis, de acordo com a idade das crian\u00e7as, incentivando a atualiza\u00e7\u00e3o da caderneta.<\/p>\n<h2>Cobertura vacinal<\/h2>\n<p>Em comunicado, o Minist\u00e9rio da Sa\u00fade destacou a revers\u00e3o da queda hist\u00f3rica nas coberturas vacinais registrada nos anos anteriores, agravada pelos impactos da pandemia de covid-19. De acordo com a pasta, em 2025, todas as vacinas do calend\u00e1rio infantil apresentaram aumento de cobertura em rela\u00e7\u00e3o a 2022.<\/p>\n<p><strong>A tr\u00edplice viral, que protege contra sarampo, caxumba e rub\u00e9ola, chegou a 92,96% de cobertura, ante 80,7% em 2022, mantendo o Brasil livre do sarampo, mesmo diante do avan\u00e7o de casos na Am\u00e9rica do Norte.<\/strong><\/p>\n<p>A vacina\u00e7\u00e3o contra o HPV, que previne o c\u00e2ncer de colo de \u00fatero, tamb\u00e9m avan\u00e7ou. A cobertura chegou a 86,11% entre meninas de 9 a 14 anos e a 74,46% entre os meninos. No p\u00fablico feminino, o \u00edndice \u00e9 cinco vezes superior \u00e0 m\u00e9dia mundial.<\/p>\n<p>No caso da meningite, a cobertura da vacina meningoc\u00f3cica ACWY passou de 45,8% em 2022 para 67,75% em 2025.<\/p>\n","protected":false},"excerpt":{"rendered":"<p>A Semana de Vacina\u00e7\u00e3o nas Escolas tem meta de imunizar 27 milh\u00f5es de estudantes de escolas p\u00fablicas do pa\u00eds at\u00e9 a pr\u00f3xima quinta-feira (30). A campanha que come\u00e7ou nesta sexta-feira (24) visa atualizar a caderneta de vacina\u00e7\u00e3o de crian\u00e7as e adolescentes de 9 meses a 15 anos com a oferta de seis tipos de imunizantes. [&hellip;]<\/p>\n","protected":false},"author":1,"featured_media":20384,"comment_status":"open","ping_status":"open","sticky":false,"template":"","format":"standard","meta":{"site-sidebar-layout":"default","site-content-layout":"","ast-site-content-layout":"default","site-content-style":"default","site-sidebar-style":"default","ast-global-header-display":"","ast-banner-title-visibility":"","ast-main-header-display":"","ast-hfb-above-header-display":"","ast-hfb-below-header-display":"","ast-hfb-mobile-header-display":"","site-post-title":"","ast-breadcrumbs-content":"","ast-featured-img":"","footer-sml-layout":"","ast-disable-related-posts":"","theme-transparent-header-meta":"","adv-header-id-meta":"","stick-header-meta":"","header-above-stick-meta":"","header-main-stick-meta":"","header-below-stick-meta":"","astra-migrate-meta-layouts":"default","ast-page-background-enabled":"default","ast-page-background-meta":{"desktop":{"background-color":"var(--ast-global-color-4)","background-image":"","background-repeat":"repeat","background-position":"center center","background-size":"auto","background-attachment":"scroll","background-type":"","background-media":"","overlay-type":"","overlay-color":"","overlay-opacity":"","overlay-gradient":""},"tablet":{"background-color":"","background-image":"","background-repeat":"repeat","background-position":"center center","background-size":"auto","background-attachment":"scroll","background-type":"","background-media":"","overlay-type":"","overlay-color":"","overlay-opacity":"","overlay-gradient":""},"mobile":{"background-color":"","background-image":"","background-repeat":"repeat","background-position":"center center","background-size":"auto","background-attachment":"scroll","background-type":"","background-media":"","overlay-type":"","overlay-color":"","overlay-opacity":"","overlay-gradient":""}},"ast-content-background-meta":{"desktop":{"background-color":"var(--ast-global-color-5)","background-image":"","background-repeat":"repeat","background-position":"center center","background-size":"auto","background-attachment":"scroll","background-type":"","background-media":"","overlay-type":"","overlay-color":"","overlay-opacity":"","overlay-gradient":""},"tablet":{"background-color":"var(--ast-global-color-5)","background-image":"","background-repeat":"repeat","background-position":"center center","background-size":"auto","background-attachment":"scroll","background-type":"","background-media":"","overlay-type":"","overlay-color":"","overlay-opacity":"","overlay-gradient":""},"mobile":{"background-color":"var(--ast-global-color-5)","background-image":"","background-repeat":"repeat","background-position":"center center","background-size":"auto","background-attachment":"scroll","background-type":"","background-media":"","overlay-type":"","overlay-color":"","overlay-opacity":"","overlay-gradient":""}},"footnotes":""},"categories":[11],"tags":[],"class_list":["post-20383","post","type-post","status-publish","format-standard","has-post-thumbnail","hentry","category-saude-e-bem-estar"],"yoast_head":"<!-- This site is optimized with the Yoast SEO Premium plugin v23.6 (Yoast SEO v27.4) - https:\/\/yoast.com\/product\/yoast-seo-premium-wordpress\/ -->\n<title>Vacina\u00e7\u00e3o nas escolas segue at\u00e9 dia 30 e meta \u00e9 imunizar 27 milh\u00f5es - Divulgue MS<\/title>\n<meta name=\"robots\" content=\"index, follow, max-snippet:-1, max-image-preview:large, max-video-preview:-1\" \/>\n<link rel=\"canonical\" href=\"https:\/\/divulguems.com.br\/?p=20383\" \/>\n<meta property=\"og:locale\" content=\"pt_BR\" \/>\n<meta property=\"og:type\" content=\"article\" \/>\n<meta property=\"og:title\" content=\"Vacina\u00e7\u00e3o nas escolas segue at\u00e9 dia 30 e meta \u00e9 imunizar 27 milh\u00f5es\" \/>\n<meta property=\"og:description\" content=\"A Semana de Vacina\u00e7\u00e3o nas Escolas tem meta de imunizar 27 milh\u00f5es de estudantes de escolas p\u00fablicas do pa\u00eds at\u00e9 a pr\u00f3xima quinta-feira (30). A campanha que come\u00e7ou nesta sexta-feira (24) visa atualizar a caderneta de vacina\u00e7\u00e3o de crian\u00e7as e adolescentes de 9 meses a 15 anos com a oferta de seis tipos de imunizantes. [&hellip;]\" \/>\n<meta property=\"og:url\" content=\"https:\/\/divulguems.com.br\/?p=20383\" \/>\n<meta property=\"og:site_name\" content=\"Divulgue MS\" \/>\n<meta property=\"article:publisher\" content=\"https:\/\/www.facebook.com\/portalinfocobrasil\" \/>\n<meta property=\"article:published_time\" content=\"2026-04-26T01:47:02+00:00\" \/>\n<meta property=\"og:image\" content=\"https:\/\/cdn.jsdelivr.net\/gh\/sergiosdlima\/assets-ebc@1.0.0\/abr\/assets\/images\/logo-agenciabrasil.svg\" \/>\n<meta name=\"author\" content=\"gestormovie\" \/>\n<meta name=\"twitter:card\" content=\"summary_large_image\" \/>\n<meta name=\"twitter:label1\" content=\"Escrito por\" \/>\n\t<meta name=\"twitter:data1\" content=\"gestormovie\" \/>\n\t<meta name=\"twitter:label2\" content=\"Est. tempo de leitura\" \/>\n\t<meta name=\"twitter:data2\" content=\"2 minutos\" \/>\n<script type=\"application\/ld+json\" class=\"yoast-schema-graph\">{\"@context\":\"https:\\\/\\\/schema.org\",\"@graph\":[{\"@type\":\"Article\",\"@id\":\"https:\\\/\\\/divulguems.com.br\\\/?p=20383#article\",\"isPartOf\":{\"@id\":\"https:\\\/\\\/divulguems.com.br\\\/?p=20383\"},\"author\":{\"name\":\"gestormovie\",\"@id\":\"https:\\\/\\\/divulguems.com.br\\\/#\\\/schema\\\/person\\\/85cb29f0608083b8ae66501ac547eec3\"},\"headline\":\"Vacina\u00e7\u00e3o nas escolas segue at\u00e9 dia 30 e meta \u00e9 imunizar 27 milh\u00f5es\",\"datePublished\":\"2026-04-26T01:47:02+00:00\",\"mainEntityOfPage\":{\"@id\":\"https:\\\/\\\/divulguems.com.br\\\/?p=20383\"},\"wordCount\":430,\"commentCount\":0,\"publisher\":{\"@id\":\"https:\\\/\\\/divulguems.com.br\\\/#organization\"},\"image\":{\"@id\":\"https:\\\/\\\/divulguems.com.br\\\/?p=20383#primaryimage\"},\"thumbnailUrl\":\"https:\\\/\\\/divulguems.com.br\\\/wp-content\\\/uploads\\\/2026\\\/04\\\/20383-vacinacao-nas-escolas-segue-ate-dia-30-e-meta-e-imunizar-27-milhoes.jpeg\",\"articleSection\":[\"Sa\u00fade e Bem-Estar\"],\"inLanguage\":\"pt-BR\",\"potentialAction\":[{\"@type\":\"CommentAction\",\"name\":\"Comment\",\"target\":[\"https:\\\/\\\/divulguems.com.br\\\/?p=20383#respond\"]}]},{\"@type\":\"WebPage\",\"@id\":\"https:\\\/\\\/divulguems.com.br\\\/?p=20383\",\"url\":\"https:\\\/\\\/divulguems.com.br\\\/?p=20383\",\"name\":\"Vacina\u00e7\u00e3o nas escolas segue at\u00e9 dia 30 e meta \u00e9 imunizar 27 milh\u00f5es - Divulgue MS\",\"isPartOf\":{\"@id\":\"https:\\\/\\\/divulguems.com.br\\\/#website\"},\"primaryImageOfPage\":{\"@id\":\"https:\\\/\\\/divulguems.com.br\\\/?p=20383#primaryimage\"},\"image\":{\"@id\":\"https:\\\/\\\/divulguems.com.br\\\/?p=20383#primaryimage\"},\"thumbnailUrl\":\"https:\\\/\\\/divulguems.com.br\\\/wp-content\\\/uploads\\\/2026\\\/04\\\/20383-vacinacao-nas-escolas-segue-ate-dia-30-e-meta-e-imunizar-27-milhoes.jpeg\",\"datePublished\":\"2026-04-26T01:47:02+00:00\",\"breadcrumb\":{\"@id\":\"https:\\\/\\\/divulguems.com.br\\\/?p=20383#breadcrumb\"},\"inLanguage\":\"pt-BR\",\"potentialAction\":[{\"@type\":\"ReadAction\",\"target\":[\"https:\\\/\\\/divulguems.com.br\\\/?p=20383\"]}]},{\"@type\":\"ImageObject\",\"inLanguage\":\"pt-BR\",\"@id\":\"https:\\\/\\\/divulguems.com.br\\\/?p=20383#primaryimage\",\"url\":\"https:\\\/\\\/divulguems.com.br\\\/wp-content\\\/uploads\\\/2026\\\/04\\\/20383-vacinacao-nas-escolas-segue-ate-dia-30-e-meta-e-imunizar-27-milhoes.jpeg\",\"contentUrl\":\"https:\\\/\\\/divulguems.com.br\\\/wp-content\\\/uploads\\\/2026\\\/04\\\/20383-vacinacao-nas-escolas-segue-ate-dia-30-e-meta-e-imunizar-27-milhoes.jpeg\",\"width\":1600,\"height\":800,\"caption\":\"Vacina\u00e7\u00e3o nas escolas segue at\u00e9 dia 30 e meta \u00e9 imunizar 27 milh\u00f5es\"},{\"@type\":\"BreadcrumbList\",\"@id\":\"https:\\\/\\\/divulguems.com.br\\\/?p=20383#breadcrumb\",\"itemListElement\":[{\"@type\":\"ListItem\",\"position\":1,\"name\":\"In\u00edcio\",\"item\":\"https:\\\/\\\/divulguems.com.br\\\/\"},{\"@type\":\"ListItem\",\"position\":2,\"name\":\"Vacina\u00e7\u00e3o nas escolas segue at\u00e9 dia 30 e meta \u00e9 imunizar 27 milh\u00f5es\"}]},{\"@type\":\"WebSite\",\"@id\":\"https:\\\/\\\/divulguems.com.br\\\/#website\",\"url\":\"https:\\\/\\\/divulguems.com.br\\\/\",\"name\":\"Portal Infoco Brasil\",\"description\":\"L\u00edder de audi\u00eancia.\",\"publisher\":{\"@id\":\"https:\\\/\\\/divulguems.com.br\\\/#organization\"},\"potentialAction\":[{\"@type\":\"SearchAction\",\"target\":{\"@type\":\"EntryPoint\",\"urlTemplate\":\"https:\\\/\\\/divulguems.com.br\\\/?s={search_term_string}\"},\"query-input\":{\"@type\":\"PropertyValueSpecification\",\"valueRequired\":true,\"valueName\":\"search_term_string\"}}],\"inLanguage\":\"pt-BR\"},{\"@type\":\"Organization\",\"@id\":\"https:\\\/\\\/divulguems.com.br\\\/#organization\",\"name\":\"Portal Infoco Brasil\",\"url\":\"https:\\\/\\\/divulguems.com.br\\\/\",\"logo\":{\"@type\":\"ImageObject\",\"inLanguage\":\"pt-BR\",\"@id\":\"https:\\\/\\\/divulguems.com.br\\\/#\\\/schema\\\/logo\\\/image\\\/\",\"url\":\"https:\\\/\\\/divulguems.com.br\\\/wp-content\\\/uploads\\\/2025\\\/04\\\/LOGO-PNG-AZUL.png\",\"contentUrl\":\"https:\\\/\\\/divulguems.com.br\\\/wp-content\\\/uploads\\\/2025\\\/04\\\/LOGO-PNG-AZUL.png\",\"width\":1166,\"height\":475,\"caption\":\"Portal Infoco Brasil\"},\"image\":{\"@id\":\"https:\\\/\\\/divulguems.com.br\\\/#\\\/schema\\\/logo\\\/image\\\/\"},\"sameAs\":[\"https:\\\/\\\/www.facebook.com\\\/portalinfocobrasil\",\"https:\\\/\\\/www.instagram.com\\\/portalinfocobrasil\"]},{\"@type\":\"Person\",\"@id\":\"https:\\\/\\\/divulguems.com.br\\\/#\\\/schema\\\/person\\\/85cb29f0608083b8ae66501ac547eec3\",\"name\":\"gestormovie\",\"image\":{\"@type\":\"ImageObject\",\"inLanguage\":\"pt-BR\",\"@id\":\"https:\\\/\\\/secure.gravatar.com\\\/avatar\\\/1a363cacdce58d5745359cac63cadf7cee0b34c09ab5adc6e07dafbc1ad3ceef?s=96&d=mm&r=g\",\"url\":\"https:\\\/\\\/secure.gravatar.com\\\/avatar\\\/1a363cacdce58d5745359cac63cadf7cee0b34c09ab5adc6e07dafbc1ad3ceef?s=96&d=mm&r=g\",\"contentUrl\":\"https:\\\/\\\/secure.gravatar.com\\\/avatar\\\/1a363cacdce58d5745359cac63cadf7cee0b34c09ab5adc6e07dafbc1ad3ceef?s=96&d=mm&r=g\",\"caption\":\"gestormovie\"},\"sameAs\":[\"https:\\\/\\\/divulguems.com.br\"],\"url\":\"https:\\\/\\\/divulguems.com.br\\\/?author=1\"}]}<\/script>\n<!-- \/ Yoast SEO Premium plugin. -->","yoast_head_json":{"title":"Vacina\u00e7\u00e3o nas escolas segue at\u00e9 dia 30 e meta \u00e9 imunizar 27 milh\u00f5es - Divulgue MS","robots":{"index":"index","follow":"follow","max-snippet":"max-snippet:-1","max-image-preview":"max-image-preview:large","max-video-preview":"max-video-preview:-1"},"canonical":"https:\/\/divulguems.com.br\/?p=20383","og_locale":"pt_BR","og_type":"article","og_title":"Vacina\u00e7\u00e3o nas escolas segue at\u00e9 dia 30 e meta \u00e9 imunizar 27 milh\u00f5es","og_description":"A Semana de Vacina\u00e7\u00e3o nas Escolas tem meta de imunizar 27 milh\u00f5es de estudantes de escolas p\u00fablicas do pa\u00eds at\u00e9 a pr\u00f3xima quinta-feira (30). A campanha que come\u00e7ou nesta sexta-feira (24) visa atualizar a caderneta de vacina\u00e7\u00e3o de crian\u00e7as e adolescentes de 9 meses a 15 anos com a oferta de seis tipos de imunizantes. [&hellip;]","og_url":"https:\/\/divulguems.com.br\/?p=20383","og_site_name":"Divulgue MS","article_publisher":"https:\/\/www.facebook.com\/portalinfocobrasil","article_published_time":"2026-04-26T01:47:02+00:00","og_image":[{"url":"https:\/\/cdn.jsdelivr.net\/gh\/sergiosdlima\/assets-ebc@1.0.0\/abr\/assets\/images\/logo-agenciabrasil.svg","type":"","width":"","height":""}],"author":"gestormovie","twitter_card":"summary_large_image","twitter_misc":{"Escrito por":"gestormovie","Est. tempo de leitura":"2 minutos"},"schema":{"@context":"https:\/\/schema.org","@graph":[{"@type":"Article","@id":"https:\/\/divulguems.com.br\/?p=20383#article","isPartOf":{"@id":"https:\/\/divulguems.com.br\/?p=20383"},"author":{"name":"gestormovie","@id":"https:\/\/divulguems.com.br\/#\/schema\/person\/85cb29f0608083b8ae66501ac547eec3"},"headline":"Vacina\u00e7\u00e3o nas escolas segue at\u00e9 dia 30 e meta \u00e9 imunizar 27 milh\u00f5es","datePublished":"2026-04-26T01:47:02+00:00","mainEntityOfPage":{"@id":"https:\/\/divulguems.com.br\/?p=20383"},"wordCount":430,"commentCount":0,"publisher":{"@id":"https:\/\/divulguems.com.br\/#organization"},"image":{"@id":"https:\/\/divulguems.com.br\/?p=20383#primaryimage"},"thumbnailUrl":"https:\/\/divulguems.com.br\/wp-content\/uploads\/2026\/04\/20383-vacinacao-nas-escolas-segue-ate-dia-30-e-meta-e-imunizar-27-milhoes.jpeg","articleSection":["Sa\u00fade e Bem-Estar"],"inLanguage":"pt-BR","potentialAction":[{"@type":"CommentAction","name":"Comment","target":["https:\/\/divulguems.com.br\/?p=20383#respond"]}]},{"@type":"WebPage","@id":"https:\/\/divulguems.com.br\/?p=20383","url":"https:\/\/divulguems.com.br\/?p=20383","name":"Vacina\u00e7\u00e3o nas escolas segue at\u00e9 dia 30 e meta \u00e9 imunizar 27 milh\u00f5es - Divulgue MS","isPartOf":{"@id":"https:\/\/divulguems.com.br\/#website"},"primaryImageOfPage":{"@id":"https:\/\/divulguems.com.br\/?p=20383#primaryimage"},"image":{"@id":"https:\/\/divulguems.com.br\/?p=20383#primaryimage"},"thumbnailUrl":"https:\/\/divulguems.com.br\/wp-content\/uploads\/2026\/04\/20383-vacinacao-nas-escolas-segue-ate-dia-30-e-meta-e-imunizar-27-milhoes.jpeg","datePublished":"2026-04-26T01:47:02+00:00","breadcrumb":{"@id":"https:\/\/divulguems.com.br\/?p=20383#breadcrumb"},"inLanguage":"pt-BR","potentialAction":[{"@type":"ReadAction","target":["https:\/\/divulguems.com.br\/?p=20383"]}]},{"@type":"ImageObject","inLanguage":"pt-BR","@id":"https:\/\/divulguems.com.br\/?p=20383#primaryimage","url":"https:\/\/divulguems.com.br\/wp-content\/uploads\/2026\/04\/20383-vacinacao-nas-escolas-segue-ate-dia-30-e-meta-e-imunizar-27-milhoes.jpeg","contentUrl":"https:\/\/divulguems.com.br\/wp-content\/uploads\/2026\/04\/20383-vacinacao-nas-escolas-segue-ate-dia-30-e-meta-e-imunizar-27-milhoes.jpeg","width":1600,"height":800,"caption":"Vacina\u00e7\u00e3o nas escolas segue at\u00e9 dia 30 e meta \u00e9 imunizar 27 milh\u00f5es"},{"@type":"BreadcrumbList","@id":"https:\/\/divulguems.com.br\/?p=20383#breadcrumb","itemListElement":[{"@type":"ListItem","position":1,"name":"In\u00edcio","item":"https:\/\/divulguems.com.br\/"},{"@type":"ListItem","position":2,"name":"Vacina\u00e7\u00e3o nas escolas segue at\u00e9 dia 30 e meta \u00e9 imunizar 27 milh\u00f5es"}]},{"@type":"WebSite","@id":"https:\/\/divulguems.com.br\/#website","url":"https:\/\/divulguems.com.br\/","name":"Portal Infoco Brasil","description":"L\u00edder de audi\u00eancia.","publisher":{"@id":"https:\/\/divulguems.com.br\/#organization"},"potentialAction":[{"@type":"SearchAction","target":{"@type":"EntryPoint","urlTemplate":"https:\/\/divulguems.com.br\/?s={search_term_string}"},"query-input":{"@type":"PropertyValueSpecification","valueRequired":true,"valueName":"search_term_string"}}],"inLanguage":"pt-BR"},{"@type":"Organization","@id":"https:\/\/divulguems.com.br\/#organization","name":"Portal Infoco Brasil","url":"https:\/\/divulguems.com.br\/","logo":{"@type":"ImageObject","inLanguage":"pt-BR","@id":"https:\/\/divulguems.com.br\/#\/schema\/logo\/image\/","url":"https:\/\/divulguems.com.br\/wp-content\/uploads\/2025\/04\/LOGO-PNG-AZUL.png","contentUrl":"https:\/\/divulguems.com.br\/wp-content\/uploads\/2025\/04\/LOGO-PNG-AZUL.png","width":1166,"height":475,"caption":"Portal Infoco Brasil"},"image":{"@id":"https:\/\/divulguems.com.br\/#\/schema\/logo\/image\/"},"sameAs":["https:\/\/www.facebook.com\/portalinfocobrasil","https:\/\/www.instagram.com\/portalinfocobrasil"]},{"@type":"Person","@id":"https:\/\/divulguems.com.br\/#\/schema\/person\/85cb29f0608083b8ae66501ac547eec3","name":"gestormovie","image":{"@type":"ImageObject","inLanguage":"pt-BR","@id":"https:\/\/secure.gravatar.com\/avatar\/1a363cacdce58d5745359cac63cadf7cee0b34c09ab5adc6e07dafbc1ad3ceef?s=96&d=mm&r=g","url":"https:\/\/secure.gravatar.com\/avatar\/1a363cacdce58d5745359cac63cadf7cee0b34c09ab5adc6e07dafbc1ad3ceef?s=96&d=mm&r=g","contentUrl":"https:\/\/secure.gravatar.com\/avatar\/1a363cacdce58d5745359cac63cadf7cee0b34c09ab5adc6e07dafbc1ad3ceef?s=96&d=mm&r=g","caption":"gestormovie"},"sameAs":["https:\/\/divulguems.com.br"],"url":"https:\/\/divulguems.com.br\/?author=1"}]}},"_links":{"self":[{"href":"https:\/\/divulguems.com.br\/index.php?rest_route=\/wp\/v2\/posts\/20383","targetHints":{"allow":["GET"]}}],"collection":[{"href":"https:\/\/divulguems.com.br\/index.php?rest_route=\/wp\/v2\/posts"}],"about":[{"href":"https:\/\/divulguems.com.br\/index.php?rest_route=\/wp\/v2\/types\/post"}],"author":[{"embeddable":true,"href":"https:\/\/divulguems.com.br\/index.php?rest_route=\/wp\/v2\/users\/1"}],"replies":[{"embeddable":true,"href":"https:\/\/divulguems.com.br\/index.php?rest_route=%2Fwp%2Fv2%2Fcomments&post=20383"}],"version-history":[{"count":0,"href":"https:\/\/divulguems.com.br\/index.php?rest_route=\/wp\/v2\/posts\/20383\/revisions"}],"wp:featuredmedia":[{"embeddable":true,"href":"https:\/\/divulguems.com.br\/index.php?rest_route=\/wp\/v2\/media\/20384"}],"wp:attachment":[{"href":"https:\/\/divulguems.com.br\/index.php?rest_route=%2Fwp%2Fv2%2Fmedia&parent=20383"}],"wp:term":[{"taxonomy":"category","embeddable":true,"href":"https:\/\/divulguems.com.br\/index.php?rest_route=%2Fwp%2Fv2%2Fcategories&post=20383"},{"taxonomy":"post_tag","embeddable":true,"href":"https:\/\/divulguems.com.br\/index.php?rest_route=%2Fwp%2Fv2%2Ftags&post=20383"}],"curies":[{"name":"wp","href":"https:\/\/api.w.org\/{rel}","templated":true}]}}