{"id":20385,"date":"2026-04-25T21:47:03","date_gmt":"2026-04-26T01:47:03","guid":{"rendered":"https:\/\/divulguems.com.br\/?p=20385"},"modified":"2026-04-25T21:47:03","modified_gmt":"2026-04-26T01:47:03","slug":"onu-pede-fim-da-degradacao-do-planeta-no-dia-da-mae-terra","status":"publish","type":"post","link":"https:\/\/divulguems.com.br\/?p=20385","title":{"rendered":"ONU pede fim da degrada\u00e7\u00e3o do planeta no Dia da M\u00e3e Terra"},"content":{"rendered":"<p>A Organiza\u00e7\u00e3o das Na\u00e7\u00f5es Unidas (ONU) alerta: \u00e9\u00a0preciso interromper com urg\u00eancia a degrada\u00e7\u00e3o do planeta e recuperar os ecossistemas que garantem a vida na Terra. A mensagem foi divulgada nesta quarta-feira, 22 de abril, Dia Internacional da M\u00e3e Terra.<img decoding=\"async\" src=\"https:\/\/agenciabrasil.ebc.com.br\/ebc.png?id=1686906&#038;o=rss\"><img decoding=\"async\" src=\"https:\/\/agenciabrasil.ebc.com.br\/ebc.gif?id=1686906&#038;o=rss\"><\/p>\n<p>Segundo a ONU, proteger e restaurar a natureza, al\u00e9m de promover uma transi\u00e7\u00e3o para uma economia mais sustent\u00e1vel, s\u00e3o caminhos fundamentais para reduzir a pobreza, enfrentar as mudan\u00e7as clim\u00e1ticas e evitar a extin\u00e7\u00e3o em larga escala de plantas e animais.<\/p>\n<p>Em mensagem divulgada pela data, o secret\u00e1rio-geral das Na\u00e7\u00f5es Unidas, Ant\u00f3nio Guterres, afirmou que <strong>a M\u00e3e Terra sempre foi generosa, mas que a humanidade respondeu com uma \u201cdestrui\u00e7\u00e3o imprudente\u201d.<\/strong><\/p>\n<p>Guterres destacou que o planeta est\u00e1 dando sinais claros de alerta. Ele defendeu o fim da depend\u00eancia dos combust\u00edveis f\u00f3sseis, a prote\u00e7\u00e3o da biodiversidade, a recupera\u00e7\u00e3o dos ambientes naturais e a promo\u00e7\u00e3o da justi\u00e7a clim\u00e1tica. <strong>Todos os anos, o mundo perde cerca de 10 milh\u00f5es de hectares de florestas \u2014 uma \u00e1rea maior que a Isl\u00e2ndia.<\/strong><\/p>\n<h3><strong>Educa\u00e7\u00e3o<\/strong><\/h3>\n<p>Para reverter esse cen\u00e1rio, o investimento em educa\u00e7\u00e3o ambiental tem ganhado for\u00e7a. Cada vez mais escolas adotam pr\u00e1ticas que aproximam os alunos da natureza e consolidam a consci\u00eancia ecol\u00f3gica. Segundo a Unesco, <strong>quase 112 mil institui\u00e7\u00f5es em 98 pa\u00edses j\u00e1 se transformaram em \u201cescolas verdes\u201d<\/strong>, com padr\u00f5es que integram a sustentabilidade ao ensino, \u00e0 gest\u00e3o e ao di\u00e1logo com a comunidade.<\/p>\n<p>No Brasil, um exemplo vem da Escola \u00c1gora, em Cotia, na Grande S\u00e3o Paulo. Localizada em meio \u00e0 floresta, a institui\u00e7\u00e3o usa a natureza como sala de aula, promovendo aprendizado ao ar livre, observa\u00e7\u00e3o dos ciclos naturais e participa\u00e7\u00e3o ativa em projetos de reciclagem e monitoramento ambiental.<\/p>\n<p>Neste Dia Internacional da M\u00e3e Terra, a Unesco promove uma confer\u00eancia global online sobre escolas verdes e refor\u00e7a a meta de que, at\u00e9 2030, metade das escolas do mundo adote pr\u00e1ticas sustent\u00e1veis.<br \/>\n\u00a0<\/p>\n<p>  <span class=\"hms hms-format-m-ss\">2:27<\/span><\/p>\n","protected":false},"excerpt":{"rendered":"<p>A Organiza\u00e7\u00e3o das Na\u00e7\u00f5es Unidas (ONU) alerta: \u00e9\u00a0preciso interromper com urg\u00eancia a degrada\u00e7\u00e3o do planeta e recuperar os ecossistemas que garantem a vida na Terra. A mensagem foi divulgada nesta quarta-feira, 22 de abril, Dia Internacional da M\u00e3e Terra. Segundo a ONU, proteger e restaurar a natureza, al\u00e9m de promover uma transi\u00e7\u00e3o para uma economia [&hellip;]<\/p>\n","protected":false},"author":479,"featured_media":20386,"comment_status":"open","ping_status":"open","sticky":false,"template":"","format":"standard","meta":{"site-sidebar-layout":"default","site-content-layout":"","ast-site-content-layout":"default","site-content-style":"default","site-sidebar-style":"default","ast-global-header-display":"","ast-banner-title-visibility":"","ast-main-header-display":"","ast-hfb-above-header-display":"","ast-hfb-below-header-display":"","ast-hfb-mobile-header-display":"","site-post-title":"","ast-breadcrumbs-content":"","ast-featured-img":"","footer-sml-layout":"","ast-disable-related-posts":"","theme-transparent-header-meta":"","adv-header-id-meta":"","stick-header-meta":"","header-above-stick-meta":"","header-main-stick-meta":"","header-below-stick-meta":"","astra-migrate-meta-layouts":"default","ast-page-background-enabled":"default","ast-page-background-meta":{"desktop":{"background-color":"var(--ast-global-color-4)","background-image":"","background-repeat":"repeat","background-position":"center center","background-size":"auto","background-attachment":"scroll","background-type":"","background-media":"","overlay-type":"","overlay-color":"","overlay-opacity":"","overlay-gradient":""},"tablet":{"background-color":"","background-image":"","background-repeat":"repeat","background-position":"center center","background-size":"auto","background-attachment":"scroll","background-type":"","background-media":"","overlay-type":"","overlay-color":"","overlay-opacity":"","overlay-gradient":""},"mobile":{"background-color":"","background-image":"","background-repeat":"repeat","background-position":"center center","background-size":"auto","background-attachment":"scroll","background-type":"","background-media":"","overlay-type":"","overlay-color":"","overlay-opacity":"","overlay-gradient":""}},"ast-content-background-meta":{"desktop":{"background-color":"var(--ast-global-color-5)","background-image":"","background-repeat":"repeat","background-position":"center center","background-size":"auto","background-attachment":"scroll","background-type":"","background-media":"","overlay-type":"","overlay-color":"","overlay-opacity":"","overlay-gradient":""},"tablet":{"background-color":"var(--ast-global-color-5)","background-image":"","background-repeat":"repeat","background-position":"center center","background-size":"auto","background-attachment":"scroll","background-type":"","background-media":"","overlay-type":"","overlay-color":"","overlay-opacity":"","overlay-gradient":""},"mobile":{"background-color":"var(--ast-global-color-5)","background-image":"","background-repeat":"repeat","background-position":"center center","background-size":"auto","background-attachment":"scroll","background-type":"","background-media":"","overlay-type":"","overlay-color":"","overlay-opacity":"","overlay-gradient":""}},"footnotes":""},"categories":[6],"tags":[],"class_list":["post-20385","post","type-post","status-publish","format-standard","has-post-thumbnail","hentry","category-meio-ambiente-e-sustentabilidade"],"yoast_head":"<!-- This site is optimized with the Yoast SEO Premium plugin v23.6 (Yoast SEO v27.4) - https:\/\/yoast.com\/product\/yoast-seo-premium-wordpress\/ -->\n<title>ONU pede fim da degrada\u00e7\u00e3o do planeta no Dia da M\u00e3e Terra - Divulgue MS<\/title>\n<meta name=\"robots\" content=\"index, follow, max-snippet:-1, max-image-preview:large, max-video-preview:-1\" \/>\n<link rel=\"canonical\" href=\"https:\/\/divulguems.com.br\/?p=20385\" \/>\n<meta property=\"og:locale\" content=\"pt_BR\" \/>\n<meta property=\"og:type\" content=\"article\" \/>\n<meta property=\"og:title\" content=\"ONU pede fim da degrada\u00e7\u00e3o do planeta no Dia da M\u00e3e Terra\" \/>\n<meta property=\"og:description\" content=\"A Organiza\u00e7\u00e3o das Na\u00e7\u00f5es Unidas (ONU) alerta: \u00e9\u00a0preciso interromper com urg\u00eancia a degrada\u00e7\u00e3o do planeta e recuperar os ecossistemas que garantem a vida na Terra. A mensagem foi divulgada nesta quarta-feira, 22 de abril, Dia Internacional da M\u00e3e Terra. Segundo a ONU, proteger e restaurar a natureza, al\u00e9m de promover uma transi\u00e7\u00e3o para uma economia [&hellip;]\" \/>\n<meta property=\"og:url\" content=\"https:\/\/divulguems.com.br\/?p=20385\" \/>\n<meta property=\"og:site_name\" content=\"Divulgue MS\" \/>\n<meta property=\"article:publisher\" content=\"https:\/\/www.facebook.com\/portalinfocobrasil\" \/>\n<meta property=\"article:published_time\" content=\"2026-04-26T01:47:03+00:00\" \/>\n<meta property=\"og:image\" content=\"https:\/\/agenciabrasil.ebc.com.br\/ebc.png?id=1686906&o=rss\" \/>\n<meta name=\"author\" content=\"Tatiana Alves - reporter da Radio Nacional\" \/>\n<meta name=\"twitter:card\" content=\"summary_large_image\" \/>\n<meta name=\"twitter:label1\" content=\"Escrito por\" \/>\n\t<meta name=\"twitter:data1\" content=\"Tatiana Alves - reporter da Radio Nacional\" \/>\n\t<meta name=\"twitter:label2\" content=\"Est. tempo de leitura\" \/>\n\t<meta name=\"twitter:data2\" content=\"2 minutos\" \/>\n<script type=\"application\/ld+json\" class=\"yoast-schema-graph\">{\"@context\":\"https:\\\/\\\/schema.org\",\"@graph\":[{\"@type\":\"Article\",\"@id\":\"https:\\\/\\\/divulguems.com.br\\\/?p=20385#article\",\"isPartOf\":{\"@id\":\"https:\\\/\\\/divulguems.com.br\\\/?p=20385\"},\"author\":{\"name\":\"Tatiana Alves - reporter da Radio Nacional\",\"@id\":\"https:\\\/\\\/divulguems.com.br\\\/#\\\/schema\\\/person\\\/025c686c5adefb2f4537e93b8b88973c\"},\"headline\":\"ONU pede fim da degrada\u00e7\u00e3o do planeta no Dia da M\u00e3e Terra\",\"datePublished\":\"2026-04-26T01:47:03+00:00\",\"mainEntityOfPage\":{\"@id\":\"https:\\\/\\\/divulguems.com.br\\\/?p=20385\"},\"wordCount\":359,\"commentCount\":0,\"publisher\":{\"@id\":\"https:\\\/\\\/divulguems.com.br\\\/#organization\"},\"image\":{\"@id\":\"https:\\\/\\\/divulguems.com.br\\\/?p=20385#primaryimage\"},\"thumbnailUrl\":\"https:\\\/\\\/divulguems.com.br\\\/wp-content\\\/uploads\\\/2026\\\/04\\\/20385-onu-pede-fim-da-degradacao-do-planeta-no-dia-da-mae-terra.jpg\",\"articleSection\":[\"Meio Ambiente e Sustentabilidade\"],\"inLanguage\":\"pt-BR\",\"potentialAction\":[{\"@type\":\"CommentAction\",\"name\":\"Comment\",\"target\":[\"https:\\\/\\\/divulguems.com.br\\\/?p=20385#respond\"]}]},{\"@type\":\"WebPage\",\"@id\":\"https:\\\/\\\/divulguems.com.br\\\/?p=20385\",\"url\":\"https:\\\/\\\/divulguems.com.br\\\/?p=20385\",\"name\":\"ONU pede fim da degrada\u00e7\u00e3o do planeta no Dia da M\u00e3e Terra - Divulgue MS\",\"isPartOf\":{\"@id\":\"https:\\\/\\\/divulguems.com.br\\\/#website\"},\"primaryImageOfPage\":{\"@id\":\"https:\\\/\\\/divulguems.com.br\\\/?p=20385#primaryimage\"},\"image\":{\"@id\":\"https:\\\/\\\/divulguems.com.br\\\/?p=20385#primaryimage\"},\"thumbnailUrl\":\"https:\\\/\\\/divulguems.com.br\\\/wp-content\\\/uploads\\\/2026\\\/04\\\/20385-onu-pede-fim-da-degradacao-do-planeta-no-dia-da-mae-terra.jpg\",\"datePublished\":\"2026-04-26T01:47:03+00:00\",\"breadcrumb\":{\"@id\":\"https:\\\/\\\/divulguems.com.br\\\/?p=20385#breadcrumb\"},\"inLanguage\":\"pt-BR\",\"potentialAction\":[{\"@type\":\"ReadAction\",\"target\":[\"https:\\\/\\\/divulguems.com.br\\\/?p=20385\"]}]},{\"@type\":\"ImageObject\",\"inLanguage\":\"pt-BR\",\"@id\":\"https:\\\/\\\/divulguems.com.br\\\/?p=20385#primaryimage\",\"url\":\"https:\\\/\\\/divulguems.com.br\\\/wp-content\\\/uploads\\\/2026\\\/04\\\/20385-onu-pede-fim-da-degradacao-do-planeta-no-dia-da-mae-terra.jpg\",\"contentUrl\":\"https:\\\/\\\/divulguems.com.br\\\/wp-content\\\/uploads\\\/2026\\\/04\\\/20385-onu-pede-fim-da-degradacao-do-planeta-no-dia-da-mae-terra.jpg\",\"width\":1600,\"height\":800,\"caption\":\"ONU pede fim da degrada\u00e7\u00e3o do planeta no Dia da M\u00e3e Terra\"},{\"@type\":\"BreadcrumbList\",\"@id\":\"https:\\\/\\\/divulguems.com.br\\\/?p=20385#breadcrumb\",\"itemListElement\":[{\"@type\":\"ListItem\",\"position\":1,\"name\":\"In\u00edcio\",\"item\":\"https:\\\/\\\/divulguems.com.br\\\/\"},{\"@type\":\"ListItem\",\"position\":2,\"name\":\"ONU pede fim da degrada\u00e7\u00e3o do planeta no Dia da M\u00e3e Terra\"}]},{\"@type\":\"WebSite\",\"@id\":\"https:\\\/\\\/divulguems.com.br\\\/#website\",\"url\":\"https:\\\/\\\/divulguems.com.br\\\/\",\"name\":\"Portal Infoco Brasil\",\"description\":\"L\u00edder de audi\u00eancia.\",\"publisher\":{\"@id\":\"https:\\\/\\\/divulguems.com.br\\\/#organization\"},\"potentialAction\":[{\"@type\":\"SearchAction\",\"target\":{\"@type\":\"EntryPoint\",\"urlTemplate\":\"https:\\\/\\\/divulguems.com.br\\\/?s={search_term_string}\"},\"query-input\":{\"@type\":\"PropertyValueSpecification\",\"valueRequired\":true,\"valueName\":\"search_term_string\"}}],\"inLanguage\":\"pt-BR\"},{\"@type\":\"Organization\",\"@id\":\"https:\\\/\\\/divulguems.com.br\\\/#organization\",\"name\":\"Portal Infoco Brasil\",\"url\":\"https:\\\/\\\/divulguems.com.br\\\/\",\"logo\":{\"@type\":\"ImageObject\",\"inLanguage\":\"pt-BR\",\"@id\":\"https:\\\/\\\/divulguems.com.br\\\/#\\\/schema\\\/logo\\\/image\\\/\",\"url\":\"https:\\\/\\\/divulguems.com.br\\\/wp-content\\\/uploads\\\/2025\\\/04\\\/LOGO-PNG-AZUL.png\",\"contentUrl\":\"https:\\\/\\\/divulguems.com.br\\\/wp-content\\\/uploads\\\/2025\\\/04\\\/LOGO-PNG-AZUL.png\",\"width\":1166,\"height\":475,\"caption\":\"Portal Infoco Brasil\"},\"image\":{\"@id\":\"https:\\\/\\\/divulguems.com.br\\\/#\\\/schema\\\/logo\\\/image\\\/\"},\"sameAs\":[\"https:\\\/\\\/www.facebook.com\\\/portalinfocobrasil\",\"https:\\\/\\\/www.instagram.com\\\/portalinfocobrasil\"]},{\"@type\":\"Person\",\"@id\":\"https:\\\/\\\/divulguems.com.br\\\/#\\\/schema\\\/person\\\/025c686c5adefb2f4537e93b8b88973c\",\"name\":\"Tatiana Alves - reporter da Radio Nacional\",\"image\":{\"@type\":\"ImageObject\",\"inLanguage\":\"pt-BR\",\"@id\":\"https:\\\/\\\/secure.gravatar.com\\\/avatar\\\/f830b0b61769db44a12e2ba4f0a687b60bb89bb4610e8539e936c2bb2b5bed45?s=96&d=mm&r=g\",\"url\":\"https:\\\/\\\/secure.gravatar.com\\\/avatar\\\/f830b0b61769db44a12e2ba4f0a687b60bb89bb4610e8539e936c2bb2b5bed45?s=96&d=mm&r=g\",\"contentUrl\":\"https:\\\/\\\/secure.gravatar.com\\\/avatar\\\/f830b0b61769db44a12e2ba4f0a687b60bb89bb4610e8539e936c2bb2b5bed45?s=96&d=mm&r=g\",\"caption\":\"Tatiana Alves - reporter da Radio Nacional\"},\"url\":\"https:\\\/\\\/divulguems.com.br\\\/?author=479\"}]}<\/script>\n<!-- \/ Yoast SEO Premium plugin. -->","yoast_head_json":{"title":"ONU pede fim da degrada\u00e7\u00e3o do planeta no Dia da M\u00e3e Terra - Divulgue MS","robots":{"index":"index","follow":"follow","max-snippet":"max-snippet:-1","max-image-preview":"max-image-preview:large","max-video-preview":"max-video-preview:-1"},"canonical":"https:\/\/divulguems.com.br\/?p=20385","og_locale":"pt_BR","og_type":"article","og_title":"ONU pede fim da degrada\u00e7\u00e3o do planeta no Dia da M\u00e3e Terra","og_description":"A Organiza\u00e7\u00e3o das Na\u00e7\u00f5es Unidas (ONU) alerta: \u00e9\u00a0preciso interromper com urg\u00eancia a degrada\u00e7\u00e3o do planeta e recuperar os ecossistemas que garantem a vida na Terra. A mensagem foi divulgada nesta quarta-feira, 22 de abril, Dia Internacional da M\u00e3e Terra. Segundo a ONU, proteger e restaurar a natureza, al\u00e9m de promover uma transi\u00e7\u00e3o para uma economia [&hellip;]","og_url":"https:\/\/divulguems.com.br\/?p=20385","og_site_name":"Divulgue MS","article_publisher":"https:\/\/www.facebook.com\/portalinfocobrasil","article_published_time":"2026-04-26T01:47:03+00:00","og_image":[{"url":"https:\/\/agenciabrasil.ebc.com.br\/ebc.png?id=1686906&o=rss","type":"","width":"","height":""}],"author":"Tatiana Alves - reporter da Radio Nacional","twitter_card":"summary_large_image","twitter_misc":{"Escrito por":"Tatiana Alves - reporter da Radio Nacional","Est. tempo de leitura":"2 minutos"},"schema":{"@context":"https:\/\/schema.org","@graph":[{"@type":"Article","@id":"https:\/\/divulguems.com.br\/?p=20385#article","isPartOf":{"@id":"https:\/\/divulguems.com.br\/?p=20385"},"author":{"name":"Tatiana Alves - reporter da Radio Nacional","@id":"https:\/\/divulguems.com.br\/#\/schema\/person\/025c686c5adefb2f4537e93b8b88973c"},"headline":"ONU pede fim da degrada\u00e7\u00e3o do planeta no Dia da M\u00e3e Terra","datePublished":"2026-04-26T01:47:03+00:00","mainEntityOfPage":{"@id":"https:\/\/divulguems.com.br\/?p=20385"},"wordCount":359,"commentCount":0,"publisher":{"@id":"https:\/\/divulguems.com.br\/#organization"},"image":{"@id":"https:\/\/divulguems.com.br\/?p=20385#primaryimage"},"thumbnailUrl":"https:\/\/divulguems.com.br\/wp-content\/uploads\/2026\/04\/20385-onu-pede-fim-da-degradacao-do-planeta-no-dia-da-mae-terra.jpg","articleSection":["Meio Ambiente e Sustentabilidade"],"inLanguage":"pt-BR","potentialAction":[{"@type":"CommentAction","name":"Comment","target":["https:\/\/divulguems.com.br\/?p=20385#respond"]}]},{"@type":"WebPage","@id":"https:\/\/divulguems.com.br\/?p=20385","url":"https:\/\/divulguems.com.br\/?p=20385","name":"ONU pede fim da degrada\u00e7\u00e3o do planeta no Dia da M\u00e3e Terra - Divulgue MS","isPartOf":{"@id":"https:\/\/divulguems.com.br\/#website"},"primaryImageOfPage":{"@id":"https:\/\/divulguems.com.br\/?p=20385#primaryimage"},"image":{"@id":"https:\/\/divulguems.com.br\/?p=20385#primaryimage"},"thumbnailUrl":"https:\/\/divulguems.com.br\/wp-content\/uploads\/2026\/04\/20385-onu-pede-fim-da-degradacao-do-planeta-no-dia-da-mae-terra.jpg","datePublished":"2026-04-26T01:47:03+00:00","breadcrumb":{"@id":"https:\/\/divulguems.com.br\/?p=20385#breadcrumb"},"inLanguage":"pt-BR","potentialAction":[{"@type":"ReadAction","target":["https:\/\/divulguems.com.br\/?p=20385"]}]},{"@type":"ImageObject","inLanguage":"pt-BR","@id":"https:\/\/divulguems.com.br\/?p=20385#primaryimage","url":"https:\/\/divulguems.com.br\/wp-content\/uploads\/2026\/04\/20385-onu-pede-fim-da-degradacao-do-planeta-no-dia-da-mae-terra.jpg","contentUrl":"https:\/\/divulguems.com.br\/wp-content\/uploads\/2026\/04\/20385-onu-pede-fim-da-degradacao-do-planeta-no-dia-da-mae-terra.jpg","width":1600,"height":800,"caption":"ONU pede fim da degrada\u00e7\u00e3o do planeta no Dia da M\u00e3e Terra"},{"@type":"BreadcrumbList","@id":"https:\/\/divulguems.com.br\/?p=20385#breadcrumb","itemListElement":[{"@type":"ListItem","position":1,"name":"In\u00edcio","item":"https:\/\/divulguems.com.br\/"},{"@type":"ListItem","position":2,"name":"ONU pede fim da degrada\u00e7\u00e3o do planeta no Dia da M\u00e3e Terra"}]},{"@type":"WebSite","@id":"https:\/\/divulguems.com.br\/#website","url":"https:\/\/divulguems.com.br\/","name":"Portal Infoco Brasil","description":"L\u00edder de audi\u00eancia.","publisher":{"@id":"https:\/\/divulguems.com.br\/#organization"},"potentialAction":[{"@type":"SearchAction","target":{"@type":"EntryPoint","urlTemplate":"https:\/\/divulguems.com.br\/?s={search_term_string}"},"query-input":{"@type":"PropertyValueSpecification","valueRequired":true,"valueName":"search_term_string"}}],"inLanguage":"pt-BR"},{"@type":"Organization","@id":"https:\/\/divulguems.com.br\/#organization","name":"Portal Infoco Brasil","url":"https:\/\/divulguems.com.br\/","logo":{"@type":"ImageObject","inLanguage":"pt-BR","@id":"https:\/\/divulguems.com.br\/#\/schema\/logo\/image\/","url":"https:\/\/divulguems.com.br\/wp-content\/uploads\/2025\/04\/LOGO-PNG-AZUL.png","contentUrl":"https:\/\/divulguems.com.br\/wp-content\/uploads\/2025\/04\/LOGO-PNG-AZUL.png","width":1166,"height":475,"caption":"Portal Infoco Brasil"},"image":{"@id":"https:\/\/divulguems.com.br\/#\/schema\/logo\/image\/"},"sameAs":["https:\/\/www.facebook.com\/portalinfocobrasil","https:\/\/www.instagram.com\/portalinfocobrasil"]},{"@type":"Person","@id":"https:\/\/divulguems.com.br\/#\/schema\/person\/025c686c5adefb2f4537e93b8b88973c","name":"Tatiana Alves - reporter da Radio Nacional","image":{"@type":"ImageObject","inLanguage":"pt-BR","@id":"https:\/\/secure.gravatar.com\/avatar\/f830b0b61769db44a12e2ba4f0a687b60bb89bb4610e8539e936c2bb2b5bed45?s=96&d=mm&r=g","url":"https:\/\/secure.gravatar.com\/avatar\/f830b0b61769db44a12e2ba4f0a687b60bb89bb4610e8539e936c2bb2b5bed45?s=96&d=mm&r=g","contentUrl":"https:\/\/secure.gravatar.com\/avatar\/f830b0b61769db44a12e2ba4f0a687b60bb89bb4610e8539e936c2bb2b5bed45?s=96&d=mm&r=g","caption":"Tatiana Alves - reporter da Radio Nacional"},"url":"https:\/\/divulguems.com.br\/?author=479"}]}},"_links":{"self":[{"href":"https:\/\/divulguems.com.br\/index.php?rest_route=\/wp\/v2\/posts\/20385","targetHints":{"allow":["GET"]}}],"collection":[{"href":"https:\/\/divulguems.com.br\/index.php?rest_route=\/wp\/v2\/posts"}],"about":[{"href":"https:\/\/divulguems.com.br\/index.php?rest_route=\/wp\/v2\/types\/post"}],"author":[{"embeddable":true,"href":"https:\/\/divulguems.com.br\/index.php?rest_route=\/wp\/v2\/users\/479"}],"replies":[{"embeddable":true,"href":"https:\/\/divulguems.com.br\/index.php?rest_route=%2Fwp%2Fv2%2Fcomments&post=20385"}],"version-history":[{"count":0,"href":"https:\/\/divulguems.com.br\/index.php?rest_route=\/wp\/v2\/posts\/20385\/revisions"}],"wp:featuredmedia":[{"embeddable":true,"href":"https:\/\/divulguems.com.br\/index.php?rest_route=\/wp\/v2\/media\/20386"}],"wp:attachment":[{"href":"https:\/\/divulguems.com.br\/index.php?rest_route=%2Fwp%2Fv2%2Fmedia&parent=20385"}],"wp:term":[{"taxonomy":"category","embeddable":true,"href":"https:\/\/divulguems.com.br\/index.php?rest_route=%2Fwp%2Fv2%2Fcategories&post=20385"},{"taxonomy":"post_tag","embeddable":true,"href":"https:\/\/divulguems.com.br\/index.php?rest_route=%2Fwp%2Fv2%2Ftags&post=20385"}],"curies":[{"name":"wp","href":"https:\/\/api.w.org\/{rel}","templated":true}]}}