{"id":20387,"date":"2026-04-25T21:47:05","date_gmt":"2026-04-26T01:47:05","guid":{"rendered":"https:\/\/divulguems.com.br\/?p=20387"},"modified":"2026-04-25T21:47:05","modified_gmt":"2026-04-26T01:47:05","slug":"parada-do-orgulho-lgbt-de-sp-2026-abordara-importancia-do-voto","status":"publish","type":"post","link":"https:\/\/divulguems.com.br\/?p=20387","title":{"rendered":"Parada do Orgulho LGBT+ de SP 2026 abordar\u00e1 import\u00e2ncia do voto"},"content":{"rendered":"<\/p>\n<p><a class=\"\" href=\"https:\/\/agenciabrasil.ebc.com.br\/geral\/noticia\/2026-04\/parada-do-orgulho-lgbt-de-sp-2026-abordara-importancia-do-voto\"><br \/>\n                    <img decoding=\"async\" src=\"https:\/\/cdn.jsdelivr.net\/gh\/sergiosdlima\/assets-ebc@1.0.0\/abr\/assets\/images\/logo-agenciabrasil.svg\" alt=\"Logo Ag\u00eancia Brasil\"><br \/>\n\t\t\t\t<\/a><\/p>\n<p><strong>Em ano de elei\u00e7\u00f5es presidenciais, a Parada do Orgulho LGBT+ de S\u00e3o Paulo pretende levar para a Avenida Paulista um debate pol\u00edtico. Marcada para o dia 7 de julho, na capital paulista, a organiza\u00e7\u00e3o do evento escolheu para a edi\u00e7\u00e3o deste ano o tema: A rua convoca, a urna confirma. A inten\u00e7\u00e3o \u00e9 ampliar o debate sobre a import\u00e2ncia do voto e da participa\u00e7\u00e3o pol\u00edtica.<\/strong><img decoding=\"async\" src=\"https:\/\/agenciabrasil.ebc.com.br\/ebc.png?id=1687208&#038;o=rss\"><img decoding=\"async\" src=\"https:\/\/agenciabrasil.ebc.com.br\/ebc.gif?id=1687208&#038;o=rss\"><\/p>\n<p>Para a organiza\u00e7\u00e3o do evento, o voto \u00e9 um instrumento central para a defini\u00e7\u00e3o de pol\u00edticas p\u00fablicas e garantia de direitos.<\/p>\n<blockquote>\n<h3>Not\u00edcias relacionadas:<\/h3>\n<ul>\n<li><a href=\"https:\/\/agenciabrasil.ebc.com.br\/geral\/noticia\/2022-06\/depois-de-dois-anos-parada-do-orgulho-lgbt-de-sp-volta-paulista\">Depois de dois anos, Parada do Orgulho LGBT+ de SP volta \u00e0 Paulista.<\/a><\/li>\n<li><a href=\"https:\/\/agenciabrasil.ebc.com.br\/direitos-humanos\/noticia\/2025-04\/forum-lanca-manifesto-para-ampliar-inclusao-de-jovens-lgbt-no-mercado\">F\u00f3rum lan\u00e7a manifesto para ampliar inclus\u00e3o de jovens LGBT+ no mercado.<\/a><\/li>\n<\/ul>\n<p>\u201cA Parada existe porque a LGBTfobia persiste. Cresce porque a desigualdade permanece. Ocupa as ruas porque o poder ainda exclui. Trinta anos n\u00e3o s\u00e3o apenas uma celebra\u00e7\u00e3o. \u00c9 um chamado \u00e0 a\u00e7\u00e3o. Um chamado para ocupar, para enfrentar, para participar e para decidir\u201d, diz Nelson Matias Pereira, presidente da Associa\u00e7\u00e3o da Parada do Orgulho LGBT de S\u00e3o Paulo (APOLGBT-SP).\n<\/p><\/blockquote>\n<div class=\"dnd-widget-wrapper context-cheio_8colunas type-image\">\n<div class=\"dnd-atom-rendered\"><!-- scald=460596:cheio_8colunas --><br \/>\n            <img decoding=\"async\" src=\"https:\/\/agenciabrasil.ebc.com.br\/sites\/default\/files\/thumbnails\/image\/loading_v2.gif\" data-echo=\"https:\/\/imagens.ebc.com.br\/1swxmuPuls212OLKooHDbNUSzWA=\/754x0\/smart\/https:\/\/agenciabrasil.ebc.com.br\/sites\/default\/files\/thumbnails\/image\/2026\/04\/25\/cartazparadasp_2026_vote_final_v2.png?itok=3sJWnmkf\" alt=\"Cartaz Parada LGBT SP 2026\" title=\"APOLGBT-SP\"><br \/>\n        <noscript><img decoding=\"async\" src=\"https:\/\/imagens.ebc.com.br\/1swxmuPuls212OLKooHDbNUSzWA=\/754x0\/smart\/https:\/\/agenciabrasil.ebc.com.br\/sites\/default\/files\/thumbnails\/image\/2026\/04\/25\/cartazparadasp_2026_vote_final_v2.png?itok=3sJWnmkf\" alt=\"Cartaz Parada LGBT SP 2026\" title=\"APOLGBT-SP\"><\/noscript><br \/>\n    <!-- END scald=460596 --><\/div>\n<div class=\"dnd-caption-wrapper\">\n<div class=\"meta\"><!--copyright=460596--><strong>Foto &#8211; APOLGBT-SP<\/strong><!--END copyright=460596--><\/div>\n<\/div>\n<\/div>\n<p><strong>A Parada do Orgulho LGBT+ de S\u00e3o Paulo, considerada uma das maiores manifesta\u00e7\u00f5es de diversidade do mundo, completa 30 anos de exist\u00eancia neste ano.<\/strong> A primeira edi\u00e7\u00e3o ocorreu em 1996, na Pra\u00e7a Roosevelt e, s\u00f3 no ano seguinte, passou a ocupar a Avenida Paulista, onde se consolidou.<\/p>\n<p>Desde ent\u00e3o, a Parada sempre leva para as ruas a discuss\u00e3o de temas fundamentais tais como o reconhecimento da uni\u00e3o est\u00e1vel, o direito \u00e0 identidade de g\u00eanero, a ado\u00e7\u00e3o por casais homoafetivos e a criminaliza\u00e7\u00e3o da LGBTfobia, entre outros. No ano passado, por exemplo, a <a href=\"https:\/\/agenciabrasil.ebc.com.br\/direitos-humanos\/noticia\/2025-06\/parada-lgbt-de-sp-discute-o-envelhecimento-em-meio-festa-e-reflexao\" target=\"_blank\">discuss\u00e3o foi sobre o envelhecimento<\/a>.<\/p>\n<blockquote>\n<p>\u201cA APOLGBT-SP resistiu \u00e0s tentativas de tirar a Parada da Paulista. Resistiu \u00e0s investidas do poder p\u00fablico de se apropriar do evento. Resistiu a cada tentativa de silenciamento, esvaziamento ou controle. A presen\u00e7a \u00e9 leg\u00edtima, e a luta \u00e9 inegoci\u00e1vel\u201d, refor\u00e7ou Pereira, por meio de nota.<\/p>\n<p>\u00a0<\/p>\n<\/blockquote>\n","protected":false},"excerpt":{"rendered":"<p>Em ano de elei\u00e7\u00f5es presidenciais, a Parada do Orgulho LGBT+ de S\u00e3o Paulo pretende levar para a Avenida Paulista um debate pol\u00edtico. Marcada para o dia 7 de julho, na capital paulista, a organiza\u00e7\u00e3o do evento escolheu para a edi\u00e7\u00e3o deste ano o tema: A rua convoca, a urna confirma. A inten\u00e7\u00e3o \u00e9 ampliar o [&hellip;]<\/p>\n","protected":false},"author":1,"featured_media":20388,"comment_status":"open","ping_status":"open","sticky":false,"template":"","format":"standard","meta":{"site-sidebar-layout":"default","site-content-layout":"","ast-site-content-layout":"default","site-content-style":"default","site-sidebar-style":"default","ast-global-header-display":"","ast-banner-title-visibility":"","ast-main-header-display":"","ast-hfb-above-header-display":"","ast-hfb-below-header-display":"","ast-hfb-mobile-header-display":"","site-post-title":"","ast-breadcrumbs-content":"","ast-featured-img":"","footer-sml-layout":"","ast-disable-related-posts":"","theme-transparent-header-meta":"","adv-header-id-meta":"","stick-header-meta":"","header-above-stick-meta":"","header-main-stick-meta":"","header-below-stick-meta":"","astra-migrate-meta-layouts":"default","ast-page-background-enabled":"default","ast-page-background-meta":{"desktop":{"background-color":"var(--ast-global-color-4)","background-image":"","background-repeat":"repeat","background-position":"center center","background-size":"auto","background-attachment":"scroll","background-type":"","background-media":"","overlay-type":"","overlay-color":"","overlay-opacity":"","overlay-gradient":""},"tablet":{"background-color":"","background-image":"","background-repeat":"repeat","background-position":"center center","background-size":"auto","background-attachment":"scroll","background-type":"","background-media":"","overlay-type":"","overlay-color":"","overlay-opacity":"","overlay-gradient":""},"mobile":{"background-color":"","background-image":"","background-repeat":"repeat","background-position":"center center","background-size":"auto","background-attachment":"scroll","background-type":"","background-media":"","overlay-type":"","overlay-color":"","overlay-opacity":"","overlay-gradient":""}},"ast-content-background-meta":{"desktop":{"background-color":"var(--ast-global-color-5)","background-image":"","background-repeat":"repeat","background-position":"center center","background-size":"auto","background-attachment":"scroll","background-type":"","background-media":"","overlay-type":"","overlay-color":"","overlay-opacity":"","overlay-gradient":""},"tablet":{"background-color":"var(--ast-global-color-5)","background-image":"","background-repeat":"repeat","background-position":"center center","background-size":"auto","background-attachment":"scroll","background-type":"","background-media":"","overlay-type":"","overlay-color":"","overlay-opacity":"","overlay-gradient":""},"mobile":{"background-color":"var(--ast-global-color-5)","background-image":"","background-repeat":"repeat","background-position":"center center","background-size":"auto","background-attachment":"scroll","background-type":"","background-media":"","overlay-type":"","overlay-color":"","overlay-opacity":"","overlay-gradient":""}},"footnotes":""},"categories":[1],"tags":[],"class_list":["post-20387","post","type-post","status-publish","format-standard","has-post-thumbnail","hentry","category-sem-categoria"],"yoast_head":"<!-- This site is optimized with the Yoast SEO Premium plugin v23.6 (Yoast SEO v27.4) - https:\/\/yoast.com\/product\/yoast-seo-premium-wordpress\/ -->\n<title>Parada do Orgulho LGBT+ de SP 2026 abordar\u00e1 import\u00e2ncia do voto - Divulgue MS<\/title>\n<meta name=\"robots\" content=\"index, follow, max-snippet:-1, max-image-preview:large, max-video-preview:-1\" \/>\n<link rel=\"canonical\" href=\"https:\/\/divulguems.com.br\/?p=20387\" \/>\n<meta property=\"og:locale\" content=\"pt_BR\" \/>\n<meta property=\"og:type\" content=\"article\" \/>\n<meta property=\"og:title\" content=\"Parada do Orgulho LGBT+ de SP 2026 abordar\u00e1 import\u00e2ncia do voto\" \/>\n<meta property=\"og:description\" content=\"Em ano de elei\u00e7\u00f5es presidenciais, a Parada do Orgulho LGBT+ de S\u00e3o Paulo pretende levar para a Avenida Paulista um debate pol\u00edtico. Marcada para o dia 7 de julho, na capital paulista, a organiza\u00e7\u00e3o do evento escolheu para a edi\u00e7\u00e3o deste ano o tema: A rua convoca, a urna confirma. A inten\u00e7\u00e3o \u00e9 ampliar o [&hellip;]\" \/>\n<meta property=\"og:url\" content=\"https:\/\/divulguems.com.br\/?p=20387\" \/>\n<meta property=\"og:site_name\" content=\"Divulgue MS\" \/>\n<meta property=\"article:publisher\" content=\"https:\/\/www.facebook.com\/portalinfocobrasil\" \/>\n<meta property=\"article:published_time\" content=\"2026-04-26T01:47:05+00:00\" \/>\n<meta property=\"og:image\" content=\"https:\/\/cdn.jsdelivr.net\/gh\/sergiosdlima\/assets-ebc@1.0.0\/abr\/assets\/images\/logo-agenciabrasil.svg\" \/>\n<meta name=\"author\" content=\"gestormovie\" \/>\n<meta name=\"twitter:card\" content=\"summary_large_image\" \/>\n<meta name=\"twitter:label1\" content=\"Escrito por\" \/>\n\t<meta name=\"twitter:data1\" content=\"gestormovie\" \/>\n\t<meta name=\"twitter:label2\" content=\"Est. tempo de leitura\" \/>\n\t<meta name=\"twitter:data2\" content=\"2 minutos\" \/>\n<script type=\"application\/ld+json\" class=\"yoast-schema-graph\">{\"@context\":\"https:\\\/\\\/schema.org\",\"@graph\":[{\"@type\":\"Article\",\"@id\":\"https:\\\/\\\/divulguems.com.br\\\/?p=20387#article\",\"isPartOf\":{\"@id\":\"https:\\\/\\\/divulguems.com.br\\\/?p=20387\"},\"author\":{\"name\":\"gestormovie\",\"@id\":\"https:\\\/\\\/divulguems.com.br\\\/#\\\/schema\\\/person\\\/85cb29f0608083b8ae66501ac547eec3\"},\"headline\":\"Parada do Orgulho LGBT+ de SP 2026 abordar\u00e1 import\u00e2ncia do voto\",\"datePublished\":\"2026-04-26T01:47:05+00:00\",\"mainEntityOfPage\":{\"@id\":\"https:\\\/\\\/divulguems.com.br\\\/?p=20387\"},\"wordCount\":358,\"commentCount\":0,\"publisher\":{\"@id\":\"https:\\\/\\\/divulguems.com.br\\\/#organization\"},\"image\":{\"@id\":\"https:\\\/\\\/divulguems.com.br\\\/?p=20387#primaryimage\"},\"thumbnailUrl\":\"https:\\\/\\\/divulguems.com.br\\\/wp-content\\\/uploads\\\/2026\\\/04\\\/20387-parada-do-orgulho-lgbt-de-sp-2026-abordara-importancia-do-voto.jpg\",\"articleSection\":[\"\u00daltimas Not\u00edcias\"],\"inLanguage\":\"pt-BR\",\"potentialAction\":[{\"@type\":\"CommentAction\",\"name\":\"Comment\",\"target\":[\"https:\\\/\\\/divulguems.com.br\\\/?p=20387#respond\"]}]},{\"@type\":\"WebPage\",\"@id\":\"https:\\\/\\\/divulguems.com.br\\\/?p=20387\",\"url\":\"https:\\\/\\\/divulguems.com.br\\\/?p=20387\",\"name\":\"Parada do Orgulho LGBT+ de SP 2026 abordar\u00e1 import\u00e2ncia do voto - Divulgue MS\",\"isPartOf\":{\"@id\":\"https:\\\/\\\/divulguems.com.br\\\/#website\"},\"primaryImageOfPage\":{\"@id\":\"https:\\\/\\\/divulguems.com.br\\\/?p=20387#primaryimage\"},\"image\":{\"@id\":\"https:\\\/\\\/divulguems.com.br\\\/?p=20387#primaryimage\"},\"thumbnailUrl\":\"https:\\\/\\\/divulguems.com.br\\\/wp-content\\\/uploads\\\/2026\\\/04\\\/20387-parada-do-orgulho-lgbt-de-sp-2026-abordara-importancia-do-voto.jpg\",\"datePublished\":\"2026-04-26T01:47:05+00:00\",\"breadcrumb\":{\"@id\":\"https:\\\/\\\/divulguems.com.br\\\/?p=20387#breadcrumb\"},\"inLanguage\":\"pt-BR\",\"potentialAction\":[{\"@type\":\"ReadAction\",\"target\":[\"https:\\\/\\\/divulguems.com.br\\\/?p=20387\"]}]},{\"@type\":\"ImageObject\",\"inLanguage\":\"pt-BR\",\"@id\":\"https:\\\/\\\/divulguems.com.br\\\/?p=20387#primaryimage\",\"url\":\"https:\\\/\\\/divulguems.com.br\\\/wp-content\\\/uploads\\\/2026\\\/04\\\/20387-parada-do-orgulho-lgbt-de-sp-2026-abordara-importancia-do-voto.jpg\",\"contentUrl\":\"https:\\\/\\\/divulguems.com.br\\\/wp-content\\\/uploads\\\/2026\\\/04\\\/20387-parada-do-orgulho-lgbt-de-sp-2026-abordara-importancia-do-voto.jpg\",\"width\":1600,\"height\":800,\"caption\":\"Parada do Orgulho LGBT+ de SP 2026 abordar\u00e1 import\u00e2ncia do voto\"},{\"@type\":\"BreadcrumbList\",\"@id\":\"https:\\\/\\\/divulguems.com.br\\\/?p=20387#breadcrumb\",\"itemListElement\":[{\"@type\":\"ListItem\",\"position\":1,\"name\":\"In\u00edcio\",\"item\":\"https:\\\/\\\/divulguems.com.br\\\/\"},{\"@type\":\"ListItem\",\"position\":2,\"name\":\"Parada do Orgulho LGBT+ de SP 2026 abordar\u00e1 import\u00e2ncia do voto\"}]},{\"@type\":\"WebSite\",\"@id\":\"https:\\\/\\\/divulguems.com.br\\\/#website\",\"url\":\"https:\\\/\\\/divulguems.com.br\\\/\",\"name\":\"Portal Infoco Brasil\",\"description\":\"L\u00edder de audi\u00eancia.\",\"publisher\":{\"@id\":\"https:\\\/\\\/divulguems.com.br\\\/#organization\"},\"potentialAction\":[{\"@type\":\"SearchAction\",\"target\":{\"@type\":\"EntryPoint\",\"urlTemplate\":\"https:\\\/\\\/divulguems.com.br\\\/?s={search_term_string}\"},\"query-input\":{\"@type\":\"PropertyValueSpecification\",\"valueRequired\":true,\"valueName\":\"search_term_string\"}}],\"inLanguage\":\"pt-BR\"},{\"@type\":\"Organization\",\"@id\":\"https:\\\/\\\/divulguems.com.br\\\/#organization\",\"name\":\"Portal Infoco Brasil\",\"url\":\"https:\\\/\\\/divulguems.com.br\\\/\",\"logo\":{\"@type\":\"ImageObject\",\"inLanguage\":\"pt-BR\",\"@id\":\"https:\\\/\\\/divulguems.com.br\\\/#\\\/schema\\\/logo\\\/image\\\/\",\"url\":\"https:\\\/\\\/divulguems.com.br\\\/wp-content\\\/uploads\\\/2025\\\/04\\\/LOGO-PNG-AZUL.png\",\"contentUrl\":\"https:\\\/\\\/divulguems.com.br\\\/wp-content\\\/uploads\\\/2025\\\/04\\\/LOGO-PNG-AZUL.png\",\"width\":1166,\"height\":475,\"caption\":\"Portal Infoco Brasil\"},\"image\":{\"@id\":\"https:\\\/\\\/divulguems.com.br\\\/#\\\/schema\\\/logo\\\/image\\\/\"},\"sameAs\":[\"https:\\\/\\\/www.facebook.com\\\/portalinfocobrasil\",\"https:\\\/\\\/www.instagram.com\\\/portalinfocobrasil\"]},{\"@type\":\"Person\",\"@id\":\"https:\\\/\\\/divulguems.com.br\\\/#\\\/schema\\\/person\\\/85cb29f0608083b8ae66501ac547eec3\",\"name\":\"gestormovie\",\"image\":{\"@type\":\"ImageObject\",\"inLanguage\":\"pt-BR\",\"@id\":\"https:\\\/\\\/secure.gravatar.com\\\/avatar\\\/1a363cacdce58d5745359cac63cadf7cee0b34c09ab5adc6e07dafbc1ad3ceef?s=96&d=mm&r=g\",\"url\":\"https:\\\/\\\/secure.gravatar.com\\\/avatar\\\/1a363cacdce58d5745359cac63cadf7cee0b34c09ab5adc6e07dafbc1ad3ceef?s=96&d=mm&r=g\",\"contentUrl\":\"https:\\\/\\\/secure.gravatar.com\\\/avatar\\\/1a363cacdce58d5745359cac63cadf7cee0b34c09ab5adc6e07dafbc1ad3ceef?s=96&d=mm&r=g\",\"caption\":\"gestormovie\"},\"sameAs\":[\"https:\\\/\\\/divulguems.com.br\"],\"url\":\"https:\\\/\\\/divulguems.com.br\\\/?author=1\"}]}<\/script>\n<!-- \/ Yoast SEO Premium plugin. -->","yoast_head_json":{"title":"Parada do Orgulho LGBT+ de SP 2026 abordar\u00e1 import\u00e2ncia do voto - Divulgue MS","robots":{"index":"index","follow":"follow","max-snippet":"max-snippet:-1","max-image-preview":"max-image-preview:large","max-video-preview":"max-video-preview:-1"},"canonical":"https:\/\/divulguems.com.br\/?p=20387","og_locale":"pt_BR","og_type":"article","og_title":"Parada do Orgulho LGBT+ de SP 2026 abordar\u00e1 import\u00e2ncia do voto","og_description":"Em ano de elei\u00e7\u00f5es presidenciais, a Parada do Orgulho LGBT+ de S\u00e3o Paulo pretende levar para a Avenida Paulista um debate pol\u00edtico. Marcada para o dia 7 de julho, na capital paulista, a organiza\u00e7\u00e3o do evento escolheu para a edi\u00e7\u00e3o deste ano o tema: A rua convoca, a urna confirma. A inten\u00e7\u00e3o \u00e9 ampliar o [&hellip;]","og_url":"https:\/\/divulguems.com.br\/?p=20387","og_site_name":"Divulgue MS","article_publisher":"https:\/\/www.facebook.com\/portalinfocobrasil","article_published_time":"2026-04-26T01:47:05+00:00","og_image":[{"url":"https:\/\/cdn.jsdelivr.net\/gh\/sergiosdlima\/assets-ebc@1.0.0\/abr\/assets\/images\/logo-agenciabrasil.svg","type":"","width":"","height":""}],"author":"gestormovie","twitter_card":"summary_large_image","twitter_misc":{"Escrito por":"gestormovie","Est. tempo de leitura":"2 minutos"},"schema":{"@context":"https:\/\/schema.org","@graph":[{"@type":"Article","@id":"https:\/\/divulguems.com.br\/?p=20387#article","isPartOf":{"@id":"https:\/\/divulguems.com.br\/?p=20387"},"author":{"name":"gestormovie","@id":"https:\/\/divulguems.com.br\/#\/schema\/person\/85cb29f0608083b8ae66501ac547eec3"},"headline":"Parada do Orgulho LGBT+ de SP 2026 abordar\u00e1 import\u00e2ncia do voto","datePublished":"2026-04-26T01:47:05+00:00","mainEntityOfPage":{"@id":"https:\/\/divulguems.com.br\/?p=20387"},"wordCount":358,"commentCount":0,"publisher":{"@id":"https:\/\/divulguems.com.br\/#organization"},"image":{"@id":"https:\/\/divulguems.com.br\/?p=20387#primaryimage"},"thumbnailUrl":"https:\/\/divulguems.com.br\/wp-content\/uploads\/2026\/04\/20387-parada-do-orgulho-lgbt-de-sp-2026-abordara-importancia-do-voto.jpg","articleSection":["\u00daltimas Not\u00edcias"],"inLanguage":"pt-BR","potentialAction":[{"@type":"CommentAction","name":"Comment","target":["https:\/\/divulguems.com.br\/?p=20387#respond"]}]},{"@type":"WebPage","@id":"https:\/\/divulguems.com.br\/?p=20387","url":"https:\/\/divulguems.com.br\/?p=20387","name":"Parada do Orgulho LGBT+ de SP 2026 abordar\u00e1 import\u00e2ncia do voto - Divulgue MS","isPartOf":{"@id":"https:\/\/divulguems.com.br\/#website"},"primaryImageOfPage":{"@id":"https:\/\/divulguems.com.br\/?p=20387#primaryimage"},"image":{"@id":"https:\/\/divulguems.com.br\/?p=20387#primaryimage"},"thumbnailUrl":"https:\/\/divulguems.com.br\/wp-content\/uploads\/2026\/04\/20387-parada-do-orgulho-lgbt-de-sp-2026-abordara-importancia-do-voto.jpg","datePublished":"2026-04-26T01:47:05+00:00","breadcrumb":{"@id":"https:\/\/divulguems.com.br\/?p=20387#breadcrumb"},"inLanguage":"pt-BR","potentialAction":[{"@type":"ReadAction","target":["https:\/\/divulguems.com.br\/?p=20387"]}]},{"@type":"ImageObject","inLanguage":"pt-BR","@id":"https:\/\/divulguems.com.br\/?p=20387#primaryimage","url":"https:\/\/divulguems.com.br\/wp-content\/uploads\/2026\/04\/20387-parada-do-orgulho-lgbt-de-sp-2026-abordara-importancia-do-voto.jpg","contentUrl":"https:\/\/divulguems.com.br\/wp-content\/uploads\/2026\/04\/20387-parada-do-orgulho-lgbt-de-sp-2026-abordara-importancia-do-voto.jpg","width":1600,"height":800,"caption":"Parada do Orgulho LGBT+ de SP 2026 abordar\u00e1 import\u00e2ncia do voto"},{"@type":"BreadcrumbList","@id":"https:\/\/divulguems.com.br\/?p=20387#breadcrumb","itemListElement":[{"@type":"ListItem","position":1,"name":"In\u00edcio","item":"https:\/\/divulguems.com.br\/"},{"@type":"ListItem","position":2,"name":"Parada do Orgulho LGBT+ de SP 2026 abordar\u00e1 import\u00e2ncia do voto"}]},{"@type":"WebSite","@id":"https:\/\/divulguems.com.br\/#website","url":"https:\/\/divulguems.com.br\/","name":"Portal Infoco Brasil","description":"L\u00edder de audi\u00eancia.","publisher":{"@id":"https:\/\/divulguems.com.br\/#organization"},"potentialAction":[{"@type":"SearchAction","target":{"@type":"EntryPoint","urlTemplate":"https:\/\/divulguems.com.br\/?s={search_term_string}"},"query-input":{"@type":"PropertyValueSpecification","valueRequired":true,"valueName":"search_term_string"}}],"inLanguage":"pt-BR"},{"@type":"Organization","@id":"https:\/\/divulguems.com.br\/#organization","name":"Portal Infoco Brasil","url":"https:\/\/divulguems.com.br\/","logo":{"@type":"ImageObject","inLanguage":"pt-BR","@id":"https:\/\/divulguems.com.br\/#\/schema\/logo\/image\/","url":"https:\/\/divulguems.com.br\/wp-content\/uploads\/2025\/04\/LOGO-PNG-AZUL.png","contentUrl":"https:\/\/divulguems.com.br\/wp-content\/uploads\/2025\/04\/LOGO-PNG-AZUL.png","width":1166,"height":475,"caption":"Portal Infoco Brasil"},"image":{"@id":"https:\/\/divulguems.com.br\/#\/schema\/logo\/image\/"},"sameAs":["https:\/\/www.facebook.com\/portalinfocobrasil","https:\/\/www.instagram.com\/portalinfocobrasil"]},{"@type":"Person","@id":"https:\/\/divulguems.com.br\/#\/schema\/person\/85cb29f0608083b8ae66501ac547eec3","name":"gestormovie","image":{"@type":"ImageObject","inLanguage":"pt-BR","@id":"https:\/\/secure.gravatar.com\/avatar\/1a363cacdce58d5745359cac63cadf7cee0b34c09ab5adc6e07dafbc1ad3ceef?s=96&d=mm&r=g","url":"https:\/\/secure.gravatar.com\/avatar\/1a363cacdce58d5745359cac63cadf7cee0b34c09ab5adc6e07dafbc1ad3ceef?s=96&d=mm&r=g","contentUrl":"https:\/\/secure.gravatar.com\/avatar\/1a363cacdce58d5745359cac63cadf7cee0b34c09ab5adc6e07dafbc1ad3ceef?s=96&d=mm&r=g","caption":"gestormovie"},"sameAs":["https:\/\/divulguems.com.br"],"url":"https:\/\/divulguems.com.br\/?author=1"}]}},"_links":{"self":[{"href":"https:\/\/divulguems.com.br\/index.php?rest_route=\/wp\/v2\/posts\/20387","targetHints":{"allow":["GET"]}}],"collection":[{"href":"https:\/\/divulguems.com.br\/index.php?rest_route=\/wp\/v2\/posts"}],"about":[{"href":"https:\/\/divulguems.com.br\/index.php?rest_route=\/wp\/v2\/types\/post"}],"author":[{"embeddable":true,"href":"https:\/\/divulguems.com.br\/index.php?rest_route=\/wp\/v2\/users\/1"}],"replies":[{"embeddable":true,"href":"https:\/\/divulguems.com.br\/index.php?rest_route=%2Fwp%2Fv2%2Fcomments&post=20387"}],"version-history":[{"count":0,"href":"https:\/\/divulguems.com.br\/index.php?rest_route=\/wp\/v2\/posts\/20387\/revisions"}],"wp:featuredmedia":[{"embeddable":true,"href":"https:\/\/divulguems.com.br\/index.php?rest_route=\/wp\/v2\/media\/20388"}],"wp:attachment":[{"href":"https:\/\/divulguems.com.br\/index.php?rest_route=%2Fwp%2Fv2%2Fmedia&parent=20387"}],"wp:term":[{"taxonomy":"category","embeddable":true,"href":"https:\/\/divulguems.com.br\/index.php?rest_route=%2Fwp%2Fv2%2Fcategories&post=20387"},{"taxonomy":"post_tag","embeddable":true,"href":"https:\/\/divulguems.com.br\/index.php?rest_route=%2Fwp%2Fv2%2Ftags&post=20387"}],"curies":[{"name":"wp","href":"https:\/\/api.w.org\/{rel}","templated":true}]}}