{"id":20393,"date":"2026-04-26T21:47:00","date_gmt":"2026-04-27T01:47:00","guid":{"rendered":"https:\/\/divulguems.com.br\/?p=20393"},"modified":"2026-04-26T21:47:00","modified_gmt":"2026-04-27T01:47:00","slug":"estao-abertas-as-inscricoes-para-participar-do-festival-cinefantasy","status":"publish","type":"post","link":"https:\/\/divulguems.com.br\/?p=20393","title":{"rendered":"Est\u00e3o abertas as inscri\u00e7\u00f5es para participar do Festival Cinefantasy"},"content":{"rendered":"<p>As inscri\u00e7\u00f5es gratuitas para participar do Cinefantasy se encerram na pr\u00f3xima quinta-feira, dia 30. Trata-se do Festival Internacional de Cinema Fant\u00e1stico, um dos principais eventos do g\u00eanero na Am\u00e9rica Latina, que ocorrer\u00e1 entre os dias 8 e 13 de setembro, em S\u00e3o Paulo.<img decoding=\"async\" src=\"https:\/\/agenciabrasil.ebc.com.br\/ebc.png?id=1686955&#038;o=rss\"><img decoding=\"async\" src=\"https:\/\/agenciabrasil.ebc.com.br\/ebc.gif?id=1686955&#038;o=rss\"><\/p>\n<p>Criado em 2006, o festival premia curtas e longas-metragens fant\u00e1sticos, incluindo g\u00eaneros como: fic\u00e7\u00e3o cient\u00edfica, terror e h\u00edbridos. Nesse per\u00edodo, 30 pa\u00edses e a m\u00e9dia de 90 mil pessoas j\u00e1 marcaram presen\u00e7a no evento que conta com mais de 2200 filmes exibidos.<\/p>\n<p>Para participar da edi\u00e7\u00e3o deste ano, os interessados podem inscrever quantos filmes desejarem pelas plataformas online Festhome e FilmFreeway. Ao todo, pelo menos 10 longas e 24 curtas ser\u00e3o selecionados, com base em crit\u00e9rios de qualidade art\u00edstica, originalidade e excel\u00eancia t\u00e9cnica.<\/p>\n<p>Vale destacar que s\u00f3 ser\u00e3o aceitas produ\u00e7\u00f5es realizadas nos \u00faltimos 2 anos, nunca antes exibidas em festivais da cidade de S\u00e3o Paulo.<\/p>\n<p>As obras selecionadas para o Cinefantasy disputam o Trof\u00e9u Jos\u00e9 Mojica Marins &#8211; que homenageia \u201cZ\u00e9 do Caix\u00e3o\u201d, considerado o \u201cpai do terror\u201d no cinema nacional.<\/p>\n<p>Para mais informa\u00e7\u00f5es sobre o festival e como participar, acesse os sites do<a href=\"https:\/\/filmmakers.festhome.com\/pt\/festival\/cinefantasy-international-fantastic-film-festival\" target=\"_blank\"> Festhome<\/a>\u00a0e <a href=\"https:\/\/filmfreeway.com\/CinefantasyIFFF\" target=\"_blank\">FilmFreeway<\/a><\/p>\n<p><em>*Com supervis\u00e3o de F\u00e1bio Cardoso<\/em><\/p>\n<p>  <span class=\"hms hms-format-m-ss\">1:23<\/span><\/p>\n","protected":false},"excerpt":{"rendered":"<p>As inscri\u00e7\u00f5es gratuitas para participar do Cinefantasy se encerram na pr\u00f3xima quinta-feira, dia 30. Trata-se do Festival Internacional de Cinema Fant\u00e1stico, um dos principais eventos do g\u00eanero na Am\u00e9rica Latina, que ocorrer\u00e1 entre os dias 8 e 13 de setembro, em S\u00e3o Paulo. Criado em 2006, o festival premia curtas e longas-metragens fant\u00e1sticos, incluindo g\u00eaneros [&hellip;]<\/p>\n","protected":false},"author":522,"featured_media":20394,"comment_status":"open","ping_status":"open","sticky":false,"template":"","format":"standard","meta":{"site-sidebar-layout":"default","site-content-layout":"","ast-site-content-layout":"default","site-content-style":"default","site-sidebar-style":"default","ast-global-header-display":"","ast-banner-title-visibility":"","ast-main-header-display":"","ast-hfb-above-header-display":"","ast-hfb-below-header-display":"","ast-hfb-mobile-header-display":"","site-post-title":"","ast-breadcrumbs-content":"","ast-featured-img":"","footer-sml-layout":"","ast-disable-related-posts":"","theme-transparent-header-meta":"","adv-header-id-meta":"","stick-header-meta":"","header-above-stick-meta":"","header-main-stick-meta":"","header-below-stick-meta":"","astra-migrate-meta-layouts":"default","ast-page-background-enabled":"default","ast-page-background-meta":{"desktop":{"background-color":"var(--ast-global-color-4)","background-image":"","background-repeat":"repeat","background-position":"center center","background-size":"auto","background-attachment":"scroll","background-type":"","background-media":"","overlay-type":"","overlay-color":"","overlay-opacity":"","overlay-gradient":""},"tablet":{"background-color":"","background-image":"","background-repeat":"repeat","background-position":"center center","background-size":"auto","background-attachment":"scroll","background-type":"","background-media":"","overlay-type":"","overlay-color":"","overlay-opacity":"","overlay-gradient":""},"mobile":{"background-color":"","background-image":"","background-repeat":"repeat","background-position":"center center","background-size":"auto","background-attachment":"scroll","background-type":"","background-media":"","overlay-type":"","overlay-color":"","overlay-opacity":"","overlay-gradient":""}},"ast-content-background-meta":{"desktop":{"background-color":"var(--ast-global-color-5)","background-image":"","background-repeat":"repeat","background-position":"center center","background-size":"auto","background-attachment":"scroll","background-type":"","background-media":"","overlay-type":"","overlay-color":"","overlay-opacity":"","overlay-gradient":""},"tablet":{"background-color":"var(--ast-global-color-5)","background-image":"","background-repeat":"repeat","background-position":"center center","background-size":"auto","background-attachment":"scroll","background-type":"","background-media":"","overlay-type":"","overlay-color":"","overlay-opacity":"","overlay-gradient":""},"mobile":{"background-color":"var(--ast-global-color-5)","background-image":"","background-repeat":"repeat","background-position":"center center","background-size":"auto","background-attachment":"scroll","background-type":"","background-media":"","overlay-type":"","overlay-color":"","overlay-opacity":"","overlay-gradient":""}},"footnotes":""},"categories":[18],"tags":[],"class_list":["post-20393","post","type-post","status-publish","format-standard","has-post-thumbnail","hentry","category-educacao-e-carreiras"],"yoast_head":"<!-- This site is optimized with the Yoast SEO Premium plugin v23.6 (Yoast SEO v27.4) - https:\/\/yoast.com\/product\/yoast-seo-premium-wordpress\/ -->\n<title>Est\u00e3o abertas as inscri\u00e7\u00f5es para participar do Festival Cinefantasy - Divulgue MS<\/title>\n<meta name=\"robots\" content=\"index, follow, max-snippet:-1, max-image-preview:large, max-video-preview:-1\" \/>\n<link rel=\"canonical\" href=\"https:\/\/divulguems.com.br\/?p=20393\" \/>\n<meta property=\"og:locale\" content=\"pt_BR\" \/>\n<meta property=\"og:type\" content=\"article\" \/>\n<meta property=\"og:title\" content=\"Est\u00e3o abertas as inscri\u00e7\u00f5es para participar do Festival Cinefantasy\" \/>\n<meta property=\"og:description\" content=\"As inscri\u00e7\u00f5es gratuitas para participar do Cinefantasy se encerram na pr\u00f3xima quinta-feira, dia 30. Trata-se do Festival Internacional de Cinema Fant\u00e1stico, um dos principais eventos do g\u00eanero na Am\u00e9rica Latina, que ocorrer\u00e1 entre os dias 8 e 13 de setembro, em S\u00e3o Paulo. Criado em 2006, o festival premia curtas e longas-metragens fant\u00e1sticos, incluindo g\u00eaneros [&hellip;]\" \/>\n<meta property=\"og:url\" content=\"https:\/\/divulguems.com.br\/?p=20393\" \/>\n<meta property=\"og:site_name\" content=\"Divulgue MS\" \/>\n<meta property=\"article:publisher\" content=\"https:\/\/www.facebook.com\/portalinfocobrasil\" \/>\n<meta property=\"article:published_time\" content=\"2026-04-27T01:47:00+00:00\" \/>\n<meta property=\"og:image\" content=\"https:\/\/agenciabrasil.ebc.com.br\/ebc.png?id=1686955&o=rss\" \/>\n<meta name=\"author\" content=\"Joao Barbosa - Estagiario da Radio Nacional\" \/>\n<meta name=\"twitter:card\" content=\"summary_large_image\" \/>\n<meta name=\"twitter:label1\" content=\"Escrito por\" \/>\n\t<meta name=\"twitter:data1\" content=\"Joao Barbosa - Estagiario da Radio Nacional\" \/>\n\t<meta name=\"twitter:label2\" content=\"Est. tempo de leitura\" \/>\n\t<meta name=\"twitter:data2\" content=\"1 minuto\" \/>\n<script type=\"application\/ld+json\" class=\"yoast-schema-graph\">{\"@context\":\"https:\\\/\\\/schema.org\",\"@graph\":[{\"@type\":\"Article\",\"@id\":\"https:\\\/\\\/divulguems.com.br\\\/?p=20393#article\",\"isPartOf\":{\"@id\":\"https:\\\/\\\/divulguems.com.br\\\/?p=20393\"},\"author\":{\"name\":\"Joao Barbosa - Estagiario da Radio Nacional\",\"@id\":\"https:\\\/\\\/divulguems.com.br\\\/#\\\/schema\\\/person\\\/10c4878f33fc3e838462cdcb4a7d6b83\"},\"headline\":\"Est\u00e3o abertas as inscri\u00e7\u00f5es para participar do Festival Cinefantasy\",\"datePublished\":\"2026-04-27T01:47:00+00:00\",\"mainEntityOfPage\":{\"@id\":\"https:\\\/\\\/divulguems.com.br\\\/?p=20393\"},\"wordCount\":225,\"commentCount\":0,\"publisher\":{\"@id\":\"https:\\\/\\\/divulguems.com.br\\\/#organization\"},\"image\":{\"@id\":\"https:\\\/\\\/divulguems.com.br\\\/?p=20393#primaryimage\"},\"thumbnailUrl\":\"https:\\\/\\\/divulguems.com.br\\\/wp-content\\\/uploads\\\/2026\\\/04\\\/20393-estao-abertas-as-inscricoes-para-participar-do-festival-cinefantasy.png\",\"articleSection\":[\"Educa\u00e7\u00e3o e Carreiras\"],\"inLanguage\":\"pt-BR\",\"potentialAction\":[{\"@type\":\"CommentAction\",\"name\":\"Comment\",\"target\":[\"https:\\\/\\\/divulguems.com.br\\\/?p=20393#respond\"]}]},{\"@type\":\"WebPage\",\"@id\":\"https:\\\/\\\/divulguems.com.br\\\/?p=20393\",\"url\":\"https:\\\/\\\/divulguems.com.br\\\/?p=20393\",\"name\":\"Est\u00e3o abertas as inscri\u00e7\u00f5es para participar do Festival Cinefantasy - Divulgue MS\",\"isPartOf\":{\"@id\":\"https:\\\/\\\/divulguems.com.br\\\/#website\"},\"primaryImageOfPage\":{\"@id\":\"https:\\\/\\\/divulguems.com.br\\\/?p=20393#primaryimage\"},\"image\":{\"@id\":\"https:\\\/\\\/divulguems.com.br\\\/?p=20393#primaryimage\"},\"thumbnailUrl\":\"https:\\\/\\\/divulguems.com.br\\\/wp-content\\\/uploads\\\/2026\\\/04\\\/20393-estao-abertas-as-inscricoes-para-participar-do-festival-cinefantasy.png\",\"datePublished\":\"2026-04-27T01:47:00+00:00\",\"breadcrumb\":{\"@id\":\"https:\\\/\\\/divulguems.com.br\\\/?p=20393#breadcrumb\"},\"inLanguage\":\"pt-BR\",\"potentialAction\":[{\"@type\":\"ReadAction\",\"target\":[\"https:\\\/\\\/divulguems.com.br\\\/?p=20393\"]}]},{\"@type\":\"ImageObject\",\"inLanguage\":\"pt-BR\",\"@id\":\"https:\\\/\\\/divulguems.com.br\\\/?p=20393#primaryimage\",\"url\":\"https:\\\/\\\/divulguems.com.br\\\/wp-content\\\/uploads\\\/2026\\\/04\\\/20393-estao-abertas-as-inscricoes-para-participar-do-festival-cinefantasy.png\",\"contentUrl\":\"https:\\\/\\\/divulguems.com.br\\\/wp-content\\\/uploads\\\/2026\\\/04\\\/20393-estao-abertas-as-inscricoes-para-participar-do-festival-cinefantasy.png\",\"width\":1600,\"height\":800,\"caption\":\"Est\u00e3o abertas as inscri\u00e7\u00f5es para participar do Festival Cinefantasy\"},{\"@type\":\"BreadcrumbList\",\"@id\":\"https:\\\/\\\/divulguems.com.br\\\/?p=20393#breadcrumb\",\"itemListElement\":[{\"@type\":\"ListItem\",\"position\":1,\"name\":\"In\u00edcio\",\"item\":\"https:\\\/\\\/divulguems.com.br\\\/\"},{\"@type\":\"ListItem\",\"position\":2,\"name\":\"Est\u00e3o abertas as inscri\u00e7\u00f5es para participar do Festival Cinefantasy\"}]},{\"@type\":\"WebSite\",\"@id\":\"https:\\\/\\\/divulguems.com.br\\\/#website\",\"url\":\"https:\\\/\\\/divulguems.com.br\\\/\",\"name\":\"Portal Infoco Brasil\",\"description\":\"L\u00edder de audi\u00eancia.\",\"publisher\":{\"@id\":\"https:\\\/\\\/divulguems.com.br\\\/#organization\"},\"potentialAction\":[{\"@type\":\"SearchAction\",\"target\":{\"@type\":\"EntryPoint\",\"urlTemplate\":\"https:\\\/\\\/divulguems.com.br\\\/?s={search_term_string}\"},\"query-input\":{\"@type\":\"PropertyValueSpecification\",\"valueRequired\":true,\"valueName\":\"search_term_string\"}}],\"inLanguage\":\"pt-BR\"},{\"@type\":\"Organization\",\"@id\":\"https:\\\/\\\/divulguems.com.br\\\/#organization\",\"name\":\"Portal Infoco Brasil\",\"url\":\"https:\\\/\\\/divulguems.com.br\\\/\",\"logo\":{\"@type\":\"ImageObject\",\"inLanguage\":\"pt-BR\",\"@id\":\"https:\\\/\\\/divulguems.com.br\\\/#\\\/schema\\\/logo\\\/image\\\/\",\"url\":\"https:\\\/\\\/divulguems.com.br\\\/wp-content\\\/uploads\\\/2025\\\/04\\\/LOGO-PNG-AZUL.png\",\"contentUrl\":\"https:\\\/\\\/divulguems.com.br\\\/wp-content\\\/uploads\\\/2025\\\/04\\\/LOGO-PNG-AZUL.png\",\"width\":1166,\"height\":475,\"caption\":\"Portal Infoco Brasil\"},\"image\":{\"@id\":\"https:\\\/\\\/divulguems.com.br\\\/#\\\/schema\\\/logo\\\/image\\\/\"},\"sameAs\":[\"https:\\\/\\\/www.facebook.com\\\/portalinfocobrasil\",\"https:\\\/\\\/www.instagram.com\\\/portalinfocobrasil\"]},{\"@type\":\"Person\",\"@id\":\"https:\\\/\\\/divulguems.com.br\\\/#\\\/schema\\\/person\\\/10c4878f33fc3e838462cdcb4a7d6b83\",\"name\":\"Joao Barbosa - Estagiario da Radio Nacional\",\"image\":{\"@type\":\"ImageObject\",\"inLanguage\":\"pt-BR\",\"@id\":\"https:\\\/\\\/secure.gravatar.com\\\/avatar\\\/da81cae361a83559afabc82389f67a8ce3065227859bc814cf2b622eac54cf42?s=96&d=mm&r=g\",\"url\":\"https:\\\/\\\/secure.gravatar.com\\\/avatar\\\/da81cae361a83559afabc82389f67a8ce3065227859bc814cf2b622eac54cf42?s=96&d=mm&r=g\",\"contentUrl\":\"https:\\\/\\\/secure.gravatar.com\\\/avatar\\\/da81cae361a83559afabc82389f67a8ce3065227859bc814cf2b622eac54cf42?s=96&d=mm&r=g\",\"caption\":\"Joao Barbosa - Estagiario da Radio Nacional\"},\"url\":\"https:\\\/\\\/divulguems.com.br\\\/?author=522\"}]}<\/script>\n<!-- \/ Yoast SEO Premium plugin. -->","yoast_head_json":{"title":"Est\u00e3o abertas as inscri\u00e7\u00f5es para participar do Festival Cinefantasy - Divulgue MS","robots":{"index":"index","follow":"follow","max-snippet":"max-snippet:-1","max-image-preview":"max-image-preview:large","max-video-preview":"max-video-preview:-1"},"canonical":"https:\/\/divulguems.com.br\/?p=20393","og_locale":"pt_BR","og_type":"article","og_title":"Est\u00e3o abertas as inscri\u00e7\u00f5es para participar do Festival Cinefantasy","og_description":"As inscri\u00e7\u00f5es gratuitas para participar do Cinefantasy se encerram na pr\u00f3xima quinta-feira, dia 30. Trata-se do Festival Internacional de Cinema Fant\u00e1stico, um dos principais eventos do g\u00eanero na Am\u00e9rica Latina, que ocorrer\u00e1 entre os dias 8 e 13 de setembro, em S\u00e3o Paulo. Criado em 2006, o festival premia curtas e longas-metragens fant\u00e1sticos, incluindo g\u00eaneros [&hellip;]","og_url":"https:\/\/divulguems.com.br\/?p=20393","og_site_name":"Divulgue MS","article_publisher":"https:\/\/www.facebook.com\/portalinfocobrasil","article_published_time":"2026-04-27T01:47:00+00:00","og_image":[{"url":"https:\/\/agenciabrasil.ebc.com.br\/ebc.png?id=1686955&o=rss","type":"","width":"","height":""}],"author":"Joao Barbosa - Estagiario da Radio Nacional","twitter_card":"summary_large_image","twitter_misc":{"Escrito por":"Joao Barbosa - Estagiario da Radio Nacional","Est. tempo de leitura":"1 minuto"},"schema":{"@context":"https:\/\/schema.org","@graph":[{"@type":"Article","@id":"https:\/\/divulguems.com.br\/?p=20393#article","isPartOf":{"@id":"https:\/\/divulguems.com.br\/?p=20393"},"author":{"name":"Joao Barbosa - Estagiario da Radio Nacional","@id":"https:\/\/divulguems.com.br\/#\/schema\/person\/10c4878f33fc3e838462cdcb4a7d6b83"},"headline":"Est\u00e3o abertas as inscri\u00e7\u00f5es para participar do Festival Cinefantasy","datePublished":"2026-04-27T01:47:00+00:00","mainEntityOfPage":{"@id":"https:\/\/divulguems.com.br\/?p=20393"},"wordCount":225,"commentCount":0,"publisher":{"@id":"https:\/\/divulguems.com.br\/#organization"},"image":{"@id":"https:\/\/divulguems.com.br\/?p=20393#primaryimage"},"thumbnailUrl":"https:\/\/divulguems.com.br\/wp-content\/uploads\/2026\/04\/20393-estao-abertas-as-inscricoes-para-participar-do-festival-cinefantasy.png","articleSection":["Educa\u00e7\u00e3o e Carreiras"],"inLanguage":"pt-BR","potentialAction":[{"@type":"CommentAction","name":"Comment","target":["https:\/\/divulguems.com.br\/?p=20393#respond"]}]},{"@type":"WebPage","@id":"https:\/\/divulguems.com.br\/?p=20393","url":"https:\/\/divulguems.com.br\/?p=20393","name":"Est\u00e3o abertas as inscri\u00e7\u00f5es para participar do Festival Cinefantasy - Divulgue MS","isPartOf":{"@id":"https:\/\/divulguems.com.br\/#website"},"primaryImageOfPage":{"@id":"https:\/\/divulguems.com.br\/?p=20393#primaryimage"},"image":{"@id":"https:\/\/divulguems.com.br\/?p=20393#primaryimage"},"thumbnailUrl":"https:\/\/divulguems.com.br\/wp-content\/uploads\/2026\/04\/20393-estao-abertas-as-inscricoes-para-participar-do-festival-cinefantasy.png","datePublished":"2026-04-27T01:47:00+00:00","breadcrumb":{"@id":"https:\/\/divulguems.com.br\/?p=20393#breadcrumb"},"inLanguage":"pt-BR","potentialAction":[{"@type":"ReadAction","target":["https:\/\/divulguems.com.br\/?p=20393"]}]},{"@type":"ImageObject","inLanguage":"pt-BR","@id":"https:\/\/divulguems.com.br\/?p=20393#primaryimage","url":"https:\/\/divulguems.com.br\/wp-content\/uploads\/2026\/04\/20393-estao-abertas-as-inscricoes-para-participar-do-festival-cinefantasy.png","contentUrl":"https:\/\/divulguems.com.br\/wp-content\/uploads\/2026\/04\/20393-estao-abertas-as-inscricoes-para-participar-do-festival-cinefantasy.png","width":1600,"height":800,"caption":"Est\u00e3o abertas as inscri\u00e7\u00f5es para participar do Festival Cinefantasy"},{"@type":"BreadcrumbList","@id":"https:\/\/divulguems.com.br\/?p=20393#breadcrumb","itemListElement":[{"@type":"ListItem","position":1,"name":"In\u00edcio","item":"https:\/\/divulguems.com.br\/"},{"@type":"ListItem","position":2,"name":"Est\u00e3o abertas as inscri\u00e7\u00f5es para participar do Festival Cinefantasy"}]},{"@type":"WebSite","@id":"https:\/\/divulguems.com.br\/#website","url":"https:\/\/divulguems.com.br\/","name":"Portal Infoco Brasil","description":"L\u00edder de audi\u00eancia.","publisher":{"@id":"https:\/\/divulguems.com.br\/#organization"},"potentialAction":[{"@type":"SearchAction","target":{"@type":"EntryPoint","urlTemplate":"https:\/\/divulguems.com.br\/?s={search_term_string}"},"query-input":{"@type":"PropertyValueSpecification","valueRequired":true,"valueName":"search_term_string"}}],"inLanguage":"pt-BR"},{"@type":"Organization","@id":"https:\/\/divulguems.com.br\/#organization","name":"Portal Infoco Brasil","url":"https:\/\/divulguems.com.br\/","logo":{"@type":"ImageObject","inLanguage":"pt-BR","@id":"https:\/\/divulguems.com.br\/#\/schema\/logo\/image\/","url":"https:\/\/divulguems.com.br\/wp-content\/uploads\/2025\/04\/LOGO-PNG-AZUL.png","contentUrl":"https:\/\/divulguems.com.br\/wp-content\/uploads\/2025\/04\/LOGO-PNG-AZUL.png","width":1166,"height":475,"caption":"Portal Infoco Brasil"},"image":{"@id":"https:\/\/divulguems.com.br\/#\/schema\/logo\/image\/"},"sameAs":["https:\/\/www.facebook.com\/portalinfocobrasil","https:\/\/www.instagram.com\/portalinfocobrasil"]},{"@type":"Person","@id":"https:\/\/divulguems.com.br\/#\/schema\/person\/10c4878f33fc3e838462cdcb4a7d6b83","name":"Joao Barbosa - Estagiario da Radio Nacional","image":{"@type":"ImageObject","inLanguage":"pt-BR","@id":"https:\/\/secure.gravatar.com\/avatar\/da81cae361a83559afabc82389f67a8ce3065227859bc814cf2b622eac54cf42?s=96&d=mm&r=g","url":"https:\/\/secure.gravatar.com\/avatar\/da81cae361a83559afabc82389f67a8ce3065227859bc814cf2b622eac54cf42?s=96&d=mm&r=g","contentUrl":"https:\/\/secure.gravatar.com\/avatar\/da81cae361a83559afabc82389f67a8ce3065227859bc814cf2b622eac54cf42?s=96&d=mm&r=g","caption":"Joao Barbosa - Estagiario da Radio Nacional"},"url":"https:\/\/divulguems.com.br\/?author=522"}]}},"_links":{"self":[{"href":"https:\/\/divulguems.com.br\/index.php?rest_route=\/wp\/v2\/posts\/20393","targetHints":{"allow":["GET"]}}],"collection":[{"href":"https:\/\/divulguems.com.br\/index.php?rest_route=\/wp\/v2\/posts"}],"about":[{"href":"https:\/\/divulguems.com.br\/index.php?rest_route=\/wp\/v2\/types\/post"}],"author":[{"embeddable":true,"href":"https:\/\/divulguems.com.br\/index.php?rest_route=\/wp\/v2\/users\/522"}],"replies":[{"embeddable":true,"href":"https:\/\/divulguems.com.br\/index.php?rest_route=%2Fwp%2Fv2%2Fcomments&post=20393"}],"version-history":[{"count":0,"href":"https:\/\/divulguems.com.br\/index.php?rest_route=\/wp\/v2\/posts\/20393\/revisions"}],"wp:featuredmedia":[{"embeddable":true,"href":"https:\/\/divulguems.com.br\/index.php?rest_route=\/wp\/v2\/media\/20394"}],"wp:attachment":[{"href":"https:\/\/divulguems.com.br\/index.php?rest_route=%2Fwp%2Fv2%2Fmedia&parent=20393"}],"wp:term":[{"taxonomy":"category","embeddable":true,"href":"https:\/\/divulguems.com.br\/index.php?rest_route=%2Fwp%2Fv2%2Fcategories&post=20393"},{"taxonomy":"post_tag","embeddable":true,"href":"https:\/\/divulguems.com.br\/index.php?rest_route=%2Fwp%2Fv2%2Ftags&post=20393"}],"curies":[{"name":"wp","href":"https:\/\/api.w.org\/{rel}","templated":true}]}}