{"id":20403,"date":"2026-04-26T21:47:07","date_gmt":"2026-04-27T01:47:07","guid":{"rendered":"https:\/\/divulguems.com.br\/?p=20403"},"modified":"2026-04-26T21:47:07","modified_gmt":"2026-04-27T01:47:07","slug":"medico-diz-que-lula-retirou-lesao-deve-repousar-nos-proximos-dias","status":"publish","type":"post","link":"https:\/\/divulguems.com.br\/?p=20403","title":{"rendered":"M\u00e9dico diz que Lula retirou les\u00e3o deve repousar nos pr\u00f3ximos dias"},"content":{"rendered":"<\/p>\n<p><a class=\"\" href=\"https:\/\/agenciabrasil.ebc.com.br\/politica\/noticia\/2026-04\/medico-diz-que-lula-retirou-lesao-e-deve-repousar-nos-proximos-dias\"><br \/>\n                    <img decoding=\"async\" src=\"https:\/\/cdn.jsdelivr.net\/gh\/sergiosdlima\/assets-ebc@1.0.0\/abr\/assets\/images\/logo-agenciabrasil.svg\" alt=\"Logo Ag\u00eancia Brasil\"><br \/>\n\t\t\t\t<\/a><\/p>\n<p><strong>O presidente Lula passou por um procedimento cir\u00fargico na manh\u00e3 desta sexta-feira (24), em S\u00e3o Paulo, para retirada de uma les\u00e3o do couro cabeludo, um carcinoma basocelular. Segundo o m\u00e9dico Ricardo Kalil, que acompanha Lula, correu tudo bem, sem nenhuma intercorr\u00eancia: \u201cele dever\u00e1 permanecer mais algumas horas no hospital e deve ir para casa hoje\u201d, disse o doutor.<\/strong><img decoding=\"async\" src=\"https:\/\/agenciabrasil.ebc.com.br\/ebc.png?id=1687142&#038;o=rss\"><img decoding=\"async\" src=\"https:\/\/agenciabrasil.ebc.com.br\/ebc.gif?id=1687142&#038;o=rss\"><\/p>\n<blockquote>\n<p>O procedimento foi feito pela m\u00e9dica Cristina Abdala e houve a retirada de pele na regi\u00e3o da cabe\u00e7a. \u201cFoi uma les\u00e3o de pele. \u00c9 muito comum, \u00e9 a mais comum que tem no mundo\u201d, conta Kalil.<\/p>\n<\/blockquote>\n<h3>Not\u00edcias relacionadas:<\/h3>\n<ul>\n<li><a href=\"https:\/\/agenciabrasil.ebc.com.br\/politica\/noticia\/2026-04\/lula-vai-sp-para-tirar-excesso-de-pele-na-cabeca-e-tratar-tendinite\">Lula vai a SP para tirar excesso de pele na cabe\u00e7a e tratar tendinite.<\/a><\/li>\n<\/ul>\n<p>O carcinoma basocelular \u00e9 localizado e n\u00e3o se espalha para outros lugares do corpo. \u201c\u00c9 uma les\u00e3o de pele que vem da exposi\u00e7\u00e3o solar. \u00c9 muito comum e quando ela cresce, a gente tem que tirar\u201d, explicou a doutora Abdala. O tecido passou por bi\u00f3psia.<\/p>\n<h2>Entenda<\/h2>\n<p>O carcinoma basocelular se origina nas c\u00e9lulas basais, situadas na regi\u00e3o mais profunda da epiderme, ou nos ap\u00eandices cut\u00e2neos, como pelos e gl\u00e2ndulas seb\u00e1ceas ou sudor\u00edparas. <strong>Em geral, ele se desenvolve em \u00e1reas expostas ao sol, sobretudo na regi\u00e3o da cabe\u00e7a e do pesco\u00e7o.<\/strong><\/p>\n<p><strong>\u00c9 considerado o tipo mais comum de c\u00e2ncer de pele, j\u00e1 que responde por cerca de 80% dos casos, e o menos agressivo<\/strong> \u2013 na maioria das vezes, tem crescimento lento e raramente se dissemina para outras partes do corpo. <strong>Por esse motivo, apresenta altos percentuais de cura quando diagnosticado precocemente.<\/strong><\/p>\n<p>Segundo dados do Minist\u00e9rio da Sa\u00fade, s\u00e3o diagnosticados 250 casos para 100 mil pessoas por ano.<\/p>\n<p>De acordo com o Hospital S\u00edrio-Liban\u00eas, o carcinoma basocelular apresenta sinais vis\u00edveis na pele. Quando essas les\u00f5es ficam muito grandes, \u00e9 comum haver coceira, sangramento e dor intensa.&#8221;O importante \u00e9 que qualquer les\u00e3o de dif\u00edcil cicatriza\u00e7\u00e3o, que sangra ou co\u00e7a, mesmo que cres\u00e7a lentamente, seja examinada por um m\u00e9dico especialista&#8221;, destacou o S\u00edrio-Liban\u00eas.<\/p>\n<p><a href=\"https:\/\/www.whatsapp.com\/channel\/0029VaoRTgrInlqYLSk59B2M\" target=\"_blank\">>> Siga o canal da <strong>Ag\u00eancia Brasil <\/strong>no WhatsApp<\/a><\/p>\n<h2>Repouso<\/h2>\n<p><strong>O presidente tamb\u00e9m fez uma infiltra\u00e7\u00e3o na m\u00e3o direita para tratar uma tendinite.<\/strong><\/p>\n<p>Segundo Kalil, agora o presidente vai para casa e deve ficar em repouso nos pr\u00f3ximos dias, mas isso n\u00e3o afetar\u00e1 a agenda de Lula.<\/p>\n<blockquote>\n<p>\u201cVamos evitar grandes eventos nos pr\u00f3ximos dias. Lula n\u00e3o vai tomar medicamento. Ficou uma ferida cir\u00fargica e \u00e9 esperar cicatrizar, o que deve demorar um m\u00eas. O cuidado agora \u00e9 curativo, usar chap\u00e9u e tocar a vida normal dele\u201d, afirmou o m\u00e9dico.<\/p>\n<\/blockquote>\n<p><strong>O m\u00e9dico\u00a0disse tamb\u00e9m que o tratamento n\u00e3o vai interferir na campanha presidencial.<\/strong><\/p>\n<p><strong>\u00a0&#8220;Vai atrapalhar a campanha? A resposta \u00e9 n\u00e3o. O m\u00e1ximo que vai acontecer \u00e9 ele aparecer de chap\u00e9u, como aconteceu outras vezes&#8221;.<\/strong><\/p>\n<p>O presidente chegou ao hospital por volta das 7h e a mini-cirurgia estava programada, n\u00e3o foi emergencial. Lula esteve acompanhado da primeira-dama Janja da Silva.<\/p>\n<p><strong>Saiba mais no Rep\u00f3rter Brasil Tarde, da TV Brasil<\/strong><\/p>\n<p><iframe allow=\"accelerometer; autoplay; clipboard-write; encrypted-media; gyroscope; picture-in-picture; web-share\" allowfullscreen=\"\" frameborder=\"0\" height=\"315\" referrerpolicy=\"strict-origin-when-cross-origin\" src=\"https:\/\/www.youtube.com\/embed\/EHjENT1zOr0?si=rtSL_Y8HcufCquCn&#038;start=1806\" title=\"YouTube video player\" width=\"560\" sandbox=\"allow-scripts allow-same-origin\"><\/iframe><\/p>\n<p><em>*Com informa\u00e7\u00f5es de Fl\u00e1via Albuquerque.<\/em><\/p>\n","protected":false},"excerpt":{"rendered":"<p>O presidente Lula passou por um procedimento cir\u00fargico na manh\u00e3 desta sexta-feira (24), em S\u00e3o Paulo, para retirada de uma les\u00e3o do couro cabeludo, um carcinoma basocelular. Segundo o m\u00e9dico Ricardo Kalil, que acompanha Lula, correu tudo bem, sem nenhuma intercorr\u00eancia: \u201cele dever\u00e1 permanecer mais algumas horas no hospital e deve ir para casa hoje\u201d, [&hellip;]<\/p>\n","protected":false},"author":1,"featured_media":20404,"comment_status":"open","ping_status":"open","sticky":false,"template":"","format":"standard","meta":{"site-sidebar-layout":"default","site-content-layout":"","ast-site-content-layout":"default","site-content-style":"default","site-sidebar-style":"default","ast-global-header-display":"","ast-banner-title-visibility":"","ast-main-header-display":"","ast-hfb-above-header-display":"","ast-hfb-below-header-display":"","ast-hfb-mobile-header-display":"","site-post-title":"","ast-breadcrumbs-content":"","ast-featured-img":"","footer-sml-layout":"","ast-disable-related-posts":"","theme-transparent-header-meta":"","adv-header-id-meta":"","stick-header-meta":"","header-above-stick-meta":"","header-main-stick-meta":"","header-below-stick-meta":"","astra-migrate-meta-layouts":"default","ast-page-background-enabled":"default","ast-page-background-meta":{"desktop":{"background-color":"var(--ast-global-color-4)","background-image":"","background-repeat":"repeat","background-position":"center center","background-size":"auto","background-attachment":"scroll","background-type":"","background-media":"","overlay-type":"","overlay-color":"","overlay-opacity":"","overlay-gradient":""},"tablet":{"background-color":"","background-image":"","background-repeat":"repeat","background-position":"center center","background-size":"auto","background-attachment":"scroll","background-type":"","background-media":"","overlay-type":"","overlay-color":"","overlay-opacity":"","overlay-gradient":""},"mobile":{"background-color":"","background-image":"","background-repeat":"repeat","background-position":"center center","background-size":"auto","background-attachment":"scroll","background-type":"","background-media":"","overlay-type":"","overlay-color":"","overlay-opacity":"","overlay-gradient":""}},"ast-content-background-meta":{"desktop":{"background-color":"var(--ast-global-color-5)","background-image":"","background-repeat":"repeat","background-position":"center center","background-size":"auto","background-attachment":"scroll","background-type":"","background-media":"","overlay-type":"","overlay-color":"","overlay-opacity":"","overlay-gradient":""},"tablet":{"background-color":"var(--ast-global-color-5)","background-image":"","background-repeat":"repeat","background-position":"center center","background-size":"auto","background-attachment":"scroll","background-type":"","background-media":"","overlay-type":"","overlay-color":"","overlay-opacity":"","overlay-gradient":""},"mobile":{"background-color":"var(--ast-global-color-5)","background-image":"","background-repeat":"repeat","background-position":"center center","background-size":"auto","background-attachment":"scroll","background-type":"","background-media":"","overlay-type":"","overlay-color":"","overlay-opacity":"","overlay-gradient":""}},"footnotes":""},"categories":[1],"tags":[],"class_list":["post-20403","post","type-post","status-publish","format-standard","has-post-thumbnail","hentry","category-sem-categoria"],"yoast_head":"<!-- This site is optimized with the Yoast SEO Premium plugin v23.6 (Yoast SEO v27.4) - https:\/\/yoast.com\/product\/yoast-seo-premium-wordpress\/ -->\n<title>M\u00e9dico diz que Lula retirou les\u00e3o deve repousar nos pr\u00f3ximos dias - Divulgue MS<\/title>\n<meta name=\"robots\" content=\"index, follow, max-snippet:-1, max-image-preview:large, max-video-preview:-1\" \/>\n<link rel=\"canonical\" href=\"https:\/\/divulguems.com.br\/?p=20403\" \/>\n<meta property=\"og:locale\" content=\"pt_BR\" \/>\n<meta property=\"og:type\" content=\"article\" \/>\n<meta property=\"og:title\" content=\"M\u00e9dico diz que Lula retirou les\u00e3o deve repousar nos pr\u00f3ximos dias\" \/>\n<meta property=\"og:description\" content=\"O presidente Lula passou por um procedimento cir\u00fargico na manh\u00e3 desta sexta-feira (24), em S\u00e3o Paulo, para retirada de uma les\u00e3o do couro cabeludo, um carcinoma basocelular. Segundo o m\u00e9dico Ricardo Kalil, que acompanha Lula, correu tudo bem, sem nenhuma intercorr\u00eancia: \u201cele dever\u00e1 permanecer mais algumas horas no hospital e deve ir para casa hoje\u201d, [&hellip;]\" \/>\n<meta property=\"og:url\" content=\"https:\/\/divulguems.com.br\/?p=20403\" \/>\n<meta property=\"og:site_name\" content=\"Divulgue MS\" \/>\n<meta property=\"article:publisher\" content=\"https:\/\/www.facebook.com\/portalinfocobrasil\" \/>\n<meta property=\"article:published_time\" content=\"2026-04-27T01:47:07+00:00\" \/>\n<meta property=\"og:image\" content=\"https:\/\/cdn.jsdelivr.net\/gh\/sergiosdlima\/assets-ebc@1.0.0\/abr\/assets\/images\/logo-agenciabrasil.svg\" \/>\n<meta name=\"author\" content=\"gestormovie\" \/>\n<meta name=\"twitter:card\" content=\"summary_large_image\" \/>\n<meta name=\"twitter:label1\" content=\"Escrito por\" \/>\n\t<meta name=\"twitter:data1\" content=\"gestormovie\" \/>\n\t<meta name=\"twitter:label2\" content=\"Est. tempo de leitura\" \/>\n\t<meta name=\"twitter:data2\" content=\"3 minutos\" \/>\n<script type=\"application\/ld+json\" class=\"yoast-schema-graph\">{\"@context\":\"https:\\\/\\\/schema.org\",\"@graph\":[{\"@type\":\"Article\",\"@id\":\"https:\\\/\\\/divulguems.com.br\\\/?p=20403#article\",\"isPartOf\":{\"@id\":\"https:\\\/\\\/divulguems.com.br\\\/?p=20403\"},\"author\":{\"name\":\"gestormovie\",\"@id\":\"https:\\\/\\\/divulguems.com.br\\\/#\\\/schema\\\/person\\\/85cb29f0608083b8ae66501ac547eec3\"},\"headline\":\"M\u00e9dico diz que Lula retirou les\u00e3o deve repousar nos pr\u00f3ximos dias\",\"datePublished\":\"2026-04-27T01:47:07+00:00\",\"mainEntityOfPage\":{\"@id\":\"https:\\\/\\\/divulguems.com.br\\\/?p=20403\"},\"wordCount\":543,\"commentCount\":0,\"publisher\":{\"@id\":\"https:\\\/\\\/divulguems.com.br\\\/#organization\"},\"image\":{\"@id\":\"https:\\\/\\\/divulguems.com.br\\\/?p=20403#primaryimage\"},\"thumbnailUrl\":\"https:\\\/\\\/divulguems.com.br\\\/wp-content\\\/uploads\\\/2026\\\/04\\\/20403-medico-diz-que-lula-retirou-lesao-deve-repousar-nos-proximos-dias.jpg\",\"articleSection\":[\"\u00daltimas Not\u00edcias\"],\"inLanguage\":\"pt-BR\",\"potentialAction\":[{\"@type\":\"CommentAction\",\"name\":\"Comment\",\"target\":[\"https:\\\/\\\/divulguems.com.br\\\/?p=20403#respond\"]}]},{\"@type\":\"WebPage\",\"@id\":\"https:\\\/\\\/divulguems.com.br\\\/?p=20403\",\"url\":\"https:\\\/\\\/divulguems.com.br\\\/?p=20403\",\"name\":\"M\u00e9dico diz que Lula retirou les\u00e3o deve repousar nos pr\u00f3ximos dias - Divulgue MS\",\"isPartOf\":{\"@id\":\"https:\\\/\\\/divulguems.com.br\\\/#website\"},\"primaryImageOfPage\":{\"@id\":\"https:\\\/\\\/divulguems.com.br\\\/?p=20403#primaryimage\"},\"image\":{\"@id\":\"https:\\\/\\\/divulguems.com.br\\\/?p=20403#primaryimage\"},\"thumbnailUrl\":\"https:\\\/\\\/divulguems.com.br\\\/wp-content\\\/uploads\\\/2026\\\/04\\\/20403-medico-diz-que-lula-retirou-lesao-deve-repousar-nos-proximos-dias.jpg\",\"datePublished\":\"2026-04-27T01:47:07+00:00\",\"breadcrumb\":{\"@id\":\"https:\\\/\\\/divulguems.com.br\\\/?p=20403#breadcrumb\"},\"inLanguage\":\"pt-BR\",\"potentialAction\":[{\"@type\":\"ReadAction\",\"target\":[\"https:\\\/\\\/divulguems.com.br\\\/?p=20403\"]}]},{\"@type\":\"ImageObject\",\"inLanguage\":\"pt-BR\",\"@id\":\"https:\\\/\\\/divulguems.com.br\\\/?p=20403#primaryimage\",\"url\":\"https:\\\/\\\/divulguems.com.br\\\/wp-content\\\/uploads\\\/2026\\\/04\\\/20403-medico-diz-que-lula-retirou-lesao-deve-repousar-nos-proximos-dias.jpg\",\"contentUrl\":\"https:\\\/\\\/divulguems.com.br\\\/wp-content\\\/uploads\\\/2026\\\/04\\\/20403-medico-diz-que-lula-retirou-lesao-deve-repousar-nos-proximos-dias.jpg\",\"width\":1600,\"height\":800,\"caption\":\"M\u00e9dico diz que Lula retirou les\u00e3o deve repousar nos pr\u00f3ximos dias\"},{\"@type\":\"BreadcrumbList\",\"@id\":\"https:\\\/\\\/divulguems.com.br\\\/?p=20403#breadcrumb\",\"itemListElement\":[{\"@type\":\"ListItem\",\"position\":1,\"name\":\"In\u00edcio\",\"item\":\"https:\\\/\\\/divulguems.com.br\\\/\"},{\"@type\":\"ListItem\",\"position\":2,\"name\":\"M\u00e9dico diz que Lula retirou les\u00e3o deve repousar nos pr\u00f3ximos dias\"}]},{\"@type\":\"WebSite\",\"@id\":\"https:\\\/\\\/divulguems.com.br\\\/#website\",\"url\":\"https:\\\/\\\/divulguems.com.br\\\/\",\"name\":\"Portal Infoco Brasil\",\"description\":\"L\u00edder de audi\u00eancia.\",\"publisher\":{\"@id\":\"https:\\\/\\\/divulguems.com.br\\\/#organization\"},\"potentialAction\":[{\"@type\":\"SearchAction\",\"target\":{\"@type\":\"EntryPoint\",\"urlTemplate\":\"https:\\\/\\\/divulguems.com.br\\\/?s={search_term_string}\"},\"query-input\":{\"@type\":\"PropertyValueSpecification\",\"valueRequired\":true,\"valueName\":\"search_term_string\"}}],\"inLanguage\":\"pt-BR\"},{\"@type\":\"Organization\",\"@id\":\"https:\\\/\\\/divulguems.com.br\\\/#organization\",\"name\":\"Portal Infoco Brasil\",\"url\":\"https:\\\/\\\/divulguems.com.br\\\/\",\"logo\":{\"@type\":\"ImageObject\",\"inLanguage\":\"pt-BR\",\"@id\":\"https:\\\/\\\/divulguems.com.br\\\/#\\\/schema\\\/logo\\\/image\\\/\",\"url\":\"https:\\\/\\\/divulguems.com.br\\\/wp-content\\\/uploads\\\/2025\\\/04\\\/LOGO-PNG-AZUL.png\",\"contentUrl\":\"https:\\\/\\\/divulguems.com.br\\\/wp-content\\\/uploads\\\/2025\\\/04\\\/LOGO-PNG-AZUL.png\",\"width\":1166,\"height\":475,\"caption\":\"Portal Infoco Brasil\"},\"image\":{\"@id\":\"https:\\\/\\\/divulguems.com.br\\\/#\\\/schema\\\/logo\\\/image\\\/\"},\"sameAs\":[\"https:\\\/\\\/www.facebook.com\\\/portalinfocobrasil\",\"https:\\\/\\\/www.instagram.com\\\/portalinfocobrasil\"]},{\"@type\":\"Person\",\"@id\":\"https:\\\/\\\/divulguems.com.br\\\/#\\\/schema\\\/person\\\/85cb29f0608083b8ae66501ac547eec3\",\"name\":\"gestormovie\",\"image\":{\"@type\":\"ImageObject\",\"inLanguage\":\"pt-BR\",\"@id\":\"https:\\\/\\\/secure.gravatar.com\\\/avatar\\\/1a363cacdce58d5745359cac63cadf7cee0b34c09ab5adc6e07dafbc1ad3ceef?s=96&d=mm&r=g\",\"url\":\"https:\\\/\\\/secure.gravatar.com\\\/avatar\\\/1a363cacdce58d5745359cac63cadf7cee0b34c09ab5adc6e07dafbc1ad3ceef?s=96&d=mm&r=g\",\"contentUrl\":\"https:\\\/\\\/secure.gravatar.com\\\/avatar\\\/1a363cacdce58d5745359cac63cadf7cee0b34c09ab5adc6e07dafbc1ad3ceef?s=96&d=mm&r=g\",\"caption\":\"gestormovie\"},\"sameAs\":[\"https:\\\/\\\/divulguems.com.br\"],\"url\":\"https:\\\/\\\/divulguems.com.br\\\/?author=1\"}]}<\/script>\n<!-- \/ Yoast SEO Premium plugin. -->","yoast_head_json":{"title":"M\u00e9dico diz que Lula retirou les\u00e3o deve repousar nos pr\u00f3ximos dias - Divulgue MS","robots":{"index":"index","follow":"follow","max-snippet":"max-snippet:-1","max-image-preview":"max-image-preview:large","max-video-preview":"max-video-preview:-1"},"canonical":"https:\/\/divulguems.com.br\/?p=20403","og_locale":"pt_BR","og_type":"article","og_title":"M\u00e9dico diz que Lula retirou les\u00e3o deve repousar nos pr\u00f3ximos dias","og_description":"O presidente Lula passou por um procedimento cir\u00fargico na manh\u00e3 desta sexta-feira (24), em S\u00e3o Paulo, para retirada de uma les\u00e3o do couro cabeludo, um carcinoma basocelular. Segundo o m\u00e9dico Ricardo Kalil, que acompanha Lula, correu tudo bem, sem nenhuma intercorr\u00eancia: \u201cele dever\u00e1 permanecer mais algumas horas no hospital e deve ir para casa hoje\u201d, [&hellip;]","og_url":"https:\/\/divulguems.com.br\/?p=20403","og_site_name":"Divulgue MS","article_publisher":"https:\/\/www.facebook.com\/portalinfocobrasil","article_published_time":"2026-04-27T01:47:07+00:00","og_image":[{"url":"https:\/\/cdn.jsdelivr.net\/gh\/sergiosdlima\/assets-ebc@1.0.0\/abr\/assets\/images\/logo-agenciabrasil.svg","type":"","width":"","height":""}],"author":"gestormovie","twitter_card":"summary_large_image","twitter_misc":{"Escrito por":"gestormovie","Est. tempo de leitura":"3 minutos"},"schema":{"@context":"https:\/\/schema.org","@graph":[{"@type":"Article","@id":"https:\/\/divulguems.com.br\/?p=20403#article","isPartOf":{"@id":"https:\/\/divulguems.com.br\/?p=20403"},"author":{"name":"gestormovie","@id":"https:\/\/divulguems.com.br\/#\/schema\/person\/85cb29f0608083b8ae66501ac547eec3"},"headline":"M\u00e9dico diz que Lula retirou les\u00e3o deve repousar nos pr\u00f3ximos dias","datePublished":"2026-04-27T01:47:07+00:00","mainEntityOfPage":{"@id":"https:\/\/divulguems.com.br\/?p=20403"},"wordCount":543,"commentCount":0,"publisher":{"@id":"https:\/\/divulguems.com.br\/#organization"},"image":{"@id":"https:\/\/divulguems.com.br\/?p=20403#primaryimage"},"thumbnailUrl":"https:\/\/divulguems.com.br\/wp-content\/uploads\/2026\/04\/20403-medico-diz-que-lula-retirou-lesao-deve-repousar-nos-proximos-dias.jpg","articleSection":["\u00daltimas Not\u00edcias"],"inLanguage":"pt-BR","potentialAction":[{"@type":"CommentAction","name":"Comment","target":["https:\/\/divulguems.com.br\/?p=20403#respond"]}]},{"@type":"WebPage","@id":"https:\/\/divulguems.com.br\/?p=20403","url":"https:\/\/divulguems.com.br\/?p=20403","name":"M\u00e9dico diz que Lula retirou les\u00e3o deve repousar nos pr\u00f3ximos dias - Divulgue MS","isPartOf":{"@id":"https:\/\/divulguems.com.br\/#website"},"primaryImageOfPage":{"@id":"https:\/\/divulguems.com.br\/?p=20403#primaryimage"},"image":{"@id":"https:\/\/divulguems.com.br\/?p=20403#primaryimage"},"thumbnailUrl":"https:\/\/divulguems.com.br\/wp-content\/uploads\/2026\/04\/20403-medico-diz-que-lula-retirou-lesao-deve-repousar-nos-proximos-dias.jpg","datePublished":"2026-04-27T01:47:07+00:00","breadcrumb":{"@id":"https:\/\/divulguems.com.br\/?p=20403#breadcrumb"},"inLanguage":"pt-BR","potentialAction":[{"@type":"ReadAction","target":["https:\/\/divulguems.com.br\/?p=20403"]}]},{"@type":"ImageObject","inLanguage":"pt-BR","@id":"https:\/\/divulguems.com.br\/?p=20403#primaryimage","url":"https:\/\/divulguems.com.br\/wp-content\/uploads\/2026\/04\/20403-medico-diz-que-lula-retirou-lesao-deve-repousar-nos-proximos-dias.jpg","contentUrl":"https:\/\/divulguems.com.br\/wp-content\/uploads\/2026\/04\/20403-medico-diz-que-lula-retirou-lesao-deve-repousar-nos-proximos-dias.jpg","width":1600,"height":800,"caption":"M\u00e9dico diz que Lula retirou les\u00e3o deve repousar nos pr\u00f3ximos dias"},{"@type":"BreadcrumbList","@id":"https:\/\/divulguems.com.br\/?p=20403#breadcrumb","itemListElement":[{"@type":"ListItem","position":1,"name":"In\u00edcio","item":"https:\/\/divulguems.com.br\/"},{"@type":"ListItem","position":2,"name":"M\u00e9dico diz que Lula retirou les\u00e3o deve repousar nos pr\u00f3ximos dias"}]},{"@type":"WebSite","@id":"https:\/\/divulguems.com.br\/#website","url":"https:\/\/divulguems.com.br\/","name":"Portal Infoco Brasil","description":"L\u00edder de audi\u00eancia.","publisher":{"@id":"https:\/\/divulguems.com.br\/#organization"},"potentialAction":[{"@type":"SearchAction","target":{"@type":"EntryPoint","urlTemplate":"https:\/\/divulguems.com.br\/?s={search_term_string}"},"query-input":{"@type":"PropertyValueSpecification","valueRequired":true,"valueName":"search_term_string"}}],"inLanguage":"pt-BR"},{"@type":"Organization","@id":"https:\/\/divulguems.com.br\/#organization","name":"Portal Infoco Brasil","url":"https:\/\/divulguems.com.br\/","logo":{"@type":"ImageObject","inLanguage":"pt-BR","@id":"https:\/\/divulguems.com.br\/#\/schema\/logo\/image\/","url":"https:\/\/divulguems.com.br\/wp-content\/uploads\/2025\/04\/LOGO-PNG-AZUL.png","contentUrl":"https:\/\/divulguems.com.br\/wp-content\/uploads\/2025\/04\/LOGO-PNG-AZUL.png","width":1166,"height":475,"caption":"Portal Infoco Brasil"},"image":{"@id":"https:\/\/divulguems.com.br\/#\/schema\/logo\/image\/"},"sameAs":["https:\/\/www.facebook.com\/portalinfocobrasil","https:\/\/www.instagram.com\/portalinfocobrasil"]},{"@type":"Person","@id":"https:\/\/divulguems.com.br\/#\/schema\/person\/85cb29f0608083b8ae66501ac547eec3","name":"gestormovie","image":{"@type":"ImageObject","inLanguage":"pt-BR","@id":"https:\/\/secure.gravatar.com\/avatar\/1a363cacdce58d5745359cac63cadf7cee0b34c09ab5adc6e07dafbc1ad3ceef?s=96&d=mm&r=g","url":"https:\/\/secure.gravatar.com\/avatar\/1a363cacdce58d5745359cac63cadf7cee0b34c09ab5adc6e07dafbc1ad3ceef?s=96&d=mm&r=g","contentUrl":"https:\/\/secure.gravatar.com\/avatar\/1a363cacdce58d5745359cac63cadf7cee0b34c09ab5adc6e07dafbc1ad3ceef?s=96&d=mm&r=g","caption":"gestormovie"},"sameAs":["https:\/\/divulguems.com.br"],"url":"https:\/\/divulguems.com.br\/?author=1"}]}},"_links":{"self":[{"href":"https:\/\/divulguems.com.br\/index.php?rest_route=\/wp\/v2\/posts\/20403","targetHints":{"allow":["GET"]}}],"collection":[{"href":"https:\/\/divulguems.com.br\/index.php?rest_route=\/wp\/v2\/posts"}],"about":[{"href":"https:\/\/divulguems.com.br\/index.php?rest_route=\/wp\/v2\/types\/post"}],"author":[{"embeddable":true,"href":"https:\/\/divulguems.com.br\/index.php?rest_route=\/wp\/v2\/users\/1"}],"replies":[{"embeddable":true,"href":"https:\/\/divulguems.com.br\/index.php?rest_route=%2Fwp%2Fv2%2Fcomments&post=20403"}],"version-history":[{"count":0,"href":"https:\/\/divulguems.com.br\/index.php?rest_route=\/wp\/v2\/posts\/20403\/revisions"}],"wp:featuredmedia":[{"embeddable":true,"href":"https:\/\/divulguems.com.br\/index.php?rest_route=\/wp\/v2\/media\/20404"}],"wp:attachment":[{"href":"https:\/\/divulguems.com.br\/index.php?rest_route=%2Fwp%2Fv2%2Fmedia&parent=20403"}],"wp:term":[{"taxonomy":"category","embeddable":true,"href":"https:\/\/divulguems.com.br\/index.php?rest_route=%2Fwp%2Fv2%2Fcategories&post=20403"},{"taxonomy":"post_tag","embeddable":true,"href":"https:\/\/divulguems.com.br\/index.php?rest_route=%2Fwp%2Fv2%2Ftags&post=20403"}],"curies":[{"name":"wp","href":"https:\/\/api.w.org\/{rel}","templated":true}]}}