{"id":20417,"date":"2026-04-27T21:49:57","date_gmt":"2026-04-28T01:49:57","guid":{"rendered":"https:\/\/divulguems.com.br\/?p=20417"},"modified":"2026-04-27T21:49:57","modified_gmt":"2026-04-28T01:49:57","slug":"embraer-registra-aumento-de-22-em-pedidos-no-primeiro-trimestre","status":"publish","type":"post","link":"https:\/\/divulguems.com.br\/?p=20417","title":{"rendered":"Embraer registra aumento de 22% em pedidos no primeiro trimestre"},"content":{"rendered":"<\/p>\n<p><a class=\"\" href=\"https:\/\/agenciabrasil.ebc.com.br\/economia\/noticia\/2026-04\/embraer-registra-aumento-de-22-em-pedidos-no-primeiro-trimestre\"><br \/>\n                    <img decoding=\"async\" src=\"https:\/\/cdn.jsdelivr.net\/gh\/sergiosdlima\/assets-ebc@1.0.0\/abr\/assets\/images\/logo-agenciabrasil.svg\" alt=\"Logo Ag\u00eancia Brasil\"><br \/>\n\t\t\t\t<\/a><\/p>\n<p><strong>A Embraer divulgou nesta segunda-feira (27) sua carteira de pedidos consolidada no trimestre, indicando crescimento de 22% em rela\u00e7\u00e3o ao primeiro trimestre de 2025.<\/strong> O resultado positivo foi alavancado pelo aumento de pedidos na avia\u00e7\u00e3o comercial, com 50% de aumento e uma carteira de pedidos de 15 bilh\u00f5es de d\u00f3lares.\u00a0<img decoding=\"async\" src=\"https:\/\/agenciabrasil.ebc.com.br\/ebc.png?id=1687462&#038;o=rss\"><img decoding=\"async\" src=\"https:\/\/agenciabrasil.ebc.com.br\/ebc.gif?id=1687462&#038;o=rss\"><\/p>\n<p><strong>A carteira de pedidos da Embraer alcan\u00e7ou US$ 32,1 bilh\u00f5es no primeiro trimestre de 2026, sexto recorde hist\u00f3rico da companhia.<\/strong><\/p>\n<\/p>\n<h3>Not\u00edcias relacionadas:<\/h3>\n<ul>\n<li><a href=\"https:\/\/agenciabrasil.ebc.com.br\/economia\/noticia\/2026-04\/brasil-apresenta-paises-latinos-medidas-para-o-setor-de-aviacao\">Brasil apresenta a pa\u00edses latinos medidas para o setor de avia\u00e7\u00e3o.<\/a><\/li>\n<li><a href=\"https:\/\/agenciabrasil.ebc.com.br\/economia\/noticia\/2026-03\/latam-incorpora-na-frota-os-primeiros-avioes-da-embraer\">Latam vai  incorporar \u00e0 frota os primeiros avi\u00f5es da Embraer .<\/a><\/li>\n<\/ul>\n<p>A empresa entregou 44 aeronaves no per\u00edodo, considerando todas as unidades de neg\u00f3cios. O resultado \u00e9 um aumento de 47% em rela\u00e7\u00e3o \u00e0s 30 entregas no primeiro trimestre de 2025 e totaliza 16% das entregas previstas para o ano de 2026. A estimativa para o ano \u00e9 entre 240 e 255 aeronaves entregues para Avia\u00e7\u00e3o Executiva e Avia\u00e7\u00e3o Comercial combinadas.\u00a0<\/p>\n<p><strong>O destaque foi para as vendas de Avia\u00e7\u00e3o Comercial para a Europa,<\/strong> com a aquisi\u00e7\u00e3o pela a\u00e9rea finlandesa Finnair de um pedido de at\u00e9 46 aeronaves E195\u2011E2, dos quais 18 para esse trimestre, incluindo encomendas firmes, op\u00e7\u00f5es e direitos de compra.<\/p>\n<p>A empresa divulgou, ainda, que as aeronaves da fam\u00edlia Phenom 300 foram reconhecidas como o jato leve mais vendido do mundo pelo 14\u00ba ano consecutivo.<\/p>\n<p>O segmento de Servi\u00e7os &#038; Suporte atingiu n\u00edvel recorde, com valores na casa de US$5,1 bilh\u00f5es e registro de crescimento de 11% em rela\u00e7\u00e3o ao ano anterior.<\/p>\n","protected":false},"excerpt":{"rendered":"<p>A Embraer divulgou nesta segunda-feira (27) sua carteira de pedidos consolidada no trimestre, indicando crescimento de 22% em rela\u00e7\u00e3o ao primeiro trimestre de 2025. O resultado positivo foi alavancado pelo aumento de pedidos na avia\u00e7\u00e3o comercial, com 50% de aumento e uma carteira de pedidos de 15 bilh\u00f5es de d\u00f3lares.\u00a0 A carteira de pedidos da [&hellip;]<\/p>\n","protected":false},"author":386,"featured_media":20418,"comment_status":"open","ping_status":"open","sticky":false,"template":"","format":"standard","meta":{"site-sidebar-layout":"default","site-content-layout":"","ast-site-content-layout":"default","site-content-style":"default","site-sidebar-style":"default","ast-global-header-display":"","ast-banner-title-visibility":"","ast-main-header-display":"","ast-hfb-above-header-display":"","ast-hfb-below-header-display":"","ast-hfb-mobile-header-display":"","site-post-title":"","ast-breadcrumbs-content":"","ast-featured-img":"","footer-sml-layout":"","ast-disable-related-posts":"","theme-transparent-header-meta":"","adv-header-id-meta":"","stick-header-meta":"","header-above-stick-meta":"","header-main-stick-meta":"","header-below-stick-meta":"","astra-migrate-meta-layouts":"default","ast-page-background-enabled":"default","ast-page-background-meta":{"desktop":{"background-color":"var(--ast-global-color-4)","background-image":"","background-repeat":"repeat","background-position":"center center","background-size":"auto","background-attachment":"scroll","background-type":"","background-media":"","overlay-type":"","overlay-color":"","overlay-opacity":"","overlay-gradient":""},"tablet":{"background-color":"","background-image":"","background-repeat":"repeat","background-position":"center center","background-size":"auto","background-attachment":"scroll","background-type":"","background-media":"","overlay-type":"","overlay-color":"","overlay-opacity":"","overlay-gradient":""},"mobile":{"background-color":"","background-image":"","background-repeat":"repeat","background-position":"center center","background-size":"auto","background-attachment":"scroll","background-type":"","background-media":"","overlay-type":"","overlay-color":"","overlay-opacity":"","overlay-gradient":""}},"ast-content-background-meta":{"desktop":{"background-color":"var(--ast-global-color-5)","background-image":"","background-repeat":"repeat","background-position":"center center","background-size":"auto","background-attachment":"scroll","background-type":"","background-media":"","overlay-type":"","overlay-color":"","overlay-opacity":"","overlay-gradient":""},"tablet":{"background-color":"var(--ast-global-color-5)","background-image":"","background-repeat":"repeat","background-position":"center center","background-size":"auto","background-attachment":"scroll","background-type":"","background-media":"","overlay-type":"","overlay-color":"","overlay-opacity":"","overlay-gradient":""},"mobile":{"background-color":"var(--ast-global-color-5)","background-image":"","background-repeat":"repeat","background-position":"center center","background-size":"auto","background-attachment":"scroll","background-type":"","background-media":"","overlay-type":"","overlay-color":"","overlay-opacity":"","overlay-gradient":""}},"footnotes":""},"categories":[3],"tags":[],"class_list":["post-20417","post","type-post","status-publish","format-standard","has-post-thumbnail","hentry","category-seguranca-e-justica"],"yoast_head":"<!-- This site is optimized with the Yoast SEO Premium plugin v23.6 (Yoast SEO v27.4) - https:\/\/yoast.com\/product\/yoast-seo-premium-wordpress\/ -->\n<title>Embraer registra aumento de 22% em pedidos no primeiro trimestre - Divulgue MS<\/title>\n<meta name=\"robots\" content=\"index, follow, max-snippet:-1, max-image-preview:large, max-video-preview:-1\" \/>\n<link rel=\"canonical\" href=\"https:\/\/divulguems.com.br\/?p=20417\" \/>\n<meta property=\"og:locale\" content=\"pt_BR\" \/>\n<meta property=\"og:type\" content=\"article\" \/>\n<meta property=\"og:title\" content=\"Embraer registra aumento de 22% em pedidos no primeiro trimestre\" \/>\n<meta property=\"og:description\" content=\"A Embraer divulgou nesta segunda-feira (27) sua carteira de pedidos consolidada no trimestre, indicando crescimento de 22% em rela\u00e7\u00e3o ao primeiro trimestre de 2025. O resultado positivo foi alavancado pelo aumento de pedidos na avia\u00e7\u00e3o comercial, com 50% de aumento e uma carteira de pedidos de 15 bilh\u00f5es de d\u00f3lares.\u00a0 A carteira de pedidos da [&hellip;]\" \/>\n<meta property=\"og:url\" content=\"https:\/\/divulguems.com.br\/?p=20417\" \/>\n<meta property=\"og:site_name\" content=\"Divulgue MS\" \/>\n<meta property=\"article:publisher\" content=\"https:\/\/www.facebook.com\/portalinfocobrasil\" \/>\n<meta property=\"article:published_time\" content=\"2026-04-28T01:49:57+00:00\" \/>\n<meta property=\"og:image\" content=\"https:\/\/cdn.jsdelivr.net\/gh\/sergiosdlima\/assets-ebc@1.0.0\/abr\/assets\/images\/logo-agenciabrasil.svg\" \/>\n<meta name=\"author\" content=\"Guilherme Jeronymo - Reporter da Agencia Brasil\" \/>\n<meta name=\"twitter:card\" content=\"summary_large_image\" \/>\n<meta name=\"twitter:label1\" content=\"Escrito por\" \/>\n\t<meta name=\"twitter:data1\" content=\"Guilherme Jeronymo - Reporter da Agencia Brasil\" \/>\n\t<meta name=\"twitter:label2\" content=\"Est. tempo de leitura\" \/>\n\t<meta name=\"twitter:data2\" content=\"1 minuto\" \/>\n<script type=\"application\/ld+json\" class=\"yoast-schema-graph\">{\"@context\":\"https:\\\/\\\/schema.org\",\"@graph\":[{\"@type\":\"Article\",\"@id\":\"https:\\\/\\\/divulguems.com.br\\\/?p=20417#article\",\"isPartOf\":{\"@id\":\"https:\\\/\\\/divulguems.com.br\\\/?p=20417\"},\"author\":{\"name\":\"Guilherme Jeronymo - Reporter da Agencia Brasil\",\"@id\":\"https:\\\/\\\/divulguems.com.br\\\/#\\\/schema\\\/person\\\/077414ecf0d40ef747f96d496810eefb\"},\"headline\":\"Embraer registra aumento de 22% em pedidos no primeiro trimestre\",\"datePublished\":\"2026-04-28T01:49:57+00:00\",\"mainEntityOfPage\":{\"@id\":\"https:\\\/\\\/divulguems.com.br\\\/?p=20417\"},\"wordCount\":257,\"commentCount\":0,\"publisher\":{\"@id\":\"https:\\\/\\\/divulguems.com.br\\\/#organization\"},\"image\":{\"@id\":\"https:\\\/\\\/divulguems.com.br\\\/?p=20417#primaryimage\"},\"thumbnailUrl\":\"https:\\\/\\\/divulguems.com.br\\\/wp-content\\\/uploads\\\/2026\\\/04\\\/20417-embraer-registra-aumento-de-22-em-pedidos-no-primeiro-trimestre.jpg\",\"articleSection\":[\"Seguran\u00e7a e Justi\u00e7a\"],\"inLanguage\":\"pt-BR\",\"potentialAction\":[{\"@type\":\"CommentAction\",\"name\":\"Comment\",\"target\":[\"https:\\\/\\\/divulguems.com.br\\\/?p=20417#respond\"]}]},{\"@type\":\"WebPage\",\"@id\":\"https:\\\/\\\/divulguems.com.br\\\/?p=20417\",\"url\":\"https:\\\/\\\/divulguems.com.br\\\/?p=20417\",\"name\":\"Embraer registra aumento de 22% em pedidos no primeiro trimestre - Divulgue MS\",\"isPartOf\":{\"@id\":\"https:\\\/\\\/divulguems.com.br\\\/#website\"},\"primaryImageOfPage\":{\"@id\":\"https:\\\/\\\/divulguems.com.br\\\/?p=20417#primaryimage\"},\"image\":{\"@id\":\"https:\\\/\\\/divulguems.com.br\\\/?p=20417#primaryimage\"},\"thumbnailUrl\":\"https:\\\/\\\/divulguems.com.br\\\/wp-content\\\/uploads\\\/2026\\\/04\\\/20417-embraer-registra-aumento-de-22-em-pedidos-no-primeiro-trimestre.jpg\",\"datePublished\":\"2026-04-28T01:49:57+00:00\",\"breadcrumb\":{\"@id\":\"https:\\\/\\\/divulguems.com.br\\\/?p=20417#breadcrumb\"},\"inLanguage\":\"pt-BR\",\"potentialAction\":[{\"@type\":\"ReadAction\",\"target\":[\"https:\\\/\\\/divulguems.com.br\\\/?p=20417\"]}]},{\"@type\":\"ImageObject\",\"inLanguage\":\"pt-BR\",\"@id\":\"https:\\\/\\\/divulguems.com.br\\\/?p=20417#primaryimage\",\"url\":\"https:\\\/\\\/divulguems.com.br\\\/wp-content\\\/uploads\\\/2026\\\/04\\\/20417-embraer-registra-aumento-de-22-em-pedidos-no-primeiro-trimestre.jpg\",\"contentUrl\":\"https:\\\/\\\/divulguems.com.br\\\/wp-content\\\/uploads\\\/2026\\\/04\\\/20417-embraer-registra-aumento-de-22-em-pedidos-no-primeiro-trimestre.jpg\",\"width\":1600,\"height\":800,\"caption\":\"Embraer registra aumento de 22% em pedidos no primeiro trimestre\"},{\"@type\":\"BreadcrumbList\",\"@id\":\"https:\\\/\\\/divulguems.com.br\\\/?p=20417#breadcrumb\",\"itemListElement\":[{\"@type\":\"ListItem\",\"position\":1,\"name\":\"In\u00edcio\",\"item\":\"https:\\\/\\\/divulguems.com.br\\\/\"},{\"@type\":\"ListItem\",\"position\":2,\"name\":\"Embraer registra aumento de 22% em pedidos no primeiro trimestre\"}]},{\"@type\":\"WebSite\",\"@id\":\"https:\\\/\\\/divulguems.com.br\\\/#website\",\"url\":\"https:\\\/\\\/divulguems.com.br\\\/\",\"name\":\"Portal Infoco Brasil\",\"description\":\"L\u00edder de audi\u00eancia.\",\"publisher\":{\"@id\":\"https:\\\/\\\/divulguems.com.br\\\/#organization\"},\"potentialAction\":[{\"@type\":\"SearchAction\",\"target\":{\"@type\":\"EntryPoint\",\"urlTemplate\":\"https:\\\/\\\/divulguems.com.br\\\/?s={search_term_string}\"},\"query-input\":{\"@type\":\"PropertyValueSpecification\",\"valueRequired\":true,\"valueName\":\"search_term_string\"}}],\"inLanguage\":\"pt-BR\"},{\"@type\":\"Organization\",\"@id\":\"https:\\\/\\\/divulguems.com.br\\\/#organization\",\"name\":\"Portal Infoco Brasil\",\"url\":\"https:\\\/\\\/divulguems.com.br\\\/\",\"logo\":{\"@type\":\"ImageObject\",\"inLanguage\":\"pt-BR\",\"@id\":\"https:\\\/\\\/divulguems.com.br\\\/#\\\/schema\\\/logo\\\/image\\\/\",\"url\":\"https:\\\/\\\/divulguems.com.br\\\/wp-content\\\/uploads\\\/2025\\\/04\\\/LOGO-PNG-AZUL.png\",\"contentUrl\":\"https:\\\/\\\/divulguems.com.br\\\/wp-content\\\/uploads\\\/2025\\\/04\\\/LOGO-PNG-AZUL.png\",\"width\":1166,\"height\":475,\"caption\":\"Portal Infoco Brasil\"},\"image\":{\"@id\":\"https:\\\/\\\/divulguems.com.br\\\/#\\\/schema\\\/logo\\\/image\\\/\"},\"sameAs\":[\"https:\\\/\\\/www.facebook.com\\\/portalinfocobrasil\",\"https:\\\/\\\/www.instagram.com\\\/portalinfocobrasil\"]},{\"@type\":\"Person\",\"@id\":\"https:\\\/\\\/divulguems.com.br\\\/#\\\/schema\\\/person\\\/077414ecf0d40ef747f96d496810eefb\",\"name\":\"Guilherme Jeronymo - Reporter da Agencia Brasil\",\"image\":{\"@type\":\"ImageObject\",\"inLanguage\":\"pt-BR\",\"@id\":\"https:\\\/\\\/secure.gravatar.com\\\/avatar\\\/c32f424ac161cbe945d9106fab3f87d8811a3e484670d5ee67dfcd134b712853?s=96&d=mm&r=g\",\"url\":\"https:\\\/\\\/secure.gravatar.com\\\/avatar\\\/c32f424ac161cbe945d9106fab3f87d8811a3e484670d5ee67dfcd134b712853?s=96&d=mm&r=g\",\"contentUrl\":\"https:\\\/\\\/secure.gravatar.com\\\/avatar\\\/c32f424ac161cbe945d9106fab3f87d8811a3e484670d5ee67dfcd134b712853?s=96&d=mm&r=g\",\"caption\":\"Guilherme Jeronymo - Reporter da Agencia Brasil\"},\"url\":\"https:\\\/\\\/divulguems.com.br\\\/?author=386\"}]}<\/script>\n<!-- \/ Yoast SEO Premium plugin. -->","yoast_head_json":{"title":"Embraer registra aumento de 22% em pedidos no primeiro trimestre - Divulgue MS","robots":{"index":"index","follow":"follow","max-snippet":"max-snippet:-1","max-image-preview":"max-image-preview:large","max-video-preview":"max-video-preview:-1"},"canonical":"https:\/\/divulguems.com.br\/?p=20417","og_locale":"pt_BR","og_type":"article","og_title":"Embraer registra aumento de 22% em pedidos no primeiro trimestre","og_description":"A Embraer divulgou nesta segunda-feira (27) sua carteira de pedidos consolidada no trimestre, indicando crescimento de 22% em rela\u00e7\u00e3o ao primeiro trimestre de 2025. O resultado positivo foi alavancado pelo aumento de pedidos na avia\u00e7\u00e3o comercial, com 50% de aumento e uma carteira de pedidos de 15 bilh\u00f5es de d\u00f3lares.\u00a0 A carteira de pedidos da [&hellip;]","og_url":"https:\/\/divulguems.com.br\/?p=20417","og_site_name":"Divulgue MS","article_publisher":"https:\/\/www.facebook.com\/portalinfocobrasil","article_published_time":"2026-04-28T01:49:57+00:00","og_image":[{"url":"https:\/\/cdn.jsdelivr.net\/gh\/sergiosdlima\/assets-ebc@1.0.0\/abr\/assets\/images\/logo-agenciabrasil.svg","type":"","width":"","height":""}],"author":"Guilherme Jeronymo - Reporter da Agencia Brasil","twitter_card":"summary_large_image","twitter_misc":{"Escrito por":"Guilherme Jeronymo - Reporter da Agencia Brasil","Est. tempo de leitura":"1 minuto"},"schema":{"@context":"https:\/\/schema.org","@graph":[{"@type":"Article","@id":"https:\/\/divulguems.com.br\/?p=20417#article","isPartOf":{"@id":"https:\/\/divulguems.com.br\/?p=20417"},"author":{"name":"Guilherme Jeronymo - Reporter da Agencia Brasil","@id":"https:\/\/divulguems.com.br\/#\/schema\/person\/077414ecf0d40ef747f96d496810eefb"},"headline":"Embraer registra aumento de 22% em pedidos no primeiro trimestre","datePublished":"2026-04-28T01:49:57+00:00","mainEntityOfPage":{"@id":"https:\/\/divulguems.com.br\/?p=20417"},"wordCount":257,"commentCount":0,"publisher":{"@id":"https:\/\/divulguems.com.br\/#organization"},"image":{"@id":"https:\/\/divulguems.com.br\/?p=20417#primaryimage"},"thumbnailUrl":"https:\/\/divulguems.com.br\/wp-content\/uploads\/2026\/04\/20417-embraer-registra-aumento-de-22-em-pedidos-no-primeiro-trimestre.jpg","articleSection":["Seguran\u00e7a e Justi\u00e7a"],"inLanguage":"pt-BR","potentialAction":[{"@type":"CommentAction","name":"Comment","target":["https:\/\/divulguems.com.br\/?p=20417#respond"]}]},{"@type":"WebPage","@id":"https:\/\/divulguems.com.br\/?p=20417","url":"https:\/\/divulguems.com.br\/?p=20417","name":"Embraer registra aumento de 22% em pedidos no primeiro trimestre - Divulgue MS","isPartOf":{"@id":"https:\/\/divulguems.com.br\/#website"},"primaryImageOfPage":{"@id":"https:\/\/divulguems.com.br\/?p=20417#primaryimage"},"image":{"@id":"https:\/\/divulguems.com.br\/?p=20417#primaryimage"},"thumbnailUrl":"https:\/\/divulguems.com.br\/wp-content\/uploads\/2026\/04\/20417-embraer-registra-aumento-de-22-em-pedidos-no-primeiro-trimestre.jpg","datePublished":"2026-04-28T01:49:57+00:00","breadcrumb":{"@id":"https:\/\/divulguems.com.br\/?p=20417#breadcrumb"},"inLanguage":"pt-BR","potentialAction":[{"@type":"ReadAction","target":["https:\/\/divulguems.com.br\/?p=20417"]}]},{"@type":"ImageObject","inLanguage":"pt-BR","@id":"https:\/\/divulguems.com.br\/?p=20417#primaryimage","url":"https:\/\/divulguems.com.br\/wp-content\/uploads\/2026\/04\/20417-embraer-registra-aumento-de-22-em-pedidos-no-primeiro-trimestre.jpg","contentUrl":"https:\/\/divulguems.com.br\/wp-content\/uploads\/2026\/04\/20417-embraer-registra-aumento-de-22-em-pedidos-no-primeiro-trimestre.jpg","width":1600,"height":800,"caption":"Embraer registra aumento de 22% em pedidos no primeiro trimestre"},{"@type":"BreadcrumbList","@id":"https:\/\/divulguems.com.br\/?p=20417#breadcrumb","itemListElement":[{"@type":"ListItem","position":1,"name":"In\u00edcio","item":"https:\/\/divulguems.com.br\/"},{"@type":"ListItem","position":2,"name":"Embraer registra aumento de 22% em pedidos no primeiro trimestre"}]},{"@type":"WebSite","@id":"https:\/\/divulguems.com.br\/#website","url":"https:\/\/divulguems.com.br\/","name":"Portal Infoco Brasil","description":"L\u00edder de audi\u00eancia.","publisher":{"@id":"https:\/\/divulguems.com.br\/#organization"},"potentialAction":[{"@type":"SearchAction","target":{"@type":"EntryPoint","urlTemplate":"https:\/\/divulguems.com.br\/?s={search_term_string}"},"query-input":{"@type":"PropertyValueSpecification","valueRequired":true,"valueName":"search_term_string"}}],"inLanguage":"pt-BR"},{"@type":"Organization","@id":"https:\/\/divulguems.com.br\/#organization","name":"Portal Infoco Brasil","url":"https:\/\/divulguems.com.br\/","logo":{"@type":"ImageObject","inLanguage":"pt-BR","@id":"https:\/\/divulguems.com.br\/#\/schema\/logo\/image\/","url":"https:\/\/divulguems.com.br\/wp-content\/uploads\/2025\/04\/LOGO-PNG-AZUL.png","contentUrl":"https:\/\/divulguems.com.br\/wp-content\/uploads\/2025\/04\/LOGO-PNG-AZUL.png","width":1166,"height":475,"caption":"Portal Infoco Brasil"},"image":{"@id":"https:\/\/divulguems.com.br\/#\/schema\/logo\/image\/"},"sameAs":["https:\/\/www.facebook.com\/portalinfocobrasil","https:\/\/www.instagram.com\/portalinfocobrasil"]},{"@type":"Person","@id":"https:\/\/divulguems.com.br\/#\/schema\/person\/077414ecf0d40ef747f96d496810eefb","name":"Guilherme Jeronymo - Reporter da Agencia Brasil","image":{"@type":"ImageObject","inLanguage":"pt-BR","@id":"https:\/\/secure.gravatar.com\/avatar\/c32f424ac161cbe945d9106fab3f87d8811a3e484670d5ee67dfcd134b712853?s=96&d=mm&r=g","url":"https:\/\/secure.gravatar.com\/avatar\/c32f424ac161cbe945d9106fab3f87d8811a3e484670d5ee67dfcd134b712853?s=96&d=mm&r=g","contentUrl":"https:\/\/secure.gravatar.com\/avatar\/c32f424ac161cbe945d9106fab3f87d8811a3e484670d5ee67dfcd134b712853?s=96&d=mm&r=g","caption":"Guilherme Jeronymo - Reporter da Agencia Brasil"},"url":"https:\/\/divulguems.com.br\/?author=386"}]}},"_links":{"self":[{"href":"https:\/\/divulguems.com.br\/index.php?rest_route=\/wp\/v2\/posts\/20417","targetHints":{"allow":["GET"]}}],"collection":[{"href":"https:\/\/divulguems.com.br\/index.php?rest_route=\/wp\/v2\/posts"}],"about":[{"href":"https:\/\/divulguems.com.br\/index.php?rest_route=\/wp\/v2\/types\/post"}],"author":[{"embeddable":true,"href":"https:\/\/divulguems.com.br\/index.php?rest_route=\/wp\/v2\/users\/386"}],"replies":[{"embeddable":true,"href":"https:\/\/divulguems.com.br\/index.php?rest_route=%2Fwp%2Fv2%2Fcomments&post=20417"}],"version-history":[{"count":0,"href":"https:\/\/divulguems.com.br\/index.php?rest_route=\/wp\/v2\/posts\/20417\/revisions"}],"wp:featuredmedia":[{"embeddable":true,"href":"https:\/\/divulguems.com.br\/index.php?rest_route=\/wp\/v2\/media\/20418"}],"wp:attachment":[{"href":"https:\/\/divulguems.com.br\/index.php?rest_route=%2Fwp%2Fv2%2Fmedia&parent=20417"}],"wp:term":[{"taxonomy":"category","embeddable":true,"href":"https:\/\/divulguems.com.br\/index.php?rest_route=%2Fwp%2Fv2%2Fcategories&post=20417"},{"taxonomy":"post_tag","embeddable":true,"href":"https:\/\/divulguems.com.br\/index.php?rest_route=%2Fwp%2Fv2%2Ftags&post=20417"}],"curies":[{"name":"wp","href":"https:\/\/api.w.org\/{rel}","templated":true}]}}