{"id":20421,"date":"2026-04-27T21:49:59","date_gmt":"2026-04-28T01:49:59","guid":{"rendered":"https:\/\/divulguems.com.br\/?p=20421"},"modified":"2026-04-27T21:49:59","modified_gmt":"2026-04-28T01:49:59","slug":"estudante-acusado-de-matar-brasileira-no-paraguai-esta-foragido","status":"publish","type":"post","link":"https:\/\/divulguems.com.br\/?p=20421","title":{"rendered":"Estudante acusado de matar brasileira no Paraguai est\u00e1 foragido"},"content":{"rendered":"<p>O\u00a0acusado de matar a estudante brasileira, v\u00edtima de feminic\u00eddio na \u00faltima sexta-feira (24), segue desaparecido.\u00a0<img decoding=\"async\" src=\"https:\/\/agenciabrasil.ebc.com.br\/ebc.png?id=1687360&#038;o=rss\"><img decoding=\"async\" src=\"https:\/\/agenciabrasil.ebc.com.br\/ebc.gif?id=1687360&#038;o=rss\"><\/p>\n<p>Julia Vit\u00f3ria Sobierai Cardoso, de 23 anos, cursava medicina, na Universidade de Integra\u00e7\u00e3o das Am\u00e9ricas, em Ciudad del Este, perto da fronteira com o Brasil.<\/p>\n<p>De acordo com a imprensa paraguaia, ela foi encontrada com 67 ferimentos por l\u00e2mina, em seu apartamento no Edif\u00edcio Don Galo, localizado no bairro Obrero, onde vivia com uma colega.<\/p>\n<p>Dois objetos cortantes, uma faca e uma tesoura tamb\u00e9m estavam no local.<\/p>\n<p>O corpo de J\u00falia foi encontrado por uma colega, quando retornava da universidade.<\/p>\n<p>A promotoria informou \u00e0 imprensa que o principal suspeito do feminic\u00eddio \u00e9 o ex-companheiro da v\u00edtima, Vitor Rangel Aguiar, de 27 anos, tamb\u00e9m brasileiro e estudante de medicina.<\/p>\n<p>Segundo testemunhas, uma discuss\u00e3o foi ouvida naquela manh\u00e3, vinda do quarto da v\u00edtima. Vitor, ex-companheiro de uma rela\u00e7\u00e3o terminada h\u00e1 alguns meses, foi visto no local.<\/p>\n<p>Ainda segundo jornais paraguaios, a pol\u00edcia realizou buscas no edif\u00edcio onde moram os irm\u00e3os do brasileiro, mas ele n\u00e3o foi localizado.<\/p>\n<p>As autoridades paraguaias emitiram ordem de captura e n\u00e3o descartam a possibilidade de o brasileiro ter cruzado a fronteira de volta para o Brasil.<\/p>\n<p>  <span class=\"hms hms-format-m-ss\">1:16<\/span><\/p>\n","protected":false},"excerpt":{"rendered":"<p>O\u00a0acusado de matar a estudante brasileira, v\u00edtima de feminic\u00eddio na \u00faltima sexta-feira (24), segue desaparecido.\u00a0 Julia Vit\u00f3ria Sobierai Cardoso, de 23 anos, cursava medicina, na Universidade de Integra\u00e7\u00e3o das Am\u00e9ricas, em Ciudad del Este, perto da fronteira com o Brasil. De acordo com a imprensa paraguaia, ela foi encontrada com 67 ferimentos por l\u00e2mina, em [&hellip;]<\/p>\n","protected":false},"author":462,"featured_media":20422,"comment_status":"open","ping_status":"open","sticky":false,"template":"","format":"standard","meta":{"site-sidebar-layout":"default","site-content-layout":"","ast-site-content-layout":"default","site-content-style":"default","site-sidebar-style":"default","ast-global-header-display":"","ast-banner-title-visibility":"","ast-main-header-display":"","ast-hfb-above-header-display":"","ast-hfb-below-header-display":"","ast-hfb-mobile-header-display":"","site-post-title":"","ast-breadcrumbs-content":"","ast-featured-img":"","footer-sml-layout":"","ast-disable-related-posts":"","theme-transparent-header-meta":"","adv-header-id-meta":"","stick-header-meta":"","header-above-stick-meta":"","header-main-stick-meta":"","header-below-stick-meta":"","astra-migrate-meta-layouts":"default","ast-page-background-enabled":"default","ast-page-background-meta":{"desktop":{"background-color":"var(--ast-global-color-4)","background-image":"","background-repeat":"repeat","background-position":"center center","background-size":"auto","background-attachment":"scroll","background-type":"","background-media":"","overlay-type":"","overlay-color":"","overlay-opacity":"","overlay-gradient":""},"tablet":{"background-color":"","background-image":"","background-repeat":"repeat","background-position":"center center","background-size":"auto","background-attachment":"scroll","background-type":"","background-media":"","overlay-type":"","overlay-color":"","overlay-opacity":"","overlay-gradient":""},"mobile":{"background-color":"","background-image":"","background-repeat":"repeat","background-position":"center center","background-size":"auto","background-attachment":"scroll","background-type":"","background-media":"","overlay-type":"","overlay-color":"","overlay-opacity":"","overlay-gradient":""}},"ast-content-background-meta":{"desktop":{"background-color":"var(--ast-global-color-5)","background-image":"","background-repeat":"repeat","background-position":"center center","background-size":"auto","background-attachment":"scroll","background-type":"","background-media":"","overlay-type":"","overlay-color":"","overlay-opacity":"","overlay-gradient":""},"tablet":{"background-color":"var(--ast-global-color-5)","background-image":"","background-repeat":"repeat","background-position":"center center","background-size":"auto","background-attachment":"scroll","background-type":"","background-media":"","overlay-type":"","overlay-color":"","overlay-opacity":"","overlay-gradient":""},"mobile":{"background-color":"var(--ast-global-color-5)","background-image":"","background-repeat":"repeat","background-position":"center center","background-size":"auto","background-attachment":"scroll","background-type":"","background-media":"","overlay-type":"","overlay-color":"","overlay-opacity":"","overlay-gradient":""}},"footnotes":""},"categories":[4],"tags":[],"class_list":["post-20421","post","type-post","status-publish","format-standard","has-post-thumbnail","hentry","category-politica"],"yoast_head":"<!-- This site is optimized with the Yoast SEO Premium plugin v23.6 (Yoast SEO v27.4) - https:\/\/yoast.com\/product\/yoast-seo-premium-wordpress\/ -->\n<title>Estudante acusado de matar brasileira no Paraguai est\u00e1 foragido - Divulgue MS<\/title>\n<meta name=\"robots\" content=\"index, follow, max-snippet:-1, max-image-preview:large, max-video-preview:-1\" \/>\n<link rel=\"canonical\" href=\"https:\/\/divulguems.com.br\/?p=20421\" \/>\n<meta property=\"og:locale\" content=\"pt_BR\" \/>\n<meta property=\"og:type\" content=\"article\" \/>\n<meta property=\"og:title\" content=\"Estudante acusado de matar brasileira no Paraguai est\u00e1 foragido\" \/>\n<meta property=\"og:description\" content=\"O\u00a0acusado de matar a estudante brasileira, v\u00edtima de feminic\u00eddio na \u00faltima sexta-feira (24), segue desaparecido.\u00a0 Julia Vit\u00f3ria Sobierai Cardoso, de 23 anos, cursava medicina, na Universidade de Integra\u00e7\u00e3o das Am\u00e9ricas, em Ciudad del Este, perto da fronteira com o Brasil. De acordo com a imprensa paraguaia, ela foi encontrada com 67 ferimentos por l\u00e2mina, em [&hellip;]\" \/>\n<meta property=\"og:url\" content=\"https:\/\/divulguems.com.br\/?p=20421\" \/>\n<meta property=\"og:site_name\" content=\"Divulgue MS\" \/>\n<meta property=\"article:publisher\" content=\"https:\/\/www.facebook.com\/portalinfocobrasil\" \/>\n<meta property=\"article:published_time\" content=\"2026-04-28T01:49:59+00:00\" \/>\n<meta property=\"og:image\" content=\"https:\/\/agenciabrasil.ebc.com.br\/ebc.png?id=1687360&o=rss\" \/>\n<meta name=\"author\" content=\"Gabriel Correa - Reporter da Radio Nacional\" \/>\n<meta name=\"twitter:card\" content=\"summary_large_image\" \/>\n<meta name=\"twitter:label1\" content=\"Escrito por\" \/>\n\t<meta name=\"twitter:data1\" content=\"Gabriel Correa - Reporter da Radio Nacional\" \/>\n\t<meta name=\"twitter:label2\" content=\"Est. tempo de leitura\" \/>\n\t<meta name=\"twitter:data2\" content=\"1 minuto\" \/>\n<script type=\"application\/ld+json\" class=\"yoast-schema-graph\">{\"@context\":\"https:\\\/\\\/schema.org\",\"@graph\":[{\"@type\":\"Article\",\"@id\":\"https:\\\/\\\/divulguems.com.br\\\/?p=20421#article\",\"isPartOf\":{\"@id\":\"https:\\\/\\\/divulguems.com.br\\\/?p=20421\"},\"author\":{\"name\":\"Gabriel Correa - Reporter da Radio Nacional\",\"@id\":\"https:\\\/\\\/divulguems.com.br\\\/#\\\/schema\\\/person\\\/bfbb07e5a4582d8bf62a8eda3732c750\"},\"headline\":\"Estudante acusado de matar brasileira no Paraguai est\u00e1 foragido\",\"datePublished\":\"2026-04-28T01:49:59+00:00\",\"mainEntityOfPage\":{\"@id\":\"https:\\\/\\\/divulguems.com.br\\\/?p=20421\"},\"wordCount\":218,\"commentCount\":0,\"publisher\":{\"@id\":\"https:\\\/\\\/divulguems.com.br\\\/#organization\"},\"image\":{\"@id\":\"https:\\\/\\\/divulguems.com.br\\\/?p=20421#primaryimage\"},\"thumbnailUrl\":\"https:\\\/\\\/divulguems.com.br\\\/wp-content\\\/uploads\\\/2026\\\/04\\\/20421-estudante-acusado-de-matar-brasileira-no-paraguai-esta-foragido.jpg\",\"articleSection\":[\"Pol\u00edtica\"],\"inLanguage\":\"pt-BR\",\"potentialAction\":[{\"@type\":\"CommentAction\",\"name\":\"Comment\",\"target\":[\"https:\\\/\\\/divulguems.com.br\\\/?p=20421#respond\"]}]},{\"@type\":\"WebPage\",\"@id\":\"https:\\\/\\\/divulguems.com.br\\\/?p=20421\",\"url\":\"https:\\\/\\\/divulguems.com.br\\\/?p=20421\",\"name\":\"Estudante acusado de matar brasileira no Paraguai est\u00e1 foragido - Divulgue MS\",\"isPartOf\":{\"@id\":\"https:\\\/\\\/divulguems.com.br\\\/#website\"},\"primaryImageOfPage\":{\"@id\":\"https:\\\/\\\/divulguems.com.br\\\/?p=20421#primaryimage\"},\"image\":{\"@id\":\"https:\\\/\\\/divulguems.com.br\\\/?p=20421#primaryimage\"},\"thumbnailUrl\":\"https:\\\/\\\/divulguems.com.br\\\/wp-content\\\/uploads\\\/2026\\\/04\\\/20421-estudante-acusado-de-matar-brasileira-no-paraguai-esta-foragido.jpg\",\"datePublished\":\"2026-04-28T01:49:59+00:00\",\"breadcrumb\":{\"@id\":\"https:\\\/\\\/divulguems.com.br\\\/?p=20421#breadcrumb\"},\"inLanguage\":\"pt-BR\",\"potentialAction\":[{\"@type\":\"ReadAction\",\"target\":[\"https:\\\/\\\/divulguems.com.br\\\/?p=20421\"]}]},{\"@type\":\"ImageObject\",\"inLanguage\":\"pt-BR\",\"@id\":\"https:\\\/\\\/divulguems.com.br\\\/?p=20421#primaryimage\",\"url\":\"https:\\\/\\\/divulguems.com.br\\\/wp-content\\\/uploads\\\/2026\\\/04\\\/20421-estudante-acusado-de-matar-brasileira-no-paraguai-esta-foragido.jpg\",\"contentUrl\":\"https:\\\/\\\/divulguems.com.br\\\/wp-content\\\/uploads\\\/2026\\\/04\\\/20421-estudante-acusado-de-matar-brasileira-no-paraguai-esta-foragido.jpg\",\"width\":1600,\"height\":800,\"caption\":\"Estudante acusado de matar brasileira no Paraguai est\u00e1 foragido\"},{\"@type\":\"BreadcrumbList\",\"@id\":\"https:\\\/\\\/divulguems.com.br\\\/?p=20421#breadcrumb\",\"itemListElement\":[{\"@type\":\"ListItem\",\"position\":1,\"name\":\"In\u00edcio\",\"item\":\"https:\\\/\\\/divulguems.com.br\\\/\"},{\"@type\":\"ListItem\",\"position\":2,\"name\":\"Estudante acusado de matar brasileira no Paraguai est\u00e1 foragido\"}]},{\"@type\":\"WebSite\",\"@id\":\"https:\\\/\\\/divulguems.com.br\\\/#website\",\"url\":\"https:\\\/\\\/divulguems.com.br\\\/\",\"name\":\"Portal Infoco Brasil\",\"description\":\"L\u00edder de audi\u00eancia.\",\"publisher\":{\"@id\":\"https:\\\/\\\/divulguems.com.br\\\/#organization\"},\"potentialAction\":[{\"@type\":\"SearchAction\",\"target\":{\"@type\":\"EntryPoint\",\"urlTemplate\":\"https:\\\/\\\/divulguems.com.br\\\/?s={search_term_string}\"},\"query-input\":{\"@type\":\"PropertyValueSpecification\",\"valueRequired\":true,\"valueName\":\"search_term_string\"}}],\"inLanguage\":\"pt-BR\"},{\"@type\":\"Organization\",\"@id\":\"https:\\\/\\\/divulguems.com.br\\\/#organization\",\"name\":\"Portal Infoco Brasil\",\"url\":\"https:\\\/\\\/divulguems.com.br\\\/\",\"logo\":{\"@type\":\"ImageObject\",\"inLanguage\":\"pt-BR\",\"@id\":\"https:\\\/\\\/divulguems.com.br\\\/#\\\/schema\\\/logo\\\/image\\\/\",\"url\":\"https:\\\/\\\/divulguems.com.br\\\/wp-content\\\/uploads\\\/2025\\\/04\\\/LOGO-PNG-AZUL.png\",\"contentUrl\":\"https:\\\/\\\/divulguems.com.br\\\/wp-content\\\/uploads\\\/2025\\\/04\\\/LOGO-PNG-AZUL.png\",\"width\":1166,\"height\":475,\"caption\":\"Portal Infoco Brasil\"},\"image\":{\"@id\":\"https:\\\/\\\/divulguems.com.br\\\/#\\\/schema\\\/logo\\\/image\\\/\"},\"sameAs\":[\"https:\\\/\\\/www.facebook.com\\\/portalinfocobrasil\",\"https:\\\/\\\/www.instagram.com\\\/portalinfocobrasil\"]},{\"@type\":\"Person\",\"@id\":\"https:\\\/\\\/divulguems.com.br\\\/#\\\/schema\\\/person\\\/bfbb07e5a4582d8bf62a8eda3732c750\",\"name\":\"Gabriel Correa - Reporter da Radio Nacional\",\"image\":{\"@type\":\"ImageObject\",\"inLanguage\":\"pt-BR\",\"@id\":\"https:\\\/\\\/secure.gravatar.com\\\/avatar\\\/3b9126790d0616b677f1d200d8072fabf7b9a471c8e68b733cb7d7d25e3567fa?s=96&d=mm&r=g\",\"url\":\"https:\\\/\\\/secure.gravatar.com\\\/avatar\\\/3b9126790d0616b677f1d200d8072fabf7b9a471c8e68b733cb7d7d25e3567fa?s=96&d=mm&r=g\",\"contentUrl\":\"https:\\\/\\\/secure.gravatar.com\\\/avatar\\\/3b9126790d0616b677f1d200d8072fabf7b9a471c8e68b733cb7d7d25e3567fa?s=96&d=mm&r=g\",\"caption\":\"Gabriel Correa - Reporter da Radio Nacional\"},\"url\":\"https:\\\/\\\/divulguems.com.br\\\/?author=462\"}]}<\/script>\n<!-- \/ Yoast SEO Premium plugin. -->","yoast_head_json":{"title":"Estudante acusado de matar brasileira no Paraguai est\u00e1 foragido - Divulgue MS","robots":{"index":"index","follow":"follow","max-snippet":"max-snippet:-1","max-image-preview":"max-image-preview:large","max-video-preview":"max-video-preview:-1"},"canonical":"https:\/\/divulguems.com.br\/?p=20421","og_locale":"pt_BR","og_type":"article","og_title":"Estudante acusado de matar brasileira no Paraguai est\u00e1 foragido","og_description":"O\u00a0acusado de matar a estudante brasileira, v\u00edtima de feminic\u00eddio na \u00faltima sexta-feira (24), segue desaparecido.\u00a0 Julia Vit\u00f3ria Sobierai Cardoso, de 23 anos, cursava medicina, na Universidade de Integra\u00e7\u00e3o das Am\u00e9ricas, em Ciudad del Este, perto da fronteira com o Brasil. De acordo com a imprensa paraguaia, ela foi encontrada com 67 ferimentos por l\u00e2mina, em [&hellip;]","og_url":"https:\/\/divulguems.com.br\/?p=20421","og_site_name":"Divulgue MS","article_publisher":"https:\/\/www.facebook.com\/portalinfocobrasil","article_published_time":"2026-04-28T01:49:59+00:00","og_image":[{"url":"https:\/\/agenciabrasil.ebc.com.br\/ebc.png?id=1687360&o=rss","type":"","width":"","height":""}],"author":"Gabriel Correa - Reporter da Radio Nacional","twitter_card":"summary_large_image","twitter_misc":{"Escrito por":"Gabriel Correa - Reporter da Radio Nacional","Est. tempo de leitura":"1 minuto"},"schema":{"@context":"https:\/\/schema.org","@graph":[{"@type":"Article","@id":"https:\/\/divulguems.com.br\/?p=20421#article","isPartOf":{"@id":"https:\/\/divulguems.com.br\/?p=20421"},"author":{"name":"Gabriel Correa - Reporter da Radio Nacional","@id":"https:\/\/divulguems.com.br\/#\/schema\/person\/bfbb07e5a4582d8bf62a8eda3732c750"},"headline":"Estudante acusado de matar brasileira no Paraguai est\u00e1 foragido","datePublished":"2026-04-28T01:49:59+00:00","mainEntityOfPage":{"@id":"https:\/\/divulguems.com.br\/?p=20421"},"wordCount":218,"commentCount":0,"publisher":{"@id":"https:\/\/divulguems.com.br\/#organization"},"image":{"@id":"https:\/\/divulguems.com.br\/?p=20421#primaryimage"},"thumbnailUrl":"https:\/\/divulguems.com.br\/wp-content\/uploads\/2026\/04\/20421-estudante-acusado-de-matar-brasileira-no-paraguai-esta-foragido.jpg","articleSection":["Pol\u00edtica"],"inLanguage":"pt-BR","potentialAction":[{"@type":"CommentAction","name":"Comment","target":["https:\/\/divulguems.com.br\/?p=20421#respond"]}]},{"@type":"WebPage","@id":"https:\/\/divulguems.com.br\/?p=20421","url":"https:\/\/divulguems.com.br\/?p=20421","name":"Estudante acusado de matar brasileira no Paraguai est\u00e1 foragido - Divulgue MS","isPartOf":{"@id":"https:\/\/divulguems.com.br\/#website"},"primaryImageOfPage":{"@id":"https:\/\/divulguems.com.br\/?p=20421#primaryimage"},"image":{"@id":"https:\/\/divulguems.com.br\/?p=20421#primaryimage"},"thumbnailUrl":"https:\/\/divulguems.com.br\/wp-content\/uploads\/2026\/04\/20421-estudante-acusado-de-matar-brasileira-no-paraguai-esta-foragido.jpg","datePublished":"2026-04-28T01:49:59+00:00","breadcrumb":{"@id":"https:\/\/divulguems.com.br\/?p=20421#breadcrumb"},"inLanguage":"pt-BR","potentialAction":[{"@type":"ReadAction","target":["https:\/\/divulguems.com.br\/?p=20421"]}]},{"@type":"ImageObject","inLanguage":"pt-BR","@id":"https:\/\/divulguems.com.br\/?p=20421#primaryimage","url":"https:\/\/divulguems.com.br\/wp-content\/uploads\/2026\/04\/20421-estudante-acusado-de-matar-brasileira-no-paraguai-esta-foragido.jpg","contentUrl":"https:\/\/divulguems.com.br\/wp-content\/uploads\/2026\/04\/20421-estudante-acusado-de-matar-brasileira-no-paraguai-esta-foragido.jpg","width":1600,"height":800,"caption":"Estudante acusado de matar brasileira no Paraguai est\u00e1 foragido"},{"@type":"BreadcrumbList","@id":"https:\/\/divulguems.com.br\/?p=20421#breadcrumb","itemListElement":[{"@type":"ListItem","position":1,"name":"In\u00edcio","item":"https:\/\/divulguems.com.br\/"},{"@type":"ListItem","position":2,"name":"Estudante acusado de matar brasileira no Paraguai est\u00e1 foragido"}]},{"@type":"WebSite","@id":"https:\/\/divulguems.com.br\/#website","url":"https:\/\/divulguems.com.br\/","name":"Portal Infoco Brasil","description":"L\u00edder de audi\u00eancia.","publisher":{"@id":"https:\/\/divulguems.com.br\/#organization"},"potentialAction":[{"@type":"SearchAction","target":{"@type":"EntryPoint","urlTemplate":"https:\/\/divulguems.com.br\/?s={search_term_string}"},"query-input":{"@type":"PropertyValueSpecification","valueRequired":true,"valueName":"search_term_string"}}],"inLanguage":"pt-BR"},{"@type":"Organization","@id":"https:\/\/divulguems.com.br\/#organization","name":"Portal Infoco Brasil","url":"https:\/\/divulguems.com.br\/","logo":{"@type":"ImageObject","inLanguage":"pt-BR","@id":"https:\/\/divulguems.com.br\/#\/schema\/logo\/image\/","url":"https:\/\/divulguems.com.br\/wp-content\/uploads\/2025\/04\/LOGO-PNG-AZUL.png","contentUrl":"https:\/\/divulguems.com.br\/wp-content\/uploads\/2025\/04\/LOGO-PNG-AZUL.png","width":1166,"height":475,"caption":"Portal Infoco Brasil"},"image":{"@id":"https:\/\/divulguems.com.br\/#\/schema\/logo\/image\/"},"sameAs":["https:\/\/www.facebook.com\/portalinfocobrasil","https:\/\/www.instagram.com\/portalinfocobrasil"]},{"@type":"Person","@id":"https:\/\/divulguems.com.br\/#\/schema\/person\/bfbb07e5a4582d8bf62a8eda3732c750","name":"Gabriel Correa - Reporter da Radio Nacional","image":{"@type":"ImageObject","inLanguage":"pt-BR","@id":"https:\/\/secure.gravatar.com\/avatar\/3b9126790d0616b677f1d200d8072fabf7b9a471c8e68b733cb7d7d25e3567fa?s=96&d=mm&r=g","url":"https:\/\/secure.gravatar.com\/avatar\/3b9126790d0616b677f1d200d8072fabf7b9a471c8e68b733cb7d7d25e3567fa?s=96&d=mm&r=g","contentUrl":"https:\/\/secure.gravatar.com\/avatar\/3b9126790d0616b677f1d200d8072fabf7b9a471c8e68b733cb7d7d25e3567fa?s=96&d=mm&r=g","caption":"Gabriel Correa - Reporter da Radio Nacional"},"url":"https:\/\/divulguems.com.br\/?author=462"}]}},"_links":{"self":[{"href":"https:\/\/divulguems.com.br\/index.php?rest_route=\/wp\/v2\/posts\/20421","targetHints":{"allow":["GET"]}}],"collection":[{"href":"https:\/\/divulguems.com.br\/index.php?rest_route=\/wp\/v2\/posts"}],"about":[{"href":"https:\/\/divulguems.com.br\/index.php?rest_route=\/wp\/v2\/types\/post"}],"author":[{"embeddable":true,"href":"https:\/\/divulguems.com.br\/index.php?rest_route=\/wp\/v2\/users\/462"}],"replies":[{"embeddable":true,"href":"https:\/\/divulguems.com.br\/index.php?rest_route=%2Fwp%2Fv2%2Fcomments&post=20421"}],"version-history":[{"count":0,"href":"https:\/\/divulguems.com.br\/index.php?rest_route=\/wp\/v2\/posts\/20421\/revisions"}],"wp:featuredmedia":[{"embeddable":true,"href":"https:\/\/divulguems.com.br\/index.php?rest_route=\/wp\/v2\/media\/20422"}],"wp:attachment":[{"href":"https:\/\/divulguems.com.br\/index.php?rest_route=%2Fwp%2Fv2%2Fmedia&parent=20421"}],"wp:term":[{"taxonomy":"category","embeddable":true,"href":"https:\/\/divulguems.com.br\/index.php?rest_route=%2Fwp%2Fv2%2Fcategories&post=20421"},{"taxonomy":"post_tag","embeddable":true,"href":"https:\/\/divulguems.com.br\/index.php?rest_route=%2Fwp%2Fv2%2Ftags&post=20421"}],"curies":[{"name":"wp","href":"https:\/\/api.w.org\/{rel}","templated":true}]}}