{"id":20423,"date":"2026-04-27T21:50:00","date_gmt":"2026-04-28T01:50:00","guid":{"rendered":"https:\/\/divulguems.com.br\/?p=20423"},"modified":"2026-04-27T21:50:00","modified_gmt":"2026-04-28T01:50:00","slug":"moraes-concede-domiciliar-a-fatima-de-tubarao-e-mais-18-idosos-do-8-01","status":"publish","type":"post","link":"https:\/\/divulguems.com.br\/?p=20423","title":{"rendered":"Moraes concede domiciliar a F\u00e1tima de Tubar\u00e3o e mais 18 idosos do 8\/01"},"content":{"rendered":"<\/p>\n<p><a class=\"\" href=\"https:\/\/agenciabrasil.ebc.com.br\/justica\/noticia\/2026-04\/moraes-concede-domiciliar-fatima-de-tubarao-e-mais-18-idosos-do-801\"><br \/>\n                    <img decoding=\"async\" src=\"https:\/\/cdn.jsdelivr.net\/gh\/sergiosdlima\/assets-ebc@1.0.0\/abr\/assets\/images\/logo-agenciabrasil.svg\" alt=\"Logo Ag\u00eancia Brasil\"><br \/>\n\t\t\t\t<\/a><\/p>\n<p><strong>O ministro Alexandre de Moraes, do Supremo Tribunal Federal (STF), concedeu\u00a0pris\u00e3o domiciliar humanit\u00e1ria \u00e0 aposentada Maria de\u00a0F\u00e1tima Mendon\u00e7a Jacinto, conhecida como <a href=\"https:\/\/agenciabrasil.ebc.com.br\/justica\/noticia\/2026-01\/stf-condenou-1399-pessoas-por-atos-golpistas-179-estao-presas\" target=\"_blank\">F\u00e1tima\u00a0de\u00a0Tubar\u00e3o<\/a>, de 70 anos, uma dos condenados pelos atos golpistas de 8 de janeiro de 2023. A decis\u00e3o foi assinada na sexta-feira (24).\u00a0<\/strong><img decoding=\"async\" src=\"https:\/\/agenciabrasil.ebc.com.br\/ebc.png?id=1687426&#038;o=rss\"><img decoding=\"async\" src=\"https:\/\/agenciabrasil.ebc.com.br\/ebc.gif?id=1687426&#038;o=rss\"><\/p>\n<p>Moraes aplicou a Lei de Execu\u00e7\u00f5es Penais, norma que permite a concess\u00e3o de pris\u00e3o domiciliar para maiores de 70 anos.\u00a0<strong>A decis\u00e3o tamb\u00e9m beneficia mais 18 presos idosos que possuem doen\u00e7as graves.<\/strong><\/p>\n<\/p>\n<h3>Not\u00edcias relacionadas:<\/h3>\n<ul>\n<li><a href=\"https:\/\/agenciabrasil.ebc.com.br\/justica\/noticia\/2026-04\/moraes-manda-prender-ultimo-nucleo-de-condenados-pela-trama-golpista\">Moraes manda prender \u00faltimo n\u00facleo de condenados pela trama golpista\u00a0.<\/a><\/li>\n<li><a href=\"https:\/\/agenciabrasil.ebc.com.br\/justica\/noticia\/2024-10\/agu-propor-anistia-condenados-do-8-de-janeiro-e-inconstitucional\">AGU: propor anistia a\u00a0condenados do 8 de janeiro \u00e9 inconstitucional .<\/a><\/li>\n<li><a href=\"https:\/\/agenciabrasil.ebc.com.br\/politica\/noticia\/2026-03\/bolsonaro-recebe-alta-e-chega-em-casa-para-cumprir-prisao-domiciliar\">Bolsonaro recebe alta e chega em casa para cumprir pris\u00e3o domiciliar.<\/a><\/li>\n<\/ul>\n<p>F\u00e1tima foi condenada a 17 anos de pris\u00e3o e j\u00e1 cumpriu tr\u00eas anos, dez meses e 24 dias de pena.<\/p>\n<p>De\u00a0acordo com o processo que a condenou, F\u00e1tima invadiu o edif\u00edcio-sede do STF, quebrou vidros, cadeiras, mesas e obras de\u00a0arte e postou os atos nas redes sociais. Com base nos v\u00eddeos, ela foi identificada e presa pela Pol\u00edcia Federal (PF) duas semanas ap\u00f3s os atos golpistas.<\/p>\n<p>F\u00e1tima e os demais idosos dever\u00e3o cumprir medidas cautelares, como uso de tornozeleira eletr\u00f4nica, suspens\u00e3o do passaporte, proibi\u00e7\u00e3o de sair do pa\u00eds, de usar redes sociais e de manter contato com outros investigados.<\/p>\n<p>Os beneficiados s\u00f3 poder\u00e3o receber visitas ap\u00f3s autoriza\u00e7\u00e3o pr\u00e9via do ministro.<\/p>\n<p><strong>Em caso de descumprimento, Moraes poder\u00e1 determinar o retorno dos condenados ao regime fechado de pris\u00e3o.<\/strong><\/p>\n<p>Apesar da concess\u00e3o da domiciliar, os condenados permanecem com a obriga\u00e7\u00e3o de pagamento solid\u00e1rio de R$ 30 milh\u00f5es pelos danos acusados com a depreda\u00e7\u00e3o da sede do Supremo, do Congresso Nacional e do Pal\u00e1cio do Planalto.<\/p>\n<h2>Relembre<\/h2>\n<p><strong>De acordo com os \u00faltimos dados, divulgados em janeiro pelo STF, a\u00a0Primeira Turma da Corte <a href=\"https:\/\/agenciabrasil.ebc.com.br\/justica\/noticia\/2026-01\/stf-condenou-1399-pessoas-por-atos-golpistas-179-estao-presas\" target=\"_blank\">condenou 1.399\u00a0acusados<\/a> de participa\u00e7\u00e3o nos atos que tentaram abalar a democracia brasileira e o funcionamento das institui\u00e7\u00f5es.\u00a0<\/strong>Segundo o balan\u00e7o, 179 pessoas est\u00e3o presas, das quais 114\u00a0em regime fechado, ap\u00f3s tr\u00e2nsito em julgado das condena\u00e7\u00f5es.<\/p>\n<p>Ap\u00f3s os atos golpistas, a Procuradoria-Geral da Rep\u00fablica (PGR) protocolou 1.734 a\u00e7\u00f5es penais no STF. As acusa\u00e7\u00f5es foram divididas entre incitadores, executores e quatro n\u00facleos principais, que deram sustenta\u00e7\u00e3o \u00e0 tentativa do ex-presidente Jair Bolsonaro de se manter no poder ap\u00f3s perder as elei\u00e7\u00f5es, subvertendo assim, de acordo com o STF,\u00a0a ordem democr\u00e1tica.\u00a0<\/p>\n<p><strong>O balan\u00e7o mostra que a\u00a0maioria, 979 pessoas (68,9%), foi responsabilizada por delitos de menor gravidade e tiveram penas de at\u00e9 um ano de deten\u00e7\u00e3o (415) ou foram beneficiadas por Acordos de N\u00e3o Persecu\u00e7\u00e3o Penal (ANPPs).<\/strong><\/p>\n","protected":false},"excerpt":{"rendered":"<p>O ministro Alexandre de Moraes, do Supremo Tribunal Federal (STF), concedeu\u00a0pris\u00e3o domiciliar humanit\u00e1ria \u00e0 aposentada Maria de\u00a0F\u00e1tima Mendon\u00e7a Jacinto, conhecida como F\u00e1tima\u00a0de\u00a0Tubar\u00e3o, de 70 anos, uma dos condenados pelos atos golpistas de 8 de janeiro de 2023. A decis\u00e3o foi assinada na sexta-feira (24).\u00a0 Moraes aplicou a Lei de Execu\u00e7\u00f5es Penais, norma que permite a [&hellip;]<\/p>\n","protected":false},"author":120,"featured_media":20424,"comment_status":"open","ping_status":"open","sticky":false,"template":"","format":"standard","meta":{"site-sidebar-layout":"default","site-content-layout":"","ast-site-content-layout":"default","site-content-style":"default","site-sidebar-style":"default","ast-global-header-display":"","ast-banner-title-visibility":"","ast-main-header-display":"","ast-hfb-above-header-display":"","ast-hfb-below-header-display":"","ast-hfb-mobile-header-display":"","site-post-title":"","ast-breadcrumbs-content":"","ast-featured-img":"","footer-sml-layout":"","ast-disable-related-posts":"","theme-transparent-header-meta":"","adv-header-id-meta":"","stick-header-meta":"","header-above-stick-meta":"","header-main-stick-meta":"","header-below-stick-meta":"","astra-migrate-meta-layouts":"default","ast-page-background-enabled":"default","ast-page-background-meta":{"desktop":{"background-color":"var(--ast-global-color-4)","background-image":"","background-repeat":"repeat","background-position":"center center","background-size":"auto","background-attachment":"scroll","background-type":"","background-media":"","overlay-type":"","overlay-color":"","overlay-opacity":"","overlay-gradient":""},"tablet":{"background-color":"","background-image":"","background-repeat":"repeat","background-position":"center center","background-size":"auto","background-attachment":"scroll","background-type":"","background-media":"","overlay-type":"","overlay-color":"","overlay-opacity":"","overlay-gradient":""},"mobile":{"background-color":"","background-image":"","background-repeat":"repeat","background-position":"center center","background-size":"auto","background-attachment":"scroll","background-type":"","background-media":"","overlay-type":"","overlay-color":"","overlay-opacity":"","overlay-gradient":""}},"ast-content-background-meta":{"desktop":{"background-color":"var(--ast-global-color-5)","background-image":"","background-repeat":"repeat","background-position":"center center","background-size":"auto","background-attachment":"scroll","background-type":"","background-media":"","overlay-type":"","overlay-color":"","overlay-opacity":"","overlay-gradient":""},"tablet":{"background-color":"var(--ast-global-color-5)","background-image":"","background-repeat":"repeat","background-position":"center center","background-size":"auto","background-attachment":"scroll","background-type":"","background-media":"","overlay-type":"","overlay-color":"","overlay-opacity":"","overlay-gradient":""},"mobile":{"background-color":"var(--ast-global-color-5)","background-image":"","background-repeat":"repeat","background-position":"center center","background-size":"auto","background-attachment":"scroll","background-type":"","background-media":"","overlay-type":"","overlay-color":"","overlay-opacity":"","overlay-gradient":""}},"footnotes":""},"categories":[1],"tags":[],"class_list":["post-20423","post","type-post","status-publish","format-standard","has-post-thumbnail","hentry","category-sem-categoria"],"yoast_head":"<!-- This site is optimized with the Yoast SEO Premium plugin v23.6 (Yoast SEO v27.4) - https:\/\/yoast.com\/product\/yoast-seo-premium-wordpress\/ -->\n<title>Moraes concede domiciliar a F\u00e1tima de Tubar\u00e3o e mais 18 idosos do 8\/01 - Divulgue MS<\/title>\n<meta name=\"robots\" content=\"index, follow, max-snippet:-1, max-image-preview:large, max-video-preview:-1\" \/>\n<link rel=\"canonical\" href=\"https:\/\/divulguems.com.br\/?p=20423\" \/>\n<meta property=\"og:locale\" content=\"pt_BR\" \/>\n<meta property=\"og:type\" content=\"article\" \/>\n<meta property=\"og:title\" content=\"Moraes concede domiciliar a F\u00e1tima de Tubar\u00e3o e mais 18 idosos do 8\/01\" \/>\n<meta property=\"og:description\" content=\"O ministro Alexandre de Moraes, do Supremo Tribunal Federal (STF), concedeu\u00a0pris\u00e3o domiciliar humanit\u00e1ria \u00e0 aposentada Maria de\u00a0F\u00e1tima Mendon\u00e7a Jacinto, conhecida como F\u00e1tima\u00a0de\u00a0Tubar\u00e3o, de 70 anos, uma dos condenados pelos atos golpistas de 8 de janeiro de 2023. A decis\u00e3o foi assinada na sexta-feira (24).\u00a0 Moraes aplicou a Lei de Execu\u00e7\u00f5es Penais, norma que permite a [&hellip;]\" \/>\n<meta property=\"og:url\" content=\"https:\/\/divulguems.com.br\/?p=20423\" \/>\n<meta property=\"og:site_name\" content=\"Divulgue MS\" \/>\n<meta property=\"article:publisher\" content=\"https:\/\/www.facebook.com\/portalinfocobrasil\" \/>\n<meta property=\"article:published_time\" content=\"2026-04-28T01:50:00+00:00\" \/>\n<meta property=\"og:image\" content=\"https:\/\/cdn.jsdelivr.net\/gh\/sergiosdlima\/assets-ebc@1.0.0\/abr\/assets\/images\/logo-agenciabrasil.svg\" \/>\n<meta name=\"author\" content=\"Andre Richter - Reporter da Agencia Brasil\" \/>\n<meta name=\"twitter:card\" content=\"summary_large_image\" \/>\n<meta name=\"twitter:label1\" content=\"Escrito por\" \/>\n\t<meta name=\"twitter:data1\" content=\"Andre Richter - Reporter da Agencia Brasil\" \/>\n\t<meta name=\"twitter:label2\" content=\"Est. tempo de leitura\" \/>\n\t<meta name=\"twitter:data2\" content=\"2 minutos\" \/>\n<script type=\"application\/ld+json\" class=\"yoast-schema-graph\">{\"@context\":\"https:\\\/\\\/schema.org\",\"@graph\":[{\"@type\":\"Article\",\"@id\":\"https:\\\/\\\/divulguems.com.br\\\/?p=20423#article\",\"isPartOf\":{\"@id\":\"https:\\\/\\\/divulguems.com.br\\\/?p=20423\"},\"author\":{\"name\":\"Andre Richter - Reporter da Agencia Brasil\",\"@id\":\"https:\\\/\\\/divulguems.com.br\\\/#\\\/schema\\\/person\\\/f905e17f29fb0a91787a01ef1f4228b3\"},\"headline\":\"Moraes concede domiciliar a F\u00e1tima de Tubar\u00e3o e mais 18 idosos do 8\\\/01\",\"datePublished\":\"2026-04-28T01:50:00+00:00\",\"mainEntityOfPage\":{\"@id\":\"https:\\\/\\\/divulguems.com.br\\\/?p=20423\"},\"wordCount\":476,\"commentCount\":0,\"publisher\":{\"@id\":\"https:\\\/\\\/divulguems.com.br\\\/#organization\"},\"image\":{\"@id\":\"https:\\\/\\\/divulguems.com.br\\\/?p=20423#primaryimage\"},\"thumbnailUrl\":\"https:\\\/\\\/divulguems.com.br\\\/wp-content\\\/uploads\\\/2026\\\/04\\\/20423-moraes-concede-domiciliar-a-fatima-de-tubarao-e-mais-18-idosos-do-8-01.jpg\",\"articleSection\":[\"\u00daltimas Not\u00edcias\"],\"inLanguage\":\"pt-BR\",\"potentialAction\":[{\"@type\":\"CommentAction\",\"name\":\"Comment\",\"target\":[\"https:\\\/\\\/divulguems.com.br\\\/?p=20423#respond\"]}]},{\"@type\":\"WebPage\",\"@id\":\"https:\\\/\\\/divulguems.com.br\\\/?p=20423\",\"url\":\"https:\\\/\\\/divulguems.com.br\\\/?p=20423\",\"name\":\"Moraes concede domiciliar a F\u00e1tima de Tubar\u00e3o e mais 18 idosos do 8\\\/01 - Divulgue MS\",\"isPartOf\":{\"@id\":\"https:\\\/\\\/divulguems.com.br\\\/#website\"},\"primaryImageOfPage\":{\"@id\":\"https:\\\/\\\/divulguems.com.br\\\/?p=20423#primaryimage\"},\"image\":{\"@id\":\"https:\\\/\\\/divulguems.com.br\\\/?p=20423#primaryimage\"},\"thumbnailUrl\":\"https:\\\/\\\/divulguems.com.br\\\/wp-content\\\/uploads\\\/2026\\\/04\\\/20423-moraes-concede-domiciliar-a-fatima-de-tubarao-e-mais-18-idosos-do-8-01.jpg\",\"datePublished\":\"2026-04-28T01:50:00+00:00\",\"breadcrumb\":{\"@id\":\"https:\\\/\\\/divulguems.com.br\\\/?p=20423#breadcrumb\"},\"inLanguage\":\"pt-BR\",\"potentialAction\":[{\"@type\":\"ReadAction\",\"target\":[\"https:\\\/\\\/divulguems.com.br\\\/?p=20423\"]}]},{\"@type\":\"ImageObject\",\"inLanguage\":\"pt-BR\",\"@id\":\"https:\\\/\\\/divulguems.com.br\\\/?p=20423#primaryimage\",\"url\":\"https:\\\/\\\/divulguems.com.br\\\/wp-content\\\/uploads\\\/2026\\\/04\\\/20423-moraes-concede-domiciliar-a-fatima-de-tubarao-e-mais-18-idosos-do-8-01.jpg\",\"contentUrl\":\"https:\\\/\\\/divulguems.com.br\\\/wp-content\\\/uploads\\\/2026\\\/04\\\/20423-moraes-concede-domiciliar-a-fatima-de-tubarao-e-mais-18-idosos-do-8-01.jpg\",\"width\":1600,\"height\":800,\"caption\":\"Moraes concede domiciliar a F\u00e1tima de Tubar\u00e3o e mais 18 idosos do 8\\\/01\"},{\"@type\":\"BreadcrumbList\",\"@id\":\"https:\\\/\\\/divulguems.com.br\\\/?p=20423#breadcrumb\",\"itemListElement\":[{\"@type\":\"ListItem\",\"position\":1,\"name\":\"In\u00edcio\",\"item\":\"https:\\\/\\\/divulguems.com.br\\\/\"},{\"@type\":\"ListItem\",\"position\":2,\"name\":\"Moraes concede domiciliar a F\u00e1tima de Tubar\u00e3o e mais 18 idosos do 8\\\/01\"}]},{\"@type\":\"WebSite\",\"@id\":\"https:\\\/\\\/divulguems.com.br\\\/#website\",\"url\":\"https:\\\/\\\/divulguems.com.br\\\/\",\"name\":\"Portal Infoco Brasil\",\"description\":\"L\u00edder de audi\u00eancia.\",\"publisher\":{\"@id\":\"https:\\\/\\\/divulguems.com.br\\\/#organization\"},\"potentialAction\":[{\"@type\":\"SearchAction\",\"target\":{\"@type\":\"EntryPoint\",\"urlTemplate\":\"https:\\\/\\\/divulguems.com.br\\\/?s={search_term_string}\"},\"query-input\":{\"@type\":\"PropertyValueSpecification\",\"valueRequired\":true,\"valueName\":\"search_term_string\"}}],\"inLanguage\":\"pt-BR\"},{\"@type\":\"Organization\",\"@id\":\"https:\\\/\\\/divulguems.com.br\\\/#organization\",\"name\":\"Portal Infoco Brasil\",\"url\":\"https:\\\/\\\/divulguems.com.br\\\/\",\"logo\":{\"@type\":\"ImageObject\",\"inLanguage\":\"pt-BR\",\"@id\":\"https:\\\/\\\/divulguems.com.br\\\/#\\\/schema\\\/logo\\\/image\\\/\",\"url\":\"https:\\\/\\\/divulguems.com.br\\\/wp-content\\\/uploads\\\/2025\\\/04\\\/LOGO-PNG-AZUL.png\",\"contentUrl\":\"https:\\\/\\\/divulguems.com.br\\\/wp-content\\\/uploads\\\/2025\\\/04\\\/LOGO-PNG-AZUL.png\",\"width\":1166,\"height\":475,\"caption\":\"Portal Infoco Brasil\"},\"image\":{\"@id\":\"https:\\\/\\\/divulguems.com.br\\\/#\\\/schema\\\/logo\\\/image\\\/\"},\"sameAs\":[\"https:\\\/\\\/www.facebook.com\\\/portalinfocobrasil\",\"https:\\\/\\\/www.instagram.com\\\/portalinfocobrasil\"]},{\"@type\":\"Person\",\"@id\":\"https:\\\/\\\/divulguems.com.br\\\/#\\\/schema\\\/person\\\/f905e17f29fb0a91787a01ef1f4228b3\",\"name\":\"Andre Richter - Reporter da Agencia Brasil\",\"image\":{\"@type\":\"ImageObject\",\"inLanguage\":\"pt-BR\",\"@id\":\"https:\\\/\\\/secure.gravatar.com\\\/avatar\\\/d84178b6a20656666416da4d801cbabca9be93d5b5a8d7ba9c4ca8bb65652e8c?s=96&d=mm&r=g\",\"url\":\"https:\\\/\\\/secure.gravatar.com\\\/avatar\\\/d84178b6a20656666416da4d801cbabca9be93d5b5a8d7ba9c4ca8bb65652e8c?s=96&d=mm&r=g\",\"contentUrl\":\"https:\\\/\\\/secure.gravatar.com\\\/avatar\\\/d84178b6a20656666416da4d801cbabca9be93d5b5a8d7ba9c4ca8bb65652e8c?s=96&d=mm&r=g\",\"caption\":\"Andre Richter - Reporter da Agencia Brasil\"},\"url\":\"https:\\\/\\\/divulguems.com.br\\\/?author=120\"}]}<\/script>\n<!-- \/ Yoast SEO Premium plugin. -->","yoast_head_json":{"title":"Moraes concede domiciliar a F\u00e1tima de Tubar\u00e3o e mais 18 idosos do 8\/01 - Divulgue MS","robots":{"index":"index","follow":"follow","max-snippet":"max-snippet:-1","max-image-preview":"max-image-preview:large","max-video-preview":"max-video-preview:-1"},"canonical":"https:\/\/divulguems.com.br\/?p=20423","og_locale":"pt_BR","og_type":"article","og_title":"Moraes concede domiciliar a F\u00e1tima de Tubar\u00e3o e mais 18 idosos do 8\/01","og_description":"O ministro Alexandre de Moraes, do Supremo Tribunal Federal (STF), concedeu\u00a0pris\u00e3o domiciliar humanit\u00e1ria \u00e0 aposentada Maria de\u00a0F\u00e1tima Mendon\u00e7a Jacinto, conhecida como F\u00e1tima\u00a0de\u00a0Tubar\u00e3o, de 70 anos, uma dos condenados pelos atos golpistas de 8 de janeiro de 2023. A decis\u00e3o foi assinada na sexta-feira (24).\u00a0 Moraes aplicou a Lei de Execu\u00e7\u00f5es Penais, norma que permite a [&hellip;]","og_url":"https:\/\/divulguems.com.br\/?p=20423","og_site_name":"Divulgue MS","article_publisher":"https:\/\/www.facebook.com\/portalinfocobrasil","article_published_time":"2026-04-28T01:50:00+00:00","og_image":[{"url":"https:\/\/cdn.jsdelivr.net\/gh\/sergiosdlima\/assets-ebc@1.0.0\/abr\/assets\/images\/logo-agenciabrasil.svg","type":"","width":"","height":""}],"author":"Andre Richter - Reporter da Agencia Brasil","twitter_card":"summary_large_image","twitter_misc":{"Escrito por":"Andre Richter - Reporter da Agencia Brasil","Est. tempo de leitura":"2 minutos"},"schema":{"@context":"https:\/\/schema.org","@graph":[{"@type":"Article","@id":"https:\/\/divulguems.com.br\/?p=20423#article","isPartOf":{"@id":"https:\/\/divulguems.com.br\/?p=20423"},"author":{"name":"Andre Richter - Reporter da Agencia Brasil","@id":"https:\/\/divulguems.com.br\/#\/schema\/person\/f905e17f29fb0a91787a01ef1f4228b3"},"headline":"Moraes concede domiciliar a F\u00e1tima de Tubar\u00e3o e mais 18 idosos do 8\/01","datePublished":"2026-04-28T01:50:00+00:00","mainEntityOfPage":{"@id":"https:\/\/divulguems.com.br\/?p=20423"},"wordCount":476,"commentCount":0,"publisher":{"@id":"https:\/\/divulguems.com.br\/#organization"},"image":{"@id":"https:\/\/divulguems.com.br\/?p=20423#primaryimage"},"thumbnailUrl":"https:\/\/divulguems.com.br\/wp-content\/uploads\/2026\/04\/20423-moraes-concede-domiciliar-a-fatima-de-tubarao-e-mais-18-idosos-do-8-01.jpg","articleSection":["\u00daltimas Not\u00edcias"],"inLanguage":"pt-BR","potentialAction":[{"@type":"CommentAction","name":"Comment","target":["https:\/\/divulguems.com.br\/?p=20423#respond"]}]},{"@type":"WebPage","@id":"https:\/\/divulguems.com.br\/?p=20423","url":"https:\/\/divulguems.com.br\/?p=20423","name":"Moraes concede domiciliar a F\u00e1tima de Tubar\u00e3o e mais 18 idosos do 8\/01 - Divulgue MS","isPartOf":{"@id":"https:\/\/divulguems.com.br\/#website"},"primaryImageOfPage":{"@id":"https:\/\/divulguems.com.br\/?p=20423#primaryimage"},"image":{"@id":"https:\/\/divulguems.com.br\/?p=20423#primaryimage"},"thumbnailUrl":"https:\/\/divulguems.com.br\/wp-content\/uploads\/2026\/04\/20423-moraes-concede-domiciliar-a-fatima-de-tubarao-e-mais-18-idosos-do-8-01.jpg","datePublished":"2026-04-28T01:50:00+00:00","breadcrumb":{"@id":"https:\/\/divulguems.com.br\/?p=20423#breadcrumb"},"inLanguage":"pt-BR","potentialAction":[{"@type":"ReadAction","target":["https:\/\/divulguems.com.br\/?p=20423"]}]},{"@type":"ImageObject","inLanguage":"pt-BR","@id":"https:\/\/divulguems.com.br\/?p=20423#primaryimage","url":"https:\/\/divulguems.com.br\/wp-content\/uploads\/2026\/04\/20423-moraes-concede-domiciliar-a-fatima-de-tubarao-e-mais-18-idosos-do-8-01.jpg","contentUrl":"https:\/\/divulguems.com.br\/wp-content\/uploads\/2026\/04\/20423-moraes-concede-domiciliar-a-fatima-de-tubarao-e-mais-18-idosos-do-8-01.jpg","width":1600,"height":800,"caption":"Moraes concede domiciliar a F\u00e1tima de Tubar\u00e3o e mais 18 idosos do 8\/01"},{"@type":"BreadcrumbList","@id":"https:\/\/divulguems.com.br\/?p=20423#breadcrumb","itemListElement":[{"@type":"ListItem","position":1,"name":"In\u00edcio","item":"https:\/\/divulguems.com.br\/"},{"@type":"ListItem","position":2,"name":"Moraes concede domiciliar a F\u00e1tima de Tubar\u00e3o e mais 18 idosos do 8\/01"}]},{"@type":"WebSite","@id":"https:\/\/divulguems.com.br\/#website","url":"https:\/\/divulguems.com.br\/","name":"Portal Infoco Brasil","description":"L\u00edder de audi\u00eancia.","publisher":{"@id":"https:\/\/divulguems.com.br\/#organization"},"potentialAction":[{"@type":"SearchAction","target":{"@type":"EntryPoint","urlTemplate":"https:\/\/divulguems.com.br\/?s={search_term_string}"},"query-input":{"@type":"PropertyValueSpecification","valueRequired":true,"valueName":"search_term_string"}}],"inLanguage":"pt-BR"},{"@type":"Organization","@id":"https:\/\/divulguems.com.br\/#organization","name":"Portal Infoco Brasil","url":"https:\/\/divulguems.com.br\/","logo":{"@type":"ImageObject","inLanguage":"pt-BR","@id":"https:\/\/divulguems.com.br\/#\/schema\/logo\/image\/","url":"https:\/\/divulguems.com.br\/wp-content\/uploads\/2025\/04\/LOGO-PNG-AZUL.png","contentUrl":"https:\/\/divulguems.com.br\/wp-content\/uploads\/2025\/04\/LOGO-PNG-AZUL.png","width":1166,"height":475,"caption":"Portal Infoco Brasil"},"image":{"@id":"https:\/\/divulguems.com.br\/#\/schema\/logo\/image\/"},"sameAs":["https:\/\/www.facebook.com\/portalinfocobrasil","https:\/\/www.instagram.com\/portalinfocobrasil"]},{"@type":"Person","@id":"https:\/\/divulguems.com.br\/#\/schema\/person\/f905e17f29fb0a91787a01ef1f4228b3","name":"Andre Richter - Reporter da Agencia Brasil","image":{"@type":"ImageObject","inLanguage":"pt-BR","@id":"https:\/\/secure.gravatar.com\/avatar\/d84178b6a20656666416da4d801cbabca9be93d5b5a8d7ba9c4ca8bb65652e8c?s=96&d=mm&r=g","url":"https:\/\/secure.gravatar.com\/avatar\/d84178b6a20656666416da4d801cbabca9be93d5b5a8d7ba9c4ca8bb65652e8c?s=96&d=mm&r=g","contentUrl":"https:\/\/secure.gravatar.com\/avatar\/d84178b6a20656666416da4d801cbabca9be93d5b5a8d7ba9c4ca8bb65652e8c?s=96&d=mm&r=g","caption":"Andre Richter - Reporter da Agencia Brasil"},"url":"https:\/\/divulguems.com.br\/?author=120"}]}},"_links":{"self":[{"href":"https:\/\/divulguems.com.br\/index.php?rest_route=\/wp\/v2\/posts\/20423","targetHints":{"allow":["GET"]}}],"collection":[{"href":"https:\/\/divulguems.com.br\/index.php?rest_route=\/wp\/v2\/posts"}],"about":[{"href":"https:\/\/divulguems.com.br\/index.php?rest_route=\/wp\/v2\/types\/post"}],"author":[{"embeddable":true,"href":"https:\/\/divulguems.com.br\/index.php?rest_route=\/wp\/v2\/users\/120"}],"replies":[{"embeddable":true,"href":"https:\/\/divulguems.com.br\/index.php?rest_route=%2Fwp%2Fv2%2Fcomments&post=20423"}],"version-history":[{"count":0,"href":"https:\/\/divulguems.com.br\/index.php?rest_route=\/wp\/v2\/posts\/20423\/revisions"}],"wp:featuredmedia":[{"embeddable":true,"href":"https:\/\/divulguems.com.br\/index.php?rest_route=\/wp\/v2\/media\/20424"}],"wp:attachment":[{"href":"https:\/\/divulguems.com.br\/index.php?rest_route=%2Fwp%2Fv2%2Fmedia&parent=20423"}],"wp:term":[{"taxonomy":"category","embeddable":true,"href":"https:\/\/divulguems.com.br\/index.php?rest_route=%2Fwp%2Fv2%2Fcategories&post=20423"},{"taxonomy":"post_tag","embeddable":true,"href":"https:\/\/divulguems.com.br\/index.php?rest_route=%2Fwp%2Fv2%2Ftags&post=20423"}],"curies":[{"name":"wp","href":"https:\/\/api.w.org\/{rel}","templated":true}]}}