{"id":20425,"date":"2026-04-27T21:50:02","date_gmt":"2026-04-28T01:50:02","guid":{"rendered":"https:\/\/divulguems.com.br\/?p=20425"},"modified":"2026-04-27T21:50:02","modified_gmt":"2026-04-28T01:50:02","slug":"lula-vai-a-sp-para-tirar-excesso-de-pele-na-cabeca-e-tratar-tendinite","status":"publish","type":"post","link":"https:\/\/divulguems.com.br\/?p=20425","title":{"rendered":"Lula vai a SP para tirar excesso de pele na cabe\u00e7a e tratar tendinite"},"content":{"rendered":"<\/p>\n<p><a class=\"\" href=\"https:\/\/agenciabrasil.ebc.com.br\/politica\/noticia\/2026-04\/lula-vai-sp-para-tirar-excesso-de-pele-na-cabeca-e-tratar-tendinite\"><br \/>\n                    <img decoding=\"async\" src=\"https:\/\/cdn.jsdelivr.net\/gh\/sergiosdlima\/assets-ebc@1.0.0\/abr\/assets\/images\/logo-agenciabrasil.svg\" alt=\"Logo Ag\u00eancia Brasil\"><br \/>\n\t\t\t\t<\/a><\/p>\n<p><strong>O presidente Luiz In\u00e1cio Lula da Silva vai passar por um procedimento de retirada de ac\u00famulo de pele (queratose) no couro cabeludo nesta sexta-feira (24) no Hospital S\u00edrio-Liban\u00eas, em S\u00e3o Paulo (SP).\u00a0<\/strong><img decoding=\"async\" src=\"https:\/\/agenciabrasil.ebc.com.br\/ebc.png?id=1687108&#038;o=rss\"><img decoding=\"async\" src=\"https:\/\/agenciabrasil.ebc.com.br\/ebc.gif?id=1687108&#038;o=rss\"><\/p>\n<p><strong>Na unidade de sa\u00fade, o presidente tamb\u00e9m vai receber uma infiltra\u00e7\u00e3o no punho para tratamento de tendinite no ded\u00e3o do polegar da m\u00e3o direita. <\/strong>Lula\u00a0j\u00e1 viajou na noite desta quinta-feira (23) para a capital paulista.<\/p>\n<\/p>\n<h3>Not\u00edcias relacionadas:<\/h3>\n<ul>\n<li><a href=\"https:\/\/agenciabrasil.ebc.com.br\/politica\/noticia\/2026-04\/lula-qualidade-do-agro-e-essencial-para-ampliar-exportacoes\">Lula: qualidade do agro \u00e9 essencial para ampliar exporta\u00e7\u00f5es.<\/a><\/li>\n<li><a href=\"https:\/\/agenciabrasil.ebc.com.br\/politica\/noticia\/2026-04\/fizeram-conosco-gente-vai-fazer-com-eles-diz-lula-sobre-eua\">&#8220;Fizeram conosco, a gente vai fazer com eles&#8221;, diz Lula sobre EUA.<\/a><\/li>\n<\/ul>\n<p>Segundo a Secretaria de Comunica\u00e7\u00e3o do governo, os dois procedimentos s\u00e3o considerados simples. Por isso, n\u00e3o ser\u00e1 necess\u00e1rio que ele fique internado. Inclusive, n\u00e3o \u00e9 necess\u00e1ria prepara\u00e7\u00e3o pr\u00e9via ou repouso.<\/p>\n<h2>Agricultura<\/h2>\n<p>Pela manh\u00e3, <a href=\"http:\/\/link%20para%20https\/\/agenciabrasil.ebc.com.br\/politica\/noticia\/2026-04\/lula-qualidade-do-agro-e-essencial-para-ampliar-exportacoes\">Lula participou de evento<\/a> em Planaltina (DF), na Empresa Brasileira de Pesquisa Agropecu\u00e1ria (Embrapa). Ele destacou a diversidade e a produ\u00e7\u00e3o em larga escala no pa\u00eds, mas disse que tamb\u00e9m \u00e9 preciso prezar pela qualidade.\u00a0<\/p>\n<p>\u201cN\u00f3s sabemos que n\u00e3o basta produzir. Para a gente ganhar mercado \u00e9 preciso produzir com excel\u00eancia de qualidade. N\u00e3o adianta produzir uma coisa r\u00fastica, porque aquilo \u00e9 muito bom pra mim, mas quando voc\u00ea quer fazer disputa internacional, n\u00e3o \u00e9 uma coisa f\u00e1cil\u201d, disse no evento\u00a0<\/p>\n<p>Ele tamb\u00e9m participou hoje de\u00a0de <a href=\"https:\/\/agenciabrasil.ebc.com.br\/educacao\/noticia\/2026-04\/mec-livros-tera-acervo-ampliado-para-25-mil-obras\">cerim\u00f4nia alusiva ao Dia Mundial do Livro<\/a>, no Centro Internacional de Conven\u00e7\u00f5es do Brasil (CICB), em Bras\u00edlia.\u00a0<\/p>\n","protected":false},"excerpt":{"rendered":"<p>O presidente Luiz In\u00e1cio Lula da Silva vai passar por um procedimento de retirada de ac\u00famulo de pele (queratose) no couro cabeludo nesta sexta-feira (24) no Hospital S\u00edrio-Liban\u00eas, em S\u00e3o Paulo (SP).\u00a0 Na unidade de sa\u00fade, o presidente tamb\u00e9m vai receber uma infiltra\u00e7\u00e3o no punho para tratamento de tendinite no ded\u00e3o do polegar da m\u00e3o [&hellip;]<\/p>\n","protected":false},"author":131,"featured_media":20426,"comment_status":"open","ping_status":"open","sticky":false,"template":"","format":"standard","meta":{"site-sidebar-layout":"default","site-content-layout":"","ast-site-content-layout":"default","site-content-style":"default","site-sidebar-style":"default","ast-global-header-display":"","ast-banner-title-visibility":"","ast-main-header-display":"","ast-hfb-above-header-display":"","ast-hfb-below-header-display":"","ast-hfb-mobile-header-display":"","site-post-title":"","ast-breadcrumbs-content":"","ast-featured-img":"","footer-sml-layout":"","ast-disable-related-posts":"","theme-transparent-header-meta":"","adv-header-id-meta":"","stick-header-meta":"","header-above-stick-meta":"","header-main-stick-meta":"","header-below-stick-meta":"","astra-migrate-meta-layouts":"default","ast-page-background-enabled":"default","ast-page-background-meta":{"desktop":{"background-color":"var(--ast-global-color-4)","background-image":"","background-repeat":"repeat","background-position":"center center","background-size":"auto","background-attachment":"scroll","background-type":"","background-media":"","overlay-type":"","overlay-color":"","overlay-opacity":"","overlay-gradient":""},"tablet":{"background-color":"","background-image":"","background-repeat":"repeat","background-position":"center center","background-size":"auto","background-attachment":"scroll","background-type":"","background-media":"","overlay-type":"","overlay-color":"","overlay-opacity":"","overlay-gradient":""},"mobile":{"background-color":"","background-image":"","background-repeat":"repeat","background-position":"center center","background-size":"auto","background-attachment":"scroll","background-type":"","background-media":"","overlay-type":"","overlay-color":"","overlay-opacity":"","overlay-gradient":""}},"ast-content-background-meta":{"desktop":{"background-color":"var(--ast-global-color-5)","background-image":"","background-repeat":"repeat","background-position":"center center","background-size":"auto","background-attachment":"scroll","background-type":"","background-media":"","overlay-type":"","overlay-color":"","overlay-opacity":"","overlay-gradient":""},"tablet":{"background-color":"var(--ast-global-color-5)","background-image":"","background-repeat":"repeat","background-position":"center center","background-size":"auto","background-attachment":"scroll","background-type":"","background-media":"","overlay-type":"","overlay-color":"","overlay-opacity":"","overlay-gradient":""},"mobile":{"background-color":"var(--ast-global-color-5)","background-image":"","background-repeat":"repeat","background-position":"center center","background-size":"auto","background-attachment":"scroll","background-type":"","background-media":"","overlay-type":"","overlay-color":"","overlay-opacity":"","overlay-gradient":""}},"footnotes":""},"categories":[17],"tags":[],"class_list":["post-20425","post","type-post","status-publish","format-standard","has-post-thumbnail","hentry","category-tecnologia-e-informacao"],"yoast_head":"<!-- This site is optimized with the Yoast SEO Premium plugin v23.6 (Yoast SEO v27.4) - https:\/\/yoast.com\/product\/yoast-seo-premium-wordpress\/ -->\n<title>Lula vai a SP para tirar excesso de pele na cabe\u00e7a e tratar tendinite - Divulgue MS<\/title>\n<meta name=\"robots\" content=\"index, follow, max-snippet:-1, max-image-preview:large, max-video-preview:-1\" \/>\n<link rel=\"canonical\" href=\"https:\/\/divulguems.com.br\/?p=20425\" \/>\n<meta property=\"og:locale\" content=\"pt_BR\" \/>\n<meta property=\"og:type\" content=\"article\" \/>\n<meta property=\"og:title\" content=\"Lula vai a SP para tirar excesso de pele na cabe\u00e7a e tratar tendinite\" \/>\n<meta property=\"og:description\" content=\"O presidente Luiz In\u00e1cio Lula da Silva vai passar por um procedimento de retirada de ac\u00famulo de pele (queratose) no couro cabeludo nesta sexta-feira (24) no Hospital S\u00edrio-Liban\u00eas, em S\u00e3o Paulo (SP).\u00a0 Na unidade de sa\u00fade, o presidente tamb\u00e9m vai receber uma infiltra\u00e7\u00e3o no punho para tratamento de tendinite no ded\u00e3o do polegar da m\u00e3o [&hellip;]\" \/>\n<meta property=\"og:url\" content=\"https:\/\/divulguems.com.br\/?p=20425\" \/>\n<meta property=\"og:site_name\" content=\"Divulgue MS\" \/>\n<meta property=\"article:publisher\" content=\"https:\/\/www.facebook.com\/portalinfocobrasil\" \/>\n<meta property=\"article:published_time\" content=\"2026-04-28T01:50:02+00:00\" \/>\n<meta property=\"og:image\" content=\"https:\/\/cdn.jsdelivr.net\/gh\/sergiosdlima\/assets-ebc@1.0.0\/abr\/assets\/images\/logo-agenciabrasil.svg\" \/>\n<meta name=\"author\" content=\"Luiz Claudio Ferreira - Reporter da Agencia Brasil\" \/>\n<meta name=\"twitter:card\" content=\"summary_large_image\" \/>\n<meta name=\"twitter:label1\" content=\"Escrito por\" \/>\n\t<meta name=\"twitter:data1\" content=\"Luiz Claudio Ferreira - Reporter da Agencia Brasil\" \/>\n\t<meta name=\"twitter:label2\" content=\"Est. tempo de leitura\" \/>\n\t<meta name=\"twitter:data2\" content=\"1 minuto\" \/>\n<script type=\"application\/ld+json\" class=\"yoast-schema-graph\">{\"@context\":\"https:\\\/\\\/schema.org\",\"@graph\":[{\"@type\":\"Article\",\"@id\":\"https:\\\/\\\/divulguems.com.br\\\/?p=20425#article\",\"isPartOf\":{\"@id\":\"https:\\\/\\\/divulguems.com.br\\\/?p=20425\"},\"author\":{\"name\":\"Luiz Claudio Ferreira - Reporter da Agencia Brasil\",\"@id\":\"https:\\\/\\\/divulguems.com.br\\\/#\\\/schema\\\/person\\\/da9a362aa85513bf05aa682a97ba4b87\"},\"headline\":\"Lula vai a SP para tirar excesso de pele na cabe\u00e7a e tratar tendinite\",\"datePublished\":\"2026-04-28T01:50:02+00:00\",\"mainEntityOfPage\":{\"@id\":\"https:\\\/\\\/divulguems.com.br\\\/?p=20425\"},\"wordCount\":270,\"commentCount\":0,\"publisher\":{\"@id\":\"https:\\\/\\\/divulguems.com.br\\\/#organization\"},\"image\":{\"@id\":\"https:\\\/\\\/divulguems.com.br\\\/?p=20425#primaryimage\"},\"thumbnailUrl\":\"https:\\\/\\\/divulguems.com.br\\\/wp-content\\\/uploads\\\/2026\\\/04\\\/20425-lula-vai-a-sp-para-tirar-excesso-de-pele-na-cabeca-e-tratar-tendinite.jpg\",\"articleSection\":[\"Tecnologia e Inova\u00e7\u00e3o\"],\"inLanguage\":\"pt-BR\",\"potentialAction\":[{\"@type\":\"CommentAction\",\"name\":\"Comment\",\"target\":[\"https:\\\/\\\/divulguems.com.br\\\/?p=20425#respond\"]}]},{\"@type\":\"WebPage\",\"@id\":\"https:\\\/\\\/divulguems.com.br\\\/?p=20425\",\"url\":\"https:\\\/\\\/divulguems.com.br\\\/?p=20425\",\"name\":\"Lula vai a SP para tirar excesso de pele na cabe\u00e7a e tratar tendinite - Divulgue MS\",\"isPartOf\":{\"@id\":\"https:\\\/\\\/divulguems.com.br\\\/#website\"},\"primaryImageOfPage\":{\"@id\":\"https:\\\/\\\/divulguems.com.br\\\/?p=20425#primaryimage\"},\"image\":{\"@id\":\"https:\\\/\\\/divulguems.com.br\\\/?p=20425#primaryimage\"},\"thumbnailUrl\":\"https:\\\/\\\/divulguems.com.br\\\/wp-content\\\/uploads\\\/2026\\\/04\\\/20425-lula-vai-a-sp-para-tirar-excesso-de-pele-na-cabeca-e-tratar-tendinite.jpg\",\"datePublished\":\"2026-04-28T01:50:02+00:00\",\"breadcrumb\":{\"@id\":\"https:\\\/\\\/divulguems.com.br\\\/?p=20425#breadcrumb\"},\"inLanguage\":\"pt-BR\",\"potentialAction\":[{\"@type\":\"ReadAction\",\"target\":[\"https:\\\/\\\/divulguems.com.br\\\/?p=20425\"]}]},{\"@type\":\"ImageObject\",\"inLanguage\":\"pt-BR\",\"@id\":\"https:\\\/\\\/divulguems.com.br\\\/?p=20425#primaryimage\",\"url\":\"https:\\\/\\\/divulguems.com.br\\\/wp-content\\\/uploads\\\/2026\\\/04\\\/20425-lula-vai-a-sp-para-tirar-excesso-de-pele-na-cabeca-e-tratar-tendinite.jpg\",\"contentUrl\":\"https:\\\/\\\/divulguems.com.br\\\/wp-content\\\/uploads\\\/2026\\\/04\\\/20425-lula-vai-a-sp-para-tirar-excesso-de-pele-na-cabeca-e-tratar-tendinite.jpg\",\"width\":1600,\"height\":800,\"caption\":\"Lula vai a SP para tirar excesso de pele na cabe\u00e7a e tratar tendinite\"},{\"@type\":\"BreadcrumbList\",\"@id\":\"https:\\\/\\\/divulguems.com.br\\\/?p=20425#breadcrumb\",\"itemListElement\":[{\"@type\":\"ListItem\",\"position\":1,\"name\":\"In\u00edcio\",\"item\":\"https:\\\/\\\/divulguems.com.br\\\/\"},{\"@type\":\"ListItem\",\"position\":2,\"name\":\"Lula vai a SP para tirar excesso de pele na cabe\u00e7a e tratar tendinite\"}]},{\"@type\":\"WebSite\",\"@id\":\"https:\\\/\\\/divulguems.com.br\\\/#website\",\"url\":\"https:\\\/\\\/divulguems.com.br\\\/\",\"name\":\"Portal Infoco Brasil\",\"description\":\"L\u00edder de audi\u00eancia.\",\"publisher\":{\"@id\":\"https:\\\/\\\/divulguems.com.br\\\/#organization\"},\"potentialAction\":[{\"@type\":\"SearchAction\",\"target\":{\"@type\":\"EntryPoint\",\"urlTemplate\":\"https:\\\/\\\/divulguems.com.br\\\/?s={search_term_string}\"},\"query-input\":{\"@type\":\"PropertyValueSpecification\",\"valueRequired\":true,\"valueName\":\"search_term_string\"}}],\"inLanguage\":\"pt-BR\"},{\"@type\":\"Organization\",\"@id\":\"https:\\\/\\\/divulguems.com.br\\\/#organization\",\"name\":\"Portal Infoco Brasil\",\"url\":\"https:\\\/\\\/divulguems.com.br\\\/\",\"logo\":{\"@type\":\"ImageObject\",\"inLanguage\":\"pt-BR\",\"@id\":\"https:\\\/\\\/divulguems.com.br\\\/#\\\/schema\\\/logo\\\/image\\\/\",\"url\":\"https:\\\/\\\/divulguems.com.br\\\/wp-content\\\/uploads\\\/2025\\\/04\\\/LOGO-PNG-AZUL.png\",\"contentUrl\":\"https:\\\/\\\/divulguems.com.br\\\/wp-content\\\/uploads\\\/2025\\\/04\\\/LOGO-PNG-AZUL.png\",\"width\":1166,\"height\":475,\"caption\":\"Portal Infoco Brasil\"},\"image\":{\"@id\":\"https:\\\/\\\/divulguems.com.br\\\/#\\\/schema\\\/logo\\\/image\\\/\"},\"sameAs\":[\"https:\\\/\\\/www.facebook.com\\\/portalinfocobrasil\",\"https:\\\/\\\/www.instagram.com\\\/portalinfocobrasil\"]},{\"@type\":\"Person\",\"@id\":\"https:\\\/\\\/divulguems.com.br\\\/#\\\/schema\\\/person\\\/da9a362aa85513bf05aa682a97ba4b87\",\"name\":\"Luiz Claudio Ferreira - Reporter da Agencia Brasil\",\"image\":{\"@type\":\"ImageObject\",\"inLanguage\":\"pt-BR\",\"@id\":\"https:\\\/\\\/secure.gravatar.com\\\/avatar\\\/67be688d1f1be66e47e00cd75bb13e67e2d42fbde35dda6263bb87d308107a2a?s=96&d=mm&r=g\",\"url\":\"https:\\\/\\\/secure.gravatar.com\\\/avatar\\\/67be688d1f1be66e47e00cd75bb13e67e2d42fbde35dda6263bb87d308107a2a?s=96&d=mm&r=g\",\"contentUrl\":\"https:\\\/\\\/secure.gravatar.com\\\/avatar\\\/67be688d1f1be66e47e00cd75bb13e67e2d42fbde35dda6263bb87d308107a2a?s=96&d=mm&r=g\",\"caption\":\"Luiz Claudio Ferreira - Reporter da Agencia Brasil\"},\"url\":\"https:\\\/\\\/divulguems.com.br\\\/?author=131\"}]}<\/script>\n<!-- \/ Yoast SEO Premium plugin. -->","yoast_head_json":{"title":"Lula vai a SP para tirar excesso de pele na cabe\u00e7a e tratar tendinite - Divulgue MS","robots":{"index":"index","follow":"follow","max-snippet":"max-snippet:-1","max-image-preview":"max-image-preview:large","max-video-preview":"max-video-preview:-1"},"canonical":"https:\/\/divulguems.com.br\/?p=20425","og_locale":"pt_BR","og_type":"article","og_title":"Lula vai a SP para tirar excesso de pele na cabe\u00e7a e tratar tendinite","og_description":"O presidente Luiz In\u00e1cio Lula da Silva vai passar por um procedimento de retirada de ac\u00famulo de pele (queratose) no couro cabeludo nesta sexta-feira (24) no Hospital S\u00edrio-Liban\u00eas, em S\u00e3o Paulo (SP).\u00a0 Na unidade de sa\u00fade, o presidente tamb\u00e9m vai receber uma infiltra\u00e7\u00e3o no punho para tratamento de tendinite no ded\u00e3o do polegar da m\u00e3o [&hellip;]","og_url":"https:\/\/divulguems.com.br\/?p=20425","og_site_name":"Divulgue MS","article_publisher":"https:\/\/www.facebook.com\/portalinfocobrasil","article_published_time":"2026-04-28T01:50:02+00:00","og_image":[{"url":"https:\/\/cdn.jsdelivr.net\/gh\/sergiosdlima\/assets-ebc@1.0.0\/abr\/assets\/images\/logo-agenciabrasil.svg","type":"","width":"","height":""}],"author":"Luiz Claudio Ferreira - Reporter da Agencia Brasil","twitter_card":"summary_large_image","twitter_misc":{"Escrito por":"Luiz Claudio Ferreira - Reporter da Agencia Brasil","Est. tempo de leitura":"1 minuto"},"schema":{"@context":"https:\/\/schema.org","@graph":[{"@type":"Article","@id":"https:\/\/divulguems.com.br\/?p=20425#article","isPartOf":{"@id":"https:\/\/divulguems.com.br\/?p=20425"},"author":{"name":"Luiz Claudio Ferreira - Reporter da Agencia Brasil","@id":"https:\/\/divulguems.com.br\/#\/schema\/person\/da9a362aa85513bf05aa682a97ba4b87"},"headline":"Lula vai a SP para tirar excesso de pele na cabe\u00e7a e tratar tendinite","datePublished":"2026-04-28T01:50:02+00:00","mainEntityOfPage":{"@id":"https:\/\/divulguems.com.br\/?p=20425"},"wordCount":270,"commentCount":0,"publisher":{"@id":"https:\/\/divulguems.com.br\/#organization"},"image":{"@id":"https:\/\/divulguems.com.br\/?p=20425#primaryimage"},"thumbnailUrl":"https:\/\/divulguems.com.br\/wp-content\/uploads\/2026\/04\/20425-lula-vai-a-sp-para-tirar-excesso-de-pele-na-cabeca-e-tratar-tendinite.jpg","articleSection":["Tecnologia e Inova\u00e7\u00e3o"],"inLanguage":"pt-BR","potentialAction":[{"@type":"CommentAction","name":"Comment","target":["https:\/\/divulguems.com.br\/?p=20425#respond"]}]},{"@type":"WebPage","@id":"https:\/\/divulguems.com.br\/?p=20425","url":"https:\/\/divulguems.com.br\/?p=20425","name":"Lula vai a SP para tirar excesso de pele na cabe\u00e7a e tratar tendinite - Divulgue MS","isPartOf":{"@id":"https:\/\/divulguems.com.br\/#website"},"primaryImageOfPage":{"@id":"https:\/\/divulguems.com.br\/?p=20425#primaryimage"},"image":{"@id":"https:\/\/divulguems.com.br\/?p=20425#primaryimage"},"thumbnailUrl":"https:\/\/divulguems.com.br\/wp-content\/uploads\/2026\/04\/20425-lula-vai-a-sp-para-tirar-excesso-de-pele-na-cabeca-e-tratar-tendinite.jpg","datePublished":"2026-04-28T01:50:02+00:00","breadcrumb":{"@id":"https:\/\/divulguems.com.br\/?p=20425#breadcrumb"},"inLanguage":"pt-BR","potentialAction":[{"@type":"ReadAction","target":["https:\/\/divulguems.com.br\/?p=20425"]}]},{"@type":"ImageObject","inLanguage":"pt-BR","@id":"https:\/\/divulguems.com.br\/?p=20425#primaryimage","url":"https:\/\/divulguems.com.br\/wp-content\/uploads\/2026\/04\/20425-lula-vai-a-sp-para-tirar-excesso-de-pele-na-cabeca-e-tratar-tendinite.jpg","contentUrl":"https:\/\/divulguems.com.br\/wp-content\/uploads\/2026\/04\/20425-lula-vai-a-sp-para-tirar-excesso-de-pele-na-cabeca-e-tratar-tendinite.jpg","width":1600,"height":800,"caption":"Lula vai a SP para tirar excesso de pele na cabe\u00e7a e tratar tendinite"},{"@type":"BreadcrumbList","@id":"https:\/\/divulguems.com.br\/?p=20425#breadcrumb","itemListElement":[{"@type":"ListItem","position":1,"name":"In\u00edcio","item":"https:\/\/divulguems.com.br\/"},{"@type":"ListItem","position":2,"name":"Lula vai a SP para tirar excesso de pele na cabe\u00e7a e tratar tendinite"}]},{"@type":"WebSite","@id":"https:\/\/divulguems.com.br\/#website","url":"https:\/\/divulguems.com.br\/","name":"Portal Infoco Brasil","description":"L\u00edder de audi\u00eancia.","publisher":{"@id":"https:\/\/divulguems.com.br\/#organization"},"potentialAction":[{"@type":"SearchAction","target":{"@type":"EntryPoint","urlTemplate":"https:\/\/divulguems.com.br\/?s={search_term_string}"},"query-input":{"@type":"PropertyValueSpecification","valueRequired":true,"valueName":"search_term_string"}}],"inLanguage":"pt-BR"},{"@type":"Organization","@id":"https:\/\/divulguems.com.br\/#organization","name":"Portal Infoco Brasil","url":"https:\/\/divulguems.com.br\/","logo":{"@type":"ImageObject","inLanguage":"pt-BR","@id":"https:\/\/divulguems.com.br\/#\/schema\/logo\/image\/","url":"https:\/\/divulguems.com.br\/wp-content\/uploads\/2025\/04\/LOGO-PNG-AZUL.png","contentUrl":"https:\/\/divulguems.com.br\/wp-content\/uploads\/2025\/04\/LOGO-PNG-AZUL.png","width":1166,"height":475,"caption":"Portal Infoco Brasil"},"image":{"@id":"https:\/\/divulguems.com.br\/#\/schema\/logo\/image\/"},"sameAs":["https:\/\/www.facebook.com\/portalinfocobrasil","https:\/\/www.instagram.com\/portalinfocobrasil"]},{"@type":"Person","@id":"https:\/\/divulguems.com.br\/#\/schema\/person\/da9a362aa85513bf05aa682a97ba4b87","name":"Luiz Claudio Ferreira - Reporter da Agencia Brasil","image":{"@type":"ImageObject","inLanguage":"pt-BR","@id":"https:\/\/secure.gravatar.com\/avatar\/67be688d1f1be66e47e00cd75bb13e67e2d42fbde35dda6263bb87d308107a2a?s=96&d=mm&r=g","url":"https:\/\/secure.gravatar.com\/avatar\/67be688d1f1be66e47e00cd75bb13e67e2d42fbde35dda6263bb87d308107a2a?s=96&d=mm&r=g","contentUrl":"https:\/\/secure.gravatar.com\/avatar\/67be688d1f1be66e47e00cd75bb13e67e2d42fbde35dda6263bb87d308107a2a?s=96&d=mm&r=g","caption":"Luiz Claudio Ferreira - Reporter da Agencia Brasil"},"url":"https:\/\/divulguems.com.br\/?author=131"}]}},"_links":{"self":[{"href":"https:\/\/divulguems.com.br\/index.php?rest_route=\/wp\/v2\/posts\/20425","targetHints":{"allow":["GET"]}}],"collection":[{"href":"https:\/\/divulguems.com.br\/index.php?rest_route=\/wp\/v2\/posts"}],"about":[{"href":"https:\/\/divulguems.com.br\/index.php?rest_route=\/wp\/v2\/types\/post"}],"author":[{"embeddable":true,"href":"https:\/\/divulguems.com.br\/index.php?rest_route=\/wp\/v2\/users\/131"}],"replies":[{"embeddable":true,"href":"https:\/\/divulguems.com.br\/index.php?rest_route=%2Fwp%2Fv2%2Fcomments&post=20425"}],"version-history":[{"count":0,"href":"https:\/\/divulguems.com.br\/index.php?rest_route=\/wp\/v2\/posts\/20425\/revisions"}],"wp:featuredmedia":[{"embeddable":true,"href":"https:\/\/divulguems.com.br\/index.php?rest_route=\/wp\/v2\/media\/20426"}],"wp:attachment":[{"href":"https:\/\/divulguems.com.br\/index.php?rest_route=%2Fwp%2Fv2%2Fmedia&parent=20425"}],"wp:term":[{"taxonomy":"category","embeddable":true,"href":"https:\/\/divulguems.com.br\/index.php?rest_route=%2Fwp%2Fv2%2Fcategories&post=20425"},{"taxonomy":"post_tag","embeddable":true,"href":"https:\/\/divulguems.com.br\/index.php?rest_route=%2Fwp%2Fv2%2Ftags&post=20425"}],"curies":[{"name":"wp","href":"https:\/\/api.w.org\/{rel}","templated":true}]}}