{"id":20427,"date":"2026-04-27T21:50:03","date_gmt":"2026-04-28T01:50:03","guid":{"rendered":"https:\/\/divulguems.com.br\/?p=20427"},"modified":"2026-04-27T21:50:03","modified_gmt":"2026-04-28T01:50:03","slug":"fizeram-conosco-a-gente-vai-fazer-com-eles-diz-lula-sobre-eua","status":"publish","type":"post","link":"https:\/\/divulguems.com.br\/?p=20427","title":{"rendered":"&#8220;Fizeram conosco, a gente vai fazer com eles&#8221;, diz Lula sobre EUA"},"content":{"rendered":"<\/p>\n<p><a class=\"\" href=\"https:\/\/agenciabrasil.ebc.com.br\/politica\/noticia\/2026-04\/fizeram-conosco-gente-vai-fazer-com-eles-diz-lula-sobre-eua\"><br \/>\n                    <img decoding=\"async\" src=\"https:\/\/cdn.jsdelivr.net\/gh\/sergiosdlima\/assets-ebc@1.0.0\/abr\/assets\/images\/logo-agenciabrasil.svg\" alt=\"Logo Ag\u00eancia Brasil\"><br \/>\n\t\t\t\t<\/a><\/p>\n<p><strong>O presidente Luiz In\u00e1cio Lula da Silva elogiou nesta quarta-feira (22) a a\u00e7\u00e3o do\u00a0diretor-geral da Pol\u00edcia Federal, Andrei Rodrigues, de <a href=\"https:\/\/agenciabrasil.ebc.com.br\/justica\/noticia\/2026-04\/policia-federal-retira-credenciais-de-agente-de-imigracao-dos-eua\" target=\"_blank\">retirar as credenciais diplom\u00e1ticas de um agente de imigra\u00e7\u00e3o dos Estados Unidos que atuava na sede da PF em Bras\u00edlia.<\/a><\/strong><img decoding=\"async\" src=\"https:\/\/agenciabrasil.ebc.com.br\/ebc.png?id=1686952&#038;o=rss\"><img decoding=\"async\" src=\"https:\/\/agenciabrasil.ebc.com.br\/ebc.gif?id=1686952&#038;o=rss\"><\/p>\n<p>Segundo Lula,<strong> a medida corresponde ao princ\u00edpio da reciprocidade<\/strong>.<\/p>\n<blockquote>\n<h3>Not\u00edcias relacionadas:<\/h3>\n<ul>\n<li><a href=\"https:\/\/agenciabrasil.ebc.com.br\/justica\/noticia\/2026-04\/policia-federal-retira-credenciais-de-agente-de-imigracao-dos-eua\">Pol\u00edcia Federal retira credenciais de agente de imigra\u00e7\u00e3o dos EUA.<\/a><\/li>\n<li><a href=\"https:\/\/agenciabrasil.ebc.com.br\/internacional\/noticia\/2026-04\/eua-pedem-saida-de-funcionario-brasileiro-por-manipular-imigracao\">EUA pedem sa\u00edda de \u201cfuncion\u00e1rio brasileiro\u201d por manipular imigra\u00e7\u00e3o.<\/a><\/li>\n<\/ul>\n<p>&#8220;Eles fizeram conosco, a gente vai fazer com eles. Esperando que eles estejam dispostos a voltar a conversar e as coisas voltarem \u00e0\u00a0normalidade&#8221;, disse Lula, em v\u00eddeo nas redes sociais, ao lado de Andrei Rodrigues e do ministro da Justi\u00e7a, Wellington Lima e Silva.\n<\/p><\/blockquote>\n<p>A iniciativa brasileira ocorreu ap\u00f3s <a href=\"https:\/\/agenciabrasil.ebc.com.br\/internacional\/noticia\/2026-04\/eua-pedem-saida-de-funcionario-brasileiro-por-manipular-imigracao\" target=\"_blank\">o governo dos Estados Unidos determinar a sa\u00edda do delegado brasileiro Marcelo Ivo de Carvalho, tamb\u00e9m da PF, do pa\u00eds<\/a>. O delegado teria atuado\u00a0na\u00a0pris\u00e3o do ex-deputado Alexandre Ramagem.<\/p>\n<p>Mais cedo, o Minist\u00e9rio das Rela\u00e7\u00f5es Exteriores (MRE) informou, em nota publicada na rede X, que a representante da embaixada norte-americana\u00a0foi comunicada ontem (21) que o <strong>Brasil iria aplicar o princ\u00edpio da reciprocidade &#8220;diante da decis\u00e3o sum\u00e1ria contra o agente da Pol\u00edcia Federal, que n\u00e3o foi precedida de qualquer pedido de esclarecimento ou tentativa de di\u00e1logo sobre o caso&#8221;, como prev\u00ea acordo bilateral de coopera\u00e7\u00e3o na \u00e1rea policial.<\/strong><\/p>\n<p>&#8220;A medida t\u00e3o pouco observa boa pr\u00e1tica diplom\u00e1tica de di\u00e1logo entre na\u00e7\u00f5es amigas, como o Brasil e os Estados Unidos, ao longo de mais de 200 anos de rela\u00e7\u00e3o&#8221;, diz a nota.<\/p>\n<blockquote>\n<p>&#8220;O agente brasileiro\u00a0atuava com base em memorando de entendimento firmado entre os dois governos sobre a facilita\u00e7\u00e3o do interc\u00e2mbio de oficiais de liga\u00e7\u00e3o na \u00e1rea de seguran\u00e7a&#8221;, acrescenta, afirmando\u00a0ainda sobre a ado\u00e7\u00e3o do mesmo tratamento ao agente norte-americano.\u00a0<\/p>\n<\/blockquote>\n<h2>Entenda o caso\u00a0<\/h2>\n<p>O Escrit\u00f3rio para Assuntos do Hemisf\u00e9rio Ocidental dos Estados Unidos\u00a0informou na \u00faltima\u00a0segunda-feira (20) que pediu a sa\u00edda de um \u201cfuncion\u00e1rio brasileiro\u201d do territ\u00f3rio dos Estados Unidos.\u00a0Embora a postagem n\u00e3o cite nomes,\u00a0o texto indica que se trata do\u00a0delegado Marcelo de Carvalho, da Pol\u00edcia Federal, envolvido\u00a0na pris\u00e3o do ex-deputado Alexandre Ramagem.<\/p>\n<p>Ramagem foi solto na \u00faltima quarta-feira (15) ap\u00f3s ficar dois dias preso na Fl\u00f3rida. O ex-deputado Alexandre Ramagem foi diretor da Ag\u00eancia Brasileira de Intelig\u00eancia (Abin). No ano passado, o Supremo Tribunal Federal (STF) condenou Ramagem\u00a0a 16 anos de pris\u00e3o na a\u00e7\u00e3o penal relacionada \u00e0 trama golpista.<\/p>\n<p>Ap\u00f3s a condena\u00e7\u00e3o, ele perdeu o mandato e\u00a0fugiu do pa\u00eds para evitar o cumprimento da pena e passou a residir nos Estados Unidos.<\/p>\n<p>Em dezembro de 2025, o ministro Alexandre de Moraes determinou o envio de pedido formal de extradi\u00e7\u00e3o de Ramagem aos Estados Unidos, por meio do Minist\u00e9rio da Justi\u00e7a e Seguran\u00e7a P\u00fablica.<\/p>\n<p>Em abril, a Pol\u00edcia Federal informou que a pris\u00e3o de Ramagem pelo servi\u00e7o de imigra\u00e7\u00e3o norte-americano ocorreu como resultado de\u00a0coopera\u00e7\u00e3o policial internacional entre Brasil e Estados Unidos.<\/p>\n<p>Segundo a corpora\u00e7\u00e3o, o ex-deputado foi detido na cidade de Orlando e \u00e9 considerado foragido da Justi\u00e7a brasileira ap\u00f3s condena\u00e7\u00e3o por crimes como organiza\u00e7\u00e3o criminosa armada, tentativa de golpe de Estado e aboli\u00e7\u00e3o violenta do Estado democr\u00e1tico de direito.<\/p>\n<h2>Novos agentes\u00a0<\/h2>\n<p>No v\u00eddeo nas redes sociais, Lula anunciou ainda a contrata\u00e7\u00e3o de 1 mil novos agentes, que ir\u00e3o refor\u00e7ar a atua\u00e7\u00e3o da PF nos portos, aeroportos e regi\u00f5es de fronteira. De acordo com o presidente, a medida faz parte do compromisso do governo de combate ao crime organizado.\u00a0<\/p>\n<p><strong>Saiba mais no Rep\u00f3rter Brasil Tarde, da TV Brasil<\/strong><\/p>\n<p><iframe allow=\"accelerometer; autoplay; clipboard-write; encrypted-media; gyroscope; picture-in-picture; web-share\" allowfullscreen=\"\" frameborder=\"0\" height=\"315\" referrerpolicy=\"strict-origin-when-cross-origin\" src=\"https:\/\/www.youtube.com\/embed\/GoqSAeCBfCQ?si=5vjI8Ps6m5ikKTTl&#038;start=1322\" title=\"YouTube video player\" width=\"560\" sandbox=\"allow-scripts allow-same-origin\"><\/iframe><\/p>\n","protected":false},"excerpt":{"rendered":"<p>O presidente Luiz In\u00e1cio Lula da Silva elogiou nesta quarta-feira (22) a a\u00e7\u00e3o do\u00a0diretor-geral da Pol\u00edcia Federal, Andrei Rodrigues, de retirar as credenciais diplom\u00e1ticas de um agente de imigra\u00e7\u00e3o dos Estados Unidos que atuava na sede da PF em Bras\u00edlia. Segundo Lula, a medida corresponde ao princ\u00edpio da reciprocidade. Not\u00edcias relacionadas: Pol\u00edcia Federal retira credenciais [&hellip;]<\/p>\n","protected":false},"author":116,"featured_media":20428,"comment_status":"open","ping_status":"open","sticky":false,"template":"","format":"standard","meta":{"site-sidebar-layout":"default","site-content-layout":"","ast-site-content-layout":"default","site-content-style":"default","site-sidebar-style":"default","ast-global-header-display":"","ast-banner-title-visibility":"","ast-main-header-display":"","ast-hfb-above-header-display":"","ast-hfb-below-header-display":"","ast-hfb-mobile-header-display":"","site-post-title":"","ast-breadcrumbs-content":"","ast-featured-img":"","footer-sml-layout":"","ast-disable-related-posts":"","theme-transparent-header-meta":"","adv-header-id-meta":"","stick-header-meta":"","header-above-stick-meta":"","header-main-stick-meta":"","header-below-stick-meta":"","astra-migrate-meta-layouts":"default","ast-page-background-enabled":"default","ast-page-background-meta":{"desktop":{"background-color":"var(--ast-global-color-4)","background-image":"","background-repeat":"repeat","background-position":"center center","background-size":"auto","background-attachment":"scroll","background-type":"","background-media":"","overlay-type":"","overlay-color":"","overlay-opacity":"","overlay-gradient":""},"tablet":{"background-color":"","background-image":"","background-repeat":"repeat","background-position":"center center","background-size":"auto","background-attachment":"scroll","background-type":"","background-media":"","overlay-type":"","overlay-color":"","overlay-opacity":"","overlay-gradient":""},"mobile":{"background-color":"","background-image":"","background-repeat":"repeat","background-position":"center center","background-size":"auto","background-attachment":"scroll","background-type":"","background-media":"","overlay-type":"","overlay-color":"","overlay-opacity":"","overlay-gradient":""}},"ast-content-background-meta":{"desktop":{"background-color":"var(--ast-global-color-5)","background-image":"","background-repeat":"repeat","background-position":"center center","background-size":"auto","background-attachment":"scroll","background-type":"","background-media":"","overlay-type":"","overlay-color":"","overlay-opacity":"","overlay-gradient":""},"tablet":{"background-color":"var(--ast-global-color-5)","background-image":"","background-repeat":"repeat","background-position":"center center","background-size":"auto","background-attachment":"scroll","background-type":"","background-media":"","overlay-type":"","overlay-color":"","overlay-opacity":"","overlay-gradient":""},"mobile":{"background-color":"var(--ast-global-color-5)","background-image":"","background-repeat":"repeat","background-position":"center center","background-size":"auto","background-attachment":"scroll","background-type":"","background-media":"","overlay-type":"","overlay-color":"","overlay-opacity":"","overlay-gradient":""}},"footnotes":""},"categories":[1],"tags":[],"class_list":["post-20427","post","type-post","status-publish","format-standard","has-post-thumbnail","hentry","category-sem-categoria"],"yoast_head":"<!-- This site is optimized with the Yoast SEO Premium plugin v23.6 (Yoast SEO v27.4) - https:\/\/yoast.com\/product\/yoast-seo-premium-wordpress\/ -->\n<title>&quot;Fizeram conosco, a gente vai fazer com eles&quot;, diz Lula sobre EUA - Divulgue MS<\/title>\n<meta name=\"robots\" content=\"index, follow, max-snippet:-1, max-image-preview:large, max-video-preview:-1\" \/>\n<link rel=\"canonical\" href=\"https:\/\/divulguems.com.br\/?p=20427\" \/>\n<meta property=\"og:locale\" content=\"pt_BR\" \/>\n<meta property=\"og:type\" content=\"article\" \/>\n<meta property=\"og:title\" content=\"&quot;Fizeram conosco, a gente vai fazer com eles&quot;, diz Lula sobre EUA\" \/>\n<meta property=\"og:description\" content=\"O presidente Luiz In\u00e1cio Lula da Silva elogiou nesta quarta-feira (22) a a\u00e7\u00e3o do\u00a0diretor-geral da Pol\u00edcia Federal, Andrei Rodrigues, de retirar as credenciais diplom\u00e1ticas de um agente de imigra\u00e7\u00e3o dos Estados Unidos que atuava na sede da PF em Bras\u00edlia. Segundo Lula, a medida corresponde ao princ\u00edpio da reciprocidade. Not\u00edcias relacionadas: Pol\u00edcia Federal retira credenciais [&hellip;]\" \/>\n<meta property=\"og:url\" content=\"https:\/\/divulguems.com.br\/?p=20427\" \/>\n<meta property=\"og:site_name\" content=\"Divulgue MS\" \/>\n<meta property=\"article:publisher\" content=\"https:\/\/www.facebook.com\/portalinfocobrasil\" \/>\n<meta property=\"article:published_time\" content=\"2026-04-28T01:50:03+00:00\" \/>\n<meta property=\"og:image\" content=\"https:\/\/cdn.jsdelivr.net\/gh\/sergiosdlima\/assets-ebc@1.0.0\/abr\/assets\/images\/logo-agenciabrasil.svg\" \/>\n<meta name=\"author\" content=\"Agencia Brasil\" \/>\n<meta name=\"twitter:card\" content=\"summary_large_image\" \/>\n<meta name=\"twitter:label1\" content=\"Escrito por\" \/>\n\t<meta name=\"twitter:data1\" content=\"Agencia Brasil\" \/>\n\t<meta name=\"twitter:label2\" content=\"Est. tempo de leitura\" \/>\n\t<meta name=\"twitter:data2\" content=\"3 minutos\" \/>\n<script type=\"application\/ld+json\" class=\"yoast-schema-graph\">{\"@context\":\"https:\\\/\\\/schema.org\",\"@graph\":[{\"@type\":\"Article\",\"@id\":\"https:\\\/\\\/divulguems.com.br\\\/?p=20427#article\",\"isPartOf\":{\"@id\":\"https:\\\/\\\/divulguems.com.br\\\/?p=20427\"},\"author\":{\"name\":\"Agencia Brasil\",\"@id\":\"https:\\\/\\\/divulguems.com.br\\\/#\\\/schema\\\/person\\\/a34887bf3581b349187121793408c1a7\"},\"headline\":\"&#8220;Fizeram conosco, a gente vai fazer com eles&#8221;, diz Lula sobre EUA\",\"datePublished\":\"2026-04-28T01:50:03+00:00\",\"mainEntityOfPage\":{\"@id\":\"https:\\\/\\\/divulguems.com.br\\\/?p=20427\"},\"wordCount\":660,\"commentCount\":0,\"publisher\":{\"@id\":\"https:\\\/\\\/divulguems.com.br\\\/#organization\"},\"image\":{\"@id\":\"https:\\\/\\\/divulguems.com.br\\\/?p=20427#primaryimage\"},\"thumbnailUrl\":\"https:\\\/\\\/divulguems.com.br\\\/wp-content\\\/uploads\\\/2026\\\/04\\\/20427-fizeram-conosco-a-gente-vai-fazer-com-eles-diz-lula-sobre-eua.jpg\",\"articleSection\":[\"\u00daltimas Not\u00edcias\"],\"inLanguage\":\"pt-BR\",\"potentialAction\":[{\"@type\":\"CommentAction\",\"name\":\"Comment\",\"target\":[\"https:\\\/\\\/divulguems.com.br\\\/?p=20427#respond\"]}]},{\"@type\":\"WebPage\",\"@id\":\"https:\\\/\\\/divulguems.com.br\\\/?p=20427\",\"url\":\"https:\\\/\\\/divulguems.com.br\\\/?p=20427\",\"name\":\"\\\"Fizeram conosco, a gente vai fazer com eles\\\", diz Lula sobre EUA - Divulgue MS\",\"isPartOf\":{\"@id\":\"https:\\\/\\\/divulguems.com.br\\\/#website\"},\"primaryImageOfPage\":{\"@id\":\"https:\\\/\\\/divulguems.com.br\\\/?p=20427#primaryimage\"},\"image\":{\"@id\":\"https:\\\/\\\/divulguems.com.br\\\/?p=20427#primaryimage\"},\"thumbnailUrl\":\"https:\\\/\\\/divulguems.com.br\\\/wp-content\\\/uploads\\\/2026\\\/04\\\/20427-fizeram-conosco-a-gente-vai-fazer-com-eles-diz-lula-sobre-eua.jpg\",\"datePublished\":\"2026-04-28T01:50:03+00:00\",\"breadcrumb\":{\"@id\":\"https:\\\/\\\/divulguems.com.br\\\/?p=20427#breadcrumb\"},\"inLanguage\":\"pt-BR\",\"potentialAction\":[{\"@type\":\"ReadAction\",\"target\":[\"https:\\\/\\\/divulguems.com.br\\\/?p=20427\"]}]},{\"@type\":\"ImageObject\",\"inLanguage\":\"pt-BR\",\"@id\":\"https:\\\/\\\/divulguems.com.br\\\/?p=20427#primaryimage\",\"url\":\"https:\\\/\\\/divulguems.com.br\\\/wp-content\\\/uploads\\\/2026\\\/04\\\/20427-fizeram-conosco-a-gente-vai-fazer-com-eles-diz-lula-sobre-eua.jpg\",\"contentUrl\":\"https:\\\/\\\/divulguems.com.br\\\/wp-content\\\/uploads\\\/2026\\\/04\\\/20427-fizeram-conosco-a-gente-vai-fazer-com-eles-diz-lula-sobre-eua.jpg\",\"width\":1600,\"height\":800,\"caption\":\"&#8220;Fizeram conosco, a gente vai fazer com eles&#8221;, diz Lula sobre EUA\"},{\"@type\":\"BreadcrumbList\",\"@id\":\"https:\\\/\\\/divulguems.com.br\\\/?p=20427#breadcrumb\",\"itemListElement\":[{\"@type\":\"ListItem\",\"position\":1,\"name\":\"In\u00edcio\",\"item\":\"https:\\\/\\\/divulguems.com.br\\\/\"},{\"@type\":\"ListItem\",\"position\":2,\"name\":\"&#8220;Fizeram conosco, a gente vai fazer com eles&#8221;, diz Lula sobre EUA\"}]},{\"@type\":\"WebSite\",\"@id\":\"https:\\\/\\\/divulguems.com.br\\\/#website\",\"url\":\"https:\\\/\\\/divulguems.com.br\\\/\",\"name\":\"Portal Infoco Brasil\",\"description\":\"L\u00edder de audi\u00eancia.\",\"publisher\":{\"@id\":\"https:\\\/\\\/divulguems.com.br\\\/#organization\"},\"potentialAction\":[{\"@type\":\"SearchAction\",\"target\":{\"@type\":\"EntryPoint\",\"urlTemplate\":\"https:\\\/\\\/divulguems.com.br\\\/?s={search_term_string}\"},\"query-input\":{\"@type\":\"PropertyValueSpecification\",\"valueRequired\":true,\"valueName\":\"search_term_string\"}}],\"inLanguage\":\"pt-BR\"},{\"@type\":\"Organization\",\"@id\":\"https:\\\/\\\/divulguems.com.br\\\/#organization\",\"name\":\"Portal Infoco Brasil\",\"url\":\"https:\\\/\\\/divulguems.com.br\\\/\",\"logo\":{\"@type\":\"ImageObject\",\"inLanguage\":\"pt-BR\",\"@id\":\"https:\\\/\\\/divulguems.com.br\\\/#\\\/schema\\\/logo\\\/image\\\/\",\"url\":\"https:\\\/\\\/divulguems.com.br\\\/wp-content\\\/uploads\\\/2025\\\/04\\\/LOGO-PNG-AZUL.png\",\"contentUrl\":\"https:\\\/\\\/divulguems.com.br\\\/wp-content\\\/uploads\\\/2025\\\/04\\\/LOGO-PNG-AZUL.png\",\"width\":1166,\"height\":475,\"caption\":\"Portal Infoco Brasil\"},\"image\":{\"@id\":\"https:\\\/\\\/divulguems.com.br\\\/#\\\/schema\\\/logo\\\/image\\\/\"},\"sameAs\":[\"https:\\\/\\\/www.facebook.com\\\/portalinfocobrasil\",\"https:\\\/\\\/www.instagram.com\\\/portalinfocobrasil\"]},{\"@type\":\"Person\",\"@id\":\"https:\\\/\\\/divulguems.com.br\\\/#\\\/schema\\\/person\\\/a34887bf3581b349187121793408c1a7\",\"name\":\"Agencia Brasil\",\"image\":{\"@type\":\"ImageObject\",\"inLanguage\":\"pt-BR\",\"@id\":\"https:\\\/\\\/secure.gravatar.com\\\/avatar\\\/3fd0181c908a29c9243308239f56d705be75c4f4c56fead1ae013e31f296750c?s=96&d=mm&r=g\",\"url\":\"https:\\\/\\\/secure.gravatar.com\\\/avatar\\\/3fd0181c908a29c9243308239f56d705be75c4f4c56fead1ae013e31f296750c?s=96&d=mm&r=g\",\"contentUrl\":\"https:\\\/\\\/secure.gravatar.com\\\/avatar\\\/3fd0181c908a29c9243308239f56d705be75c4f4c56fead1ae013e31f296750c?s=96&d=mm&r=g\",\"caption\":\"Agencia Brasil\"},\"url\":\"https:\\\/\\\/divulguems.com.br\\\/?author=116\"}]}<\/script>\n<!-- \/ Yoast SEO Premium plugin. -->","yoast_head_json":{"title":"\"Fizeram conosco, a gente vai fazer com eles\", diz Lula sobre EUA - Divulgue MS","robots":{"index":"index","follow":"follow","max-snippet":"max-snippet:-1","max-image-preview":"max-image-preview:large","max-video-preview":"max-video-preview:-1"},"canonical":"https:\/\/divulguems.com.br\/?p=20427","og_locale":"pt_BR","og_type":"article","og_title":"\"Fizeram conosco, a gente vai fazer com eles\", diz Lula sobre EUA","og_description":"O presidente Luiz In\u00e1cio Lula da Silva elogiou nesta quarta-feira (22) a a\u00e7\u00e3o do\u00a0diretor-geral da Pol\u00edcia Federal, Andrei Rodrigues, de retirar as credenciais diplom\u00e1ticas de um agente de imigra\u00e7\u00e3o dos Estados Unidos que atuava na sede da PF em Bras\u00edlia. Segundo Lula, a medida corresponde ao princ\u00edpio da reciprocidade. Not\u00edcias relacionadas: Pol\u00edcia Federal retira credenciais [&hellip;]","og_url":"https:\/\/divulguems.com.br\/?p=20427","og_site_name":"Divulgue MS","article_publisher":"https:\/\/www.facebook.com\/portalinfocobrasil","article_published_time":"2026-04-28T01:50:03+00:00","og_image":[{"url":"https:\/\/cdn.jsdelivr.net\/gh\/sergiosdlima\/assets-ebc@1.0.0\/abr\/assets\/images\/logo-agenciabrasil.svg","type":"","width":"","height":""}],"author":"Agencia Brasil","twitter_card":"summary_large_image","twitter_misc":{"Escrito por":"Agencia Brasil","Est. tempo de leitura":"3 minutos"},"schema":{"@context":"https:\/\/schema.org","@graph":[{"@type":"Article","@id":"https:\/\/divulguems.com.br\/?p=20427#article","isPartOf":{"@id":"https:\/\/divulguems.com.br\/?p=20427"},"author":{"name":"Agencia Brasil","@id":"https:\/\/divulguems.com.br\/#\/schema\/person\/a34887bf3581b349187121793408c1a7"},"headline":"&#8220;Fizeram conosco, a gente vai fazer com eles&#8221;, diz Lula sobre EUA","datePublished":"2026-04-28T01:50:03+00:00","mainEntityOfPage":{"@id":"https:\/\/divulguems.com.br\/?p=20427"},"wordCount":660,"commentCount":0,"publisher":{"@id":"https:\/\/divulguems.com.br\/#organization"},"image":{"@id":"https:\/\/divulguems.com.br\/?p=20427#primaryimage"},"thumbnailUrl":"https:\/\/divulguems.com.br\/wp-content\/uploads\/2026\/04\/20427-fizeram-conosco-a-gente-vai-fazer-com-eles-diz-lula-sobre-eua.jpg","articleSection":["\u00daltimas Not\u00edcias"],"inLanguage":"pt-BR","potentialAction":[{"@type":"CommentAction","name":"Comment","target":["https:\/\/divulguems.com.br\/?p=20427#respond"]}]},{"@type":"WebPage","@id":"https:\/\/divulguems.com.br\/?p=20427","url":"https:\/\/divulguems.com.br\/?p=20427","name":"\"Fizeram conosco, a gente vai fazer com eles\", diz Lula sobre EUA - Divulgue MS","isPartOf":{"@id":"https:\/\/divulguems.com.br\/#website"},"primaryImageOfPage":{"@id":"https:\/\/divulguems.com.br\/?p=20427#primaryimage"},"image":{"@id":"https:\/\/divulguems.com.br\/?p=20427#primaryimage"},"thumbnailUrl":"https:\/\/divulguems.com.br\/wp-content\/uploads\/2026\/04\/20427-fizeram-conosco-a-gente-vai-fazer-com-eles-diz-lula-sobre-eua.jpg","datePublished":"2026-04-28T01:50:03+00:00","breadcrumb":{"@id":"https:\/\/divulguems.com.br\/?p=20427#breadcrumb"},"inLanguage":"pt-BR","potentialAction":[{"@type":"ReadAction","target":["https:\/\/divulguems.com.br\/?p=20427"]}]},{"@type":"ImageObject","inLanguage":"pt-BR","@id":"https:\/\/divulguems.com.br\/?p=20427#primaryimage","url":"https:\/\/divulguems.com.br\/wp-content\/uploads\/2026\/04\/20427-fizeram-conosco-a-gente-vai-fazer-com-eles-diz-lula-sobre-eua.jpg","contentUrl":"https:\/\/divulguems.com.br\/wp-content\/uploads\/2026\/04\/20427-fizeram-conosco-a-gente-vai-fazer-com-eles-diz-lula-sobre-eua.jpg","width":1600,"height":800,"caption":"&#8220;Fizeram conosco, a gente vai fazer com eles&#8221;, diz Lula sobre EUA"},{"@type":"BreadcrumbList","@id":"https:\/\/divulguems.com.br\/?p=20427#breadcrumb","itemListElement":[{"@type":"ListItem","position":1,"name":"In\u00edcio","item":"https:\/\/divulguems.com.br\/"},{"@type":"ListItem","position":2,"name":"&#8220;Fizeram conosco, a gente vai fazer com eles&#8221;, diz Lula sobre EUA"}]},{"@type":"WebSite","@id":"https:\/\/divulguems.com.br\/#website","url":"https:\/\/divulguems.com.br\/","name":"Portal Infoco Brasil","description":"L\u00edder de audi\u00eancia.","publisher":{"@id":"https:\/\/divulguems.com.br\/#organization"},"potentialAction":[{"@type":"SearchAction","target":{"@type":"EntryPoint","urlTemplate":"https:\/\/divulguems.com.br\/?s={search_term_string}"},"query-input":{"@type":"PropertyValueSpecification","valueRequired":true,"valueName":"search_term_string"}}],"inLanguage":"pt-BR"},{"@type":"Organization","@id":"https:\/\/divulguems.com.br\/#organization","name":"Portal Infoco Brasil","url":"https:\/\/divulguems.com.br\/","logo":{"@type":"ImageObject","inLanguage":"pt-BR","@id":"https:\/\/divulguems.com.br\/#\/schema\/logo\/image\/","url":"https:\/\/divulguems.com.br\/wp-content\/uploads\/2025\/04\/LOGO-PNG-AZUL.png","contentUrl":"https:\/\/divulguems.com.br\/wp-content\/uploads\/2025\/04\/LOGO-PNG-AZUL.png","width":1166,"height":475,"caption":"Portal Infoco Brasil"},"image":{"@id":"https:\/\/divulguems.com.br\/#\/schema\/logo\/image\/"},"sameAs":["https:\/\/www.facebook.com\/portalinfocobrasil","https:\/\/www.instagram.com\/portalinfocobrasil"]},{"@type":"Person","@id":"https:\/\/divulguems.com.br\/#\/schema\/person\/a34887bf3581b349187121793408c1a7","name":"Agencia Brasil","image":{"@type":"ImageObject","inLanguage":"pt-BR","@id":"https:\/\/secure.gravatar.com\/avatar\/3fd0181c908a29c9243308239f56d705be75c4f4c56fead1ae013e31f296750c?s=96&d=mm&r=g","url":"https:\/\/secure.gravatar.com\/avatar\/3fd0181c908a29c9243308239f56d705be75c4f4c56fead1ae013e31f296750c?s=96&d=mm&r=g","contentUrl":"https:\/\/secure.gravatar.com\/avatar\/3fd0181c908a29c9243308239f56d705be75c4f4c56fead1ae013e31f296750c?s=96&d=mm&r=g","caption":"Agencia Brasil"},"url":"https:\/\/divulguems.com.br\/?author=116"}]}},"_links":{"self":[{"href":"https:\/\/divulguems.com.br\/index.php?rest_route=\/wp\/v2\/posts\/20427","targetHints":{"allow":["GET"]}}],"collection":[{"href":"https:\/\/divulguems.com.br\/index.php?rest_route=\/wp\/v2\/posts"}],"about":[{"href":"https:\/\/divulguems.com.br\/index.php?rest_route=\/wp\/v2\/types\/post"}],"author":[{"embeddable":true,"href":"https:\/\/divulguems.com.br\/index.php?rest_route=\/wp\/v2\/users\/116"}],"replies":[{"embeddable":true,"href":"https:\/\/divulguems.com.br\/index.php?rest_route=%2Fwp%2Fv2%2Fcomments&post=20427"}],"version-history":[{"count":0,"href":"https:\/\/divulguems.com.br\/index.php?rest_route=\/wp\/v2\/posts\/20427\/revisions"}],"wp:featuredmedia":[{"embeddable":true,"href":"https:\/\/divulguems.com.br\/index.php?rest_route=\/wp\/v2\/media\/20428"}],"wp:attachment":[{"href":"https:\/\/divulguems.com.br\/index.php?rest_route=%2Fwp%2Fv2%2Fmedia&parent=20427"}],"wp:term":[{"taxonomy":"category","embeddable":true,"href":"https:\/\/divulguems.com.br\/index.php?rest_route=%2Fwp%2Fv2%2Fcategories&post=20427"},{"taxonomy":"post_tag","embeddable":true,"href":"https:\/\/divulguems.com.br\/index.php?rest_route=%2Fwp%2Fv2%2Ftags&post=20427"}],"curies":[{"name":"wp","href":"https:\/\/api.w.org\/{rel}","templated":true}]}}