{"id":20431,"date":"2026-04-27T21:50:07","date_gmt":"2026-04-28T01:50:07","guid":{"rendered":"https:\/\/divulguems.com.br\/?p=20431"},"modified":"2026-04-27T21:50:07","modified_gmt":"2026-04-28T01:50:07","slug":"chuvas-em-sorocaba-afetam-600-familias","status":"publish","type":"post","link":"https:\/\/divulguems.com.br\/?p=20431","title":{"rendered":"Chuvas em Sorocaba afetam 600 fam\u00edlias"},"content":{"rendered":"<p>As chuvas fortes na regi\u00e3o de Sorocaba, no interior de S\u00e3o Paulo, neste fim de semana, impactaram mais de 600 fam\u00edlias. De acordo com a Defesa Civil do Estado de S\u00e3o Paulo, a cidade de Sorocaba registrou 44 mil\u00edmetros de precipita\u00e7\u00e3o e a chuva forte, acompanhada de vento e granizo, causou queda de \u00e1rvores, pontos de alagamento e falta de energia el\u00e9trica.<img decoding=\"async\" src=\"https:\/\/agenciabrasil.ebc.com.br\/ebc.png?id=1686732&#038;o=rss\"><img decoding=\"async\" src=\"https:\/\/agenciabrasil.ebc.com.br\/ebc.gif?id=1686732&#038;o=rss\"><\/p>\n<p>As pancadas intensas tamb\u00e9m atingiram os munic\u00edpios de Itu e Votorantim. Em Piedade, o acumulado foi de 48 mil\u00edmetros e houve destelhamento de casas e danos em cerca de 30 moradias. J\u00e1 em Ibi\u00fana, choveu cerca de 20 mil\u00edmetros; quase 100 resid\u00eancias foram afetadas e mais de 600 pessoas est\u00e3o desalojadas.<\/p>\n<p>Segundo a Defesa Civil do Estado de S\u00e3o Paulo, foram distribu\u00eddos kits de limpeza e higiene, cestas b\u00e1sicas e outros itens para as necessidades pessoais.<\/p>\n<p>Esta segunda-feira (20) foi de tempo firme na maior parte do estado, com algumas regi\u00f5es do interior com n\u00edveis de umidade relativa do ar abaixo de 30%.<\/p>\n<p>O Instituto Nacional de Meteorologia emitiu alerta para baixa umidade, variando entre 30% e 20% nas regi\u00f5es Norte e Oeste do estado. Nos pr\u00f3ximos dias, n\u00e3o h\u00e1 previs\u00e3o de chuvas e as temperaturas seguem em eleva\u00e7\u00e3o.<br \/>\n\u00a0<\/p>\n<p>  <span class=\"hms hms-format-m-ss\">1:39<\/span><\/p>\n","protected":false},"excerpt":{"rendered":"<p>As chuvas fortes na regi\u00e3o de Sorocaba, no interior de S\u00e3o Paulo, neste fim de semana, impactaram mais de 600 fam\u00edlias. De acordo com a Defesa Civil do Estado de S\u00e3o Paulo, a cidade de Sorocaba registrou 44 mil\u00edmetros de precipita\u00e7\u00e3o e a chuva forte, acompanhada de vento e granizo, causou queda de \u00e1rvores, pontos [&hellip;]<\/p>\n","protected":false},"author":516,"featured_media":20432,"comment_status":"open","ping_status":"open","sticky":false,"template":"","format":"standard","meta":{"site-sidebar-layout":"default","site-content-layout":"","ast-site-content-layout":"default","site-content-style":"default","site-sidebar-style":"default","ast-global-header-display":"","ast-banner-title-visibility":"","ast-main-header-display":"","ast-hfb-above-header-display":"","ast-hfb-below-header-display":"","ast-hfb-mobile-header-display":"","site-post-title":"","ast-breadcrumbs-content":"","ast-featured-img":"","footer-sml-layout":"","ast-disable-related-posts":"","theme-transparent-header-meta":"","adv-header-id-meta":"","stick-header-meta":"","header-above-stick-meta":"","header-main-stick-meta":"","header-below-stick-meta":"","astra-migrate-meta-layouts":"default","ast-page-background-enabled":"default","ast-page-background-meta":{"desktop":{"background-color":"var(--ast-global-color-4)","background-image":"","background-repeat":"repeat","background-position":"center center","background-size":"auto","background-attachment":"scroll","background-type":"","background-media":"","overlay-type":"","overlay-color":"","overlay-opacity":"","overlay-gradient":""},"tablet":{"background-color":"","background-image":"","background-repeat":"repeat","background-position":"center center","background-size":"auto","background-attachment":"scroll","background-type":"","background-media":"","overlay-type":"","overlay-color":"","overlay-opacity":"","overlay-gradient":""},"mobile":{"background-color":"","background-image":"","background-repeat":"repeat","background-position":"center center","background-size":"auto","background-attachment":"scroll","background-type":"","background-media":"","overlay-type":"","overlay-color":"","overlay-opacity":"","overlay-gradient":""}},"ast-content-background-meta":{"desktop":{"background-color":"var(--ast-global-color-5)","background-image":"","background-repeat":"repeat","background-position":"center center","background-size":"auto","background-attachment":"scroll","background-type":"","background-media":"","overlay-type":"","overlay-color":"","overlay-opacity":"","overlay-gradient":""},"tablet":{"background-color":"var(--ast-global-color-5)","background-image":"","background-repeat":"repeat","background-position":"center center","background-size":"auto","background-attachment":"scroll","background-type":"","background-media":"","overlay-type":"","overlay-color":"","overlay-opacity":"","overlay-gradient":""},"mobile":{"background-color":"var(--ast-global-color-5)","background-image":"","background-repeat":"repeat","background-position":"center center","background-size":"auto","background-attachment":"scroll","background-type":"","background-media":"","overlay-type":"","overlay-color":"","overlay-opacity":"","overlay-gradient":""}},"footnotes":""},"categories":[6],"tags":[],"class_list":["post-20431","post","type-post","status-publish","format-standard","has-post-thumbnail","hentry","category-meio-ambiente-e-sustentabilidade"],"yoast_head":"<!-- This site is optimized with the Yoast SEO Premium plugin v23.6 (Yoast SEO v27.4) - https:\/\/yoast.com\/product\/yoast-seo-premium-wordpress\/ -->\n<title>Chuvas em Sorocaba afetam 600 fam\u00edlias - Divulgue MS<\/title>\n<meta name=\"robots\" content=\"index, follow, max-snippet:-1, max-image-preview:large, max-video-preview:-1\" \/>\n<link rel=\"canonical\" href=\"https:\/\/divulguems.com.br\/?p=20431\" \/>\n<meta property=\"og:locale\" content=\"pt_BR\" \/>\n<meta property=\"og:type\" content=\"article\" \/>\n<meta property=\"og:title\" content=\"Chuvas em Sorocaba afetam 600 fam\u00edlias\" \/>\n<meta property=\"og:description\" content=\"As chuvas fortes na regi\u00e3o de Sorocaba, no interior de S\u00e3o Paulo, neste fim de semana, impactaram mais de 600 fam\u00edlias. De acordo com a Defesa Civil do Estado de S\u00e3o Paulo, a cidade de Sorocaba registrou 44 mil\u00edmetros de precipita\u00e7\u00e3o e a chuva forte, acompanhada de vento e granizo, causou queda de \u00e1rvores, pontos [&hellip;]\" \/>\n<meta property=\"og:url\" content=\"https:\/\/divulguems.com.br\/?p=20431\" \/>\n<meta property=\"og:site_name\" content=\"Divulgue MS\" \/>\n<meta property=\"article:publisher\" content=\"https:\/\/www.facebook.com\/portalinfocobrasil\" \/>\n<meta property=\"article:published_time\" content=\"2026-04-28T01:50:07+00:00\" \/>\n<meta property=\"og:image\" content=\"https:\/\/agenciabrasil.ebc.com.br\/ebc.png?id=1686732&o=rss\" \/>\n<meta name=\"author\" content=\"Sarah Quines - reporter da Radio Nacional\" \/>\n<meta name=\"twitter:card\" content=\"summary_large_image\" \/>\n<meta name=\"twitter:label1\" content=\"Escrito por\" \/>\n\t<meta name=\"twitter:data1\" content=\"Sarah Quines - reporter da Radio Nacional\" \/>\n\t<meta name=\"twitter:label2\" content=\"Est. tempo de leitura\" \/>\n\t<meta name=\"twitter:data2\" content=\"1 minuto\" \/>\n<script type=\"application\/ld+json\" class=\"yoast-schema-graph\">{\"@context\":\"https:\\\/\\\/schema.org\",\"@graph\":[{\"@type\":\"Article\",\"@id\":\"https:\\\/\\\/divulguems.com.br\\\/?p=20431#article\",\"isPartOf\":{\"@id\":\"https:\\\/\\\/divulguems.com.br\\\/?p=20431\"},\"author\":{\"name\":\"Sarah Quines - reporter da Radio Nacional\",\"@id\":\"https:\\\/\\\/divulguems.com.br\\\/#\\\/schema\\\/person\\\/11e392a05cd5548287f39d3aa901e2e9\"},\"headline\":\"Chuvas em Sorocaba afetam 600 fam\u00edlias\",\"datePublished\":\"2026-04-28T01:50:07+00:00\",\"mainEntityOfPage\":{\"@id\":\"https:\\\/\\\/divulguems.com.br\\\/?p=20431\"},\"wordCount\":220,\"commentCount\":0,\"publisher\":{\"@id\":\"https:\\\/\\\/divulguems.com.br\\\/#organization\"},\"image\":{\"@id\":\"https:\\\/\\\/divulguems.com.br\\\/?p=20431#primaryimage\"},\"thumbnailUrl\":\"https:\\\/\\\/divulguems.com.br\\\/wp-content\\\/uploads\\\/2026\\\/04\\\/20431-chuvas-em-sorocaba-afetam-600-familias.jpg\",\"articleSection\":[\"Meio Ambiente e Sustentabilidade\"],\"inLanguage\":\"pt-BR\",\"potentialAction\":[{\"@type\":\"CommentAction\",\"name\":\"Comment\",\"target\":[\"https:\\\/\\\/divulguems.com.br\\\/?p=20431#respond\"]}]},{\"@type\":\"WebPage\",\"@id\":\"https:\\\/\\\/divulguems.com.br\\\/?p=20431\",\"url\":\"https:\\\/\\\/divulguems.com.br\\\/?p=20431\",\"name\":\"Chuvas em Sorocaba afetam 600 fam\u00edlias - Divulgue MS\",\"isPartOf\":{\"@id\":\"https:\\\/\\\/divulguems.com.br\\\/#website\"},\"primaryImageOfPage\":{\"@id\":\"https:\\\/\\\/divulguems.com.br\\\/?p=20431#primaryimage\"},\"image\":{\"@id\":\"https:\\\/\\\/divulguems.com.br\\\/?p=20431#primaryimage\"},\"thumbnailUrl\":\"https:\\\/\\\/divulguems.com.br\\\/wp-content\\\/uploads\\\/2026\\\/04\\\/20431-chuvas-em-sorocaba-afetam-600-familias.jpg\",\"datePublished\":\"2026-04-28T01:50:07+00:00\",\"breadcrumb\":{\"@id\":\"https:\\\/\\\/divulguems.com.br\\\/?p=20431#breadcrumb\"},\"inLanguage\":\"pt-BR\",\"potentialAction\":[{\"@type\":\"ReadAction\",\"target\":[\"https:\\\/\\\/divulguems.com.br\\\/?p=20431\"]}]},{\"@type\":\"ImageObject\",\"inLanguage\":\"pt-BR\",\"@id\":\"https:\\\/\\\/divulguems.com.br\\\/?p=20431#primaryimage\",\"url\":\"https:\\\/\\\/divulguems.com.br\\\/wp-content\\\/uploads\\\/2026\\\/04\\\/20431-chuvas-em-sorocaba-afetam-600-familias.jpg\",\"contentUrl\":\"https:\\\/\\\/divulguems.com.br\\\/wp-content\\\/uploads\\\/2026\\\/04\\\/20431-chuvas-em-sorocaba-afetam-600-familias.jpg\",\"width\":1600,\"height\":800,\"caption\":\"Chuvas em Sorocaba afetam 600 fam\u00edlias\"},{\"@type\":\"BreadcrumbList\",\"@id\":\"https:\\\/\\\/divulguems.com.br\\\/?p=20431#breadcrumb\",\"itemListElement\":[{\"@type\":\"ListItem\",\"position\":1,\"name\":\"In\u00edcio\",\"item\":\"https:\\\/\\\/divulguems.com.br\\\/\"},{\"@type\":\"ListItem\",\"position\":2,\"name\":\"Chuvas em Sorocaba afetam 600 fam\u00edlias\"}]},{\"@type\":\"WebSite\",\"@id\":\"https:\\\/\\\/divulguems.com.br\\\/#website\",\"url\":\"https:\\\/\\\/divulguems.com.br\\\/\",\"name\":\"Portal Infoco Brasil\",\"description\":\"L\u00edder de audi\u00eancia.\",\"publisher\":{\"@id\":\"https:\\\/\\\/divulguems.com.br\\\/#organization\"},\"potentialAction\":[{\"@type\":\"SearchAction\",\"target\":{\"@type\":\"EntryPoint\",\"urlTemplate\":\"https:\\\/\\\/divulguems.com.br\\\/?s={search_term_string}\"},\"query-input\":{\"@type\":\"PropertyValueSpecification\",\"valueRequired\":true,\"valueName\":\"search_term_string\"}}],\"inLanguage\":\"pt-BR\"},{\"@type\":\"Organization\",\"@id\":\"https:\\\/\\\/divulguems.com.br\\\/#organization\",\"name\":\"Portal Infoco Brasil\",\"url\":\"https:\\\/\\\/divulguems.com.br\\\/\",\"logo\":{\"@type\":\"ImageObject\",\"inLanguage\":\"pt-BR\",\"@id\":\"https:\\\/\\\/divulguems.com.br\\\/#\\\/schema\\\/logo\\\/image\\\/\",\"url\":\"https:\\\/\\\/divulguems.com.br\\\/wp-content\\\/uploads\\\/2025\\\/04\\\/LOGO-PNG-AZUL.png\",\"contentUrl\":\"https:\\\/\\\/divulguems.com.br\\\/wp-content\\\/uploads\\\/2025\\\/04\\\/LOGO-PNG-AZUL.png\",\"width\":1166,\"height\":475,\"caption\":\"Portal Infoco Brasil\"},\"image\":{\"@id\":\"https:\\\/\\\/divulguems.com.br\\\/#\\\/schema\\\/logo\\\/image\\\/\"},\"sameAs\":[\"https:\\\/\\\/www.facebook.com\\\/portalinfocobrasil\",\"https:\\\/\\\/www.instagram.com\\\/portalinfocobrasil\"]},{\"@type\":\"Person\",\"@id\":\"https:\\\/\\\/divulguems.com.br\\\/#\\\/schema\\\/person\\\/11e392a05cd5548287f39d3aa901e2e9\",\"name\":\"Sarah Quines - reporter da Radio Nacional\",\"image\":{\"@type\":\"ImageObject\",\"inLanguage\":\"pt-BR\",\"@id\":\"https:\\\/\\\/secure.gravatar.com\\\/avatar\\\/7f6ea5ba1d5562a8751af9c355e2b1de359a3de42d41e06eceabd5615318a165?s=96&d=mm&r=g\",\"url\":\"https:\\\/\\\/secure.gravatar.com\\\/avatar\\\/7f6ea5ba1d5562a8751af9c355e2b1de359a3de42d41e06eceabd5615318a165?s=96&d=mm&r=g\",\"contentUrl\":\"https:\\\/\\\/secure.gravatar.com\\\/avatar\\\/7f6ea5ba1d5562a8751af9c355e2b1de359a3de42d41e06eceabd5615318a165?s=96&d=mm&r=g\",\"caption\":\"Sarah Quines - reporter da Radio Nacional\"},\"url\":\"https:\\\/\\\/divulguems.com.br\\\/?author=516\"}]}<\/script>\n<!-- \/ Yoast SEO Premium plugin. -->","yoast_head_json":{"title":"Chuvas em Sorocaba afetam 600 fam\u00edlias - Divulgue MS","robots":{"index":"index","follow":"follow","max-snippet":"max-snippet:-1","max-image-preview":"max-image-preview:large","max-video-preview":"max-video-preview:-1"},"canonical":"https:\/\/divulguems.com.br\/?p=20431","og_locale":"pt_BR","og_type":"article","og_title":"Chuvas em Sorocaba afetam 600 fam\u00edlias","og_description":"As chuvas fortes na regi\u00e3o de Sorocaba, no interior de S\u00e3o Paulo, neste fim de semana, impactaram mais de 600 fam\u00edlias. De acordo com a Defesa Civil do Estado de S\u00e3o Paulo, a cidade de Sorocaba registrou 44 mil\u00edmetros de precipita\u00e7\u00e3o e a chuva forte, acompanhada de vento e granizo, causou queda de \u00e1rvores, pontos [&hellip;]","og_url":"https:\/\/divulguems.com.br\/?p=20431","og_site_name":"Divulgue MS","article_publisher":"https:\/\/www.facebook.com\/portalinfocobrasil","article_published_time":"2026-04-28T01:50:07+00:00","og_image":[{"url":"https:\/\/agenciabrasil.ebc.com.br\/ebc.png?id=1686732&o=rss","type":"","width":"","height":""}],"author":"Sarah Quines - reporter da Radio Nacional","twitter_card":"summary_large_image","twitter_misc":{"Escrito por":"Sarah Quines - reporter da Radio Nacional","Est. tempo de leitura":"1 minuto"},"schema":{"@context":"https:\/\/schema.org","@graph":[{"@type":"Article","@id":"https:\/\/divulguems.com.br\/?p=20431#article","isPartOf":{"@id":"https:\/\/divulguems.com.br\/?p=20431"},"author":{"name":"Sarah Quines - reporter da Radio Nacional","@id":"https:\/\/divulguems.com.br\/#\/schema\/person\/11e392a05cd5548287f39d3aa901e2e9"},"headline":"Chuvas em Sorocaba afetam 600 fam\u00edlias","datePublished":"2026-04-28T01:50:07+00:00","mainEntityOfPage":{"@id":"https:\/\/divulguems.com.br\/?p=20431"},"wordCount":220,"commentCount":0,"publisher":{"@id":"https:\/\/divulguems.com.br\/#organization"},"image":{"@id":"https:\/\/divulguems.com.br\/?p=20431#primaryimage"},"thumbnailUrl":"https:\/\/divulguems.com.br\/wp-content\/uploads\/2026\/04\/20431-chuvas-em-sorocaba-afetam-600-familias.jpg","articleSection":["Meio Ambiente e Sustentabilidade"],"inLanguage":"pt-BR","potentialAction":[{"@type":"CommentAction","name":"Comment","target":["https:\/\/divulguems.com.br\/?p=20431#respond"]}]},{"@type":"WebPage","@id":"https:\/\/divulguems.com.br\/?p=20431","url":"https:\/\/divulguems.com.br\/?p=20431","name":"Chuvas em Sorocaba afetam 600 fam\u00edlias - Divulgue MS","isPartOf":{"@id":"https:\/\/divulguems.com.br\/#website"},"primaryImageOfPage":{"@id":"https:\/\/divulguems.com.br\/?p=20431#primaryimage"},"image":{"@id":"https:\/\/divulguems.com.br\/?p=20431#primaryimage"},"thumbnailUrl":"https:\/\/divulguems.com.br\/wp-content\/uploads\/2026\/04\/20431-chuvas-em-sorocaba-afetam-600-familias.jpg","datePublished":"2026-04-28T01:50:07+00:00","breadcrumb":{"@id":"https:\/\/divulguems.com.br\/?p=20431#breadcrumb"},"inLanguage":"pt-BR","potentialAction":[{"@type":"ReadAction","target":["https:\/\/divulguems.com.br\/?p=20431"]}]},{"@type":"ImageObject","inLanguage":"pt-BR","@id":"https:\/\/divulguems.com.br\/?p=20431#primaryimage","url":"https:\/\/divulguems.com.br\/wp-content\/uploads\/2026\/04\/20431-chuvas-em-sorocaba-afetam-600-familias.jpg","contentUrl":"https:\/\/divulguems.com.br\/wp-content\/uploads\/2026\/04\/20431-chuvas-em-sorocaba-afetam-600-familias.jpg","width":1600,"height":800,"caption":"Chuvas em Sorocaba afetam 600 fam\u00edlias"},{"@type":"BreadcrumbList","@id":"https:\/\/divulguems.com.br\/?p=20431#breadcrumb","itemListElement":[{"@type":"ListItem","position":1,"name":"In\u00edcio","item":"https:\/\/divulguems.com.br\/"},{"@type":"ListItem","position":2,"name":"Chuvas em Sorocaba afetam 600 fam\u00edlias"}]},{"@type":"WebSite","@id":"https:\/\/divulguems.com.br\/#website","url":"https:\/\/divulguems.com.br\/","name":"Portal Infoco Brasil","description":"L\u00edder de audi\u00eancia.","publisher":{"@id":"https:\/\/divulguems.com.br\/#organization"},"potentialAction":[{"@type":"SearchAction","target":{"@type":"EntryPoint","urlTemplate":"https:\/\/divulguems.com.br\/?s={search_term_string}"},"query-input":{"@type":"PropertyValueSpecification","valueRequired":true,"valueName":"search_term_string"}}],"inLanguage":"pt-BR"},{"@type":"Organization","@id":"https:\/\/divulguems.com.br\/#organization","name":"Portal Infoco Brasil","url":"https:\/\/divulguems.com.br\/","logo":{"@type":"ImageObject","inLanguage":"pt-BR","@id":"https:\/\/divulguems.com.br\/#\/schema\/logo\/image\/","url":"https:\/\/divulguems.com.br\/wp-content\/uploads\/2025\/04\/LOGO-PNG-AZUL.png","contentUrl":"https:\/\/divulguems.com.br\/wp-content\/uploads\/2025\/04\/LOGO-PNG-AZUL.png","width":1166,"height":475,"caption":"Portal Infoco Brasil"},"image":{"@id":"https:\/\/divulguems.com.br\/#\/schema\/logo\/image\/"},"sameAs":["https:\/\/www.facebook.com\/portalinfocobrasil","https:\/\/www.instagram.com\/portalinfocobrasil"]},{"@type":"Person","@id":"https:\/\/divulguems.com.br\/#\/schema\/person\/11e392a05cd5548287f39d3aa901e2e9","name":"Sarah Quines - reporter da Radio Nacional","image":{"@type":"ImageObject","inLanguage":"pt-BR","@id":"https:\/\/secure.gravatar.com\/avatar\/7f6ea5ba1d5562a8751af9c355e2b1de359a3de42d41e06eceabd5615318a165?s=96&d=mm&r=g","url":"https:\/\/secure.gravatar.com\/avatar\/7f6ea5ba1d5562a8751af9c355e2b1de359a3de42d41e06eceabd5615318a165?s=96&d=mm&r=g","contentUrl":"https:\/\/secure.gravatar.com\/avatar\/7f6ea5ba1d5562a8751af9c355e2b1de359a3de42d41e06eceabd5615318a165?s=96&d=mm&r=g","caption":"Sarah Quines - reporter da Radio Nacional"},"url":"https:\/\/divulguems.com.br\/?author=516"}]}},"_links":{"self":[{"href":"https:\/\/divulguems.com.br\/index.php?rest_route=\/wp\/v2\/posts\/20431","targetHints":{"allow":["GET"]}}],"collection":[{"href":"https:\/\/divulguems.com.br\/index.php?rest_route=\/wp\/v2\/posts"}],"about":[{"href":"https:\/\/divulguems.com.br\/index.php?rest_route=\/wp\/v2\/types\/post"}],"author":[{"embeddable":true,"href":"https:\/\/divulguems.com.br\/index.php?rest_route=\/wp\/v2\/users\/516"}],"replies":[{"embeddable":true,"href":"https:\/\/divulguems.com.br\/index.php?rest_route=%2Fwp%2Fv2%2Fcomments&post=20431"}],"version-history":[{"count":0,"href":"https:\/\/divulguems.com.br\/index.php?rest_route=\/wp\/v2\/posts\/20431\/revisions"}],"wp:featuredmedia":[{"embeddable":true,"href":"https:\/\/divulguems.com.br\/index.php?rest_route=\/wp\/v2\/media\/20432"}],"wp:attachment":[{"href":"https:\/\/divulguems.com.br\/index.php?rest_route=%2Fwp%2Fv2%2Fmedia&parent=20431"}],"wp:term":[{"taxonomy":"category","embeddable":true,"href":"https:\/\/divulguems.com.br\/index.php?rest_route=%2Fwp%2Fv2%2Fcategories&post=20431"},{"taxonomy":"post_tag","embeddable":true,"href":"https:\/\/divulguems.com.br\/index.php?rest_route=%2Fwp%2Fv2%2Ftags&post=20431"}],"curies":[{"name":"wp","href":"https:\/\/api.w.org\/{rel}","templated":true}]}}