{"id":20433,"date":"2026-04-27T21:50:10","date_gmt":"2026-04-28T01:50:10","guid":{"rendered":"https:\/\/divulguems.com.br\/?p=20433"},"modified":"2026-04-27T21:50:10","modified_gmt":"2026-04-28T01:50:10","slug":"mprj-acompanha-investigacoes-sobre-morte-de-empresario-por-policiais","status":"publish","type":"post","link":"https:\/\/divulguems.com.br\/?p=20433","title":{"rendered":"MPRJ acompanha investiga\u00e7\u00f5es sobre morte de empres\u00e1rio por policiais"},"content":{"rendered":"<\/p>\n<p><a class=\"\" href=\"https:\/\/agenciabrasil.ebc.com.br\/geral\/noticia\/2026-04\/mprj-acompanha-investigacoes-sobre-morte-de-empresario-por-policiais\"><br \/>\n                    <img decoding=\"async\" src=\"https:\/\/cdn.jsdelivr.net\/gh\/sergiosdlima\/assets-ebc@1.0.0\/abr\/assets\/images\/logo-agenciabrasil.svg\" alt=\"Logo Ag\u00eancia Brasil\"><br \/>\n\t\t\t\t<\/a><\/p>\n<p><strong>O Grupo de Atua\u00e7\u00e3o Especializada em Seguran\u00e7a P\u00fablica do Minist\u00e9rio P\u00fablico do Estado do Rio de Janeiro (GAESP\/MPRJ) acompanha as investiga\u00e7\u00f5es da morte do empres\u00e1rio Daniel Patr\u00edcio Santos de Oliveira, ocorrida na \u00faltima quarta-feira (22), na Pavuna, zona norte do Rio.\u00a0<\/strong><img decoding=\"async\" src=\"https:\/\/agenciabrasil.ebc.com.br\/ebc.png?id=1687464&#038;o=rss\"><img decoding=\"async\" src=\"https:\/\/agenciabrasil.ebc.com.br\/ebc.gif?id=1687464&#038;o=rss\"><\/p>\n<p>O caso foi comunicado ao plant\u00e3o de monitoramento, conforme previsto na ADPF 635 [Argui\u00e7\u00e3o de Descumprimento de Preceito Fundamental], conhecida como ADPF das Favelas.<\/p>\n<\/p>\n<h3>Not\u00edcias relacionadas:<\/h3>\n<ul>\n<li><a href=\"https:\/\/agenciabrasil.ebc.com.br\/geral\/noticia\/2026-02\/carinhoso-sorridente-feliz-diz-mae-sobre-filho-morto-por-pms\">&#8220;Carinhoso, sorridente, feliz&#8221;, diz m\u00e3e sobre filho morto por PMs .<\/a><\/li>\n<li><a href=\"https:\/\/agenciabrasil.ebc.com.br\/educacao\/noticia\/2026-03\/violencia-interrompe-transportes-e-afeta-acesso-educacao-no-rio\">Viol\u00eancia interrompe transportes e afeta acesso \u00e0 educa\u00e7\u00e3o no Rio.<\/a><\/li>\n<\/ul>\n<p>O GAESP\/MPRJ tamb\u00e9m segue acompanhando o andamento das investiga\u00e7\u00f5es conduzidas pela Corregedoria da Pol\u00edcia Militar e pela Delegacia de Homic\u00eddios da Capital para esclarecer as circunst\u00e2ncias da a\u00e7\u00e3o policial, identificar eventuais irregularidades em rela\u00e7\u00e3o aos protocolos operacionais e apurar a responsabilidade de todos os envolvidos, inclusive os que n\u00e3o estavam presentes na cena do crime.<\/p>\n<p><strong>Daniel, de 29 anos, foi morto ap\u00f3s o carro em que estava com dois amigos ser alvo de cerca de 23 tiros, de acordo com testemunhas, durante uma abordagem policial na Pavuna. <\/strong>Daniel chegou a sinalizar com os far\u00f3is do ve\u00edculo, na tentativa de indicar que se tratavam de moradores da regi\u00e3o, mas os disparos n\u00e3o cessaram.<\/p>\n<p>O sargento Rafael Assun\u00e7\u00e3o Marinho e o cabo PM Rodrigo da Silva Alves foram presos em flagrante pela Corregedoria da corpora\u00e7\u00e3o por homic\u00eddio doloso, quando h\u00e1 inten\u00e7\u00e3o de matar. O crime \u00e9 previsto na Justi\u00e7a Militar.\u00a0 O juiz manteve os dois policiais presos,\u00a0 ap\u00f3s passarem por audi\u00eancia de cust\u00f3dia.\u00a0<\/p>\n<h2>Esclarecimentos<\/h2>\n<p>A Comiss\u00e3o de Defesa dos Direitos Humanos e Cidadania (CDDHC) da Assembleia Legislativa do Rio de Janeiro atendeu a vi\u00fava de Daniel Patr\u00edcio Santos de Oliveira, Karina Paes. <strong>A comiss\u00e3o vai oficiar a Corregedoria da Pol\u00edcia Militar e a Secretaria de Seguran\u00e7a P\u00fablica para solicitar esclarecimentos sobre os protocolos adotados na a\u00e7\u00e3o policial e informa\u00e7\u00f5es sobre o uso das c\u00e2meras corporais pelos agentes envolvidos.<\/strong><\/p>\n<p>Para a presidente da CDDHC, deputada Dani Monteiro, o caso evidencia uma l\u00f3gica recorrente de viola\u00e7\u00f5es.\u00a0<\/p>\n<p>\u201cH\u00e1 ind\u00edcios graves de uso desproporcional da for\u00e7a e quebra de protocolos, em um contexto que j\u00e1 vitimou outras pessoas, como a m\u00e9dica Andrea Marins, no m\u00eas passado. Mais uma vez falamos que isso n\u00e3o \u00e9 epis\u00f3dio isolado\u201d.\u00a0<\/p>\n","protected":false},"excerpt":{"rendered":"<p>O Grupo de Atua\u00e7\u00e3o Especializada em Seguran\u00e7a P\u00fablica do Minist\u00e9rio P\u00fablico do Estado do Rio de Janeiro (GAESP\/MPRJ) acompanha as investiga\u00e7\u00f5es da morte do empres\u00e1rio Daniel Patr\u00edcio Santos de Oliveira, ocorrida na \u00faltima quarta-feira (22), na Pavuna, zona norte do Rio.\u00a0 O caso foi comunicado ao plant\u00e3o de monitoramento, conforme previsto na ADPF 635 [Argui\u00e7\u00e3o [&hellip;]<\/p>\n","protected":false},"author":134,"featured_media":20434,"comment_status":"open","ping_status":"open","sticky":false,"template":"","format":"standard","meta":{"site-sidebar-layout":"default","site-content-layout":"","ast-site-content-layout":"default","site-content-style":"default","site-sidebar-style":"default","ast-global-header-display":"","ast-banner-title-visibility":"","ast-main-header-display":"","ast-hfb-above-header-display":"","ast-hfb-below-header-display":"","ast-hfb-mobile-header-display":"","site-post-title":"","ast-breadcrumbs-content":"","ast-featured-img":"","footer-sml-layout":"","ast-disable-related-posts":"","theme-transparent-header-meta":"","adv-header-id-meta":"","stick-header-meta":"","header-above-stick-meta":"","header-main-stick-meta":"","header-below-stick-meta":"","astra-migrate-meta-layouts":"default","ast-page-background-enabled":"default","ast-page-background-meta":{"desktop":{"background-color":"var(--ast-global-color-4)","background-image":"","background-repeat":"repeat","background-position":"center center","background-size":"auto","background-attachment":"scroll","background-type":"","background-media":"","overlay-type":"","overlay-color":"","overlay-opacity":"","overlay-gradient":""},"tablet":{"background-color":"","background-image":"","background-repeat":"repeat","background-position":"center center","background-size":"auto","background-attachment":"scroll","background-type":"","background-media":"","overlay-type":"","overlay-color":"","overlay-opacity":"","overlay-gradient":""},"mobile":{"background-color":"","background-image":"","background-repeat":"repeat","background-position":"center center","background-size":"auto","background-attachment":"scroll","background-type":"","background-media":"","overlay-type":"","overlay-color":"","overlay-opacity":"","overlay-gradient":""}},"ast-content-background-meta":{"desktop":{"background-color":"var(--ast-global-color-5)","background-image":"","background-repeat":"repeat","background-position":"center center","background-size":"auto","background-attachment":"scroll","background-type":"","background-media":"","overlay-type":"","overlay-color":"","overlay-opacity":"","overlay-gradient":""},"tablet":{"background-color":"var(--ast-global-color-5)","background-image":"","background-repeat":"repeat","background-position":"center center","background-size":"auto","background-attachment":"scroll","background-type":"","background-media":"","overlay-type":"","overlay-color":"","overlay-opacity":"","overlay-gradient":""},"mobile":{"background-color":"var(--ast-global-color-5)","background-image":"","background-repeat":"repeat","background-position":"center center","background-size":"auto","background-attachment":"scroll","background-type":"","background-media":"","overlay-type":"","overlay-color":"","overlay-opacity":"","overlay-gradient":""}},"footnotes":""},"categories":[1],"tags":[],"class_list":["post-20433","post","type-post","status-publish","format-standard","has-post-thumbnail","hentry","category-sem-categoria"],"yoast_head":"<!-- This site is optimized with the Yoast SEO Premium plugin v23.6 (Yoast SEO v27.4) - https:\/\/yoast.com\/product\/yoast-seo-premium-wordpress\/ -->\n<title>MPRJ acompanha investiga\u00e7\u00f5es sobre morte de empres\u00e1rio por policiais - Divulgue MS<\/title>\n<meta name=\"robots\" content=\"index, follow, max-snippet:-1, max-image-preview:large, max-video-preview:-1\" \/>\n<link rel=\"canonical\" href=\"https:\/\/divulguems.com.br\/?p=20433\" \/>\n<meta property=\"og:locale\" content=\"pt_BR\" \/>\n<meta property=\"og:type\" content=\"article\" \/>\n<meta property=\"og:title\" content=\"MPRJ acompanha investiga\u00e7\u00f5es sobre morte de empres\u00e1rio por policiais\" \/>\n<meta property=\"og:description\" content=\"O Grupo de Atua\u00e7\u00e3o Especializada em Seguran\u00e7a P\u00fablica do Minist\u00e9rio P\u00fablico do Estado do Rio de Janeiro (GAESP\/MPRJ) acompanha as investiga\u00e7\u00f5es da morte do empres\u00e1rio Daniel Patr\u00edcio Santos de Oliveira, ocorrida na \u00faltima quarta-feira (22), na Pavuna, zona norte do Rio.\u00a0 O caso foi comunicado ao plant\u00e3o de monitoramento, conforme previsto na ADPF 635 [Argui\u00e7\u00e3o [&hellip;]\" \/>\n<meta property=\"og:url\" content=\"https:\/\/divulguems.com.br\/?p=20433\" \/>\n<meta property=\"og:site_name\" content=\"Divulgue MS\" \/>\n<meta property=\"article:publisher\" content=\"https:\/\/www.facebook.com\/portalinfocobrasil\" \/>\n<meta property=\"article:published_time\" content=\"2026-04-28T01:50:10+00:00\" \/>\n<meta property=\"og:image\" content=\"https:\/\/cdn.jsdelivr.net\/gh\/sergiosdlima\/assets-ebc@1.0.0\/abr\/assets\/images\/logo-agenciabrasil.svg\" \/>\n<meta name=\"author\" content=\"Douglas Correa - Reporter da Agencia Brasil\" \/>\n<meta name=\"twitter:card\" content=\"summary_large_image\" \/>\n<meta name=\"twitter:label1\" content=\"Escrito por\" \/>\n\t<meta name=\"twitter:data1\" content=\"Douglas Correa - Reporter da Agencia Brasil\" \/>\n\t<meta name=\"twitter:label2\" content=\"Est. tempo de leitura\" \/>\n\t<meta name=\"twitter:data2\" content=\"2 minutos\" \/>\n<script type=\"application\/ld+json\" class=\"yoast-schema-graph\">{\"@context\":\"https:\\\/\\\/schema.org\",\"@graph\":[{\"@type\":\"Article\",\"@id\":\"https:\\\/\\\/divulguems.com.br\\\/?p=20433#article\",\"isPartOf\":{\"@id\":\"https:\\\/\\\/divulguems.com.br\\\/?p=20433\"},\"author\":{\"name\":\"Douglas Correa - Reporter da Agencia Brasil\",\"@id\":\"https:\\\/\\\/divulguems.com.br\\\/#\\\/schema\\\/person\\\/57a8d6c484f4251fce22a206f2c495ed\"},\"headline\":\"MPRJ acompanha investiga\u00e7\u00f5es sobre morte de empres\u00e1rio por policiais\",\"datePublished\":\"2026-04-28T01:50:10+00:00\",\"mainEntityOfPage\":{\"@id\":\"https:\\\/\\\/divulguems.com.br\\\/?p=20433\"},\"wordCount\":426,\"commentCount\":0,\"publisher\":{\"@id\":\"https:\\\/\\\/divulguems.com.br\\\/#organization\"},\"image\":{\"@id\":\"https:\\\/\\\/divulguems.com.br\\\/?p=20433#primaryimage\"},\"thumbnailUrl\":\"https:\\\/\\\/divulguems.com.br\\\/wp-content\\\/uploads\\\/2026\\\/04\\\/20433-mprj-acompanha-investigacoes-sobre-morte-de-empresario-por-policiais.jpg\",\"articleSection\":[\"\u00daltimas Not\u00edcias\"],\"inLanguage\":\"pt-BR\",\"potentialAction\":[{\"@type\":\"CommentAction\",\"name\":\"Comment\",\"target\":[\"https:\\\/\\\/divulguems.com.br\\\/?p=20433#respond\"]}]},{\"@type\":\"WebPage\",\"@id\":\"https:\\\/\\\/divulguems.com.br\\\/?p=20433\",\"url\":\"https:\\\/\\\/divulguems.com.br\\\/?p=20433\",\"name\":\"MPRJ acompanha investiga\u00e7\u00f5es sobre morte de empres\u00e1rio por policiais - Divulgue MS\",\"isPartOf\":{\"@id\":\"https:\\\/\\\/divulguems.com.br\\\/#website\"},\"primaryImageOfPage\":{\"@id\":\"https:\\\/\\\/divulguems.com.br\\\/?p=20433#primaryimage\"},\"image\":{\"@id\":\"https:\\\/\\\/divulguems.com.br\\\/?p=20433#primaryimage\"},\"thumbnailUrl\":\"https:\\\/\\\/divulguems.com.br\\\/wp-content\\\/uploads\\\/2026\\\/04\\\/20433-mprj-acompanha-investigacoes-sobre-morte-de-empresario-por-policiais.jpg\",\"datePublished\":\"2026-04-28T01:50:10+00:00\",\"breadcrumb\":{\"@id\":\"https:\\\/\\\/divulguems.com.br\\\/?p=20433#breadcrumb\"},\"inLanguage\":\"pt-BR\",\"potentialAction\":[{\"@type\":\"ReadAction\",\"target\":[\"https:\\\/\\\/divulguems.com.br\\\/?p=20433\"]}]},{\"@type\":\"ImageObject\",\"inLanguage\":\"pt-BR\",\"@id\":\"https:\\\/\\\/divulguems.com.br\\\/?p=20433#primaryimage\",\"url\":\"https:\\\/\\\/divulguems.com.br\\\/wp-content\\\/uploads\\\/2026\\\/04\\\/20433-mprj-acompanha-investigacoes-sobre-morte-de-empresario-por-policiais.jpg\",\"contentUrl\":\"https:\\\/\\\/divulguems.com.br\\\/wp-content\\\/uploads\\\/2026\\\/04\\\/20433-mprj-acompanha-investigacoes-sobre-morte-de-empresario-por-policiais.jpg\",\"width\":1600,\"height\":800,\"caption\":\"MPRJ acompanha investiga\u00e7\u00f5es sobre morte de empres\u00e1rio por policiais\"},{\"@type\":\"BreadcrumbList\",\"@id\":\"https:\\\/\\\/divulguems.com.br\\\/?p=20433#breadcrumb\",\"itemListElement\":[{\"@type\":\"ListItem\",\"position\":1,\"name\":\"In\u00edcio\",\"item\":\"https:\\\/\\\/divulguems.com.br\\\/\"},{\"@type\":\"ListItem\",\"position\":2,\"name\":\"MPRJ acompanha investiga\u00e7\u00f5es sobre morte de empres\u00e1rio por policiais\"}]},{\"@type\":\"WebSite\",\"@id\":\"https:\\\/\\\/divulguems.com.br\\\/#website\",\"url\":\"https:\\\/\\\/divulguems.com.br\\\/\",\"name\":\"Portal Infoco Brasil\",\"description\":\"L\u00edder de audi\u00eancia.\",\"publisher\":{\"@id\":\"https:\\\/\\\/divulguems.com.br\\\/#organization\"},\"potentialAction\":[{\"@type\":\"SearchAction\",\"target\":{\"@type\":\"EntryPoint\",\"urlTemplate\":\"https:\\\/\\\/divulguems.com.br\\\/?s={search_term_string}\"},\"query-input\":{\"@type\":\"PropertyValueSpecification\",\"valueRequired\":true,\"valueName\":\"search_term_string\"}}],\"inLanguage\":\"pt-BR\"},{\"@type\":\"Organization\",\"@id\":\"https:\\\/\\\/divulguems.com.br\\\/#organization\",\"name\":\"Portal Infoco Brasil\",\"url\":\"https:\\\/\\\/divulguems.com.br\\\/\",\"logo\":{\"@type\":\"ImageObject\",\"inLanguage\":\"pt-BR\",\"@id\":\"https:\\\/\\\/divulguems.com.br\\\/#\\\/schema\\\/logo\\\/image\\\/\",\"url\":\"https:\\\/\\\/divulguems.com.br\\\/wp-content\\\/uploads\\\/2025\\\/04\\\/LOGO-PNG-AZUL.png\",\"contentUrl\":\"https:\\\/\\\/divulguems.com.br\\\/wp-content\\\/uploads\\\/2025\\\/04\\\/LOGO-PNG-AZUL.png\",\"width\":1166,\"height\":475,\"caption\":\"Portal Infoco Brasil\"},\"image\":{\"@id\":\"https:\\\/\\\/divulguems.com.br\\\/#\\\/schema\\\/logo\\\/image\\\/\"},\"sameAs\":[\"https:\\\/\\\/www.facebook.com\\\/portalinfocobrasil\",\"https:\\\/\\\/www.instagram.com\\\/portalinfocobrasil\"]},{\"@type\":\"Person\",\"@id\":\"https:\\\/\\\/divulguems.com.br\\\/#\\\/schema\\\/person\\\/57a8d6c484f4251fce22a206f2c495ed\",\"name\":\"Douglas Correa - Reporter da Agencia Brasil\",\"image\":{\"@type\":\"ImageObject\",\"inLanguage\":\"pt-BR\",\"@id\":\"https:\\\/\\\/secure.gravatar.com\\\/avatar\\\/d856c2cd901ea97870d1a86865f192c94c84a7d8622d400209d9f1bb0c183242?s=96&d=mm&r=g\",\"url\":\"https:\\\/\\\/secure.gravatar.com\\\/avatar\\\/d856c2cd901ea97870d1a86865f192c94c84a7d8622d400209d9f1bb0c183242?s=96&d=mm&r=g\",\"contentUrl\":\"https:\\\/\\\/secure.gravatar.com\\\/avatar\\\/d856c2cd901ea97870d1a86865f192c94c84a7d8622d400209d9f1bb0c183242?s=96&d=mm&r=g\",\"caption\":\"Douglas Correa - Reporter da Agencia Brasil\"},\"url\":\"https:\\\/\\\/divulguems.com.br\\\/?author=134\"}]}<\/script>\n<!-- \/ Yoast SEO Premium plugin. -->","yoast_head_json":{"title":"MPRJ acompanha investiga\u00e7\u00f5es sobre morte de empres\u00e1rio por policiais - Divulgue MS","robots":{"index":"index","follow":"follow","max-snippet":"max-snippet:-1","max-image-preview":"max-image-preview:large","max-video-preview":"max-video-preview:-1"},"canonical":"https:\/\/divulguems.com.br\/?p=20433","og_locale":"pt_BR","og_type":"article","og_title":"MPRJ acompanha investiga\u00e7\u00f5es sobre morte de empres\u00e1rio por policiais","og_description":"O Grupo de Atua\u00e7\u00e3o Especializada em Seguran\u00e7a P\u00fablica do Minist\u00e9rio P\u00fablico do Estado do Rio de Janeiro (GAESP\/MPRJ) acompanha as investiga\u00e7\u00f5es da morte do empres\u00e1rio Daniel Patr\u00edcio Santos de Oliveira, ocorrida na \u00faltima quarta-feira (22), na Pavuna, zona norte do Rio.\u00a0 O caso foi comunicado ao plant\u00e3o de monitoramento, conforme previsto na ADPF 635 [Argui\u00e7\u00e3o [&hellip;]","og_url":"https:\/\/divulguems.com.br\/?p=20433","og_site_name":"Divulgue MS","article_publisher":"https:\/\/www.facebook.com\/portalinfocobrasil","article_published_time":"2026-04-28T01:50:10+00:00","og_image":[{"url":"https:\/\/cdn.jsdelivr.net\/gh\/sergiosdlima\/assets-ebc@1.0.0\/abr\/assets\/images\/logo-agenciabrasil.svg","type":"","width":"","height":""}],"author":"Douglas Correa - Reporter da Agencia Brasil","twitter_card":"summary_large_image","twitter_misc":{"Escrito por":"Douglas Correa - Reporter da Agencia Brasil","Est. tempo de leitura":"2 minutos"},"schema":{"@context":"https:\/\/schema.org","@graph":[{"@type":"Article","@id":"https:\/\/divulguems.com.br\/?p=20433#article","isPartOf":{"@id":"https:\/\/divulguems.com.br\/?p=20433"},"author":{"name":"Douglas Correa - Reporter da Agencia Brasil","@id":"https:\/\/divulguems.com.br\/#\/schema\/person\/57a8d6c484f4251fce22a206f2c495ed"},"headline":"MPRJ acompanha investiga\u00e7\u00f5es sobre morte de empres\u00e1rio por policiais","datePublished":"2026-04-28T01:50:10+00:00","mainEntityOfPage":{"@id":"https:\/\/divulguems.com.br\/?p=20433"},"wordCount":426,"commentCount":0,"publisher":{"@id":"https:\/\/divulguems.com.br\/#organization"},"image":{"@id":"https:\/\/divulguems.com.br\/?p=20433#primaryimage"},"thumbnailUrl":"https:\/\/divulguems.com.br\/wp-content\/uploads\/2026\/04\/20433-mprj-acompanha-investigacoes-sobre-morte-de-empresario-por-policiais.jpg","articleSection":["\u00daltimas Not\u00edcias"],"inLanguage":"pt-BR","potentialAction":[{"@type":"CommentAction","name":"Comment","target":["https:\/\/divulguems.com.br\/?p=20433#respond"]}]},{"@type":"WebPage","@id":"https:\/\/divulguems.com.br\/?p=20433","url":"https:\/\/divulguems.com.br\/?p=20433","name":"MPRJ acompanha investiga\u00e7\u00f5es sobre morte de empres\u00e1rio por policiais - Divulgue MS","isPartOf":{"@id":"https:\/\/divulguems.com.br\/#website"},"primaryImageOfPage":{"@id":"https:\/\/divulguems.com.br\/?p=20433#primaryimage"},"image":{"@id":"https:\/\/divulguems.com.br\/?p=20433#primaryimage"},"thumbnailUrl":"https:\/\/divulguems.com.br\/wp-content\/uploads\/2026\/04\/20433-mprj-acompanha-investigacoes-sobre-morte-de-empresario-por-policiais.jpg","datePublished":"2026-04-28T01:50:10+00:00","breadcrumb":{"@id":"https:\/\/divulguems.com.br\/?p=20433#breadcrumb"},"inLanguage":"pt-BR","potentialAction":[{"@type":"ReadAction","target":["https:\/\/divulguems.com.br\/?p=20433"]}]},{"@type":"ImageObject","inLanguage":"pt-BR","@id":"https:\/\/divulguems.com.br\/?p=20433#primaryimage","url":"https:\/\/divulguems.com.br\/wp-content\/uploads\/2026\/04\/20433-mprj-acompanha-investigacoes-sobre-morte-de-empresario-por-policiais.jpg","contentUrl":"https:\/\/divulguems.com.br\/wp-content\/uploads\/2026\/04\/20433-mprj-acompanha-investigacoes-sobre-morte-de-empresario-por-policiais.jpg","width":1600,"height":800,"caption":"MPRJ acompanha investiga\u00e7\u00f5es sobre morte de empres\u00e1rio por policiais"},{"@type":"BreadcrumbList","@id":"https:\/\/divulguems.com.br\/?p=20433#breadcrumb","itemListElement":[{"@type":"ListItem","position":1,"name":"In\u00edcio","item":"https:\/\/divulguems.com.br\/"},{"@type":"ListItem","position":2,"name":"MPRJ acompanha investiga\u00e7\u00f5es sobre morte de empres\u00e1rio por policiais"}]},{"@type":"WebSite","@id":"https:\/\/divulguems.com.br\/#website","url":"https:\/\/divulguems.com.br\/","name":"Portal Infoco Brasil","description":"L\u00edder de audi\u00eancia.","publisher":{"@id":"https:\/\/divulguems.com.br\/#organization"},"potentialAction":[{"@type":"SearchAction","target":{"@type":"EntryPoint","urlTemplate":"https:\/\/divulguems.com.br\/?s={search_term_string}"},"query-input":{"@type":"PropertyValueSpecification","valueRequired":true,"valueName":"search_term_string"}}],"inLanguage":"pt-BR"},{"@type":"Organization","@id":"https:\/\/divulguems.com.br\/#organization","name":"Portal Infoco Brasil","url":"https:\/\/divulguems.com.br\/","logo":{"@type":"ImageObject","inLanguage":"pt-BR","@id":"https:\/\/divulguems.com.br\/#\/schema\/logo\/image\/","url":"https:\/\/divulguems.com.br\/wp-content\/uploads\/2025\/04\/LOGO-PNG-AZUL.png","contentUrl":"https:\/\/divulguems.com.br\/wp-content\/uploads\/2025\/04\/LOGO-PNG-AZUL.png","width":1166,"height":475,"caption":"Portal Infoco Brasil"},"image":{"@id":"https:\/\/divulguems.com.br\/#\/schema\/logo\/image\/"},"sameAs":["https:\/\/www.facebook.com\/portalinfocobrasil","https:\/\/www.instagram.com\/portalinfocobrasil"]},{"@type":"Person","@id":"https:\/\/divulguems.com.br\/#\/schema\/person\/57a8d6c484f4251fce22a206f2c495ed","name":"Douglas Correa - Reporter da Agencia Brasil","image":{"@type":"ImageObject","inLanguage":"pt-BR","@id":"https:\/\/secure.gravatar.com\/avatar\/d856c2cd901ea97870d1a86865f192c94c84a7d8622d400209d9f1bb0c183242?s=96&d=mm&r=g","url":"https:\/\/secure.gravatar.com\/avatar\/d856c2cd901ea97870d1a86865f192c94c84a7d8622d400209d9f1bb0c183242?s=96&d=mm&r=g","contentUrl":"https:\/\/secure.gravatar.com\/avatar\/d856c2cd901ea97870d1a86865f192c94c84a7d8622d400209d9f1bb0c183242?s=96&d=mm&r=g","caption":"Douglas Correa - Reporter da Agencia Brasil"},"url":"https:\/\/divulguems.com.br\/?author=134"}]}},"_links":{"self":[{"href":"https:\/\/divulguems.com.br\/index.php?rest_route=\/wp\/v2\/posts\/20433","targetHints":{"allow":["GET"]}}],"collection":[{"href":"https:\/\/divulguems.com.br\/index.php?rest_route=\/wp\/v2\/posts"}],"about":[{"href":"https:\/\/divulguems.com.br\/index.php?rest_route=\/wp\/v2\/types\/post"}],"author":[{"embeddable":true,"href":"https:\/\/divulguems.com.br\/index.php?rest_route=\/wp\/v2\/users\/134"}],"replies":[{"embeddable":true,"href":"https:\/\/divulguems.com.br\/index.php?rest_route=%2Fwp%2Fv2%2Fcomments&post=20433"}],"version-history":[{"count":0,"href":"https:\/\/divulguems.com.br\/index.php?rest_route=\/wp\/v2\/posts\/20433\/revisions"}],"wp:featuredmedia":[{"embeddable":true,"href":"https:\/\/divulguems.com.br\/index.php?rest_route=\/wp\/v2\/media\/20434"}],"wp:attachment":[{"href":"https:\/\/divulguems.com.br\/index.php?rest_route=%2Fwp%2Fv2%2Fmedia&parent=20433"}],"wp:term":[{"taxonomy":"category","embeddable":true,"href":"https:\/\/divulguems.com.br\/index.php?rest_route=%2Fwp%2Fv2%2Fcategories&post=20433"},{"taxonomy":"post_tag","embeddable":true,"href":"https:\/\/divulguems.com.br\/index.php?rest_route=%2Fwp%2Fv2%2Ftags&post=20433"}],"curies":[{"name":"wp","href":"https:\/\/api.w.org\/{rel}","templated":true}]}}