{"id":20447,"date":"2026-04-28T21:51:02","date_gmt":"2026-04-29T01:51:02","guid":{"rendered":"https:\/\/divulguems.com.br\/?p=20447"},"modified":"2026-04-28T21:51:02","modified_gmt":"2026-04-29T01:51:02","slug":"tse-tem-maioria-para-cassar-mandato-do-governador-de-roraima","status":"publish","type":"post","link":"https:\/\/divulguems.com.br\/?p=20447","title":{"rendered":"TSE tem maioria para cassar mandato do governador de Roraima"},"content":{"rendered":"<\/p>\n<p><a class=\"\" href=\"https:\/\/agenciabrasil.ebc.com.br\/justica\/noticia\/2026-04\/tse-tem-maioria-para-cassar-mandato-do-governador-de-roraima\"><br \/>\n                    <img decoding=\"async\" src=\"https:\/\/cdn.jsdelivr.net\/gh\/sergiosdlima\/assets-ebc@1.0.0\/abr\/assets\/images\/logo-agenciabrasil.svg\" alt=\"Logo Ag\u00eancia Brasil\"><br \/>\n\t\t\t\t<\/a><\/p>\n<p><strong>O Tribunal Superior Eleitoral (TSE) formou nesta ter\u00e7a-feira (28) maioria de votos para cassar o mandato do governador de Roraima, Edilson Dami\u00e3o (Uni\u00e3o), e determinar a realiza\u00e7\u00e3o de novas elei\u00e7\u00f5es no estado.<\/strong><img decoding=\"async\" src=\"https:\/\/agenciabrasil.ebc.com.br\/ebc.png?id=1687593&#038;o=rss\"><img decoding=\"async\" src=\"https:\/\/agenciabrasil.ebc.com.br\/ebc.gif?id=1687593&#038;o=rss\"><\/p>\n<p><strong>Na mesma sess\u00e3o, o tribunal tamb\u00e9m formou maioria para tornar o ex-governador Antonio Denarium (Republicanos) ineleg\u00edvel pelo prazo de oito anos.<\/strong><\/p>\n<\/p>\n<h3>Not\u00edcias relacionadas:<\/h3>\n<ul>\n<li><a href=\"https:\/\/agenciabrasil.ebc.com.br\/justica\/noticia\/2026-04\/tse-adia-conclusao-de-julgamento-que-pode-cassar-governador-de-roraima\">TSE adia conclus\u00e3o de julgamento que pode cassar governador de Roraima.<\/a><\/li>\n<li><a href=\"https:\/\/agenciabrasil.ebc.com.br\/justica\/noticia\/2025-11\/tse-mendonca-vota-pela-cassacao-do-governador-de-roraima\">TSE: Mendon\u00e7a vota pela cassa\u00e7\u00e3o do governador de Roraima .<\/a><\/li>\n<\/ul>\n<p>Apesar do entendimento, o julgamento foi suspenso e ser\u00e1 retomado na pr\u00f3xima quinta-feira (30), quando o resultado deve ser proclamado.\u00a0<\/p>\n<p><strong>At\u00e9 o momento, o TSE entendeu que a chapa que elegeu os pol\u00edticos cometeu abuso de poder durante a campanha eleitoral de 2022.<\/strong><\/p>\n<p>O tribunal negou um recurso protocolado pela defesa de Denarium. Em 2023, o Tribunal Regional Eleitoral de Roraima\u00a0(TRE-RR) cassou os mandatos de Denarium e Dami\u00e3o por entender que houve ilegalidade na distribui\u00e7\u00e3o de cestas b\u00e1sicas e benef\u00edcios para reforma de casas durante o ano eleitoral.<\/p>\n<p>No in\u00edcio deste m\u00eas, Denarium, que foi eleito governador,<a href=\"http:\/\/agenciabrasil.ebc.com.br\/politica\/noticia\/2026-04\/onze-governadores-renunciam-para-disputar-eleicoes-de-outubro\"> deixou o cargo para cumprir o prazo de desincompatibiliza\u00e7\u00e3o<\/a> e se candidatar ao Senado.<\/p>\n<p>Com a sa\u00edda, Dami\u00e3o, que era vice-governador, assumiu o comando o governo estadual.<\/p>\n<h2>Defesa<\/h2>\n<p>Durante a tramita\u00e7\u00e3o do processo, a defesa do ex-governador Denarium pediu a anula\u00e7\u00e3o da decis\u00e3o que cassou o mandato e disse que n\u00e3o houve irregularidades na distribui\u00e7\u00e3o dos benef\u00edcios. Segundo os advogados, n\u00e3o houve a cria\u00e7\u00e3o de novos\u00a0programas sociais, mas a reuni\u00e3o dos j\u00e1 existentes.\u00a0<\/p>\n","protected":false},"excerpt":{"rendered":"<p>O Tribunal Superior Eleitoral (TSE) formou nesta ter\u00e7a-feira (28) maioria de votos para cassar o mandato do governador de Roraima, Edilson Dami\u00e3o (Uni\u00e3o), e determinar a realiza\u00e7\u00e3o de novas elei\u00e7\u00f5es no estado. Na mesma sess\u00e3o, o tribunal tamb\u00e9m formou maioria para tornar o ex-governador Antonio Denarium (Republicanos) ineleg\u00edvel pelo prazo de oito anos. Not\u00edcias relacionadas: [&hellip;]<\/p>\n","protected":false},"author":120,"featured_media":20448,"comment_status":"open","ping_status":"open","sticky":false,"template":"","format":"standard","meta":{"site-sidebar-layout":"default","site-content-layout":"","ast-site-content-layout":"default","site-content-style":"default","site-sidebar-style":"default","ast-global-header-display":"","ast-banner-title-visibility":"","ast-main-header-display":"","ast-hfb-above-header-display":"","ast-hfb-below-header-display":"","ast-hfb-mobile-header-display":"","site-post-title":"","ast-breadcrumbs-content":"","ast-featured-img":"","footer-sml-layout":"","ast-disable-related-posts":"","theme-transparent-header-meta":"","adv-header-id-meta":"","stick-header-meta":"","header-above-stick-meta":"","header-main-stick-meta":"","header-below-stick-meta":"","astra-migrate-meta-layouts":"default","ast-page-background-enabled":"default","ast-page-background-meta":{"desktop":{"background-color":"var(--ast-global-color-4)","background-image":"","background-repeat":"repeat","background-position":"center center","background-size":"auto","background-attachment":"scroll","background-type":"","background-media":"","overlay-type":"","overlay-color":"","overlay-opacity":"","overlay-gradient":""},"tablet":{"background-color":"","background-image":"","background-repeat":"repeat","background-position":"center center","background-size":"auto","background-attachment":"scroll","background-type":"","background-media":"","overlay-type":"","overlay-color":"","overlay-opacity":"","overlay-gradient":""},"mobile":{"background-color":"","background-image":"","background-repeat":"repeat","background-position":"center center","background-size":"auto","background-attachment":"scroll","background-type":"","background-media":"","overlay-type":"","overlay-color":"","overlay-opacity":"","overlay-gradient":""}},"ast-content-background-meta":{"desktop":{"background-color":"var(--ast-global-color-5)","background-image":"","background-repeat":"repeat","background-position":"center center","background-size":"auto","background-attachment":"scroll","background-type":"","background-media":"","overlay-type":"","overlay-color":"","overlay-opacity":"","overlay-gradient":""},"tablet":{"background-color":"var(--ast-global-color-5)","background-image":"","background-repeat":"repeat","background-position":"center center","background-size":"auto","background-attachment":"scroll","background-type":"","background-media":"","overlay-type":"","overlay-color":"","overlay-opacity":"","overlay-gradient":""},"mobile":{"background-color":"var(--ast-global-color-5)","background-image":"","background-repeat":"repeat","background-position":"center center","background-size":"auto","background-attachment":"scroll","background-type":"","background-media":"","overlay-type":"","overlay-color":"","overlay-opacity":"","overlay-gradient":""}},"footnotes":""},"categories":[1],"tags":[],"class_list":["post-20447","post","type-post","status-publish","format-standard","has-post-thumbnail","hentry","category-sem-categoria"],"yoast_head":"<!-- This site is optimized with the Yoast SEO Premium plugin v23.6 (Yoast SEO v27.4) - https:\/\/yoast.com\/product\/yoast-seo-premium-wordpress\/ -->\n<title>TSE tem maioria para cassar mandato do governador de Roraima - Divulgue MS<\/title>\n<meta name=\"robots\" content=\"index, follow, max-snippet:-1, max-image-preview:large, max-video-preview:-1\" \/>\n<link rel=\"canonical\" href=\"https:\/\/divulguems.com.br\/?p=20447\" \/>\n<meta property=\"og:locale\" content=\"pt_BR\" \/>\n<meta property=\"og:type\" content=\"article\" \/>\n<meta property=\"og:title\" content=\"TSE tem maioria para cassar mandato do governador de Roraima\" \/>\n<meta property=\"og:description\" content=\"O Tribunal Superior Eleitoral (TSE) formou nesta ter\u00e7a-feira (28) maioria de votos para cassar o mandato do governador de Roraima, Edilson Dami\u00e3o (Uni\u00e3o), e determinar a realiza\u00e7\u00e3o de novas elei\u00e7\u00f5es no estado. Na mesma sess\u00e3o, o tribunal tamb\u00e9m formou maioria para tornar o ex-governador Antonio Denarium (Republicanos) ineleg\u00edvel pelo prazo de oito anos. Not\u00edcias relacionadas: [&hellip;]\" \/>\n<meta property=\"og:url\" content=\"https:\/\/divulguems.com.br\/?p=20447\" \/>\n<meta property=\"og:site_name\" content=\"Divulgue MS\" \/>\n<meta property=\"article:publisher\" content=\"https:\/\/www.facebook.com\/portalinfocobrasil\" \/>\n<meta property=\"article:published_time\" content=\"2026-04-29T01:51:02+00:00\" \/>\n<meta property=\"og:image\" content=\"https:\/\/cdn.jsdelivr.net\/gh\/sergiosdlima\/assets-ebc@1.0.0\/abr\/assets\/images\/logo-agenciabrasil.svg\" \/>\n<meta name=\"author\" content=\"Andre Richter - Reporter da Agencia Brasil\" \/>\n<meta name=\"twitter:card\" content=\"summary_large_image\" \/>\n<meta name=\"twitter:label1\" content=\"Escrito por\" \/>\n\t<meta name=\"twitter:data1\" content=\"Andre Richter - Reporter da Agencia Brasil\" \/>\n\t<meta name=\"twitter:label2\" content=\"Est. tempo de leitura\" \/>\n\t<meta name=\"twitter:data2\" content=\"1 minuto\" \/>\n<script type=\"application\/ld+json\" class=\"yoast-schema-graph\">{\"@context\":\"https:\\\/\\\/schema.org\",\"@graph\":[{\"@type\":\"Article\",\"@id\":\"https:\\\/\\\/divulguems.com.br\\\/?p=20447#article\",\"isPartOf\":{\"@id\":\"https:\\\/\\\/divulguems.com.br\\\/?p=20447\"},\"author\":{\"name\":\"Andre Richter - Reporter da Agencia Brasil\",\"@id\":\"https:\\\/\\\/divulguems.com.br\\\/#\\\/schema\\\/person\\\/f905e17f29fb0a91787a01ef1f4228b3\"},\"headline\":\"TSE tem maioria para cassar mandato do governador de Roraima\",\"datePublished\":\"2026-04-29T01:51:02+00:00\",\"mainEntityOfPage\":{\"@id\":\"https:\\\/\\\/divulguems.com.br\\\/?p=20447\"},\"wordCount\":285,\"commentCount\":0,\"publisher\":{\"@id\":\"https:\\\/\\\/divulguems.com.br\\\/#organization\"},\"image\":{\"@id\":\"https:\\\/\\\/divulguems.com.br\\\/?p=20447#primaryimage\"},\"thumbnailUrl\":\"https:\\\/\\\/divulguems.com.br\\\/wp-content\\\/uploads\\\/2026\\\/04\\\/20447-tse-tem-maioria-para-cassar-mandato-do-governador-de-roraima.jpg\",\"articleSection\":[\"\u00daltimas Not\u00edcias\"],\"inLanguage\":\"pt-BR\",\"potentialAction\":[{\"@type\":\"CommentAction\",\"name\":\"Comment\",\"target\":[\"https:\\\/\\\/divulguems.com.br\\\/?p=20447#respond\"]}]},{\"@type\":\"WebPage\",\"@id\":\"https:\\\/\\\/divulguems.com.br\\\/?p=20447\",\"url\":\"https:\\\/\\\/divulguems.com.br\\\/?p=20447\",\"name\":\"TSE tem maioria para cassar mandato do governador de Roraima - Divulgue MS\",\"isPartOf\":{\"@id\":\"https:\\\/\\\/divulguems.com.br\\\/#website\"},\"primaryImageOfPage\":{\"@id\":\"https:\\\/\\\/divulguems.com.br\\\/?p=20447#primaryimage\"},\"image\":{\"@id\":\"https:\\\/\\\/divulguems.com.br\\\/?p=20447#primaryimage\"},\"thumbnailUrl\":\"https:\\\/\\\/divulguems.com.br\\\/wp-content\\\/uploads\\\/2026\\\/04\\\/20447-tse-tem-maioria-para-cassar-mandato-do-governador-de-roraima.jpg\",\"datePublished\":\"2026-04-29T01:51:02+00:00\",\"breadcrumb\":{\"@id\":\"https:\\\/\\\/divulguems.com.br\\\/?p=20447#breadcrumb\"},\"inLanguage\":\"pt-BR\",\"potentialAction\":[{\"@type\":\"ReadAction\",\"target\":[\"https:\\\/\\\/divulguems.com.br\\\/?p=20447\"]}]},{\"@type\":\"ImageObject\",\"inLanguage\":\"pt-BR\",\"@id\":\"https:\\\/\\\/divulguems.com.br\\\/?p=20447#primaryimage\",\"url\":\"https:\\\/\\\/divulguems.com.br\\\/wp-content\\\/uploads\\\/2026\\\/04\\\/20447-tse-tem-maioria-para-cassar-mandato-do-governador-de-roraima.jpg\",\"contentUrl\":\"https:\\\/\\\/divulguems.com.br\\\/wp-content\\\/uploads\\\/2026\\\/04\\\/20447-tse-tem-maioria-para-cassar-mandato-do-governador-de-roraima.jpg\",\"width\":1600,\"height\":800,\"caption\":\"TSE tem maioria para cassar mandato do governador de Roraima\"},{\"@type\":\"BreadcrumbList\",\"@id\":\"https:\\\/\\\/divulguems.com.br\\\/?p=20447#breadcrumb\",\"itemListElement\":[{\"@type\":\"ListItem\",\"position\":1,\"name\":\"In\u00edcio\",\"item\":\"https:\\\/\\\/divulguems.com.br\\\/\"},{\"@type\":\"ListItem\",\"position\":2,\"name\":\"TSE tem maioria para cassar mandato do governador de Roraima\"}]},{\"@type\":\"WebSite\",\"@id\":\"https:\\\/\\\/divulguems.com.br\\\/#website\",\"url\":\"https:\\\/\\\/divulguems.com.br\\\/\",\"name\":\"Portal Infoco Brasil\",\"description\":\"L\u00edder de audi\u00eancia.\",\"publisher\":{\"@id\":\"https:\\\/\\\/divulguems.com.br\\\/#organization\"},\"potentialAction\":[{\"@type\":\"SearchAction\",\"target\":{\"@type\":\"EntryPoint\",\"urlTemplate\":\"https:\\\/\\\/divulguems.com.br\\\/?s={search_term_string}\"},\"query-input\":{\"@type\":\"PropertyValueSpecification\",\"valueRequired\":true,\"valueName\":\"search_term_string\"}}],\"inLanguage\":\"pt-BR\"},{\"@type\":\"Organization\",\"@id\":\"https:\\\/\\\/divulguems.com.br\\\/#organization\",\"name\":\"Portal Infoco Brasil\",\"url\":\"https:\\\/\\\/divulguems.com.br\\\/\",\"logo\":{\"@type\":\"ImageObject\",\"inLanguage\":\"pt-BR\",\"@id\":\"https:\\\/\\\/divulguems.com.br\\\/#\\\/schema\\\/logo\\\/image\\\/\",\"url\":\"https:\\\/\\\/divulguems.com.br\\\/wp-content\\\/uploads\\\/2025\\\/04\\\/LOGO-PNG-AZUL.png\",\"contentUrl\":\"https:\\\/\\\/divulguems.com.br\\\/wp-content\\\/uploads\\\/2025\\\/04\\\/LOGO-PNG-AZUL.png\",\"width\":1166,\"height\":475,\"caption\":\"Portal Infoco Brasil\"},\"image\":{\"@id\":\"https:\\\/\\\/divulguems.com.br\\\/#\\\/schema\\\/logo\\\/image\\\/\"},\"sameAs\":[\"https:\\\/\\\/www.facebook.com\\\/portalinfocobrasil\",\"https:\\\/\\\/www.instagram.com\\\/portalinfocobrasil\"]},{\"@type\":\"Person\",\"@id\":\"https:\\\/\\\/divulguems.com.br\\\/#\\\/schema\\\/person\\\/f905e17f29fb0a91787a01ef1f4228b3\",\"name\":\"Andre Richter - Reporter da Agencia Brasil\",\"image\":{\"@type\":\"ImageObject\",\"inLanguage\":\"pt-BR\",\"@id\":\"https:\\\/\\\/secure.gravatar.com\\\/avatar\\\/d84178b6a20656666416da4d801cbabca9be93d5b5a8d7ba9c4ca8bb65652e8c?s=96&d=mm&r=g\",\"url\":\"https:\\\/\\\/secure.gravatar.com\\\/avatar\\\/d84178b6a20656666416da4d801cbabca9be93d5b5a8d7ba9c4ca8bb65652e8c?s=96&d=mm&r=g\",\"contentUrl\":\"https:\\\/\\\/secure.gravatar.com\\\/avatar\\\/d84178b6a20656666416da4d801cbabca9be93d5b5a8d7ba9c4ca8bb65652e8c?s=96&d=mm&r=g\",\"caption\":\"Andre Richter - Reporter da Agencia Brasil\"},\"url\":\"https:\\\/\\\/divulguems.com.br\\\/?author=120\"}]}<\/script>\n<!-- \/ Yoast SEO Premium plugin. -->","yoast_head_json":{"title":"TSE tem maioria para cassar mandato do governador de Roraima - Divulgue MS","robots":{"index":"index","follow":"follow","max-snippet":"max-snippet:-1","max-image-preview":"max-image-preview:large","max-video-preview":"max-video-preview:-1"},"canonical":"https:\/\/divulguems.com.br\/?p=20447","og_locale":"pt_BR","og_type":"article","og_title":"TSE tem maioria para cassar mandato do governador de Roraima","og_description":"O Tribunal Superior Eleitoral (TSE) formou nesta ter\u00e7a-feira (28) maioria de votos para cassar o mandato do governador de Roraima, Edilson Dami\u00e3o (Uni\u00e3o), e determinar a realiza\u00e7\u00e3o de novas elei\u00e7\u00f5es no estado. Na mesma sess\u00e3o, o tribunal tamb\u00e9m formou maioria para tornar o ex-governador Antonio Denarium (Republicanos) ineleg\u00edvel pelo prazo de oito anos. Not\u00edcias relacionadas: [&hellip;]","og_url":"https:\/\/divulguems.com.br\/?p=20447","og_site_name":"Divulgue MS","article_publisher":"https:\/\/www.facebook.com\/portalinfocobrasil","article_published_time":"2026-04-29T01:51:02+00:00","og_image":[{"url":"https:\/\/cdn.jsdelivr.net\/gh\/sergiosdlima\/assets-ebc@1.0.0\/abr\/assets\/images\/logo-agenciabrasil.svg","type":"","width":"","height":""}],"author":"Andre Richter - Reporter da Agencia Brasil","twitter_card":"summary_large_image","twitter_misc":{"Escrito por":"Andre Richter - Reporter da Agencia Brasil","Est. tempo de leitura":"1 minuto"},"schema":{"@context":"https:\/\/schema.org","@graph":[{"@type":"Article","@id":"https:\/\/divulguems.com.br\/?p=20447#article","isPartOf":{"@id":"https:\/\/divulguems.com.br\/?p=20447"},"author":{"name":"Andre Richter - Reporter da Agencia Brasil","@id":"https:\/\/divulguems.com.br\/#\/schema\/person\/f905e17f29fb0a91787a01ef1f4228b3"},"headline":"TSE tem maioria para cassar mandato do governador de Roraima","datePublished":"2026-04-29T01:51:02+00:00","mainEntityOfPage":{"@id":"https:\/\/divulguems.com.br\/?p=20447"},"wordCount":285,"commentCount":0,"publisher":{"@id":"https:\/\/divulguems.com.br\/#organization"},"image":{"@id":"https:\/\/divulguems.com.br\/?p=20447#primaryimage"},"thumbnailUrl":"https:\/\/divulguems.com.br\/wp-content\/uploads\/2026\/04\/20447-tse-tem-maioria-para-cassar-mandato-do-governador-de-roraima.jpg","articleSection":["\u00daltimas Not\u00edcias"],"inLanguage":"pt-BR","potentialAction":[{"@type":"CommentAction","name":"Comment","target":["https:\/\/divulguems.com.br\/?p=20447#respond"]}]},{"@type":"WebPage","@id":"https:\/\/divulguems.com.br\/?p=20447","url":"https:\/\/divulguems.com.br\/?p=20447","name":"TSE tem maioria para cassar mandato do governador de Roraima - Divulgue MS","isPartOf":{"@id":"https:\/\/divulguems.com.br\/#website"},"primaryImageOfPage":{"@id":"https:\/\/divulguems.com.br\/?p=20447#primaryimage"},"image":{"@id":"https:\/\/divulguems.com.br\/?p=20447#primaryimage"},"thumbnailUrl":"https:\/\/divulguems.com.br\/wp-content\/uploads\/2026\/04\/20447-tse-tem-maioria-para-cassar-mandato-do-governador-de-roraima.jpg","datePublished":"2026-04-29T01:51:02+00:00","breadcrumb":{"@id":"https:\/\/divulguems.com.br\/?p=20447#breadcrumb"},"inLanguage":"pt-BR","potentialAction":[{"@type":"ReadAction","target":["https:\/\/divulguems.com.br\/?p=20447"]}]},{"@type":"ImageObject","inLanguage":"pt-BR","@id":"https:\/\/divulguems.com.br\/?p=20447#primaryimage","url":"https:\/\/divulguems.com.br\/wp-content\/uploads\/2026\/04\/20447-tse-tem-maioria-para-cassar-mandato-do-governador-de-roraima.jpg","contentUrl":"https:\/\/divulguems.com.br\/wp-content\/uploads\/2026\/04\/20447-tse-tem-maioria-para-cassar-mandato-do-governador-de-roraima.jpg","width":1600,"height":800,"caption":"TSE tem maioria para cassar mandato do governador de Roraima"},{"@type":"BreadcrumbList","@id":"https:\/\/divulguems.com.br\/?p=20447#breadcrumb","itemListElement":[{"@type":"ListItem","position":1,"name":"In\u00edcio","item":"https:\/\/divulguems.com.br\/"},{"@type":"ListItem","position":2,"name":"TSE tem maioria para cassar mandato do governador de Roraima"}]},{"@type":"WebSite","@id":"https:\/\/divulguems.com.br\/#website","url":"https:\/\/divulguems.com.br\/","name":"Portal Infoco Brasil","description":"L\u00edder de audi\u00eancia.","publisher":{"@id":"https:\/\/divulguems.com.br\/#organization"},"potentialAction":[{"@type":"SearchAction","target":{"@type":"EntryPoint","urlTemplate":"https:\/\/divulguems.com.br\/?s={search_term_string}"},"query-input":{"@type":"PropertyValueSpecification","valueRequired":true,"valueName":"search_term_string"}}],"inLanguage":"pt-BR"},{"@type":"Organization","@id":"https:\/\/divulguems.com.br\/#organization","name":"Portal Infoco Brasil","url":"https:\/\/divulguems.com.br\/","logo":{"@type":"ImageObject","inLanguage":"pt-BR","@id":"https:\/\/divulguems.com.br\/#\/schema\/logo\/image\/","url":"https:\/\/divulguems.com.br\/wp-content\/uploads\/2025\/04\/LOGO-PNG-AZUL.png","contentUrl":"https:\/\/divulguems.com.br\/wp-content\/uploads\/2025\/04\/LOGO-PNG-AZUL.png","width":1166,"height":475,"caption":"Portal Infoco Brasil"},"image":{"@id":"https:\/\/divulguems.com.br\/#\/schema\/logo\/image\/"},"sameAs":["https:\/\/www.facebook.com\/portalinfocobrasil","https:\/\/www.instagram.com\/portalinfocobrasil"]},{"@type":"Person","@id":"https:\/\/divulguems.com.br\/#\/schema\/person\/f905e17f29fb0a91787a01ef1f4228b3","name":"Andre Richter - Reporter da Agencia Brasil","image":{"@type":"ImageObject","inLanguage":"pt-BR","@id":"https:\/\/secure.gravatar.com\/avatar\/d84178b6a20656666416da4d801cbabca9be93d5b5a8d7ba9c4ca8bb65652e8c?s=96&d=mm&r=g","url":"https:\/\/secure.gravatar.com\/avatar\/d84178b6a20656666416da4d801cbabca9be93d5b5a8d7ba9c4ca8bb65652e8c?s=96&d=mm&r=g","contentUrl":"https:\/\/secure.gravatar.com\/avatar\/d84178b6a20656666416da4d801cbabca9be93d5b5a8d7ba9c4ca8bb65652e8c?s=96&d=mm&r=g","caption":"Andre Richter - Reporter da Agencia Brasil"},"url":"https:\/\/divulguems.com.br\/?author=120"}]}},"_links":{"self":[{"href":"https:\/\/divulguems.com.br\/index.php?rest_route=\/wp\/v2\/posts\/20447","targetHints":{"allow":["GET"]}}],"collection":[{"href":"https:\/\/divulguems.com.br\/index.php?rest_route=\/wp\/v2\/posts"}],"about":[{"href":"https:\/\/divulguems.com.br\/index.php?rest_route=\/wp\/v2\/types\/post"}],"author":[{"embeddable":true,"href":"https:\/\/divulguems.com.br\/index.php?rest_route=\/wp\/v2\/users\/120"}],"replies":[{"embeddable":true,"href":"https:\/\/divulguems.com.br\/index.php?rest_route=%2Fwp%2Fv2%2Fcomments&post=20447"}],"version-history":[{"count":0,"href":"https:\/\/divulguems.com.br\/index.php?rest_route=\/wp\/v2\/posts\/20447\/revisions"}],"wp:featuredmedia":[{"embeddable":true,"href":"https:\/\/divulguems.com.br\/index.php?rest_route=\/wp\/v2\/media\/20448"}],"wp:attachment":[{"href":"https:\/\/divulguems.com.br\/index.php?rest_route=%2Fwp%2Fv2%2Fmedia&parent=20447"}],"wp:term":[{"taxonomy":"category","embeddable":true,"href":"https:\/\/divulguems.com.br\/index.php?rest_route=%2Fwp%2Fv2%2Fcategories&post=20447"},{"taxonomy":"post_tag","embeddable":true,"href":"https:\/\/divulguems.com.br\/index.php?rest_route=%2Fwp%2Fv2%2Ftags&post=20447"}],"curies":[{"name":"wp","href":"https:\/\/api.w.org\/{rel}","templated":true}]}}