{"id":20453,"date":"2026-04-28T21:51:07","date_gmt":"2026-04-29T01:51:07","guid":{"rendered":"https:\/\/divulguems.com.br\/?p=20453"},"modified":"2026-04-28T21:51:07","modified_gmt":"2026-04-29T01:51:07","slug":"sp-confirma-segundo-caso-importado-de-sarampo","status":"publish","type":"post","link":"https:\/\/divulguems.com.br\/?p=20453","title":{"rendered":"SP confirma segundo caso importado de sarampo"},"content":{"rendered":"<\/p>\n<p><a class=\"\" href=\"https:\/\/agenciabrasil.ebc.com.br\/saude\/noticia\/2026-04\/sp-confirma-segundo-caso-importado-de-sarampo\"><br \/>\n                    <img decoding=\"async\" src=\"https:\/\/cdn.jsdelivr.net\/gh\/sergiosdlima\/assets-ebc@1.0.0\/abr\/assets\/images\/logo-agenciabrasil.svg\" alt=\"Logo Ag\u00eancia Brasil\"><br \/>\n\t\t\t\t<\/a><\/p>\n<p><strong>A Secretaria Estadual da Sa\u00fade de S\u00e3o Paulo confirmou nesta ter\u00e7a-feira\u00a0(28) o segundo caso importado de sarampo no territ\u00f3rio paulista. De acordo com a pasta, o paciente \u00e9 um homem de 42 anos, morador da Guatemala e que tem hist\u00f3rico de vacina\u00e7\u00e3o.<\/strong><img decoding=\"async\" src=\"https:\/\/agenciabrasil.ebc.com.br\/ebc.png?id=1687526&#038;o=rss\"><img decoding=\"async\" src=\"https:\/\/agenciabrasil.ebc.com.br\/ebc.gif?id=1687526&#038;o=rss\"><\/p>\n<p>O caso foi identificado no final de mar\u00e7o, na cidade de S\u00e3o Paulo, e depois confirmado por exames laboratoriais. O estado de sa\u00fade do paciente n\u00e3o foi informado.<\/p>\n<\/p>\n<h3>Not\u00edcias relacionadas:<\/h3>\n<ul>\n<li><a href=\"https:\/\/agenciabrasil.ebc.com.br\/saude\/noticia\/2026-04\/iniciativa-seleciona-jovens-para-tratamento-odontologico-gratuito\">Iniciativa seleciona jovens para tratamento odontol\u00f3gico gratuito.<\/a><\/li>\n<li><a href=\"https:\/\/agenciabrasil.ebc.com.br\/saude\/noticia\/2026-04\/cartilha-orienta-medicos-e-instituicoes-sobre-uso-de-ia-na-medicina\">Cartilha orienta m\u00e9dicos e institui\u00e7\u00f5es sobre uso de IA na medicina.<\/a><\/li>\n<li><a href=\"https:\/\/agenciabrasil.ebc.com.br\/saude\/noticia\/2026-04\/projeto-leva-tratamento-gratuito-doencas-negligenciadas-no-amazonas\">Projeto leva tratamento gratuito a doen\u00e7as negligenciadas no Amazonas.<\/a><\/li>\n<\/ul>\n<p>Este \u00e9 o segundo caso importado de sarampo, ou seja, sem transmiss\u00e3o local do v\u00edrus, identificado no estado de S\u00e3o Paulo em 2026. O <a href=\"https:\/\/agenciabrasil.ebc.com.br\/saude\/noticia\/2026-03\/sao-paulo-tem-primeiro-caso-de-sarampo-em-2026\" target=\"_blank\">primeiro caso<\/a> do ano foi o de um beb\u00ea de seis meses que n\u00e3o foi vacinado e\u00a0esteve na Bol\u00edvia em janeiro.\u00a0Em todo o ano passado foram registrados dois casos importados da doen\u00e7a em S\u00e3o Paulo.<\/p>\n<p>Segundo a Organiza\u00e7\u00e3o Pan-Americana da Sa\u00fade (Opas), os pa\u00edses da Am\u00e9rica continuam enfrentando a doen\u00e7a. No ano passado, por exemplo, 14.767 registros de sarampo foram confirmados <a href=\"https:\/\/agenciabrasil.ebc.com.br\/saude\/noticia\/2026-04\/opas-ja-eliminamos-o-sarampo-das-americas-e-podemos-fazer-de-novo\" target=\"_blank\">em 13 pa\u00edses das Am\u00e9ricas<\/a>.\u00a0S\u00f3 neste ano\u00a0foram confirmados 15,3 mil casos, sendo que M\u00e9xico Guatemala, Estados Unidos e Canad\u00e1 respondem pela maioria deles.<\/p>\n<h2>Sarampo<\/h2>\n<p>O sarampo \u00e9 uma doen\u00e7a infecciosa altamente contagiosa e que j\u00e1 foi uma das principais causas de mortalidade infantil no mundo. A transmiss\u00e3o do v\u00edrus ocorre de pessoa a pessoa, por via a\u00e9rea, seja ao tossir, espirrar, falar ou respirar.<\/p>\n<p><strong>O sarampo \u00e9 t\u00e3o contagioso que uma pessoa infectada pode transmitir a doen\u00e7a para 90% das pessoas pr\u00f3ximas e que n\u00e3o estejam imunes. <\/strong>Por isso, a vacina\u00e7\u00e3o contra o sarampo \u00e9 extremamente importante. A vacina\u00e7\u00e3o \u00e9 a principal forma de preven\u00e7\u00e3o contra a doen\u00e7a.<\/p>\n<p>Os principais sintomas da doen\u00e7a s\u00e3o manchas vermelhas no corpo e febre alta, acima de 38,5\u00baC, acompanhada de tosse, conjuntivite, nariz escorrendo ou mal-estar intenso. Os casos podem evoluir para complica\u00e7\u00f5es graves podendo causar diarreia intensa, infec\u00e7\u00f5es de ouvido, cegueira, pneumonia e encefalite (inflama\u00e7\u00e3o do c\u00e9rebro). Algumas dessas complica\u00e7\u00f5es podem ser fatais.<\/p>\n<p>A vacina\u00e7\u00e3o contra o sarampo faz parte do Calend\u00e1rio Nacional de Vacina\u00e7\u00e3o. A primeira dose deve ser aplicada aos 12 meses de idade (tr\u00edplice viral \u2013 sarampo, caxumba e rub\u00e9ola) e a segunda aos 15 meses (tetra viral \u2013 sarampo, caxumba, rub\u00e9ola e varicela).<\/p>\n","protected":false},"excerpt":{"rendered":"<p>A Secretaria Estadual da Sa\u00fade de S\u00e3o Paulo confirmou nesta ter\u00e7a-feira\u00a0(28) o segundo caso importado de sarampo no territ\u00f3rio paulista. De acordo com a pasta, o paciente \u00e9 um homem de 42 anos, morador da Guatemala e que tem hist\u00f3rico de vacina\u00e7\u00e3o. O caso foi identificado no final de mar\u00e7o, na cidade de S\u00e3o Paulo, [&hellip;]<\/p>\n","protected":false},"author":310,"featured_media":20454,"comment_status":"open","ping_status":"open","sticky":false,"template":"","format":"standard","meta":{"site-sidebar-layout":"default","site-content-layout":"","ast-site-content-layout":"default","site-content-style":"default","site-sidebar-style":"default","ast-global-header-display":"","ast-banner-title-visibility":"","ast-main-header-display":"","ast-hfb-above-header-display":"","ast-hfb-below-header-display":"","ast-hfb-mobile-header-display":"","site-post-title":"","ast-breadcrumbs-content":"","ast-featured-img":"","footer-sml-layout":"","ast-disable-related-posts":"","theme-transparent-header-meta":"","adv-header-id-meta":"","stick-header-meta":"","header-above-stick-meta":"","header-main-stick-meta":"","header-below-stick-meta":"","astra-migrate-meta-layouts":"default","ast-page-background-enabled":"default","ast-page-background-meta":{"desktop":{"background-color":"var(--ast-global-color-4)","background-image":"","background-repeat":"repeat","background-position":"center center","background-size":"auto","background-attachment":"scroll","background-type":"","background-media":"","overlay-type":"","overlay-color":"","overlay-opacity":"","overlay-gradient":""},"tablet":{"background-color":"","background-image":"","background-repeat":"repeat","background-position":"center center","background-size":"auto","background-attachment":"scroll","background-type":"","background-media":"","overlay-type":"","overlay-color":"","overlay-opacity":"","overlay-gradient":""},"mobile":{"background-color":"","background-image":"","background-repeat":"repeat","background-position":"center center","background-size":"auto","background-attachment":"scroll","background-type":"","background-media":"","overlay-type":"","overlay-color":"","overlay-opacity":"","overlay-gradient":""}},"ast-content-background-meta":{"desktop":{"background-color":"var(--ast-global-color-5)","background-image":"","background-repeat":"repeat","background-position":"center center","background-size":"auto","background-attachment":"scroll","background-type":"","background-media":"","overlay-type":"","overlay-color":"","overlay-opacity":"","overlay-gradient":""},"tablet":{"background-color":"var(--ast-global-color-5)","background-image":"","background-repeat":"repeat","background-position":"center center","background-size":"auto","background-attachment":"scroll","background-type":"","background-media":"","overlay-type":"","overlay-color":"","overlay-opacity":"","overlay-gradient":""},"mobile":{"background-color":"var(--ast-global-color-5)","background-image":"","background-repeat":"repeat","background-position":"center center","background-size":"auto","background-attachment":"scroll","background-type":"","background-media":"","overlay-type":"","overlay-color":"","overlay-opacity":"","overlay-gradient":""}},"footnotes":""},"categories":[11],"tags":[],"class_list":["post-20453","post","type-post","status-publish","format-standard","has-post-thumbnail","hentry","category-saude-e-bem-estar"],"yoast_head":"<!-- This site is optimized with the Yoast SEO Premium plugin v23.6 (Yoast SEO v27.4) - https:\/\/yoast.com\/product\/yoast-seo-premium-wordpress\/ -->\n<title>SP confirma segundo caso importado de sarampo - Divulgue MS<\/title>\n<meta name=\"robots\" content=\"index, follow, max-snippet:-1, max-image-preview:large, max-video-preview:-1\" \/>\n<link rel=\"canonical\" href=\"https:\/\/divulguems.com.br\/?p=20453\" \/>\n<meta property=\"og:locale\" content=\"pt_BR\" \/>\n<meta property=\"og:type\" content=\"article\" \/>\n<meta property=\"og:title\" content=\"SP confirma segundo caso importado de sarampo\" \/>\n<meta property=\"og:description\" content=\"A Secretaria Estadual da Sa\u00fade de S\u00e3o Paulo confirmou nesta ter\u00e7a-feira\u00a0(28) o segundo caso importado de sarampo no territ\u00f3rio paulista. De acordo com a pasta, o paciente \u00e9 um homem de 42 anos, morador da Guatemala e que tem hist\u00f3rico de vacina\u00e7\u00e3o. O caso foi identificado no final de mar\u00e7o, na cidade de S\u00e3o Paulo, [&hellip;]\" \/>\n<meta property=\"og:url\" content=\"https:\/\/divulguems.com.br\/?p=20453\" \/>\n<meta property=\"og:site_name\" content=\"Divulgue MS\" \/>\n<meta property=\"article:publisher\" content=\"https:\/\/www.facebook.com\/portalinfocobrasil\" \/>\n<meta property=\"article:published_time\" content=\"2026-04-29T01:51:07+00:00\" \/>\n<meta property=\"og:image\" content=\"https:\/\/cdn.jsdelivr.net\/gh\/sergiosdlima\/assets-ebc@1.0.0\/abr\/assets\/images\/logo-agenciabrasil.svg\" \/>\n<meta name=\"author\" content=\"Elaine Patricia Cruz - Reporter da Agencia Brasil\" \/>\n<meta name=\"twitter:card\" content=\"summary_large_image\" \/>\n<meta name=\"twitter:label1\" content=\"Escrito por\" \/>\n\t<meta name=\"twitter:data1\" content=\"Elaine Patricia Cruz - Reporter da Agencia Brasil\" \/>\n\t<meta name=\"twitter:label2\" content=\"Est. tempo de leitura\" \/>\n\t<meta name=\"twitter:data2\" content=\"2 minutos\" \/>\n<script type=\"application\/ld+json\" class=\"yoast-schema-graph\">{\"@context\":\"https:\\\/\\\/schema.org\",\"@graph\":[{\"@type\":\"Article\",\"@id\":\"https:\\\/\\\/divulguems.com.br\\\/?p=20453#article\",\"isPartOf\":{\"@id\":\"https:\\\/\\\/divulguems.com.br\\\/?p=20453\"},\"author\":{\"name\":\"Elaine Patricia Cruz - Reporter da Agencia Brasil\",\"@id\":\"https:\\\/\\\/divulguems.com.br\\\/#\\\/schema\\\/person\\\/00ed7c8a16227ee2b04a29603b8d6355\"},\"headline\":\"SP confirma segundo caso importado de sarampo\",\"datePublished\":\"2026-04-29T01:51:07+00:00\",\"mainEntityOfPage\":{\"@id\":\"https:\\\/\\\/divulguems.com.br\\\/?p=20453\"},\"wordCount\":438,\"commentCount\":0,\"publisher\":{\"@id\":\"https:\\\/\\\/divulguems.com.br\\\/#organization\"},\"image\":{\"@id\":\"https:\\\/\\\/divulguems.com.br\\\/?p=20453#primaryimage\"},\"thumbnailUrl\":\"https:\\\/\\\/divulguems.com.br\\\/wp-content\\\/uploads\\\/2026\\\/04\\\/20453-sp-confirma-segundo-caso-importado-de-sarampo.jpg\",\"articleSection\":[\"Sa\u00fade e Bem-Estar\"],\"inLanguage\":\"pt-BR\",\"potentialAction\":[{\"@type\":\"CommentAction\",\"name\":\"Comment\",\"target\":[\"https:\\\/\\\/divulguems.com.br\\\/?p=20453#respond\"]}]},{\"@type\":\"WebPage\",\"@id\":\"https:\\\/\\\/divulguems.com.br\\\/?p=20453\",\"url\":\"https:\\\/\\\/divulguems.com.br\\\/?p=20453\",\"name\":\"SP confirma segundo caso importado de sarampo - Divulgue MS\",\"isPartOf\":{\"@id\":\"https:\\\/\\\/divulguems.com.br\\\/#website\"},\"primaryImageOfPage\":{\"@id\":\"https:\\\/\\\/divulguems.com.br\\\/?p=20453#primaryimage\"},\"image\":{\"@id\":\"https:\\\/\\\/divulguems.com.br\\\/?p=20453#primaryimage\"},\"thumbnailUrl\":\"https:\\\/\\\/divulguems.com.br\\\/wp-content\\\/uploads\\\/2026\\\/04\\\/20453-sp-confirma-segundo-caso-importado-de-sarampo.jpg\",\"datePublished\":\"2026-04-29T01:51:07+00:00\",\"breadcrumb\":{\"@id\":\"https:\\\/\\\/divulguems.com.br\\\/?p=20453#breadcrumb\"},\"inLanguage\":\"pt-BR\",\"potentialAction\":[{\"@type\":\"ReadAction\",\"target\":[\"https:\\\/\\\/divulguems.com.br\\\/?p=20453\"]}]},{\"@type\":\"ImageObject\",\"inLanguage\":\"pt-BR\",\"@id\":\"https:\\\/\\\/divulguems.com.br\\\/?p=20453#primaryimage\",\"url\":\"https:\\\/\\\/divulguems.com.br\\\/wp-content\\\/uploads\\\/2026\\\/04\\\/20453-sp-confirma-segundo-caso-importado-de-sarampo.jpg\",\"contentUrl\":\"https:\\\/\\\/divulguems.com.br\\\/wp-content\\\/uploads\\\/2026\\\/04\\\/20453-sp-confirma-segundo-caso-importado-de-sarampo.jpg\",\"width\":1600,\"height\":800,\"caption\":\"SP confirma segundo caso importado de sarampo\"},{\"@type\":\"BreadcrumbList\",\"@id\":\"https:\\\/\\\/divulguems.com.br\\\/?p=20453#breadcrumb\",\"itemListElement\":[{\"@type\":\"ListItem\",\"position\":1,\"name\":\"In\u00edcio\",\"item\":\"https:\\\/\\\/divulguems.com.br\\\/\"},{\"@type\":\"ListItem\",\"position\":2,\"name\":\"SP confirma segundo caso importado de sarampo\"}]},{\"@type\":\"WebSite\",\"@id\":\"https:\\\/\\\/divulguems.com.br\\\/#website\",\"url\":\"https:\\\/\\\/divulguems.com.br\\\/\",\"name\":\"Portal Infoco Brasil\",\"description\":\"L\u00edder de audi\u00eancia.\",\"publisher\":{\"@id\":\"https:\\\/\\\/divulguems.com.br\\\/#organization\"},\"potentialAction\":[{\"@type\":\"SearchAction\",\"target\":{\"@type\":\"EntryPoint\",\"urlTemplate\":\"https:\\\/\\\/divulguems.com.br\\\/?s={search_term_string}\"},\"query-input\":{\"@type\":\"PropertyValueSpecification\",\"valueRequired\":true,\"valueName\":\"search_term_string\"}}],\"inLanguage\":\"pt-BR\"},{\"@type\":\"Organization\",\"@id\":\"https:\\\/\\\/divulguems.com.br\\\/#organization\",\"name\":\"Portal Infoco Brasil\",\"url\":\"https:\\\/\\\/divulguems.com.br\\\/\",\"logo\":{\"@type\":\"ImageObject\",\"inLanguage\":\"pt-BR\",\"@id\":\"https:\\\/\\\/divulguems.com.br\\\/#\\\/schema\\\/logo\\\/image\\\/\",\"url\":\"https:\\\/\\\/divulguems.com.br\\\/wp-content\\\/uploads\\\/2025\\\/04\\\/LOGO-PNG-AZUL.png\",\"contentUrl\":\"https:\\\/\\\/divulguems.com.br\\\/wp-content\\\/uploads\\\/2025\\\/04\\\/LOGO-PNG-AZUL.png\",\"width\":1166,\"height\":475,\"caption\":\"Portal Infoco Brasil\"},\"image\":{\"@id\":\"https:\\\/\\\/divulguems.com.br\\\/#\\\/schema\\\/logo\\\/image\\\/\"},\"sameAs\":[\"https:\\\/\\\/www.facebook.com\\\/portalinfocobrasil\",\"https:\\\/\\\/www.instagram.com\\\/portalinfocobrasil\"]},{\"@type\":\"Person\",\"@id\":\"https:\\\/\\\/divulguems.com.br\\\/#\\\/schema\\\/person\\\/00ed7c8a16227ee2b04a29603b8d6355\",\"name\":\"Elaine Patricia Cruz - Reporter da Agencia Brasil\",\"image\":{\"@type\":\"ImageObject\",\"inLanguage\":\"pt-BR\",\"@id\":\"https:\\\/\\\/secure.gravatar.com\\\/avatar\\\/0e0300789b2d4cb0635683bfb0ed75557e9d1ad9357def7b31db983b01cd9a8c?s=96&d=mm&r=g\",\"url\":\"https:\\\/\\\/secure.gravatar.com\\\/avatar\\\/0e0300789b2d4cb0635683bfb0ed75557e9d1ad9357def7b31db983b01cd9a8c?s=96&d=mm&r=g\",\"contentUrl\":\"https:\\\/\\\/secure.gravatar.com\\\/avatar\\\/0e0300789b2d4cb0635683bfb0ed75557e9d1ad9357def7b31db983b01cd9a8c?s=96&d=mm&r=g\",\"caption\":\"Elaine Patricia Cruz - Reporter da Agencia Brasil\"},\"url\":\"https:\\\/\\\/divulguems.com.br\\\/?author=310\"}]}<\/script>\n<!-- \/ Yoast SEO Premium plugin. -->","yoast_head_json":{"title":"SP confirma segundo caso importado de sarampo - Divulgue MS","robots":{"index":"index","follow":"follow","max-snippet":"max-snippet:-1","max-image-preview":"max-image-preview:large","max-video-preview":"max-video-preview:-1"},"canonical":"https:\/\/divulguems.com.br\/?p=20453","og_locale":"pt_BR","og_type":"article","og_title":"SP confirma segundo caso importado de sarampo","og_description":"A Secretaria Estadual da Sa\u00fade de S\u00e3o Paulo confirmou nesta ter\u00e7a-feira\u00a0(28) o segundo caso importado de sarampo no territ\u00f3rio paulista. De acordo com a pasta, o paciente \u00e9 um homem de 42 anos, morador da Guatemala e que tem hist\u00f3rico de vacina\u00e7\u00e3o. O caso foi identificado no final de mar\u00e7o, na cidade de S\u00e3o Paulo, [&hellip;]","og_url":"https:\/\/divulguems.com.br\/?p=20453","og_site_name":"Divulgue MS","article_publisher":"https:\/\/www.facebook.com\/portalinfocobrasil","article_published_time":"2026-04-29T01:51:07+00:00","og_image":[{"url":"https:\/\/cdn.jsdelivr.net\/gh\/sergiosdlima\/assets-ebc@1.0.0\/abr\/assets\/images\/logo-agenciabrasil.svg","type":"","width":"","height":""}],"author":"Elaine Patricia Cruz - Reporter da Agencia Brasil","twitter_card":"summary_large_image","twitter_misc":{"Escrito por":"Elaine Patricia Cruz - Reporter da Agencia Brasil","Est. tempo de leitura":"2 minutos"},"schema":{"@context":"https:\/\/schema.org","@graph":[{"@type":"Article","@id":"https:\/\/divulguems.com.br\/?p=20453#article","isPartOf":{"@id":"https:\/\/divulguems.com.br\/?p=20453"},"author":{"name":"Elaine Patricia Cruz - Reporter da Agencia Brasil","@id":"https:\/\/divulguems.com.br\/#\/schema\/person\/00ed7c8a16227ee2b04a29603b8d6355"},"headline":"SP confirma segundo caso importado de sarampo","datePublished":"2026-04-29T01:51:07+00:00","mainEntityOfPage":{"@id":"https:\/\/divulguems.com.br\/?p=20453"},"wordCount":438,"commentCount":0,"publisher":{"@id":"https:\/\/divulguems.com.br\/#organization"},"image":{"@id":"https:\/\/divulguems.com.br\/?p=20453#primaryimage"},"thumbnailUrl":"https:\/\/divulguems.com.br\/wp-content\/uploads\/2026\/04\/20453-sp-confirma-segundo-caso-importado-de-sarampo.jpg","articleSection":["Sa\u00fade e Bem-Estar"],"inLanguage":"pt-BR","potentialAction":[{"@type":"CommentAction","name":"Comment","target":["https:\/\/divulguems.com.br\/?p=20453#respond"]}]},{"@type":"WebPage","@id":"https:\/\/divulguems.com.br\/?p=20453","url":"https:\/\/divulguems.com.br\/?p=20453","name":"SP confirma segundo caso importado de sarampo - Divulgue MS","isPartOf":{"@id":"https:\/\/divulguems.com.br\/#website"},"primaryImageOfPage":{"@id":"https:\/\/divulguems.com.br\/?p=20453#primaryimage"},"image":{"@id":"https:\/\/divulguems.com.br\/?p=20453#primaryimage"},"thumbnailUrl":"https:\/\/divulguems.com.br\/wp-content\/uploads\/2026\/04\/20453-sp-confirma-segundo-caso-importado-de-sarampo.jpg","datePublished":"2026-04-29T01:51:07+00:00","breadcrumb":{"@id":"https:\/\/divulguems.com.br\/?p=20453#breadcrumb"},"inLanguage":"pt-BR","potentialAction":[{"@type":"ReadAction","target":["https:\/\/divulguems.com.br\/?p=20453"]}]},{"@type":"ImageObject","inLanguage":"pt-BR","@id":"https:\/\/divulguems.com.br\/?p=20453#primaryimage","url":"https:\/\/divulguems.com.br\/wp-content\/uploads\/2026\/04\/20453-sp-confirma-segundo-caso-importado-de-sarampo.jpg","contentUrl":"https:\/\/divulguems.com.br\/wp-content\/uploads\/2026\/04\/20453-sp-confirma-segundo-caso-importado-de-sarampo.jpg","width":1600,"height":800,"caption":"SP confirma segundo caso importado de sarampo"},{"@type":"BreadcrumbList","@id":"https:\/\/divulguems.com.br\/?p=20453#breadcrumb","itemListElement":[{"@type":"ListItem","position":1,"name":"In\u00edcio","item":"https:\/\/divulguems.com.br\/"},{"@type":"ListItem","position":2,"name":"SP confirma segundo caso importado de sarampo"}]},{"@type":"WebSite","@id":"https:\/\/divulguems.com.br\/#website","url":"https:\/\/divulguems.com.br\/","name":"Portal Infoco Brasil","description":"L\u00edder de audi\u00eancia.","publisher":{"@id":"https:\/\/divulguems.com.br\/#organization"},"potentialAction":[{"@type":"SearchAction","target":{"@type":"EntryPoint","urlTemplate":"https:\/\/divulguems.com.br\/?s={search_term_string}"},"query-input":{"@type":"PropertyValueSpecification","valueRequired":true,"valueName":"search_term_string"}}],"inLanguage":"pt-BR"},{"@type":"Organization","@id":"https:\/\/divulguems.com.br\/#organization","name":"Portal Infoco Brasil","url":"https:\/\/divulguems.com.br\/","logo":{"@type":"ImageObject","inLanguage":"pt-BR","@id":"https:\/\/divulguems.com.br\/#\/schema\/logo\/image\/","url":"https:\/\/divulguems.com.br\/wp-content\/uploads\/2025\/04\/LOGO-PNG-AZUL.png","contentUrl":"https:\/\/divulguems.com.br\/wp-content\/uploads\/2025\/04\/LOGO-PNG-AZUL.png","width":1166,"height":475,"caption":"Portal Infoco Brasil"},"image":{"@id":"https:\/\/divulguems.com.br\/#\/schema\/logo\/image\/"},"sameAs":["https:\/\/www.facebook.com\/portalinfocobrasil","https:\/\/www.instagram.com\/portalinfocobrasil"]},{"@type":"Person","@id":"https:\/\/divulguems.com.br\/#\/schema\/person\/00ed7c8a16227ee2b04a29603b8d6355","name":"Elaine Patricia Cruz - Reporter da Agencia Brasil","image":{"@type":"ImageObject","inLanguage":"pt-BR","@id":"https:\/\/secure.gravatar.com\/avatar\/0e0300789b2d4cb0635683bfb0ed75557e9d1ad9357def7b31db983b01cd9a8c?s=96&d=mm&r=g","url":"https:\/\/secure.gravatar.com\/avatar\/0e0300789b2d4cb0635683bfb0ed75557e9d1ad9357def7b31db983b01cd9a8c?s=96&d=mm&r=g","contentUrl":"https:\/\/secure.gravatar.com\/avatar\/0e0300789b2d4cb0635683bfb0ed75557e9d1ad9357def7b31db983b01cd9a8c?s=96&d=mm&r=g","caption":"Elaine Patricia Cruz - Reporter da Agencia Brasil"},"url":"https:\/\/divulguems.com.br\/?author=310"}]}},"_links":{"self":[{"href":"https:\/\/divulguems.com.br\/index.php?rest_route=\/wp\/v2\/posts\/20453","targetHints":{"allow":["GET"]}}],"collection":[{"href":"https:\/\/divulguems.com.br\/index.php?rest_route=\/wp\/v2\/posts"}],"about":[{"href":"https:\/\/divulguems.com.br\/index.php?rest_route=\/wp\/v2\/types\/post"}],"author":[{"embeddable":true,"href":"https:\/\/divulguems.com.br\/index.php?rest_route=\/wp\/v2\/users\/310"}],"replies":[{"embeddable":true,"href":"https:\/\/divulguems.com.br\/index.php?rest_route=%2Fwp%2Fv2%2Fcomments&post=20453"}],"version-history":[{"count":0,"href":"https:\/\/divulguems.com.br\/index.php?rest_route=\/wp\/v2\/posts\/20453\/revisions"}],"wp:featuredmedia":[{"embeddable":true,"href":"https:\/\/divulguems.com.br\/index.php?rest_route=\/wp\/v2\/media\/20454"}],"wp:attachment":[{"href":"https:\/\/divulguems.com.br\/index.php?rest_route=%2Fwp%2Fv2%2Fmedia&parent=20453"}],"wp:term":[{"taxonomy":"category","embeddable":true,"href":"https:\/\/divulguems.com.br\/index.php?rest_route=%2Fwp%2Fv2%2Fcategories&post=20453"},{"taxonomy":"post_tag","embeddable":true,"href":"https:\/\/divulguems.com.br\/index.php?rest_route=%2Fwp%2Fv2%2Ftags&post=20453"}],"curies":[{"name":"wp","href":"https:\/\/api.w.org\/{rel}","templated":true}]}}