{"id":20455,"date":"2026-04-28T21:51:08","date_gmt":"2026-04-29T01:51:08","guid":{"rendered":"https:\/\/divulguems.com.br\/?p=20455"},"modified":"2026-04-28T21:51:08","modified_gmt":"2026-04-29T01:51:08","slug":"desmatamento-na-amazonia-cai-17-no-primeiro-trimestre-de-2026","status":"publish","type":"post","link":"https:\/\/divulguems.com.br\/?p=20455","title":{"rendered":"Desmatamento na Amaz\u00f4nia cai 17% no primeiro trimestre de 2026"},"content":{"rendered":"<p>O primeiro trimestre de 2026 fechou com queda de 17% no desmatamento da Amaz\u00f4nia. Os dados s\u00e3o do Imazon. Entre janeiro e mar\u00e7o deste ano, a derrubada da floresta amaz\u00f4nica teve uma redu\u00e7\u00e3o equivalente a 7.000 campos de futebol.<img decoding=\"async\" src=\"https:\/\/agenciabrasil.ebc.com.br\/ebc.png?id=1687521&#038;o=rss\"><img decoding=\"async\" src=\"https:\/\/agenciabrasil.ebc.com.br\/ebc.gif?id=1687521&#038;o=rss\"><\/p>\n<p>Essa tend\u00eancia de queda pode ser percebida a partir de agosto do ano passado, in\u00edcio do per\u00edodo do regime de chuvas na Amaz\u00f4nia. De l\u00e1 para c\u00e1, houve uma redu\u00e7\u00e3o ainda maior na derrubada da floresta: de 36%. Essa foi a menor \u00e1rea destru\u00edda desde 2017.<\/p>\n<p>Segundo a pesquisadora do Imazon, Manuela Ata\u00edde, o destaque positivo fica por conta dos territ\u00f3rios ind\u00edgenas.<\/p>\n<blockquote>\n<p>&#8220;Um ponto positivo foi o cen\u00e1rio visto nas terras ind\u00edgenas em mar\u00e7o de 2026. Esses territ\u00f3rios, eles seguem sendo os que menos desmatam. Em mar\u00e7o de 2026, eles foram respons\u00e1veis apenas por 1% de todo o desmatamento na Amaz\u00f4nia Legal.&#8221;<\/p>\n<\/blockquote>\n<p>Entre os estados que mais desmataram est\u00e3o Mato Grosso, Roraima e Par\u00e1. Roraima, ali\u00e1s, foi o \u00fanico estado a aumentar o desmatamento na compara\u00e7\u00e3o com o mesmo per\u00edodo de oito meses. Por l\u00e1 ficam alguns dos munic\u00edpios com maior \u00e1rea afetada: Caracara\u00ed e Rorain\u00f3polis.<\/p>\n<p>Para Manuela Ata\u00edde, do Imazon, a concentra\u00e7\u00e3o em territ\u00f3rios espec\u00edficos refor\u00e7a a necessidade de a\u00e7\u00f5es direcionadas de combate ao desmatamento.<\/p>\n<blockquote>\n<p>&#8220;A derrubada passou de 419 km\u00b2 de janeiro a mar\u00e7o de 2025 para 348 km\u00b2 no mesmo per\u00edodo deste ano. Chamamos a aten\u00e7\u00e3o, no entanto, para o aumento pontual em mar\u00e7o de 17%. Isso refor\u00e7a a import\u00e2ncia dos governos seguirem com as a\u00e7\u00f5es de fiscaliza\u00e7\u00e3o e puni\u00e7\u00e3o dos desmatadores ilegais nos pr\u00f3ximos meses, para que consigamos seguir com a tend\u00eancia de queda.&#8221;<\/p>\n<\/blockquote>\n<p>Entre as unidades de conserva\u00e7\u00e3o, um destaque negativo foi a \u00c1rea de Prote\u00e7\u00e3o Ambiental Triunfo do Xingu. Sozinha, essa \u00e1rea perdeu o equivalente a mais de 3.000 campos de futebol \u2014 ou seja, mais de 95% da \u00e1rea desmatada dentro do munic\u00edpio S\u00e3o F\u00e9lix do Xingu, no Par\u00e1, que j\u00e1 \u00e9 o quinto mais desmatado da Amaz\u00f4nia no per\u00edodo.<\/p>\n<p>  <span class=\"hms hms-format-m-ss\">2:09<\/span><\/p>\n","protected":false},"excerpt":{"rendered":"<p>O primeiro trimestre de 2026 fechou com queda de 17% no desmatamento da Amaz\u00f4nia. Os dados s\u00e3o do Imazon. Entre janeiro e mar\u00e7o deste ano, a derrubada da floresta amaz\u00f4nica teve uma redu\u00e7\u00e3o equivalente a 7.000 campos de futebol. Essa tend\u00eancia de queda pode ser percebida a partir de agosto do ano passado, in\u00edcio do [&hellip;]<\/p>\n","protected":false},"author":462,"featured_media":20456,"comment_status":"open","ping_status":"open","sticky":false,"template":"","format":"standard","meta":{"site-sidebar-layout":"default","site-content-layout":"","ast-site-content-layout":"default","site-content-style":"default","site-sidebar-style":"default","ast-global-header-display":"","ast-banner-title-visibility":"","ast-main-header-display":"","ast-hfb-above-header-display":"","ast-hfb-below-header-display":"","ast-hfb-mobile-header-display":"","site-post-title":"","ast-breadcrumbs-content":"","ast-featured-img":"","footer-sml-layout":"","ast-disable-related-posts":"","theme-transparent-header-meta":"","adv-header-id-meta":"","stick-header-meta":"","header-above-stick-meta":"","header-main-stick-meta":"","header-below-stick-meta":"","astra-migrate-meta-layouts":"default","ast-page-background-enabled":"default","ast-page-background-meta":{"desktop":{"background-color":"var(--ast-global-color-4)","background-image":"","background-repeat":"repeat","background-position":"center center","background-size":"auto","background-attachment":"scroll","background-type":"","background-media":"","overlay-type":"","overlay-color":"","overlay-opacity":"","overlay-gradient":""},"tablet":{"background-color":"","background-image":"","background-repeat":"repeat","background-position":"center center","background-size":"auto","background-attachment":"scroll","background-type":"","background-media":"","overlay-type":"","overlay-color":"","overlay-opacity":"","overlay-gradient":""},"mobile":{"background-color":"","background-image":"","background-repeat":"repeat","background-position":"center center","background-size":"auto","background-attachment":"scroll","background-type":"","background-media":"","overlay-type":"","overlay-color":"","overlay-opacity":"","overlay-gradient":""}},"ast-content-background-meta":{"desktop":{"background-color":"var(--ast-global-color-5)","background-image":"","background-repeat":"repeat","background-position":"center center","background-size":"auto","background-attachment":"scroll","background-type":"","background-media":"","overlay-type":"","overlay-color":"","overlay-opacity":"","overlay-gradient":""},"tablet":{"background-color":"var(--ast-global-color-5)","background-image":"","background-repeat":"repeat","background-position":"center center","background-size":"auto","background-attachment":"scroll","background-type":"","background-media":"","overlay-type":"","overlay-color":"","overlay-opacity":"","overlay-gradient":""},"mobile":{"background-color":"var(--ast-global-color-5)","background-image":"","background-repeat":"repeat","background-position":"center center","background-size":"auto","background-attachment":"scroll","background-type":"","background-media":"","overlay-type":"","overlay-color":"","overlay-opacity":"","overlay-gradient":""}},"footnotes":""},"categories":[6],"tags":[],"class_list":["post-20455","post","type-post","status-publish","format-standard","has-post-thumbnail","hentry","category-meio-ambiente-e-sustentabilidade"],"yoast_head":"<!-- This site is optimized with the Yoast SEO Premium plugin v23.6 (Yoast SEO v27.4) - https:\/\/yoast.com\/product\/yoast-seo-premium-wordpress\/ -->\n<title>Desmatamento na Amaz\u00f4nia cai 17% no primeiro trimestre de 2026 - Divulgue MS<\/title>\n<meta name=\"robots\" content=\"index, follow, max-snippet:-1, max-image-preview:large, max-video-preview:-1\" \/>\n<link rel=\"canonical\" href=\"https:\/\/divulguems.com.br\/?p=20455\" \/>\n<meta property=\"og:locale\" content=\"pt_BR\" \/>\n<meta property=\"og:type\" content=\"article\" \/>\n<meta property=\"og:title\" content=\"Desmatamento na Amaz\u00f4nia cai 17% no primeiro trimestre de 2026\" \/>\n<meta property=\"og:description\" content=\"O primeiro trimestre de 2026 fechou com queda de 17% no desmatamento da Amaz\u00f4nia. Os dados s\u00e3o do Imazon. Entre janeiro e mar\u00e7o deste ano, a derrubada da floresta amaz\u00f4nica teve uma redu\u00e7\u00e3o equivalente a 7.000 campos de futebol. Essa tend\u00eancia de queda pode ser percebida a partir de agosto do ano passado, in\u00edcio do [&hellip;]\" \/>\n<meta property=\"og:url\" content=\"https:\/\/divulguems.com.br\/?p=20455\" \/>\n<meta property=\"og:site_name\" content=\"Divulgue MS\" \/>\n<meta property=\"article:publisher\" content=\"https:\/\/www.facebook.com\/portalinfocobrasil\" \/>\n<meta property=\"article:published_time\" content=\"2026-04-29T01:51:08+00:00\" \/>\n<meta property=\"og:image\" content=\"https:\/\/agenciabrasil.ebc.com.br\/ebc.png?id=1687521&o=rss\" \/>\n<meta name=\"author\" content=\"Gabriel Correa - Reporter da Radio Nacional\" \/>\n<meta name=\"twitter:card\" content=\"summary_large_image\" \/>\n<meta name=\"twitter:label1\" content=\"Escrito por\" \/>\n\t<meta name=\"twitter:data1\" content=\"Gabriel Correa - Reporter da Radio Nacional\" \/>\n\t<meta name=\"twitter:label2\" content=\"Est. tempo de leitura\" \/>\n\t<meta name=\"twitter:data2\" content=\"2 minutos\" \/>\n<script type=\"application\/ld+json\" class=\"yoast-schema-graph\">{\"@context\":\"https:\\\/\\\/schema.org\",\"@graph\":[{\"@type\":\"Article\",\"@id\":\"https:\\\/\\\/divulguems.com.br\\\/?p=20455#article\",\"isPartOf\":{\"@id\":\"https:\\\/\\\/divulguems.com.br\\\/?p=20455\"},\"author\":{\"name\":\"Gabriel Correa - Reporter da Radio Nacional\",\"@id\":\"https:\\\/\\\/divulguems.com.br\\\/#\\\/schema\\\/person\\\/bfbb07e5a4582d8bf62a8eda3732c750\"},\"headline\":\"Desmatamento na Amaz\u00f4nia cai 17% no primeiro trimestre de 2026\",\"datePublished\":\"2026-04-29T01:51:08+00:00\",\"mainEntityOfPage\":{\"@id\":\"https:\\\/\\\/divulguems.com.br\\\/?p=20455\"},\"wordCount\":370,\"commentCount\":0,\"publisher\":{\"@id\":\"https:\\\/\\\/divulguems.com.br\\\/#organization\"},\"image\":{\"@id\":\"https:\\\/\\\/divulguems.com.br\\\/?p=20455#primaryimage\"},\"thumbnailUrl\":\"https:\\\/\\\/divulguems.com.br\\\/wp-content\\\/uploads\\\/2026\\\/04\\\/20455-desmatamento-na-amazonia-cai-17-no-primeiro-trimestre-de-2026.jpeg\",\"articleSection\":[\"Meio Ambiente e Sustentabilidade\"],\"inLanguage\":\"pt-BR\",\"potentialAction\":[{\"@type\":\"CommentAction\",\"name\":\"Comment\",\"target\":[\"https:\\\/\\\/divulguems.com.br\\\/?p=20455#respond\"]}]},{\"@type\":\"WebPage\",\"@id\":\"https:\\\/\\\/divulguems.com.br\\\/?p=20455\",\"url\":\"https:\\\/\\\/divulguems.com.br\\\/?p=20455\",\"name\":\"Desmatamento na Amaz\u00f4nia cai 17% no primeiro trimestre de 2026 - Divulgue MS\",\"isPartOf\":{\"@id\":\"https:\\\/\\\/divulguems.com.br\\\/#website\"},\"primaryImageOfPage\":{\"@id\":\"https:\\\/\\\/divulguems.com.br\\\/?p=20455#primaryimage\"},\"image\":{\"@id\":\"https:\\\/\\\/divulguems.com.br\\\/?p=20455#primaryimage\"},\"thumbnailUrl\":\"https:\\\/\\\/divulguems.com.br\\\/wp-content\\\/uploads\\\/2026\\\/04\\\/20455-desmatamento-na-amazonia-cai-17-no-primeiro-trimestre-de-2026.jpeg\",\"datePublished\":\"2026-04-29T01:51:08+00:00\",\"breadcrumb\":{\"@id\":\"https:\\\/\\\/divulguems.com.br\\\/?p=20455#breadcrumb\"},\"inLanguage\":\"pt-BR\",\"potentialAction\":[{\"@type\":\"ReadAction\",\"target\":[\"https:\\\/\\\/divulguems.com.br\\\/?p=20455\"]}]},{\"@type\":\"ImageObject\",\"inLanguage\":\"pt-BR\",\"@id\":\"https:\\\/\\\/divulguems.com.br\\\/?p=20455#primaryimage\",\"url\":\"https:\\\/\\\/divulguems.com.br\\\/wp-content\\\/uploads\\\/2026\\\/04\\\/20455-desmatamento-na-amazonia-cai-17-no-primeiro-trimestre-de-2026.jpeg\",\"contentUrl\":\"https:\\\/\\\/divulguems.com.br\\\/wp-content\\\/uploads\\\/2026\\\/04\\\/20455-desmatamento-na-amazonia-cai-17-no-primeiro-trimestre-de-2026.jpeg\",\"width\":1600,\"height\":800,\"caption\":\"Desmatamento na Amaz\u00f4nia cai 17% no primeiro trimestre de 2026\"},{\"@type\":\"BreadcrumbList\",\"@id\":\"https:\\\/\\\/divulguems.com.br\\\/?p=20455#breadcrumb\",\"itemListElement\":[{\"@type\":\"ListItem\",\"position\":1,\"name\":\"In\u00edcio\",\"item\":\"https:\\\/\\\/divulguems.com.br\\\/\"},{\"@type\":\"ListItem\",\"position\":2,\"name\":\"Desmatamento na Amaz\u00f4nia cai 17% no primeiro trimestre de 2026\"}]},{\"@type\":\"WebSite\",\"@id\":\"https:\\\/\\\/divulguems.com.br\\\/#website\",\"url\":\"https:\\\/\\\/divulguems.com.br\\\/\",\"name\":\"Portal Infoco Brasil\",\"description\":\"L\u00edder de audi\u00eancia.\",\"publisher\":{\"@id\":\"https:\\\/\\\/divulguems.com.br\\\/#organization\"},\"potentialAction\":[{\"@type\":\"SearchAction\",\"target\":{\"@type\":\"EntryPoint\",\"urlTemplate\":\"https:\\\/\\\/divulguems.com.br\\\/?s={search_term_string}\"},\"query-input\":{\"@type\":\"PropertyValueSpecification\",\"valueRequired\":true,\"valueName\":\"search_term_string\"}}],\"inLanguage\":\"pt-BR\"},{\"@type\":\"Organization\",\"@id\":\"https:\\\/\\\/divulguems.com.br\\\/#organization\",\"name\":\"Portal Infoco Brasil\",\"url\":\"https:\\\/\\\/divulguems.com.br\\\/\",\"logo\":{\"@type\":\"ImageObject\",\"inLanguage\":\"pt-BR\",\"@id\":\"https:\\\/\\\/divulguems.com.br\\\/#\\\/schema\\\/logo\\\/image\\\/\",\"url\":\"https:\\\/\\\/divulguems.com.br\\\/wp-content\\\/uploads\\\/2025\\\/04\\\/LOGO-PNG-AZUL.png\",\"contentUrl\":\"https:\\\/\\\/divulguems.com.br\\\/wp-content\\\/uploads\\\/2025\\\/04\\\/LOGO-PNG-AZUL.png\",\"width\":1166,\"height\":475,\"caption\":\"Portal Infoco Brasil\"},\"image\":{\"@id\":\"https:\\\/\\\/divulguems.com.br\\\/#\\\/schema\\\/logo\\\/image\\\/\"},\"sameAs\":[\"https:\\\/\\\/www.facebook.com\\\/portalinfocobrasil\",\"https:\\\/\\\/www.instagram.com\\\/portalinfocobrasil\"]},{\"@type\":\"Person\",\"@id\":\"https:\\\/\\\/divulguems.com.br\\\/#\\\/schema\\\/person\\\/bfbb07e5a4582d8bf62a8eda3732c750\",\"name\":\"Gabriel Correa - Reporter da Radio Nacional\",\"image\":{\"@type\":\"ImageObject\",\"inLanguage\":\"pt-BR\",\"@id\":\"https:\\\/\\\/secure.gravatar.com\\\/avatar\\\/3b9126790d0616b677f1d200d8072fabf7b9a471c8e68b733cb7d7d25e3567fa?s=96&d=mm&r=g\",\"url\":\"https:\\\/\\\/secure.gravatar.com\\\/avatar\\\/3b9126790d0616b677f1d200d8072fabf7b9a471c8e68b733cb7d7d25e3567fa?s=96&d=mm&r=g\",\"contentUrl\":\"https:\\\/\\\/secure.gravatar.com\\\/avatar\\\/3b9126790d0616b677f1d200d8072fabf7b9a471c8e68b733cb7d7d25e3567fa?s=96&d=mm&r=g\",\"caption\":\"Gabriel Correa - Reporter da Radio Nacional\"},\"url\":\"https:\\\/\\\/divulguems.com.br\\\/?author=462\"}]}<\/script>\n<!-- \/ Yoast SEO Premium plugin. -->","yoast_head_json":{"title":"Desmatamento na Amaz\u00f4nia cai 17% no primeiro trimestre de 2026 - Divulgue MS","robots":{"index":"index","follow":"follow","max-snippet":"max-snippet:-1","max-image-preview":"max-image-preview:large","max-video-preview":"max-video-preview:-1"},"canonical":"https:\/\/divulguems.com.br\/?p=20455","og_locale":"pt_BR","og_type":"article","og_title":"Desmatamento na Amaz\u00f4nia cai 17% no primeiro trimestre de 2026","og_description":"O primeiro trimestre de 2026 fechou com queda de 17% no desmatamento da Amaz\u00f4nia. Os dados s\u00e3o do Imazon. Entre janeiro e mar\u00e7o deste ano, a derrubada da floresta amaz\u00f4nica teve uma redu\u00e7\u00e3o equivalente a 7.000 campos de futebol. Essa tend\u00eancia de queda pode ser percebida a partir de agosto do ano passado, in\u00edcio do [&hellip;]","og_url":"https:\/\/divulguems.com.br\/?p=20455","og_site_name":"Divulgue MS","article_publisher":"https:\/\/www.facebook.com\/portalinfocobrasil","article_published_time":"2026-04-29T01:51:08+00:00","og_image":[{"url":"https:\/\/agenciabrasil.ebc.com.br\/ebc.png?id=1687521&o=rss","type":"","width":"","height":""}],"author":"Gabriel Correa - Reporter da Radio Nacional","twitter_card":"summary_large_image","twitter_misc":{"Escrito por":"Gabriel Correa - Reporter da Radio Nacional","Est. tempo de leitura":"2 minutos"},"schema":{"@context":"https:\/\/schema.org","@graph":[{"@type":"Article","@id":"https:\/\/divulguems.com.br\/?p=20455#article","isPartOf":{"@id":"https:\/\/divulguems.com.br\/?p=20455"},"author":{"name":"Gabriel Correa - Reporter da Radio Nacional","@id":"https:\/\/divulguems.com.br\/#\/schema\/person\/bfbb07e5a4582d8bf62a8eda3732c750"},"headline":"Desmatamento na Amaz\u00f4nia cai 17% no primeiro trimestre de 2026","datePublished":"2026-04-29T01:51:08+00:00","mainEntityOfPage":{"@id":"https:\/\/divulguems.com.br\/?p=20455"},"wordCount":370,"commentCount":0,"publisher":{"@id":"https:\/\/divulguems.com.br\/#organization"},"image":{"@id":"https:\/\/divulguems.com.br\/?p=20455#primaryimage"},"thumbnailUrl":"https:\/\/divulguems.com.br\/wp-content\/uploads\/2026\/04\/20455-desmatamento-na-amazonia-cai-17-no-primeiro-trimestre-de-2026.jpeg","articleSection":["Meio Ambiente e Sustentabilidade"],"inLanguage":"pt-BR","potentialAction":[{"@type":"CommentAction","name":"Comment","target":["https:\/\/divulguems.com.br\/?p=20455#respond"]}]},{"@type":"WebPage","@id":"https:\/\/divulguems.com.br\/?p=20455","url":"https:\/\/divulguems.com.br\/?p=20455","name":"Desmatamento na Amaz\u00f4nia cai 17% no primeiro trimestre de 2026 - Divulgue MS","isPartOf":{"@id":"https:\/\/divulguems.com.br\/#website"},"primaryImageOfPage":{"@id":"https:\/\/divulguems.com.br\/?p=20455#primaryimage"},"image":{"@id":"https:\/\/divulguems.com.br\/?p=20455#primaryimage"},"thumbnailUrl":"https:\/\/divulguems.com.br\/wp-content\/uploads\/2026\/04\/20455-desmatamento-na-amazonia-cai-17-no-primeiro-trimestre-de-2026.jpeg","datePublished":"2026-04-29T01:51:08+00:00","breadcrumb":{"@id":"https:\/\/divulguems.com.br\/?p=20455#breadcrumb"},"inLanguage":"pt-BR","potentialAction":[{"@type":"ReadAction","target":["https:\/\/divulguems.com.br\/?p=20455"]}]},{"@type":"ImageObject","inLanguage":"pt-BR","@id":"https:\/\/divulguems.com.br\/?p=20455#primaryimage","url":"https:\/\/divulguems.com.br\/wp-content\/uploads\/2026\/04\/20455-desmatamento-na-amazonia-cai-17-no-primeiro-trimestre-de-2026.jpeg","contentUrl":"https:\/\/divulguems.com.br\/wp-content\/uploads\/2026\/04\/20455-desmatamento-na-amazonia-cai-17-no-primeiro-trimestre-de-2026.jpeg","width":1600,"height":800,"caption":"Desmatamento na Amaz\u00f4nia cai 17% no primeiro trimestre de 2026"},{"@type":"BreadcrumbList","@id":"https:\/\/divulguems.com.br\/?p=20455#breadcrumb","itemListElement":[{"@type":"ListItem","position":1,"name":"In\u00edcio","item":"https:\/\/divulguems.com.br\/"},{"@type":"ListItem","position":2,"name":"Desmatamento na Amaz\u00f4nia cai 17% no primeiro trimestre de 2026"}]},{"@type":"WebSite","@id":"https:\/\/divulguems.com.br\/#website","url":"https:\/\/divulguems.com.br\/","name":"Portal Infoco Brasil","description":"L\u00edder de audi\u00eancia.","publisher":{"@id":"https:\/\/divulguems.com.br\/#organization"},"potentialAction":[{"@type":"SearchAction","target":{"@type":"EntryPoint","urlTemplate":"https:\/\/divulguems.com.br\/?s={search_term_string}"},"query-input":{"@type":"PropertyValueSpecification","valueRequired":true,"valueName":"search_term_string"}}],"inLanguage":"pt-BR"},{"@type":"Organization","@id":"https:\/\/divulguems.com.br\/#organization","name":"Portal Infoco Brasil","url":"https:\/\/divulguems.com.br\/","logo":{"@type":"ImageObject","inLanguage":"pt-BR","@id":"https:\/\/divulguems.com.br\/#\/schema\/logo\/image\/","url":"https:\/\/divulguems.com.br\/wp-content\/uploads\/2025\/04\/LOGO-PNG-AZUL.png","contentUrl":"https:\/\/divulguems.com.br\/wp-content\/uploads\/2025\/04\/LOGO-PNG-AZUL.png","width":1166,"height":475,"caption":"Portal Infoco Brasil"},"image":{"@id":"https:\/\/divulguems.com.br\/#\/schema\/logo\/image\/"},"sameAs":["https:\/\/www.facebook.com\/portalinfocobrasil","https:\/\/www.instagram.com\/portalinfocobrasil"]},{"@type":"Person","@id":"https:\/\/divulguems.com.br\/#\/schema\/person\/bfbb07e5a4582d8bf62a8eda3732c750","name":"Gabriel Correa - Reporter da Radio Nacional","image":{"@type":"ImageObject","inLanguage":"pt-BR","@id":"https:\/\/secure.gravatar.com\/avatar\/3b9126790d0616b677f1d200d8072fabf7b9a471c8e68b733cb7d7d25e3567fa?s=96&d=mm&r=g","url":"https:\/\/secure.gravatar.com\/avatar\/3b9126790d0616b677f1d200d8072fabf7b9a471c8e68b733cb7d7d25e3567fa?s=96&d=mm&r=g","contentUrl":"https:\/\/secure.gravatar.com\/avatar\/3b9126790d0616b677f1d200d8072fabf7b9a471c8e68b733cb7d7d25e3567fa?s=96&d=mm&r=g","caption":"Gabriel Correa - Reporter da Radio Nacional"},"url":"https:\/\/divulguems.com.br\/?author=462"}]}},"_links":{"self":[{"href":"https:\/\/divulguems.com.br\/index.php?rest_route=\/wp\/v2\/posts\/20455","targetHints":{"allow":["GET"]}}],"collection":[{"href":"https:\/\/divulguems.com.br\/index.php?rest_route=\/wp\/v2\/posts"}],"about":[{"href":"https:\/\/divulguems.com.br\/index.php?rest_route=\/wp\/v2\/types\/post"}],"author":[{"embeddable":true,"href":"https:\/\/divulguems.com.br\/index.php?rest_route=\/wp\/v2\/users\/462"}],"replies":[{"embeddable":true,"href":"https:\/\/divulguems.com.br\/index.php?rest_route=%2Fwp%2Fv2%2Fcomments&post=20455"}],"version-history":[{"count":0,"href":"https:\/\/divulguems.com.br\/index.php?rest_route=\/wp\/v2\/posts\/20455\/revisions"}],"wp:featuredmedia":[{"embeddable":true,"href":"https:\/\/divulguems.com.br\/index.php?rest_route=\/wp\/v2\/media\/20456"}],"wp:attachment":[{"href":"https:\/\/divulguems.com.br\/index.php?rest_route=%2Fwp%2Fv2%2Fmedia&parent=20455"}],"wp:term":[{"taxonomy":"category","embeddable":true,"href":"https:\/\/divulguems.com.br\/index.php?rest_route=%2Fwp%2Fv2%2Fcategories&post=20455"},{"taxonomy":"post_tag","embeddable":true,"href":"https:\/\/divulguems.com.br\/index.php?rest_route=%2Fwp%2Fv2%2Ftags&post=20455"}],"curies":[{"name":"wp","href":"https:\/\/api.w.org\/{rel}","templated":true}]}}