{"id":20463,"date":"2026-04-29T22:47:39","date_gmt":"2026-04-30T02:47:39","guid":{"rendered":"https:\/\/divulguems.com.br\/?p=20463"},"modified":"2026-04-29T22:47:39","modified_gmt":"2026-04-30T02:47:39","slug":"sp-vanguarda-feminista-da-decada-de-1970-e-tema-de-exposicao-no-mac","status":"publish","type":"post","link":"https:\/\/divulguems.com.br\/?p=20463","title":{"rendered":"SP: Vanguarda feminista da d\u00e9cada de 1970 \u00e9 tema de exposi\u00e7\u00e3o no MAC"},"content":{"rendered":"<p>A constru\u00e7\u00e3o do que era ser mulher na d\u00e9cada de 1970 \u00e9 abordada na exposi\u00e7\u00e3o em cartaz at\u00e9 28 de junho no Museu de Arte Contempor\u00e2nea em S\u00e3o Paulo. Com cerca de 60 obras de artistas da Europa, Am\u00e9ricas e da \u00c1sia, a mostra gratuita denuncia estere\u00f3tipos do que \u00e9 o feminino. A rep\u00f3rter Sarah Quines traz mais informa\u00e7\u00f5es direto da capital paulista, boa noite\u2026\u00a0<img decoding=\"async\" src=\"https:\/\/agenciabrasil.ebc.com.br\/ebc.png?id=1687759&#038;o=rss\"><img decoding=\"async\" src=\"https:\/\/agenciabrasil.ebc.com.br\/ebc.gif?id=1687759&#038;o=rss\"><\/p>\n<p>A Vanguarda Feminista da d\u00e9cada de 1970 est\u00e1 representada nas obras que pertencem \u00e0 uma cole\u00e7\u00e3o de Viena na \u00c1ustria reunidas com trabalhos do acervo do pr\u00f3prio Museu de Arte Contempor\u00e2nea.\u00a0<\/p>\n<p>O p\u00fablico tem a oportunidade de conferir as obras de uma gera\u00e7\u00e3o de feministas que foram pioneiras ao discutir quest\u00f5es sobre o feminino a partir de experimenta\u00e7\u00f5es art\u00edsticas e defenderam a esfera privada como pol\u00edtica. Entre elas, est\u00e1 a tela chamada \u201cO anel de casamento e suas consequ\u00eancias\u201d, da pintora austr\u00edaca Florentina Pakosta, que traz uma imagem de uma mulher decapitada com a alian\u00e7a no dedo.\u00a0<\/p>\n<p>S\u00e3o trabalhos em diferentes formatos: fotografia, v\u00eddeo, filme, desenho e performance, que despertam a reflex\u00e3o sobre casamento, maternidade, padr\u00e3o de beleza, religi\u00e3o, controle sobre o corpo e objetifica\u00e7\u00e3o das mulheres.\u00a0<\/p>\n<p>A mostra est\u00e1 dividida em cinco eixos: esposa, m\u00e3e, dona de casa; aprisionamento\/liberta\u00e7\u00e3o; ditames da beleza\/corpo feminino; sexualidade feminina e identidade\/jogos de representa\u00e7\u00e3o. As divis\u00f5es expressam os diferentes pap\u00e9is sociais impostos \u00e0s mulheres e quest\u00f5es que, mais de 50 anos depois, continuam atuais.\u00a0<\/p>\n<p>A maternidade aparece na fotografia fantasmag\u00f3rica \u201cNoiva Gr\u00e1vida em Cadeira de Rodas\u201d da austr\u00edaca Renate Bertlmann e tamb\u00e9m na colagem \u201cA Madonna dos Nascimentos\u201d de Valie Export, que mostra uma mulher dando \u00e0 luz \u00e0 uma m\u00e1quina de lavar. S\u00e3o exemplos de trabalhos que subvertem o estere\u00f3tipo da mulher como dona de casa e m\u00e3e.\u00a0<\/p>\n<p>A exposi\u00e7\u00e3o \u201cInsurg\u00eancias\u201d fica em cartaz at\u00e9 o dia 28 de junho no Museu de Arte Contempor\u00e2nea da USP, em frente ao Parque Ibirapuera, de ter\u00e7a a domingo.\u00a0<\/p>\n<p>Por conter tem\u00e1ticas de sexo e nudez, a mostra n\u00e3o \u00e9 recomendada para menores de 18 anos.\u00a0\u00a0<\/p>\n<p>  <span class=\"hms hms-format-m-ss\">2:41<\/span><\/p>\n","protected":false},"excerpt":{"rendered":"<p>A constru\u00e7\u00e3o do que era ser mulher na d\u00e9cada de 1970 \u00e9 abordada na exposi\u00e7\u00e3o em cartaz at\u00e9 28 de junho no Museu de Arte Contempor\u00e2nea em S\u00e3o Paulo. Com cerca de 60 obras de artistas da Europa, Am\u00e9ricas e da \u00c1sia, a mostra gratuita denuncia estere\u00f3tipos do que \u00e9 o feminino. A rep\u00f3rter Sarah [&hellip;]<\/p>\n","protected":false},"author":516,"featured_media":20464,"comment_status":"open","ping_status":"open","sticky":false,"template":"","format":"standard","meta":{"site-sidebar-layout":"default","site-content-layout":"","ast-site-content-layout":"default","site-content-style":"default","site-sidebar-style":"default","ast-global-header-display":"","ast-banner-title-visibility":"","ast-main-header-display":"","ast-hfb-above-header-display":"","ast-hfb-below-header-display":"","ast-hfb-mobile-header-display":"","site-post-title":"","ast-breadcrumbs-content":"","ast-featured-img":"","footer-sml-layout":"","ast-disable-related-posts":"","theme-transparent-header-meta":"","adv-header-id-meta":"","stick-header-meta":"","header-above-stick-meta":"","header-main-stick-meta":"","header-below-stick-meta":"","astra-migrate-meta-layouts":"default","ast-page-background-enabled":"default","ast-page-background-meta":{"desktop":{"background-color":"var(--ast-global-color-4)","background-image":"","background-repeat":"repeat","background-position":"center center","background-size":"auto","background-attachment":"scroll","background-type":"","background-media":"","overlay-type":"","overlay-color":"","overlay-opacity":"","overlay-gradient":""},"tablet":{"background-color":"","background-image":"","background-repeat":"repeat","background-position":"center center","background-size":"auto","background-attachment":"scroll","background-type":"","background-media":"","overlay-type":"","overlay-color":"","overlay-opacity":"","overlay-gradient":""},"mobile":{"background-color":"","background-image":"","background-repeat":"repeat","background-position":"center center","background-size":"auto","background-attachment":"scroll","background-type":"","background-media":"","overlay-type":"","overlay-color":"","overlay-opacity":"","overlay-gradient":""}},"ast-content-background-meta":{"desktop":{"background-color":"var(--ast-global-color-5)","background-image":"","background-repeat":"repeat","background-position":"center center","background-size":"auto","background-attachment":"scroll","background-type":"","background-media":"","overlay-type":"","overlay-color":"","overlay-opacity":"","overlay-gradient":""},"tablet":{"background-color":"var(--ast-global-color-5)","background-image":"","background-repeat":"repeat","background-position":"center center","background-size":"auto","background-attachment":"scroll","background-type":"","background-media":"","overlay-type":"","overlay-color":"","overlay-opacity":"","overlay-gradient":""},"mobile":{"background-color":"var(--ast-global-color-5)","background-image":"","background-repeat":"repeat","background-position":"center center","background-size":"auto","background-attachment":"scroll","background-type":"","background-media":"","overlay-type":"","overlay-color":"","overlay-opacity":"","overlay-gradient":""}},"footnotes":""},"categories":[18],"tags":[],"class_list":["post-20463","post","type-post","status-publish","format-standard","has-post-thumbnail","hentry","category-educacao-e-carreiras"],"yoast_head":"<!-- This site is optimized with the Yoast SEO Premium plugin v23.6 (Yoast SEO v27.4) - https:\/\/yoast.com\/product\/yoast-seo-premium-wordpress\/ -->\n<title>SP: Vanguarda feminista da d\u00e9cada de 1970 \u00e9 tema de exposi\u00e7\u00e3o no MAC - Divulgue MS<\/title>\n<meta name=\"robots\" content=\"index, follow, max-snippet:-1, max-image-preview:large, max-video-preview:-1\" \/>\n<link rel=\"canonical\" href=\"https:\/\/divulguems.com.br\/?p=20463\" \/>\n<meta property=\"og:locale\" content=\"pt_BR\" \/>\n<meta property=\"og:type\" content=\"article\" \/>\n<meta property=\"og:title\" content=\"SP: Vanguarda feminista da d\u00e9cada de 1970 \u00e9 tema de exposi\u00e7\u00e3o no MAC\" \/>\n<meta property=\"og:description\" content=\"A constru\u00e7\u00e3o do que era ser mulher na d\u00e9cada de 1970 \u00e9 abordada na exposi\u00e7\u00e3o em cartaz at\u00e9 28 de junho no Museu de Arte Contempor\u00e2nea em S\u00e3o Paulo. Com cerca de 60 obras de artistas da Europa, Am\u00e9ricas e da \u00c1sia, a mostra gratuita denuncia estere\u00f3tipos do que \u00e9 o feminino. A rep\u00f3rter Sarah [&hellip;]\" \/>\n<meta property=\"og:url\" content=\"https:\/\/divulguems.com.br\/?p=20463\" \/>\n<meta property=\"og:site_name\" content=\"Divulgue MS\" \/>\n<meta property=\"article:publisher\" content=\"https:\/\/www.facebook.com\/portalinfocobrasil\" \/>\n<meta property=\"article:published_time\" content=\"2026-04-30T02:47:39+00:00\" \/>\n<meta property=\"og:image\" content=\"https:\/\/agenciabrasil.ebc.com.br\/ebc.png?id=1687759&o=rss\" \/>\n<meta name=\"author\" content=\"Sarah Quines - reporter da Radio Nacional\" \/>\n<meta name=\"twitter:card\" content=\"summary_large_image\" \/>\n<meta name=\"twitter:label1\" content=\"Escrito por\" \/>\n\t<meta name=\"twitter:data1\" content=\"Sarah Quines - reporter da Radio Nacional\" \/>\n\t<meta name=\"twitter:label2\" content=\"Est. tempo de leitura\" \/>\n\t<meta name=\"twitter:data2\" content=\"2 minutos\" \/>\n<script type=\"application\/ld+json\" class=\"yoast-schema-graph\">{\"@context\":\"https:\\\/\\\/schema.org\",\"@graph\":[{\"@type\":\"Article\",\"@id\":\"https:\\\/\\\/divulguems.com.br\\\/?p=20463#article\",\"isPartOf\":{\"@id\":\"https:\\\/\\\/divulguems.com.br\\\/?p=20463\"},\"author\":{\"name\":\"Sarah Quines - reporter da Radio Nacional\",\"@id\":\"https:\\\/\\\/divulguems.com.br\\\/#\\\/schema\\\/person\\\/11e392a05cd5548287f39d3aa901e2e9\"},\"headline\":\"SP: Vanguarda feminista da d\u00e9cada de 1970 \u00e9 tema de exposi\u00e7\u00e3o no MAC\",\"datePublished\":\"2026-04-30T02:47:39+00:00\",\"mainEntityOfPage\":{\"@id\":\"https:\\\/\\\/divulguems.com.br\\\/?p=20463\"},\"wordCount\":386,\"commentCount\":0,\"publisher\":{\"@id\":\"https:\\\/\\\/divulguems.com.br\\\/#organization\"},\"image\":{\"@id\":\"https:\\\/\\\/divulguems.com.br\\\/?p=20463#primaryimage\"},\"thumbnailUrl\":\"https:\\\/\\\/divulguems.com.br\\\/wp-content\\\/uploads\\\/2026\\\/04\\\/20463-sp-vanguarda-feminista-da-decada-de-1970-e-tema-de-exposicao-no-mac.jpg\",\"articleSection\":[\"Educa\u00e7\u00e3o e Carreiras\"],\"inLanguage\":\"pt-BR\",\"potentialAction\":[{\"@type\":\"CommentAction\",\"name\":\"Comment\",\"target\":[\"https:\\\/\\\/divulguems.com.br\\\/?p=20463#respond\"]}]},{\"@type\":\"WebPage\",\"@id\":\"https:\\\/\\\/divulguems.com.br\\\/?p=20463\",\"url\":\"https:\\\/\\\/divulguems.com.br\\\/?p=20463\",\"name\":\"SP: Vanguarda feminista da d\u00e9cada de 1970 \u00e9 tema de exposi\u00e7\u00e3o no MAC - Divulgue MS\",\"isPartOf\":{\"@id\":\"https:\\\/\\\/divulguems.com.br\\\/#website\"},\"primaryImageOfPage\":{\"@id\":\"https:\\\/\\\/divulguems.com.br\\\/?p=20463#primaryimage\"},\"image\":{\"@id\":\"https:\\\/\\\/divulguems.com.br\\\/?p=20463#primaryimage\"},\"thumbnailUrl\":\"https:\\\/\\\/divulguems.com.br\\\/wp-content\\\/uploads\\\/2026\\\/04\\\/20463-sp-vanguarda-feminista-da-decada-de-1970-e-tema-de-exposicao-no-mac.jpg\",\"datePublished\":\"2026-04-30T02:47:39+00:00\",\"breadcrumb\":{\"@id\":\"https:\\\/\\\/divulguems.com.br\\\/?p=20463#breadcrumb\"},\"inLanguage\":\"pt-BR\",\"potentialAction\":[{\"@type\":\"ReadAction\",\"target\":[\"https:\\\/\\\/divulguems.com.br\\\/?p=20463\"]}]},{\"@type\":\"ImageObject\",\"inLanguage\":\"pt-BR\",\"@id\":\"https:\\\/\\\/divulguems.com.br\\\/?p=20463#primaryimage\",\"url\":\"https:\\\/\\\/divulguems.com.br\\\/wp-content\\\/uploads\\\/2026\\\/04\\\/20463-sp-vanguarda-feminista-da-decada-de-1970-e-tema-de-exposicao-no-mac.jpg\",\"contentUrl\":\"https:\\\/\\\/divulguems.com.br\\\/wp-content\\\/uploads\\\/2026\\\/04\\\/20463-sp-vanguarda-feminista-da-decada-de-1970-e-tema-de-exposicao-no-mac.jpg\",\"width\":1600,\"height\":800,\"caption\":\"SP: Vanguarda feminista da d\u00e9cada de 1970 \u00e9 tema de exposi\u00e7\u00e3o no MAC\"},{\"@type\":\"BreadcrumbList\",\"@id\":\"https:\\\/\\\/divulguems.com.br\\\/?p=20463#breadcrumb\",\"itemListElement\":[{\"@type\":\"ListItem\",\"position\":1,\"name\":\"In\u00edcio\",\"item\":\"https:\\\/\\\/divulguems.com.br\\\/\"},{\"@type\":\"ListItem\",\"position\":2,\"name\":\"SP: Vanguarda feminista da d\u00e9cada de 1970 \u00e9 tema de exposi\u00e7\u00e3o no MAC\"}]},{\"@type\":\"WebSite\",\"@id\":\"https:\\\/\\\/divulguems.com.br\\\/#website\",\"url\":\"https:\\\/\\\/divulguems.com.br\\\/\",\"name\":\"Portal Infoco Brasil\",\"description\":\"L\u00edder de audi\u00eancia.\",\"publisher\":{\"@id\":\"https:\\\/\\\/divulguems.com.br\\\/#organization\"},\"potentialAction\":[{\"@type\":\"SearchAction\",\"target\":{\"@type\":\"EntryPoint\",\"urlTemplate\":\"https:\\\/\\\/divulguems.com.br\\\/?s={search_term_string}\"},\"query-input\":{\"@type\":\"PropertyValueSpecification\",\"valueRequired\":true,\"valueName\":\"search_term_string\"}}],\"inLanguage\":\"pt-BR\"},{\"@type\":\"Organization\",\"@id\":\"https:\\\/\\\/divulguems.com.br\\\/#organization\",\"name\":\"Portal Infoco Brasil\",\"url\":\"https:\\\/\\\/divulguems.com.br\\\/\",\"logo\":{\"@type\":\"ImageObject\",\"inLanguage\":\"pt-BR\",\"@id\":\"https:\\\/\\\/divulguems.com.br\\\/#\\\/schema\\\/logo\\\/image\\\/\",\"url\":\"https:\\\/\\\/divulguems.com.br\\\/wp-content\\\/uploads\\\/2025\\\/04\\\/LOGO-PNG-AZUL.png\",\"contentUrl\":\"https:\\\/\\\/divulguems.com.br\\\/wp-content\\\/uploads\\\/2025\\\/04\\\/LOGO-PNG-AZUL.png\",\"width\":1166,\"height\":475,\"caption\":\"Portal Infoco Brasil\"},\"image\":{\"@id\":\"https:\\\/\\\/divulguems.com.br\\\/#\\\/schema\\\/logo\\\/image\\\/\"},\"sameAs\":[\"https:\\\/\\\/www.facebook.com\\\/portalinfocobrasil\",\"https:\\\/\\\/www.instagram.com\\\/portalinfocobrasil\"]},{\"@type\":\"Person\",\"@id\":\"https:\\\/\\\/divulguems.com.br\\\/#\\\/schema\\\/person\\\/11e392a05cd5548287f39d3aa901e2e9\",\"name\":\"Sarah Quines - reporter da Radio Nacional\",\"image\":{\"@type\":\"ImageObject\",\"inLanguage\":\"pt-BR\",\"@id\":\"https:\\\/\\\/secure.gravatar.com\\\/avatar\\\/7f6ea5ba1d5562a8751af9c355e2b1de359a3de42d41e06eceabd5615318a165?s=96&d=mm&r=g\",\"url\":\"https:\\\/\\\/secure.gravatar.com\\\/avatar\\\/7f6ea5ba1d5562a8751af9c355e2b1de359a3de42d41e06eceabd5615318a165?s=96&d=mm&r=g\",\"contentUrl\":\"https:\\\/\\\/secure.gravatar.com\\\/avatar\\\/7f6ea5ba1d5562a8751af9c355e2b1de359a3de42d41e06eceabd5615318a165?s=96&d=mm&r=g\",\"caption\":\"Sarah Quines - reporter da Radio Nacional\"},\"url\":\"https:\\\/\\\/divulguems.com.br\\\/?author=516\"}]}<\/script>\n<!-- \/ Yoast SEO Premium plugin. -->","yoast_head_json":{"title":"SP: Vanguarda feminista da d\u00e9cada de 1970 \u00e9 tema de exposi\u00e7\u00e3o no MAC - Divulgue MS","robots":{"index":"index","follow":"follow","max-snippet":"max-snippet:-1","max-image-preview":"max-image-preview:large","max-video-preview":"max-video-preview:-1"},"canonical":"https:\/\/divulguems.com.br\/?p=20463","og_locale":"pt_BR","og_type":"article","og_title":"SP: Vanguarda feminista da d\u00e9cada de 1970 \u00e9 tema de exposi\u00e7\u00e3o no MAC","og_description":"A constru\u00e7\u00e3o do que era ser mulher na d\u00e9cada de 1970 \u00e9 abordada na exposi\u00e7\u00e3o em cartaz at\u00e9 28 de junho no Museu de Arte Contempor\u00e2nea em S\u00e3o Paulo. Com cerca de 60 obras de artistas da Europa, Am\u00e9ricas e da \u00c1sia, a mostra gratuita denuncia estere\u00f3tipos do que \u00e9 o feminino. A rep\u00f3rter Sarah [&hellip;]","og_url":"https:\/\/divulguems.com.br\/?p=20463","og_site_name":"Divulgue MS","article_publisher":"https:\/\/www.facebook.com\/portalinfocobrasil","article_published_time":"2026-04-30T02:47:39+00:00","og_image":[{"url":"https:\/\/agenciabrasil.ebc.com.br\/ebc.png?id=1687759&o=rss","type":"","width":"","height":""}],"author":"Sarah Quines - reporter da Radio Nacional","twitter_card":"summary_large_image","twitter_misc":{"Escrito por":"Sarah Quines - reporter da Radio Nacional","Est. tempo de leitura":"2 minutos"},"schema":{"@context":"https:\/\/schema.org","@graph":[{"@type":"Article","@id":"https:\/\/divulguems.com.br\/?p=20463#article","isPartOf":{"@id":"https:\/\/divulguems.com.br\/?p=20463"},"author":{"name":"Sarah Quines - reporter da Radio Nacional","@id":"https:\/\/divulguems.com.br\/#\/schema\/person\/11e392a05cd5548287f39d3aa901e2e9"},"headline":"SP: Vanguarda feminista da d\u00e9cada de 1970 \u00e9 tema de exposi\u00e7\u00e3o no MAC","datePublished":"2026-04-30T02:47:39+00:00","mainEntityOfPage":{"@id":"https:\/\/divulguems.com.br\/?p=20463"},"wordCount":386,"commentCount":0,"publisher":{"@id":"https:\/\/divulguems.com.br\/#organization"},"image":{"@id":"https:\/\/divulguems.com.br\/?p=20463#primaryimage"},"thumbnailUrl":"https:\/\/divulguems.com.br\/wp-content\/uploads\/2026\/04\/20463-sp-vanguarda-feminista-da-decada-de-1970-e-tema-de-exposicao-no-mac.jpg","articleSection":["Educa\u00e7\u00e3o e Carreiras"],"inLanguage":"pt-BR","potentialAction":[{"@type":"CommentAction","name":"Comment","target":["https:\/\/divulguems.com.br\/?p=20463#respond"]}]},{"@type":"WebPage","@id":"https:\/\/divulguems.com.br\/?p=20463","url":"https:\/\/divulguems.com.br\/?p=20463","name":"SP: Vanguarda feminista da d\u00e9cada de 1970 \u00e9 tema de exposi\u00e7\u00e3o no MAC - Divulgue MS","isPartOf":{"@id":"https:\/\/divulguems.com.br\/#website"},"primaryImageOfPage":{"@id":"https:\/\/divulguems.com.br\/?p=20463#primaryimage"},"image":{"@id":"https:\/\/divulguems.com.br\/?p=20463#primaryimage"},"thumbnailUrl":"https:\/\/divulguems.com.br\/wp-content\/uploads\/2026\/04\/20463-sp-vanguarda-feminista-da-decada-de-1970-e-tema-de-exposicao-no-mac.jpg","datePublished":"2026-04-30T02:47:39+00:00","breadcrumb":{"@id":"https:\/\/divulguems.com.br\/?p=20463#breadcrumb"},"inLanguage":"pt-BR","potentialAction":[{"@type":"ReadAction","target":["https:\/\/divulguems.com.br\/?p=20463"]}]},{"@type":"ImageObject","inLanguage":"pt-BR","@id":"https:\/\/divulguems.com.br\/?p=20463#primaryimage","url":"https:\/\/divulguems.com.br\/wp-content\/uploads\/2026\/04\/20463-sp-vanguarda-feminista-da-decada-de-1970-e-tema-de-exposicao-no-mac.jpg","contentUrl":"https:\/\/divulguems.com.br\/wp-content\/uploads\/2026\/04\/20463-sp-vanguarda-feminista-da-decada-de-1970-e-tema-de-exposicao-no-mac.jpg","width":1600,"height":800,"caption":"SP: Vanguarda feminista da d\u00e9cada de 1970 \u00e9 tema de exposi\u00e7\u00e3o no MAC"},{"@type":"BreadcrumbList","@id":"https:\/\/divulguems.com.br\/?p=20463#breadcrumb","itemListElement":[{"@type":"ListItem","position":1,"name":"In\u00edcio","item":"https:\/\/divulguems.com.br\/"},{"@type":"ListItem","position":2,"name":"SP: Vanguarda feminista da d\u00e9cada de 1970 \u00e9 tema de exposi\u00e7\u00e3o no MAC"}]},{"@type":"WebSite","@id":"https:\/\/divulguems.com.br\/#website","url":"https:\/\/divulguems.com.br\/","name":"Portal Infoco Brasil","description":"L\u00edder de audi\u00eancia.","publisher":{"@id":"https:\/\/divulguems.com.br\/#organization"},"potentialAction":[{"@type":"SearchAction","target":{"@type":"EntryPoint","urlTemplate":"https:\/\/divulguems.com.br\/?s={search_term_string}"},"query-input":{"@type":"PropertyValueSpecification","valueRequired":true,"valueName":"search_term_string"}}],"inLanguage":"pt-BR"},{"@type":"Organization","@id":"https:\/\/divulguems.com.br\/#organization","name":"Portal Infoco Brasil","url":"https:\/\/divulguems.com.br\/","logo":{"@type":"ImageObject","inLanguage":"pt-BR","@id":"https:\/\/divulguems.com.br\/#\/schema\/logo\/image\/","url":"https:\/\/divulguems.com.br\/wp-content\/uploads\/2025\/04\/LOGO-PNG-AZUL.png","contentUrl":"https:\/\/divulguems.com.br\/wp-content\/uploads\/2025\/04\/LOGO-PNG-AZUL.png","width":1166,"height":475,"caption":"Portal Infoco Brasil"},"image":{"@id":"https:\/\/divulguems.com.br\/#\/schema\/logo\/image\/"},"sameAs":["https:\/\/www.facebook.com\/portalinfocobrasil","https:\/\/www.instagram.com\/portalinfocobrasil"]},{"@type":"Person","@id":"https:\/\/divulguems.com.br\/#\/schema\/person\/11e392a05cd5548287f39d3aa901e2e9","name":"Sarah Quines - reporter da Radio Nacional","image":{"@type":"ImageObject","inLanguage":"pt-BR","@id":"https:\/\/secure.gravatar.com\/avatar\/7f6ea5ba1d5562a8751af9c355e2b1de359a3de42d41e06eceabd5615318a165?s=96&d=mm&r=g","url":"https:\/\/secure.gravatar.com\/avatar\/7f6ea5ba1d5562a8751af9c355e2b1de359a3de42d41e06eceabd5615318a165?s=96&d=mm&r=g","contentUrl":"https:\/\/secure.gravatar.com\/avatar\/7f6ea5ba1d5562a8751af9c355e2b1de359a3de42d41e06eceabd5615318a165?s=96&d=mm&r=g","caption":"Sarah Quines - reporter da Radio Nacional"},"url":"https:\/\/divulguems.com.br\/?author=516"}]}},"_links":{"self":[{"href":"https:\/\/divulguems.com.br\/index.php?rest_route=\/wp\/v2\/posts\/20463","targetHints":{"allow":["GET"]}}],"collection":[{"href":"https:\/\/divulguems.com.br\/index.php?rest_route=\/wp\/v2\/posts"}],"about":[{"href":"https:\/\/divulguems.com.br\/index.php?rest_route=\/wp\/v2\/types\/post"}],"author":[{"embeddable":true,"href":"https:\/\/divulguems.com.br\/index.php?rest_route=\/wp\/v2\/users\/516"}],"replies":[{"embeddable":true,"href":"https:\/\/divulguems.com.br\/index.php?rest_route=%2Fwp%2Fv2%2Fcomments&post=20463"}],"version-history":[{"count":0,"href":"https:\/\/divulguems.com.br\/index.php?rest_route=\/wp\/v2\/posts\/20463\/revisions"}],"wp:featuredmedia":[{"embeddable":true,"href":"https:\/\/divulguems.com.br\/index.php?rest_route=\/wp\/v2\/media\/20464"}],"wp:attachment":[{"href":"https:\/\/divulguems.com.br\/index.php?rest_route=%2Fwp%2Fv2%2Fmedia&parent=20463"}],"wp:term":[{"taxonomy":"category","embeddable":true,"href":"https:\/\/divulguems.com.br\/index.php?rest_route=%2Fwp%2Fv2%2Fcategories&post=20463"},{"taxonomy":"post_tag","embeddable":true,"href":"https:\/\/divulguems.com.br\/index.php?rest_route=%2Fwp%2Fv2%2Ftags&post=20463"}],"curies":[{"name":"wp","href":"https:\/\/api.w.org\/{rel}","templated":true}]}}