{"id":20465,"date":"2026-04-29T22:47:40","date_gmt":"2026-04-30T02:47:40","guid":{"rendered":"https:\/\/divulguems.com.br\/?p=20465"},"modified":"2026-04-29T22:47:40","modified_gmt":"2026-04-30T02:47:40","slug":"entidades-do-setor-produtivo-cobram-cortes-maiores-da-selic","status":"publish","type":"post","link":"https:\/\/divulguems.com.br\/?p=20465","title":{"rendered":"Entidades do setor produtivo cobram cortes maiores da Selic"},"content":{"rendered":"<\/p>\n<p><a class=\"\" href=\"https:\/\/agenciabrasil.ebc.com.br\/economia\/noticia\/2026-04\/entidades-do-setor-produtivo-cobram-cortes-maiores-da-selic\"><br \/>\n                    <img decoding=\"async\" src=\"https:\/\/cdn.jsdelivr.net\/gh\/sergiosdlima\/assets-ebc@1.0.0\/abr\/assets\/images\/logo-agenciabrasil.svg\" alt=\"Logo Ag\u00eancia Brasil\"><br \/>\n\t\t\t\t<\/a><\/p>\n<p><strong>A redu\u00e7\u00e3o de 0,25 ponto percentual na taxa b\u00e1sica de juros, anunciada pelo Comit\u00ea de Pol\u00edtica Monet\u00e1ria (Copom), foi considerada insuficiente por entidades do setor produtivo e por representantes sindicais, que apontam efeitos negativos sobre investimentos, consumo e renda.<\/strong><img decoding=\"async\" src=\"https:\/\/agenciabrasil.ebc.com.br\/ebc.png?id=1687754&#038;o=rss\"><img decoding=\"async\" src=\"https:\/\/agenciabrasil.ebc.com.br\/ebc.gif?id=1687754&#038;o=rss\"><\/p>\n<p><a href=\"https:\/\/agenciabrasil.ebc.com.br\/economia\/noticia\/2026-04\/banco-central-reduz-juros-basicos-para-145-ao-ano\" target=\"_blank\">A Selic foi reduzida de 14,75% para 14,50% ao ano<\/a>, mas, na avalia\u00e7\u00e3o dessas institui\u00e7\u00f5es, o n\u00edvel ainda elevado dos juros continua pressionando a economia.<\/p>\n<h2>Ind\u00fastria<\/h2>\n<\/p>\n<h3>Not\u00edcias relacionadas:<\/h3>\n<ul>\n<li><a href=\"https:\/\/agenciabrasil.ebc.com.br\/economia\/noticia\/2026-04\/banco-central-reduz-juros-basicos-para-145-ao-ano\">Banco Central reduz juros b\u00e1sicos para 14,5% ao ano.<\/a><\/li>\n<li><a href=\"https:\/\/agenciabrasil.ebc.com.br\/economia\/noticia\/2026-04\/dolar-sobe-r-5-e-bolsa-cai-2-em-dia-de-tensao-global\">D\u00f3lar sobe a R$ 5 e bolsa cai 2% em dia de tens\u00e3o global.<\/a><\/li>\n<li><a href=\"https:\/\/agenciabrasil.ebc.com.br\/economia\/noticia\/2026-04\/simples-exigira-nota-fiscal-nacional-unica-partir-de-setembro\">Simples exigir\u00e1 nota fiscal nacional \u00fanica a partir de setembro.<\/a><\/li>\n<\/ul>\n<p>A Confedera\u00e7\u00e3o Nacional da Ind\u00fastria (CNI) avalia que o corte foi t\u00edmido e mant\u00e9m o custo do cr\u00e9dito em patamar elevado. Para a entidade, isso compromete investimentos e a competitividade do setor produtivo.<\/p>\n<blockquote>\n<p>\u201cO custo do capital continuar\u00e1 em um n\u00edvel proibitivo, inviabilizando projetos e investimentos que poderiam ampliar a competitividade industrial\u201d, afirmou o presidente da CNI, Ricardo Alban.<\/p>\n<\/blockquote>\n<p>A entidade tamb\u00e9m aponta deteriora\u00e7\u00e3o financeira de empresas e fam\u00edlias. \u201cO endividamento das empresas e das fam\u00edlias bate recorde m\u00eas a m\u00eas, fragilizando a sa\u00fade financeira de toda a economia\u201d, completou.<\/p>\n<h2>Com\u00e9rcio<\/h2>\n<p>A Associa\u00e7\u00e3o Paulista de Supermercados (APAS) tamb\u00e9m considera que o Banco Central poderia ter adotado uma redu\u00e7\u00e3o mais significativa da taxa de juros.<\/p>\n<p>\u201cO Banco Central, desde a \u00faltima reuni\u00e3o, j\u00e1 poderia ter ampliado o afrouxamento monet\u00e1rio\u201d, afirmou o economista-chefe da entidade, Felipe Queiroz.<\/p>\n<p><strong>Segundo Queiroz, o atual patamar da Selic penaliza a atividade econ\u00f4mica.<\/strong> \u201cEstamos vendo muitas empresas entrando em recupera\u00e7\u00e3o judicial, endividamento das fam\u00edlias aumentando e o custo com o servi\u00e7o da d\u00edvida tamb\u00e9m\u201d, disse.<\/p>\n<p>A entidade tamb\u00e9m destaca o efeito dos juros sobre os investimentos. \u201cH\u00e1 um est\u00edmulo muito grande ao capital especulativo, em detrimento do setor produtivo\u201d, avaliou.<\/p>\n<h2>Centrais sindicais<\/h2>\n<p>A Confedera\u00e7\u00e3o Nacional dos Trabalhadores do Ramo Financeiro da Central \u00danica dos Trabalhadores (Contraf-CUT) critica o ritmo de queda da Selic e afirma que a pol\u00edtica monet\u00e1ria tem impacto direto sobre a renda da popula\u00e7\u00e3o.<\/p>\n<blockquote>\n<p>\u201cA redu\u00e7\u00e3o de 0,25% \u00e9 muito pouco. O n\u00edvel de endividamento das fam\u00edlias est\u00e1 enorme\u201d, afirmou a presidenta da entidade, Juvandia Moreira.<\/p>\n<\/blockquote>\n<p>Ela ressalta que a taxa b\u00e1sica influencia todo o sistema financeiro. \u201cQuando a Selic sobe, os bancos cobram mais caro no cr\u00e9dito. Quando cai, o cr\u00e9dito fica mais barato, mas essa redu\u00e7\u00e3o ainda \u00e9 insuficiente\u201d, disse.<\/p>\n<p>A For\u00e7a Sindical tamb\u00e9m classificou a decis\u00e3o como insuficiente e destacou impactos negativos sobre a economia.<\/p>\n<p>\u201cA redu\u00e7\u00e3o foi t\u00edmida e mant\u00e9m os juros em patamar elevado\u201d, afirmou a entidade em nota.<\/p>\n<p>Segundo a central, a pol\u00edtica de juros altos afeta diretamente o crescimento do pa\u00eds. \u201cOs juros restringem investimentos, freiam a produ\u00e7\u00e3o e comprometem a gera\u00e7\u00e3o de empregos e renda\u201d, destacou.<\/p>\n<p>A entidade tamb\u00e9m relaciona o cen\u00e1rio ao endividamento das fam\u00edlias. \u201cO alto n\u00edvel de endividamento est\u00e1 diretamente ligado ao custo elevado do cr\u00e9dito\u201d, concluiu.<\/p>\n<h2>Press\u00e3o por novos cortes<\/h2>\n<p><strong>Apesar de representarem setores diferentes, as entidades convergem na avalia\u00e7\u00e3o de que h\u00e1 espa\u00e7o para uma redu\u00e7\u00e3o mais acelerada da taxa b\u00e1sica de juros.<\/strong><\/p>\n<p>O ponto em comum entre ind\u00fastria, com\u00e9rcio e representantes dos trabalhadores \u00e9 o diagn\u00f3stico de que o atual n\u00edvel da Selic ainda imp\u00f5e restri\u00e7\u00f5es relevantes ao crescimento econ\u00f4mico, ao cr\u00e9dito e ao consumo no pa\u00eds.<\/p>\n","protected":false},"excerpt":{"rendered":"<p>A redu\u00e7\u00e3o de 0,25 ponto percentual na taxa b\u00e1sica de juros, anunciada pelo Comit\u00ea de Pol\u00edtica Monet\u00e1ria (Copom), foi considerada insuficiente por entidades do setor produtivo e por representantes sindicais, que apontam efeitos negativos sobre investimentos, consumo e renda. A Selic foi reduzida de 14,75% para 14,50% ao ano, mas, na avalia\u00e7\u00e3o dessas institui\u00e7\u00f5es, o [&hellip;]<\/p>\n","protected":false},"author":130,"featured_media":20466,"comment_status":"open","ping_status":"open","sticky":false,"template":"","format":"standard","meta":{"site-sidebar-layout":"default","site-content-layout":"","ast-site-content-layout":"default","site-content-style":"default","site-sidebar-style":"default","ast-global-header-display":"","ast-banner-title-visibility":"","ast-main-header-display":"","ast-hfb-above-header-display":"","ast-hfb-below-header-display":"","ast-hfb-mobile-header-display":"","site-post-title":"","ast-breadcrumbs-content":"","ast-featured-img":"","footer-sml-layout":"","ast-disable-related-posts":"","theme-transparent-header-meta":"","adv-header-id-meta":"","stick-header-meta":"","header-above-stick-meta":"","header-main-stick-meta":"","header-below-stick-meta":"","astra-migrate-meta-layouts":"default","ast-page-background-enabled":"default","ast-page-background-meta":{"desktop":{"background-color":"var(--ast-global-color-4)","background-image":"","background-repeat":"repeat","background-position":"center center","background-size":"auto","background-attachment":"scroll","background-type":"","background-media":"","overlay-type":"","overlay-color":"","overlay-opacity":"","overlay-gradient":""},"tablet":{"background-color":"","background-image":"","background-repeat":"repeat","background-position":"center center","background-size":"auto","background-attachment":"scroll","background-type":"","background-media":"","overlay-type":"","overlay-color":"","overlay-opacity":"","overlay-gradient":""},"mobile":{"background-color":"","background-image":"","background-repeat":"repeat","background-position":"center center","background-size":"auto","background-attachment":"scroll","background-type":"","background-media":"","overlay-type":"","overlay-color":"","overlay-opacity":"","overlay-gradient":""}},"ast-content-background-meta":{"desktop":{"background-color":"var(--ast-global-color-5)","background-image":"","background-repeat":"repeat","background-position":"center center","background-size":"auto","background-attachment":"scroll","background-type":"","background-media":"","overlay-type":"","overlay-color":"","overlay-opacity":"","overlay-gradient":""},"tablet":{"background-color":"var(--ast-global-color-5)","background-image":"","background-repeat":"repeat","background-position":"center center","background-size":"auto","background-attachment":"scroll","background-type":"","background-media":"","overlay-type":"","overlay-color":"","overlay-opacity":"","overlay-gradient":""},"mobile":{"background-color":"var(--ast-global-color-5)","background-image":"","background-repeat":"repeat","background-position":"center center","background-size":"auto","background-attachment":"scroll","background-type":"","background-media":"","overlay-type":"","overlay-color":"","overlay-opacity":"","overlay-gradient":""}},"footnotes":""},"categories":[3],"tags":[],"class_list":["post-20465","post","type-post","status-publish","format-standard","has-post-thumbnail","hentry","category-seguranca-e-justica"],"yoast_head":"<!-- This site is optimized with the Yoast SEO Premium plugin v23.6 (Yoast SEO v27.4) - https:\/\/yoast.com\/product\/yoast-seo-premium-wordpress\/ -->\n<title>Entidades do setor produtivo cobram cortes maiores da Selic - Divulgue MS<\/title>\n<meta name=\"robots\" content=\"index, follow, max-snippet:-1, max-image-preview:large, max-video-preview:-1\" \/>\n<link rel=\"canonical\" href=\"https:\/\/divulguems.com.br\/?p=20465\" \/>\n<meta property=\"og:locale\" content=\"pt_BR\" \/>\n<meta property=\"og:type\" content=\"article\" \/>\n<meta property=\"og:title\" content=\"Entidades do setor produtivo cobram cortes maiores da Selic\" \/>\n<meta property=\"og:description\" content=\"A redu\u00e7\u00e3o de 0,25 ponto percentual na taxa b\u00e1sica de juros, anunciada pelo Comit\u00ea de Pol\u00edtica Monet\u00e1ria (Copom), foi considerada insuficiente por entidades do setor produtivo e por representantes sindicais, que apontam efeitos negativos sobre investimentos, consumo e renda. A Selic foi reduzida de 14,75% para 14,50% ao ano, mas, na avalia\u00e7\u00e3o dessas institui\u00e7\u00f5es, o [&hellip;]\" \/>\n<meta property=\"og:url\" content=\"https:\/\/divulguems.com.br\/?p=20465\" \/>\n<meta property=\"og:site_name\" content=\"Divulgue MS\" \/>\n<meta property=\"article:publisher\" content=\"https:\/\/www.facebook.com\/portalinfocobrasil\" \/>\n<meta property=\"article:published_time\" content=\"2026-04-30T02:47:40+00:00\" \/>\n<meta property=\"og:image\" content=\"https:\/\/cdn.jsdelivr.net\/gh\/sergiosdlima\/assets-ebc@1.0.0\/abr\/assets\/images\/logo-agenciabrasil.svg\" \/>\n<meta name=\"author\" content=\"Wellton Maximo - Reporter da Agencia Brasil\" \/>\n<meta name=\"twitter:card\" content=\"summary_large_image\" \/>\n<meta name=\"twitter:label1\" content=\"Escrito por\" \/>\n\t<meta name=\"twitter:data1\" content=\"Wellton Maximo - Reporter da Agencia Brasil\" \/>\n\t<meta name=\"twitter:label2\" content=\"Est. tempo de leitura\" \/>\n\t<meta name=\"twitter:data2\" content=\"3 minutos\" \/>\n<script type=\"application\/ld+json\" class=\"yoast-schema-graph\">{\"@context\":\"https:\\\/\\\/schema.org\",\"@graph\":[{\"@type\":\"Article\",\"@id\":\"https:\\\/\\\/divulguems.com.br\\\/?p=20465#article\",\"isPartOf\":{\"@id\":\"https:\\\/\\\/divulguems.com.br\\\/?p=20465\"},\"author\":{\"name\":\"Wellton Maximo - Reporter da Agencia Brasil\",\"@id\":\"https:\\\/\\\/divulguems.com.br\\\/#\\\/schema\\\/person\\\/3ae07087bebd44a043a567ece22f1fe6\"},\"headline\":\"Entidades do setor produtivo cobram cortes maiores da Selic\",\"datePublished\":\"2026-04-30T02:47:40+00:00\",\"mainEntityOfPage\":{\"@id\":\"https:\\\/\\\/divulguems.com.br\\\/?p=20465\"},\"wordCount\":615,\"commentCount\":0,\"publisher\":{\"@id\":\"https:\\\/\\\/divulguems.com.br\\\/#organization\"},\"image\":{\"@id\":\"https:\\\/\\\/divulguems.com.br\\\/?p=20465#primaryimage\"},\"thumbnailUrl\":\"https:\\\/\\\/divulguems.com.br\\\/wp-content\\\/uploads\\\/2026\\\/04\\\/20465-entidades-do-setor-produtivo-cobram-cortes-maiores-da-selic.jpg\",\"articleSection\":[\"Seguran\u00e7a e Justi\u00e7a\"],\"inLanguage\":\"pt-BR\",\"potentialAction\":[{\"@type\":\"CommentAction\",\"name\":\"Comment\",\"target\":[\"https:\\\/\\\/divulguems.com.br\\\/?p=20465#respond\"]}]},{\"@type\":\"WebPage\",\"@id\":\"https:\\\/\\\/divulguems.com.br\\\/?p=20465\",\"url\":\"https:\\\/\\\/divulguems.com.br\\\/?p=20465\",\"name\":\"Entidades do setor produtivo cobram cortes maiores da Selic - Divulgue MS\",\"isPartOf\":{\"@id\":\"https:\\\/\\\/divulguems.com.br\\\/#website\"},\"primaryImageOfPage\":{\"@id\":\"https:\\\/\\\/divulguems.com.br\\\/?p=20465#primaryimage\"},\"image\":{\"@id\":\"https:\\\/\\\/divulguems.com.br\\\/?p=20465#primaryimage\"},\"thumbnailUrl\":\"https:\\\/\\\/divulguems.com.br\\\/wp-content\\\/uploads\\\/2026\\\/04\\\/20465-entidades-do-setor-produtivo-cobram-cortes-maiores-da-selic.jpg\",\"datePublished\":\"2026-04-30T02:47:40+00:00\",\"breadcrumb\":{\"@id\":\"https:\\\/\\\/divulguems.com.br\\\/?p=20465#breadcrumb\"},\"inLanguage\":\"pt-BR\",\"potentialAction\":[{\"@type\":\"ReadAction\",\"target\":[\"https:\\\/\\\/divulguems.com.br\\\/?p=20465\"]}]},{\"@type\":\"ImageObject\",\"inLanguage\":\"pt-BR\",\"@id\":\"https:\\\/\\\/divulguems.com.br\\\/?p=20465#primaryimage\",\"url\":\"https:\\\/\\\/divulguems.com.br\\\/wp-content\\\/uploads\\\/2026\\\/04\\\/20465-entidades-do-setor-produtivo-cobram-cortes-maiores-da-selic.jpg\",\"contentUrl\":\"https:\\\/\\\/divulguems.com.br\\\/wp-content\\\/uploads\\\/2026\\\/04\\\/20465-entidades-do-setor-produtivo-cobram-cortes-maiores-da-selic.jpg\",\"width\":1600,\"height\":800,\"caption\":\"Entidades do setor produtivo cobram cortes maiores da Selic\"},{\"@type\":\"BreadcrumbList\",\"@id\":\"https:\\\/\\\/divulguems.com.br\\\/?p=20465#breadcrumb\",\"itemListElement\":[{\"@type\":\"ListItem\",\"position\":1,\"name\":\"In\u00edcio\",\"item\":\"https:\\\/\\\/divulguems.com.br\\\/\"},{\"@type\":\"ListItem\",\"position\":2,\"name\":\"Entidades do setor produtivo cobram cortes maiores da Selic\"}]},{\"@type\":\"WebSite\",\"@id\":\"https:\\\/\\\/divulguems.com.br\\\/#website\",\"url\":\"https:\\\/\\\/divulguems.com.br\\\/\",\"name\":\"Portal Infoco Brasil\",\"description\":\"L\u00edder de audi\u00eancia.\",\"publisher\":{\"@id\":\"https:\\\/\\\/divulguems.com.br\\\/#organization\"},\"potentialAction\":[{\"@type\":\"SearchAction\",\"target\":{\"@type\":\"EntryPoint\",\"urlTemplate\":\"https:\\\/\\\/divulguems.com.br\\\/?s={search_term_string}\"},\"query-input\":{\"@type\":\"PropertyValueSpecification\",\"valueRequired\":true,\"valueName\":\"search_term_string\"}}],\"inLanguage\":\"pt-BR\"},{\"@type\":\"Organization\",\"@id\":\"https:\\\/\\\/divulguems.com.br\\\/#organization\",\"name\":\"Portal Infoco Brasil\",\"url\":\"https:\\\/\\\/divulguems.com.br\\\/\",\"logo\":{\"@type\":\"ImageObject\",\"inLanguage\":\"pt-BR\",\"@id\":\"https:\\\/\\\/divulguems.com.br\\\/#\\\/schema\\\/logo\\\/image\\\/\",\"url\":\"https:\\\/\\\/divulguems.com.br\\\/wp-content\\\/uploads\\\/2025\\\/04\\\/LOGO-PNG-AZUL.png\",\"contentUrl\":\"https:\\\/\\\/divulguems.com.br\\\/wp-content\\\/uploads\\\/2025\\\/04\\\/LOGO-PNG-AZUL.png\",\"width\":1166,\"height\":475,\"caption\":\"Portal Infoco Brasil\"},\"image\":{\"@id\":\"https:\\\/\\\/divulguems.com.br\\\/#\\\/schema\\\/logo\\\/image\\\/\"},\"sameAs\":[\"https:\\\/\\\/www.facebook.com\\\/portalinfocobrasil\",\"https:\\\/\\\/www.instagram.com\\\/portalinfocobrasil\"]},{\"@type\":\"Person\",\"@id\":\"https:\\\/\\\/divulguems.com.br\\\/#\\\/schema\\\/person\\\/3ae07087bebd44a043a567ece22f1fe6\",\"name\":\"Wellton Maximo - Reporter da Agencia Brasil\",\"image\":{\"@type\":\"ImageObject\",\"inLanguage\":\"pt-BR\",\"@id\":\"https:\\\/\\\/secure.gravatar.com\\\/avatar\\\/6da437db637ea728b90524dbaf5552d6b3b34787cb358f5a7d90b45c3a6cdf84?s=96&d=mm&r=g\",\"url\":\"https:\\\/\\\/secure.gravatar.com\\\/avatar\\\/6da437db637ea728b90524dbaf5552d6b3b34787cb358f5a7d90b45c3a6cdf84?s=96&d=mm&r=g\",\"contentUrl\":\"https:\\\/\\\/secure.gravatar.com\\\/avatar\\\/6da437db637ea728b90524dbaf5552d6b3b34787cb358f5a7d90b45c3a6cdf84?s=96&d=mm&r=g\",\"caption\":\"Wellton Maximo - Reporter da Agencia Brasil\"},\"url\":\"https:\\\/\\\/divulguems.com.br\\\/?author=130\"}]}<\/script>\n<!-- \/ Yoast SEO Premium plugin. -->","yoast_head_json":{"title":"Entidades do setor produtivo cobram cortes maiores da Selic - Divulgue MS","robots":{"index":"index","follow":"follow","max-snippet":"max-snippet:-1","max-image-preview":"max-image-preview:large","max-video-preview":"max-video-preview:-1"},"canonical":"https:\/\/divulguems.com.br\/?p=20465","og_locale":"pt_BR","og_type":"article","og_title":"Entidades do setor produtivo cobram cortes maiores da Selic","og_description":"A redu\u00e7\u00e3o de 0,25 ponto percentual na taxa b\u00e1sica de juros, anunciada pelo Comit\u00ea de Pol\u00edtica Monet\u00e1ria (Copom), foi considerada insuficiente por entidades do setor produtivo e por representantes sindicais, que apontam efeitos negativos sobre investimentos, consumo e renda. A Selic foi reduzida de 14,75% para 14,50% ao ano, mas, na avalia\u00e7\u00e3o dessas institui\u00e7\u00f5es, o [&hellip;]","og_url":"https:\/\/divulguems.com.br\/?p=20465","og_site_name":"Divulgue MS","article_publisher":"https:\/\/www.facebook.com\/portalinfocobrasil","article_published_time":"2026-04-30T02:47:40+00:00","og_image":[{"url":"https:\/\/cdn.jsdelivr.net\/gh\/sergiosdlima\/assets-ebc@1.0.0\/abr\/assets\/images\/logo-agenciabrasil.svg","type":"","width":"","height":""}],"author":"Wellton Maximo - Reporter da Agencia Brasil","twitter_card":"summary_large_image","twitter_misc":{"Escrito por":"Wellton Maximo - Reporter da Agencia Brasil","Est. tempo de leitura":"3 minutos"},"schema":{"@context":"https:\/\/schema.org","@graph":[{"@type":"Article","@id":"https:\/\/divulguems.com.br\/?p=20465#article","isPartOf":{"@id":"https:\/\/divulguems.com.br\/?p=20465"},"author":{"name":"Wellton Maximo - Reporter da Agencia Brasil","@id":"https:\/\/divulguems.com.br\/#\/schema\/person\/3ae07087bebd44a043a567ece22f1fe6"},"headline":"Entidades do setor produtivo cobram cortes maiores da Selic","datePublished":"2026-04-30T02:47:40+00:00","mainEntityOfPage":{"@id":"https:\/\/divulguems.com.br\/?p=20465"},"wordCount":615,"commentCount":0,"publisher":{"@id":"https:\/\/divulguems.com.br\/#organization"},"image":{"@id":"https:\/\/divulguems.com.br\/?p=20465#primaryimage"},"thumbnailUrl":"https:\/\/divulguems.com.br\/wp-content\/uploads\/2026\/04\/20465-entidades-do-setor-produtivo-cobram-cortes-maiores-da-selic.jpg","articleSection":["Seguran\u00e7a e Justi\u00e7a"],"inLanguage":"pt-BR","potentialAction":[{"@type":"CommentAction","name":"Comment","target":["https:\/\/divulguems.com.br\/?p=20465#respond"]}]},{"@type":"WebPage","@id":"https:\/\/divulguems.com.br\/?p=20465","url":"https:\/\/divulguems.com.br\/?p=20465","name":"Entidades do setor produtivo cobram cortes maiores da Selic - Divulgue MS","isPartOf":{"@id":"https:\/\/divulguems.com.br\/#website"},"primaryImageOfPage":{"@id":"https:\/\/divulguems.com.br\/?p=20465#primaryimage"},"image":{"@id":"https:\/\/divulguems.com.br\/?p=20465#primaryimage"},"thumbnailUrl":"https:\/\/divulguems.com.br\/wp-content\/uploads\/2026\/04\/20465-entidades-do-setor-produtivo-cobram-cortes-maiores-da-selic.jpg","datePublished":"2026-04-30T02:47:40+00:00","breadcrumb":{"@id":"https:\/\/divulguems.com.br\/?p=20465#breadcrumb"},"inLanguage":"pt-BR","potentialAction":[{"@type":"ReadAction","target":["https:\/\/divulguems.com.br\/?p=20465"]}]},{"@type":"ImageObject","inLanguage":"pt-BR","@id":"https:\/\/divulguems.com.br\/?p=20465#primaryimage","url":"https:\/\/divulguems.com.br\/wp-content\/uploads\/2026\/04\/20465-entidades-do-setor-produtivo-cobram-cortes-maiores-da-selic.jpg","contentUrl":"https:\/\/divulguems.com.br\/wp-content\/uploads\/2026\/04\/20465-entidades-do-setor-produtivo-cobram-cortes-maiores-da-selic.jpg","width":1600,"height":800,"caption":"Entidades do setor produtivo cobram cortes maiores da Selic"},{"@type":"BreadcrumbList","@id":"https:\/\/divulguems.com.br\/?p=20465#breadcrumb","itemListElement":[{"@type":"ListItem","position":1,"name":"In\u00edcio","item":"https:\/\/divulguems.com.br\/"},{"@type":"ListItem","position":2,"name":"Entidades do setor produtivo cobram cortes maiores da Selic"}]},{"@type":"WebSite","@id":"https:\/\/divulguems.com.br\/#website","url":"https:\/\/divulguems.com.br\/","name":"Portal Infoco Brasil","description":"L\u00edder de audi\u00eancia.","publisher":{"@id":"https:\/\/divulguems.com.br\/#organization"},"potentialAction":[{"@type":"SearchAction","target":{"@type":"EntryPoint","urlTemplate":"https:\/\/divulguems.com.br\/?s={search_term_string}"},"query-input":{"@type":"PropertyValueSpecification","valueRequired":true,"valueName":"search_term_string"}}],"inLanguage":"pt-BR"},{"@type":"Organization","@id":"https:\/\/divulguems.com.br\/#organization","name":"Portal Infoco Brasil","url":"https:\/\/divulguems.com.br\/","logo":{"@type":"ImageObject","inLanguage":"pt-BR","@id":"https:\/\/divulguems.com.br\/#\/schema\/logo\/image\/","url":"https:\/\/divulguems.com.br\/wp-content\/uploads\/2025\/04\/LOGO-PNG-AZUL.png","contentUrl":"https:\/\/divulguems.com.br\/wp-content\/uploads\/2025\/04\/LOGO-PNG-AZUL.png","width":1166,"height":475,"caption":"Portal Infoco Brasil"},"image":{"@id":"https:\/\/divulguems.com.br\/#\/schema\/logo\/image\/"},"sameAs":["https:\/\/www.facebook.com\/portalinfocobrasil","https:\/\/www.instagram.com\/portalinfocobrasil"]},{"@type":"Person","@id":"https:\/\/divulguems.com.br\/#\/schema\/person\/3ae07087bebd44a043a567ece22f1fe6","name":"Wellton Maximo - Reporter da Agencia Brasil","image":{"@type":"ImageObject","inLanguage":"pt-BR","@id":"https:\/\/secure.gravatar.com\/avatar\/6da437db637ea728b90524dbaf5552d6b3b34787cb358f5a7d90b45c3a6cdf84?s=96&d=mm&r=g","url":"https:\/\/secure.gravatar.com\/avatar\/6da437db637ea728b90524dbaf5552d6b3b34787cb358f5a7d90b45c3a6cdf84?s=96&d=mm&r=g","contentUrl":"https:\/\/secure.gravatar.com\/avatar\/6da437db637ea728b90524dbaf5552d6b3b34787cb358f5a7d90b45c3a6cdf84?s=96&d=mm&r=g","caption":"Wellton Maximo - Reporter da Agencia Brasil"},"url":"https:\/\/divulguems.com.br\/?author=130"}]}},"_links":{"self":[{"href":"https:\/\/divulguems.com.br\/index.php?rest_route=\/wp\/v2\/posts\/20465","targetHints":{"allow":["GET"]}}],"collection":[{"href":"https:\/\/divulguems.com.br\/index.php?rest_route=\/wp\/v2\/posts"}],"about":[{"href":"https:\/\/divulguems.com.br\/index.php?rest_route=\/wp\/v2\/types\/post"}],"author":[{"embeddable":true,"href":"https:\/\/divulguems.com.br\/index.php?rest_route=\/wp\/v2\/users\/130"}],"replies":[{"embeddable":true,"href":"https:\/\/divulguems.com.br\/index.php?rest_route=%2Fwp%2Fv2%2Fcomments&post=20465"}],"version-history":[{"count":0,"href":"https:\/\/divulguems.com.br\/index.php?rest_route=\/wp\/v2\/posts\/20465\/revisions"}],"wp:featuredmedia":[{"embeddable":true,"href":"https:\/\/divulguems.com.br\/index.php?rest_route=\/wp\/v2\/media\/20466"}],"wp:attachment":[{"href":"https:\/\/divulguems.com.br\/index.php?rest_route=%2Fwp%2Fv2%2Fmedia&parent=20465"}],"wp:term":[{"taxonomy":"category","embeddable":true,"href":"https:\/\/divulguems.com.br\/index.php?rest_route=%2Fwp%2Fv2%2Fcategories&post=20465"},{"taxonomy":"post_tag","embeddable":true,"href":"https:\/\/divulguems.com.br\/index.php?rest_route=%2Fwp%2Fv2%2Ftags&post=20465"}],"curies":[{"name":"wp","href":"https:\/\/api.w.org\/{rel}","templated":true}]}}