{"id":20467,"date":"2026-04-29T22:47:41","date_gmt":"2026-04-30T02:47:41","guid":{"rendered":"https:\/\/divulguems.com.br\/?p=20467"},"modified":"2026-04-29T22:47:41","modified_gmt":"2026-04-30T02:47:41","slug":"inscricoes-para-vagas-remanescentes-do-fies-terminam-hoje","status":"publish","type":"post","link":"https:\/\/divulguems.com.br\/?p=20467","title":{"rendered":"Inscri\u00e7\u00f5es para vagas remanescentes do Fies terminam hoje"},"content":{"rendered":"<\/p>\n<p><a class=\"\" href=\"https:\/\/agenciabrasil.ebc.com.br\/educacao\/noticia\/2026-04\/inscricoes-para-vagas-remanescentes-do-fies-terminam-hoje\"><br \/>\n                    <img decoding=\"async\" src=\"https:\/\/cdn.jsdelivr.net\/gh\/sergiosdlima\/assets-ebc@1.0.0\/abr\/assets\/images\/logo-agenciabrasil.svg\" alt=\"Logo Ag\u00eancia Brasil\"><br \/>\n\t\t\t\t<\/a><\/p>\n<p><strong>As inscri\u00e7\u00f5es gratuitas para as vagas remanescentes do Fundo de Financiamento Estudantil (Fies) do primeiro semestre de 2026 terminam \u00e0s 23h59 (hor\u00e1rio de Bras\u00edlia) desta quarta-feira (29). O per\u00edodo para os interessados se inscreverem come\u00e7ou no \u00faltimo dia 22.<\/strong><img decoding=\"async\" src=\"https:\/\/agenciabrasil.ebc.com.br\/ebc.png?id=1687622&#038;o=rss\"><img decoding=\"async\" src=\"https:\/\/agenciabrasil.ebc.com.br\/ebc.gif?id=1687622&#038;o=rss\"><\/p>\n<p>Os interessados em participar do processo seletivo devem se inscrever, exclusivamente pela internet, por meio da p\u00e1gina do programa, dispon\u00edvel no <a href=\"https:\/\/acessounico.mec.gov.br\/fies\" target=\"_blank\">Portal Acesso \u00danico ao Ensino Superior<\/a>, na aba do Fies. <strong>\u00c9 preciso fazer o <em>login<\/em> do portal Gov.br.<\/strong><\/p>\n<\/p>\n<h3>Not\u00edcias relacionadas:<\/h3>\n<ul>\n<li><a href=\"https:\/\/agenciabrasil.ebc.com.br\/educacao\/noticia\/2026-04\/inscricoes-para-vagas-remanescentes-do-fies-vao-ate-29-de-abril\">Inscri\u00e7\u00f5es para vagas remanescentes do Fies v\u00e3o at\u00e9 29 de abril.<\/a><\/li>\n<li><a href=\"https:\/\/agenciabrasil.ebc.com.br\/politica\/noticia\/2026-04\/lula-quer-incluir-inadimplentes-do-fies-em-pacote-contra-endividamento\">Lula quer incluir inadimplentes do FIES em pacote contra endividamento.<\/a><\/li>\n<li><a href=\"https:\/\/agenciabrasil.ebc.com.br\/educacao\/noticia\/2026-04\/mec-divulga-nova-chamada-da-lista-de-espera-para-fies-do-1o-semestre\">MEC divulga nova chamada da lista de espera para Fies do 1\u00ba semestre.<\/a><\/li>\n<\/ul>\n<p>Para saber o passo a passo completo para se inscrever de gra\u00e7a no Fies, <a href=\"https:\/\/www.gov.br\/mec\/pt-br\/fies\/passo-a-passo-para-inscricao-no-fies\" target=\"_blank\">acesse o link<\/a>.\u00a0<\/p>\n<p>O programa do Minist\u00e9rio da Educa\u00e7\u00e3o (MEC) foi criado para ajudar estudantes a cursarem o ensino superior em institui\u00e7\u00f5es privadas participantes dos Fies. \u00a0Esses cursos devem, necessariamente, ter avalia\u00e7\u00e3o positiva no Sistema Nacional de Avalia\u00e7\u00e3o da Educa\u00e7\u00e3o Superior (Sinaes).<\/p>\n<p><a href=\"https:\/\/www.whatsapp.com\/channel\/0029VaoRTgrInlqYLSk59B2M\" target=\"_blank\">>> Siga o canal da <strong>Ag\u00eancia Brasil<\/strong> no WhatsApp<\/a><\/p>\n<h2>Quem pode se inscrever<\/h2>\n<p>De acordo com o <a href=\"https:\/\/www.gov.br\/mec\/pt-br\/fies\/arquivos\/2026\/edital_n24_02042026.pdf\" target=\"_blank\">edital <\/a>com as que regras do processo seletivo de ocupa\u00e7\u00e3o das vagas remanescentes do Fies podem se inscrever os candidatos que atendam, cumulativamente, aos seguintes requisitos:\u00a0<\/p>\n<p>. participa\u00e7\u00e3o em uma das edi\u00e7\u00f5es do Exame Nacional do Ensino M\u00e9dio (Enem), a partir de 2010;\u00a0<\/p>\n<p>. m\u00e9dia aritm\u00e9tica das notas nas cinco provas do Enem igual ou superior a 450 pontos;<\/p>\n<p>. nota na reda\u00e7\u00e3o do Enem superior a zero;\u00a0<\/p>\n<p>. condi\u00e7\u00f5es de atingir a frequ\u00eancia m\u00ednima exigida (70%) para o primeiro semestre de 2026 no curso escolhido.\u00a0\u00a0<\/p>\n<p>. renda familiar mensal bruta por pessoa de at\u00e9 tr\u00eas\u00a0sal\u00e1rios m\u00ednimos (R$ 4.863, em 2026);\u00a0<\/p>\n<p>O MEC explica que o c\u00e1lculo da renda familiar mensal bruta por pessoa \u00e9 feito com base na soma da renda bruta de todos os membros do grupo familiar, dividida pelo n\u00famero total de pessoas pertencentes ao referido grupo familiar.<\/p>\n<h2>Resultados<\/h2>\n<p>Ap\u00f3s o per\u00edodo de inscri\u00e7\u00e3o, o MEC divulga os resultados e a classifica\u00e7\u00e3o dos candidatos.\u00a0<\/p>\n<p><strong>O resultado da chamada \u00fanica do Fundo de Financiamento Estudantil (Fies) do primeiro semestre de 2026 ser\u00e1 divulgado em 7 de maio.<\/strong><\/p>\n<p>Se for pr\u00e9-selecionado na chamada \u00fanica, o inscrito deve complementar sua inscri\u00e7\u00e3o na p\u00e1gina do Fies.<\/p>\n<p><strong>Em seguida, entre os dias 8 e 11 de maio, o candidato deve validar as informa\u00e7\u00f5es declaradas na inscri\u00e7\u00e3o diretamente na\u00a0institui\u00e7\u00e3o de ensino superior privada, por meio da Comiss\u00e3o Permanente de Supervis\u00e3o e Acompanhamento da institui\u00e7\u00e3o.<\/strong><\/p>\n<p>Depois disso,\u00a0ocorrer\u00e1\u00a0a valida\u00e7\u00e3o das informa\u00e7\u00f5es no banco. O prazo para essa \u00faltima valida\u00e7\u00e3o \u00e9 de at\u00e9 dez dias, contados a partir do terceiro dia \u00fatil, logo ap\u00f3s a data da valida\u00e7\u00e3o da inscri\u00e7\u00e3o pela CPSA, realizada na institui\u00e7\u00e3o de ensino para a qual o estudante foi pr\u00e9-selecionado.\u00a0\u00a0<\/p>\n<h2>Lista de espera<\/h2>\n<p><strong>Quem n\u00e3o for pr\u00e9-selecionado na chamada \u00fanica ser\u00e1 inclu\u00eddo automaticamente na lista de espera, cuja convoca\u00e7\u00e3o ocorrer\u00e1 no per\u00edodo de 15 a 29 de maio.\u00a0<\/strong><\/p>\n<p>O Fies realiza anualmente dois processos seletivos regulares, um para o primeiro semestre e outro para o segundo semestre de cada ano letivo, al\u00e9m de processos seletivos para vagas remanescentes.<\/p>\n<p><strong>Se ainda tiver d\u00favidas, o interessado pode entrar em contato com o MEC pelo telefone 0800-616161.<\/strong><\/p>\n<p>\u00a0<\/p>\n","protected":false},"excerpt":{"rendered":"<p>As inscri\u00e7\u00f5es gratuitas para as vagas remanescentes do Fundo de Financiamento Estudantil (Fies) do primeiro semestre de 2026 terminam \u00e0s 23h59 (hor\u00e1rio de Bras\u00edlia) desta quarta-feira (29). O per\u00edodo para os interessados se inscreverem come\u00e7ou no \u00faltimo dia 22. Os interessados em participar do processo seletivo devem se inscrever, exclusivamente pela internet, por meio da [&hellip;]<\/p>\n","protected":false},"author":110,"featured_media":20468,"comment_status":"open","ping_status":"open","sticky":false,"template":"","format":"standard","meta":{"site-sidebar-layout":"default","site-content-layout":"","ast-site-content-layout":"default","site-content-style":"default","site-sidebar-style":"default","ast-global-header-display":"","ast-banner-title-visibility":"","ast-main-header-display":"","ast-hfb-above-header-display":"","ast-hfb-below-header-display":"","ast-hfb-mobile-header-display":"","site-post-title":"","ast-breadcrumbs-content":"","ast-featured-img":"","footer-sml-layout":"","ast-disable-related-posts":"","theme-transparent-header-meta":"","adv-header-id-meta":"","stick-header-meta":"","header-above-stick-meta":"","header-main-stick-meta":"","header-below-stick-meta":"","astra-migrate-meta-layouts":"default","ast-page-background-enabled":"default","ast-page-background-meta":{"desktop":{"background-color":"var(--ast-global-color-4)","background-image":"","background-repeat":"repeat","background-position":"center center","background-size":"auto","background-attachment":"scroll","background-type":"","background-media":"","overlay-type":"","overlay-color":"","overlay-opacity":"","overlay-gradient":""},"tablet":{"background-color":"","background-image":"","background-repeat":"repeat","background-position":"center center","background-size":"auto","background-attachment":"scroll","background-type":"","background-media":"","overlay-type":"","overlay-color":"","overlay-opacity":"","overlay-gradient":""},"mobile":{"background-color":"","background-image":"","background-repeat":"repeat","background-position":"center center","background-size":"auto","background-attachment":"scroll","background-type":"","background-media":"","overlay-type":"","overlay-color":"","overlay-opacity":"","overlay-gradient":""}},"ast-content-background-meta":{"desktop":{"background-color":"var(--ast-global-color-5)","background-image":"","background-repeat":"repeat","background-position":"center center","background-size":"auto","background-attachment":"scroll","background-type":"","background-media":"","overlay-type":"","overlay-color":"","overlay-opacity":"","overlay-gradient":""},"tablet":{"background-color":"var(--ast-global-color-5)","background-image":"","background-repeat":"repeat","background-position":"center center","background-size":"auto","background-attachment":"scroll","background-type":"","background-media":"","overlay-type":"","overlay-color":"","overlay-opacity":"","overlay-gradient":""},"mobile":{"background-color":"var(--ast-global-color-5)","background-image":"","background-repeat":"repeat","background-position":"center center","background-size":"auto","background-attachment":"scroll","background-type":"","background-media":"","overlay-type":"","overlay-color":"","overlay-opacity":"","overlay-gradient":""}},"footnotes":""},"categories":[3],"tags":[],"class_list":["post-20467","post","type-post","status-publish","format-standard","has-post-thumbnail","hentry","category-seguranca-e-justica"],"yoast_head":"<!-- This site is optimized with the Yoast SEO Premium plugin v23.6 (Yoast SEO v27.4) - https:\/\/yoast.com\/product\/yoast-seo-premium-wordpress\/ -->\n<title>Inscri\u00e7\u00f5es para vagas remanescentes do Fies terminam hoje - Divulgue MS<\/title>\n<meta name=\"robots\" content=\"index, follow, max-snippet:-1, max-image-preview:large, max-video-preview:-1\" \/>\n<link rel=\"canonical\" href=\"https:\/\/divulguems.com.br\/?p=20467\" \/>\n<meta property=\"og:locale\" content=\"pt_BR\" \/>\n<meta property=\"og:type\" content=\"article\" \/>\n<meta property=\"og:title\" content=\"Inscri\u00e7\u00f5es para vagas remanescentes do Fies terminam hoje\" \/>\n<meta property=\"og:description\" content=\"As inscri\u00e7\u00f5es gratuitas para as vagas remanescentes do Fundo de Financiamento Estudantil (Fies) do primeiro semestre de 2026 terminam \u00e0s 23h59 (hor\u00e1rio de Bras\u00edlia) desta quarta-feira (29). O per\u00edodo para os interessados se inscreverem come\u00e7ou no \u00faltimo dia 22. Os interessados em participar do processo seletivo devem se inscrever, exclusivamente pela internet, por meio da [&hellip;]\" \/>\n<meta property=\"og:url\" content=\"https:\/\/divulguems.com.br\/?p=20467\" \/>\n<meta property=\"og:site_name\" content=\"Divulgue MS\" \/>\n<meta property=\"article:publisher\" content=\"https:\/\/www.facebook.com\/portalinfocobrasil\" \/>\n<meta property=\"article:published_time\" content=\"2026-04-30T02:47:41+00:00\" \/>\n<meta property=\"og:image\" content=\"https:\/\/cdn.jsdelivr.net\/gh\/sergiosdlima\/assets-ebc@1.0.0\/abr\/assets\/images\/logo-agenciabrasil.svg\" \/>\n<meta name=\"author\" content=\"Daniella Almeida - Reporter da Agencia Brasil\" \/>\n<meta name=\"twitter:card\" content=\"summary_large_image\" \/>\n<meta name=\"twitter:label1\" content=\"Escrito por\" \/>\n\t<meta name=\"twitter:data1\" content=\"Daniella Almeida - Reporter da Agencia Brasil\" \/>\n\t<meta name=\"twitter:label2\" content=\"Est. tempo de leitura\" \/>\n\t<meta name=\"twitter:data2\" content=\"3 minutos\" \/>\n<script type=\"application\/ld+json\" class=\"yoast-schema-graph\">{\"@context\":\"https:\\\/\\\/schema.org\",\"@graph\":[{\"@type\":\"Article\",\"@id\":\"https:\\\/\\\/divulguems.com.br\\\/?p=20467#article\",\"isPartOf\":{\"@id\":\"https:\\\/\\\/divulguems.com.br\\\/?p=20467\"},\"author\":{\"name\":\"Daniella Almeida - Reporter da Agencia Brasil\",\"@id\":\"https:\\\/\\\/divulguems.com.br\\\/#\\\/schema\\\/person\\\/583b3cc8cc6f7873c088fa19c8a5a4d2\"},\"headline\":\"Inscri\u00e7\u00f5es para vagas remanescentes do Fies terminam hoje\",\"datePublished\":\"2026-04-30T02:47:41+00:00\",\"mainEntityOfPage\":{\"@id\":\"https:\\\/\\\/divulguems.com.br\\\/?p=20467\"},\"wordCount\":588,\"commentCount\":0,\"publisher\":{\"@id\":\"https:\\\/\\\/divulguems.com.br\\\/#organization\"},\"image\":{\"@id\":\"https:\\\/\\\/divulguems.com.br\\\/?p=20467#primaryimage\"},\"thumbnailUrl\":\"https:\\\/\\\/divulguems.com.br\\\/wp-content\\\/uploads\\\/2026\\\/04\\\/20467-inscricoes-para-vagas-remanescentes-do-fies-terminam-hoje.jpg\",\"articleSection\":[\"Seguran\u00e7a e Justi\u00e7a\"],\"inLanguage\":\"pt-BR\",\"potentialAction\":[{\"@type\":\"CommentAction\",\"name\":\"Comment\",\"target\":[\"https:\\\/\\\/divulguems.com.br\\\/?p=20467#respond\"]}]},{\"@type\":\"WebPage\",\"@id\":\"https:\\\/\\\/divulguems.com.br\\\/?p=20467\",\"url\":\"https:\\\/\\\/divulguems.com.br\\\/?p=20467\",\"name\":\"Inscri\u00e7\u00f5es para vagas remanescentes do Fies terminam hoje - Divulgue MS\",\"isPartOf\":{\"@id\":\"https:\\\/\\\/divulguems.com.br\\\/#website\"},\"primaryImageOfPage\":{\"@id\":\"https:\\\/\\\/divulguems.com.br\\\/?p=20467#primaryimage\"},\"image\":{\"@id\":\"https:\\\/\\\/divulguems.com.br\\\/?p=20467#primaryimage\"},\"thumbnailUrl\":\"https:\\\/\\\/divulguems.com.br\\\/wp-content\\\/uploads\\\/2026\\\/04\\\/20467-inscricoes-para-vagas-remanescentes-do-fies-terminam-hoje.jpg\",\"datePublished\":\"2026-04-30T02:47:41+00:00\",\"breadcrumb\":{\"@id\":\"https:\\\/\\\/divulguems.com.br\\\/?p=20467#breadcrumb\"},\"inLanguage\":\"pt-BR\",\"potentialAction\":[{\"@type\":\"ReadAction\",\"target\":[\"https:\\\/\\\/divulguems.com.br\\\/?p=20467\"]}]},{\"@type\":\"ImageObject\",\"inLanguage\":\"pt-BR\",\"@id\":\"https:\\\/\\\/divulguems.com.br\\\/?p=20467#primaryimage\",\"url\":\"https:\\\/\\\/divulguems.com.br\\\/wp-content\\\/uploads\\\/2026\\\/04\\\/20467-inscricoes-para-vagas-remanescentes-do-fies-terminam-hoje.jpg\",\"contentUrl\":\"https:\\\/\\\/divulguems.com.br\\\/wp-content\\\/uploads\\\/2026\\\/04\\\/20467-inscricoes-para-vagas-remanescentes-do-fies-terminam-hoje.jpg\",\"width\":1600,\"height\":800,\"caption\":\"Inscri\u00e7\u00f5es para vagas remanescentes do Fies terminam hoje\"},{\"@type\":\"BreadcrumbList\",\"@id\":\"https:\\\/\\\/divulguems.com.br\\\/?p=20467#breadcrumb\",\"itemListElement\":[{\"@type\":\"ListItem\",\"position\":1,\"name\":\"In\u00edcio\",\"item\":\"https:\\\/\\\/divulguems.com.br\\\/\"},{\"@type\":\"ListItem\",\"position\":2,\"name\":\"Inscri\u00e7\u00f5es para vagas remanescentes do Fies terminam hoje\"}]},{\"@type\":\"WebSite\",\"@id\":\"https:\\\/\\\/divulguems.com.br\\\/#website\",\"url\":\"https:\\\/\\\/divulguems.com.br\\\/\",\"name\":\"Portal Infoco Brasil\",\"description\":\"L\u00edder de audi\u00eancia.\",\"publisher\":{\"@id\":\"https:\\\/\\\/divulguems.com.br\\\/#organization\"},\"potentialAction\":[{\"@type\":\"SearchAction\",\"target\":{\"@type\":\"EntryPoint\",\"urlTemplate\":\"https:\\\/\\\/divulguems.com.br\\\/?s={search_term_string}\"},\"query-input\":{\"@type\":\"PropertyValueSpecification\",\"valueRequired\":true,\"valueName\":\"search_term_string\"}}],\"inLanguage\":\"pt-BR\"},{\"@type\":\"Organization\",\"@id\":\"https:\\\/\\\/divulguems.com.br\\\/#organization\",\"name\":\"Portal Infoco Brasil\",\"url\":\"https:\\\/\\\/divulguems.com.br\\\/\",\"logo\":{\"@type\":\"ImageObject\",\"inLanguage\":\"pt-BR\",\"@id\":\"https:\\\/\\\/divulguems.com.br\\\/#\\\/schema\\\/logo\\\/image\\\/\",\"url\":\"https:\\\/\\\/divulguems.com.br\\\/wp-content\\\/uploads\\\/2025\\\/04\\\/LOGO-PNG-AZUL.png\",\"contentUrl\":\"https:\\\/\\\/divulguems.com.br\\\/wp-content\\\/uploads\\\/2025\\\/04\\\/LOGO-PNG-AZUL.png\",\"width\":1166,\"height\":475,\"caption\":\"Portal Infoco Brasil\"},\"image\":{\"@id\":\"https:\\\/\\\/divulguems.com.br\\\/#\\\/schema\\\/logo\\\/image\\\/\"},\"sameAs\":[\"https:\\\/\\\/www.facebook.com\\\/portalinfocobrasil\",\"https:\\\/\\\/www.instagram.com\\\/portalinfocobrasil\"]},{\"@type\":\"Person\",\"@id\":\"https:\\\/\\\/divulguems.com.br\\\/#\\\/schema\\\/person\\\/583b3cc8cc6f7873c088fa19c8a5a4d2\",\"name\":\"Daniella Almeida - Reporter da Agencia Brasil\",\"image\":{\"@type\":\"ImageObject\",\"inLanguage\":\"pt-BR\",\"@id\":\"https:\\\/\\\/secure.gravatar.com\\\/avatar\\\/b7aaa09fb32d4c802fc7b5157ca819b6e1f28f8c9c7b444d3fee703d0a999116?s=96&d=mm&r=g\",\"url\":\"https:\\\/\\\/secure.gravatar.com\\\/avatar\\\/b7aaa09fb32d4c802fc7b5157ca819b6e1f28f8c9c7b444d3fee703d0a999116?s=96&d=mm&r=g\",\"contentUrl\":\"https:\\\/\\\/secure.gravatar.com\\\/avatar\\\/b7aaa09fb32d4c802fc7b5157ca819b6e1f28f8c9c7b444d3fee703d0a999116?s=96&d=mm&r=g\",\"caption\":\"Daniella Almeida - Reporter da Agencia Brasil\"},\"url\":\"https:\\\/\\\/divulguems.com.br\\\/?author=110\"}]}<\/script>\n<!-- \/ Yoast SEO Premium plugin. -->","yoast_head_json":{"title":"Inscri\u00e7\u00f5es para vagas remanescentes do Fies terminam hoje - Divulgue MS","robots":{"index":"index","follow":"follow","max-snippet":"max-snippet:-1","max-image-preview":"max-image-preview:large","max-video-preview":"max-video-preview:-1"},"canonical":"https:\/\/divulguems.com.br\/?p=20467","og_locale":"pt_BR","og_type":"article","og_title":"Inscri\u00e7\u00f5es para vagas remanescentes do Fies terminam hoje","og_description":"As inscri\u00e7\u00f5es gratuitas para as vagas remanescentes do Fundo de Financiamento Estudantil (Fies) do primeiro semestre de 2026 terminam \u00e0s 23h59 (hor\u00e1rio de Bras\u00edlia) desta quarta-feira (29). O per\u00edodo para os interessados se inscreverem come\u00e7ou no \u00faltimo dia 22. Os interessados em participar do processo seletivo devem se inscrever, exclusivamente pela internet, por meio da [&hellip;]","og_url":"https:\/\/divulguems.com.br\/?p=20467","og_site_name":"Divulgue MS","article_publisher":"https:\/\/www.facebook.com\/portalinfocobrasil","article_published_time":"2026-04-30T02:47:41+00:00","og_image":[{"url":"https:\/\/cdn.jsdelivr.net\/gh\/sergiosdlima\/assets-ebc@1.0.0\/abr\/assets\/images\/logo-agenciabrasil.svg","type":"","width":"","height":""}],"author":"Daniella Almeida - Reporter da Agencia Brasil","twitter_card":"summary_large_image","twitter_misc":{"Escrito por":"Daniella Almeida - Reporter da Agencia Brasil","Est. tempo de leitura":"3 minutos"},"schema":{"@context":"https:\/\/schema.org","@graph":[{"@type":"Article","@id":"https:\/\/divulguems.com.br\/?p=20467#article","isPartOf":{"@id":"https:\/\/divulguems.com.br\/?p=20467"},"author":{"name":"Daniella Almeida - Reporter da Agencia Brasil","@id":"https:\/\/divulguems.com.br\/#\/schema\/person\/583b3cc8cc6f7873c088fa19c8a5a4d2"},"headline":"Inscri\u00e7\u00f5es para vagas remanescentes do Fies terminam hoje","datePublished":"2026-04-30T02:47:41+00:00","mainEntityOfPage":{"@id":"https:\/\/divulguems.com.br\/?p=20467"},"wordCount":588,"commentCount":0,"publisher":{"@id":"https:\/\/divulguems.com.br\/#organization"},"image":{"@id":"https:\/\/divulguems.com.br\/?p=20467#primaryimage"},"thumbnailUrl":"https:\/\/divulguems.com.br\/wp-content\/uploads\/2026\/04\/20467-inscricoes-para-vagas-remanescentes-do-fies-terminam-hoje.jpg","articleSection":["Seguran\u00e7a e Justi\u00e7a"],"inLanguage":"pt-BR","potentialAction":[{"@type":"CommentAction","name":"Comment","target":["https:\/\/divulguems.com.br\/?p=20467#respond"]}]},{"@type":"WebPage","@id":"https:\/\/divulguems.com.br\/?p=20467","url":"https:\/\/divulguems.com.br\/?p=20467","name":"Inscri\u00e7\u00f5es para vagas remanescentes do Fies terminam hoje - Divulgue MS","isPartOf":{"@id":"https:\/\/divulguems.com.br\/#website"},"primaryImageOfPage":{"@id":"https:\/\/divulguems.com.br\/?p=20467#primaryimage"},"image":{"@id":"https:\/\/divulguems.com.br\/?p=20467#primaryimage"},"thumbnailUrl":"https:\/\/divulguems.com.br\/wp-content\/uploads\/2026\/04\/20467-inscricoes-para-vagas-remanescentes-do-fies-terminam-hoje.jpg","datePublished":"2026-04-30T02:47:41+00:00","breadcrumb":{"@id":"https:\/\/divulguems.com.br\/?p=20467#breadcrumb"},"inLanguage":"pt-BR","potentialAction":[{"@type":"ReadAction","target":["https:\/\/divulguems.com.br\/?p=20467"]}]},{"@type":"ImageObject","inLanguage":"pt-BR","@id":"https:\/\/divulguems.com.br\/?p=20467#primaryimage","url":"https:\/\/divulguems.com.br\/wp-content\/uploads\/2026\/04\/20467-inscricoes-para-vagas-remanescentes-do-fies-terminam-hoje.jpg","contentUrl":"https:\/\/divulguems.com.br\/wp-content\/uploads\/2026\/04\/20467-inscricoes-para-vagas-remanescentes-do-fies-terminam-hoje.jpg","width":1600,"height":800,"caption":"Inscri\u00e7\u00f5es para vagas remanescentes do Fies terminam hoje"},{"@type":"BreadcrumbList","@id":"https:\/\/divulguems.com.br\/?p=20467#breadcrumb","itemListElement":[{"@type":"ListItem","position":1,"name":"In\u00edcio","item":"https:\/\/divulguems.com.br\/"},{"@type":"ListItem","position":2,"name":"Inscri\u00e7\u00f5es para vagas remanescentes do Fies terminam hoje"}]},{"@type":"WebSite","@id":"https:\/\/divulguems.com.br\/#website","url":"https:\/\/divulguems.com.br\/","name":"Portal Infoco Brasil","description":"L\u00edder de audi\u00eancia.","publisher":{"@id":"https:\/\/divulguems.com.br\/#organization"},"potentialAction":[{"@type":"SearchAction","target":{"@type":"EntryPoint","urlTemplate":"https:\/\/divulguems.com.br\/?s={search_term_string}"},"query-input":{"@type":"PropertyValueSpecification","valueRequired":true,"valueName":"search_term_string"}}],"inLanguage":"pt-BR"},{"@type":"Organization","@id":"https:\/\/divulguems.com.br\/#organization","name":"Portal Infoco Brasil","url":"https:\/\/divulguems.com.br\/","logo":{"@type":"ImageObject","inLanguage":"pt-BR","@id":"https:\/\/divulguems.com.br\/#\/schema\/logo\/image\/","url":"https:\/\/divulguems.com.br\/wp-content\/uploads\/2025\/04\/LOGO-PNG-AZUL.png","contentUrl":"https:\/\/divulguems.com.br\/wp-content\/uploads\/2025\/04\/LOGO-PNG-AZUL.png","width":1166,"height":475,"caption":"Portal Infoco Brasil"},"image":{"@id":"https:\/\/divulguems.com.br\/#\/schema\/logo\/image\/"},"sameAs":["https:\/\/www.facebook.com\/portalinfocobrasil","https:\/\/www.instagram.com\/portalinfocobrasil"]},{"@type":"Person","@id":"https:\/\/divulguems.com.br\/#\/schema\/person\/583b3cc8cc6f7873c088fa19c8a5a4d2","name":"Daniella Almeida - Reporter da Agencia Brasil","image":{"@type":"ImageObject","inLanguage":"pt-BR","@id":"https:\/\/secure.gravatar.com\/avatar\/b7aaa09fb32d4c802fc7b5157ca819b6e1f28f8c9c7b444d3fee703d0a999116?s=96&d=mm&r=g","url":"https:\/\/secure.gravatar.com\/avatar\/b7aaa09fb32d4c802fc7b5157ca819b6e1f28f8c9c7b444d3fee703d0a999116?s=96&d=mm&r=g","contentUrl":"https:\/\/secure.gravatar.com\/avatar\/b7aaa09fb32d4c802fc7b5157ca819b6e1f28f8c9c7b444d3fee703d0a999116?s=96&d=mm&r=g","caption":"Daniella Almeida - Reporter da Agencia Brasil"},"url":"https:\/\/divulguems.com.br\/?author=110"}]}},"_links":{"self":[{"href":"https:\/\/divulguems.com.br\/index.php?rest_route=\/wp\/v2\/posts\/20467","targetHints":{"allow":["GET"]}}],"collection":[{"href":"https:\/\/divulguems.com.br\/index.php?rest_route=\/wp\/v2\/posts"}],"about":[{"href":"https:\/\/divulguems.com.br\/index.php?rest_route=\/wp\/v2\/types\/post"}],"author":[{"embeddable":true,"href":"https:\/\/divulguems.com.br\/index.php?rest_route=\/wp\/v2\/users\/110"}],"replies":[{"embeddable":true,"href":"https:\/\/divulguems.com.br\/index.php?rest_route=%2Fwp%2Fv2%2Fcomments&post=20467"}],"version-history":[{"count":0,"href":"https:\/\/divulguems.com.br\/index.php?rest_route=\/wp\/v2\/posts\/20467\/revisions"}],"wp:featuredmedia":[{"embeddable":true,"href":"https:\/\/divulguems.com.br\/index.php?rest_route=\/wp\/v2\/media\/20468"}],"wp:attachment":[{"href":"https:\/\/divulguems.com.br\/index.php?rest_route=%2Fwp%2Fv2%2Fmedia&parent=20467"}],"wp:term":[{"taxonomy":"category","embeddable":true,"href":"https:\/\/divulguems.com.br\/index.php?rest_route=%2Fwp%2Fv2%2Fcategories&post=20467"},{"taxonomy":"post_tag","embeddable":true,"href":"https:\/\/divulguems.com.br\/index.php?rest_route=%2Fwp%2Fv2%2Ftags&post=20467"}],"curies":[{"name":"wp","href":"https:\/\/api.w.org\/{rel}","templated":true}]}}