{"id":20469,"date":"2026-04-29T22:47:43","date_gmt":"2026-04-30T02:47:43","guid":{"rendered":"https:\/\/divulguems.com.br\/?p=20469"},"modified":"2026-04-29T22:47:43","modified_gmt":"2026-04-30T02:47:43","slug":"prf-reforca-policiamento-nas-rodovias-com-a-operacao-dia-do-trabalho","status":"publish","type":"post","link":"https:\/\/divulguems.com.br\/?p=20469","title":{"rendered":"PRF refor\u00e7a policiamento nas rodovias com a Opera\u00e7\u00e3o Dia do Trabalho"},"content":{"rendered":"<p>A Pol\u00edcia Rodovi\u00e1ria Federal inicia, nesta quinta-feira, a Opera\u00e7\u00e3o Dia do Trabalho em todo o pa\u00eds. A a\u00e7\u00e3o segue at\u00e9 domingo, com refor\u00e7o na fiscaliza\u00e7\u00e3o e no policiamento das rodovias federais, diante do aumento no fluxo de ve\u00edculos durante o feriado prolongado.<img decoding=\"async\" src=\"https:\/\/agenciabrasil.ebc.com.br\/ebc.png?id=1687751&#038;o=rss\"><img decoding=\"async\" src=\"https:\/\/agenciabrasil.ebc.com.br\/ebc.gif?id=1687751&#038;o=rss\"><\/p>\n<p>O foco principal \u00e9 a preven\u00e7\u00e3o de colis\u00f5es traseiras, o tipo de acidente mais frequente nas estradas. Somente nos tr\u00eas primeiros meses de 2026, foram registrados 17.500\u00a0sinistros, sendo 3.300\u00a0desse tipo \u2014 um aumento de pouco mais de 3% em rela\u00e7\u00e3o ao mesmo per\u00edodo do ano passado. Como explica o coordenador-geral de Gest\u00e3o Operacional da PRF, St\u00eanio Pires.<\/p>\n<blockquote>\n<p>\u201c\u00c9 o tipo de acidente que mais ocorre ao longo das rodovias federais, apesar de n\u00e3o ser o que mais ocasiona mortes. Mas mesmo assim, ainda assim, muitas v\u00edtimas com les\u00f5es graves e mortos ocorrem nesse tipo de acidente, que ocorre principalmente nos trechos urbanos e \u00e9 ocasionado pela falta de dist\u00e2ncia entre o ve\u00edculo, da frente e o ve\u00edculo que est\u00e1 transitando atr\u00e1s.\u201d<\/p>\n<\/blockquote>\n<p>A PRF destaca que entre as principais causas dos acidentes est\u00e3o a desaten\u00e7\u00e3o ao volante, o excesso de velocidade e a falta de dist\u00e2ncia segura entre ve\u00edculos. Essa \u00faltima infra\u00e7\u00e3o teve crescimento expressivo: mais de 14 mil motoristas foram autuados no primeiro trimestre, alta de 91% na compara\u00e7\u00e3o anual.<\/p>\n<p>Os estados das regi\u00f5es Sul e Sudeste concentram o maior n\u00famero de registros. Santa Catarina lidera tanto em colis\u00f5es traseiras quanto em autua\u00e7\u00f5es por falta de dist\u00e2ncia segura. Minas Gerais e Paran\u00e1 aparecem na sequ\u00eancia.<\/p>\n<p>Para reduzir riscos, a corpora\u00e7\u00e3o recomenda a chamada \u201cRegra dos 3 Ds\u201d: dist\u00e2ncia, dire\u00e7\u00e3o defensiva e diminui\u00e7\u00e3o da velocidade. Antes de pegar a estrada, a orienta\u00e7\u00e3o \u00e9 revisar o ve\u00edculo, descansar, verificar as condi\u00e7\u00f5es da rodovia e do clima, al\u00e9m de n\u00e3o consumir \u00e1lcool. O uso do cinto de seguran\u00e7a, a aten\u00e7\u00e3o ao volante e o respeito \u00e0s regras de tr\u00e2nsito seguem como fatores decisivos para uma viagem segura.<\/p>\n<p>  <span class=\"hms hms-format-m-ss\">2:22<\/span><\/p>\n","protected":false},"excerpt":{"rendered":"<p>A Pol\u00edcia Rodovi\u00e1ria Federal inicia, nesta quinta-feira, a Opera\u00e7\u00e3o Dia do Trabalho em todo o pa\u00eds. A a\u00e7\u00e3o segue at\u00e9 domingo, com refor\u00e7o na fiscaliza\u00e7\u00e3o e no policiamento das rodovias federais, diante do aumento no fluxo de ve\u00edculos durante o feriado prolongado. O foco principal \u00e9 a preven\u00e7\u00e3o de colis\u00f5es traseiras, o tipo de acidente [&hellip;]<\/p>\n","protected":false},"author":458,"featured_media":20470,"comment_status":"open","ping_status":"open","sticky":false,"template":"","format":"standard","meta":{"site-sidebar-layout":"default","site-content-layout":"","ast-site-content-layout":"default","site-content-style":"default","site-sidebar-style":"default","ast-global-header-display":"","ast-banner-title-visibility":"","ast-main-header-display":"","ast-hfb-above-header-display":"","ast-hfb-below-header-display":"","ast-hfb-mobile-header-display":"","site-post-title":"","ast-breadcrumbs-content":"","ast-featured-img":"","footer-sml-layout":"","ast-disable-related-posts":"","theme-transparent-header-meta":"","adv-header-id-meta":"","stick-header-meta":"","header-above-stick-meta":"","header-main-stick-meta":"","header-below-stick-meta":"","astra-migrate-meta-layouts":"default","ast-page-background-enabled":"default","ast-page-background-meta":{"desktop":{"background-color":"var(--ast-global-color-4)","background-image":"","background-repeat":"repeat","background-position":"center center","background-size":"auto","background-attachment":"scroll","background-type":"","background-media":"","overlay-type":"","overlay-color":"","overlay-opacity":"","overlay-gradient":""},"tablet":{"background-color":"","background-image":"","background-repeat":"repeat","background-position":"center center","background-size":"auto","background-attachment":"scroll","background-type":"","background-media":"","overlay-type":"","overlay-color":"","overlay-opacity":"","overlay-gradient":""},"mobile":{"background-color":"","background-image":"","background-repeat":"repeat","background-position":"center center","background-size":"auto","background-attachment":"scroll","background-type":"","background-media":"","overlay-type":"","overlay-color":"","overlay-opacity":"","overlay-gradient":""}},"ast-content-background-meta":{"desktop":{"background-color":"var(--ast-global-color-5)","background-image":"","background-repeat":"repeat","background-position":"center center","background-size":"auto","background-attachment":"scroll","background-type":"","background-media":"","overlay-type":"","overlay-color":"","overlay-opacity":"","overlay-gradient":""},"tablet":{"background-color":"var(--ast-global-color-5)","background-image":"","background-repeat":"repeat","background-position":"center center","background-size":"auto","background-attachment":"scroll","background-type":"","background-media":"","overlay-type":"","overlay-color":"","overlay-opacity":"","overlay-gradient":""},"mobile":{"background-color":"var(--ast-global-color-5)","background-image":"","background-repeat":"repeat","background-position":"center center","background-size":"auto","background-attachment":"scroll","background-type":"","background-media":"","overlay-type":"","overlay-color":"","overlay-opacity":"","overlay-gradient":""}},"footnotes":""},"categories":[4],"tags":[],"class_list":["post-20469","post","type-post","status-publish","format-standard","has-post-thumbnail","hentry","category-politica"],"yoast_head":"<!-- This site is optimized with the Yoast SEO Premium plugin v23.6 (Yoast SEO v27.4) - https:\/\/yoast.com\/product\/yoast-seo-premium-wordpress\/ -->\n<title>PRF refor\u00e7a policiamento nas rodovias com a Opera\u00e7\u00e3o Dia do Trabalho - Divulgue MS<\/title>\n<meta name=\"robots\" content=\"index, follow, max-snippet:-1, max-image-preview:large, max-video-preview:-1\" \/>\n<link rel=\"canonical\" href=\"https:\/\/divulguems.com.br\/?p=20469\" \/>\n<meta property=\"og:locale\" content=\"pt_BR\" \/>\n<meta property=\"og:type\" content=\"article\" \/>\n<meta property=\"og:title\" content=\"PRF refor\u00e7a policiamento nas rodovias com a Opera\u00e7\u00e3o Dia do Trabalho\" \/>\n<meta property=\"og:description\" content=\"A Pol\u00edcia Rodovi\u00e1ria Federal inicia, nesta quinta-feira, a Opera\u00e7\u00e3o Dia do Trabalho em todo o pa\u00eds. A a\u00e7\u00e3o segue at\u00e9 domingo, com refor\u00e7o na fiscaliza\u00e7\u00e3o e no policiamento das rodovias federais, diante do aumento no fluxo de ve\u00edculos durante o feriado prolongado. O foco principal \u00e9 a preven\u00e7\u00e3o de colis\u00f5es traseiras, o tipo de acidente [&hellip;]\" \/>\n<meta property=\"og:url\" content=\"https:\/\/divulguems.com.br\/?p=20469\" \/>\n<meta property=\"og:site_name\" content=\"Divulgue MS\" \/>\n<meta property=\"article:publisher\" content=\"https:\/\/www.facebook.com\/portalinfocobrasil\" \/>\n<meta property=\"article:published_time\" content=\"2026-04-30T02:47:43+00:00\" \/>\n<meta property=\"og:image\" content=\"https:\/\/agenciabrasil.ebc.com.br\/ebc.png?id=1687751&o=rss\" \/>\n<meta name=\"author\" content=\"Pedro Lacerda - Reporter da Radio Nacional\" \/>\n<meta name=\"twitter:card\" content=\"summary_large_image\" \/>\n<meta name=\"twitter:label1\" content=\"Escrito por\" \/>\n\t<meta name=\"twitter:data1\" content=\"Pedro Lacerda - Reporter da Radio Nacional\" \/>\n\t<meta name=\"twitter:label2\" content=\"Est. tempo de leitura\" \/>\n\t<meta name=\"twitter:data2\" content=\"2 minutos\" \/>\n<script type=\"application\/ld+json\" class=\"yoast-schema-graph\">{\"@context\":\"https:\\\/\\\/schema.org\",\"@graph\":[{\"@type\":\"Article\",\"@id\":\"https:\\\/\\\/divulguems.com.br\\\/?p=20469#article\",\"isPartOf\":{\"@id\":\"https:\\\/\\\/divulguems.com.br\\\/?p=20469\"},\"author\":{\"name\":\"Pedro Lacerda - Reporter da Radio Nacional\",\"@id\":\"https:\\\/\\\/divulguems.com.br\\\/#\\\/schema\\\/person\\\/9c9f8c439d4a1939001506b2fddafb3e\"},\"headline\":\"PRF refor\u00e7a policiamento nas rodovias com a Opera\u00e7\u00e3o Dia do Trabalho\",\"datePublished\":\"2026-04-30T02:47:43+00:00\",\"mainEntityOfPage\":{\"@id\":\"https:\\\/\\\/divulguems.com.br\\\/?p=20469\"},\"wordCount\":365,\"commentCount\":0,\"publisher\":{\"@id\":\"https:\\\/\\\/divulguems.com.br\\\/#organization\"},\"image\":{\"@id\":\"https:\\\/\\\/divulguems.com.br\\\/?p=20469#primaryimage\"},\"thumbnailUrl\":\"https:\\\/\\\/divulguems.com.br\\\/wp-content\\\/uploads\\\/2026\\\/04\\\/20469-prf-reforca-policiamento-nas-rodovias-com-a-operacao-dia-do-trabalho.jpg\",\"articleSection\":[\"Pol\u00edtica\"],\"inLanguage\":\"pt-BR\",\"potentialAction\":[{\"@type\":\"CommentAction\",\"name\":\"Comment\",\"target\":[\"https:\\\/\\\/divulguems.com.br\\\/?p=20469#respond\"]}]},{\"@type\":\"WebPage\",\"@id\":\"https:\\\/\\\/divulguems.com.br\\\/?p=20469\",\"url\":\"https:\\\/\\\/divulguems.com.br\\\/?p=20469\",\"name\":\"PRF refor\u00e7a policiamento nas rodovias com a Opera\u00e7\u00e3o Dia do Trabalho - Divulgue MS\",\"isPartOf\":{\"@id\":\"https:\\\/\\\/divulguems.com.br\\\/#website\"},\"primaryImageOfPage\":{\"@id\":\"https:\\\/\\\/divulguems.com.br\\\/?p=20469#primaryimage\"},\"image\":{\"@id\":\"https:\\\/\\\/divulguems.com.br\\\/?p=20469#primaryimage\"},\"thumbnailUrl\":\"https:\\\/\\\/divulguems.com.br\\\/wp-content\\\/uploads\\\/2026\\\/04\\\/20469-prf-reforca-policiamento-nas-rodovias-com-a-operacao-dia-do-trabalho.jpg\",\"datePublished\":\"2026-04-30T02:47:43+00:00\",\"breadcrumb\":{\"@id\":\"https:\\\/\\\/divulguems.com.br\\\/?p=20469#breadcrumb\"},\"inLanguage\":\"pt-BR\",\"potentialAction\":[{\"@type\":\"ReadAction\",\"target\":[\"https:\\\/\\\/divulguems.com.br\\\/?p=20469\"]}]},{\"@type\":\"ImageObject\",\"inLanguage\":\"pt-BR\",\"@id\":\"https:\\\/\\\/divulguems.com.br\\\/?p=20469#primaryimage\",\"url\":\"https:\\\/\\\/divulguems.com.br\\\/wp-content\\\/uploads\\\/2026\\\/04\\\/20469-prf-reforca-policiamento-nas-rodovias-com-a-operacao-dia-do-trabalho.jpg\",\"contentUrl\":\"https:\\\/\\\/divulguems.com.br\\\/wp-content\\\/uploads\\\/2026\\\/04\\\/20469-prf-reforca-policiamento-nas-rodovias-com-a-operacao-dia-do-trabalho.jpg\",\"width\":1600,\"height\":800,\"caption\":\"PRF refor\u00e7a policiamento nas rodovias com a Opera\u00e7\u00e3o Dia do Trabalho\"},{\"@type\":\"BreadcrumbList\",\"@id\":\"https:\\\/\\\/divulguems.com.br\\\/?p=20469#breadcrumb\",\"itemListElement\":[{\"@type\":\"ListItem\",\"position\":1,\"name\":\"In\u00edcio\",\"item\":\"https:\\\/\\\/divulguems.com.br\\\/\"},{\"@type\":\"ListItem\",\"position\":2,\"name\":\"PRF refor\u00e7a policiamento nas rodovias com a Opera\u00e7\u00e3o Dia do Trabalho\"}]},{\"@type\":\"WebSite\",\"@id\":\"https:\\\/\\\/divulguems.com.br\\\/#website\",\"url\":\"https:\\\/\\\/divulguems.com.br\\\/\",\"name\":\"Portal Infoco Brasil\",\"description\":\"L\u00edder de audi\u00eancia.\",\"publisher\":{\"@id\":\"https:\\\/\\\/divulguems.com.br\\\/#organization\"},\"potentialAction\":[{\"@type\":\"SearchAction\",\"target\":{\"@type\":\"EntryPoint\",\"urlTemplate\":\"https:\\\/\\\/divulguems.com.br\\\/?s={search_term_string}\"},\"query-input\":{\"@type\":\"PropertyValueSpecification\",\"valueRequired\":true,\"valueName\":\"search_term_string\"}}],\"inLanguage\":\"pt-BR\"},{\"@type\":\"Organization\",\"@id\":\"https:\\\/\\\/divulguems.com.br\\\/#organization\",\"name\":\"Portal Infoco Brasil\",\"url\":\"https:\\\/\\\/divulguems.com.br\\\/\",\"logo\":{\"@type\":\"ImageObject\",\"inLanguage\":\"pt-BR\",\"@id\":\"https:\\\/\\\/divulguems.com.br\\\/#\\\/schema\\\/logo\\\/image\\\/\",\"url\":\"https:\\\/\\\/divulguems.com.br\\\/wp-content\\\/uploads\\\/2025\\\/04\\\/LOGO-PNG-AZUL.png\",\"contentUrl\":\"https:\\\/\\\/divulguems.com.br\\\/wp-content\\\/uploads\\\/2025\\\/04\\\/LOGO-PNG-AZUL.png\",\"width\":1166,\"height\":475,\"caption\":\"Portal Infoco Brasil\"},\"image\":{\"@id\":\"https:\\\/\\\/divulguems.com.br\\\/#\\\/schema\\\/logo\\\/image\\\/\"},\"sameAs\":[\"https:\\\/\\\/www.facebook.com\\\/portalinfocobrasil\",\"https:\\\/\\\/www.instagram.com\\\/portalinfocobrasil\"]},{\"@type\":\"Person\",\"@id\":\"https:\\\/\\\/divulguems.com.br\\\/#\\\/schema\\\/person\\\/9c9f8c439d4a1939001506b2fddafb3e\",\"name\":\"Pedro Lacerda - Reporter da Radio Nacional\",\"image\":{\"@type\":\"ImageObject\",\"inLanguage\":\"pt-BR\",\"@id\":\"https:\\\/\\\/secure.gravatar.com\\\/avatar\\\/02ced4dd5344c4f183c0497a580f574efd6a3c41d38613050e1ba04145694ff6?s=96&d=mm&r=g\",\"url\":\"https:\\\/\\\/secure.gravatar.com\\\/avatar\\\/02ced4dd5344c4f183c0497a580f574efd6a3c41d38613050e1ba04145694ff6?s=96&d=mm&r=g\",\"contentUrl\":\"https:\\\/\\\/secure.gravatar.com\\\/avatar\\\/02ced4dd5344c4f183c0497a580f574efd6a3c41d38613050e1ba04145694ff6?s=96&d=mm&r=g\",\"caption\":\"Pedro Lacerda - Reporter da Radio Nacional\"},\"url\":\"https:\\\/\\\/divulguems.com.br\\\/?author=458\"}]}<\/script>\n<!-- \/ Yoast SEO Premium plugin. -->","yoast_head_json":{"title":"PRF refor\u00e7a policiamento nas rodovias com a Opera\u00e7\u00e3o Dia do Trabalho - Divulgue MS","robots":{"index":"index","follow":"follow","max-snippet":"max-snippet:-1","max-image-preview":"max-image-preview:large","max-video-preview":"max-video-preview:-1"},"canonical":"https:\/\/divulguems.com.br\/?p=20469","og_locale":"pt_BR","og_type":"article","og_title":"PRF refor\u00e7a policiamento nas rodovias com a Opera\u00e7\u00e3o Dia do Trabalho","og_description":"A Pol\u00edcia Rodovi\u00e1ria Federal inicia, nesta quinta-feira, a Opera\u00e7\u00e3o Dia do Trabalho em todo o pa\u00eds. A a\u00e7\u00e3o segue at\u00e9 domingo, com refor\u00e7o na fiscaliza\u00e7\u00e3o e no policiamento das rodovias federais, diante do aumento no fluxo de ve\u00edculos durante o feriado prolongado. O foco principal \u00e9 a preven\u00e7\u00e3o de colis\u00f5es traseiras, o tipo de acidente [&hellip;]","og_url":"https:\/\/divulguems.com.br\/?p=20469","og_site_name":"Divulgue MS","article_publisher":"https:\/\/www.facebook.com\/portalinfocobrasil","article_published_time":"2026-04-30T02:47:43+00:00","og_image":[{"url":"https:\/\/agenciabrasil.ebc.com.br\/ebc.png?id=1687751&o=rss","type":"","width":"","height":""}],"author":"Pedro Lacerda - Reporter da Radio Nacional","twitter_card":"summary_large_image","twitter_misc":{"Escrito por":"Pedro Lacerda - Reporter da Radio Nacional","Est. tempo de leitura":"2 minutos"},"schema":{"@context":"https:\/\/schema.org","@graph":[{"@type":"Article","@id":"https:\/\/divulguems.com.br\/?p=20469#article","isPartOf":{"@id":"https:\/\/divulguems.com.br\/?p=20469"},"author":{"name":"Pedro Lacerda - Reporter da Radio Nacional","@id":"https:\/\/divulguems.com.br\/#\/schema\/person\/9c9f8c439d4a1939001506b2fddafb3e"},"headline":"PRF refor\u00e7a policiamento nas rodovias com a Opera\u00e7\u00e3o Dia do Trabalho","datePublished":"2026-04-30T02:47:43+00:00","mainEntityOfPage":{"@id":"https:\/\/divulguems.com.br\/?p=20469"},"wordCount":365,"commentCount":0,"publisher":{"@id":"https:\/\/divulguems.com.br\/#organization"},"image":{"@id":"https:\/\/divulguems.com.br\/?p=20469#primaryimage"},"thumbnailUrl":"https:\/\/divulguems.com.br\/wp-content\/uploads\/2026\/04\/20469-prf-reforca-policiamento-nas-rodovias-com-a-operacao-dia-do-trabalho.jpg","articleSection":["Pol\u00edtica"],"inLanguage":"pt-BR","potentialAction":[{"@type":"CommentAction","name":"Comment","target":["https:\/\/divulguems.com.br\/?p=20469#respond"]}]},{"@type":"WebPage","@id":"https:\/\/divulguems.com.br\/?p=20469","url":"https:\/\/divulguems.com.br\/?p=20469","name":"PRF refor\u00e7a policiamento nas rodovias com a Opera\u00e7\u00e3o Dia do Trabalho - Divulgue MS","isPartOf":{"@id":"https:\/\/divulguems.com.br\/#website"},"primaryImageOfPage":{"@id":"https:\/\/divulguems.com.br\/?p=20469#primaryimage"},"image":{"@id":"https:\/\/divulguems.com.br\/?p=20469#primaryimage"},"thumbnailUrl":"https:\/\/divulguems.com.br\/wp-content\/uploads\/2026\/04\/20469-prf-reforca-policiamento-nas-rodovias-com-a-operacao-dia-do-trabalho.jpg","datePublished":"2026-04-30T02:47:43+00:00","breadcrumb":{"@id":"https:\/\/divulguems.com.br\/?p=20469#breadcrumb"},"inLanguage":"pt-BR","potentialAction":[{"@type":"ReadAction","target":["https:\/\/divulguems.com.br\/?p=20469"]}]},{"@type":"ImageObject","inLanguage":"pt-BR","@id":"https:\/\/divulguems.com.br\/?p=20469#primaryimage","url":"https:\/\/divulguems.com.br\/wp-content\/uploads\/2026\/04\/20469-prf-reforca-policiamento-nas-rodovias-com-a-operacao-dia-do-trabalho.jpg","contentUrl":"https:\/\/divulguems.com.br\/wp-content\/uploads\/2026\/04\/20469-prf-reforca-policiamento-nas-rodovias-com-a-operacao-dia-do-trabalho.jpg","width":1600,"height":800,"caption":"PRF refor\u00e7a policiamento nas rodovias com a Opera\u00e7\u00e3o Dia do Trabalho"},{"@type":"BreadcrumbList","@id":"https:\/\/divulguems.com.br\/?p=20469#breadcrumb","itemListElement":[{"@type":"ListItem","position":1,"name":"In\u00edcio","item":"https:\/\/divulguems.com.br\/"},{"@type":"ListItem","position":2,"name":"PRF refor\u00e7a policiamento nas rodovias com a Opera\u00e7\u00e3o Dia do Trabalho"}]},{"@type":"WebSite","@id":"https:\/\/divulguems.com.br\/#website","url":"https:\/\/divulguems.com.br\/","name":"Portal Infoco Brasil","description":"L\u00edder de audi\u00eancia.","publisher":{"@id":"https:\/\/divulguems.com.br\/#organization"},"potentialAction":[{"@type":"SearchAction","target":{"@type":"EntryPoint","urlTemplate":"https:\/\/divulguems.com.br\/?s={search_term_string}"},"query-input":{"@type":"PropertyValueSpecification","valueRequired":true,"valueName":"search_term_string"}}],"inLanguage":"pt-BR"},{"@type":"Organization","@id":"https:\/\/divulguems.com.br\/#organization","name":"Portal Infoco Brasil","url":"https:\/\/divulguems.com.br\/","logo":{"@type":"ImageObject","inLanguage":"pt-BR","@id":"https:\/\/divulguems.com.br\/#\/schema\/logo\/image\/","url":"https:\/\/divulguems.com.br\/wp-content\/uploads\/2025\/04\/LOGO-PNG-AZUL.png","contentUrl":"https:\/\/divulguems.com.br\/wp-content\/uploads\/2025\/04\/LOGO-PNG-AZUL.png","width":1166,"height":475,"caption":"Portal Infoco Brasil"},"image":{"@id":"https:\/\/divulguems.com.br\/#\/schema\/logo\/image\/"},"sameAs":["https:\/\/www.facebook.com\/portalinfocobrasil","https:\/\/www.instagram.com\/portalinfocobrasil"]},{"@type":"Person","@id":"https:\/\/divulguems.com.br\/#\/schema\/person\/9c9f8c439d4a1939001506b2fddafb3e","name":"Pedro Lacerda - Reporter da Radio Nacional","image":{"@type":"ImageObject","inLanguage":"pt-BR","@id":"https:\/\/secure.gravatar.com\/avatar\/02ced4dd5344c4f183c0497a580f574efd6a3c41d38613050e1ba04145694ff6?s=96&d=mm&r=g","url":"https:\/\/secure.gravatar.com\/avatar\/02ced4dd5344c4f183c0497a580f574efd6a3c41d38613050e1ba04145694ff6?s=96&d=mm&r=g","contentUrl":"https:\/\/secure.gravatar.com\/avatar\/02ced4dd5344c4f183c0497a580f574efd6a3c41d38613050e1ba04145694ff6?s=96&d=mm&r=g","caption":"Pedro Lacerda - Reporter da Radio Nacional"},"url":"https:\/\/divulguems.com.br\/?author=458"}]}},"_links":{"self":[{"href":"https:\/\/divulguems.com.br\/index.php?rest_route=\/wp\/v2\/posts\/20469","targetHints":{"allow":["GET"]}}],"collection":[{"href":"https:\/\/divulguems.com.br\/index.php?rest_route=\/wp\/v2\/posts"}],"about":[{"href":"https:\/\/divulguems.com.br\/index.php?rest_route=\/wp\/v2\/types\/post"}],"author":[{"embeddable":true,"href":"https:\/\/divulguems.com.br\/index.php?rest_route=\/wp\/v2\/users\/458"}],"replies":[{"embeddable":true,"href":"https:\/\/divulguems.com.br\/index.php?rest_route=%2Fwp%2Fv2%2Fcomments&post=20469"}],"version-history":[{"count":0,"href":"https:\/\/divulguems.com.br\/index.php?rest_route=\/wp\/v2\/posts\/20469\/revisions"}],"wp:featuredmedia":[{"embeddable":true,"href":"https:\/\/divulguems.com.br\/index.php?rest_route=\/wp\/v2\/media\/20470"}],"wp:attachment":[{"href":"https:\/\/divulguems.com.br\/index.php?rest_route=%2Fwp%2Fv2%2Fmedia&parent=20469"}],"wp:term":[{"taxonomy":"category","embeddable":true,"href":"https:\/\/divulguems.com.br\/index.php?rest_route=%2Fwp%2Fv2%2Fcategories&post=20469"},{"taxonomy":"post_tag","embeddable":true,"href":"https:\/\/divulguems.com.br\/index.php?rest_route=%2Fwp%2Fv2%2Ftags&post=20469"}],"curies":[{"name":"wp","href":"https:\/\/api.w.org\/{rel}","templated":true}]}}