{"id":20475,"date":"2026-04-29T22:47:46","date_gmt":"2026-04-30T02:47:46","guid":{"rendered":"https:\/\/divulguems.com.br\/?p=20475"},"modified":"2026-04-29T22:47:46","modified_gmt":"2026-04-30T02:47:46","slug":"nao-e-simples-mas-senado-e-soberano-diz-messias-apos-rejeicao","status":"publish","type":"post","link":"https:\/\/divulguems.com.br\/?p=20475","title":{"rendered":"\u201cN\u00e3o \u00e9 simples, mas Senado \u00e9 soberano\u201d, diz Messias ap\u00f3s rejei\u00e7\u00e3o"},"content":{"rendered":"<\/p>\n<p><a class=\"\" href=\"https:\/\/agenciabrasil.ebc.com.br\/politica\/noticia\/2026-04\/nao-e-simples-mas-senado-e-soberano-diz-messias-apos-rejeicao\"><br \/>\n                    <img decoding=\"async\" src=\"https:\/\/cdn.jsdelivr.net\/gh\/sergiosdlima\/assets-ebc@1.0.0\/abr\/assets\/images\/logo-agenciabrasil.svg\" alt=\"Logo Ag\u00eancia Brasil\"><br \/>\n\t\t\t\t<\/a><\/p>\n<p><strong>Em sua primeira manifesta\u00e7\u00e3o ap\u00f3s <a href=\"https:\/\/agenciabrasil.ebc.com.br\/politica\/noticia\/2026-04\/senado-rejeita-indicacao-de-messias-para-stf\">ter o nome rejeitado para o Supremo Tribunal Federal<\/a> (STF), o advogado-geral da Uni\u00e3o, Jorge Messias, afirmou nesta quarta-feira (29) que participou de forma &#8220;\u00edntegra&#8221; e &#8220;franca&#8221; de todo o processo de indica\u00e7\u00e3o. Ele agradeceu os votos recebidos e disse aceitar o resultado.<\/strong><img decoding=\"async\" src=\"https:\/\/agenciabrasil.ebc.com.br\/ebc.png?id=1687762&#038;o=rss\"><img decoding=\"async\" src=\"https:\/\/agenciabrasil.ebc.com.br\/ebc.gif?id=1687762&#038;o=rss\"><\/p>\n<blockquote>\n<p>&#8220;Me submeti a uma sabatina de cora\u00e7\u00e3o aberto, de alma leve, esp\u00edrito franco. Falei a verdade, falei o que penso, falei o que sinto, demonstrei o que sinto. Agora, a vida \u00e9 assim, tem dias de vit\u00f3rias e dias de derrotas. Temos que aceitar, o Senado \u00e9 soberano, o plen\u00e1rio do Senado \u00e9 soberano. O plen\u00e1rio falou. Agrade\u00e7o os votos que recebi, faz parte do processo democr\u00e1tico saber ganhar, saber perder&#8221;, disse o ministro da AGU em declara\u00e7\u00e3o a jornalistas, ap\u00f3s o resultado.\u00a0\u00a0<\/p>\n<\/blockquote>\n<h3>Not\u00edcias relacionadas:<\/h3>\n<ul>\n<li><a href=\"https:\/\/agenciabrasil.ebc.com.br\/politica\/noticia\/2026-04\/senado-rejeita-indicacao-de-messias-para-stf\">Senado rejeita indica\u00e7\u00e3o de Messias para o STF.<\/a><\/li>\n<li><a href=\"https:\/\/agenciabrasil.ebc.com.br\/justica\/noticia\/2026-04\/fachin-diz-que-respeita-decisao-do-senado-que-barrou-messias\">Fachin diz que respeita decis\u00e3o do Senado que barrou Messias.<\/a><\/li>\n<\/ul>\n<p><strong>O nome indicado pelo presidente Luiz In\u00e1cio Lula da Silva recebeu 42 votos contr\u00e1rios e 34 favor\u00e1veis. <\/strong>Para que a indica\u00e7\u00e3o de Messias fosse aprovada eram necess\u00e1rios pelo menos 41 votos dos 81 senadores. Com a rejei\u00e7\u00e3o, a indica\u00e7\u00e3o foi arquivada.<\/p>\n<p>Esta \u00e9 a primeira vez em mais de 130 anos que o nome de um indicado a ministro do STF \u00e9 rejeitado.<\/p>\n<p>&#8220;N\u00e3o \u00e9 simples algu\u00e9m com a minha trajet\u00f3ria passar por uma reprova\u00e7\u00e3o. Mas eu quero dizer algo muito importante, eu aprendi que a minha est\u00e1 nas m\u00e3os de Deus, e Deus sabe de todas as coisas. Deus tem um plano para a nossa vida, para a vida de cada um de n\u00f3s. Lutei o bom combate, como todo crist\u00e3o e preciso aceitar o plano de Deus na minha vida&#8221;, prosseguiu Jorge Messias, que \u00e9 evang\u00e9lico e tinha apoio de segmentos religiosos.<\/p>\n<p>A indica\u00e7\u00e3o de Jorge Messias <a href=\"https:\/\/agenciabrasil.ebc.com.br\/justica\/noticia\/2025-11\/lula-indica-messias-para-vaga-de-barroso-no-stf\">foi anunciada pelo presidente Luiz In\u00e1cio Lula da Silva<\/a> h\u00e1 cerca de cinco meses, mas a mensagem oficial com a indica\u00e7\u00e3o (MSF 7\/2026) s\u00f3 chegou ao Senado no in\u00edcio de abril.<\/p>\n<p>Ele foi indicado pelo governo federal para assumir a vaga deixada pelo ministro Lu\u00eds Roberto Barroso, que anunciou aposentadoria antecipada da Corte e deixou o tribunal em outubro de 2025.<\/p>\n<p>Ainda na declara\u00e7\u00e3o a jornalistas, Messias afirmou que passou por cinco meses de um processo de desconstru\u00e7\u00e3o de sua imagem, afirmou ter &#8220;vida limpa&#8221; e agradeceu ao presidente Lula pela indica\u00e7\u00e3o.<\/p>\n<blockquote>\n<p>&#8220;O presidente Lula me deu uma grande honra de ter participado desse processo e agrade\u00e7o a ele pela oportunidade. Eu n\u00e3o encaro isso aqui como um fim, isso aqui \u00e9 uma etapa do processo da minha vida&#8221;, acrescentou.<\/p>\n<\/blockquote>\n<p><strong>Messias disse que \u00e9 servidor p\u00fablico de carreira e que n\u00e3o precisava de um cargo p\u00fablico para prosseguir sua trajet\u00f3ria profissional.<\/strong><\/p>\n","protected":false},"excerpt":{"rendered":"<p>Em sua primeira manifesta\u00e7\u00e3o ap\u00f3s ter o nome rejeitado para o Supremo Tribunal Federal (STF), o advogado-geral da Uni\u00e3o, Jorge Messias, afirmou nesta quarta-feira (29) que participou de forma &#8220;\u00edntegra&#8221; e &#8220;franca&#8221; de todo o processo de indica\u00e7\u00e3o. Ele agradeceu os votos recebidos e disse aceitar o resultado. &#8220;Me submeti a uma sabatina de cora\u00e7\u00e3o [&hellip;]<\/p>\n","protected":false},"author":122,"featured_media":20476,"comment_status":"open","ping_status":"open","sticky":false,"template":"","format":"standard","meta":{"site-sidebar-layout":"default","site-content-layout":"","ast-site-content-layout":"default","site-content-style":"default","site-sidebar-style":"default","ast-global-header-display":"","ast-banner-title-visibility":"","ast-main-header-display":"","ast-hfb-above-header-display":"","ast-hfb-below-header-display":"","ast-hfb-mobile-header-display":"","site-post-title":"","ast-breadcrumbs-content":"","ast-featured-img":"","footer-sml-layout":"","ast-disable-related-posts":"","theme-transparent-header-meta":"","adv-header-id-meta":"","stick-header-meta":"","header-above-stick-meta":"","header-main-stick-meta":"","header-below-stick-meta":"","astra-migrate-meta-layouts":"default","ast-page-background-enabled":"default","ast-page-background-meta":{"desktop":{"background-color":"var(--ast-global-color-4)","background-image":"","background-repeat":"repeat","background-position":"center center","background-size":"auto","background-attachment":"scroll","background-type":"","background-media":"","overlay-type":"","overlay-color":"","overlay-opacity":"","overlay-gradient":""},"tablet":{"background-color":"","background-image":"","background-repeat":"repeat","background-position":"center center","background-size":"auto","background-attachment":"scroll","background-type":"","background-media":"","overlay-type":"","overlay-color":"","overlay-opacity":"","overlay-gradient":""},"mobile":{"background-color":"","background-image":"","background-repeat":"repeat","background-position":"center center","background-size":"auto","background-attachment":"scroll","background-type":"","background-media":"","overlay-type":"","overlay-color":"","overlay-opacity":"","overlay-gradient":""}},"ast-content-background-meta":{"desktop":{"background-color":"var(--ast-global-color-5)","background-image":"","background-repeat":"repeat","background-position":"center center","background-size":"auto","background-attachment":"scroll","background-type":"","background-media":"","overlay-type":"","overlay-color":"","overlay-opacity":"","overlay-gradient":""},"tablet":{"background-color":"var(--ast-global-color-5)","background-image":"","background-repeat":"repeat","background-position":"center center","background-size":"auto","background-attachment":"scroll","background-type":"","background-media":"","overlay-type":"","overlay-color":"","overlay-opacity":"","overlay-gradient":""},"mobile":{"background-color":"var(--ast-global-color-5)","background-image":"","background-repeat":"repeat","background-position":"center center","background-size":"auto","background-attachment":"scroll","background-type":"","background-media":"","overlay-type":"","overlay-color":"","overlay-opacity":"","overlay-gradient":""}},"footnotes":""},"categories":[1],"tags":[],"class_list":["post-20475","post","type-post","status-publish","format-standard","has-post-thumbnail","hentry","category-sem-categoria"],"yoast_head":"<!-- This site is optimized with the Yoast SEO Premium plugin v23.6 (Yoast SEO v27.4) - https:\/\/yoast.com\/product\/yoast-seo-premium-wordpress\/ -->\n<title>\u201cN\u00e3o \u00e9 simples, mas Senado \u00e9 soberano\u201d, diz Messias ap\u00f3s rejei\u00e7\u00e3o - Divulgue MS<\/title>\n<meta name=\"robots\" content=\"index, follow, max-snippet:-1, max-image-preview:large, max-video-preview:-1\" \/>\n<link rel=\"canonical\" href=\"https:\/\/divulguems.com.br\/?p=20475\" \/>\n<meta property=\"og:locale\" content=\"pt_BR\" \/>\n<meta property=\"og:type\" content=\"article\" \/>\n<meta property=\"og:title\" content=\"\u201cN\u00e3o \u00e9 simples, mas Senado \u00e9 soberano\u201d, diz Messias ap\u00f3s rejei\u00e7\u00e3o\" \/>\n<meta property=\"og:description\" content=\"Em sua primeira manifesta\u00e7\u00e3o ap\u00f3s ter o nome rejeitado para o Supremo Tribunal Federal (STF), o advogado-geral da Uni\u00e3o, Jorge Messias, afirmou nesta quarta-feira (29) que participou de forma &#8220;\u00edntegra&#8221; e &#8220;franca&#8221; de todo o processo de indica\u00e7\u00e3o. Ele agradeceu os votos recebidos e disse aceitar o resultado. &#8220;Me submeti a uma sabatina de cora\u00e7\u00e3o [&hellip;]\" \/>\n<meta property=\"og:url\" content=\"https:\/\/divulguems.com.br\/?p=20475\" \/>\n<meta property=\"og:site_name\" content=\"Divulgue MS\" \/>\n<meta property=\"article:publisher\" content=\"https:\/\/www.facebook.com\/portalinfocobrasil\" \/>\n<meta property=\"article:published_time\" content=\"2026-04-30T02:47:46+00:00\" \/>\n<meta property=\"og:image\" content=\"https:\/\/cdn.jsdelivr.net\/gh\/sergiosdlima\/assets-ebc@1.0.0\/abr\/assets\/images\/logo-agenciabrasil.svg\" \/>\n<meta name=\"author\" content=\"Pedro Rafael Vilela - Reporter da Agencia Brasil\" \/>\n<meta name=\"twitter:card\" content=\"summary_large_image\" \/>\n<meta name=\"twitter:label1\" content=\"Escrito por\" \/>\n\t<meta name=\"twitter:data1\" content=\"Pedro Rafael Vilela - Reporter da Agencia Brasil\" \/>\n\t<meta name=\"twitter:label2\" content=\"Est. tempo de leitura\" \/>\n\t<meta name=\"twitter:data2\" content=\"2 minutos\" \/>\n<script type=\"application\/ld+json\" class=\"yoast-schema-graph\">{\"@context\":\"https:\\\/\\\/schema.org\",\"@graph\":[{\"@type\":\"Article\",\"@id\":\"https:\\\/\\\/divulguems.com.br\\\/?p=20475#article\",\"isPartOf\":{\"@id\":\"https:\\\/\\\/divulguems.com.br\\\/?p=20475\"},\"author\":{\"name\":\"Pedro Rafael Vilela - Reporter da Agencia Brasil\",\"@id\":\"https:\\\/\\\/divulguems.com.br\\\/#\\\/schema\\\/person\\\/e78a94dce4edfdd5151004347861f312\"},\"headline\":\"\u201cN\u00e3o \u00e9 simples, mas Senado \u00e9 soberano\u201d, diz Messias ap\u00f3s rejei\u00e7\u00e3o\",\"datePublished\":\"2026-04-30T02:47:46+00:00\",\"mainEntityOfPage\":{\"@id\":\"https:\\\/\\\/divulguems.com.br\\\/?p=20475\"},\"wordCount\":491,\"commentCount\":0,\"publisher\":{\"@id\":\"https:\\\/\\\/divulguems.com.br\\\/#organization\"},\"image\":{\"@id\":\"https:\\\/\\\/divulguems.com.br\\\/?p=20475#primaryimage\"},\"thumbnailUrl\":\"https:\\\/\\\/divulguems.com.br\\\/wp-content\\\/uploads\\\/2026\\\/04\\\/20475-nao-e-simples-mas-senado-e-soberano-diz-messias-apos-rejeicao.jpg\",\"articleSection\":[\"\u00daltimas Not\u00edcias\"],\"inLanguage\":\"pt-BR\",\"potentialAction\":[{\"@type\":\"CommentAction\",\"name\":\"Comment\",\"target\":[\"https:\\\/\\\/divulguems.com.br\\\/?p=20475#respond\"]}]},{\"@type\":\"WebPage\",\"@id\":\"https:\\\/\\\/divulguems.com.br\\\/?p=20475\",\"url\":\"https:\\\/\\\/divulguems.com.br\\\/?p=20475\",\"name\":\"\u201cN\u00e3o \u00e9 simples, mas Senado \u00e9 soberano\u201d, diz Messias ap\u00f3s rejei\u00e7\u00e3o - Divulgue MS\",\"isPartOf\":{\"@id\":\"https:\\\/\\\/divulguems.com.br\\\/#website\"},\"primaryImageOfPage\":{\"@id\":\"https:\\\/\\\/divulguems.com.br\\\/?p=20475#primaryimage\"},\"image\":{\"@id\":\"https:\\\/\\\/divulguems.com.br\\\/?p=20475#primaryimage\"},\"thumbnailUrl\":\"https:\\\/\\\/divulguems.com.br\\\/wp-content\\\/uploads\\\/2026\\\/04\\\/20475-nao-e-simples-mas-senado-e-soberano-diz-messias-apos-rejeicao.jpg\",\"datePublished\":\"2026-04-30T02:47:46+00:00\",\"breadcrumb\":{\"@id\":\"https:\\\/\\\/divulguems.com.br\\\/?p=20475#breadcrumb\"},\"inLanguage\":\"pt-BR\",\"potentialAction\":[{\"@type\":\"ReadAction\",\"target\":[\"https:\\\/\\\/divulguems.com.br\\\/?p=20475\"]}]},{\"@type\":\"ImageObject\",\"inLanguage\":\"pt-BR\",\"@id\":\"https:\\\/\\\/divulguems.com.br\\\/?p=20475#primaryimage\",\"url\":\"https:\\\/\\\/divulguems.com.br\\\/wp-content\\\/uploads\\\/2026\\\/04\\\/20475-nao-e-simples-mas-senado-e-soberano-diz-messias-apos-rejeicao.jpg\",\"contentUrl\":\"https:\\\/\\\/divulguems.com.br\\\/wp-content\\\/uploads\\\/2026\\\/04\\\/20475-nao-e-simples-mas-senado-e-soberano-diz-messias-apos-rejeicao.jpg\",\"width\":1600,\"height\":800,\"caption\":\"\u201cN\u00e3o \u00e9 simples, mas Senado \u00e9 soberano\u201d, diz Messias ap\u00f3s rejei\u00e7\u00e3o\"},{\"@type\":\"BreadcrumbList\",\"@id\":\"https:\\\/\\\/divulguems.com.br\\\/?p=20475#breadcrumb\",\"itemListElement\":[{\"@type\":\"ListItem\",\"position\":1,\"name\":\"In\u00edcio\",\"item\":\"https:\\\/\\\/divulguems.com.br\\\/\"},{\"@type\":\"ListItem\",\"position\":2,\"name\":\"\u201cN\u00e3o \u00e9 simples, mas Senado \u00e9 soberano\u201d, diz Messias ap\u00f3s rejei\u00e7\u00e3o\"}]},{\"@type\":\"WebSite\",\"@id\":\"https:\\\/\\\/divulguems.com.br\\\/#website\",\"url\":\"https:\\\/\\\/divulguems.com.br\\\/\",\"name\":\"Portal Infoco Brasil\",\"description\":\"L\u00edder de audi\u00eancia.\",\"publisher\":{\"@id\":\"https:\\\/\\\/divulguems.com.br\\\/#organization\"},\"potentialAction\":[{\"@type\":\"SearchAction\",\"target\":{\"@type\":\"EntryPoint\",\"urlTemplate\":\"https:\\\/\\\/divulguems.com.br\\\/?s={search_term_string}\"},\"query-input\":{\"@type\":\"PropertyValueSpecification\",\"valueRequired\":true,\"valueName\":\"search_term_string\"}}],\"inLanguage\":\"pt-BR\"},{\"@type\":\"Organization\",\"@id\":\"https:\\\/\\\/divulguems.com.br\\\/#organization\",\"name\":\"Portal Infoco Brasil\",\"url\":\"https:\\\/\\\/divulguems.com.br\\\/\",\"logo\":{\"@type\":\"ImageObject\",\"inLanguage\":\"pt-BR\",\"@id\":\"https:\\\/\\\/divulguems.com.br\\\/#\\\/schema\\\/logo\\\/image\\\/\",\"url\":\"https:\\\/\\\/divulguems.com.br\\\/wp-content\\\/uploads\\\/2025\\\/04\\\/LOGO-PNG-AZUL.png\",\"contentUrl\":\"https:\\\/\\\/divulguems.com.br\\\/wp-content\\\/uploads\\\/2025\\\/04\\\/LOGO-PNG-AZUL.png\",\"width\":1166,\"height\":475,\"caption\":\"Portal Infoco Brasil\"},\"image\":{\"@id\":\"https:\\\/\\\/divulguems.com.br\\\/#\\\/schema\\\/logo\\\/image\\\/\"},\"sameAs\":[\"https:\\\/\\\/www.facebook.com\\\/portalinfocobrasil\",\"https:\\\/\\\/www.instagram.com\\\/portalinfocobrasil\"]},{\"@type\":\"Person\",\"@id\":\"https:\\\/\\\/divulguems.com.br\\\/#\\\/schema\\\/person\\\/e78a94dce4edfdd5151004347861f312\",\"name\":\"Pedro Rafael Vilela - Reporter da Agencia Brasil\",\"image\":{\"@type\":\"ImageObject\",\"inLanguage\":\"pt-BR\",\"@id\":\"https:\\\/\\\/secure.gravatar.com\\\/avatar\\\/9807f3a75678758a5682360745267e520b79e9ab7fa6c6f968ea4f3bc9feb448?s=96&d=mm&r=g\",\"url\":\"https:\\\/\\\/secure.gravatar.com\\\/avatar\\\/9807f3a75678758a5682360745267e520b79e9ab7fa6c6f968ea4f3bc9feb448?s=96&d=mm&r=g\",\"contentUrl\":\"https:\\\/\\\/secure.gravatar.com\\\/avatar\\\/9807f3a75678758a5682360745267e520b79e9ab7fa6c6f968ea4f3bc9feb448?s=96&d=mm&r=g\",\"caption\":\"Pedro Rafael Vilela - Reporter da Agencia Brasil\"},\"url\":\"https:\\\/\\\/divulguems.com.br\\\/?author=122\"}]}<\/script>\n<!-- \/ Yoast SEO Premium plugin. -->","yoast_head_json":{"title":"\u201cN\u00e3o \u00e9 simples, mas Senado \u00e9 soberano\u201d, diz Messias ap\u00f3s rejei\u00e7\u00e3o - Divulgue MS","robots":{"index":"index","follow":"follow","max-snippet":"max-snippet:-1","max-image-preview":"max-image-preview:large","max-video-preview":"max-video-preview:-1"},"canonical":"https:\/\/divulguems.com.br\/?p=20475","og_locale":"pt_BR","og_type":"article","og_title":"\u201cN\u00e3o \u00e9 simples, mas Senado \u00e9 soberano\u201d, diz Messias ap\u00f3s rejei\u00e7\u00e3o","og_description":"Em sua primeira manifesta\u00e7\u00e3o ap\u00f3s ter o nome rejeitado para o Supremo Tribunal Federal (STF), o advogado-geral da Uni\u00e3o, Jorge Messias, afirmou nesta quarta-feira (29) que participou de forma &#8220;\u00edntegra&#8221; e &#8220;franca&#8221; de todo o processo de indica\u00e7\u00e3o. Ele agradeceu os votos recebidos e disse aceitar o resultado. &#8220;Me submeti a uma sabatina de cora\u00e7\u00e3o [&hellip;]","og_url":"https:\/\/divulguems.com.br\/?p=20475","og_site_name":"Divulgue MS","article_publisher":"https:\/\/www.facebook.com\/portalinfocobrasil","article_published_time":"2026-04-30T02:47:46+00:00","og_image":[{"url":"https:\/\/cdn.jsdelivr.net\/gh\/sergiosdlima\/assets-ebc@1.0.0\/abr\/assets\/images\/logo-agenciabrasil.svg","type":"","width":"","height":""}],"author":"Pedro Rafael Vilela - Reporter da Agencia Brasil","twitter_card":"summary_large_image","twitter_misc":{"Escrito por":"Pedro Rafael Vilela - Reporter da Agencia Brasil","Est. tempo de leitura":"2 minutos"},"schema":{"@context":"https:\/\/schema.org","@graph":[{"@type":"Article","@id":"https:\/\/divulguems.com.br\/?p=20475#article","isPartOf":{"@id":"https:\/\/divulguems.com.br\/?p=20475"},"author":{"name":"Pedro Rafael Vilela - Reporter da Agencia Brasil","@id":"https:\/\/divulguems.com.br\/#\/schema\/person\/e78a94dce4edfdd5151004347861f312"},"headline":"\u201cN\u00e3o \u00e9 simples, mas Senado \u00e9 soberano\u201d, diz Messias ap\u00f3s rejei\u00e7\u00e3o","datePublished":"2026-04-30T02:47:46+00:00","mainEntityOfPage":{"@id":"https:\/\/divulguems.com.br\/?p=20475"},"wordCount":491,"commentCount":0,"publisher":{"@id":"https:\/\/divulguems.com.br\/#organization"},"image":{"@id":"https:\/\/divulguems.com.br\/?p=20475#primaryimage"},"thumbnailUrl":"https:\/\/divulguems.com.br\/wp-content\/uploads\/2026\/04\/20475-nao-e-simples-mas-senado-e-soberano-diz-messias-apos-rejeicao.jpg","articleSection":["\u00daltimas Not\u00edcias"],"inLanguage":"pt-BR","potentialAction":[{"@type":"CommentAction","name":"Comment","target":["https:\/\/divulguems.com.br\/?p=20475#respond"]}]},{"@type":"WebPage","@id":"https:\/\/divulguems.com.br\/?p=20475","url":"https:\/\/divulguems.com.br\/?p=20475","name":"\u201cN\u00e3o \u00e9 simples, mas Senado \u00e9 soberano\u201d, diz Messias ap\u00f3s rejei\u00e7\u00e3o - Divulgue MS","isPartOf":{"@id":"https:\/\/divulguems.com.br\/#website"},"primaryImageOfPage":{"@id":"https:\/\/divulguems.com.br\/?p=20475#primaryimage"},"image":{"@id":"https:\/\/divulguems.com.br\/?p=20475#primaryimage"},"thumbnailUrl":"https:\/\/divulguems.com.br\/wp-content\/uploads\/2026\/04\/20475-nao-e-simples-mas-senado-e-soberano-diz-messias-apos-rejeicao.jpg","datePublished":"2026-04-30T02:47:46+00:00","breadcrumb":{"@id":"https:\/\/divulguems.com.br\/?p=20475#breadcrumb"},"inLanguage":"pt-BR","potentialAction":[{"@type":"ReadAction","target":["https:\/\/divulguems.com.br\/?p=20475"]}]},{"@type":"ImageObject","inLanguage":"pt-BR","@id":"https:\/\/divulguems.com.br\/?p=20475#primaryimage","url":"https:\/\/divulguems.com.br\/wp-content\/uploads\/2026\/04\/20475-nao-e-simples-mas-senado-e-soberano-diz-messias-apos-rejeicao.jpg","contentUrl":"https:\/\/divulguems.com.br\/wp-content\/uploads\/2026\/04\/20475-nao-e-simples-mas-senado-e-soberano-diz-messias-apos-rejeicao.jpg","width":1600,"height":800,"caption":"\u201cN\u00e3o \u00e9 simples, mas Senado \u00e9 soberano\u201d, diz Messias ap\u00f3s rejei\u00e7\u00e3o"},{"@type":"BreadcrumbList","@id":"https:\/\/divulguems.com.br\/?p=20475#breadcrumb","itemListElement":[{"@type":"ListItem","position":1,"name":"In\u00edcio","item":"https:\/\/divulguems.com.br\/"},{"@type":"ListItem","position":2,"name":"\u201cN\u00e3o \u00e9 simples, mas Senado \u00e9 soberano\u201d, diz Messias ap\u00f3s rejei\u00e7\u00e3o"}]},{"@type":"WebSite","@id":"https:\/\/divulguems.com.br\/#website","url":"https:\/\/divulguems.com.br\/","name":"Portal Infoco Brasil","description":"L\u00edder de audi\u00eancia.","publisher":{"@id":"https:\/\/divulguems.com.br\/#organization"},"potentialAction":[{"@type":"SearchAction","target":{"@type":"EntryPoint","urlTemplate":"https:\/\/divulguems.com.br\/?s={search_term_string}"},"query-input":{"@type":"PropertyValueSpecification","valueRequired":true,"valueName":"search_term_string"}}],"inLanguage":"pt-BR"},{"@type":"Organization","@id":"https:\/\/divulguems.com.br\/#organization","name":"Portal Infoco Brasil","url":"https:\/\/divulguems.com.br\/","logo":{"@type":"ImageObject","inLanguage":"pt-BR","@id":"https:\/\/divulguems.com.br\/#\/schema\/logo\/image\/","url":"https:\/\/divulguems.com.br\/wp-content\/uploads\/2025\/04\/LOGO-PNG-AZUL.png","contentUrl":"https:\/\/divulguems.com.br\/wp-content\/uploads\/2025\/04\/LOGO-PNG-AZUL.png","width":1166,"height":475,"caption":"Portal Infoco Brasil"},"image":{"@id":"https:\/\/divulguems.com.br\/#\/schema\/logo\/image\/"},"sameAs":["https:\/\/www.facebook.com\/portalinfocobrasil","https:\/\/www.instagram.com\/portalinfocobrasil"]},{"@type":"Person","@id":"https:\/\/divulguems.com.br\/#\/schema\/person\/e78a94dce4edfdd5151004347861f312","name":"Pedro Rafael Vilela - Reporter da Agencia Brasil","image":{"@type":"ImageObject","inLanguage":"pt-BR","@id":"https:\/\/secure.gravatar.com\/avatar\/9807f3a75678758a5682360745267e520b79e9ab7fa6c6f968ea4f3bc9feb448?s=96&d=mm&r=g","url":"https:\/\/secure.gravatar.com\/avatar\/9807f3a75678758a5682360745267e520b79e9ab7fa6c6f968ea4f3bc9feb448?s=96&d=mm&r=g","contentUrl":"https:\/\/secure.gravatar.com\/avatar\/9807f3a75678758a5682360745267e520b79e9ab7fa6c6f968ea4f3bc9feb448?s=96&d=mm&r=g","caption":"Pedro Rafael Vilela - Reporter da Agencia Brasil"},"url":"https:\/\/divulguems.com.br\/?author=122"}]}},"_links":{"self":[{"href":"https:\/\/divulguems.com.br\/index.php?rest_route=\/wp\/v2\/posts\/20475","targetHints":{"allow":["GET"]}}],"collection":[{"href":"https:\/\/divulguems.com.br\/index.php?rest_route=\/wp\/v2\/posts"}],"about":[{"href":"https:\/\/divulguems.com.br\/index.php?rest_route=\/wp\/v2\/types\/post"}],"author":[{"embeddable":true,"href":"https:\/\/divulguems.com.br\/index.php?rest_route=\/wp\/v2\/users\/122"}],"replies":[{"embeddable":true,"href":"https:\/\/divulguems.com.br\/index.php?rest_route=%2Fwp%2Fv2%2Fcomments&post=20475"}],"version-history":[{"count":0,"href":"https:\/\/divulguems.com.br\/index.php?rest_route=\/wp\/v2\/posts\/20475\/revisions"}],"wp:featuredmedia":[{"embeddable":true,"href":"https:\/\/divulguems.com.br\/index.php?rest_route=\/wp\/v2\/media\/20476"}],"wp:attachment":[{"href":"https:\/\/divulguems.com.br\/index.php?rest_route=%2Fwp%2Fv2%2Fmedia&parent=20475"}],"wp:term":[{"taxonomy":"category","embeddable":true,"href":"https:\/\/divulguems.com.br\/index.php?rest_route=%2Fwp%2Fv2%2Fcategories&post=20475"},{"taxonomy":"post_tag","embeddable":true,"href":"https:\/\/divulguems.com.br\/index.php?rest_route=%2Fwp%2Fv2%2Ftags&post=20475"}],"curies":[{"name":"wp","href":"https:\/\/api.w.org\/{rel}","templated":true}]}}