{"id":20477,"date":"2026-04-29T22:47:47","date_gmt":"2026-04-30T02:47:47","guid":{"rendered":"https:\/\/divulguems.com.br\/?p=20477"},"modified":"2026-04-29T22:47:47","modified_gmt":"2026-04-30T02:47:47","slug":"opas-alerta-para-alta-de-casos-de-gripe-k-e-vsr-no-hemisferio-sul","status":"publish","type":"post","link":"https:\/\/divulguems.com.br\/?p=20477","title":{"rendered":"Opas alerta para alta de casos de gripe K e VSR no Hemisf\u00e9rio Sul"},"content":{"rendered":"<\/p>\n<p><a class=\"\" href=\"https:\/\/agenciabrasil.ebc.com.br\/saude\/noticia\/2026-04\/opas-alerta-para-alta-de-casos-de-gripe-k-e-vsr-no-hemisferio-sul\"><br \/>\n                    <img decoding=\"async\" src=\"https:\/\/cdn.jsdelivr.net\/gh\/sergiosdlima\/assets-ebc@1.0.0\/abr\/assets\/images\/logo-agenciabrasil.svg\" alt=\"Logo Ag\u00eancia Brasil\"><br \/>\n\t\t\t\t<\/a><\/p>\n<p>A Organiza\u00e7\u00e3o Pan-Americana de Sa\u00fade (Opas) emitiu um alerta sobre o in\u00edcio da temporada de maior circula\u00e7\u00e3o de v\u00edrus respirat\u00f3rios no Hemif\u00e9rio Sul. O per\u00edodo deve ter\u00a0predomin\u00e2ncia da\u00a0gripe\u00a0causada\u00a0pela variante K do v\u00edrus Influenza H3N2.\u00a0<img decoding=\"async\" src=\"https:\/\/agenciabrasil.ebc.com.br\/ebc.png?id=1687713&#038;o=rss\"><img decoding=\"async\" src=\"https:\/\/agenciabrasil.ebc.com.br\/ebc.gif?id=1687713&#038;o=rss\"><\/p>\n<p><strong>Essa nova variante do v\u00edrus da gripe, identificada pela primeira vez no ano passado, foi predominante na temporada de inverno do Hemisf\u00e9rio Norte<\/strong>.<\/p>\n<\/p>\n<h3>Not\u00edcias relacionadas:<\/h3>\n<ul>\n<li><a href=\"https:\/\/agenciabrasil.ebc.com.br\/saude\/noticia\/2026-04\/butantan-busca-voluntarios-para-teste-de-vacina-da-gripe-para-idosos\">Butantan busca volunt\u00e1rios para teste de vacina da gripe para idosos.<\/a><\/li>\n<li><a href=\"https:\/\/agenciabrasil.ebc.com.br\/saude\/noticia\/2026-04\/populacao-de-dourados-ms-comeca-receber-vacina-contra-chikungunya\">Popula\u00e7\u00e3o de Dourados (MS) come\u00e7a a receber vacina contra chikungunya.<\/a><\/li>\n<li><a href=\"https:\/\/agenciabrasil.ebc.com.br\/saude\/noticia\/2026-04\/vacina-da-gripe-nao-aumenta-risco-da-doenca-alerta-ministerio\">Vacina da gripe n\u00e3o aumenta risco da doen\u00e7a, alerta minist\u00e9rio.<\/a><\/li>\n<\/ul>\n<p>No Brasil, o subclado K foi detectado em dezembro de 2025. <strong>Apesar de n\u00e3o ser mais grave do que as outras variantes, ela est\u00e1 associada a temporadas mais longas de transmiss\u00e3o.\u00a0<\/strong><\/p>\n<p>A Opas considera, no alerta epidemiol\u00f3gico publicado na segunda-feira (27), que\u00a0o cen\u00e1rio na Am\u00e9rica do Sul \u00e9 &#8220;consistente com o in\u00edcio gradual da temporada de inverno&#8221;.<\/p>\n<p>&#8220;A atividade da Influenza permanece baixa, com sinais iniciais de aumento em alguns pa\u00edses, predominando o v\u00edrus A(H3N2)&#8221;, informa a organiza\u00e7\u00e3o.\u00a0<\/p>\n<p>Mas, considerando o que ocorreu durante o inverno nos pa\u00edses da parte norte do globo, a Opas alerta que as na\u00e7\u00f5es do Hemisf\u00e9rio Sul &#8220;devem se preparar n\u00e3o apenas para uma temporada de potencial alta intensidade, mas particularmente para picos de demanda hospitalar concentrados em per\u00edodos curtos, que poderiam colocar \u00e0 prova a capacidade de resposta dos servi\u00e7os de sa\u00fade&#8221;.\u00a0<\/p>\n<p><a href=\"https:\/\/www.whatsapp.com\/channel\/0029VaoRTgrInlqYLSk59B2M\" target=\"_blank\">>> Siga o canal da Ag\u00eancia Brasil no WhatsApp<\/a><\/p>\n<p>No Brasil, a taxa de positividade para a Influenza permaneceu abaixo de 5% no\u00a0primeiro trimestre do ano, mas j\u00e1 come\u00e7ou a subir no final de mar\u00e7o, chegando a 7,4%. O indicador informa qual foi a propor\u00e7\u00e3o de testes que deram positivo para o v\u00edrus.<\/p>\n<p>&#8220;Observa-se uma clara predomin\u00e2ncia da Influenza A(H3N2), com alta intensidade de circula\u00e7\u00e3o&#8221;, ressalta o alerta.\u00a0<\/p>\n<p>O Minist\u00e9rio da Sa\u00fade realiza o sequenciamento do material gen\u00e9tico desses v\u00edrus por amostragem, para identificar as variantes mais circulantes. Dos 607 testes realizados at\u00e9 o dia 21 de mar\u00e7o, 72% corresponderam ao subclado K.\u00a0<\/p>\n<p>Mas esse n\u00e3o \u00e9 o \u00fanico v\u00edrus que inspira preocupa\u00e7\u00e3o das autoridades de sa\u00fade. A Opas tamb\u00e9m destacou que a circula\u00e7\u00e3o do v\u00edrus sincicial respirat\u00f3rio (VSR) est\u00e1 aumentando gradualmente em v\u00e1rios pa\u00edses, incluindo o Brasil, &#8220;antecipando seu padr\u00e3o sazonal t\u00edpico, com potencial impacto na carga de doen\u00e7a em crian\u00e7as pequenas e outros grupos de risco nas pr\u00f3ximas semanas.&#8221;<\/p>\n<h2>Vacina\u00e7\u00e3o<\/h2>\n<p>Esse cen\u00e1rio de aumento simult\u00e2neo do VSR e do Influenza, somado aos casos de Covid-19, que est\u00e3o em baixa mas ainda ocorrem em n\u00famero importante,\u00a0pode levar ao esgotamento dos servi\u00e7os de sa\u00fade. Por isso, <strong>a Opas recomenda que os pa\u00edses da regi\u00e3o intensifiquem as a\u00e7\u00f5es de vacina\u00e7\u00e3o, para prevenir interna\u00e7\u00f5es e mortes.\u00a0<\/strong><\/p>\n<p>Mesmo com o surgimento dessa nova variante, a vacina contra a gripe se mostrou eficaz no Hemisf\u00e9rio Norte, com uma efic\u00e1cia de at\u00e9 75% contra a hospitaliza\u00e7\u00e3o de crian\u00e7as no Reino Unido, por exemplo, mostra o alerta da Opas.\u00a0<\/p>\n<p>A vacina da gripe aplicada no Brasil \u00e9 atualizada anualmente, para oferecer prote\u00e7\u00e3o contra os tipos que mais circularam na temporada de inverno do hemisf\u00e9rio Norte. Entre as tr\u00eas cepas presentes no imunizante deste ano, est\u00e1 a H3N2.\u00a0<\/p>\n<p>A campanha nacional de vacina\u00e7\u00e3o contra a influenza est\u00e1 em vigor, com prioridade para crian\u00e7as com menos de 6 anos, idosos, gestantes e pessoas com comorbidades, que t\u00eam mais risco de desenvolver quadros graves.<\/p>\n<p>Tamb\u00e9m fazem parte do p\u00fablico priorit\u00e1rio alguns grupos como trabalhadores da sa\u00fade, popula\u00e7\u00e3o ind\u00edgena, professores e pessoas privadas de liberdade.<\/p>\n<p>O Sistema \u00danico de Sa\u00fade tamb\u00e9m oferece a vacina contra o v\u00edrus sincicial respirat\u00f3rio para as gestantes, com o objetivo de imunizar os beb\u00eas rec\u00e9m-nascidos\u00a0e proteg\u00ea-los da bronquiolite, infec\u00e7\u00e3o pulmonar geralmente causada pelo VSR e que pode levar ao \u00f3bito.\u00a0<\/p>\n<p>Al\u00e9m disso, a Opas recomenda a intensifica\u00e7\u00e3o de a\u00e7\u00f5es de higiene e &#8220;etiqueta respirat\u00f3ria&#8221;. &#8220;Lavar as m\u00e3os \u00e9 a forma mais eficiente de diminuir a transmiss\u00e3o. Pessoas com febre devem evitar ir ao trabalho ou a locais p\u00fablicos at\u00e9 que a febre diminua. Da mesma forma, crian\u00e7as em idade escolar com sintomas respirat\u00f3rios, febre ou ambos devem ficar em casa e n\u00e3o ir \u00e0 escola&#8221;, explica o documento.\u00a0<\/p>\n<h2>Boletim infogripe<\/h2>\n<p>A nova edi\u00e7\u00e3o do Boletim Infogripe, divulgado pela Funda\u00e7\u00e3o Oswaldo Cruz nesta quarta-feira (29), confirma a avalia\u00e7\u00e3o da Opas. Dados coletados entre 19 e 25 de abril mostram aumento nos casos de s\u00edndrome respirat\u00f3ria aguda grave\u00a0(SRAG) causados por Influenza A e VSR\u00a0em todas as regi\u00f5es do pa\u00eds.\u00a0<\/p>\n<p>De acordo com o boletim, 24 das 27 unidades federativas do pa\u00eds est\u00e3o em n\u00edvel de alerta, risco ou alto risco para a s\u00edndrome, que ocorre quando h\u00e1 agravamento de sintomas, geralmente ap\u00f3s a infec\u00e7\u00e3o por algum v\u00edrus. Em 16 estados, h\u00e1 tend\u00eancia de aumento dos casos em longo prazo.\u00a0<\/p>\n<p>Em 2026, j\u00e1 foram notificados mais de 46 mil casos de SRAG no Brasil e em 44,3% a infec\u00e7\u00e3o viral foi confirmada por testes de laborat\u00f3rio. Desses, 26,4% foram causados por Influenza A e 21,5% por v\u00edrus sincicial respirat\u00f3rio. J\u00e1 nas \u00faltimas quatro semanas, a propor\u00e7\u00e3o de casos positivos por influenza A subiu para 31,6% e a de infec\u00e7\u00f5es por VSR atingiu 36,2%.\u00a0<\/p>\n","protected":false},"excerpt":{"rendered":"<p>A Organiza\u00e7\u00e3o Pan-Americana de Sa\u00fade (Opas) emitiu um alerta sobre o in\u00edcio da temporada de maior circula\u00e7\u00e3o de v\u00edrus respirat\u00f3rios no Hemif\u00e9rio Sul. O per\u00edodo deve ter\u00a0predomin\u00e2ncia da\u00a0gripe\u00a0causada\u00a0pela variante K do v\u00edrus Influenza H3N2.\u00a0 Essa nova variante do v\u00edrus da gripe, identificada pela primeira vez no ano passado, foi predominante na temporada de inverno do [&hellip;]<\/p>\n","protected":false},"author":123,"featured_media":20478,"comment_status":"open","ping_status":"open","sticky":false,"template":"","format":"standard","meta":{"site-sidebar-layout":"default","site-content-layout":"","ast-site-content-layout":"default","site-content-style":"default","site-sidebar-style":"default","ast-global-header-display":"","ast-banner-title-visibility":"","ast-main-header-display":"","ast-hfb-above-header-display":"","ast-hfb-below-header-display":"","ast-hfb-mobile-header-display":"","site-post-title":"","ast-breadcrumbs-content":"","ast-featured-img":"","footer-sml-layout":"","ast-disable-related-posts":"","theme-transparent-header-meta":"","adv-header-id-meta":"","stick-header-meta":"","header-above-stick-meta":"","header-main-stick-meta":"","header-below-stick-meta":"","astra-migrate-meta-layouts":"default","ast-page-background-enabled":"default","ast-page-background-meta":{"desktop":{"background-color":"var(--ast-global-color-4)","background-image":"","background-repeat":"repeat","background-position":"center center","background-size":"auto","background-attachment":"scroll","background-type":"","background-media":"","overlay-type":"","overlay-color":"","overlay-opacity":"","overlay-gradient":""},"tablet":{"background-color":"","background-image":"","background-repeat":"repeat","background-position":"center center","background-size":"auto","background-attachment":"scroll","background-type":"","background-media":"","overlay-type":"","overlay-color":"","overlay-opacity":"","overlay-gradient":""},"mobile":{"background-color":"","background-image":"","background-repeat":"repeat","background-position":"center center","background-size":"auto","background-attachment":"scroll","background-type":"","background-media":"","overlay-type":"","overlay-color":"","overlay-opacity":"","overlay-gradient":""}},"ast-content-background-meta":{"desktop":{"background-color":"var(--ast-global-color-5)","background-image":"","background-repeat":"repeat","background-position":"center center","background-size":"auto","background-attachment":"scroll","background-type":"","background-media":"","overlay-type":"","overlay-color":"","overlay-opacity":"","overlay-gradient":""},"tablet":{"background-color":"var(--ast-global-color-5)","background-image":"","background-repeat":"repeat","background-position":"center center","background-size":"auto","background-attachment":"scroll","background-type":"","background-media":"","overlay-type":"","overlay-color":"","overlay-opacity":"","overlay-gradient":""},"mobile":{"background-color":"var(--ast-global-color-5)","background-image":"","background-repeat":"repeat","background-position":"center center","background-size":"auto","background-attachment":"scroll","background-type":"","background-media":"","overlay-type":"","overlay-color":"","overlay-opacity":"","overlay-gradient":""}},"footnotes":""},"categories":[11],"tags":[],"class_list":["post-20477","post","type-post","status-publish","format-standard","has-post-thumbnail","hentry","category-saude-e-bem-estar"],"yoast_head":"<!-- This site is optimized with the Yoast SEO Premium plugin v23.6 (Yoast SEO v27.4) - https:\/\/yoast.com\/product\/yoast-seo-premium-wordpress\/ -->\n<title>Opas alerta para alta de casos de gripe K e VSR no Hemisf\u00e9rio Sul - Divulgue MS<\/title>\n<meta name=\"robots\" content=\"index, follow, max-snippet:-1, max-image-preview:large, max-video-preview:-1\" \/>\n<link rel=\"canonical\" href=\"https:\/\/divulguems.com.br\/?p=20477\" \/>\n<meta property=\"og:locale\" content=\"pt_BR\" \/>\n<meta property=\"og:type\" content=\"article\" \/>\n<meta property=\"og:title\" content=\"Opas alerta para alta de casos de gripe K e VSR no Hemisf\u00e9rio Sul\" \/>\n<meta property=\"og:description\" content=\"A Organiza\u00e7\u00e3o Pan-Americana de Sa\u00fade (Opas) emitiu um alerta sobre o in\u00edcio da temporada de maior circula\u00e7\u00e3o de v\u00edrus respirat\u00f3rios no Hemif\u00e9rio Sul. O per\u00edodo deve ter\u00a0predomin\u00e2ncia da\u00a0gripe\u00a0causada\u00a0pela variante K do v\u00edrus Influenza H3N2.\u00a0 Essa nova variante do v\u00edrus da gripe, identificada pela primeira vez no ano passado, foi predominante na temporada de inverno do [&hellip;]\" \/>\n<meta property=\"og:url\" content=\"https:\/\/divulguems.com.br\/?p=20477\" \/>\n<meta property=\"og:site_name\" content=\"Divulgue MS\" \/>\n<meta property=\"article:publisher\" content=\"https:\/\/www.facebook.com\/portalinfocobrasil\" \/>\n<meta property=\"article:published_time\" content=\"2026-04-30T02:47:47+00:00\" \/>\n<meta property=\"og:image\" content=\"https:\/\/cdn.jsdelivr.net\/gh\/sergiosdlima\/assets-ebc@1.0.0\/abr\/assets\/images\/logo-agenciabrasil.svg\" \/>\n<meta name=\"author\" content=\"Tamara Freire - reporter da Agencia Brasil\" \/>\n<meta name=\"twitter:card\" content=\"summary_large_image\" \/>\n<meta name=\"twitter:label1\" content=\"Escrito por\" \/>\n\t<meta name=\"twitter:data1\" content=\"Tamara Freire - reporter da Agencia Brasil\" \/>\n\t<meta name=\"twitter:label2\" content=\"Est. tempo de leitura\" \/>\n\t<meta name=\"twitter:data2\" content=\"5 minutos\" \/>\n<script type=\"application\/ld+json\" class=\"yoast-schema-graph\">{\"@context\":\"https:\\\/\\\/schema.org\",\"@graph\":[{\"@type\":\"Article\",\"@id\":\"https:\\\/\\\/divulguems.com.br\\\/?p=20477#article\",\"isPartOf\":{\"@id\":\"https:\\\/\\\/divulguems.com.br\\\/?p=20477\"},\"author\":{\"name\":\"Tamara Freire - reporter da Agencia Brasil\",\"@id\":\"https:\\\/\\\/divulguems.com.br\\\/#\\\/schema\\\/person\\\/ad732574b8ae69f7d1d8d9ac839635e7\"},\"headline\":\"Opas alerta para alta de casos de gripe K e VSR no Hemisf\u00e9rio Sul\",\"datePublished\":\"2026-04-30T02:47:47+00:00\",\"mainEntityOfPage\":{\"@id\":\"https:\\\/\\\/divulguems.com.br\\\/?p=20477\"},\"wordCount\":974,\"commentCount\":0,\"publisher\":{\"@id\":\"https:\\\/\\\/divulguems.com.br\\\/#organization\"},\"image\":{\"@id\":\"https:\\\/\\\/divulguems.com.br\\\/?p=20477#primaryimage\"},\"thumbnailUrl\":\"https:\\\/\\\/divulguems.com.br\\\/wp-content\\\/uploads\\\/2026\\\/04\\\/20477-opas-alerta-para-alta-de-casos-de-gripe-k-e-vsr-no-hemisferio-sul.jpg\",\"articleSection\":[\"Sa\u00fade e Bem-Estar\"],\"inLanguage\":\"pt-BR\",\"potentialAction\":[{\"@type\":\"CommentAction\",\"name\":\"Comment\",\"target\":[\"https:\\\/\\\/divulguems.com.br\\\/?p=20477#respond\"]}]},{\"@type\":\"WebPage\",\"@id\":\"https:\\\/\\\/divulguems.com.br\\\/?p=20477\",\"url\":\"https:\\\/\\\/divulguems.com.br\\\/?p=20477\",\"name\":\"Opas alerta para alta de casos de gripe K e VSR no Hemisf\u00e9rio Sul - Divulgue MS\",\"isPartOf\":{\"@id\":\"https:\\\/\\\/divulguems.com.br\\\/#website\"},\"primaryImageOfPage\":{\"@id\":\"https:\\\/\\\/divulguems.com.br\\\/?p=20477#primaryimage\"},\"image\":{\"@id\":\"https:\\\/\\\/divulguems.com.br\\\/?p=20477#primaryimage\"},\"thumbnailUrl\":\"https:\\\/\\\/divulguems.com.br\\\/wp-content\\\/uploads\\\/2026\\\/04\\\/20477-opas-alerta-para-alta-de-casos-de-gripe-k-e-vsr-no-hemisferio-sul.jpg\",\"datePublished\":\"2026-04-30T02:47:47+00:00\",\"breadcrumb\":{\"@id\":\"https:\\\/\\\/divulguems.com.br\\\/?p=20477#breadcrumb\"},\"inLanguage\":\"pt-BR\",\"potentialAction\":[{\"@type\":\"ReadAction\",\"target\":[\"https:\\\/\\\/divulguems.com.br\\\/?p=20477\"]}]},{\"@type\":\"ImageObject\",\"inLanguage\":\"pt-BR\",\"@id\":\"https:\\\/\\\/divulguems.com.br\\\/?p=20477#primaryimage\",\"url\":\"https:\\\/\\\/divulguems.com.br\\\/wp-content\\\/uploads\\\/2026\\\/04\\\/20477-opas-alerta-para-alta-de-casos-de-gripe-k-e-vsr-no-hemisferio-sul.jpg\",\"contentUrl\":\"https:\\\/\\\/divulguems.com.br\\\/wp-content\\\/uploads\\\/2026\\\/04\\\/20477-opas-alerta-para-alta-de-casos-de-gripe-k-e-vsr-no-hemisferio-sul.jpg\",\"width\":1600,\"height\":800,\"caption\":\"Opas alerta para alta de casos de gripe K e VSR no Hemisf\u00e9rio Sul\"},{\"@type\":\"BreadcrumbList\",\"@id\":\"https:\\\/\\\/divulguems.com.br\\\/?p=20477#breadcrumb\",\"itemListElement\":[{\"@type\":\"ListItem\",\"position\":1,\"name\":\"In\u00edcio\",\"item\":\"https:\\\/\\\/divulguems.com.br\\\/\"},{\"@type\":\"ListItem\",\"position\":2,\"name\":\"Opas alerta para alta de casos de gripe K e VSR no Hemisf\u00e9rio Sul\"}]},{\"@type\":\"WebSite\",\"@id\":\"https:\\\/\\\/divulguems.com.br\\\/#website\",\"url\":\"https:\\\/\\\/divulguems.com.br\\\/\",\"name\":\"Portal Infoco Brasil\",\"description\":\"L\u00edder de audi\u00eancia.\",\"publisher\":{\"@id\":\"https:\\\/\\\/divulguems.com.br\\\/#organization\"},\"potentialAction\":[{\"@type\":\"SearchAction\",\"target\":{\"@type\":\"EntryPoint\",\"urlTemplate\":\"https:\\\/\\\/divulguems.com.br\\\/?s={search_term_string}\"},\"query-input\":{\"@type\":\"PropertyValueSpecification\",\"valueRequired\":true,\"valueName\":\"search_term_string\"}}],\"inLanguage\":\"pt-BR\"},{\"@type\":\"Organization\",\"@id\":\"https:\\\/\\\/divulguems.com.br\\\/#organization\",\"name\":\"Portal Infoco Brasil\",\"url\":\"https:\\\/\\\/divulguems.com.br\\\/\",\"logo\":{\"@type\":\"ImageObject\",\"inLanguage\":\"pt-BR\",\"@id\":\"https:\\\/\\\/divulguems.com.br\\\/#\\\/schema\\\/logo\\\/image\\\/\",\"url\":\"https:\\\/\\\/divulguems.com.br\\\/wp-content\\\/uploads\\\/2025\\\/04\\\/LOGO-PNG-AZUL.png\",\"contentUrl\":\"https:\\\/\\\/divulguems.com.br\\\/wp-content\\\/uploads\\\/2025\\\/04\\\/LOGO-PNG-AZUL.png\",\"width\":1166,\"height\":475,\"caption\":\"Portal Infoco Brasil\"},\"image\":{\"@id\":\"https:\\\/\\\/divulguems.com.br\\\/#\\\/schema\\\/logo\\\/image\\\/\"},\"sameAs\":[\"https:\\\/\\\/www.facebook.com\\\/portalinfocobrasil\",\"https:\\\/\\\/www.instagram.com\\\/portalinfocobrasil\"]},{\"@type\":\"Person\",\"@id\":\"https:\\\/\\\/divulguems.com.br\\\/#\\\/schema\\\/person\\\/ad732574b8ae69f7d1d8d9ac839635e7\",\"name\":\"Tamara Freire - reporter da Agencia Brasil\",\"image\":{\"@type\":\"ImageObject\",\"inLanguage\":\"pt-BR\",\"@id\":\"https:\\\/\\\/secure.gravatar.com\\\/avatar\\\/fdc16eba3e3df2e7f99d891d268be546eeca2ea98f837509775832d16bd3f593?s=96&d=mm&r=g\",\"url\":\"https:\\\/\\\/secure.gravatar.com\\\/avatar\\\/fdc16eba3e3df2e7f99d891d268be546eeca2ea98f837509775832d16bd3f593?s=96&d=mm&r=g\",\"contentUrl\":\"https:\\\/\\\/secure.gravatar.com\\\/avatar\\\/fdc16eba3e3df2e7f99d891d268be546eeca2ea98f837509775832d16bd3f593?s=96&d=mm&r=g\",\"caption\":\"Tamara Freire - reporter da Agencia Brasil\"},\"url\":\"https:\\\/\\\/divulguems.com.br\\\/?author=123\"}]}<\/script>\n<!-- \/ Yoast SEO Premium plugin. -->","yoast_head_json":{"title":"Opas alerta para alta de casos de gripe K e VSR no Hemisf\u00e9rio Sul - Divulgue MS","robots":{"index":"index","follow":"follow","max-snippet":"max-snippet:-1","max-image-preview":"max-image-preview:large","max-video-preview":"max-video-preview:-1"},"canonical":"https:\/\/divulguems.com.br\/?p=20477","og_locale":"pt_BR","og_type":"article","og_title":"Opas alerta para alta de casos de gripe K e VSR no Hemisf\u00e9rio Sul","og_description":"A Organiza\u00e7\u00e3o Pan-Americana de Sa\u00fade (Opas) emitiu um alerta sobre o in\u00edcio da temporada de maior circula\u00e7\u00e3o de v\u00edrus respirat\u00f3rios no Hemif\u00e9rio Sul. O per\u00edodo deve ter\u00a0predomin\u00e2ncia da\u00a0gripe\u00a0causada\u00a0pela variante K do v\u00edrus Influenza H3N2.\u00a0 Essa nova variante do v\u00edrus da gripe, identificada pela primeira vez no ano passado, foi predominante na temporada de inverno do [&hellip;]","og_url":"https:\/\/divulguems.com.br\/?p=20477","og_site_name":"Divulgue MS","article_publisher":"https:\/\/www.facebook.com\/portalinfocobrasil","article_published_time":"2026-04-30T02:47:47+00:00","og_image":[{"url":"https:\/\/cdn.jsdelivr.net\/gh\/sergiosdlima\/assets-ebc@1.0.0\/abr\/assets\/images\/logo-agenciabrasil.svg","type":"","width":"","height":""}],"author":"Tamara Freire - reporter da Agencia Brasil","twitter_card":"summary_large_image","twitter_misc":{"Escrito por":"Tamara Freire - reporter da Agencia Brasil","Est. tempo de leitura":"5 minutos"},"schema":{"@context":"https:\/\/schema.org","@graph":[{"@type":"Article","@id":"https:\/\/divulguems.com.br\/?p=20477#article","isPartOf":{"@id":"https:\/\/divulguems.com.br\/?p=20477"},"author":{"name":"Tamara Freire - reporter da Agencia Brasil","@id":"https:\/\/divulguems.com.br\/#\/schema\/person\/ad732574b8ae69f7d1d8d9ac839635e7"},"headline":"Opas alerta para alta de casos de gripe K e VSR no Hemisf\u00e9rio Sul","datePublished":"2026-04-30T02:47:47+00:00","mainEntityOfPage":{"@id":"https:\/\/divulguems.com.br\/?p=20477"},"wordCount":974,"commentCount":0,"publisher":{"@id":"https:\/\/divulguems.com.br\/#organization"},"image":{"@id":"https:\/\/divulguems.com.br\/?p=20477#primaryimage"},"thumbnailUrl":"https:\/\/divulguems.com.br\/wp-content\/uploads\/2026\/04\/20477-opas-alerta-para-alta-de-casos-de-gripe-k-e-vsr-no-hemisferio-sul.jpg","articleSection":["Sa\u00fade e Bem-Estar"],"inLanguage":"pt-BR","potentialAction":[{"@type":"CommentAction","name":"Comment","target":["https:\/\/divulguems.com.br\/?p=20477#respond"]}]},{"@type":"WebPage","@id":"https:\/\/divulguems.com.br\/?p=20477","url":"https:\/\/divulguems.com.br\/?p=20477","name":"Opas alerta para alta de casos de gripe K e VSR no Hemisf\u00e9rio Sul - Divulgue MS","isPartOf":{"@id":"https:\/\/divulguems.com.br\/#website"},"primaryImageOfPage":{"@id":"https:\/\/divulguems.com.br\/?p=20477#primaryimage"},"image":{"@id":"https:\/\/divulguems.com.br\/?p=20477#primaryimage"},"thumbnailUrl":"https:\/\/divulguems.com.br\/wp-content\/uploads\/2026\/04\/20477-opas-alerta-para-alta-de-casos-de-gripe-k-e-vsr-no-hemisferio-sul.jpg","datePublished":"2026-04-30T02:47:47+00:00","breadcrumb":{"@id":"https:\/\/divulguems.com.br\/?p=20477#breadcrumb"},"inLanguage":"pt-BR","potentialAction":[{"@type":"ReadAction","target":["https:\/\/divulguems.com.br\/?p=20477"]}]},{"@type":"ImageObject","inLanguage":"pt-BR","@id":"https:\/\/divulguems.com.br\/?p=20477#primaryimage","url":"https:\/\/divulguems.com.br\/wp-content\/uploads\/2026\/04\/20477-opas-alerta-para-alta-de-casos-de-gripe-k-e-vsr-no-hemisferio-sul.jpg","contentUrl":"https:\/\/divulguems.com.br\/wp-content\/uploads\/2026\/04\/20477-opas-alerta-para-alta-de-casos-de-gripe-k-e-vsr-no-hemisferio-sul.jpg","width":1600,"height":800,"caption":"Opas alerta para alta de casos de gripe K e VSR no Hemisf\u00e9rio Sul"},{"@type":"BreadcrumbList","@id":"https:\/\/divulguems.com.br\/?p=20477#breadcrumb","itemListElement":[{"@type":"ListItem","position":1,"name":"In\u00edcio","item":"https:\/\/divulguems.com.br\/"},{"@type":"ListItem","position":2,"name":"Opas alerta para alta de casos de gripe K e VSR no Hemisf\u00e9rio Sul"}]},{"@type":"WebSite","@id":"https:\/\/divulguems.com.br\/#website","url":"https:\/\/divulguems.com.br\/","name":"Portal Infoco Brasil","description":"L\u00edder de audi\u00eancia.","publisher":{"@id":"https:\/\/divulguems.com.br\/#organization"},"potentialAction":[{"@type":"SearchAction","target":{"@type":"EntryPoint","urlTemplate":"https:\/\/divulguems.com.br\/?s={search_term_string}"},"query-input":{"@type":"PropertyValueSpecification","valueRequired":true,"valueName":"search_term_string"}}],"inLanguage":"pt-BR"},{"@type":"Organization","@id":"https:\/\/divulguems.com.br\/#organization","name":"Portal Infoco Brasil","url":"https:\/\/divulguems.com.br\/","logo":{"@type":"ImageObject","inLanguage":"pt-BR","@id":"https:\/\/divulguems.com.br\/#\/schema\/logo\/image\/","url":"https:\/\/divulguems.com.br\/wp-content\/uploads\/2025\/04\/LOGO-PNG-AZUL.png","contentUrl":"https:\/\/divulguems.com.br\/wp-content\/uploads\/2025\/04\/LOGO-PNG-AZUL.png","width":1166,"height":475,"caption":"Portal Infoco Brasil"},"image":{"@id":"https:\/\/divulguems.com.br\/#\/schema\/logo\/image\/"},"sameAs":["https:\/\/www.facebook.com\/portalinfocobrasil","https:\/\/www.instagram.com\/portalinfocobrasil"]},{"@type":"Person","@id":"https:\/\/divulguems.com.br\/#\/schema\/person\/ad732574b8ae69f7d1d8d9ac839635e7","name":"Tamara Freire - reporter da Agencia Brasil","image":{"@type":"ImageObject","inLanguage":"pt-BR","@id":"https:\/\/secure.gravatar.com\/avatar\/fdc16eba3e3df2e7f99d891d268be546eeca2ea98f837509775832d16bd3f593?s=96&d=mm&r=g","url":"https:\/\/secure.gravatar.com\/avatar\/fdc16eba3e3df2e7f99d891d268be546eeca2ea98f837509775832d16bd3f593?s=96&d=mm&r=g","contentUrl":"https:\/\/secure.gravatar.com\/avatar\/fdc16eba3e3df2e7f99d891d268be546eeca2ea98f837509775832d16bd3f593?s=96&d=mm&r=g","caption":"Tamara Freire - reporter da Agencia Brasil"},"url":"https:\/\/divulguems.com.br\/?author=123"}]}},"_links":{"self":[{"href":"https:\/\/divulguems.com.br\/index.php?rest_route=\/wp\/v2\/posts\/20477","targetHints":{"allow":["GET"]}}],"collection":[{"href":"https:\/\/divulguems.com.br\/index.php?rest_route=\/wp\/v2\/posts"}],"about":[{"href":"https:\/\/divulguems.com.br\/index.php?rest_route=\/wp\/v2\/types\/post"}],"author":[{"embeddable":true,"href":"https:\/\/divulguems.com.br\/index.php?rest_route=\/wp\/v2\/users\/123"}],"replies":[{"embeddable":true,"href":"https:\/\/divulguems.com.br\/index.php?rest_route=%2Fwp%2Fv2%2Fcomments&post=20477"}],"version-history":[{"count":0,"href":"https:\/\/divulguems.com.br\/index.php?rest_route=\/wp\/v2\/posts\/20477\/revisions"}],"wp:featuredmedia":[{"embeddable":true,"href":"https:\/\/divulguems.com.br\/index.php?rest_route=\/wp\/v2\/media\/20478"}],"wp:attachment":[{"href":"https:\/\/divulguems.com.br\/index.php?rest_route=%2Fwp%2Fv2%2Fmedia&parent=20477"}],"wp:term":[{"taxonomy":"category","embeddable":true,"href":"https:\/\/divulguems.com.br\/index.php?rest_route=%2Fwp%2Fv2%2Fcategories&post=20477"},{"taxonomy":"post_tag","embeddable":true,"href":"https:\/\/divulguems.com.br\/index.php?rest_route=%2Fwp%2Fv2%2Ftags&post=20477"}],"curies":[{"name":"wp","href":"https:\/\/api.w.org\/{rel}","templated":true}]}}