{"id":20499,"date":"2026-04-30T22:48:10","date_gmt":"2026-05-01T02:48:10","guid":{"rendered":"https:\/\/divulguems.com.br\/?p=20499"},"modified":"2026-04-30T22:48:10","modified_gmt":"2026-05-01T02:48:10","slug":"organizacoes-sociais-criticam-derrubada-de-veto-ao-pl-da-dosimetria","status":"publish","type":"post","link":"https:\/\/divulguems.com.br\/?p=20499","title":{"rendered":"Organiza\u00e7\u00f5es sociais criticam derrubada de veto ao PL da Dosimetria"},"content":{"rendered":"<\/p>\n<p><a class=\"\" href=\"https:\/\/agenciabrasil.ebc.com.br\/politica\/noticia\/2026-04\/organizacoes-sociais-criticam-derrubada-de-veto-ao-pl-da-dosimetria\"><br \/>\n                    <img decoding=\"async\" src=\"https:\/\/cdn.jsdelivr.net\/gh\/sergiosdlima\/assets-ebc@1.0.0\/abr\/assets\/images\/logo-agenciabrasil.svg\" alt=\"Logo Ag\u00eancia Brasil\"><br \/>\n\t\t\t\t<\/a><\/p>\n<p><strong>Organiza\u00e7\u00f5es da sociedade civil manifestaram rep\u00fadio \u00e0 derrubada de veto do presidente Luiz In\u00e1cio Lula da Silva ao projeto de lei (PL) da Dosimetria, que reduz a pena dos condenados por tentativa de golpe de Estado ligados ao 8 de janeiro de 2023. <\/strong>O veto <a href=\"https:\/\/agenciabrasil.ebc.com.br\/politica\/noticia\/2026-04\/81-congresso-derruba-veto-ao-pl-da-dosimetria-e-beneficia-condenados\">foi derrubado nesta quinta-feira <\/a>(30) pelo Congresso Nacional.\u00a0<img decoding=\"async\" src=\"https:\/\/agenciabrasil.ebc.com.br\/ebc.png?id=1688029&#038;o=rss\"><img decoding=\"async\" src=\"https:\/\/agenciabrasil.ebc.com.br\/ebc.gif?id=1688029&#038;o=rss\"><\/p>\n<p><strong>Para as entidades, a medida representa um &#8220;grave e hist\u00f3rico retrocesso institucional&#8221;, naturaliza a viol\u00eancia e \u00e9 um risco de impunidade em caso de repeti\u00e7\u00e3o de ataques golpistas no futuro.<\/strong><\/p>\n<\/p>\n<h3>Not\u00edcias relacionadas:<\/h3>\n<ul>\n<li><a href=\"https:\/\/agenciabrasil.ebc.com.br\/politica\/noticia\/2026-04\/congresso-derruba-vetod-e-Lula-e-mantem-pl-da-dosimetria\">Congresso derruba veto de Lula e mant\u00e9m PL da Dosimetria.<\/a><\/li>\n<\/ul>\n<p>A nota da coaliz\u00e3o Pacto pela Democracia \u00e9 assinada por mais de 20 organiza\u00e7\u00f5es, aponta que a derrubada do veto pode ser vista como uma forma de relativizar ataques frontais ao regime democr\u00e1tico e substituir a soberania popular por projetos autorit\u00e1rios.<\/p>\n<p>Segundo a nota, a derrubada fragiliza \u201co caminho que vinha sendo constru\u00eddo para a devida responsabiliza\u00e7\u00e3o daqueles que atentaram contra a ordem constitucional democr\u00e1tica no pa\u00eds, no contexto da tentativa de golpe de Estado ap\u00f3s as \u00faltimas elei\u00e7\u00f5es presidenciais.\u201d<\/p>\n<p>O texto, assinado por organiza\u00e7\u00f5es como o Instituto Vladimir Herzog, Instituto Marielle Franco e a Transpar\u00eancia Eleitoral Brasil, destaca ainda que a medida n\u00e3o promove pacifica\u00e7\u00e3o e que setores do parlamento que votaram pela derrubada do veto abdicam do papel de guardi\u00f5es constitucionais, nem atuam no sentido de\u00a0 \u201ccorrigir excessos\u201d.<\/p>\n<blockquote>\n<p>\u201cNa pr\u00e1tica, trata-se de um movimento que, al\u00e9m de n\u00e3o contar com respaldo popular nem s\u00f3lido fundamento constitucional, reabre espa\u00e7o para a naturaliza\u00e7\u00e3o da viol\u00eancia pol\u00edtica contra a democracia e enfraquece a constru\u00e7\u00e3o da mem\u00f3ria coletiva sobre um dos epis\u00f3dios mais graves da hist\u00f3ria republicana recente\u201d, diz o documento.<\/p>\n<\/blockquote>\n<p><strong>As organiza\u00e7\u00f5es alertam ainda que reduzir a gravidade desses fatos por meio da revis\u00e3o de penas significa reescrever a hist\u00f3ria em favor da impunidade.<\/strong> O documento diz que o debate sobre a flexibiliza\u00e7\u00e3o de penas exige cautela e reflex\u00e3o respons\u00e1veis, principalmente por seus poss\u00edveis efeitos em outros \u00e2mbitos do sistema penal.<\/p>\n<p>\u201cNo 8 de janeiro, o povo brasileiro assistiu, at\u00f4nito, ao vandalismo e ao \u00f3dio dirigidos \u00e0s sedes dos Tr\u00eas Poderes por aqueles que buscavam desacreditar o resultado das elei\u00e7\u00f5es e substituir a soberania popular por um projeto autorit\u00e1rio; a perplexidade coletiva n\u00e3o foi apenas rea\u00e7\u00e3o \u00e0 viol\u00eancia, mas o reconhecimento imediato de um ataque frontal ao regime democr\u00e1tico&#8221;, diz a nota.<\/p>\n<blockquote>\n<p>&#8220;Ficou evidente que n\u00e3o se tratava de mero vandalismo, mas da express\u00e3o organizada de uma trama que visava deslegitimar o processo eleitoral e instaurar, pela for\u00e7a e pelo caos, uma ruptura institucional\u201d, diz o documento.<\/p>\n<\/blockquote>\n<p>O texto afirma ainda que a derrubada do veto ao PL abre brechas concretas para a repeti\u00e7\u00e3o desses ataques no futuro.<\/p>\n<p>\u201cA democracia n\u00e3o se sustenta apenas por elei\u00e7\u00f5es peri\u00f3dicas, mas pela capacidade de reconhecer seus traumas, responsabilizar seus agressores e impedir que a viol\u00eancia golpista seja incorporada \u00e0 normalidade institucional. A derrubada deste veto caminha no sentido da normaliza\u00e7\u00e3o da viol\u00eancia\u201d, diz a nota.<\/p>\n","protected":false},"excerpt":{"rendered":"<p>Organiza\u00e7\u00f5es da sociedade civil manifestaram rep\u00fadio \u00e0 derrubada de veto do presidente Luiz In\u00e1cio Lula da Silva ao projeto de lei (PL) da Dosimetria, que reduz a pena dos condenados por tentativa de golpe de Estado ligados ao 8 de janeiro de 2023. O veto foi derrubado nesta quinta-feira (30) pelo Congresso Nacional.\u00a0 Para as [&hellip;]<\/p>\n","protected":false},"author":121,"featured_media":20500,"comment_status":"open","ping_status":"open","sticky":false,"template":"","format":"standard","meta":{"site-sidebar-layout":"default","site-content-layout":"","ast-site-content-layout":"default","site-content-style":"default","site-sidebar-style":"default","ast-global-header-display":"","ast-banner-title-visibility":"","ast-main-header-display":"","ast-hfb-above-header-display":"","ast-hfb-below-header-display":"","ast-hfb-mobile-header-display":"","site-post-title":"","ast-breadcrumbs-content":"","ast-featured-img":"","footer-sml-layout":"","ast-disable-related-posts":"","theme-transparent-header-meta":"","adv-header-id-meta":"","stick-header-meta":"","header-above-stick-meta":"","header-main-stick-meta":"","header-below-stick-meta":"","astra-migrate-meta-layouts":"default","ast-page-background-enabled":"default","ast-page-background-meta":{"desktop":{"background-color":"var(--ast-global-color-4)","background-image":"","background-repeat":"repeat","background-position":"center center","background-size":"auto","background-attachment":"scroll","background-type":"","background-media":"","overlay-type":"","overlay-color":"","overlay-opacity":"","overlay-gradient":""},"tablet":{"background-color":"","background-image":"","background-repeat":"repeat","background-position":"center center","background-size":"auto","background-attachment":"scroll","background-type":"","background-media":"","overlay-type":"","overlay-color":"","overlay-opacity":"","overlay-gradient":""},"mobile":{"background-color":"","background-image":"","background-repeat":"repeat","background-position":"center center","background-size":"auto","background-attachment":"scroll","background-type":"","background-media":"","overlay-type":"","overlay-color":"","overlay-opacity":"","overlay-gradient":""}},"ast-content-background-meta":{"desktop":{"background-color":"var(--ast-global-color-5)","background-image":"","background-repeat":"repeat","background-position":"center center","background-size":"auto","background-attachment":"scroll","background-type":"","background-media":"","overlay-type":"","overlay-color":"","overlay-opacity":"","overlay-gradient":""},"tablet":{"background-color":"var(--ast-global-color-5)","background-image":"","background-repeat":"repeat","background-position":"center center","background-size":"auto","background-attachment":"scroll","background-type":"","background-media":"","overlay-type":"","overlay-color":"","overlay-opacity":"","overlay-gradient":""},"mobile":{"background-color":"var(--ast-global-color-5)","background-image":"","background-repeat":"repeat","background-position":"center center","background-size":"auto","background-attachment":"scroll","background-type":"","background-media":"","overlay-type":"","overlay-color":"","overlay-opacity":"","overlay-gradient":""}},"footnotes":""},"categories":[1],"tags":[],"class_list":["post-20499","post","type-post","status-publish","format-standard","has-post-thumbnail","hentry","category-sem-categoria"],"yoast_head":"<!-- This site is optimized with the Yoast SEO Premium plugin v23.6 (Yoast SEO v27.4) - https:\/\/yoast.com\/product\/yoast-seo-premium-wordpress\/ -->\n<title>Organiza\u00e7\u00f5es sociais criticam derrubada de veto ao PL da Dosimetria - Divulgue MS<\/title>\n<meta name=\"robots\" content=\"index, follow, max-snippet:-1, max-image-preview:large, max-video-preview:-1\" \/>\n<link rel=\"canonical\" href=\"https:\/\/divulguems.com.br\/?p=20499\" \/>\n<meta property=\"og:locale\" content=\"pt_BR\" \/>\n<meta property=\"og:type\" content=\"article\" \/>\n<meta property=\"og:title\" content=\"Organiza\u00e7\u00f5es sociais criticam derrubada de veto ao PL da Dosimetria\" \/>\n<meta property=\"og:description\" content=\"Organiza\u00e7\u00f5es da sociedade civil manifestaram rep\u00fadio \u00e0 derrubada de veto do presidente Luiz In\u00e1cio Lula da Silva ao projeto de lei (PL) da Dosimetria, que reduz a pena dos condenados por tentativa de golpe de Estado ligados ao 8 de janeiro de 2023. O veto foi derrubado nesta quinta-feira (30) pelo Congresso Nacional.\u00a0 Para as [&hellip;]\" \/>\n<meta property=\"og:url\" content=\"https:\/\/divulguems.com.br\/?p=20499\" \/>\n<meta property=\"og:site_name\" content=\"Divulgue MS\" \/>\n<meta property=\"article:publisher\" content=\"https:\/\/www.facebook.com\/portalinfocobrasil\" \/>\n<meta property=\"article:published_time\" content=\"2026-05-01T02:48:10+00:00\" \/>\n<meta property=\"og:image\" content=\"https:\/\/cdn.jsdelivr.net\/gh\/sergiosdlima\/assets-ebc@1.0.0\/abr\/assets\/images\/logo-agenciabrasil.svg\" \/>\n<meta name=\"author\" content=\"Luciano Nascimento - Reporter da Agencia Brasil\" \/>\n<meta name=\"twitter:card\" content=\"summary_large_image\" \/>\n<meta name=\"twitter:label1\" content=\"Escrito por\" \/>\n\t<meta name=\"twitter:data1\" content=\"Luciano Nascimento - Reporter da Agencia Brasil\" \/>\n\t<meta name=\"twitter:label2\" content=\"Est. tempo de leitura\" \/>\n\t<meta name=\"twitter:data2\" content=\"3 minutos\" \/>\n<script type=\"application\/ld+json\" class=\"yoast-schema-graph\">{\"@context\":\"https:\\\/\\\/schema.org\",\"@graph\":[{\"@type\":\"Article\",\"@id\":\"https:\\\/\\\/divulguems.com.br\\\/?p=20499#article\",\"isPartOf\":{\"@id\":\"https:\\\/\\\/divulguems.com.br\\\/?p=20499\"},\"author\":{\"name\":\"Luciano Nascimento - Reporter da Agencia Brasil\",\"@id\":\"https:\\\/\\\/divulguems.com.br\\\/#\\\/schema\\\/person\\\/edacebdad04fbef330aa9ee91ebe3fff\"},\"headline\":\"Organiza\u00e7\u00f5es sociais criticam derrubada de veto ao PL da Dosimetria\",\"datePublished\":\"2026-05-01T02:48:10+00:00\",\"mainEntityOfPage\":{\"@id\":\"https:\\\/\\\/divulguems.com.br\\\/?p=20499\"},\"wordCount\":547,\"commentCount\":0,\"publisher\":{\"@id\":\"https:\\\/\\\/divulguems.com.br\\\/#organization\"},\"image\":{\"@id\":\"https:\\\/\\\/divulguems.com.br\\\/?p=20499#primaryimage\"},\"thumbnailUrl\":\"https:\\\/\\\/divulguems.com.br\\\/wp-content\\\/uploads\\\/2026\\\/04\\\/20499-organizacoes-sociais-criticam-derrubada-de-veto-ao-pl-da-dosimetria.jpg\",\"articleSection\":[\"\u00daltimas Not\u00edcias\"],\"inLanguage\":\"pt-BR\",\"potentialAction\":[{\"@type\":\"CommentAction\",\"name\":\"Comment\",\"target\":[\"https:\\\/\\\/divulguems.com.br\\\/?p=20499#respond\"]}]},{\"@type\":\"WebPage\",\"@id\":\"https:\\\/\\\/divulguems.com.br\\\/?p=20499\",\"url\":\"https:\\\/\\\/divulguems.com.br\\\/?p=20499\",\"name\":\"Organiza\u00e7\u00f5es sociais criticam derrubada de veto ao PL da Dosimetria - Divulgue MS\",\"isPartOf\":{\"@id\":\"https:\\\/\\\/divulguems.com.br\\\/#website\"},\"primaryImageOfPage\":{\"@id\":\"https:\\\/\\\/divulguems.com.br\\\/?p=20499#primaryimage\"},\"image\":{\"@id\":\"https:\\\/\\\/divulguems.com.br\\\/?p=20499#primaryimage\"},\"thumbnailUrl\":\"https:\\\/\\\/divulguems.com.br\\\/wp-content\\\/uploads\\\/2026\\\/04\\\/20499-organizacoes-sociais-criticam-derrubada-de-veto-ao-pl-da-dosimetria.jpg\",\"datePublished\":\"2026-05-01T02:48:10+00:00\",\"breadcrumb\":{\"@id\":\"https:\\\/\\\/divulguems.com.br\\\/?p=20499#breadcrumb\"},\"inLanguage\":\"pt-BR\",\"potentialAction\":[{\"@type\":\"ReadAction\",\"target\":[\"https:\\\/\\\/divulguems.com.br\\\/?p=20499\"]}]},{\"@type\":\"ImageObject\",\"inLanguage\":\"pt-BR\",\"@id\":\"https:\\\/\\\/divulguems.com.br\\\/?p=20499#primaryimage\",\"url\":\"https:\\\/\\\/divulguems.com.br\\\/wp-content\\\/uploads\\\/2026\\\/04\\\/20499-organizacoes-sociais-criticam-derrubada-de-veto-ao-pl-da-dosimetria.jpg\",\"contentUrl\":\"https:\\\/\\\/divulguems.com.br\\\/wp-content\\\/uploads\\\/2026\\\/04\\\/20499-organizacoes-sociais-criticam-derrubada-de-veto-ao-pl-da-dosimetria.jpg\",\"width\":1600,\"height\":800,\"caption\":\"Organiza\u00e7\u00f5es sociais criticam derrubada de veto ao PL da Dosimetria\"},{\"@type\":\"BreadcrumbList\",\"@id\":\"https:\\\/\\\/divulguems.com.br\\\/?p=20499#breadcrumb\",\"itemListElement\":[{\"@type\":\"ListItem\",\"position\":1,\"name\":\"In\u00edcio\",\"item\":\"https:\\\/\\\/divulguems.com.br\\\/\"},{\"@type\":\"ListItem\",\"position\":2,\"name\":\"Organiza\u00e7\u00f5es sociais criticam derrubada de veto ao PL da Dosimetria\"}]},{\"@type\":\"WebSite\",\"@id\":\"https:\\\/\\\/divulguems.com.br\\\/#website\",\"url\":\"https:\\\/\\\/divulguems.com.br\\\/\",\"name\":\"Portal Infoco Brasil\",\"description\":\"L\u00edder de audi\u00eancia.\",\"publisher\":{\"@id\":\"https:\\\/\\\/divulguems.com.br\\\/#organization\"},\"potentialAction\":[{\"@type\":\"SearchAction\",\"target\":{\"@type\":\"EntryPoint\",\"urlTemplate\":\"https:\\\/\\\/divulguems.com.br\\\/?s={search_term_string}\"},\"query-input\":{\"@type\":\"PropertyValueSpecification\",\"valueRequired\":true,\"valueName\":\"search_term_string\"}}],\"inLanguage\":\"pt-BR\"},{\"@type\":\"Organization\",\"@id\":\"https:\\\/\\\/divulguems.com.br\\\/#organization\",\"name\":\"Portal Infoco Brasil\",\"url\":\"https:\\\/\\\/divulguems.com.br\\\/\",\"logo\":{\"@type\":\"ImageObject\",\"inLanguage\":\"pt-BR\",\"@id\":\"https:\\\/\\\/divulguems.com.br\\\/#\\\/schema\\\/logo\\\/image\\\/\",\"url\":\"https:\\\/\\\/divulguems.com.br\\\/wp-content\\\/uploads\\\/2025\\\/04\\\/LOGO-PNG-AZUL.png\",\"contentUrl\":\"https:\\\/\\\/divulguems.com.br\\\/wp-content\\\/uploads\\\/2025\\\/04\\\/LOGO-PNG-AZUL.png\",\"width\":1166,\"height\":475,\"caption\":\"Portal Infoco Brasil\"},\"image\":{\"@id\":\"https:\\\/\\\/divulguems.com.br\\\/#\\\/schema\\\/logo\\\/image\\\/\"},\"sameAs\":[\"https:\\\/\\\/www.facebook.com\\\/portalinfocobrasil\",\"https:\\\/\\\/www.instagram.com\\\/portalinfocobrasil\"]},{\"@type\":\"Person\",\"@id\":\"https:\\\/\\\/divulguems.com.br\\\/#\\\/schema\\\/person\\\/edacebdad04fbef330aa9ee91ebe3fff\",\"name\":\"Luciano Nascimento - Reporter da Agencia Brasil\",\"image\":{\"@type\":\"ImageObject\",\"inLanguage\":\"pt-BR\",\"@id\":\"https:\\\/\\\/secure.gravatar.com\\\/avatar\\\/6eb63b9a402fc231e074c9f5e1bda61c71b1a2725018930b6f44b674e5ebef11?s=96&d=mm&r=g\",\"url\":\"https:\\\/\\\/secure.gravatar.com\\\/avatar\\\/6eb63b9a402fc231e074c9f5e1bda61c71b1a2725018930b6f44b674e5ebef11?s=96&d=mm&r=g\",\"contentUrl\":\"https:\\\/\\\/secure.gravatar.com\\\/avatar\\\/6eb63b9a402fc231e074c9f5e1bda61c71b1a2725018930b6f44b674e5ebef11?s=96&d=mm&r=g\",\"caption\":\"Luciano Nascimento - Reporter da Agencia Brasil\"},\"url\":\"https:\\\/\\\/divulguems.com.br\\\/?author=121\"}]}<\/script>\n<!-- \/ Yoast SEO Premium plugin. -->","yoast_head_json":{"title":"Organiza\u00e7\u00f5es sociais criticam derrubada de veto ao PL da Dosimetria - Divulgue MS","robots":{"index":"index","follow":"follow","max-snippet":"max-snippet:-1","max-image-preview":"max-image-preview:large","max-video-preview":"max-video-preview:-1"},"canonical":"https:\/\/divulguems.com.br\/?p=20499","og_locale":"pt_BR","og_type":"article","og_title":"Organiza\u00e7\u00f5es sociais criticam derrubada de veto ao PL da Dosimetria","og_description":"Organiza\u00e7\u00f5es da sociedade civil manifestaram rep\u00fadio \u00e0 derrubada de veto do presidente Luiz In\u00e1cio Lula da Silva ao projeto de lei (PL) da Dosimetria, que reduz a pena dos condenados por tentativa de golpe de Estado ligados ao 8 de janeiro de 2023. O veto foi derrubado nesta quinta-feira (30) pelo Congresso Nacional.\u00a0 Para as [&hellip;]","og_url":"https:\/\/divulguems.com.br\/?p=20499","og_site_name":"Divulgue MS","article_publisher":"https:\/\/www.facebook.com\/portalinfocobrasil","article_published_time":"2026-05-01T02:48:10+00:00","og_image":[{"url":"https:\/\/cdn.jsdelivr.net\/gh\/sergiosdlima\/assets-ebc@1.0.0\/abr\/assets\/images\/logo-agenciabrasil.svg","type":"","width":"","height":""}],"author":"Luciano Nascimento - Reporter da Agencia Brasil","twitter_card":"summary_large_image","twitter_misc":{"Escrito por":"Luciano Nascimento - Reporter da Agencia Brasil","Est. tempo de leitura":"3 minutos"},"schema":{"@context":"https:\/\/schema.org","@graph":[{"@type":"Article","@id":"https:\/\/divulguems.com.br\/?p=20499#article","isPartOf":{"@id":"https:\/\/divulguems.com.br\/?p=20499"},"author":{"name":"Luciano Nascimento - Reporter da Agencia Brasil","@id":"https:\/\/divulguems.com.br\/#\/schema\/person\/edacebdad04fbef330aa9ee91ebe3fff"},"headline":"Organiza\u00e7\u00f5es sociais criticam derrubada de veto ao PL da Dosimetria","datePublished":"2026-05-01T02:48:10+00:00","mainEntityOfPage":{"@id":"https:\/\/divulguems.com.br\/?p=20499"},"wordCount":547,"commentCount":0,"publisher":{"@id":"https:\/\/divulguems.com.br\/#organization"},"image":{"@id":"https:\/\/divulguems.com.br\/?p=20499#primaryimage"},"thumbnailUrl":"https:\/\/divulguems.com.br\/wp-content\/uploads\/2026\/04\/20499-organizacoes-sociais-criticam-derrubada-de-veto-ao-pl-da-dosimetria.jpg","articleSection":["\u00daltimas Not\u00edcias"],"inLanguage":"pt-BR","potentialAction":[{"@type":"CommentAction","name":"Comment","target":["https:\/\/divulguems.com.br\/?p=20499#respond"]}]},{"@type":"WebPage","@id":"https:\/\/divulguems.com.br\/?p=20499","url":"https:\/\/divulguems.com.br\/?p=20499","name":"Organiza\u00e7\u00f5es sociais criticam derrubada de veto ao PL da Dosimetria - Divulgue MS","isPartOf":{"@id":"https:\/\/divulguems.com.br\/#website"},"primaryImageOfPage":{"@id":"https:\/\/divulguems.com.br\/?p=20499#primaryimage"},"image":{"@id":"https:\/\/divulguems.com.br\/?p=20499#primaryimage"},"thumbnailUrl":"https:\/\/divulguems.com.br\/wp-content\/uploads\/2026\/04\/20499-organizacoes-sociais-criticam-derrubada-de-veto-ao-pl-da-dosimetria.jpg","datePublished":"2026-05-01T02:48:10+00:00","breadcrumb":{"@id":"https:\/\/divulguems.com.br\/?p=20499#breadcrumb"},"inLanguage":"pt-BR","potentialAction":[{"@type":"ReadAction","target":["https:\/\/divulguems.com.br\/?p=20499"]}]},{"@type":"ImageObject","inLanguage":"pt-BR","@id":"https:\/\/divulguems.com.br\/?p=20499#primaryimage","url":"https:\/\/divulguems.com.br\/wp-content\/uploads\/2026\/04\/20499-organizacoes-sociais-criticam-derrubada-de-veto-ao-pl-da-dosimetria.jpg","contentUrl":"https:\/\/divulguems.com.br\/wp-content\/uploads\/2026\/04\/20499-organizacoes-sociais-criticam-derrubada-de-veto-ao-pl-da-dosimetria.jpg","width":1600,"height":800,"caption":"Organiza\u00e7\u00f5es sociais criticam derrubada de veto ao PL da Dosimetria"},{"@type":"BreadcrumbList","@id":"https:\/\/divulguems.com.br\/?p=20499#breadcrumb","itemListElement":[{"@type":"ListItem","position":1,"name":"In\u00edcio","item":"https:\/\/divulguems.com.br\/"},{"@type":"ListItem","position":2,"name":"Organiza\u00e7\u00f5es sociais criticam derrubada de veto ao PL da Dosimetria"}]},{"@type":"WebSite","@id":"https:\/\/divulguems.com.br\/#website","url":"https:\/\/divulguems.com.br\/","name":"Portal Infoco Brasil","description":"L\u00edder de audi\u00eancia.","publisher":{"@id":"https:\/\/divulguems.com.br\/#organization"},"potentialAction":[{"@type":"SearchAction","target":{"@type":"EntryPoint","urlTemplate":"https:\/\/divulguems.com.br\/?s={search_term_string}"},"query-input":{"@type":"PropertyValueSpecification","valueRequired":true,"valueName":"search_term_string"}}],"inLanguage":"pt-BR"},{"@type":"Organization","@id":"https:\/\/divulguems.com.br\/#organization","name":"Portal Infoco Brasil","url":"https:\/\/divulguems.com.br\/","logo":{"@type":"ImageObject","inLanguage":"pt-BR","@id":"https:\/\/divulguems.com.br\/#\/schema\/logo\/image\/","url":"https:\/\/divulguems.com.br\/wp-content\/uploads\/2025\/04\/LOGO-PNG-AZUL.png","contentUrl":"https:\/\/divulguems.com.br\/wp-content\/uploads\/2025\/04\/LOGO-PNG-AZUL.png","width":1166,"height":475,"caption":"Portal Infoco Brasil"},"image":{"@id":"https:\/\/divulguems.com.br\/#\/schema\/logo\/image\/"},"sameAs":["https:\/\/www.facebook.com\/portalinfocobrasil","https:\/\/www.instagram.com\/portalinfocobrasil"]},{"@type":"Person","@id":"https:\/\/divulguems.com.br\/#\/schema\/person\/edacebdad04fbef330aa9ee91ebe3fff","name":"Luciano Nascimento - Reporter da Agencia Brasil","image":{"@type":"ImageObject","inLanguage":"pt-BR","@id":"https:\/\/secure.gravatar.com\/avatar\/6eb63b9a402fc231e074c9f5e1bda61c71b1a2725018930b6f44b674e5ebef11?s=96&d=mm&r=g","url":"https:\/\/secure.gravatar.com\/avatar\/6eb63b9a402fc231e074c9f5e1bda61c71b1a2725018930b6f44b674e5ebef11?s=96&d=mm&r=g","contentUrl":"https:\/\/secure.gravatar.com\/avatar\/6eb63b9a402fc231e074c9f5e1bda61c71b1a2725018930b6f44b674e5ebef11?s=96&d=mm&r=g","caption":"Luciano Nascimento - Reporter da Agencia Brasil"},"url":"https:\/\/divulguems.com.br\/?author=121"}]}},"_links":{"self":[{"href":"https:\/\/divulguems.com.br\/index.php?rest_route=\/wp\/v2\/posts\/20499","targetHints":{"allow":["GET"]}}],"collection":[{"href":"https:\/\/divulguems.com.br\/index.php?rest_route=\/wp\/v2\/posts"}],"about":[{"href":"https:\/\/divulguems.com.br\/index.php?rest_route=\/wp\/v2\/types\/post"}],"author":[{"embeddable":true,"href":"https:\/\/divulguems.com.br\/index.php?rest_route=\/wp\/v2\/users\/121"}],"replies":[{"embeddable":true,"href":"https:\/\/divulguems.com.br\/index.php?rest_route=%2Fwp%2Fv2%2Fcomments&post=20499"}],"version-history":[{"count":0,"href":"https:\/\/divulguems.com.br\/index.php?rest_route=\/wp\/v2\/posts\/20499\/revisions"}],"wp:featuredmedia":[{"embeddable":true,"href":"https:\/\/divulguems.com.br\/index.php?rest_route=\/wp\/v2\/media\/20500"}],"wp:attachment":[{"href":"https:\/\/divulguems.com.br\/index.php?rest_route=%2Fwp%2Fv2%2Fmedia&parent=20499"}],"wp:term":[{"taxonomy":"category","embeddable":true,"href":"https:\/\/divulguems.com.br\/index.php?rest_route=%2Fwp%2Fv2%2Fcategories&post=20499"},{"taxonomy":"post_tag","embeddable":true,"href":"https:\/\/divulguems.com.br\/index.php?rest_route=%2Fwp%2Fv2%2Ftags&post=20499"}],"curies":[{"name":"wp","href":"https:\/\/api.w.org\/{rel}","templated":true}]}}