{"id":20508,"date":"2026-05-01T23:46:47","date_gmt":"2026-05-02T03:46:47","guid":{"rendered":"https:\/\/divulguems.com.br\/?p=20508"},"modified":"2026-05-01T23:46:47","modified_gmt":"2026-05-02T03:46:47","slug":"lauro-chaman-e-ouro-em-etapa-a-copa-do-mundo-de-ciclismo-de-estrada","status":"publish","type":"post","link":"https:\/\/divulguems.com.br\/?p=20508","title":{"rendered":"Lauro Chaman \u00e9 ouro em etapa a Copa do Mundo de ciclismo de estrada"},"content":{"rendered":"<\/p>\n<p><a class=\"\" href=\"https:\/\/agenciabrasil.ebc.com.br\/esportes\/noticia\/2026-05\/lauro-chaman-e-ouro-em-etapa-copa-do-mundo-de-ciclismo-de-estrada\"><br \/>\n                    <img decoding=\"async\" src=\"https:\/\/cdn.jsdelivr.net\/gh\/sergiosdlima\/assets-ebc@1.0.0\/abr\/assets\/images\/logo-agenciabrasil.svg\" alt=\"Logo Ag\u00eancia Brasil\"><br \/>\n\t\t\t\t<\/a><\/p>\n<p>O \u00faltimo dia da etapa da Copa do Mundo de ciclismo de estada em Gistel (B\u00e9lgica) terminou em grande estilo para o Brasil. O paulista Lauro Chaman foi campe\u00e3o na prova de 80,4 quil\u00f4metros &#8211; divididos em oito voltas \u2013 da classe MC5 (atletas que utilizam bicicletas convencionais). Representante brasileiro nos Jogos de Paris 2024, Chaman cruzou a linha de chegada em 1h48min09s, deixando para tr\u00e1s o holand\u00eas Daniel Abraham Gebru e o ucraniano Yehor Dementyev, prata e o bronze, respectivamente.<img decoding=\"async\" src=\"https:\/\/agenciabrasil.ebc.com.br\/ebc.png?id=1688171&#038;o=rss\"><img decoding=\"async\" src=\"https:\/\/agenciabrasil.ebc.com.br\/ebc.gif?id=1688171&#038;o=rss\"><\/p>\n<p>Quem tamb\u00e9m subiu ao p\u00f3dio nesta sexta (1\u00ba) foi a paranaense Vict\u00f3ria Barbosa, que faturou a prata na classe C1 feminina (atletas com bicicletas convencionais) da prova dos 49,8 km em quatro voltas. O ouro ficou com a chinesa Wangwei Qian.<\/p>\n<\/p>\n<h3>Not\u00edcias relacionadas:<\/h3>\n<ul>\n<li><a href=\"https:\/\/agenciabrasil.ebc.com.br\/esportes\/noticia\/2026-05\/inter-aplica-3-0-no-santos-fora-de-casa-pelo-brasileirao-feminino\">Inter aplica 3 a 0 no Santos fora de casa pelo Brasileir\u00e3o Feminino.<\/a><\/li>\n<li><a href=\"https:\/\/agenciabrasil.ebc.com.br\/esportes\/noticia\/2026-05\/leclerc-e-o-mais-rapido-nos-treinos-do-grande-premio-de-miami-de-f1\">Leclerc \u00e9 o mais r\u00e1pido nos treinos do Grande Pr\u00eamio de Miami de F1.<\/a><\/li>\n<li><a href=\"https:\/\/agenciabrasil.ebc.com.br\/esportes\/noticia\/2026-04\/aprovada-na-camara-lei-da-copa-feminina-reconhece-atletas-pioneiras\">Aprovada na C\u00e2mara, lei da Copa Feminina reconhece atletas pioneiras.<\/a><\/li>\n<\/ul>\n<p>Com as conquistas de hoje, o Brasil fechou a competi\u00e7\u00e3o com sete medalhas (um ouro e seis pratas). Na ter\u00e7a (28), primeiro dia de disputas, as paulistas Gilmara do Ros\u00e1rio e J\u00e9ssica Ferreira foram vice-campe\u00e3s nas provas de contrarrel\u00f3gio das classes H2 e H3, para ciclistas que utilizam <em>handbikes<\/em> (bicicletas impulsionadas com as m\u00e3os).<\/p>\n<div class=\"dnd-widget-wrapper context-cheio_8colunas type-image\">\n<div class=\"dnd-atom-rendered\"><!-- scald=461461:cheio_8colunas --><br \/>\n            <img decoding=\"async\" src=\"https:\/\/agenciabrasil.ebc.com.br\/sites\/default\/files\/thumbnails\/image\/loading_v2.gif\" data-echo=\"https:\/\/imagens.ebc.com.br\/Cl6NOD1g-noIDmxbwEyC-8BhWfs=\/754x0\/smart\/https:\/\/agenciabrasil.ebc.com.br\/sites\/default\/files\/thumbnails\/image\/2026\/05\/01\/gilmara_ciclismo_etapa_copa_do_mundo_belgica_2026.jpg?itok=lJwP9OkU\" alt=\"Gilmara do Ros\u00e1rio em disputa na etapa de Copa do Mundo em Gistel, na B\u00e9lgica, em 30\/04\/2026\" title=\"JB Benavent\/CBC\/Direitos Reservados\"><br \/>\n        <noscript><img decoding=\"async\" src=\"https:\/\/imagens.ebc.com.br\/Cl6NOD1g-noIDmxbwEyC-8BhWfs=\/754x0\/smart\/https:\/\/agenciabrasil.ebc.com.br\/sites\/default\/files\/thumbnails\/image\/2026\/05\/01\/gilmara_ciclismo_etapa_copa_do_mundo_belgica_2026.jpg?itok=lJwP9OkU\" alt=\"Gilmara do Ros\u00e1rio em disputa na etapa de Copa do Mundo em Gistel, na B\u00e9lgica, em 30\/04\/2026\" title=\"JB Benavent\/CBC\/Direitos Reservados\"><\/noscript><br \/>\n    <!-- END scald=461461 --><\/div>\n<div class=\"dnd-caption-wrapper\">\n<div class=\"meta\"><!--copyright=461461-->A paulista Gilmara do Ros\u00e1rio arrematou duas pratas na quinta-feira (30): a prmeira na prova contrarrel\u00f3gico e depois na dispua de resist\u00eancia em percurso de 29,4 km &#8211; <strong>JB Benavent\/CBC\/Direitos Reservados<\/strong><!--END copyright=461461--><\/div>\n<\/div>\n<\/div>\n<p>As brasileiras voltaram a subir ao p\u00f3dio no dia seguinte. Gilmara chegou em segundo lugar na prova de resist\u00eancia em percurso de 29,4 km (dividido em tr\u00eas voltas), com o tempo 1h30min34s, atr\u00e1s apenas da tailandesa Patcharapha Seesen, que levou o ouro. O bronze ficou com a brit\u00e2nica Marina Logacheva (1h31min44s). A compatriota J\u00e9ssica tamb\u00e9m foi vice-campe\u00e3 no percurso de 49,8 km (dividido em cinco voltas), com o tempo de 1h29min24s. O ouro ficou com a francesa Ana\u00efs Vincent (1h26min32s) e o bronze com a norte-americana Jenna Rollman (1h41min01s).<\/p>\n<p>Ao todo, 14 atletas e um piloto competiram na etapa da Copa na B\u00e9lgica. A pr\u00f3xima ser\u00e1 em Abruzzo (It\u00e1lia), com in\u00edcio na quinta (7).<\/p>\n","protected":false},"excerpt":{"rendered":"<p>O \u00faltimo dia da etapa da Copa do Mundo de ciclismo de estada em Gistel (B\u00e9lgica) terminou em grande estilo para o Brasil. O paulista Lauro Chaman foi campe\u00e3o na prova de 80,4 quil\u00f4metros &#8211; divididos em oito voltas \u2013 da classe MC5 (atletas que utilizam bicicletas convencionais). Representante brasileiro nos Jogos de Paris 2024, [&hellip;]<\/p>\n","protected":false},"author":116,"featured_media":20509,"comment_status":"open","ping_status":"open","sticky":false,"template":"","format":"standard","meta":{"site-sidebar-layout":"default","site-content-layout":"","ast-site-content-layout":"default","site-content-style":"default","site-sidebar-style":"default","ast-global-header-display":"","ast-banner-title-visibility":"","ast-main-header-display":"","ast-hfb-above-header-display":"","ast-hfb-below-header-display":"","ast-hfb-mobile-header-display":"","site-post-title":"","ast-breadcrumbs-content":"","ast-featured-img":"","footer-sml-layout":"","ast-disable-related-posts":"","theme-transparent-header-meta":"","adv-header-id-meta":"","stick-header-meta":"","header-above-stick-meta":"","header-main-stick-meta":"","header-below-stick-meta":"","astra-migrate-meta-layouts":"default","ast-page-background-enabled":"default","ast-page-background-meta":{"desktop":{"background-color":"var(--ast-global-color-4)","background-image":"","background-repeat":"repeat","background-position":"center center","background-size":"auto","background-attachment":"scroll","background-type":"","background-media":"","overlay-type":"","overlay-color":"","overlay-opacity":"","overlay-gradient":""},"tablet":{"background-color":"","background-image":"","background-repeat":"repeat","background-position":"center center","background-size":"auto","background-attachment":"scroll","background-type":"","background-media":"","overlay-type":"","overlay-color":"","overlay-opacity":"","overlay-gradient":""},"mobile":{"background-color":"","background-image":"","background-repeat":"repeat","background-position":"center center","background-size":"auto","background-attachment":"scroll","background-type":"","background-media":"","overlay-type":"","overlay-color":"","overlay-opacity":"","overlay-gradient":""}},"ast-content-background-meta":{"desktop":{"background-color":"var(--ast-global-color-5)","background-image":"","background-repeat":"repeat","background-position":"center center","background-size":"auto","background-attachment":"scroll","background-type":"","background-media":"","overlay-type":"","overlay-color":"","overlay-opacity":"","overlay-gradient":""},"tablet":{"background-color":"var(--ast-global-color-5)","background-image":"","background-repeat":"repeat","background-position":"center center","background-size":"auto","background-attachment":"scroll","background-type":"","background-media":"","overlay-type":"","overlay-color":"","overlay-opacity":"","overlay-gradient":""},"mobile":{"background-color":"var(--ast-global-color-5)","background-image":"","background-repeat":"repeat","background-position":"center center","background-size":"auto","background-attachment":"scroll","background-type":"","background-media":"","overlay-type":"","overlay-color":"","overlay-opacity":"","overlay-gradient":""}},"footnotes":""},"categories":[37],"tags":[],"class_list":["post-20508","post","type-post","status-publish","format-standard","has-post-thumbnail","hentry","category-economia-e-negocios"],"yoast_head":"<!-- This site is optimized with the Yoast SEO Premium plugin v23.6 (Yoast SEO v27.4) - https:\/\/yoast.com\/product\/yoast-seo-premium-wordpress\/ -->\n<title>Lauro Chaman \u00e9 ouro em etapa a Copa do Mundo de ciclismo de estrada - Divulgue MS<\/title>\n<meta name=\"robots\" content=\"index, follow, max-snippet:-1, max-image-preview:large, max-video-preview:-1\" \/>\n<link rel=\"canonical\" href=\"https:\/\/divulguems.com.br\/?p=20508\" \/>\n<meta property=\"og:locale\" content=\"pt_BR\" \/>\n<meta property=\"og:type\" content=\"article\" \/>\n<meta property=\"og:title\" content=\"Lauro Chaman \u00e9 ouro em etapa a Copa do Mundo de ciclismo de estrada\" \/>\n<meta property=\"og:description\" content=\"O \u00faltimo dia da etapa da Copa do Mundo de ciclismo de estada em Gistel (B\u00e9lgica) terminou em grande estilo para o Brasil. O paulista Lauro Chaman foi campe\u00e3o na prova de 80,4 quil\u00f4metros &#8211; divididos em oito voltas \u2013 da classe MC5 (atletas que utilizam bicicletas convencionais). Representante brasileiro nos Jogos de Paris 2024, [&hellip;]\" \/>\n<meta property=\"og:url\" content=\"https:\/\/divulguems.com.br\/?p=20508\" \/>\n<meta property=\"og:site_name\" content=\"Divulgue MS\" \/>\n<meta property=\"article:publisher\" content=\"https:\/\/www.facebook.com\/portalinfocobrasil\" \/>\n<meta property=\"article:published_time\" content=\"2026-05-02T03:46:47+00:00\" \/>\n<meta property=\"og:image\" content=\"https:\/\/cdn.jsdelivr.net\/gh\/sergiosdlima\/assets-ebc@1.0.0\/abr\/assets\/images\/logo-agenciabrasil.svg\" \/>\n<meta name=\"author\" content=\"Agencia Brasil\" \/>\n<meta name=\"twitter:card\" content=\"summary_large_image\" \/>\n<meta name=\"twitter:label1\" content=\"Escrito por\" \/>\n\t<meta name=\"twitter:data1\" content=\"Agencia Brasil\" \/>\n\t<meta name=\"twitter:label2\" content=\"Est. tempo de leitura\" \/>\n\t<meta name=\"twitter:data2\" content=\"2 minutos\" \/>\n<script type=\"application\/ld+json\" class=\"yoast-schema-graph\">{\"@context\":\"https:\\\/\\\/schema.org\",\"@graph\":[{\"@type\":\"Article\",\"@id\":\"https:\\\/\\\/divulguems.com.br\\\/?p=20508#article\",\"isPartOf\":{\"@id\":\"https:\\\/\\\/divulguems.com.br\\\/?p=20508\"},\"author\":{\"name\":\"Agencia Brasil\",\"@id\":\"https:\\\/\\\/divulguems.com.br\\\/#\\\/schema\\\/person\\\/a34887bf3581b349187121793408c1a7\"},\"headline\":\"Lauro Chaman \u00e9 ouro em etapa a Copa do Mundo de ciclismo de estrada\",\"datePublished\":\"2026-05-02T03:46:47+00:00\",\"mainEntityOfPage\":{\"@id\":\"https:\\\/\\\/divulguems.com.br\\\/?p=20508\"},\"wordCount\":407,\"commentCount\":0,\"publisher\":{\"@id\":\"https:\\\/\\\/divulguems.com.br\\\/#organization\"},\"image\":{\"@id\":\"https:\\\/\\\/divulguems.com.br\\\/?p=20508#primaryimage\"},\"thumbnailUrl\":\"https:\\\/\\\/divulguems.com.br\\\/wp-content\\\/uploads\\\/2026\\\/05\\\/20508-lauro-chaman-e-ouro-em-etapa-a-copa-do-mundo-de-ciclismo-de-estrada.jpg\",\"articleSection\":[\"Economia e Neg\u00f3cios\"],\"inLanguage\":\"pt-BR\",\"potentialAction\":[{\"@type\":\"CommentAction\",\"name\":\"Comment\",\"target\":[\"https:\\\/\\\/divulguems.com.br\\\/?p=20508#respond\"]}]},{\"@type\":\"WebPage\",\"@id\":\"https:\\\/\\\/divulguems.com.br\\\/?p=20508\",\"url\":\"https:\\\/\\\/divulguems.com.br\\\/?p=20508\",\"name\":\"Lauro Chaman \u00e9 ouro em etapa a Copa do Mundo de ciclismo de estrada - Divulgue MS\",\"isPartOf\":{\"@id\":\"https:\\\/\\\/divulguems.com.br\\\/#website\"},\"primaryImageOfPage\":{\"@id\":\"https:\\\/\\\/divulguems.com.br\\\/?p=20508#primaryimage\"},\"image\":{\"@id\":\"https:\\\/\\\/divulguems.com.br\\\/?p=20508#primaryimage\"},\"thumbnailUrl\":\"https:\\\/\\\/divulguems.com.br\\\/wp-content\\\/uploads\\\/2026\\\/05\\\/20508-lauro-chaman-e-ouro-em-etapa-a-copa-do-mundo-de-ciclismo-de-estrada.jpg\",\"datePublished\":\"2026-05-02T03:46:47+00:00\",\"breadcrumb\":{\"@id\":\"https:\\\/\\\/divulguems.com.br\\\/?p=20508#breadcrumb\"},\"inLanguage\":\"pt-BR\",\"potentialAction\":[{\"@type\":\"ReadAction\",\"target\":[\"https:\\\/\\\/divulguems.com.br\\\/?p=20508\"]}]},{\"@type\":\"ImageObject\",\"inLanguage\":\"pt-BR\",\"@id\":\"https:\\\/\\\/divulguems.com.br\\\/?p=20508#primaryimage\",\"url\":\"https:\\\/\\\/divulguems.com.br\\\/wp-content\\\/uploads\\\/2026\\\/05\\\/20508-lauro-chaman-e-ouro-em-etapa-a-copa-do-mundo-de-ciclismo-de-estrada.jpg\",\"contentUrl\":\"https:\\\/\\\/divulguems.com.br\\\/wp-content\\\/uploads\\\/2026\\\/05\\\/20508-lauro-chaman-e-ouro-em-etapa-a-copa-do-mundo-de-ciclismo-de-estrada.jpg\",\"width\":1600,\"height\":800,\"caption\":\"Lauro Chaman \u00e9 ouro em etapa a Copa do Mundo de ciclismo de estrada\"},{\"@type\":\"BreadcrumbList\",\"@id\":\"https:\\\/\\\/divulguems.com.br\\\/?p=20508#breadcrumb\",\"itemListElement\":[{\"@type\":\"ListItem\",\"position\":1,\"name\":\"In\u00edcio\",\"item\":\"https:\\\/\\\/divulguems.com.br\\\/\"},{\"@type\":\"ListItem\",\"position\":2,\"name\":\"Lauro Chaman \u00e9 ouro em etapa a Copa do Mundo de ciclismo de estrada\"}]},{\"@type\":\"WebSite\",\"@id\":\"https:\\\/\\\/divulguems.com.br\\\/#website\",\"url\":\"https:\\\/\\\/divulguems.com.br\\\/\",\"name\":\"Portal Infoco Brasil\",\"description\":\"L\u00edder de audi\u00eancia.\",\"publisher\":{\"@id\":\"https:\\\/\\\/divulguems.com.br\\\/#organization\"},\"potentialAction\":[{\"@type\":\"SearchAction\",\"target\":{\"@type\":\"EntryPoint\",\"urlTemplate\":\"https:\\\/\\\/divulguems.com.br\\\/?s={search_term_string}\"},\"query-input\":{\"@type\":\"PropertyValueSpecification\",\"valueRequired\":true,\"valueName\":\"search_term_string\"}}],\"inLanguage\":\"pt-BR\"},{\"@type\":\"Organization\",\"@id\":\"https:\\\/\\\/divulguems.com.br\\\/#organization\",\"name\":\"Portal Infoco Brasil\",\"url\":\"https:\\\/\\\/divulguems.com.br\\\/\",\"logo\":{\"@type\":\"ImageObject\",\"inLanguage\":\"pt-BR\",\"@id\":\"https:\\\/\\\/divulguems.com.br\\\/#\\\/schema\\\/logo\\\/image\\\/\",\"url\":\"https:\\\/\\\/divulguems.com.br\\\/wp-content\\\/uploads\\\/2025\\\/04\\\/LOGO-PNG-AZUL.png\",\"contentUrl\":\"https:\\\/\\\/divulguems.com.br\\\/wp-content\\\/uploads\\\/2025\\\/04\\\/LOGO-PNG-AZUL.png\",\"width\":1166,\"height\":475,\"caption\":\"Portal Infoco Brasil\"},\"image\":{\"@id\":\"https:\\\/\\\/divulguems.com.br\\\/#\\\/schema\\\/logo\\\/image\\\/\"},\"sameAs\":[\"https:\\\/\\\/www.facebook.com\\\/portalinfocobrasil\",\"https:\\\/\\\/www.instagram.com\\\/portalinfocobrasil\"]},{\"@type\":\"Person\",\"@id\":\"https:\\\/\\\/divulguems.com.br\\\/#\\\/schema\\\/person\\\/a34887bf3581b349187121793408c1a7\",\"name\":\"Agencia Brasil\",\"image\":{\"@type\":\"ImageObject\",\"inLanguage\":\"pt-BR\",\"@id\":\"https:\\\/\\\/secure.gravatar.com\\\/avatar\\\/3fd0181c908a29c9243308239f56d705be75c4f4c56fead1ae013e31f296750c?s=96&d=mm&r=g\",\"url\":\"https:\\\/\\\/secure.gravatar.com\\\/avatar\\\/3fd0181c908a29c9243308239f56d705be75c4f4c56fead1ae013e31f296750c?s=96&d=mm&r=g\",\"contentUrl\":\"https:\\\/\\\/secure.gravatar.com\\\/avatar\\\/3fd0181c908a29c9243308239f56d705be75c4f4c56fead1ae013e31f296750c?s=96&d=mm&r=g\",\"caption\":\"Agencia Brasil\"},\"url\":\"https:\\\/\\\/divulguems.com.br\\\/?author=116\"}]}<\/script>\n<!-- \/ Yoast SEO Premium plugin. -->","yoast_head_json":{"title":"Lauro Chaman \u00e9 ouro em etapa a Copa do Mundo de ciclismo de estrada - Divulgue MS","robots":{"index":"index","follow":"follow","max-snippet":"max-snippet:-1","max-image-preview":"max-image-preview:large","max-video-preview":"max-video-preview:-1"},"canonical":"https:\/\/divulguems.com.br\/?p=20508","og_locale":"pt_BR","og_type":"article","og_title":"Lauro Chaman \u00e9 ouro em etapa a Copa do Mundo de ciclismo de estrada","og_description":"O \u00faltimo dia da etapa da Copa do Mundo de ciclismo de estada em Gistel (B\u00e9lgica) terminou em grande estilo para o Brasil. O paulista Lauro Chaman foi campe\u00e3o na prova de 80,4 quil\u00f4metros &#8211; divididos em oito voltas \u2013 da classe MC5 (atletas que utilizam bicicletas convencionais). Representante brasileiro nos Jogos de Paris 2024, [&hellip;]","og_url":"https:\/\/divulguems.com.br\/?p=20508","og_site_name":"Divulgue MS","article_publisher":"https:\/\/www.facebook.com\/portalinfocobrasil","article_published_time":"2026-05-02T03:46:47+00:00","og_image":[{"url":"https:\/\/cdn.jsdelivr.net\/gh\/sergiosdlima\/assets-ebc@1.0.0\/abr\/assets\/images\/logo-agenciabrasil.svg","type":"","width":"","height":""}],"author":"Agencia Brasil","twitter_card":"summary_large_image","twitter_misc":{"Escrito por":"Agencia Brasil","Est. tempo de leitura":"2 minutos"},"schema":{"@context":"https:\/\/schema.org","@graph":[{"@type":"Article","@id":"https:\/\/divulguems.com.br\/?p=20508#article","isPartOf":{"@id":"https:\/\/divulguems.com.br\/?p=20508"},"author":{"name":"Agencia Brasil","@id":"https:\/\/divulguems.com.br\/#\/schema\/person\/a34887bf3581b349187121793408c1a7"},"headline":"Lauro Chaman \u00e9 ouro em etapa a Copa do Mundo de ciclismo de estrada","datePublished":"2026-05-02T03:46:47+00:00","mainEntityOfPage":{"@id":"https:\/\/divulguems.com.br\/?p=20508"},"wordCount":407,"commentCount":0,"publisher":{"@id":"https:\/\/divulguems.com.br\/#organization"},"image":{"@id":"https:\/\/divulguems.com.br\/?p=20508#primaryimage"},"thumbnailUrl":"https:\/\/divulguems.com.br\/wp-content\/uploads\/2026\/05\/20508-lauro-chaman-e-ouro-em-etapa-a-copa-do-mundo-de-ciclismo-de-estrada.jpg","articleSection":["Economia e Neg\u00f3cios"],"inLanguage":"pt-BR","potentialAction":[{"@type":"CommentAction","name":"Comment","target":["https:\/\/divulguems.com.br\/?p=20508#respond"]}]},{"@type":"WebPage","@id":"https:\/\/divulguems.com.br\/?p=20508","url":"https:\/\/divulguems.com.br\/?p=20508","name":"Lauro Chaman \u00e9 ouro em etapa a Copa do Mundo de ciclismo de estrada - Divulgue MS","isPartOf":{"@id":"https:\/\/divulguems.com.br\/#website"},"primaryImageOfPage":{"@id":"https:\/\/divulguems.com.br\/?p=20508#primaryimage"},"image":{"@id":"https:\/\/divulguems.com.br\/?p=20508#primaryimage"},"thumbnailUrl":"https:\/\/divulguems.com.br\/wp-content\/uploads\/2026\/05\/20508-lauro-chaman-e-ouro-em-etapa-a-copa-do-mundo-de-ciclismo-de-estrada.jpg","datePublished":"2026-05-02T03:46:47+00:00","breadcrumb":{"@id":"https:\/\/divulguems.com.br\/?p=20508#breadcrumb"},"inLanguage":"pt-BR","potentialAction":[{"@type":"ReadAction","target":["https:\/\/divulguems.com.br\/?p=20508"]}]},{"@type":"ImageObject","inLanguage":"pt-BR","@id":"https:\/\/divulguems.com.br\/?p=20508#primaryimage","url":"https:\/\/divulguems.com.br\/wp-content\/uploads\/2026\/05\/20508-lauro-chaman-e-ouro-em-etapa-a-copa-do-mundo-de-ciclismo-de-estrada.jpg","contentUrl":"https:\/\/divulguems.com.br\/wp-content\/uploads\/2026\/05\/20508-lauro-chaman-e-ouro-em-etapa-a-copa-do-mundo-de-ciclismo-de-estrada.jpg","width":1600,"height":800,"caption":"Lauro Chaman \u00e9 ouro em etapa a Copa do Mundo de ciclismo de estrada"},{"@type":"BreadcrumbList","@id":"https:\/\/divulguems.com.br\/?p=20508#breadcrumb","itemListElement":[{"@type":"ListItem","position":1,"name":"In\u00edcio","item":"https:\/\/divulguems.com.br\/"},{"@type":"ListItem","position":2,"name":"Lauro Chaman \u00e9 ouro em etapa a Copa do Mundo de ciclismo de estrada"}]},{"@type":"WebSite","@id":"https:\/\/divulguems.com.br\/#website","url":"https:\/\/divulguems.com.br\/","name":"Portal Infoco Brasil","description":"L\u00edder de audi\u00eancia.","publisher":{"@id":"https:\/\/divulguems.com.br\/#organization"},"potentialAction":[{"@type":"SearchAction","target":{"@type":"EntryPoint","urlTemplate":"https:\/\/divulguems.com.br\/?s={search_term_string}"},"query-input":{"@type":"PropertyValueSpecification","valueRequired":true,"valueName":"search_term_string"}}],"inLanguage":"pt-BR"},{"@type":"Organization","@id":"https:\/\/divulguems.com.br\/#organization","name":"Portal Infoco Brasil","url":"https:\/\/divulguems.com.br\/","logo":{"@type":"ImageObject","inLanguage":"pt-BR","@id":"https:\/\/divulguems.com.br\/#\/schema\/logo\/image\/","url":"https:\/\/divulguems.com.br\/wp-content\/uploads\/2025\/04\/LOGO-PNG-AZUL.png","contentUrl":"https:\/\/divulguems.com.br\/wp-content\/uploads\/2025\/04\/LOGO-PNG-AZUL.png","width":1166,"height":475,"caption":"Portal Infoco Brasil"},"image":{"@id":"https:\/\/divulguems.com.br\/#\/schema\/logo\/image\/"},"sameAs":["https:\/\/www.facebook.com\/portalinfocobrasil","https:\/\/www.instagram.com\/portalinfocobrasil"]},{"@type":"Person","@id":"https:\/\/divulguems.com.br\/#\/schema\/person\/a34887bf3581b349187121793408c1a7","name":"Agencia Brasil","image":{"@type":"ImageObject","inLanguage":"pt-BR","@id":"https:\/\/secure.gravatar.com\/avatar\/3fd0181c908a29c9243308239f56d705be75c4f4c56fead1ae013e31f296750c?s=96&d=mm&r=g","url":"https:\/\/secure.gravatar.com\/avatar\/3fd0181c908a29c9243308239f56d705be75c4f4c56fead1ae013e31f296750c?s=96&d=mm&r=g","contentUrl":"https:\/\/secure.gravatar.com\/avatar\/3fd0181c908a29c9243308239f56d705be75c4f4c56fead1ae013e31f296750c?s=96&d=mm&r=g","caption":"Agencia Brasil"},"url":"https:\/\/divulguems.com.br\/?author=116"}]}},"_links":{"self":[{"href":"https:\/\/divulguems.com.br\/index.php?rest_route=\/wp\/v2\/posts\/20508","targetHints":{"allow":["GET"]}}],"collection":[{"href":"https:\/\/divulguems.com.br\/index.php?rest_route=\/wp\/v2\/posts"}],"about":[{"href":"https:\/\/divulguems.com.br\/index.php?rest_route=\/wp\/v2\/types\/post"}],"author":[{"embeddable":true,"href":"https:\/\/divulguems.com.br\/index.php?rest_route=\/wp\/v2\/users\/116"}],"replies":[{"embeddable":true,"href":"https:\/\/divulguems.com.br\/index.php?rest_route=%2Fwp%2Fv2%2Fcomments&post=20508"}],"version-history":[{"count":0,"href":"https:\/\/divulguems.com.br\/index.php?rest_route=\/wp\/v2\/posts\/20508\/revisions"}],"wp:featuredmedia":[{"embeddable":true,"href":"https:\/\/divulguems.com.br\/index.php?rest_route=\/wp\/v2\/media\/20509"}],"wp:attachment":[{"href":"https:\/\/divulguems.com.br\/index.php?rest_route=%2Fwp%2Fv2%2Fmedia&parent=20508"}],"wp:term":[{"taxonomy":"category","embeddable":true,"href":"https:\/\/divulguems.com.br\/index.php?rest_route=%2Fwp%2Fv2%2Fcategories&post=20508"},{"taxonomy":"post_tag","embeddable":true,"href":"https:\/\/divulguems.com.br\/index.php?rest_route=%2Fwp%2Fv2%2Ftags&post=20508"}],"curies":[{"name":"wp","href":"https:\/\/api.w.org\/{rel}","templated":true}]}}