{"id":20512,"date":"2026-05-01T23:46:49","date_gmt":"2026-05-02T03:46:49","guid":{"rendered":"https:\/\/divulguems.com.br\/?p=20512"},"modified":"2026-05-01T23:46:49","modified_gmt":"2026-05-02T03:46:49","slug":"bem-viver-norteia-feira-do-livro-da-rocha-no-bairro-do-bixiga-em-sp","status":"publish","type":"post","link":"https:\/\/divulguems.com.br\/?p=20512","title":{"rendered":"Bem-viver norteia Feira do Livro da Rocha, no bairro do Bixiga em SP"},"content":{"rendered":"<p>Em S\u00e3o Paulo, segue at\u00e9 domingo a 2\u00aa edi\u00e7\u00e3o da Feira do Livro da Rocha, evento dedicado \u00e0 literatura no tradicional bairro do Bixiga. S\u00e3o tr\u00eas dias de programa\u00e7\u00e3o diversa e gratuita.<img decoding=\"async\" src=\"https:\/\/agenciabrasil.ebc.com.br\/ebc.png?id=1688169&#038;o=rss\"><img decoding=\"async\" src=\"https:\/\/agenciabrasil.ebc.com.br\/ebc.gif?id=1688169&#038;o=rss\"><\/p>\n<p>A feira liter\u00e1ria leva o nome da rua onde acontece, a Rua Rocha, e re\u00fane mais de 60 editoras e livrarias, e oferece cerca de 70 atividades. O evento \u00e9 organizado pela Livraria Simples em parceria com organiza\u00e7\u00f5es do entorno.<\/p>\n<p>Felipe Roth Faya, um dos organizadores da feira, fala sobre o bem-viver, conceito presente na vis\u00e3o de mundo de povos origin\u00e1rios e que norteia o tema desta edi\u00e7\u00e3o, e comenta tamb\u00e9m a mem\u00f3ria negra no bairro do Bixiga.<\/p>\n<blockquote>\n<p>\u201cUma concep\u00e7\u00e3o de entender que a gente tamb\u00e9m \u00e9 natureza, e de que a gente tem que respeitar os outros, a diversidade, o meio ambiente. O Bixiga \u00e9 um bairro que preserva um modo de vida que vem desde a \u00e9poca do quilombo Saracura, no territ\u00f3rio aqui \u00e1 beira do Rio Saracura, que \u00e9 um rio atr\u00e1s da rua da livraria, que preserva esse modo de vida comunit\u00e1rio em que a gente se conhece, conversa com os vizinhos, se ajuda. Tudo isso a gente procura transmitir aqui na feira\u201d.<\/p>\n<\/blockquote>\n<p>Al\u00e9m de aulas abertas e bate-papos com escritores, a feira traz a Jornada Liter\u00e1ria, que fomenta atividades de escrita com estudantes de escolas p\u00fablicas da regi\u00e3o; e roteiros com passeio por pontos do Bixiga relacionados a livros e tamb\u00e9m uma viagem pela heran\u00e7a afro-brasileira do bairro.<\/p>\n<p>A feira homenageia a escritora feminista e ativista do Movimento Negro, Thereza Santos, que \u00e9 celebrada numa exposi\u00e7\u00e3o, na exibi\u00e7\u00e3o do document\u00e1rio Malunga e em mesas de conversa. Felipe Roth Faya comenta a import\u00e2ncia de Thereza Santos para o bairro e para o pa\u00eds.<\/p>\n<blockquote>\n<p>\u201cCarioca, trabalhou na Mangueira, muito ligada ao carnaval. Veio pra S\u00e3o Paulo e aqui fundou um Centro Cultural no Bixiga, onde, depois foi fundado o MNU, o Movimento Negro Unificado. Ent\u00e3o, a Thereza foi moradora do Bixiga e \u00e9 nossa homenageada\u201d. \u00a0\u00a0\u00a0\u00a0\u00a0<\/p>\n<\/blockquote>\n<p>Entre as atividades voltadas para as crian\u00e7as, est\u00e3o os lan\u00e7amentos da personagem Abayomi da escritora Maria Aline Soares, com conta\u00e7\u00e3o de hist\u00f3ria e oficina de bonecas.<\/p>\n<p>A programa\u00e7\u00e3o completa do evento est\u00e1 no site feiradolivrodarocha.com.br<\/p>\n<p><em>*Com produ\u00e7\u00e3o de Bel Pereira<\/em><\/p>\n<p>  <span class=\"hms hms-format-m-ss\">2:45<\/span><\/p>\n","protected":false},"excerpt":{"rendered":"<p>Em S\u00e3o Paulo, segue at\u00e9 domingo a 2\u00aa edi\u00e7\u00e3o da Feira do Livro da Rocha, evento dedicado \u00e0 literatura no tradicional bairro do Bixiga. S\u00e3o tr\u00eas dias de programa\u00e7\u00e3o diversa e gratuita. A feira liter\u00e1ria leva o nome da rua onde acontece, a Rua Rocha, e re\u00fane mais de 60 editoras e livrarias, e oferece [&hellip;]<\/p>\n","protected":false},"author":1,"featured_media":20513,"comment_status":"open","ping_status":"open","sticky":false,"template":"","format":"standard","meta":{"site-sidebar-layout":"default","site-content-layout":"","ast-site-content-layout":"default","site-content-style":"default","site-sidebar-style":"default","ast-global-header-display":"","ast-banner-title-visibility":"","ast-main-header-display":"","ast-hfb-above-header-display":"","ast-hfb-below-header-display":"","ast-hfb-mobile-header-display":"","site-post-title":"","ast-breadcrumbs-content":"","ast-featured-img":"","footer-sml-layout":"","ast-disable-related-posts":"","theme-transparent-header-meta":"","adv-header-id-meta":"","stick-header-meta":"","header-above-stick-meta":"","header-main-stick-meta":"","header-below-stick-meta":"","astra-migrate-meta-layouts":"default","ast-page-background-enabled":"default","ast-page-background-meta":{"desktop":{"background-color":"var(--ast-global-color-4)","background-image":"","background-repeat":"repeat","background-position":"center center","background-size":"auto","background-attachment":"scroll","background-type":"","background-media":"","overlay-type":"","overlay-color":"","overlay-opacity":"","overlay-gradient":""},"tablet":{"background-color":"","background-image":"","background-repeat":"repeat","background-position":"center center","background-size":"auto","background-attachment":"scroll","background-type":"","background-media":"","overlay-type":"","overlay-color":"","overlay-opacity":"","overlay-gradient":""},"mobile":{"background-color":"","background-image":"","background-repeat":"repeat","background-position":"center center","background-size":"auto","background-attachment":"scroll","background-type":"","background-media":"","overlay-type":"","overlay-color":"","overlay-opacity":"","overlay-gradient":""}},"ast-content-background-meta":{"desktop":{"background-color":"var(--ast-global-color-5)","background-image":"","background-repeat":"repeat","background-position":"center center","background-size":"auto","background-attachment":"scroll","background-type":"","background-media":"","overlay-type":"","overlay-color":"","overlay-opacity":"","overlay-gradient":""},"tablet":{"background-color":"var(--ast-global-color-5)","background-image":"","background-repeat":"repeat","background-position":"center center","background-size":"auto","background-attachment":"scroll","background-type":"","background-media":"","overlay-type":"","overlay-color":"","overlay-opacity":"","overlay-gradient":""},"mobile":{"background-color":"var(--ast-global-color-5)","background-image":"","background-repeat":"repeat","background-position":"center center","background-size":"auto","background-attachment":"scroll","background-type":"","background-media":"","overlay-type":"","overlay-color":"","overlay-opacity":"","overlay-gradient":""}},"footnotes":""},"categories":[18],"tags":[],"class_list":["post-20512","post","type-post","status-publish","format-standard","has-post-thumbnail","hentry","category-educacao-e-carreiras"],"yoast_head":"<!-- This site is optimized with the Yoast SEO Premium plugin v23.6 (Yoast SEO v27.4) - https:\/\/yoast.com\/product\/yoast-seo-premium-wordpress\/ -->\n<title>Bem-viver norteia Feira do Livro da Rocha, no bairro do Bixiga em SP - Divulgue MS<\/title>\n<meta name=\"robots\" content=\"index, follow, max-snippet:-1, max-image-preview:large, max-video-preview:-1\" \/>\n<link rel=\"canonical\" href=\"https:\/\/divulguems.com.br\/?p=20512\" \/>\n<meta property=\"og:locale\" content=\"pt_BR\" \/>\n<meta property=\"og:type\" content=\"article\" \/>\n<meta property=\"og:title\" content=\"Bem-viver norteia Feira do Livro da Rocha, no bairro do Bixiga em SP\" \/>\n<meta property=\"og:description\" content=\"Em S\u00e3o Paulo, segue at\u00e9 domingo a 2\u00aa edi\u00e7\u00e3o da Feira do Livro da Rocha, evento dedicado \u00e0 literatura no tradicional bairro do Bixiga. S\u00e3o tr\u00eas dias de programa\u00e7\u00e3o diversa e gratuita. A feira liter\u00e1ria leva o nome da rua onde acontece, a Rua Rocha, e re\u00fane mais de 60 editoras e livrarias, e oferece [&hellip;]\" \/>\n<meta property=\"og:url\" content=\"https:\/\/divulguems.com.br\/?p=20512\" \/>\n<meta property=\"og:site_name\" content=\"Divulgue MS\" \/>\n<meta property=\"article:publisher\" content=\"https:\/\/www.facebook.com\/portalinfocobrasil\" \/>\n<meta property=\"article:published_time\" content=\"2026-05-02T03:46:49+00:00\" \/>\n<meta property=\"og:image\" content=\"https:\/\/agenciabrasil.ebc.com.br\/ebc.png?id=1688169&o=rss\" \/>\n<meta name=\"author\" content=\"gestormovie\" \/>\n<meta name=\"twitter:card\" content=\"summary_large_image\" \/>\n<meta name=\"twitter:label1\" content=\"Escrito por\" \/>\n\t<meta name=\"twitter:data1\" content=\"gestormovie\" \/>\n\t<meta name=\"twitter:label2\" content=\"Est. tempo de leitura\" \/>\n\t<meta name=\"twitter:data2\" content=\"2 minutos\" \/>\n<script type=\"application\/ld+json\" class=\"yoast-schema-graph\">{\"@context\":\"https:\\\/\\\/schema.org\",\"@graph\":[{\"@type\":\"Article\",\"@id\":\"https:\\\/\\\/divulguems.com.br\\\/?p=20512#article\",\"isPartOf\":{\"@id\":\"https:\\\/\\\/divulguems.com.br\\\/?p=20512\"},\"author\":{\"name\":\"gestormovie\",\"@id\":\"https:\\\/\\\/divulguems.com.br\\\/#\\\/schema\\\/person\\\/85cb29f0608083b8ae66501ac547eec3\"},\"headline\":\"Bem-viver norteia Feira do Livro da Rocha, no bairro do Bixiga em SP\",\"datePublished\":\"2026-05-02T03:46:49+00:00\",\"mainEntityOfPage\":{\"@id\":\"https:\\\/\\\/divulguems.com.br\\\/?p=20512\"},\"wordCount\":412,\"commentCount\":0,\"publisher\":{\"@id\":\"https:\\\/\\\/divulguems.com.br\\\/#organization\"},\"image\":{\"@id\":\"https:\\\/\\\/divulguems.com.br\\\/?p=20512#primaryimage\"},\"thumbnailUrl\":\"https:\\\/\\\/divulguems.com.br\\\/wp-content\\\/uploads\\\/2026\\\/05\\\/20512-bem-viver-norteia-feira-do-livro-da-rocha-no-bairro-do-bixiga-em-sp.jpg\",\"articleSection\":[\"Educa\u00e7\u00e3o e Carreiras\"],\"inLanguage\":\"pt-BR\",\"potentialAction\":[{\"@type\":\"CommentAction\",\"name\":\"Comment\",\"target\":[\"https:\\\/\\\/divulguems.com.br\\\/?p=20512#respond\"]}]},{\"@type\":\"WebPage\",\"@id\":\"https:\\\/\\\/divulguems.com.br\\\/?p=20512\",\"url\":\"https:\\\/\\\/divulguems.com.br\\\/?p=20512\",\"name\":\"Bem-viver norteia Feira do Livro da Rocha, no bairro do Bixiga em SP - Divulgue MS\",\"isPartOf\":{\"@id\":\"https:\\\/\\\/divulguems.com.br\\\/#website\"},\"primaryImageOfPage\":{\"@id\":\"https:\\\/\\\/divulguems.com.br\\\/?p=20512#primaryimage\"},\"image\":{\"@id\":\"https:\\\/\\\/divulguems.com.br\\\/?p=20512#primaryimage\"},\"thumbnailUrl\":\"https:\\\/\\\/divulguems.com.br\\\/wp-content\\\/uploads\\\/2026\\\/05\\\/20512-bem-viver-norteia-feira-do-livro-da-rocha-no-bairro-do-bixiga-em-sp.jpg\",\"datePublished\":\"2026-05-02T03:46:49+00:00\",\"breadcrumb\":{\"@id\":\"https:\\\/\\\/divulguems.com.br\\\/?p=20512#breadcrumb\"},\"inLanguage\":\"pt-BR\",\"potentialAction\":[{\"@type\":\"ReadAction\",\"target\":[\"https:\\\/\\\/divulguems.com.br\\\/?p=20512\"]}]},{\"@type\":\"ImageObject\",\"inLanguage\":\"pt-BR\",\"@id\":\"https:\\\/\\\/divulguems.com.br\\\/?p=20512#primaryimage\",\"url\":\"https:\\\/\\\/divulguems.com.br\\\/wp-content\\\/uploads\\\/2026\\\/05\\\/20512-bem-viver-norteia-feira-do-livro-da-rocha-no-bairro-do-bixiga-em-sp.jpg\",\"contentUrl\":\"https:\\\/\\\/divulguems.com.br\\\/wp-content\\\/uploads\\\/2026\\\/05\\\/20512-bem-viver-norteia-feira-do-livro-da-rocha-no-bairro-do-bixiga-em-sp.jpg\",\"width\":1600,\"height\":800,\"caption\":\"Bem-viver norteia Feira do Livro da Rocha, no bairro do Bixiga em SP\"},{\"@type\":\"BreadcrumbList\",\"@id\":\"https:\\\/\\\/divulguems.com.br\\\/?p=20512#breadcrumb\",\"itemListElement\":[{\"@type\":\"ListItem\",\"position\":1,\"name\":\"In\u00edcio\",\"item\":\"https:\\\/\\\/divulguems.com.br\\\/\"},{\"@type\":\"ListItem\",\"position\":2,\"name\":\"Bem-viver norteia Feira do Livro da Rocha, no bairro do Bixiga em SP\"}]},{\"@type\":\"WebSite\",\"@id\":\"https:\\\/\\\/divulguems.com.br\\\/#website\",\"url\":\"https:\\\/\\\/divulguems.com.br\\\/\",\"name\":\"Portal Infoco Brasil\",\"description\":\"L\u00edder de audi\u00eancia.\",\"publisher\":{\"@id\":\"https:\\\/\\\/divulguems.com.br\\\/#organization\"},\"potentialAction\":[{\"@type\":\"SearchAction\",\"target\":{\"@type\":\"EntryPoint\",\"urlTemplate\":\"https:\\\/\\\/divulguems.com.br\\\/?s={search_term_string}\"},\"query-input\":{\"@type\":\"PropertyValueSpecification\",\"valueRequired\":true,\"valueName\":\"search_term_string\"}}],\"inLanguage\":\"pt-BR\"},{\"@type\":\"Organization\",\"@id\":\"https:\\\/\\\/divulguems.com.br\\\/#organization\",\"name\":\"Portal Infoco Brasil\",\"url\":\"https:\\\/\\\/divulguems.com.br\\\/\",\"logo\":{\"@type\":\"ImageObject\",\"inLanguage\":\"pt-BR\",\"@id\":\"https:\\\/\\\/divulguems.com.br\\\/#\\\/schema\\\/logo\\\/image\\\/\",\"url\":\"https:\\\/\\\/divulguems.com.br\\\/wp-content\\\/uploads\\\/2025\\\/04\\\/LOGO-PNG-AZUL.png\",\"contentUrl\":\"https:\\\/\\\/divulguems.com.br\\\/wp-content\\\/uploads\\\/2025\\\/04\\\/LOGO-PNG-AZUL.png\",\"width\":1166,\"height\":475,\"caption\":\"Portal Infoco Brasil\"},\"image\":{\"@id\":\"https:\\\/\\\/divulguems.com.br\\\/#\\\/schema\\\/logo\\\/image\\\/\"},\"sameAs\":[\"https:\\\/\\\/www.facebook.com\\\/portalinfocobrasil\",\"https:\\\/\\\/www.instagram.com\\\/portalinfocobrasil\"]},{\"@type\":\"Person\",\"@id\":\"https:\\\/\\\/divulguems.com.br\\\/#\\\/schema\\\/person\\\/85cb29f0608083b8ae66501ac547eec3\",\"name\":\"gestormovie\",\"image\":{\"@type\":\"ImageObject\",\"inLanguage\":\"pt-BR\",\"@id\":\"https:\\\/\\\/secure.gravatar.com\\\/avatar\\\/1a363cacdce58d5745359cac63cadf7cee0b34c09ab5adc6e07dafbc1ad3ceef?s=96&d=mm&r=g\",\"url\":\"https:\\\/\\\/secure.gravatar.com\\\/avatar\\\/1a363cacdce58d5745359cac63cadf7cee0b34c09ab5adc6e07dafbc1ad3ceef?s=96&d=mm&r=g\",\"contentUrl\":\"https:\\\/\\\/secure.gravatar.com\\\/avatar\\\/1a363cacdce58d5745359cac63cadf7cee0b34c09ab5adc6e07dafbc1ad3ceef?s=96&d=mm&r=g\",\"caption\":\"gestormovie\"},\"sameAs\":[\"https:\\\/\\\/divulguems.com.br\"],\"url\":\"https:\\\/\\\/divulguems.com.br\\\/?author=1\"}]}<\/script>\n<!-- \/ Yoast SEO Premium plugin. -->","yoast_head_json":{"title":"Bem-viver norteia Feira do Livro da Rocha, no bairro do Bixiga em SP - Divulgue MS","robots":{"index":"index","follow":"follow","max-snippet":"max-snippet:-1","max-image-preview":"max-image-preview:large","max-video-preview":"max-video-preview:-1"},"canonical":"https:\/\/divulguems.com.br\/?p=20512","og_locale":"pt_BR","og_type":"article","og_title":"Bem-viver norteia Feira do Livro da Rocha, no bairro do Bixiga em SP","og_description":"Em S\u00e3o Paulo, segue at\u00e9 domingo a 2\u00aa edi\u00e7\u00e3o da Feira do Livro da Rocha, evento dedicado \u00e0 literatura no tradicional bairro do Bixiga. S\u00e3o tr\u00eas dias de programa\u00e7\u00e3o diversa e gratuita. A feira liter\u00e1ria leva o nome da rua onde acontece, a Rua Rocha, e re\u00fane mais de 60 editoras e livrarias, e oferece [&hellip;]","og_url":"https:\/\/divulguems.com.br\/?p=20512","og_site_name":"Divulgue MS","article_publisher":"https:\/\/www.facebook.com\/portalinfocobrasil","article_published_time":"2026-05-02T03:46:49+00:00","og_image":[{"url":"https:\/\/agenciabrasil.ebc.com.br\/ebc.png?id=1688169&o=rss","type":"","width":"","height":""}],"author":"gestormovie","twitter_card":"summary_large_image","twitter_misc":{"Escrito por":"gestormovie","Est. tempo de leitura":"2 minutos"},"schema":{"@context":"https:\/\/schema.org","@graph":[{"@type":"Article","@id":"https:\/\/divulguems.com.br\/?p=20512#article","isPartOf":{"@id":"https:\/\/divulguems.com.br\/?p=20512"},"author":{"name":"gestormovie","@id":"https:\/\/divulguems.com.br\/#\/schema\/person\/85cb29f0608083b8ae66501ac547eec3"},"headline":"Bem-viver norteia Feira do Livro da Rocha, no bairro do Bixiga em SP","datePublished":"2026-05-02T03:46:49+00:00","mainEntityOfPage":{"@id":"https:\/\/divulguems.com.br\/?p=20512"},"wordCount":412,"commentCount":0,"publisher":{"@id":"https:\/\/divulguems.com.br\/#organization"},"image":{"@id":"https:\/\/divulguems.com.br\/?p=20512#primaryimage"},"thumbnailUrl":"https:\/\/divulguems.com.br\/wp-content\/uploads\/2026\/05\/20512-bem-viver-norteia-feira-do-livro-da-rocha-no-bairro-do-bixiga-em-sp.jpg","articleSection":["Educa\u00e7\u00e3o e Carreiras"],"inLanguage":"pt-BR","potentialAction":[{"@type":"CommentAction","name":"Comment","target":["https:\/\/divulguems.com.br\/?p=20512#respond"]}]},{"@type":"WebPage","@id":"https:\/\/divulguems.com.br\/?p=20512","url":"https:\/\/divulguems.com.br\/?p=20512","name":"Bem-viver norteia Feira do Livro da Rocha, no bairro do Bixiga em SP - Divulgue MS","isPartOf":{"@id":"https:\/\/divulguems.com.br\/#website"},"primaryImageOfPage":{"@id":"https:\/\/divulguems.com.br\/?p=20512#primaryimage"},"image":{"@id":"https:\/\/divulguems.com.br\/?p=20512#primaryimage"},"thumbnailUrl":"https:\/\/divulguems.com.br\/wp-content\/uploads\/2026\/05\/20512-bem-viver-norteia-feira-do-livro-da-rocha-no-bairro-do-bixiga-em-sp.jpg","datePublished":"2026-05-02T03:46:49+00:00","breadcrumb":{"@id":"https:\/\/divulguems.com.br\/?p=20512#breadcrumb"},"inLanguage":"pt-BR","potentialAction":[{"@type":"ReadAction","target":["https:\/\/divulguems.com.br\/?p=20512"]}]},{"@type":"ImageObject","inLanguage":"pt-BR","@id":"https:\/\/divulguems.com.br\/?p=20512#primaryimage","url":"https:\/\/divulguems.com.br\/wp-content\/uploads\/2026\/05\/20512-bem-viver-norteia-feira-do-livro-da-rocha-no-bairro-do-bixiga-em-sp.jpg","contentUrl":"https:\/\/divulguems.com.br\/wp-content\/uploads\/2026\/05\/20512-bem-viver-norteia-feira-do-livro-da-rocha-no-bairro-do-bixiga-em-sp.jpg","width":1600,"height":800,"caption":"Bem-viver norteia Feira do Livro da Rocha, no bairro do Bixiga em SP"},{"@type":"BreadcrumbList","@id":"https:\/\/divulguems.com.br\/?p=20512#breadcrumb","itemListElement":[{"@type":"ListItem","position":1,"name":"In\u00edcio","item":"https:\/\/divulguems.com.br\/"},{"@type":"ListItem","position":2,"name":"Bem-viver norteia Feira do Livro da Rocha, no bairro do Bixiga em SP"}]},{"@type":"WebSite","@id":"https:\/\/divulguems.com.br\/#website","url":"https:\/\/divulguems.com.br\/","name":"Portal Infoco Brasil","description":"L\u00edder de audi\u00eancia.","publisher":{"@id":"https:\/\/divulguems.com.br\/#organization"},"potentialAction":[{"@type":"SearchAction","target":{"@type":"EntryPoint","urlTemplate":"https:\/\/divulguems.com.br\/?s={search_term_string}"},"query-input":{"@type":"PropertyValueSpecification","valueRequired":true,"valueName":"search_term_string"}}],"inLanguage":"pt-BR"},{"@type":"Organization","@id":"https:\/\/divulguems.com.br\/#organization","name":"Portal Infoco Brasil","url":"https:\/\/divulguems.com.br\/","logo":{"@type":"ImageObject","inLanguage":"pt-BR","@id":"https:\/\/divulguems.com.br\/#\/schema\/logo\/image\/","url":"https:\/\/divulguems.com.br\/wp-content\/uploads\/2025\/04\/LOGO-PNG-AZUL.png","contentUrl":"https:\/\/divulguems.com.br\/wp-content\/uploads\/2025\/04\/LOGO-PNG-AZUL.png","width":1166,"height":475,"caption":"Portal Infoco Brasil"},"image":{"@id":"https:\/\/divulguems.com.br\/#\/schema\/logo\/image\/"},"sameAs":["https:\/\/www.facebook.com\/portalinfocobrasil","https:\/\/www.instagram.com\/portalinfocobrasil"]},{"@type":"Person","@id":"https:\/\/divulguems.com.br\/#\/schema\/person\/85cb29f0608083b8ae66501ac547eec3","name":"gestormovie","image":{"@type":"ImageObject","inLanguage":"pt-BR","@id":"https:\/\/secure.gravatar.com\/avatar\/1a363cacdce58d5745359cac63cadf7cee0b34c09ab5adc6e07dafbc1ad3ceef?s=96&d=mm&r=g","url":"https:\/\/secure.gravatar.com\/avatar\/1a363cacdce58d5745359cac63cadf7cee0b34c09ab5adc6e07dafbc1ad3ceef?s=96&d=mm&r=g","contentUrl":"https:\/\/secure.gravatar.com\/avatar\/1a363cacdce58d5745359cac63cadf7cee0b34c09ab5adc6e07dafbc1ad3ceef?s=96&d=mm&r=g","caption":"gestormovie"},"sameAs":["https:\/\/divulguems.com.br"],"url":"https:\/\/divulguems.com.br\/?author=1"}]}},"_links":{"self":[{"href":"https:\/\/divulguems.com.br\/index.php?rest_route=\/wp\/v2\/posts\/20512","targetHints":{"allow":["GET"]}}],"collection":[{"href":"https:\/\/divulguems.com.br\/index.php?rest_route=\/wp\/v2\/posts"}],"about":[{"href":"https:\/\/divulguems.com.br\/index.php?rest_route=\/wp\/v2\/types\/post"}],"author":[{"embeddable":true,"href":"https:\/\/divulguems.com.br\/index.php?rest_route=\/wp\/v2\/users\/1"}],"replies":[{"embeddable":true,"href":"https:\/\/divulguems.com.br\/index.php?rest_route=%2Fwp%2Fv2%2Fcomments&post=20512"}],"version-history":[{"count":0,"href":"https:\/\/divulguems.com.br\/index.php?rest_route=\/wp\/v2\/posts\/20512\/revisions"}],"wp:featuredmedia":[{"embeddable":true,"href":"https:\/\/divulguems.com.br\/index.php?rest_route=\/wp\/v2\/media\/20513"}],"wp:attachment":[{"href":"https:\/\/divulguems.com.br\/index.php?rest_route=%2Fwp%2Fv2%2Fmedia&parent=20512"}],"wp:term":[{"taxonomy":"category","embeddable":true,"href":"https:\/\/divulguems.com.br\/index.php?rest_route=%2Fwp%2Fv2%2Fcategories&post=20512"},{"taxonomy":"post_tag","embeddable":true,"href":"https:\/\/divulguems.com.br\/index.php?rest_route=%2Fwp%2Fv2%2Ftags&post=20512"}],"curies":[{"name":"wp","href":"https:\/\/api.w.org\/{rel}","templated":true}]}}