{"id":20528,"date":"2026-05-01T23:46:59","date_gmt":"2026-05-02T03:46:59","guid":{"rendered":"https:\/\/divulguems.com.br\/?p=20528"},"modified":"2026-05-01T23:46:59","modified_gmt":"2026-05-02T03:46:59","slug":"pesquisa-do-ibge-reclassifica-areas-elevadas-da-paraiba-como-montanhas","status":"publish","type":"post","link":"https:\/\/divulguems.com.br\/?p=20528","title":{"rendered":"Pesquisa do IBGE reclassifica \u00e1reas elevadas da Para\u00edba como montanhas"},"content":{"rendered":"<p>\u00c1reas elevadas da Para\u00edba agora passam a ser consideradas montanhas. A mudan\u00e7a \u00e9 resultado de uma pesquisa coordenada pelo IBGE e que adota novos crit\u00e9rios cient\u00edficos para definir esse tipo de forma\u00e7\u00e3o. Pela nova regra integrada ao sistema brasileiro de classifica\u00e7\u00e3o de relevo, montanhas s\u00e3o \u00e1reas com pelo menos 300 m de desn\u00edvel em rela\u00e7\u00e3o ao entorno.<img decoding=\"async\" src=\"https:\/\/agenciabrasil.ebc.com.br\/ebc.png?id=1688167&#038;o=rss\"><img decoding=\"async\" src=\"https:\/\/agenciabrasil.ebc.com.br\/ebc.gif?id=1688167&#038;o=rss\"><\/p>\n<p>Com isso, regi\u00f5es do Estado que antes n\u00e3o recebiam essa denomina\u00e7\u00e3o passam a integrar esse grupo. Mas o que muda na pr\u00e1tica com essa nova classifica\u00e7\u00e3o?<\/p>\n<p>Para o ge\u00f3grafo Saulo Roberto Vidal, o sistema brasileiro de classifica\u00e7\u00e3o de relevo impacta diretamente a educa\u00e7\u00e3o e a preserva\u00e7\u00e3o dos patrim\u00f4nios naturais do estado.<\/p>\n<blockquote>\n<p>\u201cHoje, no ensino b\u00e1sico, \u00e9 ensinado que s\u00f3 existem montanhas em \u00e1reas de dobramentos modernos, que s\u00e3o aquelas \u00e1reas andinas, Himalaias, Alpes, montanhas rochosas. A partir de hoje, vai ser abordado que n\u00f3s temos eleva\u00e7\u00f5es que atendem a um novo conceito, de montanha. A Serra de Teixeira \u00e9 uma \u00e1rea conhecida como Parque Nacional, onde t\u00e1 o Pico do Jabre, o ponto mais alto do estado. Com esse reconhecimento, a gente d\u00e1 um passo, n\u00e9, para a compreens\u00e3o de uma gest\u00e3o mais voltada \u00e0 preserva\u00e7\u00e3o dessas \u00e1reas\u201d, explica.<\/p>\n<\/blockquote>\n<p>Al\u00e9m da Para\u00edba, o sistema brasileiro de classifica\u00e7\u00e3o de relevo indica que outros 13 estados possuem montanhas. Na Para\u00edba, o destaque fica para o Pico do Jabre, com 1.208 m de altura.<\/p>\n<p>  <span class=\"hms hms-format-m-ss\">1:51<\/span><\/p>\n","protected":false},"excerpt":{"rendered":"<p>\u00c1reas elevadas da Para\u00edba agora passam a ser consideradas montanhas. A mudan\u00e7a \u00e9 resultado de uma pesquisa coordenada pelo IBGE e que adota novos crit\u00e9rios cient\u00edficos para definir esse tipo de forma\u00e7\u00e3o. Pela nova regra integrada ao sistema brasileiro de classifica\u00e7\u00e3o de relevo, montanhas s\u00e3o \u00e1reas com pelo menos 300 m de desn\u00edvel em rela\u00e7\u00e3o [&hellip;]<\/p>\n","protected":false},"author":601,"featured_media":20529,"comment_status":"open","ping_status":"open","sticky":false,"template":"","format":"standard","meta":{"site-sidebar-layout":"default","site-content-layout":"","ast-site-content-layout":"default","site-content-style":"default","site-sidebar-style":"default","ast-global-header-display":"","ast-banner-title-visibility":"","ast-main-header-display":"","ast-hfb-above-header-display":"","ast-hfb-below-header-display":"","ast-hfb-mobile-header-display":"","site-post-title":"","ast-breadcrumbs-content":"","ast-featured-img":"","footer-sml-layout":"","ast-disable-related-posts":"","theme-transparent-header-meta":"","adv-header-id-meta":"","stick-header-meta":"","header-above-stick-meta":"","header-main-stick-meta":"","header-below-stick-meta":"","astra-migrate-meta-layouts":"default","ast-page-background-enabled":"default","ast-page-background-meta":{"desktop":{"background-color":"var(--ast-global-color-4)","background-image":"","background-repeat":"repeat","background-position":"center center","background-size":"auto","background-attachment":"scroll","background-type":"","background-media":"","overlay-type":"","overlay-color":"","overlay-opacity":"","overlay-gradient":""},"tablet":{"background-color":"","background-image":"","background-repeat":"repeat","background-position":"center center","background-size":"auto","background-attachment":"scroll","background-type":"","background-media":"","overlay-type":"","overlay-color":"","overlay-opacity":"","overlay-gradient":""},"mobile":{"background-color":"","background-image":"","background-repeat":"repeat","background-position":"center center","background-size":"auto","background-attachment":"scroll","background-type":"","background-media":"","overlay-type":"","overlay-color":"","overlay-opacity":"","overlay-gradient":""}},"ast-content-background-meta":{"desktop":{"background-color":"var(--ast-global-color-5)","background-image":"","background-repeat":"repeat","background-position":"center center","background-size":"auto","background-attachment":"scroll","background-type":"","background-media":"","overlay-type":"","overlay-color":"","overlay-opacity":"","overlay-gradient":""},"tablet":{"background-color":"var(--ast-global-color-5)","background-image":"","background-repeat":"repeat","background-position":"center center","background-size":"auto","background-attachment":"scroll","background-type":"","background-media":"","overlay-type":"","overlay-color":"","overlay-opacity":"","overlay-gradient":""},"mobile":{"background-color":"var(--ast-global-color-5)","background-image":"","background-repeat":"repeat","background-position":"center center","background-size":"auto","background-attachment":"scroll","background-type":"","background-media":"","overlay-type":"","overlay-color":"","overlay-opacity":"","overlay-gradient":""}},"footnotes":""},"categories":[6],"tags":[],"class_list":["post-20528","post","type-post","status-publish","format-standard","has-post-thumbnail","hentry","category-meio-ambiente-e-sustentabilidade"],"yoast_head":"<!-- This site is optimized with the Yoast SEO Premium plugin v23.6 (Yoast SEO v27.4) - https:\/\/yoast.com\/product\/yoast-seo-premium-wordpress\/ -->\n<title>Pesquisa do IBGE reclassifica \u00e1reas elevadas da Para\u00edba como montanhas - Divulgue MS<\/title>\n<meta name=\"robots\" content=\"index, follow, max-snippet:-1, max-image-preview:large, max-video-preview:-1\" \/>\n<link rel=\"canonical\" href=\"https:\/\/divulguems.com.br\/?p=20528\" \/>\n<meta property=\"og:locale\" content=\"pt_BR\" \/>\n<meta property=\"og:type\" content=\"article\" \/>\n<meta property=\"og:title\" content=\"Pesquisa do IBGE reclassifica \u00e1reas elevadas da Para\u00edba como montanhas\" \/>\n<meta property=\"og:description\" content=\"\u00c1reas elevadas da Para\u00edba agora passam a ser consideradas montanhas. A mudan\u00e7a \u00e9 resultado de uma pesquisa coordenada pelo IBGE e que adota novos crit\u00e9rios cient\u00edficos para definir esse tipo de forma\u00e7\u00e3o. Pela nova regra integrada ao sistema brasileiro de classifica\u00e7\u00e3o de relevo, montanhas s\u00e3o \u00e1reas com pelo menos 300 m de desn\u00edvel em rela\u00e7\u00e3o [&hellip;]\" \/>\n<meta property=\"og:url\" content=\"https:\/\/divulguems.com.br\/?p=20528\" \/>\n<meta property=\"og:site_name\" content=\"Divulgue MS\" \/>\n<meta property=\"article:publisher\" content=\"https:\/\/www.facebook.com\/portalinfocobrasil\" \/>\n<meta property=\"article:published_time\" content=\"2026-05-02T03:46:59+00:00\" \/>\n<meta property=\"og:image\" content=\"https:\/\/agenciabrasil.ebc.com.br\/ebc.png?id=1688167&o=rss\" \/>\n<meta name=\"author\" content=\"Angela Duarte - Radio Parahyba FM\" \/>\n<meta name=\"twitter:card\" content=\"summary_large_image\" \/>\n<meta name=\"twitter:label1\" content=\"Escrito por\" \/>\n\t<meta name=\"twitter:data1\" content=\"Angela Duarte - Radio Parahyba FM\" \/>\n\t<meta name=\"twitter:label2\" content=\"Est. tempo de leitura\" \/>\n\t<meta name=\"twitter:data2\" content=\"1 minuto\" \/>\n<script type=\"application\/ld+json\" class=\"yoast-schema-graph\">{\"@context\":\"https:\\\/\\\/schema.org\",\"@graph\":[{\"@type\":\"Article\",\"@id\":\"https:\\\/\\\/divulguems.com.br\\\/?p=20528#article\",\"isPartOf\":{\"@id\":\"https:\\\/\\\/divulguems.com.br\\\/?p=20528\"},\"author\":{\"name\":\"Angela Duarte - Radio Parahyba FM\",\"@id\":\"https:\\\/\\\/divulguems.com.br\\\/#\\\/schema\\\/person\\\/b28f06138bc9c91e80578a9c1df337d9\"},\"headline\":\"Pesquisa do IBGE reclassifica \u00e1reas elevadas da Para\u00edba como montanhas\",\"datePublished\":\"2026-05-02T03:46:59+00:00\",\"mainEntityOfPage\":{\"@id\":\"https:\\\/\\\/divulguems.com.br\\\/?p=20528\"},\"wordCount\":262,\"commentCount\":0,\"publisher\":{\"@id\":\"https:\\\/\\\/divulguems.com.br\\\/#organization\"},\"image\":{\"@id\":\"https:\\\/\\\/divulguems.com.br\\\/?p=20528#primaryimage\"},\"thumbnailUrl\":\"https:\\\/\\\/divulguems.com.br\\\/wp-content\\\/uploads\\\/2026\\\/05\\\/20528-pesquisa-do-ibge-reclassifica-areas-elevadas-da-paraiba-como-montanhas.png\",\"articleSection\":[\"Meio Ambiente e Sustentabilidade\"],\"inLanguage\":\"pt-BR\",\"potentialAction\":[{\"@type\":\"CommentAction\",\"name\":\"Comment\",\"target\":[\"https:\\\/\\\/divulguems.com.br\\\/?p=20528#respond\"]}]},{\"@type\":\"WebPage\",\"@id\":\"https:\\\/\\\/divulguems.com.br\\\/?p=20528\",\"url\":\"https:\\\/\\\/divulguems.com.br\\\/?p=20528\",\"name\":\"Pesquisa do IBGE reclassifica \u00e1reas elevadas da Para\u00edba como montanhas - Divulgue MS\",\"isPartOf\":{\"@id\":\"https:\\\/\\\/divulguems.com.br\\\/#website\"},\"primaryImageOfPage\":{\"@id\":\"https:\\\/\\\/divulguems.com.br\\\/?p=20528#primaryimage\"},\"image\":{\"@id\":\"https:\\\/\\\/divulguems.com.br\\\/?p=20528#primaryimage\"},\"thumbnailUrl\":\"https:\\\/\\\/divulguems.com.br\\\/wp-content\\\/uploads\\\/2026\\\/05\\\/20528-pesquisa-do-ibge-reclassifica-areas-elevadas-da-paraiba-como-montanhas.png\",\"datePublished\":\"2026-05-02T03:46:59+00:00\",\"breadcrumb\":{\"@id\":\"https:\\\/\\\/divulguems.com.br\\\/?p=20528#breadcrumb\"},\"inLanguage\":\"pt-BR\",\"potentialAction\":[{\"@type\":\"ReadAction\",\"target\":[\"https:\\\/\\\/divulguems.com.br\\\/?p=20528\"]}]},{\"@type\":\"ImageObject\",\"inLanguage\":\"pt-BR\",\"@id\":\"https:\\\/\\\/divulguems.com.br\\\/?p=20528#primaryimage\",\"url\":\"https:\\\/\\\/divulguems.com.br\\\/wp-content\\\/uploads\\\/2026\\\/05\\\/20528-pesquisa-do-ibge-reclassifica-areas-elevadas-da-paraiba-como-montanhas.png\",\"contentUrl\":\"https:\\\/\\\/divulguems.com.br\\\/wp-content\\\/uploads\\\/2026\\\/05\\\/20528-pesquisa-do-ibge-reclassifica-areas-elevadas-da-paraiba-como-montanhas.png\",\"width\":1200,\"height\":600,\"caption\":\"Pesquisa do IBGE reclassifica \u00e1reas elevadas da Para\u00edba como montanhas\"},{\"@type\":\"BreadcrumbList\",\"@id\":\"https:\\\/\\\/divulguems.com.br\\\/?p=20528#breadcrumb\",\"itemListElement\":[{\"@type\":\"ListItem\",\"position\":1,\"name\":\"In\u00edcio\",\"item\":\"https:\\\/\\\/divulguems.com.br\\\/\"},{\"@type\":\"ListItem\",\"position\":2,\"name\":\"Pesquisa do IBGE reclassifica \u00e1reas elevadas da Para\u00edba como montanhas\"}]},{\"@type\":\"WebSite\",\"@id\":\"https:\\\/\\\/divulguems.com.br\\\/#website\",\"url\":\"https:\\\/\\\/divulguems.com.br\\\/\",\"name\":\"Portal Infoco Brasil\",\"description\":\"L\u00edder de audi\u00eancia.\",\"publisher\":{\"@id\":\"https:\\\/\\\/divulguems.com.br\\\/#organization\"},\"potentialAction\":[{\"@type\":\"SearchAction\",\"target\":{\"@type\":\"EntryPoint\",\"urlTemplate\":\"https:\\\/\\\/divulguems.com.br\\\/?s={search_term_string}\"},\"query-input\":{\"@type\":\"PropertyValueSpecification\",\"valueRequired\":true,\"valueName\":\"search_term_string\"}}],\"inLanguage\":\"pt-BR\"},{\"@type\":\"Organization\",\"@id\":\"https:\\\/\\\/divulguems.com.br\\\/#organization\",\"name\":\"Portal Infoco Brasil\",\"url\":\"https:\\\/\\\/divulguems.com.br\\\/\",\"logo\":{\"@type\":\"ImageObject\",\"inLanguage\":\"pt-BR\",\"@id\":\"https:\\\/\\\/divulguems.com.br\\\/#\\\/schema\\\/logo\\\/image\\\/\",\"url\":\"https:\\\/\\\/divulguems.com.br\\\/wp-content\\\/uploads\\\/2025\\\/04\\\/LOGO-PNG-AZUL.png\",\"contentUrl\":\"https:\\\/\\\/divulguems.com.br\\\/wp-content\\\/uploads\\\/2025\\\/04\\\/LOGO-PNG-AZUL.png\",\"width\":1166,\"height\":475,\"caption\":\"Portal Infoco Brasil\"},\"image\":{\"@id\":\"https:\\\/\\\/divulguems.com.br\\\/#\\\/schema\\\/logo\\\/image\\\/\"},\"sameAs\":[\"https:\\\/\\\/www.facebook.com\\\/portalinfocobrasil\",\"https:\\\/\\\/www.instagram.com\\\/portalinfocobrasil\"]},{\"@type\":\"Person\",\"@id\":\"https:\\\/\\\/divulguems.com.br\\\/#\\\/schema\\\/person\\\/b28f06138bc9c91e80578a9c1df337d9\",\"name\":\"Angela Duarte - Radio Parahyba FM\",\"image\":{\"@type\":\"ImageObject\",\"inLanguage\":\"pt-BR\",\"@id\":\"https:\\\/\\\/secure.gravatar.com\\\/avatar\\\/aec759dcd3093a19b3fcde6cd7761f2353e6591527b5db4061904e1fb0ac1da0?s=96&d=mm&r=g\",\"url\":\"https:\\\/\\\/secure.gravatar.com\\\/avatar\\\/aec759dcd3093a19b3fcde6cd7761f2353e6591527b5db4061904e1fb0ac1da0?s=96&d=mm&r=g\",\"contentUrl\":\"https:\\\/\\\/secure.gravatar.com\\\/avatar\\\/aec759dcd3093a19b3fcde6cd7761f2353e6591527b5db4061904e1fb0ac1da0?s=96&d=mm&r=g\",\"caption\":\"Angela Duarte - Radio Parahyba FM\"},\"url\":\"https:\\\/\\\/divulguems.com.br\\\/?author=601\"}]}<\/script>\n<!-- \/ Yoast SEO Premium plugin. -->","yoast_head_json":{"title":"Pesquisa do IBGE reclassifica \u00e1reas elevadas da Para\u00edba como montanhas - Divulgue MS","robots":{"index":"index","follow":"follow","max-snippet":"max-snippet:-1","max-image-preview":"max-image-preview:large","max-video-preview":"max-video-preview:-1"},"canonical":"https:\/\/divulguems.com.br\/?p=20528","og_locale":"pt_BR","og_type":"article","og_title":"Pesquisa do IBGE reclassifica \u00e1reas elevadas da Para\u00edba como montanhas","og_description":"\u00c1reas elevadas da Para\u00edba agora passam a ser consideradas montanhas. A mudan\u00e7a \u00e9 resultado de uma pesquisa coordenada pelo IBGE e que adota novos crit\u00e9rios cient\u00edficos para definir esse tipo de forma\u00e7\u00e3o. Pela nova regra integrada ao sistema brasileiro de classifica\u00e7\u00e3o de relevo, montanhas s\u00e3o \u00e1reas com pelo menos 300 m de desn\u00edvel em rela\u00e7\u00e3o [&hellip;]","og_url":"https:\/\/divulguems.com.br\/?p=20528","og_site_name":"Divulgue MS","article_publisher":"https:\/\/www.facebook.com\/portalinfocobrasil","article_published_time":"2026-05-02T03:46:59+00:00","og_image":[{"url":"https:\/\/agenciabrasil.ebc.com.br\/ebc.png?id=1688167&o=rss","type":"","width":"","height":""}],"author":"Angela Duarte - Radio Parahyba FM","twitter_card":"summary_large_image","twitter_misc":{"Escrito por":"Angela Duarte - Radio Parahyba FM","Est. tempo de leitura":"1 minuto"},"schema":{"@context":"https:\/\/schema.org","@graph":[{"@type":"Article","@id":"https:\/\/divulguems.com.br\/?p=20528#article","isPartOf":{"@id":"https:\/\/divulguems.com.br\/?p=20528"},"author":{"name":"Angela Duarte - Radio Parahyba FM","@id":"https:\/\/divulguems.com.br\/#\/schema\/person\/b28f06138bc9c91e80578a9c1df337d9"},"headline":"Pesquisa do IBGE reclassifica \u00e1reas elevadas da Para\u00edba como montanhas","datePublished":"2026-05-02T03:46:59+00:00","mainEntityOfPage":{"@id":"https:\/\/divulguems.com.br\/?p=20528"},"wordCount":262,"commentCount":0,"publisher":{"@id":"https:\/\/divulguems.com.br\/#organization"},"image":{"@id":"https:\/\/divulguems.com.br\/?p=20528#primaryimage"},"thumbnailUrl":"https:\/\/divulguems.com.br\/wp-content\/uploads\/2026\/05\/20528-pesquisa-do-ibge-reclassifica-areas-elevadas-da-paraiba-como-montanhas.png","articleSection":["Meio Ambiente e Sustentabilidade"],"inLanguage":"pt-BR","potentialAction":[{"@type":"CommentAction","name":"Comment","target":["https:\/\/divulguems.com.br\/?p=20528#respond"]}]},{"@type":"WebPage","@id":"https:\/\/divulguems.com.br\/?p=20528","url":"https:\/\/divulguems.com.br\/?p=20528","name":"Pesquisa do IBGE reclassifica \u00e1reas elevadas da Para\u00edba como montanhas - Divulgue MS","isPartOf":{"@id":"https:\/\/divulguems.com.br\/#website"},"primaryImageOfPage":{"@id":"https:\/\/divulguems.com.br\/?p=20528#primaryimage"},"image":{"@id":"https:\/\/divulguems.com.br\/?p=20528#primaryimage"},"thumbnailUrl":"https:\/\/divulguems.com.br\/wp-content\/uploads\/2026\/05\/20528-pesquisa-do-ibge-reclassifica-areas-elevadas-da-paraiba-como-montanhas.png","datePublished":"2026-05-02T03:46:59+00:00","breadcrumb":{"@id":"https:\/\/divulguems.com.br\/?p=20528#breadcrumb"},"inLanguage":"pt-BR","potentialAction":[{"@type":"ReadAction","target":["https:\/\/divulguems.com.br\/?p=20528"]}]},{"@type":"ImageObject","inLanguage":"pt-BR","@id":"https:\/\/divulguems.com.br\/?p=20528#primaryimage","url":"https:\/\/divulguems.com.br\/wp-content\/uploads\/2026\/05\/20528-pesquisa-do-ibge-reclassifica-areas-elevadas-da-paraiba-como-montanhas.png","contentUrl":"https:\/\/divulguems.com.br\/wp-content\/uploads\/2026\/05\/20528-pesquisa-do-ibge-reclassifica-areas-elevadas-da-paraiba-como-montanhas.png","width":1200,"height":600,"caption":"Pesquisa do IBGE reclassifica \u00e1reas elevadas da Para\u00edba como montanhas"},{"@type":"BreadcrumbList","@id":"https:\/\/divulguems.com.br\/?p=20528#breadcrumb","itemListElement":[{"@type":"ListItem","position":1,"name":"In\u00edcio","item":"https:\/\/divulguems.com.br\/"},{"@type":"ListItem","position":2,"name":"Pesquisa do IBGE reclassifica \u00e1reas elevadas da Para\u00edba como montanhas"}]},{"@type":"WebSite","@id":"https:\/\/divulguems.com.br\/#website","url":"https:\/\/divulguems.com.br\/","name":"Portal Infoco Brasil","description":"L\u00edder de audi\u00eancia.","publisher":{"@id":"https:\/\/divulguems.com.br\/#organization"},"potentialAction":[{"@type":"SearchAction","target":{"@type":"EntryPoint","urlTemplate":"https:\/\/divulguems.com.br\/?s={search_term_string}"},"query-input":{"@type":"PropertyValueSpecification","valueRequired":true,"valueName":"search_term_string"}}],"inLanguage":"pt-BR"},{"@type":"Organization","@id":"https:\/\/divulguems.com.br\/#organization","name":"Portal Infoco Brasil","url":"https:\/\/divulguems.com.br\/","logo":{"@type":"ImageObject","inLanguage":"pt-BR","@id":"https:\/\/divulguems.com.br\/#\/schema\/logo\/image\/","url":"https:\/\/divulguems.com.br\/wp-content\/uploads\/2025\/04\/LOGO-PNG-AZUL.png","contentUrl":"https:\/\/divulguems.com.br\/wp-content\/uploads\/2025\/04\/LOGO-PNG-AZUL.png","width":1166,"height":475,"caption":"Portal Infoco Brasil"},"image":{"@id":"https:\/\/divulguems.com.br\/#\/schema\/logo\/image\/"},"sameAs":["https:\/\/www.facebook.com\/portalinfocobrasil","https:\/\/www.instagram.com\/portalinfocobrasil"]},{"@type":"Person","@id":"https:\/\/divulguems.com.br\/#\/schema\/person\/b28f06138bc9c91e80578a9c1df337d9","name":"Angela Duarte - Radio Parahyba FM","image":{"@type":"ImageObject","inLanguage":"pt-BR","@id":"https:\/\/secure.gravatar.com\/avatar\/aec759dcd3093a19b3fcde6cd7761f2353e6591527b5db4061904e1fb0ac1da0?s=96&d=mm&r=g","url":"https:\/\/secure.gravatar.com\/avatar\/aec759dcd3093a19b3fcde6cd7761f2353e6591527b5db4061904e1fb0ac1da0?s=96&d=mm&r=g","contentUrl":"https:\/\/secure.gravatar.com\/avatar\/aec759dcd3093a19b3fcde6cd7761f2353e6591527b5db4061904e1fb0ac1da0?s=96&d=mm&r=g","caption":"Angela Duarte - Radio Parahyba FM"},"url":"https:\/\/divulguems.com.br\/?author=601"}]}},"_links":{"self":[{"href":"https:\/\/divulguems.com.br\/index.php?rest_route=\/wp\/v2\/posts\/20528","targetHints":{"allow":["GET"]}}],"collection":[{"href":"https:\/\/divulguems.com.br\/index.php?rest_route=\/wp\/v2\/posts"}],"about":[{"href":"https:\/\/divulguems.com.br\/index.php?rest_route=\/wp\/v2\/types\/post"}],"author":[{"embeddable":true,"href":"https:\/\/divulguems.com.br\/index.php?rest_route=\/wp\/v2\/users\/601"}],"replies":[{"embeddable":true,"href":"https:\/\/divulguems.com.br\/index.php?rest_route=%2Fwp%2Fv2%2Fcomments&post=20528"}],"version-history":[{"count":0,"href":"https:\/\/divulguems.com.br\/index.php?rest_route=\/wp\/v2\/posts\/20528\/revisions"}],"wp:featuredmedia":[{"embeddable":true,"href":"https:\/\/divulguems.com.br\/index.php?rest_route=\/wp\/v2\/media\/20529"}],"wp:attachment":[{"href":"https:\/\/divulguems.com.br\/index.php?rest_route=%2Fwp%2Fv2%2Fmedia&parent=20528"}],"wp:term":[{"taxonomy":"category","embeddable":true,"href":"https:\/\/divulguems.com.br\/index.php?rest_route=%2Fwp%2Fv2%2Fcategories&post=20528"},{"taxonomy":"post_tag","embeddable":true,"href":"https:\/\/divulguems.com.br\/index.php?rest_route=%2Fwp%2Fv2%2Ftags&post=20528"}],"curies":[{"name":"wp","href":"https:\/\/api.w.org\/{rel}","templated":true}]}}