{"id":20530,"date":"2026-05-01T23:47:01","date_gmt":"2026-05-02T03:47:01","guid":{"rendered":"https:\/\/divulguems.com.br\/?p=20530"},"modified":"2026-05-01T23:47:01","modified_gmt":"2026-05-02T03:47:01","slug":"ato-em-sao-bernardo-mobiliza-sindicatos-e-pede-fim-da-escala-6x1","status":"publish","type":"post","link":"https:\/\/divulguems.com.br\/?p=20530","title":{"rendered":"Ato em S\u00e3o Bernardo mobiliza sindicatos e pede fim da escala 6&#215;1"},"content":{"rendered":"<\/p>\n<p><a class=\"\" href=\"https:\/\/agenciabrasil.ebc.com.br\/geral\/noticia\/2026-05\/ato-em-sao-bernardo-mobiliza-sindicatos-e-pede-fim-da-escala-6x1\"><br \/>\n                    <img decoding=\"async\" src=\"https:\/\/cdn.jsdelivr.net\/gh\/sergiosdlima\/assets-ebc@1.0.0\/abr\/assets\/images\/logo-agenciabrasil.svg\" alt=\"Logo Ag\u00eancia Brasil\"><br \/>\n\t\t\t\t<\/a><\/p>\n<p><strong>Alguns milhares de trabalhadores e moradores da regi\u00e3o do ABC paulista se reuniram, neste 1\u00b0 de maio, no Pa\u00e7o Municipal de S\u00e3o Bernardo do Campo, onde acompanharam a festa promovida pelos sindicatos da regi\u00e3o, em comemora\u00e7\u00e3o ao Dia do Trabalhador.<\/strong><img decoding=\"async\" src=\"https:\/\/agenciabrasil.ebc.com.br\/ebc.png?id=1688165&#038;o=rss\"><img decoding=\"async\" src=\"https:\/\/agenciabrasil.ebc.com.br\/ebc.gif?id=1688165&#038;o=rss\"><\/p>\n<p>As 26 agremia\u00e7\u00f5es, filiadas \u00e0 Central \u00danica dos Trabalhadores (CUT), se revezaram em discursos e programa\u00e7\u00e3o musical.<\/p>\n<\/p>\n<h3>Not\u00edcias relacionadas:<\/h3>\n<ul>\n<li><a href=\"https:\/\/agenciabrasil.ebc.com.br\/economia\/noticia\/2026-05\/sindicatos-realizam-ato-pelo-direito-ao-descanso-e-fim-da-escala-6x1\">Sindicatos realizam ato pelo direito ao descanso e fim da escala 6&#215;1 .<\/a><\/li>\n<li><a href=\"https:\/\/agenciabrasil.ebc.com.br\/direitos-humanos\/noticia\/2026-05\/manifestacao-em-sp-pede-fim-da-escala-6x1-e-acoes-contra-o-feminicidio\">Manifesta\u00e7\u00e3o em SP pede fim da escala 6&#215;1 e a\u00e7\u00f5es contra o feminic\u00eddio.<\/a><\/li>\n<\/ul>\n<p><strong>As principais pautas pediam o fim da escala de seis dias de trabalho para um de descanso (6&#215;1) e a expans\u00e3o das pol\u00edticas de combate ao feminic\u00eddio, com falas que discutiam a necessidade da participa\u00e7\u00e3o popular para superar o machismo.<\/strong><\/p>\n<p>O evento contou com a participa\u00e7\u00e3o de tr\u00eas ministros do governo federal: Luiz Marinho (Minist\u00e9rio do Trabalho e Emprego), Alexandre Padilha (da Sa\u00fade) e Leonardo Sarchini (da Educa\u00e7\u00e3o).\u00a0<\/p>\n<p>\u201cToda vez que o presidente Lula governa o pa\u00eds, o 1\u00b0 de maio costuma ser o dia da celebra\u00e7\u00e3o mas tamb\u00e9m \u00e9 o dia da consci\u00eancia do trabalhador e da trabalhadora em rela\u00e7\u00e3o ao que falta fazer. A batalha do ano \u00e9 fazer o Congresso aprovar, antes das elei\u00e7\u00f5es [de outubro], a revis\u00e3o da jornada 6&#215;1\u201d, discursou Fernando Haddad, ex-ministro da Fazenda.<\/p>\n<p><strong>Haddad falou ainda sobre a import\u00e2ncia da participa\u00e7\u00e3o popular para a conquista de outros avan\u00e7os, como a isen\u00e7\u00e3o do Imposto de Renda nas participa\u00e7\u00f5es de lucros (PLR).<\/strong><\/p>\n<p>Representando o Sindicato dos Metal\u00fargicos do ABC, o presidente da entidade Mois\u00e9s Selerges comemorou o bom momento para a categoria.<\/p>\n<blockquote>\n<p>\u201cTivemos conquistas e hoje as taxas de desemprego s\u00e3o as melhores da hist\u00f3ria. Essas conquistas ser\u00e3o importantes porque somos os trabalhadores e trabalhadoras que produzem a riqueza do nosso pa\u00eds. Agora queremos, precisamos reduzir a jornada de trabalho. A nossa miss\u00e3o \u00e9 pressionar, l\u00e1 em Bras\u00edlia, pra acabar com a jornada 6&#215;1.\u201d<\/p>\n<\/blockquote>\n<h2>M\u00fasica ao vivo<\/h2>\n<p>A programa\u00e7\u00e3o da festa contou com apresenta\u00e7\u00f5es musicais desde a manh\u00e3 dessa sexta-feira. Os destaques foram o MC IG e Gl\u00f3ria Groove, que se apresentaram no come\u00e7o da noite.\u00a0<\/p>\n<h2>Seguran\u00e7a\u00a0<\/h2>\n<div class=\"dnd-widget-wrapper context-medio_4colunas type-image atom-align-left\">\n<div class=\"dnd-atom-rendered\"><!-- scald=461444:medio_4colunas {\"additionalClasses\":\"\"} --><br \/>\n            <img decoding=\"async\" src=\"https:\/\/agenciabrasil.ebc.com.br\/sites\/default\/files\/thumbnails\/image\/loading_v2.gif\" data-echo=\"https:\/\/imagens.ebc.com.br\/UDVow9akiOpRQJL0TQCkdHLbVts=\/365x0\/smart\/https:\/\/agenciabrasil.ebc.com.br\/sites\/default\/files\/thumbnails\/image\/2026\/05\/01\/_int0288.jpg.jpg?itok=AL-XrZuG\" alt=\"S\u00e3o Bernardo do Campo (SP), 01\/05\/2026 - Guarda Civil de S\u00e3o Bernardo durante ato em comemora\u00e7\u00e3o ao dia do Trabalhador.\nFoto: Paulo Pinto\/Ag\u00eancia Brasil\" title=\"Paulo Pinto\/Ag\u00eancia Brasil\"><br \/>\n        <noscript><img decoding=\"async\" src=\"https:\/\/imagens.ebc.com.br\/UDVow9akiOpRQJL0TQCkdHLbVts=\/365x0\/smart\/https:\/\/agenciabrasil.ebc.com.br\/sites\/default\/files\/thumbnails\/image\/2026\/05\/01\/_int0288.jpg.jpg?itok=AL-XrZuG\" alt=\"S\u00e3o Bernardo do Campo (SP), 01\/05\/2026 - Guarda Civil de S\u00e3o Bernardo durante ato em comemora\u00e7\u00e3o ao dia do Trabalhador.\nFoto: Paulo Pinto\/Ag\u00eancia Brasil\" title=\"Paulo Pinto\/Ag\u00eancia Brasil\"><\/noscript><br \/>\n    <!-- END scald=461444 --><\/div>\n<div class=\"dnd-caption-wrapper\">\n<h6 class=\"meta\">Guarda Civil de S\u00e3o Bernardo durante ato em comemora\u00e7\u00e3o ao Dia do Trabalhador &#8211; <strong>Paulo Pinto\/Ag\u00eancia Brasil<\/strong><!--END copyright=461444--><\/h6>\n<\/div>\n<\/div>\n<p>A Guarda Municipal de S\u00e3o Bernardo fez a seguran\u00e7a do evento, a partir de sua base no pr\u00f3prio Pa\u00e7o. Por volta das 16h interferiu em um confronto localizado, \u00e0 esquerda do palco, removendo um homem a quem atribu\u00edram ter iniciado uma confus\u00e3o. No processo afastaram com viol\u00eancia o fot\u00f3grafo da <strong>Ag\u00eancia Brasil<\/strong>, Paulo Pinto.<\/p>\n<p>\u00a0<\/p>\n","protected":false},"excerpt":{"rendered":"<p>Alguns milhares de trabalhadores e moradores da regi\u00e3o do ABC paulista se reuniram, neste 1\u00b0 de maio, no Pa\u00e7o Municipal de S\u00e3o Bernardo do Campo, onde acompanharam a festa promovida pelos sindicatos da regi\u00e3o, em comemora\u00e7\u00e3o ao Dia do Trabalhador. As 26 agremia\u00e7\u00f5es, filiadas \u00e0 Central \u00danica dos Trabalhadores (CUT), se revezaram em discursos e [&hellip;]<\/p>\n","protected":false},"author":1,"featured_media":20531,"comment_status":"open","ping_status":"open","sticky":false,"template":"","format":"standard","meta":{"site-sidebar-layout":"default","site-content-layout":"","ast-site-content-layout":"default","site-content-style":"default","site-sidebar-style":"default","ast-global-header-display":"","ast-banner-title-visibility":"","ast-main-header-display":"","ast-hfb-above-header-display":"","ast-hfb-below-header-display":"","ast-hfb-mobile-header-display":"","site-post-title":"","ast-breadcrumbs-content":"","ast-featured-img":"","footer-sml-layout":"","ast-disable-related-posts":"","theme-transparent-header-meta":"","adv-header-id-meta":"","stick-header-meta":"","header-above-stick-meta":"","header-main-stick-meta":"","header-below-stick-meta":"","astra-migrate-meta-layouts":"default","ast-page-background-enabled":"default","ast-page-background-meta":{"desktop":{"background-color":"var(--ast-global-color-4)","background-image":"","background-repeat":"repeat","background-position":"center center","background-size":"auto","background-attachment":"scroll","background-type":"","background-media":"","overlay-type":"","overlay-color":"","overlay-opacity":"","overlay-gradient":""},"tablet":{"background-color":"","background-image":"","background-repeat":"repeat","background-position":"center center","background-size":"auto","background-attachment":"scroll","background-type":"","background-media":"","overlay-type":"","overlay-color":"","overlay-opacity":"","overlay-gradient":""},"mobile":{"background-color":"","background-image":"","background-repeat":"repeat","background-position":"center center","background-size":"auto","background-attachment":"scroll","background-type":"","background-media":"","overlay-type":"","overlay-color":"","overlay-opacity":"","overlay-gradient":""}},"ast-content-background-meta":{"desktop":{"background-color":"var(--ast-global-color-5)","background-image":"","background-repeat":"repeat","background-position":"center center","background-size":"auto","background-attachment":"scroll","background-type":"","background-media":"","overlay-type":"","overlay-color":"","overlay-opacity":"","overlay-gradient":""},"tablet":{"background-color":"var(--ast-global-color-5)","background-image":"","background-repeat":"repeat","background-position":"center center","background-size":"auto","background-attachment":"scroll","background-type":"","background-media":"","overlay-type":"","overlay-color":"","overlay-opacity":"","overlay-gradient":""},"mobile":{"background-color":"var(--ast-global-color-5)","background-image":"","background-repeat":"repeat","background-position":"center center","background-size":"auto","background-attachment":"scroll","background-type":"","background-media":"","overlay-type":"","overlay-color":"","overlay-opacity":"","overlay-gradient":""}},"footnotes":""},"categories":[1],"tags":[],"class_list":["post-20530","post","type-post","status-publish","format-standard","has-post-thumbnail","hentry","category-sem-categoria"],"yoast_head":"<!-- This site is optimized with the Yoast SEO Premium plugin v23.6 (Yoast SEO v27.4) - https:\/\/yoast.com\/product\/yoast-seo-premium-wordpress\/ -->\n<title>Ato em S\u00e3o Bernardo mobiliza sindicatos e pede fim da escala 6x1 - Divulgue MS<\/title>\n<meta name=\"robots\" content=\"index, follow, max-snippet:-1, max-image-preview:large, max-video-preview:-1\" \/>\n<link rel=\"canonical\" href=\"https:\/\/divulguems.com.br\/?p=20530\" \/>\n<meta property=\"og:locale\" content=\"pt_BR\" \/>\n<meta property=\"og:type\" content=\"article\" \/>\n<meta property=\"og:title\" content=\"Ato em S\u00e3o Bernardo mobiliza sindicatos e pede fim da escala 6x1\" \/>\n<meta property=\"og:description\" content=\"Alguns milhares de trabalhadores e moradores da regi\u00e3o do ABC paulista se reuniram, neste 1\u00b0 de maio, no Pa\u00e7o Municipal de S\u00e3o Bernardo do Campo, onde acompanharam a festa promovida pelos sindicatos da regi\u00e3o, em comemora\u00e7\u00e3o ao Dia do Trabalhador. As 26 agremia\u00e7\u00f5es, filiadas \u00e0 Central \u00danica dos Trabalhadores (CUT), se revezaram em discursos e [&hellip;]\" \/>\n<meta property=\"og:url\" content=\"https:\/\/divulguems.com.br\/?p=20530\" \/>\n<meta property=\"og:site_name\" content=\"Divulgue MS\" \/>\n<meta property=\"article:publisher\" content=\"https:\/\/www.facebook.com\/portalinfocobrasil\" \/>\n<meta property=\"article:published_time\" content=\"2026-05-02T03:47:01+00:00\" \/>\n<meta property=\"og:image\" content=\"https:\/\/cdn.jsdelivr.net\/gh\/sergiosdlima\/assets-ebc@1.0.0\/abr\/assets\/images\/logo-agenciabrasil.svg\" \/>\n<meta name=\"author\" content=\"gestormovie\" \/>\n<meta name=\"twitter:card\" content=\"summary_large_image\" \/>\n<meta name=\"twitter:label1\" content=\"Escrito por\" \/>\n\t<meta name=\"twitter:data1\" content=\"gestormovie\" \/>\n\t<meta name=\"twitter:label2\" content=\"Est. tempo de leitura\" \/>\n\t<meta name=\"twitter:data2\" content=\"2 minutos\" \/>\n<script type=\"application\/ld+json\" class=\"yoast-schema-graph\">{\"@context\":\"https:\\\/\\\/schema.org\",\"@graph\":[{\"@type\":\"Article\",\"@id\":\"https:\\\/\\\/divulguems.com.br\\\/?p=20530#article\",\"isPartOf\":{\"@id\":\"https:\\\/\\\/divulguems.com.br\\\/?p=20530\"},\"author\":{\"name\":\"gestormovie\",\"@id\":\"https:\\\/\\\/divulguems.com.br\\\/#\\\/schema\\\/person\\\/85cb29f0608083b8ae66501ac547eec3\"},\"headline\":\"Ato em S\u00e3o Bernardo mobiliza sindicatos e pede fim da escala 6&#215;1\",\"datePublished\":\"2026-05-02T03:47:01+00:00\",\"mainEntityOfPage\":{\"@id\":\"https:\\\/\\\/divulguems.com.br\\\/?p=20530\"},\"wordCount\":481,\"commentCount\":0,\"publisher\":{\"@id\":\"https:\\\/\\\/divulguems.com.br\\\/#organization\"},\"image\":{\"@id\":\"https:\\\/\\\/divulguems.com.br\\\/?p=20530#primaryimage\"},\"thumbnailUrl\":\"https:\\\/\\\/divulguems.com.br\\\/wp-content\\\/uploads\\\/2026\\\/05\\\/20530-ato-em-sao-bernardo-mobiliza-sindicatos-e-pede-fim-da-escala-61.jpg\",\"articleSection\":[\"\u00daltimas Not\u00edcias\"],\"inLanguage\":\"pt-BR\",\"potentialAction\":[{\"@type\":\"CommentAction\",\"name\":\"Comment\",\"target\":[\"https:\\\/\\\/divulguems.com.br\\\/?p=20530#respond\"]}]},{\"@type\":\"WebPage\",\"@id\":\"https:\\\/\\\/divulguems.com.br\\\/?p=20530\",\"url\":\"https:\\\/\\\/divulguems.com.br\\\/?p=20530\",\"name\":\"Ato em S\u00e3o Bernardo mobiliza sindicatos e pede fim da escala 6x1 - Divulgue MS\",\"isPartOf\":{\"@id\":\"https:\\\/\\\/divulguems.com.br\\\/#website\"},\"primaryImageOfPage\":{\"@id\":\"https:\\\/\\\/divulguems.com.br\\\/?p=20530#primaryimage\"},\"image\":{\"@id\":\"https:\\\/\\\/divulguems.com.br\\\/?p=20530#primaryimage\"},\"thumbnailUrl\":\"https:\\\/\\\/divulguems.com.br\\\/wp-content\\\/uploads\\\/2026\\\/05\\\/20530-ato-em-sao-bernardo-mobiliza-sindicatos-e-pede-fim-da-escala-61.jpg\",\"datePublished\":\"2026-05-02T03:47:01+00:00\",\"breadcrumb\":{\"@id\":\"https:\\\/\\\/divulguems.com.br\\\/?p=20530#breadcrumb\"},\"inLanguage\":\"pt-BR\",\"potentialAction\":[{\"@type\":\"ReadAction\",\"target\":[\"https:\\\/\\\/divulguems.com.br\\\/?p=20530\"]}]},{\"@type\":\"ImageObject\",\"inLanguage\":\"pt-BR\",\"@id\":\"https:\\\/\\\/divulguems.com.br\\\/?p=20530#primaryimage\",\"url\":\"https:\\\/\\\/divulguems.com.br\\\/wp-content\\\/uploads\\\/2026\\\/05\\\/20530-ato-em-sao-bernardo-mobiliza-sindicatos-e-pede-fim-da-escala-61.jpg\",\"contentUrl\":\"https:\\\/\\\/divulguems.com.br\\\/wp-content\\\/uploads\\\/2026\\\/05\\\/20530-ato-em-sao-bernardo-mobiliza-sindicatos-e-pede-fim-da-escala-61.jpg\",\"width\":1600,\"height\":800,\"caption\":\"Ato em S\u00e3o Bernardo mobiliza sindicatos e pede fim da escala 6&#215;1\"},{\"@type\":\"BreadcrumbList\",\"@id\":\"https:\\\/\\\/divulguems.com.br\\\/?p=20530#breadcrumb\",\"itemListElement\":[{\"@type\":\"ListItem\",\"position\":1,\"name\":\"In\u00edcio\",\"item\":\"https:\\\/\\\/divulguems.com.br\\\/\"},{\"@type\":\"ListItem\",\"position\":2,\"name\":\"Ato em S\u00e3o Bernardo mobiliza sindicatos e pede fim da escala 6&#215;1\"}]},{\"@type\":\"WebSite\",\"@id\":\"https:\\\/\\\/divulguems.com.br\\\/#website\",\"url\":\"https:\\\/\\\/divulguems.com.br\\\/\",\"name\":\"Portal Infoco Brasil\",\"description\":\"L\u00edder de audi\u00eancia.\",\"publisher\":{\"@id\":\"https:\\\/\\\/divulguems.com.br\\\/#organization\"},\"potentialAction\":[{\"@type\":\"SearchAction\",\"target\":{\"@type\":\"EntryPoint\",\"urlTemplate\":\"https:\\\/\\\/divulguems.com.br\\\/?s={search_term_string}\"},\"query-input\":{\"@type\":\"PropertyValueSpecification\",\"valueRequired\":true,\"valueName\":\"search_term_string\"}}],\"inLanguage\":\"pt-BR\"},{\"@type\":\"Organization\",\"@id\":\"https:\\\/\\\/divulguems.com.br\\\/#organization\",\"name\":\"Portal Infoco Brasil\",\"url\":\"https:\\\/\\\/divulguems.com.br\\\/\",\"logo\":{\"@type\":\"ImageObject\",\"inLanguage\":\"pt-BR\",\"@id\":\"https:\\\/\\\/divulguems.com.br\\\/#\\\/schema\\\/logo\\\/image\\\/\",\"url\":\"https:\\\/\\\/divulguems.com.br\\\/wp-content\\\/uploads\\\/2025\\\/04\\\/LOGO-PNG-AZUL.png\",\"contentUrl\":\"https:\\\/\\\/divulguems.com.br\\\/wp-content\\\/uploads\\\/2025\\\/04\\\/LOGO-PNG-AZUL.png\",\"width\":1166,\"height\":475,\"caption\":\"Portal Infoco Brasil\"},\"image\":{\"@id\":\"https:\\\/\\\/divulguems.com.br\\\/#\\\/schema\\\/logo\\\/image\\\/\"},\"sameAs\":[\"https:\\\/\\\/www.facebook.com\\\/portalinfocobrasil\",\"https:\\\/\\\/www.instagram.com\\\/portalinfocobrasil\"]},{\"@type\":\"Person\",\"@id\":\"https:\\\/\\\/divulguems.com.br\\\/#\\\/schema\\\/person\\\/85cb29f0608083b8ae66501ac547eec3\",\"name\":\"gestormovie\",\"image\":{\"@type\":\"ImageObject\",\"inLanguage\":\"pt-BR\",\"@id\":\"https:\\\/\\\/secure.gravatar.com\\\/avatar\\\/1a363cacdce58d5745359cac63cadf7cee0b34c09ab5adc6e07dafbc1ad3ceef?s=96&d=mm&r=g\",\"url\":\"https:\\\/\\\/secure.gravatar.com\\\/avatar\\\/1a363cacdce58d5745359cac63cadf7cee0b34c09ab5adc6e07dafbc1ad3ceef?s=96&d=mm&r=g\",\"contentUrl\":\"https:\\\/\\\/secure.gravatar.com\\\/avatar\\\/1a363cacdce58d5745359cac63cadf7cee0b34c09ab5adc6e07dafbc1ad3ceef?s=96&d=mm&r=g\",\"caption\":\"gestormovie\"},\"sameAs\":[\"https:\\\/\\\/divulguems.com.br\"],\"url\":\"https:\\\/\\\/divulguems.com.br\\\/?author=1\"}]}<\/script>\n<!-- \/ Yoast SEO Premium plugin. -->","yoast_head_json":{"title":"Ato em S\u00e3o Bernardo mobiliza sindicatos e pede fim da escala 6x1 - Divulgue MS","robots":{"index":"index","follow":"follow","max-snippet":"max-snippet:-1","max-image-preview":"max-image-preview:large","max-video-preview":"max-video-preview:-1"},"canonical":"https:\/\/divulguems.com.br\/?p=20530","og_locale":"pt_BR","og_type":"article","og_title":"Ato em S\u00e3o Bernardo mobiliza sindicatos e pede fim da escala 6x1","og_description":"Alguns milhares de trabalhadores e moradores da regi\u00e3o do ABC paulista se reuniram, neste 1\u00b0 de maio, no Pa\u00e7o Municipal de S\u00e3o Bernardo do Campo, onde acompanharam a festa promovida pelos sindicatos da regi\u00e3o, em comemora\u00e7\u00e3o ao Dia do Trabalhador. As 26 agremia\u00e7\u00f5es, filiadas \u00e0 Central \u00danica dos Trabalhadores (CUT), se revezaram em discursos e [&hellip;]","og_url":"https:\/\/divulguems.com.br\/?p=20530","og_site_name":"Divulgue MS","article_publisher":"https:\/\/www.facebook.com\/portalinfocobrasil","article_published_time":"2026-05-02T03:47:01+00:00","og_image":[{"url":"https:\/\/cdn.jsdelivr.net\/gh\/sergiosdlima\/assets-ebc@1.0.0\/abr\/assets\/images\/logo-agenciabrasil.svg","type":"","width":"","height":""}],"author":"gestormovie","twitter_card":"summary_large_image","twitter_misc":{"Escrito por":"gestormovie","Est. tempo de leitura":"2 minutos"},"schema":{"@context":"https:\/\/schema.org","@graph":[{"@type":"Article","@id":"https:\/\/divulguems.com.br\/?p=20530#article","isPartOf":{"@id":"https:\/\/divulguems.com.br\/?p=20530"},"author":{"name":"gestormovie","@id":"https:\/\/divulguems.com.br\/#\/schema\/person\/85cb29f0608083b8ae66501ac547eec3"},"headline":"Ato em S\u00e3o Bernardo mobiliza sindicatos e pede fim da escala 6&#215;1","datePublished":"2026-05-02T03:47:01+00:00","mainEntityOfPage":{"@id":"https:\/\/divulguems.com.br\/?p=20530"},"wordCount":481,"commentCount":0,"publisher":{"@id":"https:\/\/divulguems.com.br\/#organization"},"image":{"@id":"https:\/\/divulguems.com.br\/?p=20530#primaryimage"},"thumbnailUrl":"https:\/\/divulguems.com.br\/wp-content\/uploads\/2026\/05\/20530-ato-em-sao-bernardo-mobiliza-sindicatos-e-pede-fim-da-escala-61.jpg","articleSection":["\u00daltimas Not\u00edcias"],"inLanguage":"pt-BR","potentialAction":[{"@type":"CommentAction","name":"Comment","target":["https:\/\/divulguems.com.br\/?p=20530#respond"]}]},{"@type":"WebPage","@id":"https:\/\/divulguems.com.br\/?p=20530","url":"https:\/\/divulguems.com.br\/?p=20530","name":"Ato em S\u00e3o Bernardo mobiliza sindicatos e pede fim da escala 6x1 - Divulgue MS","isPartOf":{"@id":"https:\/\/divulguems.com.br\/#website"},"primaryImageOfPage":{"@id":"https:\/\/divulguems.com.br\/?p=20530#primaryimage"},"image":{"@id":"https:\/\/divulguems.com.br\/?p=20530#primaryimage"},"thumbnailUrl":"https:\/\/divulguems.com.br\/wp-content\/uploads\/2026\/05\/20530-ato-em-sao-bernardo-mobiliza-sindicatos-e-pede-fim-da-escala-61.jpg","datePublished":"2026-05-02T03:47:01+00:00","breadcrumb":{"@id":"https:\/\/divulguems.com.br\/?p=20530#breadcrumb"},"inLanguage":"pt-BR","potentialAction":[{"@type":"ReadAction","target":["https:\/\/divulguems.com.br\/?p=20530"]}]},{"@type":"ImageObject","inLanguage":"pt-BR","@id":"https:\/\/divulguems.com.br\/?p=20530#primaryimage","url":"https:\/\/divulguems.com.br\/wp-content\/uploads\/2026\/05\/20530-ato-em-sao-bernardo-mobiliza-sindicatos-e-pede-fim-da-escala-61.jpg","contentUrl":"https:\/\/divulguems.com.br\/wp-content\/uploads\/2026\/05\/20530-ato-em-sao-bernardo-mobiliza-sindicatos-e-pede-fim-da-escala-61.jpg","width":1600,"height":800,"caption":"Ato em S\u00e3o Bernardo mobiliza sindicatos e pede fim da escala 6&#215;1"},{"@type":"BreadcrumbList","@id":"https:\/\/divulguems.com.br\/?p=20530#breadcrumb","itemListElement":[{"@type":"ListItem","position":1,"name":"In\u00edcio","item":"https:\/\/divulguems.com.br\/"},{"@type":"ListItem","position":2,"name":"Ato em S\u00e3o Bernardo mobiliza sindicatos e pede fim da escala 6&#215;1"}]},{"@type":"WebSite","@id":"https:\/\/divulguems.com.br\/#website","url":"https:\/\/divulguems.com.br\/","name":"Portal Infoco Brasil","description":"L\u00edder de audi\u00eancia.","publisher":{"@id":"https:\/\/divulguems.com.br\/#organization"},"potentialAction":[{"@type":"SearchAction","target":{"@type":"EntryPoint","urlTemplate":"https:\/\/divulguems.com.br\/?s={search_term_string}"},"query-input":{"@type":"PropertyValueSpecification","valueRequired":true,"valueName":"search_term_string"}}],"inLanguage":"pt-BR"},{"@type":"Organization","@id":"https:\/\/divulguems.com.br\/#organization","name":"Portal Infoco Brasil","url":"https:\/\/divulguems.com.br\/","logo":{"@type":"ImageObject","inLanguage":"pt-BR","@id":"https:\/\/divulguems.com.br\/#\/schema\/logo\/image\/","url":"https:\/\/divulguems.com.br\/wp-content\/uploads\/2025\/04\/LOGO-PNG-AZUL.png","contentUrl":"https:\/\/divulguems.com.br\/wp-content\/uploads\/2025\/04\/LOGO-PNG-AZUL.png","width":1166,"height":475,"caption":"Portal Infoco Brasil"},"image":{"@id":"https:\/\/divulguems.com.br\/#\/schema\/logo\/image\/"},"sameAs":["https:\/\/www.facebook.com\/portalinfocobrasil","https:\/\/www.instagram.com\/portalinfocobrasil"]},{"@type":"Person","@id":"https:\/\/divulguems.com.br\/#\/schema\/person\/85cb29f0608083b8ae66501ac547eec3","name":"gestormovie","image":{"@type":"ImageObject","inLanguage":"pt-BR","@id":"https:\/\/secure.gravatar.com\/avatar\/1a363cacdce58d5745359cac63cadf7cee0b34c09ab5adc6e07dafbc1ad3ceef?s=96&d=mm&r=g","url":"https:\/\/secure.gravatar.com\/avatar\/1a363cacdce58d5745359cac63cadf7cee0b34c09ab5adc6e07dafbc1ad3ceef?s=96&d=mm&r=g","contentUrl":"https:\/\/secure.gravatar.com\/avatar\/1a363cacdce58d5745359cac63cadf7cee0b34c09ab5adc6e07dafbc1ad3ceef?s=96&d=mm&r=g","caption":"gestormovie"},"sameAs":["https:\/\/divulguems.com.br"],"url":"https:\/\/divulguems.com.br\/?author=1"}]}},"_links":{"self":[{"href":"https:\/\/divulguems.com.br\/index.php?rest_route=\/wp\/v2\/posts\/20530","targetHints":{"allow":["GET"]}}],"collection":[{"href":"https:\/\/divulguems.com.br\/index.php?rest_route=\/wp\/v2\/posts"}],"about":[{"href":"https:\/\/divulguems.com.br\/index.php?rest_route=\/wp\/v2\/types\/post"}],"author":[{"embeddable":true,"href":"https:\/\/divulguems.com.br\/index.php?rest_route=\/wp\/v2\/users\/1"}],"replies":[{"embeddable":true,"href":"https:\/\/divulguems.com.br\/index.php?rest_route=%2Fwp%2Fv2%2Fcomments&post=20530"}],"version-history":[{"count":0,"href":"https:\/\/divulguems.com.br\/index.php?rest_route=\/wp\/v2\/posts\/20530\/revisions"}],"wp:featuredmedia":[{"embeddable":true,"href":"https:\/\/divulguems.com.br\/index.php?rest_route=\/wp\/v2\/media\/20531"}],"wp:attachment":[{"href":"https:\/\/divulguems.com.br\/index.php?rest_route=%2Fwp%2Fv2%2Fmedia&parent=20530"}],"wp:term":[{"taxonomy":"category","embeddable":true,"href":"https:\/\/divulguems.com.br\/index.php?rest_route=%2Fwp%2Fv2%2Fcategories&post=20530"},{"taxonomy":"post_tag","embeddable":true,"href":"https:\/\/divulguems.com.br\/index.php?rest_route=%2Fwp%2Fv2%2Ftags&post=20530"}],"curies":[{"name":"wp","href":"https:\/\/api.w.org\/{rel}","templated":true}]}}