{"id":20538,"date":"2026-05-02T23:47:12","date_gmt":"2026-05-03T03:47:12","guid":{"rendered":"https:\/\/divulguems.com.br\/?p=20538"},"modified":"2026-05-02T23:47:12","modified_gmt":"2026-05-03T03:47:12","slug":"a-menos-de-um-mes-do-fim-do-prazo-59-nao-enviaram-declaracao-do-ir","status":"publish","type":"post","link":"https:\/\/divulguems.com.br\/?p=20538","title":{"rendered":"A menos de um m\u00eas do fim do prazo, 59% n\u00e3o enviaram declara\u00e7\u00e3o do IR"},"content":{"rendered":"<\/p>\n<p><a class=\"\" href=\"https:\/\/agenciabrasil.ebc.com.br\/economia\/noticia\/2026-05\/menos-de-um-mes-do-fim-do-prazo-59-nao-enviaram-declaracao-do-ir\"><br \/>\n                    <img decoding=\"async\" src=\"https:\/\/cdn.jsdelivr.net\/gh\/sergiosdlima\/assets-ebc@1.0.0\/abr\/assets\/images\/logo-agenciabrasil.svg\" alt=\"Logo Ag\u00eancia Brasil\"><br \/>\n\t\t\t\t<\/a><\/p>\n<p><strong>A menos de um m\u00eas do fim do prazo, quase 60% dos contribuintes ainda n\u00e3o acertaram as contas com o Le\u00e3o. At\u00e9 \u00e0s 17h27 deste s\u00e1bado (3), a Receita Federal recebeu 18.380.905 Declara\u00e7\u00f5es do Imposto de Renda Pessoa F\u00edsica 2026 (ano-base 2025)<\/strong>.\u00a0<img decoding=\"async\" src=\"https:\/\/agenciabrasil.ebc.com.br\/ebc.png?id=1688204&#038;o=rss\"><img decoding=\"async\" src=\"https:\/\/agenciabrasil.ebc.com.br\/ebc.gif?id=1688204&#038;o=rss\"><\/p>\n<p>O n\u00famero equivale a 41,8% do total de declara\u00e7\u00f5es previstas para este ano. <strong>Em 2026, o Fisco espera receber 44 milh\u00f5es de declara\u00e7\u00f5es. Tradicionalmente, o ritmo de entrega aumenta nas \u00faltimas semanas do prazo.<\/strong><\/p>\n<\/p>\n<h3>Not\u00edcias relacionadas:<\/h3>\n<ul>\n<li><a href=\"https:\/\/agenciabrasil.ebc.com.br\/economia\/noticia\/2026-03\/fazenda-pede-que-receita-federal-automatize-declaracao-anual-do-ir\">Fazenda pede que Receita Federal automatize declara\u00e7\u00e3o anual do IR.<\/a><\/li>\n<li><a href=\"https:\/\/agenciabrasil.ebc.com.br\/economia\/noticia\/2026-02\/receita-federal-abre-consulta-lote-da-malha-fina-do-imposto-de-renda\">Receita Federal abre consulta a lote da malha fina do Imposto de Renda.<\/a><\/li>\n<li><a href=\"https:\/\/agenciabrasil.ebc.com.br\/economia\/noticia\/2026-04\/receita-paga-lote-da-malha-fina-do-imposto-de-renda\">Receita paga lote da malha fina do Imposto de Renda nesta quinta-feira.<\/a><\/li>\n<\/ul>\n<p>Segundo a Receita Federal, 70,3% das declara\u00e7\u00f5es entregues at\u00e9 agora ter\u00e3o direito a receber restitui\u00e7\u00e3o, 16,9% ter\u00e3o que pagar Imposto de Renda e 12,8% n\u00e3o t\u00eam imposto a pagar nem a receber.<\/p>\n<p><a href=\"https:\/\/agenciabrasil.ebc.com.br\/economia\/noticia\/2026-03\/entenda-mudancas-na-declaracao-do-imposto-de-renda-deste-ano\" target=\"_blank\">Entenda as novidades da declara\u00e7\u00e3o do Imposto de Renda 2026\u00a0<\/a><\/p>\n<p><strong>A maioria dos documentos foi preenchida a partir do programa de computador (73,7%), mas 17,4% dos contribuintes recorrem ao preenchimento <em>online<\/em>, que deixa o rascunho da declara\u00e7\u00e3o salvo nos computadores do Fisco (nuvem da Receita), e 8,9% declaram pelo aplicativo Meu Imposto de Renda para <em>smartphones<\/em> e <em>tablets.<\/em><\/strong><\/p>\n<p>Um total de 60% dos contribuintes que entregaram o documento \u00e0 Receita Federal usaram a declara\u00e7\u00e3o pr\u00e9-preenchida, por meio da qual o declarante baixa uma vers\u00e3o preliminar do documento, bastando confirmar as informa\u00e7\u00f5es ou retificar os dados. A op\u00e7\u00e3o de desconto simplificado representa 55,3% dos envios.<\/p>\n<p>O prazo para entregar a declara\u00e7\u00e3o come\u00e7ou em 23 de mar\u00e7o e termina \u00e0s 23h59min59s de 29 de maio. O <a href=\"https:\/\/www.gov.br\/receitafederal\/pt-br\" target=\"_blank\">programa gerador da declara\u00e7\u00e3o est\u00e1 dispon\u00edvel desde 19 de mar\u00e7o<\/a>.<\/p>\n<p>Quem n\u00e3o enviar a declara\u00e7\u00e3o no prazo pagar\u00e1 multa de R$ 165,74 ou 1% do imposto devido, prevalecendo o maior valor.<\/p>\n<p><strong>As pessoas f\u00edsicas que receberam rendimentos tribut\u00e1veis acima de R$ 35.584, assim como aquelas que obtiveram receita bruta da atividade rural acima de R$ 177.920, s\u00e3o obrigadas a declarar. <\/strong>As pessoas que receberam at\u00e9 dois sal\u00e1rios m\u00ednimos mensais em 2025 est\u00e3o dispensadas de fazer a declara\u00e7\u00e3o, salvo se enquadrarem em outro crit\u00e9rio de obrigatoriedade.<\/p>\n<p>\u00a0<\/p>\n","protected":false},"excerpt":{"rendered":"<p>A menos de um m\u00eas do fim do prazo, quase 60% dos contribuintes ainda n\u00e3o acertaram as contas com o Le\u00e3o. At\u00e9 \u00e0s 17h27 deste s\u00e1bado (3), a Receita Federal recebeu 18.380.905 Declara\u00e7\u00f5es do Imposto de Renda Pessoa F\u00edsica 2026 (ano-base 2025).\u00a0 O n\u00famero equivale a 41,8% do total de declara\u00e7\u00f5es previstas para este ano. [&hellip;]<\/p>\n","protected":false},"author":1,"featured_media":20539,"comment_status":"open","ping_status":"open","sticky":false,"template":"","format":"standard","meta":{"site-sidebar-layout":"default","site-content-layout":"","ast-site-content-layout":"default","site-content-style":"default","site-sidebar-style":"default","ast-global-header-display":"","ast-banner-title-visibility":"","ast-main-header-display":"","ast-hfb-above-header-display":"","ast-hfb-below-header-display":"","ast-hfb-mobile-header-display":"","site-post-title":"","ast-breadcrumbs-content":"","ast-featured-img":"","footer-sml-layout":"","ast-disable-related-posts":"","theme-transparent-header-meta":"","adv-header-id-meta":"","stick-header-meta":"","header-above-stick-meta":"","header-main-stick-meta":"","header-below-stick-meta":"","astra-migrate-meta-layouts":"default","ast-page-background-enabled":"default","ast-page-background-meta":{"desktop":{"background-color":"var(--ast-global-color-4)","background-image":"","background-repeat":"repeat","background-position":"center center","background-size":"auto","background-attachment":"scroll","background-type":"","background-media":"","overlay-type":"","overlay-color":"","overlay-opacity":"","overlay-gradient":""},"tablet":{"background-color":"","background-image":"","background-repeat":"repeat","background-position":"center center","background-size":"auto","background-attachment":"scroll","background-type":"","background-media":"","overlay-type":"","overlay-color":"","overlay-opacity":"","overlay-gradient":""},"mobile":{"background-color":"","background-image":"","background-repeat":"repeat","background-position":"center center","background-size":"auto","background-attachment":"scroll","background-type":"","background-media":"","overlay-type":"","overlay-color":"","overlay-opacity":"","overlay-gradient":""}},"ast-content-background-meta":{"desktop":{"background-color":"var(--ast-global-color-5)","background-image":"","background-repeat":"repeat","background-position":"center center","background-size":"auto","background-attachment":"scroll","background-type":"","background-media":"","overlay-type":"","overlay-color":"","overlay-opacity":"","overlay-gradient":""},"tablet":{"background-color":"var(--ast-global-color-5)","background-image":"","background-repeat":"repeat","background-position":"center center","background-size":"auto","background-attachment":"scroll","background-type":"","background-media":"","overlay-type":"","overlay-color":"","overlay-opacity":"","overlay-gradient":""},"mobile":{"background-color":"var(--ast-global-color-5)","background-image":"","background-repeat":"repeat","background-position":"center center","background-size":"auto","background-attachment":"scroll","background-type":"","background-media":"","overlay-type":"","overlay-color":"","overlay-opacity":"","overlay-gradient":""}},"footnotes":""},"categories":[3],"tags":[],"class_list":["post-20538","post","type-post","status-publish","format-standard","has-post-thumbnail","hentry","category-seguranca-e-justica"],"yoast_head":"<!-- This site is optimized with the Yoast SEO Premium plugin v23.6 (Yoast SEO v27.4) - https:\/\/yoast.com\/product\/yoast-seo-premium-wordpress\/ -->\n<title>A menos de um m\u00eas do fim do prazo, 59% n\u00e3o enviaram declara\u00e7\u00e3o do IR - Divulgue MS<\/title>\n<meta name=\"robots\" content=\"index, follow, max-snippet:-1, max-image-preview:large, max-video-preview:-1\" \/>\n<link rel=\"canonical\" href=\"https:\/\/divulguems.com.br\/?p=20538\" \/>\n<meta property=\"og:locale\" content=\"pt_BR\" \/>\n<meta property=\"og:type\" content=\"article\" \/>\n<meta property=\"og:title\" content=\"A menos de um m\u00eas do fim do prazo, 59% n\u00e3o enviaram declara\u00e7\u00e3o do IR\" \/>\n<meta property=\"og:description\" content=\"A menos de um m\u00eas do fim do prazo, quase 60% dos contribuintes ainda n\u00e3o acertaram as contas com o Le\u00e3o. At\u00e9 \u00e0s 17h27 deste s\u00e1bado (3), a Receita Federal recebeu 18.380.905 Declara\u00e7\u00f5es do Imposto de Renda Pessoa F\u00edsica 2026 (ano-base 2025).\u00a0 O n\u00famero equivale a 41,8% do total de declara\u00e7\u00f5es previstas para este ano. [&hellip;]\" \/>\n<meta property=\"og:url\" content=\"https:\/\/divulguems.com.br\/?p=20538\" \/>\n<meta property=\"og:site_name\" content=\"Divulgue MS\" \/>\n<meta property=\"article:publisher\" content=\"https:\/\/www.facebook.com\/portalinfocobrasil\" \/>\n<meta property=\"article:published_time\" content=\"2026-05-03T03:47:12+00:00\" \/>\n<meta property=\"og:image\" content=\"https:\/\/cdn.jsdelivr.net\/gh\/sergiosdlima\/assets-ebc@1.0.0\/abr\/assets\/images\/logo-agenciabrasil.svg\" \/>\n<meta name=\"author\" content=\"gestormovie\" \/>\n<meta name=\"twitter:card\" content=\"summary_large_image\" \/>\n<meta name=\"twitter:label1\" content=\"Escrito por\" \/>\n\t<meta name=\"twitter:data1\" content=\"gestormovie\" \/>\n\t<meta name=\"twitter:label2\" content=\"Est. tempo de leitura\" \/>\n\t<meta name=\"twitter:data2\" content=\"2 minutos\" \/>\n<script type=\"application\/ld+json\" class=\"yoast-schema-graph\">{\"@context\":\"https:\\\/\\\/schema.org\",\"@graph\":[{\"@type\":\"Article\",\"@id\":\"https:\\\/\\\/divulguems.com.br\\\/?p=20538#article\",\"isPartOf\":{\"@id\":\"https:\\\/\\\/divulguems.com.br\\\/?p=20538\"},\"author\":{\"name\":\"gestormovie\",\"@id\":\"https:\\\/\\\/divulguems.com.br\\\/#\\\/schema\\\/person\\\/85cb29f0608083b8ae66501ac547eec3\"},\"headline\":\"A menos de um m\u00eas do fim do prazo, 59% n\u00e3o enviaram declara\u00e7\u00e3o do IR\",\"datePublished\":\"2026-05-03T03:47:12+00:00\",\"mainEntityOfPage\":{\"@id\":\"https:\\\/\\\/divulguems.com.br\\\/?p=20538\"},\"wordCount\":388,\"commentCount\":0,\"publisher\":{\"@id\":\"https:\\\/\\\/divulguems.com.br\\\/#organization\"},\"image\":{\"@id\":\"https:\\\/\\\/divulguems.com.br\\\/?p=20538#primaryimage\"},\"thumbnailUrl\":\"https:\\\/\\\/divulguems.com.br\\\/wp-content\\\/uploads\\\/2026\\\/05\\\/20538-a-menos-de-um-mes-do-fim-do-prazo-59-nao-enviaram-declaracao-do-ir.jpg\",\"articleSection\":[\"Seguran\u00e7a e Justi\u00e7a\"],\"inLanguage\":\"pt-BR\",\"potentialAction\":[{\"@type\":\"CommentAction\",\"name\":\"Comment\",\"target\":[\"https:\\\/\\\/divulguems.com.br\\\/?p=20538#respond\"]}]},{\"@type\":\"WebPage\",\"@id\":\"https:\\\/\\\/divulguems.com.br\\\/?p=20538\",\"url\":\"https:\\\/\\\/divulguems.com.br\\\/?p=20538\",\"name\":\"A menos de um m\u00eas do fim do prazo, 59% n\u00e3o enviaram declara\u00e7\u00e3o do IR - Divulgue MS\",\"isPartOf\":{\"@id\":\"https:\\\/\\\/divulguems.com.br\\\/#website\"},\"primaryImageOfPage\":{\"@id\":\"https:\\\/\\\/divulguems.com.br\\\/?p=20538#primaryimage\"},\"image\":{\"@id\":\"https:\\\/\\\/divulguems.com.br\\\/?p=20538#primaryimage\"},\"thumbnailUrl\":\"https:\\\/\\\/divulguems.com.br\\\/wp-content\\\/uploads\\\/2026\\\/05\\\/20538-a-menos-de-um-mes-do-fim-do-prazo-59-nao-enviaram-declaracao-do-ir.jpg\",\"datePublished\":\"2026-05-03T03:47:12+00:00\",\"breadcrumb\":{\"@id\":\"https:\\\/\\\/divulguems.com.br\\\/?p=20538#breadcrumb\"},\"inLanguage\":\"pt-BR\",\"potentialAction\":[{\"@type\":\"ReadAction\",\"target\":[\"https:\\\/\\\/divulguems.com.br\\\/?p=20538\"]}]},{\"@type\":\"ImageObject\",\"inLanguage\":\"pt-BR\",\"@id\":\"https:\\\/\\\/divulguems.com.br\\\/?p=20538#primaryimage\",\"url\":\"https:\\\/\\\/divulguems.com.br\\\/wp-content\\\/uploads\\\/2026\\\/05\\\/20538-a-menos-de-um-mes-do-fim-do-prazo-59-nao-enviaram-declaracao-do-ir.jpg\",\"contentUrl\":\"https:\\\/\\\/divulguems.com.br\\\/wp-content\\\/uploads\\\/2026\\\/05\\\/20538-a-menos-de-um-mes-do-fim-do-prazo-59-nao-enviaram-declaracao-do-ir.jpg\",\"width\":1600,\"height\":800,\"caption\":\"A menos de um m\u00eas do fim do prazo, 59% n\u00e3o enviaram declara\u00e7\u00e3o do IR\"},{\"@type\":\"BreadcrumbList\",\"@id\":\"https:\\\/\\\/divulguems.com.br\\\/?p=20538#breadcrumb\",\"itemListElement\":[{\"@type\":\"ListItem\",\"position\":1,\"name\":\"In\u00edcio\",\"item\":\"https:\\\/\\\/divulguems.com.br\\\/\"},{\"@type\":\"ListItem\",\"position\":2,\"name\":\"A menos de um m\u00eas do fim do prazo, 59% n\u00e3o enviaram declara\u00e7\u00e3o do IR\"}]},{\"@type\":\"WebSite\",\"@id\":\"https:\\\/\\\/divulguems.com.br\\\/#website\",\"url\":\"https:\\\/\\\/divulguems.com.br\\\/\",\"name\":\"Portal Infoco Brasil\",\"description\":\"L\u00edder de audi\u00eancia.\",\"publisher\":{\"@id\":\"https:\\\/\\\/divulguems.com.br\\\/#organization\"},\"potentialAction\":[{\"@type\":\"SearchAction\",\"target\":{\"@type\":\"EntryPoint\",\"urlTemplate\":\"https:\\\/\\\/divulguems.com.br\\\/?s={search_term_string}\"},\"query-input\":{\"@type\":\"PropertyValueSpecification\",\"valueRequired\":true,\"valueName\":\"search_term_string\"}}],\"inLanguage\":\"pt-BR\"},{\"@type\":\"Organization\",\"@id\":\"https:\\\/\\\/divulguems.com.br\\\/#organization\",\"name\":\"Portal Infoco Brasil\",\"url\":\"https:\\\/\\\/divulguems.com.br\\\/\",\"logo\":{\"@type\":\"ImageObject\",\"inLanguage\":\"pt-BR\",\"@id\":\"https:\\\/\\\/divulguems.com.br\\\/#\\\/schema\\\/logo\\\/image\\\/\",\"url\":\"https:\\\/\\\/divulguems.com.br\\\/wp-content\\\/uploads\\\/2025\\\/04\\\/LOGO-PNG-AZUL.png\",\"contentUrl\":\"https:\\\/\\\/divulguems.com.br\\\/wp-content\\\/uploads\\\/2025\\\/04\\\/LOGO-PNG-AZUL.png\",\"width\":1166,\"height\":475,\"caption\":\"Portal Infoco Brasil\"},\"image\":{\"@id\":\"https:\\\/\\\/divulguems.com.br\\\/#\\\/schema\\\/logo\\\/image\\\/\"},\"sameAs\":[\"https:\\\/\\\/www.facebook.com\\\/portalinfocobrasil\",\"https:\\\/\\\/www.instagram.com\\\/portalinfocobrasil\"]},{\"@type\":\"Person\",\"@id\":\"https:\\\/\\\/divulguems.com.br\\\/#\\\/schema\\\/person\\\/85cb29f0608083b8ae66501ac547eec3\",\"name\":\"gestormovie\",\"image\":{\"@type\":\"ImageObject\",\"inLanguage\":\"pt-BR\",\"@id\":\"https:\\\/\\\/secure.gravatar.com\\\/avatar\\\/1a363cacdce58d5745359cac63cadf7cee0b34c09ab5adc6e07dafbc1ad3ceef?s=96&d=mm&r=g\",\"url\":\"https:\\\/\\\/secure.gravatar.com\\\/avatar\\\/1a363cacdce58d5745359cac63cadf7cee0b34c09ab5adc6e07dafbc1ad3ceef?s=96&d=mm&r=g\",\"contentUrl\":\"https:\\\/\\\/secure.gravatar.com\\\/avatar\\\/1a363cacdce58d5745359cac63cadf7cee0b34c09ab5adc6e07dafbc1ad3ceef?s=96&d=mm&r=g\",\"caption\":\"gestormovie\"},\"sameAs\":[\"https:\\\/\\\/divulguems.com.br\"],\"url\":\"https:\\\/\\\/divulguems.com.br\\\/?author=1\"}]}<\/script>\n<!-- \/ Yoast SEO Premium plugin. -->","yoast_head_json":{"title":"A menos de um m\u00eas do fim do prazo, 59% n\u00e3o enviaram declara\u00e7\u00e3o do IR - Divulgue MS","robots":{"index":"index","follow":"follow","max-snippet":"max-snippet:-1","max-image-preview":"max-image-preview:large","max-video-preview":"max-video-preview:-1"},"canonical":"https:\/\/divulguems.com.br\/?p=20538","og_locale":"pt_BR","og_type":"article","og_title":"A menos de um m\u00eas do fim do prazo, 59% n\u00e3o enviaram declara\u00e7\u00e3o do IR","og_description":"A menos de um m\u00eas do fim do prazo, quase 60% dos contribuintes ainda n\u00e3o acertaram as contas com o Le\u00e3o. At\u00e9 \u00e0s 17h27 deste s\u00e1bado (3), a Receita Federal recebeu 18.380.905 Declara\u00e7\u00f5es do Imposto de Renda Pessoa F\u00edsica 2026 (ano-base 2025).\u00a0 O n\u00famero equivale a 41,8% do total de declara\u00e7\u00f5es previstas para este ano. [&hellip;]","og_url":"https:\/\/divulguems.com.br\/?p=20538","og_site_name":"Divulgue MS","article_publisher":"https:\/\/www.facebook.com\/portalinfocobrasil","article_published_time":"2026-05-03T03:47:12+00:00","og_image":[{"url":"https:\/\/cdn.jsdelivr.net\/gh\/sergiosdlima\/assets-ebc@1.0.0\/abr\/assets\/images\/logo-agenciabrasil.svg","type":"","width":"","height":""}],"author":"gestormovie","twitter_card":"summary_large_image","twitter_misc":{"Escrito por":"gestormovie","Est. tempo de leitura":"2 minutos"},"schema":{"@context":"https:\/\/schema.org","@graph":[{"@type":"Article","@id":"https:\/\/divulguems.com.br\/?p=20538#article","isPartOf":{"@id":"https:\/\/divulguems.com.br\/?p=20538"},"author":{"name":"gestormovie","@id":"https:\/\/divulguems.com.br\/#\/schema\/person\/85cb29f0608083b8ae66501ac547eec3"},"headline":"A menos de um m\u00eas do fim do prazo, 59% n\u00e3o enviaram declara\u00e7\u00e3o do IR","datePublished":"2026-05-03T03:47:12+00:00","mainEntityOfPage":{"@id":"https:\/\/divulguems.com.br\/?p=20538"},"wordCount":388,"commentCount":0,"publisher":{"@id":"https:\/\/divulguems.com.br\/#organization"},"image":{"@id":"https:\/\/divulguems.com.br\/?p=20538#primaryimage"},"thumbnailUrl":"https:\/\/divulguems.com.br\/wp-content\/uploads\/2026\/05\/20538-a-menos-de-um-mes-do-fim-do-prazo-59-nao-enviaram-declaracao-do-ir.jpg","articleSection":["Seguran\u00e7a e Justi\u00e7a"],"inLanguage":"pt-BR","potentialAction":[{"@type":"CommentAction","name":"Comment","target":["https:\/\/divulguems.com.br\/?p=20538#respond"]}]},{"@type":"WebPage","@id":"https:\/\/divulguems.com.br\/?p=20538","url":"https:\/\/divulguems.com.br\/?p=20538","name":"A menos de um m\u00eas do fim do prazo, 59% n\u00e3o enviaram declara\u00e7\u00e3o do IR - Divulgue MS","isPartOf":{"@id":"https:\/\/divulguems.com.br\/#website"},"primaryImageOfPage":{"@id":"https:\/\/divulguems.com.br\/?p=20538#primaryimage"},"image":{"@id":"https:\/\/divulguems.com.br\/?p=20538#primaryimage"},"thumbnailUrl":"https:\/\/divulguems.com.br\/wp-content\/uploads\/2026\/05\/20538-a-menos-de-um-mes-do-fim-do-prazo-59-nao-enviaram-declaracao-do-ir.jpg","datePublished":"2026-05-03T03:47:12+00:00","breadcrumb":{"@id":"https:\/\/divulguems.com.br\/?p=20538#breadcrumb"},"inLanguage":"pt-BR","potentialAction":[{"@type":"ReadAction","target":["https:\/\/divulguems.com.br\/?p=20538"]}]},{"@type":"ImageObject","inLanguage":"pt-BR","@id":"https:\/\/divulguems.com.br\/?p=20538#primaryimage","url":"https:\/\/divulguems.com.br\/wp-content\/uploads\/2026\/05\/20538-a-menos-de-um-mes-do-fim-do-prazo-59-nao-enviaram-declaracao-do-ir.jpg","contentUrl":"https:\/\/divulguems.com.br\/wp-content\/uploads\/2026\/05\/20538-a-menos-de-um-mes-do-fim-do-prazo-59-nao-enviaram-declaracao-do-ir.jpg","width":1600,"height":800,"caption":"A menos de um m\u00eas do fim do prazo, 59% n\u00e3o enviaram declara\u00e7\u00e3o do IR"},{"@type":"BreadcrumbList","@id":"https:\/\/divulguems.com.br\/?p=20538#breadcrumb","itemListElement":[{"@type":"ListItem","position":1,"name":"In\u00edcio","item":"https:\/\/divulguems.com.br\/"},{"@type":"ListItem","position":2,"name":"A menos de um m\u00eas do fim do prazo, 59% n\u00e3o enviaram declara\u00e7\u00e3o do IR"}]},{"@type":"WebSite","@id":"https:\/\/divulguems.com.br\/#website","url":"https:\/\/divulguems.com.br\/","name":"Portal Infoco Brasil","description":"L\u00edder de audi\u00eancia.","publisher":{"@id":"https:\/\/divulguems.com.br\/#organization"},"potentialAction":[{"@type":"SearchAction","target":{"@type":"EntryPoint","urlTemplate":"https:\/\/divulguems.com.br\/?s={search_term_string}"},"query-input":{"@type":"PropertyValueSpecification","valueRequired":true,"valueName":"search_term_string"}}],"inLanguage":"pt-BR"},{"@type":"Organization","@id":"https:\/\/divulguems.com.br\/#organization","name":"Portal Infoco Brasil","url":"https:\/\/divulguems.com.br\/","logo":{"@type":"ImageObject","inLanguage":"pt-BR","@id":"https:\/\/divulguems.com.br\/#\/schema\/logo\/image\/","url":"https:\/\/divulguems.com.br\/wp-content\/uploads\/2025\/04\/LOGO-PNG-AZUL.png","contentUrl":"https:\/\/divulguems.com.br\/wp-content\/uploads\/2025\/04\/LOGO-PNG-AZUL.png","width":1166,"height":475,"caption":"Portal Infoco Brasil"},"image":{"@id":"https:\/\/divulguems.com.br\/#\/schema\/logo\/image\/"},"sameAs":["https:\/\/www.facebook.com\/portalinfocobrasil","https:\/\/www.instagram.com\/portalinfocobrasil"]},{"@type":"Person","@id":"https:\/\/divulguems.com.br\/#\/schema\/person\/85cb29f0608083b8ae66501ac547eec3","name":"gestormovie","image":{"@type":"ImageObject","inLanguage":"pt-BR","@id":"https:\/\/secure.gravatar.com\/avatar\/1a363cacdce58d5745359cac63cadf7cee0b34c09ab5adc6e07dafbc1ad3ceef?s=96&d=mm&r=g","url":"https:\/\/secure.gravatar.com\/avatar\/1a363cacdce58d5745359cac63cadf7cee0b34c09ab5adc6e07dafbc1ad3ceef?s=96&d=mm&r=g","contentUrl":"https:\/\/secure.gravatar.com\/avatar\/1a363cacdce58d5745359cac63cadf7cee0b34c09ab5adc6e07dafbc1ad3ceef?s=96&d=mm&r=g","caption":"gestormovie"},"sameAs":["https:\/\/divulguems.com.br"],"url":"https:\/\/divulguems.com.br\/?author=1"}]}},"_links":{"self":[{"href":"https:\/\/divulguems.com.br\/index.php?rest_route=\/wp\/v2\/posts\/20538","targetHints":{"allow":["GET"]}}],"collection":[{"href":"https:\/\/divulguems.com.br\/index.php?rest_route=\/wp\/v2\/posts"}],"about":[{"href":"https:\/\/divulguems.com.br\/index.php?rest_route=\/wp\/v2\/types\/post"}],"author":[{"embeddable":true,"href":"https:\/\/divulguems.com.br\/index.php?rest_route=\/wp\/v2\/users\/1"}],"replies":[{"embeddable":true,"href":"https:\/\/divulguems.com.br\/index.php?rest_route=%2Fwp%2Fv2%2Fcomments&post=20538"}],"version-history":[{"count":0,"href":"https:\/\/divulguems.com.br\/index.php?rest_route=\/wp\/v2\/posts\/20538\/revisions"}],"wp:featuredmedia":[{"embeddable":true,"href":"https:\/\/divulguems.com.br\/index.php?rest_route=\/wp\/v2\/media\/20539"}],"wp:attachment":[{"href":"https:\/\/divulguems.com.br\/index.php?rest_route=%2Fwp%2Fv2%2Fmedia&parent=20538"}],"wp:term":[{"taxonomy":"category","embeddable":true,"href":"https:\/\/divulguems.com.br\/index.php?rest_route=%2Fwp%2Fv2%2Fcategories&post=20538"},{"taxonomy":"post_tag","embeddable":true,"href":"https:\/\/divulguems.com.br\/index.php?rest_route=%2Fwp%2Fv2%2Ftags&post=20538"}],"curies":[{"name":"wp","href":"https:\/\/api.w.org\/{rel}","templated":true}]}}