{"id":20540,"date":"2026-05-02T23:47:13","date_gmt":"2026-05-03T03:47:13","guid":{"rendered":"https:\/\/divulguems.com.br\/?p=20540"},"modified":"2026-05-02T23:47:13","modified_gmt":"2026-05-03T03:47:13","slug":"inscricoes-de-estudantes-na-obmep-mirim-ficam-abertas-ate-8-de-junho","status":"publish","type":"post","link":"https:\/\/divulguems.com.br\/?p=20540","title":{"rendered":"Inscri\u00e7\u00f5es de estudantes na Obmep Mirim ficam abertas at\u00e9 8 de junho"},"content":{"rendered":"<\/p>\n<p><a class=\"\" href=\"https:\/\/agenciabrasil.ebc.com.br\/educacao\/noticia\/2026-04\/inscricoes-de-estudantes-na-obmep-mirim-ficam-abertas-ate-8-de-junho\"><br \/>\n                    <img decoding=\"async\" src=\"https:\/\/cdn.jsdelivr.net\/gh\/sergiosdlima\/assets-ebc@1.0.0\/abr\/assets\/images\/logo-agenciabrasil.svg\" alt=\"Logo Ag\u00eancia Brasil\"><br \/>\n\t\t\t\t<\/a><\/p>\n<p><strong>As escolas p\u00fablicas e privadas de todo o Brasil t\u00eam at\u00e9 o dia 8 de junho para inscrever alunos do\u00a02\u00ba ao 5\u00ba ano\u00a0do ensino fundamental na Olimp\u00edada de Matem\u00e1tica Mirim (Obmep Mirim), promovida pelo Instituto de Matem\u00e1tica Pura e Aplicada (Impa).<\/strong><img decoding=\"async\" src=\"https:\/\/agenciabrasil.ebc.com.br\/ebc.png?id=1687701&#038;o=rss\"><img decoding=\"async\" src=\"https:\/\/agenciabrasil.ebc.com.br\/ebc.gif?id=1687701&#038;o=rss\"><\/p>\n<p><strong>No caso de institui\u00e7\u00f5es de ensino p\u00fablicas, as inscri\u00e7\u00f5es s\u00e3o gratuitas<\/strong>. As escolas ter\u00e3o que informar apenas o n\u00famero de estudantes participantes da olimp\u00edada. N\u00e3o haver\u00e1 inscri\u00e7\u00e3o nominal neste momento.<\/p>\n<\/p>\n<h3>Not\u00edcias relacionadas:<\/h3>\n<ul>\n<li><a href=\"https:\/\/agenciabrasil.ebc.com.br\/educacao\/noticia\/2026-04\/professores-poderao-participar-de-olimpiada-inedita-de-matematica\">Professores poder\u00e3o participar de olimp\u00edada in\u00e9dita de matem\u00e1tica.<\/a><\/li>\n<li><a href=\"https:\/\/agenciabrasil.ebc.com.br\/educacao\/noticia\/2025-10\/dominio-da-matematica-e-instrumento-de-poder-diz-diretor-do-impa\">Dom\u00ednio da matem\u00e1tica \u00e9 instrumento de poder, diz diretor do Impa.<\/a><\/li>\n<\/ul>\n<p>As inscri\u00e7\u00f5es podem ser feitas tamb\u00e9m pelas secretarias de Educa\u00e7\u00e3o por meio do<em> <a href=\"http:\/\/olimpiadamirim.obmep.org.br\/\" target=\"_blank\">site<\/a><\/em><a href=\"http:\/\/olimpiadamirim.obmep.org.br\/\" target=\"_blank\"> oficial da olimp\u00edada<\/a>, utilizando o c\u00f3digo MEC\/Inep\u00a0para criar uma senha de acesso. O<em> login<\/em> ser\u00e1 feito com esse c\u00f3digo e a senha cadastrada no momento da inscri\u00e7\u00e3o.<\/p>\n<p>Desde o lan\u00e7amento da Obmep Mirim, em 2022, <strong>mais de 15 milh\u00f5es de crian\u00e7as participaram das quatro edi\u00e7\u00f5es anteriores<\/strong>. Somente na edi\u00e7\u00e3o do ano passado, foram 5,067 milh\u00f5es de estudantes inscritos, mobilizando quase 35 mil escolas p\u00fablicas e privadas, informou nesta quarta-feira (29) \u00e0 <strong>Ag\u00eancia Brasil <\/strong>o diretor adjunto do Impa\u00a0e gerente de Olimp\u00edadas, Jorge Vit\u00f3rio Pereira.\u00a0<\/p>\n<p>A competi\u00e7\u00e3o ter\u00e1 duas fases, sendo que a primeira, cujas provas ser\u00e3o aplicadas no\u00a0dia\u00a025 de agosto, \u00e9 classificat\u00f3ria. A segunda etapa ser\u00e1 em\u00a010 de novembro. As provas s\u00e3o divididas em dois n\u00edveis, sendo um para alunos do 2\u00ba e 3\u00ba anos do ensino fundamental (Mirim 1) e outro para os estudantes do 4\u00ba e 5\u00ba anos (Mirim 2).<\/p>\n<p><strong>Cada prova ter\u00e1 15 quest\u00f5es de m\u00faltipla escolha. As pr\u00f3prias escolas corrigir\u00e3o as provas e classificar\u00e3o os alunos para a segunda etapa.\u00a0<\/strong><\/p>\n<h2>Brincadeira<\/h2>\n<p>Os alunos ganhadores da Obmep Mirim n\u00e3o recebem medalhas, mas certificados digitais, equivalentes a medalhas de ouro, prata e bronze.<\/p>\n<blockquote>\n<p>\u201cA gente tem um Comit\u00ea de Provas extremamente cuidadoso que est\u00e1 sempre pensando no n\u00edvel ao qual as quest\u00f5es t\u00eam que ser aplicadas. Para o pessoal do fundamental, o objetivo \u00e9 mais despertar curiosidade, trazer a matem\u00e1tica quase como um jogo, como uma brincadeira. Ent\u00e3o, nada de conteudismo; \u00e9 usar e abusar de gr\u00e1ficos, de figuras, trazer elementos da realidade das crian\u00e7as, para que a Obmep Mirim seja um prazer, uma brincadeira\u201d, destacou Pereira.<\/p>\n<\/blockquote>\n<p>O diretor adjunto\u00a0disse que, a cada ano, a iniciativa conquista mais escolas para o processo de est\u00edmulo ao ensino e \u00e0 aprendizagem da matem\u00e1tica. \u201cEu acho que a gente s\u00f3 tem a ganhar. Voc\u00ea traz esse elemento de curiosidade, d\u00e1 material extra e interessante para os professores trabalharem com as crian\u00e7as na escola. N\u00e3o tem car\u00e1ter de competi\u00e7\u00e3o, mas realmente \u00e9 como se fosse um jogo, uma brincadeira, e j\u00e1 vai aproximando as crian\u00e7as desse mundo, porque a Obmep, quando vira\u00a0coisa dos meninos crescidos, traz muitas oportunidades para eles.\u201d<\/p>\n<p>Al\u00e9m de receber medalhas de ouro, prata e bronze, os ganhadores da Olimp\u00edada Brasileira de Matem\u00e1tica das Escolas P\u00fablicas (Obmep) \u2013\u00a0voltada para os \u00faltimos anos do ensino fundamental e o ensino m\u00e9dio \u2013,\u00a0t\u00eam tamb\u00e9m acesso a programas de inicia\u00e7\u00e3o cient\u00edfica, alguns inclusive com bolsa. \u201cE, hoje, h\u00e1 universidades que j\u00e1 est\u00e3o tamb\u00e9m aceitando a Obmep como um programa de acesso para vagas no ensino superior\u201d, salientou Pereira.<\/p>\n<p>Segundo ele, ao terem contato com o universo da Obmep Mirim, as crian\u00e7as menores\u00a0s\u00f3 t\u00eam a ganhar. \u201c\u00c9 mais um caminho, mais uma porta que elas conseguem ter. E sem falar de fazer tudo isso com leveza, trazendo o aspecto l\u00fadico, criativo, da matem\u00e1tica para elas, que acabam entendendo que a matem\u00e1tica n\u00e3o \u00e9 um bicho de sete cabe\u00e7as.\u201d<\/p>\n<h2>Interesse<\/h2>\n<p>Jorge Pereira ponderou que, nas primeiras s\u00e9ries do ensino fundamental, as crian\u00e7as n\u00e3o t\u00eam tanta resist\u00eancia ao aprendizado da matem\u00e1tica, que \u00e9 constru\u00edda um pouco depois. \u201cEnt\u00e3o, a gente chegar nesse momento e trazer o aspecto prazeroso, criativo, o aspecto l\u00fadico da matem\u00e1tica para essas crian\u00e7as, eu acho que ajuda bastante. Sem falar que a gente tamb\u00e9m est\u00e1 conseguindo incrementar a quantidade de material a que os professores passam a ter acesso.\u201d<\/p>\n<p>O diretor-geral do Impa, Marcelo Viana, explicou que a \u201cOlimp\u00edada Mirim foi pensada para despertar, desde cedo, o interesse pela matem\u00e1tica, tanto nos alunos quanto nos professores&#8221;.<\/p>\n<blockquote>\n<p>&#8220;Queremos contribuir para que o aprendizado aconte\u00e7a de forma mais envolvente, estimulando a curiosidade e o racioc\u00ednio l\u00f3gico dentro da sala de aula\u201d, refor\u00e7ou.<\/p>\n<\/blockquote>\n<p>A estudante Sophia Dutra, de 11 anos, \u00e9 uma das vencedoras das edi\u00e7\u00f5es de 2024 e 2025 da Obmep Mirim.\u00a0&#8220;Ela [a olimp\u00edada] foi muito importante para o meu desenvolvimento porque tem uma estrutura muito diferente das outras provas. Tudo que o professor explica\u00a0a gente consegue usar at\u00e9 em outras provas ol\u00edmpicas\u201d, disse a menina, que considerou a prova \u201cdivertida, legal e interessante&#8221;.<\/p>\n<p>A Obmep Mirim tem apoio da B3 Social, da Coordena\u00e7\u00e3o de Aperfei\u00e7oamento de Pessoal de N\u00edvel Superior (Capes) e do Conselho Nacional de Desenvolvimento Cient\u00edfico e Tecnol\u00f3gico (CNPq), al\u00e9m de promo\u00e7\u00e3o dos minist\u00e9rios da Educa\u00e7\u00e3o (MEC) e da Ci\u00eancia, Tecnologia e Inova\u00e7\u00e3o (MCTI). Este ano, o Impa\u00a0far\u00e1 tamb\u00e9m uma competi\u00e7\u00e3o in\u00e9dita, a <a href=\"https:\/\/agenciabrasil.ebc.com.br\/educacao\/noticia\/2026-04\/professores-poderao-participar-de-olimpiada-inedita-de-matematica\" target=\"_blank\">1\u00ba Olimp\u00edada de Professores da Obmep\u00a0Mirim<\/a>. As inscri\u00e7\u00f5es poder\u00e3o ser feitas no <a href=\"https:\/\/professores.olimpiadamirim.obmep.org.br\/calendario\" target=\"_blank\">per\u00edodo de\u00a04 a 29 de maio<\/a>.<\/p>\n","protected":false},"excerpt":{"rendered":"<p>As escolas p\u00fablicas e privadas de todo o Brasil t\u00eam at\u00e9 o dia 8 de junho para inscrever alunos do\u00a02\u00ba ao 5\u00ba ano\u00a0do ensino fundamental na Olimp\u00edada de Matem\u00e1tica Mirim (Obmep Mirim), promovida pelo Instituto de Matem\u00e1tica Pura e Aplicada (Impa). No caso de institui\u00e7\u00f5es de ensino p\u00fablicas, as inscri\u00e7\u00f5es s\u00e3o gratuitas. As escolas ter\u00e3o [&hellip;]<\/p>\n","protected":false},"author":554,"featured_media":20541,"comment_status":"open","ping_status":"open","sticky":false,"template":"","format":"standard","meta":{"site-sidebar-layout":"default","site-content-layout":"","ast-site-content-layout":"default","site-content-style":"default","site-sidebar-style":"default","ast-global-header-display":"","ast-banner-title-visibility":"","ast-main-header-display":"","ast-hfb-above-header-display":"","ast-hfb-below-header-display":"","ast-hfb-mobile-header-display":"","site-post-title":"","ast-breadcrumbs-content":"","ast-featured-img":"","footer-sml-layout":"","ast-disable-related-posts":"","theme-transparent-header-meta":"","adv-header-id-meta":"","stick-header-meta":"","header-above-stick-meta":"","header-main-stick-meta":"","header-below-stick-meta":"","astra-migrate-meta-layouts":"default","ast-page-background-enabled":"default","ast-page-background-meta":{"desktop":{"background-color":"var(--ast-global-color-4)","background-image":"","background-repeat":"repeat","background-position":"center center","background-size":"auto","background-attachment":"scroll","background-type":"","background-media":"","overlay-type":"","overlay-color":"","overlay-opacity":"","overlay-gradient":""},"tablet":{"background-color":"","background-image":"","background-repeat":"repeat","background-position":"center center","background-size":"auto","background-attachment":"scroll","background-type":"","background-media":"","overlay-type":"","overlay-color":"","overlay-opacity":"","overlay-gradient":""},"mobile":{"background-color":"","background-image":"","background-repeat":"repeat","background-position":"center center","background-size":"auto","background-attachment":"scroll","background-type":"","background-media":"","overlay-type":"","overlay-color":"","overlay-opacity":"","overlay-gradient":""}},"ast-content-background-meta":{"desktop":{"background-color":"var(--ast-global-color-5)","background-image":"","background-repeat":"repeat","background-position":"center center","background-size":"auto","background-attachment":"scroll","background-type":"","background-media":"","overlay-type":"","overlay-color":"","overlay-opacity":"","overlay-gradient":""},"tablet":{"background-color":"var(--ast-global-color-5)","background-image":"","background-repeat":"repeat","background-position":"center center","background-size":"auto","background-attachment":"scroll","background-type":"","background-media":"","overlay-type":"","overlay-color":"","overlay-opacity":"","overlay-gradient":""},"mobile":{"background-color":"var(--ast-global-color-5)","background-image":"","background-repeat":"repeat","background-position":"center center","background-size":"auto","background-attachment":"scroll","background-type":"","background-media":"","overlay-type":"","overlay-color":"","overlay-opacity":"","overlay-gradient":""}},"footnotes":""},"categories":[3],"tags":[],"class_list":["post-20540","post","type-post","status-publish","format-standard","has-post-thumbnail","hentry","category-seguranca-e-justica"],"yoast_head":"<!-- This site is optimized with the Yoast SEO Premium plugin v23.6 (Yoast SEO v27.4) - https:\/\/yoast.com\/product\/yoast-seo-premium-wordpress\/ -->\n<title>Inscri\u00e7\u00f5es de estudantes na Obmep Mirim ficam abertas at\u00e9 8 de junho - Divulgue MS<\/title>\n<meta name=\"robots\" content=\"index, follow, max-snippet:-1, max-image-preview:large, max-video-preview:-1\" \/>\n<link rel=\"canonical\" href=\"https:\/\/divulguems.com.br\/?p=20540\" \/>\n<meta property=\"og:locale\" content=\"pt_BR\" \/>\n<meta property=\"og:type\" content=\"article\" \/>\n<meta property=\"og:title\" content=\"Inscri\u00e7\u00f5es de estudantes na Obmep Mirim ficam abertas at\u00e9 8 de junho\" \/>\n<meta property=\"og:description\" content=\"As escolas p\u00fablicas e privadas de todo o Brasil t\u00eam at\u00e9 o dia 8 de junho para inscrever alunos do\u00a02\u00ba ao 5\u00ba ano\u00a0do ensino fundamental na Olimp\u00edada de Matem\u00e1tica Mirim (Obmep Mirim), promovida pelo Instituto de Matem\u00e1tica Pura e Aplicada (Impa). No caso de institui\u00e7\u00f5es de ensino p\u00fablicas, as inscri\u00e7\u00f5es s\u00e3o gratuitas. As escolas ter\u00e3o [&hellip;]\" \/>\n<meta property=\"og:url\" content=\"https:\/\/divulguems.com.br\/?p=20540\" \/>\n<meta property=\"og:site_name\" content=\"Divulgue MS\" \/>\n<meta property=\"article:publisher\" content=\"https:\/\/www.facebook.com\/portalinfocobrasil\" \/>\n<meta property=\"article:published_time\" content=\"2026-05-03T03:47:13+00:00\" \/>\n<meta property=\"og:image\" content=\"https:\/\/cdn.jsdelivr.net\/gh\/sergiosdlima\/assets-ebc@1.0.0\/abr\/assets\/images\/logo-agenciabrasil.svg\" \/>\n<meta name=\"author\" content=\"Alana Gandra - Reporter da Agencia Brasil\" \/>\n<meta name=\"twitter:card\" content=\"summary_large_image\" \/>\n<meta name=\"twitter:label1\" content=\"Escrito por\" \/>\n\t<meta name=\"twitter:data1\" content=\"Alana Gandra - Reporter da Agencia Brasil\" \/>\n\t<meta name=\"twitter:label2\" content=\"Est. tempo de leitura\" \/>\n\t<meta name=\"twitter:data2\" content=\"5 minutos\" \/>\n<script type=\"application\/ld+json\" class=\"yoast-schema-graph\">{\"@context\":\"https:\\\/\\\/schema.org\",\"@graph\":[{\"@type\":\"Article\",\"@id\":\"https:\\\/\\\/divulguems.com.br\\\/?p=20540#article\",\"isPartOf\":{\"@id\":\"https:\\\/\\\/divulguems.com.br\\\/?p=20540\"},\"author\":{\"name\":\"Alana Gandra - Reporter da Agencia Brasil\",\"@id\":\"https:\\\/\\\/divulguems.com.br\\\/#\\\/schema\\\/person\\\/764a3b32925a05a6c1424315aae4c438\"},\"headline\":\"Inscri\u00e7\u00f5es de estudantes na Obmep Mirim ficam abertas at\u00e9 8 de junho\",\"datePublished\":\"2026-05-03T03:47:13+00:00\",\"mainEntityOfPage\":{\"@id\":\"https:\\\/\\\/divulguems.com.br\\\/?p=20540\"},\"wordCount\":950,\"commentCount\":0,\"publisher\":{\"@id\":\"https:\\\/\\\/divulguems.com.br\\\/#organization\"},\"image\":{\"@id\":\"https:\\\/\\\/divulguems.com.br\\\/?p=20540#primaryimage\"},\"thumbnailUrl\":\"https:\\\/\\\/divulguems.com.br\\\/wp-content\\\/uploads\\\/2026\\\/05\\\/20540-inscricoes-de-estudantes-na-obmep-mirim-ficam-abertas-ate-8-de-junho.jpeg\",\"articleSection\":[\"Seguran\u00e7a e Justi\u00e7a\"],\"inLanguage\":\"pt-BR\",\"potentialAction\":[{\"@type\":\"CommentAction\",\"name\":\"Comment\",\"target\":[\"https:\\\/\\\/divulguems.com.br\\\/?p=20540#respond\"]}]},{\"@type\":\"WebPage\",\"@id\":\"https:\\\/\\\/divulguems.com.br\\\/?p=20540\",\"url\":\"https:\\\/\\\/divulguems.com.br\\\/?p=20540\",\"name\":\"Inscri\u00e7\u00f5es de estudantes na Obmep Mirim ficam abertas at\u00e9 8 de junho - Divulgue MS\",\"isPartOf\":{\"@id\":\"https:\\\/\\\/divulguems.com.br\\\/#website\"},\"primaryImageOfPage\":{\"@id\":\"https:\\\/\\\/divulguems.com.br\\\/?p=20540#primaryimage\"},\"image\":{\"@id\":\"https:\\\/\\\/divulguems.com.br\\\/?p=20540#primaryimage\"},\"thumbnailUrl\":\"https:\\\/\\\/divulguems.com.br\\\/wp-content\\\/uploads\\\/2026\\\/05\\\/20540-inscricoes-de-estudantes-na-obmep-mirim-ficam-abertas-ate-8-de-junho.jpeg\",\"datePublished\":\"2026-05-03T03:47:13+00:00\",\"breadcrumb\":{\"@id\":\"https:\\\/\\\/divulguems.com.br\\\/?p=20540#breadcrumb\"},\"inLanguage\":\"pt-BR\",\"potentialAction\":[{\"@type\":\"ReadAction\",\"target\":[\"https:\\\/\\\/divulguems.com.br\\\/?p=20540\"]}]},{\"@type\":\"ImageObject\",\"inLanguage\":\"pt-BR\",\"@id\":\"https:\\\/\\\/divulguems.com.br\\\/?p=20540#primaryimage\",\"url\":\"https:\\\/\\\/divulguems.com.br\\\/wp-content\\\/uploads\\\/2026\\\/05\\\/20540-inscricoes-de-estudantes-na-obmep-mirim-ficam-abertas-ate-8-de-junho.jpeg\",\"contentUrl\":\"https:\\\/\\\/divulguems.com.br\\\/wp-content\\\/uploads\\\/2026\\\/05\\\/20540-inscricoes-de-estudantes-na-obmep-mirim-ficam-abertas-ate-8-de-junho.jpeg\",\"width\":1600,\"height\":800,\"caption\":\"Inscri\u00e7\u00f5es de estudantes na Obmep Mirim ficam abertas at\u00e9 8 de junho\"},{\"@type\":\"BreadcrumbList\",\"@id\":\"https:\\\/\\\/divulguems.com.br\\\/?p=20540#breadcrumb\",\"itemListElement\":[{\"@type\":\"ListItem\",\"position\":1,\"name\":\"In\u00edcio\",\"item\":\"https:\\\/\\\/divulguems.com.br\\\/\"},{\"@type\":\"ListItem\",\"position\":2,\"name\":\"Inscri\u00e7\u00f5es de estudantes na Obmep Mirim ficam abertas at\u00e9 8 de junho\"}]},{\"@type\":\"WebSite\",\"@id\":\"https:\\\/\\\/divulguems.com.br\\\/#website\",\"url\":\"https:\\\/\\\/divulguems.com.br\\\/\",\"name\":\"Portal Infoco Brasil\",\"description\":\"L\u00edder de audi\u00eancia.\",\"publisher\":{\"@id\":\"https:\\\/\\\/divulguems.com.br\\\/#organization\"},\"potentialAction\":[{\"@type\":\"SearchAction\",\"target\":{\"@type\":\"EntryPoint\",\"urlTemplate\":\"https:\\\/\\\/divulguems.com.br\\\/?s={search_term_string}\"},\"query-input\":{\"@type\":\"PropertyValueSpecification\",\"valueRequired\":true,\"valueName\":\"search_term_string\"}}],\"inLanguage\":\"pt-BR\"},{\"@type\":\"Organization\",\"@id\":\"https:\\\/\\\/divulguems.com.br\\\/#organization\",\"name\":\"Portal Infoco Brasil\",\"url\":\"https:\\\/\\\/divulguems.com.br\\\/\",\"logo\":{\"@type\":\"ImageObject\",\"inLanguage\":\"pt-BR\",\"@id\":\"https:\\\/\\\/divulguems.com.br\\\/#\\\/schema\\\/logo\\\/image\\\/\",\"url\":\"https:\\\/\\\/divulguems.com.br\\\/wp-content\\\/uploads\\\/2025\\\/04\\\/LOGO-PNG-AZUL.png\",\"contentUrl\":\"https:\\\/\\\/divulguems.com.br\\\/wp-content\\\/uploads\\\/2025\\\/04\\\/LOGO-PNG-AZUL.png\",\"width\":1166,\"height\":475,\"caption\":\"Portal Infoco Brasil\"},\"image\":{\"@id\":\"https:\\\/\\\/divulguems.com.br\\\/#\\\/schema\\\/logo\\\/image\\\/\"},\"sameAs\":[\"https:\\\/\\\/www.facebook.com\\\/portalinfocobrasil\",\"https:\\\/\\\/www.instagram.com\\\/portalinfocobrasil\"]},{\"@type\":\"Person\",\"@id\":\"https:\\\/\\\/divulguems.com.br\\\/#\\\/schema\\\/person\\\/764a3b32925a05a6c1424315aae4c438\",\"name\":\"Alana Gandra - Reporter da Agencia Brasil\",\"image\":{\"@type\":\"ImageObject\",\"inLanguage\":\"pt-BR\",\"@id\":\"https:\\\/\\\/secure.gravatar.com\\\/avatar\\\/dda9d328ebcbee957951747ed0c3a3614f9c24c30d8ed2f6d7d50e970f81542a?s=96&d=mm&r=g\",\"url\":\"https:\\\/\\\/secure.gravatar.com\\\/avatar\\\/dda9d328ebcbee957951747ed0c3a3614f9c24c30d8ed2f6d7d50e970f81542a?s=96&d=mm&r=g\",\"contentUrl\":\"https:\\\/\\\/secure.gravatar.com\\\/avatar\\\/dda9d328ebcbee957951747ed0c3a3614f9c24c30d8ed2f6d7d50e970f81542a?s=96&d=mm&r=g\",\"caption\":\"Alana Gandra - Reporter da Agencia Brasil\"},\"url\":\"https:\\\/\\\/divulguems.com.br\\\/?author=554\"}]}<\/script>\n<!-- \/ Yoast SEO Premium plugin. -->","yoast_head_json":{"title":"Inscri\u00e7\u00f5es de estudantes na Obmep Mirim ficam abertas at\u00e9 8 de junho - Divulgue MS","robots":{"index":"index","follow":"follow","max-snippet":"max-snippet:-1","max-image-preview":"max-image-preview:large","max-video-preview":"max-video-preview:-1"},"canonical":"https:\/\/divulguems.com.br\/?p=20540","og_locale":"pt_BR","og_type":"article","og_title":"Inscri\u00e7\u00f5es de estudantes na Obmep Mirim ficam abertas at\u00e9 8 de junho","og_description":"As escolas p\u00fablicas e privadas de todo o Brasil t\u00eam at\u00e9 o dia 8 de junho para inscrever alunos do\u00a02\u00ba ao 5\u00ba ano\u00a0do ensino fundamental na Olimp\u00edada de Matem\u00e1tica Mirim (Obmep Mirim), promovida pelo Instituto de Matem\u00e1tica Pura e Aplicada (Impa). No caso de institui\u00e7\u00f5es de ensino p\u00fablicas, as inscri\u00e7\u00f5es s\u00e3o gratuitas. As escolas ter\u00e3o [&hellip;]","og_url":"https:\/\/divulguems.com.br\/?p=20540","og_site_name":"Divulgue MS","article_publisher":"https:\/\/www.facebook.com\/portalinfocobrasil","article_published_time":"2026-05-03T03:47:13+00:00","og_image":[{"url":"https:\/\/cdn.jsdelivr.net\/gh\/sergiosdlima\/assets-ebc@1.0.0\/abr\/assets\/images\/logo-agenciabrasil.svg","type":"","width":"","height":""}],"author":"Alana Gandra - Reporter da Agencia Brasil","twitter_card":"summary_large_image","twitter_misc":{"Escrito por":"Alana Gandra - Reporter da Agencia Brasil","Est. tempo de leitura":"5 minutos"},"schema":{"@context":"https:\/\/schema.org","@graph":[{"@type":"Article","@id":"https:\/\/divulguems.com.br\/?p=20540#article","isPartOf":{"@id":"https:\/\/divulguems.com.br\/?p=20540"},"author":{"name":"Alana Gandra - Reporter da Agencia Brasil","@id":"https:\/\/divulguems.com.br\/#\/schema\/person\/764a3b32925a05a6c1424315aae4c438"},"headline":"Inscri\u00e7\u00f5es de estudantes na Obmep Mirim ficam abertas at\u00e9 8 de junho","datePublished":"2026-05-03T03:47:13+00:00","mainEntityOfPage":{"@id":"https:\/\/divulguems.com.br\/?p=20540"},"wordCount":950,"commentCount":0,"publisher":{"@id":"https:\/\/divulguems.com.br\/#organization"},"image":{"@id":"https:\/\/divulguems.com.br\/?p=20540#primaryimage"},"thumbnailUrl":"https:\/\/divulguems.com.br\/wp-content\/uploads\/2026\/05\/20540-inscricoes-de-estudantes-na-obmep-mirim-ficam-abertas-ate-8-de-junho.jpeg","articleSection":["Seguran\u00e7a e Justi\u00e7a"],"inLanguage":"pt-BR","potentialAction":[{"@type":"CommentAction","name":"Comment","target":["https:\/\/divulguems.com.br\/?p=20540#respond"]}]},{"@type":"WebPage","@id":"https:\/\/divulguems.com.br\/?p=20540","url":"https:\/\/divulguems.com.br\/?p=20540","name":"Inscri\u00e7\u00f5es de estudantes na Obmep Mirim ficam abertas at\u00e9 8 de junho - Divulgue MS","isPartOf":{"@id":"https:\/\/divulguems.com.br\/#website"},"primaryImageOfPage":{"@id":"https:\/\/divulguems.com.br\/?p=20540#primaryimage"},"image":{"@id":"https:\/\/divulguems.com.br\/?p=20540#primaryimage"},"thumbnailUrl":"https:\/\/divulguems.com.br\/wp-content\/uploads\/2026\/05\/20540-inscricoes-de-estudantes-na-obmep-mirim-ficam-abertas-ate-8-de-junho.jpeg","datePublished":"2026-05-03T03:47:13+00:00","breadcrumb":{"@id":"https:\/\/divulguems.com.br\/?p=20540#breadcrumb"},"inLanguage":"pt-BR","potentialAction":[{"@type":"ReadAction","target":["https:\/\/divulguems.com.br\/?p=20540"]}]},{"@type":"ImageObject","inLanguage":"pt-BR","@id":"https:\/\/divulguems.com.br\/?p=20540#primaryimage","url":"https:\/\/divulguems.com.br\/wp-content\/uploads\/2026\/05\/20540-inscricoes-de-estudantes-na-obmep-mirim-ficam-abertas-ate-8-de-junho.jpeg","contentUrl":"https:\/\/divulguems.com.br\/wp-content\/uploads\/2026\/05\/20540-inscricoes-de-estudantes-na-obmep-mirim-ficam-abertas-ate-8-de-junho.jpeg","width":1600,"height":800,"caption":"Inscri\u00e7\u00f5es de estudantes na Obmep Mirim ficam abertas at\u00e9 8 de junho"},{"@type":"BreadcrumbList","@id":"https:\/\/divulguems.com.br\/?p=20540#breadcrumb","itemListElement":[{"@type":"ListItem","position":1,"name":"In\u00edcio","item":"https:\/\/divulguems.com.br\/"},{"@type":"ListItem","position":2,"name":"Inscri\u00e7\u00f5es de estudantes na Obmep Mirim ficam abertas at\u00e9 8 de junho"}]},{"@type":"WebSite","@id":"https:\/\/divulguems.com.br\/#website","url":"https:\/\/divulguems.com.br\/","name":"Portal Infoco Brasil","description":"L\u00edder de audi\u00eancia.","publisher":{"@id":"https:\/\/divulguems.com.br\/#organization"},"potentialAction":[{"@type":"SearchAction","target":{"@type":"EntryPoint","urlTemplate":"https:\/\/divulguems.com.br\/?s={search_term_string}"},"query-input":{"@type":"PropertyValueSpecification","valueRequired":true,"valueName":"search_term_string"}}],"inLanguage":"pt-BR"},{"@type":"Organization","@id":"https:\/\/divulguems.com.br\/#organization","name":"Portal Infoco Brasil","url":"https:\/\/divulguems.com.br\/","logo":{"@type":"ImageObject","inLanguage":"pt-BR","@id":"https:\/\/divulguems.com.br\/#\/schema\/logo\/image\/","url":"https:\/\/divulguems.com.br\/wp-content\/uploads\/2025\/04\/LOGO-PNG-AZUL.png","contentUrl":"https:\/\/divulguems.com.br\/wp-content\/uploads\/2025\/04\/LOGO-PNG-AZUL.png","width":1166,"height":475,"caption":"Portal Infoco Brasil"},"image":{"@id":"https:\/\/divulguems.com.br\/#\/schema\/logo\/image\/"},"sameAs":["https:\/\/www.facebook.com\/portalinfocobrasil","https:\/\/www.instagram.com\/portalinfocobrasil"]},{"@type":"Person","@id":"https:\/\/divulguems.com.br\/#\/schema\/person\/764a3b32925a05a6c1424315aae4c438","name":"Alana Gandra - Reporter da Agencia Brasil","image":{"@type":"ImageObject","inLanguage":"pt-BR","@id":"https:\/\/secure.gravatar.com\/avatar\/dda9d328ebcbee957951747ed0c3a3614f9c24c30d8ed2f6d7d50e970f81542a?s=96&d=mm&r=g","url":"https:\/\/secure.gravatar.com\/avatar\/dda9d328ebcbee957951747ed0c3a3614f9c24c30d8ed2f6d7d50e970f81542a?s=96&d=mm&r=g","contentUrl":"https:\/\/secure.gravatar.com\/avatar\/dda9d328ebcbee957951747ed0c3a3614f9c24c30d8ed2f6d7d50e970f81542a?s=96&d=mm&r=g","caption":"Alana Gandra - Reporter da Agencia Brasil"},"url":"https:\/\/divulguems.com.br\/?author=554"}]}},"_links":{"self":[{"href":"https:\/\/divulguems.com.br\/index.php?rest_route=\/wp\/v2\/posts\/20540","targetHints":{"allow":["GET"]}}],"collection":[{"href":"https:\/\/divulguems.com.br\/index.php?rest_route=\/wp\/v2\/posts"}],"about":[{"href":"https:\/\/divulguems.com.br\/index.php?rest_route=\/wp\/v2\/types\/post"}],"author":[{"embeddable":true,"href":"https:\/\/divulguems.com.br\/index.php?rest_route=\/wp\/v2\/users\/554"}],"replies":[{"embeddable":true,"href":"https:\/\/divulguems.com.br\/index.php?rest_route=%2Fwp%2Fv2%2Fcomments&post=20540"}],"version-history":[{"count":0,"href":"https:\/\/divulguems.com.br\/index.php?rest_route=\/wp\/v2\/posts\/20540\/revisions"}],"wp:featuredmedia":[{"embeddable":true,"href":"https:\/\/divulguems.com.br\/index.php?rest_route=\/wp\/v2\/media\/20541"}],"wp:attachment":[{"href":"https:\/\/divulguems.com.br\/index.php?rest_route=%2Fwp%2Fv2%2Fmedia&parent=20540"}],"wp:term":[{"taxonomy":"category","embeddable":true,"href":"https:\/\/divulguems.com.br\/index.php?rest_route=%2Fwp%2Fv2%2Fcategories&post=20540"},{"taxonomy":"post_tag","embeddable":true,"href":"https:\/\/divulguems.com.br\/index.php?rest_route=%2Fwp%2Fv2%2Ftags&post=20540"}],"curies":[{"name":"wp","href":"https:\/\/api.w.org\/{rel}","templated":true}]}}