{"id":20544,"date":"2026-05-02T23:47:16","date_gmt":"2026-05-03T03:47:16","guid":{"rendered":"https:\/\/divulguems.com.br\/?p=20544"},"modified":"2026-05-02T23:47:16","modified_gmt":"2026-05-03T03:47:16","slug":"flavio-dino-mantem-afastamento-de-vice-prefeito-de-macapa","status":"publish","type":"post","link":"https:\/\/divulguems.com.br\/?p=20544","title":{"rendered":"Fl\u00e1vio Dino mant\u00e9m afastamento de vice-prefeito de Macap\u00e1"},"content":{"rendered":"<\/p>\n<p><a class=\"\" href=\"https:\/\/agenciabrasil.ebc.com.br\/justica\/noticia\/2026-05\/flavio-dino-mantem-afastamento-de-vice-prefeito-de-macapa\"><br \/>\n                    <img decoding=\"async\" src=\"https:\/\/cdn.jsdelivr.net\/gh\/sergiosdlima\/assets-ebc@1.0.0\/abr\/assets\/images\/logo-agenciabrasil.svg\" alt=\"Logo Ag\u00eancia Brasil\"><br \/>\n\t\t\t\t<\/a><\/p>\n<p><strong>O ministro do Supremo Tribunal Federal (STF) Fl\u00e1vio Dino manteve, por tempo indeterminado, o afastamento do vice-prefeito de Macap\u00e1, M\u00e1rio Neto (Podemos), investigado por suspeitas de fraude em licita\u00e7\u00f5es e desvio de recursos da sa\u00fade. A decis\u00e3o foi tomada neste s\u00e1bado (2) em car\u00e1ter monocr\u00e1tico, sem depender de outros ministros.<\/strong><img decoding=\"async\" src=\"https:\/\/agenciabrasil.ebc.com.br\/ebc.png?id=1688199&#038;o=rss\"><img decoding=\"async\" src=\"https:\/\/agenciabrasil.ebc.com.br\/ebc.gif?id=1688199&#038;o=rss\"><\/p>\n<p>No despacho, o <strong>ministro apontou que o retorno do vice-prefeito ao cargo poderia comprometer o andamento das investiga\u00e7\u00f5es. <\/strong>Segundo ele, h\u00e1 risco de interfer\u00eancia direta nos trabalhos, al\u00e9m da possibilidade de uso da fun\u00e7\u00e3o p\u00fablica para obten\u00e7\u00e3o de vantagens indevidas.<\/p>\n<\/p>\n<h3>Not\u00edcias relacionadas:<\/h3>\n<ul>\n<li><a href=\"https:\/\/agenciabrasil.ebc.com.br\/politica\/noticia\/2026-03\/apos-ser-afastado-pelo-stf-prefeito-de-macapa-renuncia-ao-cargo\">Ap\u00f3s ser afastado pelo STF, prefeito de Macap\u00e1 renuncia ao cargo.<\/a><\/li>\n<li><a href=\"https:\/\/agenciabrasil.ebc.com.br\/justica\/noticia\/2026-03\/dino-afasta-prefeito-e-vice-de-macapa-por-suspeita-de-desvio-de-verba\">Dino afasta prefeito e vice de Macap\u00e1 por suspeita de desvio de verba .<\/a><\/li>\n<li><a href=\"https:\/\/agenciabrasil.ebc.com.br\/politica\/noticia\/2025-02\/nos-vamos-derrotar-mentiras-diz-lula-em-macapa\">&#8220;N\u00f3s vamos derrotar as mentiras&#8221;, diz Lula em Macap\u00e1.<\/a><\/li>\n<\/ul>\n<p>Dino atendeu a pedido da Procuradoria-Geral da Rep\u00fablica e da Pol\u00edcia Federal. Na decis\u00e3o, o ministro ressaltou que a prorroga\u00e7\u00e3o do afastamento n\u00e3o tem prazo definido e permanecer\u00e1 v\u00e1lida at\u00e9 que cessem os fatores que justificaram a medida cautelar.<\/p>\n<h2>Outros afastados<\/h2>\n<p>A decis\u00e3o tamb\u00e9m mant\u00e9m afastados a secret\u00e1ria municipal de Sa\u00fade, \u00c9rica Aymor\u00e9, e o presidente da comiss\u00e3o de licita\u00e7\u00e3o, Walmiglisson Ribeiro. Os investigados seguem proibidos de acessar pr\u00e9dios p\u00fablicos e sistemas da administra\u00e7\u00e3o municipal.<\/p>\n<p>O descumprimento das medidas pode levar \u00e0 ado\u00e7\u00e3o de novas restri\u00e7\u00f5es, incluindo eventual pris\u00e3o preventiva, segundo o ministro.<\/p>\n<h2>Opera\u00e7\u00e3o Paroxismo<\/h2>\n<p><strong>M\u00e1rio Neto est\u00e1 afastado desde mar\u00e7o, ap\u00f3s a segunda fase da Opera\u00e7\u00e3o Paroxismo, conduzida pela Pol\u00edcia Federal. A investiga\u00e7\u00e3o apura um suposto esquema de direcionamento de licita\u00e7\u00f5es, desvio de recursos p\u00fablicos e lavagem de dinheiro na \u00e1rea da sa\u00fade.<\/strong><\/p>\n<p>Entre os elementos considerados na decis\u00e3o est\u00e3o pagamentos considerados at\u00edpicos, realizados ap\u00f3s o afastamento da c\u00fapula da prefeitura, que somam cerca de R$ 3,3 milh\u00f5es a empresas. Tamb\u00e9m foram citados relatos de retirada de equipamentos, dificuldades de acesso a documentos e altera\u00e7\u00f5es administrativas que teriam prejudicado a gest\u00e3o interina.<\/p>\n<p>A Opera\u00e7\u00e3o Paroxismo tem como um dos principais focos a constru\u00e7\u00e3o do Hospital Geral Municipal de Macap\u00e1, or\u00e7ada em cerca de R$ 70 milh\u00f5es. A Pol\u00edcia Federal investiga se contratos ligados \u00e0 obra foram manipulados para favorecer empresas e gerar enriquecimento il\u00edcito de agentes p\u00fablicos e empres\u00e1rios.<\/p>\n<p>Tamb\u00e9m h\u00e1 apura\u00e7\u00e3o sobre o poss\u00edvel desvio de recursos provenientes de emendas parlamentares destinadas ao munic\u00edpio entre 2020 e 2024.<\/p>\n<h2>Contexto pol\u00edtico<\/h2>\n<p>M\u00e1rio Neto est\u00e1 afastado do cargo desde o in\u00edcio de mar\u00e7o, ap\u00f3s a segunda fase da Opera\u00e7\u00e3o Paroxismo. Na ocasi\u00e3o, Dino tamb\u00e9m retirou do cargo o ent\u00e3o <a href=\"https:\/\/agenciabrasil.ebc.com.br\/justica\/noticia\/2026-03\/dino-afasta-prefeito-e-vice-de-macapa-por-suspeita-de-desvio-de-verba\" target=\"_blank\">prefeito de Macap\u00e1, Ant\u00f4nio Furlan<\/a>.<\/p>\n<p>Ap\u00f3s o afastamento, <a href=\"https:\/\/agenciabrasil.ebc.com.br\/politica\/noticia\/2026-03\/apos-ser-afastado-pelo-stf-prefeito-de-macapa-renuncia-ao-cargo\" target=\"_blank\">Furlan renunciou \u00e0 prefeitura<\/a>\u00a0para concorrer a\u00a0governador do Amap\u00e1 nas elei\u00e7\u00f5es deste ano. A Constitui\u00e7\u00e3o determina a ren\u00fancia do cargo de prefeito como exig\u00eancia legal para disputar a\u00a0chefia do Executivo do Estado. Sem o prefeito e o vice, a administra\u00e7\u00e3o municipal segue sob comando interino do presidente da C\u00e2mara de Vereadores.<\/p>\n<p>\u00a0<\/p>\n","protected":false},"excerpt":{"rendered":"<p>O ministro do Supremo Tribunal Federal (STF) Fl\u00e1vio Dino manteve, por tempo indeterminado, o afastamento do vice-prefeito de Macap\u00e1, M\u00e1rio Neto (Podemos), investigado por suspeitas de fraude em licita\u00e7\u00f5es e desvio de recursos da sa\u00fade. A decis\u00e3o foi tomada neste s\u00e1bado (2) em car\u00e1ter monocr\u00e1tico, sem depender de outros ministros. No despacho, o ministro apontou [&hellip;]<\/p>\n","protected":false},"author":1,"featured_media":20545,"comment_status":"open","ping_status":"open","sticky":false,"template":"","format":"standard","meta":{"site-sidebar-layout":"default","site-content-layout":"","ast-site-content-layout":"default","site-content-style":"default","site-sidebar-style":"default","ast-global-header-display":"","ast-banner-title-visibility":"","ast-main-header-display":"","ast-hfb-above-header-display":"","ast-hfb-below-header-display":"","ast-hfb-mobile-header-display":"","site-post-title":"","ast-breadcrumbs-content":"","ast-featured-img":"","footer-sml-layout":"","ast-disable-related-posts":"","theme-transparent-header-meta":"","adv-header-id-meta":"","stick-header-meta":"","header-above-stick-meta":"","header-main-stick-meta":"","header-below-stick-meta":"","astra-migrate-meta-layouts":"default","ast-page-background-enabled":"default","ast-page-background-meta":{"desktop":{"background-color":"var(--ast-global-color-4)","background-image":"","background-repeat":"repeat","background-position":"center center","background-size":"auto","background-attachment":"scroll","background-type":"","background-media":"","overlay-type":"","overlay-color":"","overlay-opacity":"","overlay-gradient":""},"tablet":{"background-color":"","background-image":"","background-repeat":"repeat","background-position":"center center","background-size":"auto","background-attachment":"scroll","background-type":"","background-media":"","overlay-type":"","overlay-color":"","overlay-opacity":"","overlay-gradient":""},"mobile":{"background-color":"","background-image":"","background-repeat":"repeat","background-position":"center center","background-size":"auto","background-attachment":"scroll","background-type":"","background-media":"","overlay-type":"","overlay-color":"","overlay-opacity":"","overlay-gradient":""}},"ast-content-background-meta":{"desktop":{"background-color":"var(--ast-global-color-5)","background-image":"","background-repeat":"repeat","background-position":"center center","background-size":"auto","background-attachment":"scroll","background-type":"","background-media":"","overlay-type":"","overlay-color":"","overlay-opacity":"","overlay-gradient":""},"tablet":{"background-color":"var(--ast-global-color-5)","background-image":"","background-repeat":"repeat","background-position":"center center","background-size":"auto","background-attachment":"scroll","background-type":"","background-media":"","overlay-type":"","overlay-color":"","overlay-opacity":"","overlay-gradient":""},"mobile":{"background-color":"var(--ast-global-color-5)","background-image":"","background-repeat":"repeat","background-position":"center center","background-size":"auto","background-attachment":"scroll","background-type":"","background-media":"","overlay-type":"","overlay-color":"","overlay-opacity":"","overlay-gradient":""}},"footnotes":""},"categories":[1],"tags":[],"class_list":["post-20544","post","type-post","status-publish","format-standard","has-post-thumbnail","hentry","category-sem-categoria"],"yoast_head":"<!-- This site is optimized with the Yoast SEO Premium plugin v23.6 (Yoast SEO v27.4) - https:\/\/yoast.com\/product\/yoast-seo-premium-wordpress\/ -->\n<title>Fl\u00e1vio Dino mant\u00e9m afastamento de vice-prefeito de Macap\u00e1 - Divulgue MS<\/title>\n<meta name=\"robots\" content=\"index, follow, max-snippet:-1, max-image-preview:large, max-video-preview:-1\" \/>\n<link rel=\"canonical\" href=\"https:\/\/divulguems.com.br\/?p=20544\" \/>\n<meta property=\"og:locale\" content=\"pt_BR\" \/>\n<meta property=\"og:type\" content=\"article\" \/>\n<meta property=\"og:title\" content=\"Fl\u00e1vio Dino mant\u00e9m afastamento de vice-prefeito de Macap\u00e1\" \/>\n<meta property=\"og:description\" content=\"O ministro do Supremo Tribunal Federal (STF) Fl\u00e1vio Dino manteve, por tempo indeterminado, o afastamento do vice-prefeito de Macap\u00e1, M\u00e1rio Neto (Podemos), investigado por suspeitas de fraude em licita\u00e7\u00f5es e desvio de recursos da sa\u00fade. A decis\u00e3o foi tomada neste s\u00e1bado (2) em car\u00e1ter monocr\u00e1tico, sem depender de outros ministros. No despacho, o ministro apontou [&hellip;]\" \/>\n<meta property=\"og:url\" content=\"https:\/\/divulguems.com.br\/?p=20544\" \/>\n<meta property=\"og:site_name\" content=\"Divulgue MS\" \/>\n<meta property=\"article:publisher\" content=\"https:\/\/www.facebook.com\/portalinfocobrasil\" \/>\n<meta property=\"article:published_time\" content=\"2026-05-03T03:47:16+00:00\" \/>\n<meta property=\"og:image\" content=\"https:\/\/cdn.jsdelivr.net\/gh\/sergiosdlima\/assets-ebc@1.0.0\/abr\/assets\/images\/logo-agenciabrasil.svg\" \/>\n<meta name=\"author\" content=\"gestormovie\" \/>\n<meta name=\"twitter:card\" content=\"summary_large_image\" \/>\n<meta name=\"twitter:label1\" content=\"Escrito por\" \/>\n\t<meta name=\"twitter:data1\" content=\"gestormovie\" \/>\n\t<meta name=\"twitter:label2\" content=\"Est. tempo de leitura\" \/>\n\t<meta name=\"twitter:data2\" content=\"3 minutos\" \/>\n<script type=\"application\/ld+json\" class=\"yoast-schema-graph\">{\"@context\":\"https:\\\/\\\/schema.org\",\"@graph\":[{\"@type\":\"Article\",\"@id\":\"https:\\\/\\\/divulguems.com.br\\\/?p=20544#article\",\"isPartOf\":{\"@id\":\"https:\\\/\\\/divulguems.com.br\\\/?p=20544\"},\"author\":{\"name\":\"gestormovie\",\"@id\":\"https:\\\/\\\/divulguems.com.br\\\/#\\\/schema\\\/person\\\/85cb29f0608083b8ae66501ac547eec3\"},\"headline\":\"Fl\u00e1vio Dino mant\u00e9m afastamento de vice-prefeito de Macap\u00e1\",\"datePublished\":\"2026-05-03T03:47:16+00:00\",\"mainEntityOfPage\":{\"@id\":\"https:\\\/\\\/divulguems.com.br\\\/?p=20544\"},\"wordCount\":551,\"commentCount\":0,\"publisher\":{\"@id\":\"https:\\\/\\\/divulguems.com.br\\\/#organization\"},\"image\":{\"@id\":\"https:\\\/\\\/divulguems.com.br\\\/?p=20544#primaryimage\"},\"thumbnailUrl\":\"https:\\\/\\\/divulguems.com.br\\\/wp-content\\\/uploads\\\/2026\\\/05\\\/20544-flavio-dino-mantem-afastamento-de-vice-prefeito-de-macapa.jpg\",\"articleSection\":[\"\u00daltimas Not\u00edcias\"],\"inLanguage\":\"pt-BR\",\"potentialAction\":[{\"@type\":\"CommentAction\",\"name\":\"Comment\",\"target\":[\"https:\\\/\\\/divulguems.com.br\\\/?p=20544#respond\"]}]},{\"@type\":\"WebPage\",\"@id\":\"https:\\\/\\\/divulguems.com.br\\\/?p=20544\",\"url\":\"https:\\\/\\\/divulguems.com.br\\\/?p=20544\",\"name\":\"Fl\u00e1vio Dino mant\u00e9m afastamento de vice-prefeito de Macap\u00e1 - Divulgue MS\",\"isPartOf\":{\"@id\":\"https:\\\/\\\/divulguems.com.br\\\/#website\"},\"primaryImageOfPage\":{\"@id\":\"https:\\\/\\\/divulguems.com.br\\\/?p=20544#primaryimage\"},\"image\":{\"@id\":\"https:\\\/\\\/divulguems.com.br\\\/?p=20544#primaryimage\"},\"thumbnailUrl\":\"https:\\\/\\\/divulguems.com.br\\\/wp-content\\\/uploads\\\/2026\\\/05\\\/20544-flavio-dino-mantem-afastamento-de-vice-prefeito-de-macapa.jpg\",\"datePublished\":\"2026-05-03T03:47:16+00:00\",\"breadcrumb\":{\"@id\":\"https:\\\/\\\/divulguems.com.br\\\/?p=20544#breadcrumb\"},\"inLanguage\":\"pt-BR\",\"potentialAction\":[{\"@type\":\"ReadAction\",\"target\":[\"https:\\\/\\\/divulguems.com.br\\\/?p=20544\"]}]},{\"@type\":\"ImageObject\",\"inLanguage\":\"pt-BR\",\"@id\":\"https:\\\/\\\/divulguems.com.br\\\/?p=20544#primaryimage\",\"url\":\"https:\\\/\\\/divulguems.com.br\\\/wp-content\\\/uploads\\\/2026\\\/05\\\/20544-flavio-dino-mantem-afastamento-de-vice-prefeito-de-macapa.jpg\",\"contentUrl\":\"https:\\\/\\\/divulguems.com.br\\\/wp-content\\\/uploads\\\/2026\\\/05\\\/20544-flavio-dino-mantem-afastamento-de-vice-prefeito-de-macapa.jpg\",\"width\":1600,\"height\":800,\"caption\":\"Fl\u00e1vio Dino mant\u00e9m afastamento de vice-prefeito de Macap\u00e1\"},{\"@type\":\"BreadcrumbList\",\"@id\":\"https:\\\/\\\/divulguems.com.br\\\/?p=20544#breadcrumb\",\"itemListElement\":[{\"@type\":\"ListItem\",\"position\":1,\"name\":\"In\u00edcio\",\"item\":\"https:\\\/\\\/divulguems.com.br\\\/\"},{\"@type\":\"ListItem\",\"position\":2,\"name\":\"Fl\u00e1vio Dino mant\u00e9m afastamento de vice-prefeito de Macap\u00e1\"}]},{\"@type\":\"WebSite\",\"@id\":\"https:\\\/\\\/divulguems.com.br\\\/#website\",\"url\":\"https:\\\/\\\/divulguems.com.br\\\/\",\"name\":\"Portal Infoco Brasil\",\"description\":\"L\u00edder de audi\u00eancia.\",\"publisher\":{\"@id\":\"https:\\\/\\\/divulguems.com.br\\\/#organization\"},\"potentialAction\":[{\"@type\":\"SearchAction\",\"target\":{\"@type\":\"EntryPoint\",\"urlTemplate\":\"https:\\\/\\\/divulguems.com.br\\\/?s={search_term_string}\"},\"query-input\":{\"@type\":\"PropertyValueSpecification\",\"valueRequired\":true,\"valueName\":\"search_term_string\"}}],\"inLanguage\":\"pt-BR\"},{\"@type\":\"Organization\",\"@id\":\"https:\\\/\\\/divulguems.com.br\\\/#organization\",\"name\":\"Portal Infoco Brasil\",\"url\":\"https:\\\/\\\/divulguems.com.br\\\/\",\"logo\":{\"@type\":\"ImageObject\",\"inLanguage\":\"pt-BR\",\"@id\":\"https:\\\/\\\/divulguems.com.br\\\/#\\\/schema\\\/logo\\\/image\\\/\",\"url\":\"https:\\\/\\\/divulguems.com.br\\\/wp-content\\\/uploads\\\/2025\\\/04\\\/LOGO-PNG-AZUL.png\",\"contentUrl\":\"https:\\\/\\\/divulguems.com.br\\\/wp-content\\\/uploads\\\/2025\\\/04\\\/LOGO-PNG-AZUL.png\",\"width\":1166,\"height\":475,\"caption\":\"Portal Infoco Brasil\"},\"image\":{\"@id\":\"https:\\\/\\\/divulguems.com.br\\\/#\\\/schema\\\/logo\\\/image\\\/\"},\"sameAs\":[\"https:\\\/\\\/www.facebook.com\\\/portalinfocobrasil\",\"https:\\\/\\\/www.instagram.com\\\/portalinfocobrasil\"]},{\"@type\":\"Person\",\"@id\":\"https:\\\/\\\/divulguems.com.br\\\/#\\\/schema\\\/person\\\/85cb29f0608083b8ae66501ac547eec3\",\"name\":\"gestormovie\",\"image\":{\"@type\":\"ImageObject\",\"inLanguage\":\"pt-BR\",\"@id\":\"https:\\\/\\\/secure.gravatar.com\\\/avatar\\\/1a363cacdce58d5745359cac63cadf7cee0b34c09ab5adc6e07dafbc1ad3ceef?s=96&d=mm&r=g\",\"url\":\"https:\\\/\\\/secure.gravatar.com\\\/avatar\\\/1a363cacdce58d5745359cac63cadf7cee0b34c09ab5adc6e07dafbc1ad3ceef?s=96&d=mm&r=g\",\"contentUrl\":\"https:\\\/\\\/secure.gravatar.com\\\/avatar\\\/1a363cacdce58d5745359cac63cadf7cee0b34c09ab5adc6e07dafbc1ad3ceef?s=96&d=mm&r=g\",\"caption\":\"gestormovie\"},\"sameAs\":[\"https:\\\/\\\/divulguems.com.br\"],\"url\":\"https:\\\/\\\/divulguems.com.br\\\/?author=1\"}]}<\/script>\n<!-- \/ Yoast SEO Premium plugin. -->","yoast_head_json":{"title":"Fl\u00e1vio Dino mant\u00e9m afastamento de vice-prefeito de Macap\u00e1 - Divulgue MS","robots":{"index":"index","follow":"follow","max-snippet":"max-snippet:-1","max-image-preview":"max-image-preview:large","max-video-preview":"max-video-preview:-1"},"canonical":"https:\/\/divulguems.com.br\/?p=20544","og_locale":"pt_BR","og_type":"article","og_title":"Fl\u00e1vio Dino mant\u00e9m afastamento de vice-prefeito de Macap\u00e1","og_description":"O ministro do Supremo Tribunal Federal (STF) Fl\u00e1vio Dino manteve, por tempo indeterminado, o afastamento do vice-prefeito de Macap\u00e1, M\u00e1rio Neto (Podemos), investigado por suspeitas de fraude em licita\u00e7\u00f5es e desvio de recursos da sa\u00fade. A decis\u00e3o foi tomada neste s\u00e1bado (2) em car\u00e1ter monocr\u00e1tico, sem depender de outros ministros. No despacho, o ministro apontou [&hellip;]","og_url":"https:\/\/divulguems.com.br\/?p=20544","og_site_name":"Divulgue MS","article_publisher":"https:\/\/www.facebook.com\/portalinfocobrasil","article_published_time":"2026-05-03T03:47:16+00:00","og_image":[{"url":"https:\/\/cdn.jsdelivr.net\/gh\/sergiosdlima\/assets-ebc@1.0.0\/abr\/assets\/images\/logo-agenciabrasil.svg","type":"","width":"","height":""}],"author":"gestormovie","twitter_card":"summary_large_image","twitter_misc":{"Escrito por":"gestormovie","Est. tempo de leitura":"3 minutos"},"schema":{"@context":"https:\/\/schema.org","@graph":[{"@type":"Article","@id":"https:\/\/divulguems.com.br\/?p=20544#article","isPartOf":{"@id":"https:\/\/divulguems.com.br\/?p=20544"},"author":{"name":"gestormovie","@id":"https:\/\/divulguems.com.br\/#\/schema\/person\/85cb29f0608083b8ae66501ac547eec3"},"headline":"Fl\u00e1vio Dino mant\u00e9m afastamento de vice-prefeito de Macap\u00e1","datePublished":"2026-05-03T03:47:16+00:00","mainEntityOfPage":{"@id":"https:\/\/divulguems.com.br\/?p=20544"},"wordCount":551,"commentCount":0,"publisher":{"@id":"https:\/\/divulguems.com.br\/#organization"},"image":{"@id":"https:\/\/divulguems.com.br\/?p=20544#primaryimage"},"thumbnailUrl":"https:\/\/divulguems.com.br\/wp-content\/uploads\/2026\/05\/20544-flavio-dino-mantem-afastamento-de-vice-prefeito-de-macapa.jpg","articleSection":["\u00daltimas Not\u00edcias"],"inLanguage":"pt-BR","potentialAction":[{"@type":"CommentAction","name":"Comment","target":["https:\/\/divulguems.com.br\/?p=20544#respond"]}]},{"@type":"WebPage","@id":"https:\/\/divulguems.com.br\/?p=20544","url":"https:\/\/divulguems.com.br\/?p=20544","name":"Fl\u00e1vio Dino mant\u00e9m afastamento de vice-prefeito de Macap\u00e1 - Divulgue MS","isPartOf":{"@id":"https:\/\/divulguems.com.br\/#website"},"primaryImageOfPage":{"@id":"https:\/\/divulguems.com.br\/?p=20544#primaryimage"},"image":{"@id":"https:\/\/divulguems.com.br\/?p=20544#primaryimage"},"thumbnailUrl":"https:\/\/divulguems.com.br\/wp-content\/uploads\/2026\/05\/20544-flavio-dino-mantem-afastamento-de-vice-prefeito-de-macapa.jpg","datePublished":"2026-05-03T03:47:16+00:00","breadcrumb":{"@id":"https:\/\/divulguems.com.br\/?p=20544#breadcrumb"},"inLanguage":"pt-BR","potentialAction":[{"@type":"ReadAction","target":["https:\/\/divulguems.com.br\/?p=20544"]}]},{"@type":"ImageObject","inLanguage":"pt-BR","@id":"https:\/\/divulguems.com.br\/?p=20544#primaryimage","url":"https:\/\/divulguems.com.br\/wp-content\/uploads\/2026\/05\/20544-flavio-dino-mantem-afastamento-de-vice-prefeito-de-macapa.jpg","contentUrl":"https:\/\/divulguems.com.br\/wp-content\/uploads\/2026\/05\/20544-flavio-dino-mantem-afastamento-de-vice-prefeito-de-macapa.jpg","width":1600,"height":800,"caption":"Fl\u00e1vio Dino mant\u00e9m afastamento de vice-prefeito de Macap\u00e1"},{"@type":"BreadcrumbList","@id":"https:\/\/divulguems.com.br\/?p=20544#breadcrumb","itemListElement":[{"@type":"ListItem","position":1,"name":"In\u00edcio","item":"https:\/\/divulguems.com.br\/"},{"@type":"ListItem","position":2,"name":"Fl\u00e1vio Dino mant\u00e9m afastamento de vice-prefeito de Macap\u00e1"}]},{"@type":"WebSite","@id":"https:\/\/divulguems.com.br\/#website","url":"https:\/\/divulguems.com.br\/","name":"Portal Infoco Brasil","description":"L\u00edder de audi\u00eancia.","publisher":{"@id":"https:\/\/divulguems.com.br\/#organization"},"potentialAction":[{"@type":"SearchAction","target":{"@type":"EntryPoint","urlTemplate":"https:\/\/divulguems.com.br\/?s={search_term_string}"},"query-input":{"@type":"PropertyValueSpecification","valueRequired":true,"valueName":"search_term_string"}}],"inLanguage":"pt-BR"},{"@type":"Organization","@id":"https:\/\/divulguems.com.br\/#organization","name":"Portal Infoco Brasil","url":"https:\/\/divulguems.com.br\/","logo":{"@type":"ImageObject","inLanguage":"pt-BR","@id":"https:\/\/divulguems.com.br\/#\/schema\/logo\/image\/","url":"https:\/\/divulguems.com.br\/wp-content\/uploads\/2025\/04\/LOGO-PNG-AZUL.png","contentUrl":"https:\/\/divulguems.com.br\/wp-content\/uploads\/2025\/04\/LOGO-PNG-AZUL.png","width":1166,"height":475,"caption":"Portal Infoco Brasil"},"image":{"@id":"https:\/\/divulguems.com.br\/#\/schema\/logo\/image\/"},"sameAs":["https:\/\/www.facebook.com\/portalinfocobrasil","https:\/\/www.instagram.com\/portalinfocobrasil"]},{"@type":"Person","@id":"https:\/\/divulguems.com.br\/#\/schema\/person\/85cb29f0608083b8ae66501ac547eec3","name":"gestormovie","image":{"@type":"ImageObject","inLanguage":"pt-BR","@id":"https:\/\/secure.gravatar.com\/avatar\/1a363cacdce58d5745359cac63cadf7cee0b34c09ab5adc6e07dafbc1ad3ceef?s=96&d=mm&r=g","url":"https:\/\/secure.gravatar.com\/avatar\/1a363cacdce58d5745359cac63cadf7cee0b34c09ab5adc6e07dafbc1ad3ceef?s=96&d=mm&r=g","contentUrl":"https:\/\/secure.gravatar.com\/avatar\/1a363cacdce58d5745359cac63cadf7cee0b34c09ab5adc6e07dafbc1ad3ceef?s=96&d=mm&r=g","caption":"gestormovie"},"sameAs":["https:\/\/divulguems.com.br"],"url":"https:\/\/divulguems.com.br\/?author=1"}]}},"_links":{"self":[{"href":"https:\/\/divulguems.com.br\/index.php?rest_route=\/wp\/v2\/posts\/20544","targetHints":{"allow":["GET"]}}],"collection":[{"href":"https:\/\/divulguems.com.br\/index.php?rest_route=\/wp\/v2\/posts"}],"about":[{"href":"https:\/\/divulguems.com.br\/index.php?rest_route=\/wp\/v2\/types\/post"}],"author":[{"embeddable":true,"href":"https:\/\/divulguems.com.br\/index.php?rest_route=\/wp\/v2\/users\/1"}],"replies":[{"embeddable":true,"href":"https:\/\/divulguems.com.br\/index.php?rest_route=%2Fwp%2Fv2%2Fcomments&post=20544"}],"version-history":[{"count":0,"href":"https:\/\/divulguems.com.br\/index.php?rest_route=\/wp\/v2\/posts\/20544\/revisions"}],"wp:featuredmedia":[{"embeddable":true,"href":"https:\/\/divulguems.com.br\/index.php?rest_route=\/wp\/v2\/media\/20545"}],"wp:attachment":[{"href":"https:\/\/divulguems.com.br\/index.php?rest_route=%2Fwp%2Fv2%2Fmedia&parent=20544"}],"wp:term":[{"taxonomy":"category","embeddable":true,"href":"https:\/\/divulguems.com.br\/index.php?rest_route=%2Fwp%2Fv2%2Fcategories&post=20544"},{"taxonomy":"post_tag","embeddable":true,"href":"https:\/\/divulguems.com.br\/index.php?rest_route=%2Fwp%2Fv2%2Ftags&post=20544"}],"curies":[{"name":"wp","href":"https:\/\/api.w.org\/{rel}","templated":true}]}}