{"id":20546,"date":"2026-05-02T23:47:17","date_gmt":"2026-05-03T03:47:17","guid":{"rendered":"https:\/\/divulguems.com.br\/?p=20546"},"modified":"2026-05-02T23:47:17","modified_gmt":"2026-05-03T03:47:17","slug":"bolsonaro-apresenta-boa-evolucao-de-cirurgia-no-ombro","status":"publish","type":"post","link":"https:\/\/divulguems.com.br\/?p=20546","title":{"rendered":"Bolsonaro apresenta boa evolu\u00e7\u00e3o de cirurgia no ombro"},"content":{"rendered":"<\/p>\n<p><a class=\"\" href=\"https:\/\/agenciabrasil.ebc.com.br\/politica\/noticia\/2026-05\/bolsonaro-apresenta-boa-evolucao-de-cirurgia-no-ombro\"><br \/>\n                    <img decoding=\"async\" src=\"https:\/\/cdn.jsdelivr.net\/gh\/sergiosdlima\/assets-ebc@1.0.0\/abr\/assets\/images\/logo-agenciabrasil.svg\" alt=\"Logo Ag\u00eancia Brasil\"><br \/>\n\t\t\t\t<\/a><\/p>\n<p><strong>O ex-presidente Jair Bolsonaro segue internado em um quarto do Hospital DF Star, neste s\u00e1bado (2), depois de ter sido <a href=\"https:\/\/agenciabrasil.ebc.com.br\/politica\/noticia\/2026-05\/cirurgia-no-ombro-de-bolsonaro-ocorreu-sem-intercorrencias-diz-equipe\" target=\"_blank\">submetido a uma cirurgia no ombro<\/a>, em Bras\u00edlia no dia anterior, sem intercorr\u00eancias.<\/strong><img decoding=\"async\" src=\"https:\/\/agenciabrasil.ebc.com.br\/ebc.png?id=1688189&#038;o=rss\"><img decoding=\"async\" src=\"https:\/\/agenciabrasil.ebc.com.br\/ebc.gif?id=1688189&#038;o=rss\"><\/p>\n<p>De acordo com o novo boletim m\u00e9dico divulgado ao meio dia deste s\u00e1bado, o Bolsonaro \u201capresentou boa evolu\u00e7\u00e3o e bom controle \u00e1lgico [da dor]\u201d.<\/p>\n<\/p>\n<h3>Not\u00edcias relacionadas:<\/h3>\n<ul>\n<li><a href=\"https:\/\/agenciabrasil.ebc.com.br\/politica\/noticia\/2026-05\/cirurgia-no-ombro-de-bolsonaro-ocorreu-sem-intercorrencias-diz-equipe\">Cirurgia no ombro de Bolsonaro ocorreu sem intercorr\u00eancias, diz equipe.<\/a><\/li>\n<li><a href=\"https:\/\/agenciabrasil.ebc.com.br\/politica\/noticia\/2026-05\/bolsonaro-e-internado-para-cirurgia-no-ombro-em-brasilia\">Bolsonaro \u00e9 internado para cirurgia no ombro em Bras\u00edlia.<\/a><\/li>\n<\/ul>\n<p>Ainda de acordo com a equipe m\u00e9dica,<strong> o ex-presidente seguir\u00e1 internado com medidas de preven\u00e7\u00e3o de trombose e iniciar\u00e1 um protocolo de reabilita\u00e7\u00e3o motora e funcional<\/strong>.<\/p>\n<p>A publica\u00e7\u00e3o \u00e9 assinada pelo ortopedista e cirurgi\u00e3o de ombro, Alexandre Firmino Paniago; o cirurgi\u00e3o geral, Claudio Birolin; os cardiologistas Leandro Echenique e Brasil Caiado; e o diretor geral do hospital privado, Allisson B. Barcelos Borges.<\/p>\n<h2>Pris\u00e3o domiciliar<\/h2>\n<p>A <a href=\"https:\/\/portal.stf.jus.br\/processos\/detalhe.asp?incidente=7447709\" target=\"_blank\">autoriza\u00e7\u00e3o para o procedimento cir\u00fargico<\/a> foi concedida pelo ministro do Supremo Tribunal Federal (STF) Alexandre de Moraes \u2013 respons\u00e1vel pela execu\u00e7\u00e3o penal do ex-presidente.<\/p>\n<p><strong>O ex-presidente <a href=\"https:\/\/agenciabrasil.ebc.com.br\/justica\/noticia\/2025-09\/stf-condena-bolsonaro-27-anos-e-tres-meses-de-prisao\" target=\"_blank\">foi condenado<\/a> pela Primeira Turma do Supremo Tribunal Federal (STF), em setembro de 2025, a 27 anos e 3 meses de pris\u00e3o na a\u00e7\u00e3o penal da trama golpista.<\/strong><\/p>\n<p>Por decis\u00e3o do ministro Alexandre de Moraes, de 24 de mar\u00e7o, Bolsonaro est\u00e1 em pris\u00e3o domiciliar humanit\u00e1ria, ap\u00f3s deixar o mesmo hospital privado da capital federal, onde esteve internado para tratar um quadro de pneumonia bacteriana.<\/p>\n<p>Conforme a decis\u00e3o de Moraes, a domiciliar tem prazo inicial de 90 dias. Ap\u00f3s o prazo, a manuten\u00e7\u00e3o do benef\u00edcio dever\u00e1 ser reanalisada pelo ministro, que poder\u00e1 solicitar nova per\u00edcia m\u00e9dica.<\/p>\n<p>Antes da <a href=\"https:\/\/agenciabrasil.ebc.com.br\/politica\/noticia\/2026-03\/bolsonaro-recebe-alta-e-chega-em-casa-para-cumprir-prisao-domiciliar\" target=\"_blank\">decis\u00e3o que autorizou a pris\u00e3o domiciliar<\/a>, Bolsonaro cumpria pena no 19\u00b0 Batalh\u00e3o da Pol\u00edcia Militar, no Complexo Penitenci\u00e1rio da Papuda, no Distrito Federal. O local \u00e9 conhecido como Papudinha.<\/p>\n","protected":false},"excerpt":{"rendered":"<p>O ex-presidente Jair Bolsonaro segue internado em um quarto do Hospital DF Star, neste s\u00e1bado (2), depois de ter sido submetido a uma cirurgia no ombro, em Bras\u00edlia no dia anterior, sem intercorr\u00eancias. De acordo com o novo boletim m\u00e9dico divulgado ao meio dia deste s\u00e1bado, o Bolsonaro \u201capresentou boa evolu\u00e7\u00e3o e bom controle \u00e1lgico [&hellip;]<\/p>\n","protected":false},"author":110,"featured_media":20547,"comment_status":"open","ping_status":"open","sticky":false,"template":"","format":"standard","meta":{"site-sidebar-layout":"default","site-content-layout":"","ast-site-content-layout":"default","site-content-style":"default","site-sidebar-style":"default","ast-global-header-display":"","ast-banner-title-visibility":"","ast-main-header-display":"","ast-hfb-above-header-display":"","ast-hfb-below-header-display":"","ast-hfb-mobile-header-display":"","site-post-title":"","ast-breadcrumbs-content":"","ast-featured-img":"","footer-sml-layout":"","ast-disable-related-posts":"","theme-transparent-header-meta":"","adv-header-id-meta":"","stick-header-meta":"","header-above-stick-meta":"","header-main-stick-meta":"","header-below-stick-meta":"","astra-migrate-meta-layouts":"default","ast-page-background-enabled":"default","ast-page-background-meta":{"desktop":{"background-color":"var(--ast-global-color-4)","background-image":"","background-repeat":"repeat","background-position":"center center","background-size":"auto","background-attachment":"scroll","background-type":"","background-media":"","overlay-type":"","overlay-color":"","overlay-opacity":"","overlay-gradient":""},"tablet":{"background-color":"","background-image":"","background-repeat":"repeat","background-position":"center center","background-size":"auto","background-attachment":"scroll","background-type":"","background-media":"","overlay-type":"","overlay-color":"","overlay-opacity":"","overlay-gradient":""},"mobile":{"background-color":"","background-image":"","background-repeat":"repeat","background-position":"center center","background-size":"auto","background-attachment":"scroll","background-type":"","background-media":"","overlay-type":"","overlay-color":"","overlay-opacity":"","overlay-gradient":""}},"ast-content-background-meta":{"desktop":{"background-color":"var(--ast-global-color-5)","background-image":"","background-repeat":"repeat","background-position":"center center","background-size":"auto","background-attachment":"scroll","background-type":"","background-media":"","overlay-type":"","overlay-color":"","overlay-opacity":"","overlay-gradient":""},"tablet":{"background-color":"var(--ast-global-color-5)","background-image":"","background-repeat":"repeat","background-position":"center center","background-size":"auto","background-attachment":"scroll","background-type":"","background-media":"","overlay-type":"","overlay-color":"","overlay-opacity":"","overlay-gradient":""},"mobile":{"background-color":"var(--ast-global-color-5)","background-image":"","background-repeat":"repeat","background-position":"center center","background-size":"auto","background-attachment":"scroll","background-type":"","background-media":"","overlay-type":"","overlay-color":"","overlay-opacity":"","overlay-gradient":""}},"footnotes":""},"categories":[17],"tags":[],"class_list":["post-20546","post","type-post","status-publish","format-standard","has-post-thumbnail","hentry","category-tecnologia-e-informacao"],"yoast_head":"<!-- This site is optimized with the Yoast SEO Premium plugin v23.6 (Yoast SEO v27.4) - https:\/\/yoast.com\/product\/yoast-seo-premium-wordpress\/ -->\n<title>Bolsonaro apresenta boa evolu\u00e7\u00e3o de cirurgia no ombro - Divulgue MS<\/title>\n<meta name=\"robots\" content=\"index, follow, max-snippet:-1, max-image-preview:large, max-video-preview:-1\" \/>\n<link rel=\"canonical\" href=\"https:\/\/divulguems.com.br\/?p=20546\" \/>\n<meta property=\"og:locale\" content=\"pt_BR\" \/>\n<meta property=\"og:type\" content=\"article\" \/>\n<meta property=\"og:title\" content=\"Bolsonaro apresenta boa evolu\u00e7\u00e3o de cirurgia no ombro\" \/>\n<meta property=\"og:description\" content=\"O ex-presidente Jair Bolsonaro segue internado em um quarto do Hospital DF Star, neste s\u00e1bado (2), depois de ter sido submetido a uma cirurgia no ombro, em Bras\u00edlia no dia anterior, sem intercorr\u00eancias. De acordo com o novo boletim m\u00e9dico divulgado ao meio dia deste s\u00e1bado, o Bolsonaro \u201capresentou boa evolu\u00e7\u00e3o e bom controle \u00e1lgico [&hellip;]\" \/>\n<meta property=\"og:url\" content=\"https:\/\/divulguems.com.br\/?p=20546\" \/>\n<meta property=\"og:site_name\" content=\"Divulgue MS\" \/>\n<meta property=\"article:publisher\" content=\"https:\/\/www.facebook.com\/portalinfocobrasil\" \/>\n<meta property=\"article:published_time\" content=\"2026-05-03T03:47:17+00:00\" \/>\n<meta property=\"og:image\" content=\"https:\/\/cdn.jsdelivr.net\/gh\/sergiosdlima\/assets-ebc@1.0.0\/abr\/assets\/images\/logo-agenciabrasil.svg\" \/>\n<meta name=\"author\" content=\"Daniella Almeida - Reporter da Agencia Brasil\" \/>\n<meta name=\"twitter:card\" content=\"summary_large_image\" \/>\n<meta name=\"twitter:label1\" content=\"Escrito por\" \/>\n\t<meta name=\"twitter:data1\" content=\"Daniella Almeida - Reporter da Agencia Brasil\" \/>\n\t<meta name=\"twitter:label2\" content=\"Est. tempo de leitura\" \/>\n\t<meta name=\"twitter:data2\" content=\"2 minutos\" \/>\n<script type=\"application\/ld+json\" class=\"yoast-schema-graph\">{\"@context\":\"https:\\\/\\\/schema.org\",\"@graph\":[{\"@type\":\"Article\",\"@id\":\"https:\\\/\\\/divulguems.com.br\\\/?p=20546#article\",\"isPartOf\":{\"@id\":\"https:\\\/\\\/divulguems.com.br\\\/?p=20546\"},\"author\":{\"name\":\"Daniella Almeida - Reporter da Agencia Brasil\",\"@id\":\"https:\\\/\\\/divulguems.com.br\\\/#\\\/schema\\\/person\\\/583b3cc8cc6f7873c088fa19c8a5a4d2\"},\"headline\":\"Bolsonaro apresenta boa evolu\u00e7\u00e3o de cirurgia no ombro\",\"datePublished\":\"2026-05-03T03:47:17+00:00\",\"mainEntityOfPage\":{\"@id\":\"https:\\\/\\\/divulguems.com.br\\\/?p=20546\"},\"wordCount\":331,\"commentCount\":0,\"publisher\":{\"@id\":\"https:\\\/\\\/divulguems.com.br\\\/#organization\"},\"image\":{\"@id\":\"https:\\\/\\\/divulguems.com.br\\\/?p=20546#primaryimage\"},\"thumbnailUrl\":\"https:\\\/\\\/divulguems.com.br\\\/wp-content\\\/uploads\\\/2026\\\/05\\\/20546-bolsonaro-apresenta-boa-evolucao-de-cirurgia-no-ombro.jpg\",\"articleSection\":[\"Tecnologia e Inova\u00e7\u00e3o\"],\"inLanguage\":\"pt-BR\",\"potentialAction\":[{\"@type\":\"CommentAction\",\"name\":\"Comment\",\"target\":[\"https:\\\/\\\/divulguems.com.br\\\/?p=20546#respond\"]}]},{\"@type\":\"WebPage\",\"@id\":\"https:\\\/\\\/divulguems.com.br\\\/?p=20546\",\"url\":\"https:\\\/\\\/divulguems.com.br\\\/?p=20546\",\"name\":\"Bolsonaro apresenta boa evolu\u00e7\u00e3o de cirurgia no ombro - Divulgue MS\",\"isPartOf\":{\"@id\":\"https:\\\/\\\/divulguems.com.br\\\/#website\"},\"primaryImageOfPage\":{\"@id\":\"https:\\\/\\\/divulguems.com.br\\\/?p=20546#primaryimage\"},\"image\":{\"@id\":\"https:\\\/\\\/divulguems.com.br\\\/?p=20546#primaryimage\"},\"thumbnailUrl\":\"https:\\\/\\\/divulguems.com.br\\\/wp-content\\\/uploads\\\/2026\\\/05\\\/20546-bolsonaro-apresenta-boa-evolucao-de-cirurgia-no-ombro.jpg\",\"datePublished\":\"2026-05-03T03:47:17+00:00\",\"breadcrumb\":{\"@id\":\"https:\\\/\\\/divulguems.com.br\\\/?p=20546#breadcrumb\"},\"inLanguage\":\"pt-BR\",\"potentialAction\":[{\"@type\":\"ReadAction\",\"target\":[\"https:\\\/\\\/divulguems.com.br\\\/?p=20546\"]}]},{\"@type\":\"ImageObject\",\"inLanguage\":\"pt-BR\",\"@id\":\"https:\\\/\\\/divulguems.com.br\\\/?p=20546#primaryimage\",\"url\":\"https:\\\/\\\/divulguems.com.br\\\/wp-content\\\/uploads\\\/2026\\\/05\\\/20546-bolsonaro-apresenta-boa-evolucao-de-cirurgia-no-ombro.jpg\",\"contentUrl\":\"https:\\\/\\\/divulguems.com.br\\\/wp-content\\\/uploads\\\/2026\\\/05\\\/20546-bolsonaro-apresenta-boa-evolucao-de-cirurgia-no-ombro.jpg\",\"width\":1600,\"height\":800,\"caption\":\"Bolsonaro apresenta boa evolu\u00e7\u00e3o de cirurgia no ombro\"},{\"@type\":\"BreadcrumbList\",\"@id\":\"https:\\\/\\\/divulguems.com.br\\\/?p=20546#breadcrumb\",\"itemListElement\":[{\"@type\":\"ListItem\",\"position\":1,\"name\":\"In\u00edcio\",\"item\":\"https:\\\/\\\/divulguems.com.br\\\/\"},{\"@type\":\"ListItem\",\"position\":2,\"name\":\"Bolsonaro apresenta boa evolu\u00e7\u00e3o de cirurgia no ombro\"}]},{\"@type\":\"WebSite\",\"@id\":\"https:\\\/\\\/divulguems.com.br\\\/#website\",\"url\":\"https:\\\/\\\/divulguems.com.br\\\/\",\"name\":\"Portal Infoco Brasil\",\"description\":\"L\u00edder de audi\u00eancia.\",\"publisher\":{\"@id\":\"https:\\\/\\\/divulguems.com.br\\\/#organization\"},\"potentialAction\":[{\"@type\":\"SearchAction\",\"target\":{\"@type\":\"EntryPoint\",\"urlTemplate\":\"https:\\\/\\\/divulguems.com.br\\\/?s={search_term_string}\"},\"query-input\":{\"@type\":\"PropertyValueSpecification\",\"valueRequired\":true,\"valueName\":\"search_term_string\"}}],\"inLanguage\":\"pt-BR\"},{\"@type\":\"Organization\",\"@id\":\"https:\\\/\\\/divulguems.com.br\\\/#organization\",\"name\":\"Portal Infoco Brasil\",\"url\":\"https:\\\/\\\/divulguems.com.br\\\/\",\"logo\":{\"@type\":\"ImageObject\",\"inLanguage\":\"pt-BR\",\"@id\":\"https:\\\/\\\/divulguems.com.br\\\/#\\\/schema\\\/logo\\\/image\\\/\",\"url\":\"https:\\\/\\\/divulguems.com.br\\\/wp-content\\\/uploads\\\/2025\\\/04\\\/LOGO-PNG-AZUL.png\",\"contentUrl\":\"https:\\\/\\\/divulguems.com.br\\\/wp-content\\\/uploads\\\/2025\\\/04\\\/LOGO-PNG-AZUL.png\",\"width\":1166,\"height\":475,\"caption\":\"Portal Infoco Brasil\"},\"image\":{\"@id\":\"https:\\\/\\\/divulguems.com.br\\\/#\\\/schema\\\/logo\\\/image\\\/\"},\"sameAs\":[\"https:\\\/\\\/www.facebook.com\\\/portalinfocobrasil\",\"https:\\\/\\\/www.instagram.com\\\/portalinfocobrasil\"]},{\"@type\":\"Person\",\"@id\":\"https:\\\/\\\/divulguems.com.br\\\/#\\\/schema\\\/person\\\/583b3cc8cc6f7873c088fa19c8a5a4d2\",\"name\":\"Daniella Almeida - Reporter da Agencia Brasil\",\"image\":{\"@type\":\"ImageObject\",\"inLanguage\":\"pt-BR\",\"@id\":\"https:\\\/\\\/secure.gravatar.com\\\/avatar\\\/b7aaa09fb32d4c802fc7b5157ca819b6e1f28f8c9c7b444d3fee703d0a999116?s=96&d=mm&r=g\",\"url\":\"https:\\\/\\\/secure.gravatar.com\\\/avatar\\\/b7aaa09fb32d4c802fc7b5157ca819b6e1f28f8c9c7b444d3fee703d0a999116?s=96&d=mm&r=g\",\"contentUrl\":\"https:\\\/\\\/secure.gravatar.com\\\/avatar\\\/b7aaa09fb32d4c802fc7b5157ca819b6e1f28f8c9c7b444d3fee703d0a999116?s=96&d=mm&r=g\",\"caption\":\"Daniella Almeida - Reporter da Agencia Brasil\"},\"url\":\"https:\\\/\\\/divulguems.com.br\\\/?author=110\"}]}<\/script>\n<!-- \/ Yoast SEO Premium plugin. -->","yoast_head_json":{"title":"Bolsonaro apresenta boa evolu\u00e7\u00e3o de cirurgia no ombro - Divulgue MS","robots":{"index":"index","follow":"follow","max-snippet":"max-snippet:-1","max-image-preview":"max-image-preview:large","max-video-preview":"max-video-preview:-1"},"canonical":"https:\/\/divulguems.com.br\/?p=20546","og_locale":"pt_BR","og_type":"article","og_title":"Bolsonaro apresenta boa evolu\u00e7\u00e3o de cirurgia no ombro","og_description":"O ex-presidente Jair Bolsonaro segue internado em um quarto do Hospital DF Star, neste s\u00e1bado (2), depois de ter sido submetido a uma cirurgia no ombro, em Bras\u00edlia no dia anterior, sem intercorr\u00eancias. De acordo com o novo boletim m\u00e9dico divulgado ao meio dia deste s\u00e1bado, o Bolsonaro \u201capresentou boa evolu\u00e7\u00e3o e bom controle \u00e1lgico [&hellip;]","og_url":"https:\/\/divulguems.com.br\/?p=20546","og_site_name":"Divulgue MS","article_publisher":"https:\/\/www.facebook.com\/portalinfocobrasil","article_published_time":"2026-05-03T03:47:17+00:00","og_image":[{"url":"https:\/\/cdn.jsdelivr.net\/gh\/sergiosdlima\/assets-ebc@1.0.0\/abr\/assets\/images\/logo-agenciabrasil.svg","type":"","width":"","height":""}],"author":"Daniella Almeida - Reporter da Agencia Brasil","twitter_card":"summary_large_image","twitter_misc":{"Escrito por":"Daniella Almeida - Reporter da Agencia Brasil","Est. tempo de leitura":"2 minutos"},"schema":{"@context":"https:\/\/schema.org","@graph":[{"@type":"Article","@id":"https:\/\/divulguems.com.br\/?p=20546#article","isPartOf":{"@id":"https:\/\/divulguems.com.br\/?p=20546"},"author":{"name":"Daniella Almeida - Reporter da Agencia Brasil","@id":"https:\/\/divulguems.com.br\/#\/schema\/person\/583b3cc8cc6f7873c088fa19c8a5a4d2"},"headline":"Bolsonaro apresenta boa evolu\u00e7\u00e3o de cirurgia no ombro","datePublished":"2026-05-03T03:47:17+00:00","mainEntityOfPage":{"@id":"https:\/\/divulguems.com.br\/?p=20546"},"wordCount":331,"commentCount":0,"publisher":{"@id":"https:\/\/divulguems.com.br\/#organization"},"image":{"@id":"https:\/\/divulguems.com.br\/?p=20546#primaryimage"},"thumbnailUrl":"https:\/\/divulguems.com.br\/wp-content\/uploads\/2026\/05\/20546-bolsonaro-apresenta-boa-evolucao-de-cirurgia-no-ombro.jpg","articleSection":["Tecnologia e Inova\u00e7\u00e3o"],"inLanguage":"pt-BR","potentialAction":[{"@type":"CommentAction","name":"Comment","target":["https:\/\/divulguems.com.br\/?p=20546#respond"]}]},{"@type":"WebPage","@id":"https:\/\/divulguems.com.br\/?p=20546","url":"https:\/\/divulguems.com.br\/?p=20546","name":"Bolsonaro apresenta boa evolu\u00e7\u00e3o de cirurgia no ombro - Divulgue MS","isPartOf":{"@id":"https:\/\/divulguems.com.br\/#website"},"primaryImageOfPage":{"@id":"https:\/\/divulguems.com.br\/?p=20546#primaryimage"},"image":{"@id":"https:\/\/divulguems.com.br\/?p=20546#primaryimage"},"thumbnailUrl":"https:\/\/divulguems.com.br\/wp-content\/uploads\/2026\/05\/20546-bolsonaro-apresenta-boa-evolucao-de-cirurgia-no-ombro.jpg","datePublished":"2026-05-03T03:47:17+00:00","breadcrumb":{"@id":"https:\/\/divulguems.com.br\/?p=20546#breadcrumb"},"inLanguage":"pt-BR","potentialAction":[{"@type":"ReadAction","target":["https:\/\/divulguems.com.br\/?p=20546"]}]},{"@type":"ImageObject","inLanguage":"pt-BR","@id":"https:\/\/divulguems.com.br\/?p=20546#primaryimage","url":"https:\/\/divulguems.com.br\/wp-content\/uploads\/2026\/05\/20546-bolsonaro-apresenta-boa-evolucao-de-cirurgia-no-ombro.jpg","contentUrl":"https:\/\/divulguems.com.br\/wp-content\/uploads\/2026\/05\/20546-bolsonaro-apresenta-boa-evolucao-de-cirurgia-no-ombro.jpg","width":1600,"height":800,"caption":"Bolsonaro apresenta boa evolu\u00e7\u00e3o de cirurgia no ombro"},{"@type":"BreadcrumbList","@id":"https:\/\/divulguems.com.br\/?p=20546#breadcrumb","itemListElement":[{"@type":"ListItem","position":1,"name":"In\u00edcio","item":"https:\/\/divulguems.com.br\/"},{"@type":"ListItem","position":2,"name":"Bolsonaro apresenta boa evolu\u00e7\u00e3o de cirurgia no ombro"}]},{"@type":"WebSite","@id":"https:\/\/divulguems.com.br\/#website","url":"https:\/\/divulguems.com.br\/","name":"Portal Infoco Brasil","description":"L\u00edder de audi\u00eancia.","publisher":{"@id":"https:\/\/divulguems.com.br\/#organization"},"potentialAction":[{"@type":"SearchAction","target":{"@type":"EntryPoint","urlTemplate":"https:\/\/divulguems.com.br\/?s={search_term_string}"},"query-input":{"@type":"PropertyValueSpecification","valueRequired":true,"valueName":"search_term_string"}}],"inLanguage":"pt-BR"},{"@type":"Organization","@id":"https:\/\/divulguems.com.br\/#organization","name":"Portal Infoco Brasil","url":"https:\/\/divulguems.com.br\/","logo":{"@type":"ImageObject","inLanguage":"pt-BR","@id":"https:\/\/divulguems.com.br\/#\/schema\/logo\/image\/","url":"https:\/\/divulguems.com.br\/wp-content\/uploads\/2025\/04\/LOGO-PNG-AZUL.png","contentUrl":"https:\/\/divulguems.com.br\/wp-content\/uploads\/2025\/04\/LOGO-PNG-AZUL.png","width":1166,"height":475,"caption":"Portal Infoco Brasil"},"image":{"@id":"https:\/\/divulguems.com.br\/#\/schema\/logo\/image\/"},"sameAs":["https:\/\/www.facebook.com\/portalinfocobrasil","https:\/\/www.instagram.com\/portalinfocobrasil"]},{"@type":"Person","@id":"https:\/\/divulguems.com.br\/#\/schema\/person\/583b3cc8cc6f7873c088fa19c8a5a4d2","name":"Daniella Almeida - Reporter da Agencia Brasil","image":{"@type":"ImageObject","inLanguage":"pt-BR","@id":"https:\/\/secure.gravatar.com\/avatar\/b7aaa09fb32d4c802fc7b5157ca819b6e1f28f8c9c7b444d3fee703d0a999116?s=96&d=mm&r=g","url":"https:\/\/secure.gravatar.com\/avatar\/b7aaa09fb32d4c802fc7b5157ca819b6e1f28f8c9c7b444d3fee703d0a999116?s=96&d=mm&r=g","contentUrl":"https:\/\/secure.gravatar.com\/avatar\/b7aaa09fb32d4c802fc7b5157ca819b6e1f28f8c9c7b444d3fee703d0a999116?s=96&d=mm&r=g","caption":"Daniella Almeida - Reporter da Agencia Brasil"},"url":"https:\/\/divulguems.com.br\/?author=110"}]}},"_links":{"self":[{"href":"https:\/\/divulguems.com.br\/index.php?rest_route=\/wp\/v2\/posts\/20546","targetHints":{"allow":["GET"]}}],"collection":[{"href":"https:\/\/divulguems.com.br\/index.php?rest_route=\/wp\/v2\/posts"}],"about":[{"href":"https:\/\/divulguems.com.br\/index.php?rest_route=\/wp\/v2\/types\/post"}],"author":[{"embeddable":true,"href":"https:\/\/divulguems.com.br\/index.php?rest_route=\/wp\/v2\/users\/110"}],"replies":[{"embeddable":true,"href":"https:\/\/divulguems.com.br\/index.php?rest_route=%2Fwp%2Fv2%2Fcomments&post=20546"}],"version-history":[{"count":0,"href":"https:\/\/divulguems.com.br\/index.php?rest_route=\/wp\/v2\/posts\/20546\/revisions"}],"wp:featuredmedia":[{"embeddable":true,"href":"https:\/\/divulguems.com.br\/index.php?rest_route=\/wp\/v2\/media\/20547"}],"wp:attachment":[{"href":"https:\/\/divulguems.com.br\/index.php?rest_route=%2Fwp%2Fv2%2Fmedia&parent=20546"}],"wp:term":[{"taxonomy":"category","embeddable":true,"href":"https:\/\/divulguems.com.br\/index.php?rest_route=%2Fwp%2Fv2%2Fcategories&post=20546"},{"taxonomy":"post_tag","embeddable":true,"href":"https:\/\/divulguems.com.br\/index.php?rest_route=%2Fwp%2Fv2%2Ftags&post=20546"}],"curies":[{"name":"wp","href":"https:\/\/api.w.org\/{rel}","templated":true}]}}