{"id":20552,"date":"2026-05-02T23:47:20","date_gmt":"2026-05-03T03:47:20","guid":{"rendered":"https:\/\/divulguems.com.br\/?p=20552"},"modified":"2026-05-02T23:47:20","modified_gmt":"2026-05-03T03:47:20","slug":"galo-de-campina-e-o-animal-silvestre-mais-traficado-de-pernambuco","status":"publish","type":"post","link":"https:\/\/divulguems.com.br\/?p=20552","title":{"rendered":"Galo-de-campina \u00e9 o animal silvestre mais traficado de Pernambuco"},"content":{"rendered":"<p>A Ag\u00eancia Estadual de Meio Ambiente de Pernambuco revela que o <strong>galo-de-campina \u00e9 o animal silvestre mais traficado do estado<\/strong>. No ano passado, a Pol\u00edcia Rodovi\u00e1ria Federal (PRF) apreendeu um homem que transportava 400 aves ilegalmente. O galo-de-campina chama a aten\u00e7\u00e3o pela <strong>sua cabe\u00e7a vermelha, em contraste com o corpo branco e asas pretas<\/strong>. A ave \u00e9 t\u00edpica do Nordeste, comum na Caatinga e em \u00e1reas abertas, e <strong>famosa pelo seu canto marcante<\/strong>.<img decoding=\"async\" src=\"https:\/\/agenciabrasil.ebc.com.br\/ebc.png?id=1688060&#038;o=rss\"><img decoding=\"async\" src=\"https:\/\/agenciabrasil.ebc.com.br\/ebc.gif?id=1688060&#038;o=rss\"><\/p>\n<p>O bi\u00f3logo da CPRH, Yuri Marinho, atua no Centro de Triagem e Reabilita\u00e7\u00e3o de Animais Silvestres. Ele informa que p\u00e1ssaros da caatinga tendem a estar entre os mais traficados do pa\u00eds, especialmente por causa do canto.<\/p>\n<blockquote>\n<p>\u201cTem tr\u00eas tipos de com\u00e9rcio ilegal, n\u00e9? Tem o com\u00e9rcio ilegal para pet, assim, por beleza; o com\u00e9rcio ilegal por canto, por animais que t\u00eam um canto mais belo; e voc\u00ea vai ter a biopirataria, animais que s\u00e3o traficados para retirar toxinas e essas coisas todas. E a\u00ed o galo-de-campina, ele est\u00e1 num n\u00edvel mais nacional e principalmente pelo canto. Mas ele \u00e9 uma ave end\u00eamica da caatinga, e a\u00ed ela acaba tamb\u00e9m sendo muito explorada\u201d.<\/p>\n<\/blockquote>\n<p>O bi\u00f3logo destaca ainda como denunciar e quais as consequ\u00eancias de crimes ambientais, como o tr\u00e1fico de animais silvestres.<\/p>\n<blockquote>\n<p>\u201cN\u00f3s temos os nossos canais, a Ouvidoria da CPRH. Tem a Linha Verde do Ibama E a pr\u00f3pria pol\u00edcia tamb\u00e9m, pelo 190 voc\u00ea pode denunciar. As multas para a cria\u00e7\u00e3o ilegal desse animal varia uma m\u00e9dia de R$ 500, porque ele n\u00e3o \u00e9 uma ave amea\u00e7ada. Mas se for constatado maus-tratos, a\u00ed a multa vai para dez vezes o valor. E a deten\u00e7\u00e3o, que \u00e9 a parte penal, que \u00e9 de seis meses a um ano\u201d.<\/p>\n<\/blockquote>\n<p>A retirada do galo-de-campina do seu habitat natural impacta diretamente a reprodu\u00e7\u00e3o da esp\u00e9cie. O n\u00famero de novas aves diminui. Assim, afeta fun\u00e7\u00f5es essenciais para a natureza, como a dispers\u00e3o de sementes e o controle de insetos.<\/p>\n<p>\u00a0<\/p>\n<p>  <span class=\"hms hms-format-m-ss\">2:09<\/span><\/p>\n","protected":false},"excerpt":{"rendered":"<p>A Ag\u00eancia Estadual de Meio Ambiente de Pernambuco revela que o galo-de-campina \u00e9 o animal silvestre mais traficado do estado. No ano passado, a Pol\u00edcia Rodovi\u00e1ria Federal (PRF) apreendeu um homem que transportava 400 aves ilegalmente. O galo-de-campina chama a aten\u00e7\u00e3o pela sua cabe\u00e7a vermelha, em contraste com o corpo branco e asas pretas. A [&hellip;]<\/p>\n","protected":false},"author":634,"featured_media":20553,"comment_status":"open","ping_status":"open","sticky":false,"template":"","format":"standard","meta":{"site-sidebar-layout":"default","site-content-layout":"","ast-site-content-layout":"default","site-content-style":"default","site-sidebar-style":"default","ast-global-header-display":"","ast-banner-title-visibility":"","ast-main-header-display":"","ast-hfb-above-header-display":"","ast-hfb-below-header-display":"","ast-hfb-mobile-header-display":"","site-post-title":"","ast-breadcrumbs-content":"","ast-featured-img":"","footer-sml-layout":"","ast-disable-related-posts":"","theme-transparent-header-meta":"","adv-header-id-meta":"","stick-header-meta":"","header-above-stick-meta":"","header-main-stick-meta":"","header-below-stick-meta":"","astra-migrate-meta-layouts":"default","ast-page-background-enabled":"default","ast-page-background-meta":{"desktop":{"background-color":"var(--ast-global-color-4)","background-image":"","background-repeat":"repeat","background-position":"center center","background-size":"auto","background-attachment":"scroll","background-type":"","background-media":"","overlay-type":"","overlay-color":"","overlay-opacity":"","overlay-gradient":""},"tablet":{"background-color":"","background-image":"","background-repeat":"repeat","background-position":"center center","background-size":"auto","background-attachment":"scroll","background-type":"","background-media":"","overlay-type":"","overlay-color":"","overlay-opacity":"","overlay-gradient":""},"mobile":{"background-color":"","background-image":"","background-repeat":"repeat","background-position":"center center","background-size":"auto","background-attachment":"scroll","background-type":"","background-media":"","overlay-type":"","overlay-color":"","overlay-opacity":"","overlay-gradient":""}},"ast-content-background-meta":{"desktop":{"background-color":"var(--ast-global-color-5)","background-image":"","background-repeat":"repeat","background-position":"center center","background-size":"auto","background-attachment":"scroll","background-type":"","background-media":"","overlay-type":"","overlay-color":"","overlay-opacity":"","overlay-gradient":""},"tablet":{"background-color":"var(--ast-global-color-5)","background-image":"","background-repeat":"repeat","background-position":"center center","background-size":"auto","background-attachment":"scroll","background-type":"","background-media":"","overlay-type":"","overlay-color":"","overlay-opacity":"","overlay-gradient":""},"mobile":{"background-color":"var(--ast-global-color-5)","background-image":"","background-repeat":"repeat","background-position":"center center","background-size":"auto","background-attachment":"scroll","background-type":"","background-media":"","overlay-type":"","overlay-color":"","overlay-opacity":"","overlay-gradient":""}},"footnotes":""},"categories":[6],"tags":[],"class_list":["post-20552","post","type-post","status-publish","format-standard","has-post-thumbnail","hentry","category-meio-ambiente-e-sustentabilidade"],"yoast_head":"<!-- This site is optimized with the Yoast SEO Premium plugin v23.6 (Yoast SEO v27.4) - https:\/\/yoast.com\/product\/yoast-seo-premium-wordpress\/ -->\n<title>Galo-de-campina \u00e9 o animal silvestre mais traficado de Pernambuco - Divulgue MS<\/title>\n<meta name=\"robots\" content=\"index, follow, max-snippet:-1, max-image-preview:large, max-video-preview:-1\" \/>\n<link rel=\"canonical\" href=\"https:\/\/divulguems.com.br\/?p=20552\" \/>\n<meta property=\"og:locale\" content=\"pt_BR\" \/>\n<meta property=\"og:type\" content=\"article\" \/>\n<meta property=\"og:title\" content=\"Galo-de-campina \u00e9 o animal silvestre mais traficado de Pernambuco\" \/>\n<meta property=\"og:description\" content=\"A Ag\u00eancia Estadual de Meio Ambiente de Pernambuco revela que o galo-de-campina \u00e9 o animal silvestre mais traficado do estado. No ano passado, a Pol\u00edcia Rodovi\u00e1ria Federal (PRF) apreendeu um homem que transportava 400 aves ilegalmente. O galo-de-campina chama a aten\u00e7\u00e3o pela sua cabe\u00e7a vermelha, em contraste com o corpo branco e asas pretas. A [&hellip;]\" \/>\n<meta property=\"og:url\" content=\"https:\/\/divulguems.com.br\/?p=20552\" \/>\n<meta property=\"og:site_name\" content=\"Divulgue MS\" \/>\n<meta property=\"article:publisher\" content=\"https:\/\/www.facebook.com\/portalinfocobrasil\" \/>\n<meta property=\"article:published_time\" content=\"2026-05-03T03:47:20+00:00\" \/>\n<meta property=\"og:image\" content=\"https:\/\/agenciabrasil.ebc.com.br\/ebc.png?id=1688060&o=rss\" \/>\n<meta name=\"author\" content=\"Duda Ferreira Reporter da Empresa Pernambuco de Comunicacao\" \/>\n<meta name=\"twitter:card\" content=\"summary_large_image\" \/>\n<meta name=\"twitter:label1\" content=\"Escrito por\" \/>\n\t<meta name=\"twitter:data1\" content=\"Duda Ferreira Reporter da Empresa Pernambuco de Comunicacao\" \/>\n\t<meta name=\"twitter:label2\" content=\"Est. tempo de leitura\" \/>\n\t<meta name=\"twitter:data2\" content=\"2 minutos\" \/>\n<script type=\"application\/ld+json\" class=\"yoast-schema-graph\">{\"@context\":\"https:\\\/\\\/schema.org\",\"@graph\":[{\"@type\":\"Article\",\"@id\":\"https:\\\/\\\/divulguems.com.br\\\/?p=20552#article\",\"isPartOf\":{\"@id\":\"https:\\\/\\\/divulguems.com.br\\\/?p=20552\"},\"author\":{\"name\":\"Duda Ferreira Reporter da Empresa Pernambuco de Comunicacao\",\"@id\":\"https:\\\/\\\/divulguems.com.br\\\/#\\\/schema\\\/person\\\/5b543ec416ac5cd6662ec95daa7fdeac\"},\"headline\":\"Galo-de-campina \u00e9 o animal silvestre mais traficado de Pernambuco\",\"datePublished\":\"2026-05-03T03:47:20+00:00\",\"mainEntityOfPage\":{\"@id\":\"https:\\\/\\\/divulguems.com.br\\\/?p=20552\"},\"wordCount\":352,\"commentCount\":0,\"publisher\":{\"@id\":\"https:\\\/\\\/divulguems.com.br\\\/#organization\"},\"image\":{\"@id\":\"https:\\\/\\\/divulguems.com.br\\\/?p=20552#primaryimage\"},\"thumbnailUrl\":\"https:\\\/\\\/divulguems.com.br\\\/wp-content\\\/uploads\\\/2026\\\/05\\\/20552-galo-de-campina-e-o-animal-silvestre-mais-traficado-de-pernambuco.png\",\"articleSection\":[\"Meio Ambiente e Sustentabilidade\"],\"inLanguage\":\"pt-BR\",\"potentialAction\":[{\"@type\":\"CommentAction\",\"name\":\"Comment\",\"target\":[\"https:\\\/\\\/divulguems.com.br\\\/?p=20552#respond\"]}]},{\"@type\":\"WebPage\",\"@id\":\"https:\\\/\\\/divulguems.com.br\\\/?p=20552\",\"url\":\"https:\\\/\\\/divulguems.com.br\\\/?p=20552\",\"name\":\"Galo-de-campina \u00e9 o animal silvestre mais traficado de Pernambuco - Divulgue MS\",\"isPartOf\":{\"@id\":\"https:\\\/\\\/divulguems.com.br\\\/#website\"},\"primaryImageOfPage\":{\"@id\":\"https:\\\/\\\/divulguems.com.br\\\/?p=20552#primaryimage\"},\"image\":{\"@id\":\"https:\\\/\\\/divulguems.com.br\\\/?p=20552#primaryimage\"},\"thumbnailUrl\":\"https:\\\/\\\/divulguems.com.br\\\/wp-content\\\/uploads\\\/2026\\\/05\\\/20552-galo-de-campina-e-o-animal-silvestre-mais-traficado-de-pernambuco.png\",\"datePublished\":\"2026-05-03T03:47:20+00:00\",\"breadcrumb\":{\"@id\":\"https:\\\/\\\/divulguems.com.br\\\/?p=20552#breadcrumb\"},\"inLanguage\":\"pt-BR\",\"potentialAction\":[{\"@type\":\"ReadAction\",\"target\":[\"https:\\\/\\\/divulguems.com.br\\\/?p=20552\"]}]},{\"@type\":\"ImageObject\",\"inLanguage\":\"pt-BR\",\"@id\":\"https:\\\/\\\/divulguems.com.br\\\/?p=20552#primaryimage\",\"url\":\"https:\\\/\\\/divulguems.com.br\\\/wp-content\\\/uploads\\\/2026\\\/05\\\/20552-galo-de-campina-e-o-animal-silvestre-mais-traficado-de-pernambuco.png\",\"contentUrl\":\"https:\\\/\\\/divulguems.com.br\\\/wp-content\\\/uploads\\\/2026\\\/05\\\/20552-galo-de-campina-e-o-animal-silvestre-mais-traficado-de-pernambuco.png\",\"width\":1600,\"height\":800,\"caption\":\"Galo-de-campina \u00e9 o animal silvestre mais traficado de Pernambuco\"},{\"@type\":\"BreadcrumbList\",\"@id\":\"https:\\\/\\\/divulguems.com.br\\\/?p=20552#breadcrumb\",\"itemListElement\":[{\"@type\":\"ListItem\",\"position\":1,\"name\":\"In\u00edcio\",\"item\":\"https:\\\/\\\/divulguems.com.br\\\/\"},{\"@type\":\"ListItem\",\"position\":2,\"name\":\"Galo-de-campina \u00e9 o animal silvestre mais traficado de Pernambuco\"}]},{\"@type\":\"WebSite\",\"@id\":\"https:\\\/\\\/divulguems.com.br\\\/#website\",\"url\":\"https:\\\/\\\/divulguems.com.br\\\/\",\"name\":\"Portal Infoco Brasil\",\"description\":\"L\u00edder de audi\u00eancia.\",\"publisher\":{\"@id\":\"https:\\\/\\\/divulguems.com.br\\\/#organization\"},\"potentialAction\":[{\"@type\":\"SearchAction\",\"target\":{\"@type\":\"EntryPoint\",\"urlTemplate\":\"https:\\\/\\\/divulguems.com.br\\\/?s={search_term_string}\"},\"query-input\":{\"@type\":\"PropertyValueSpecification\",\"valueRequired\":true,\"valueName\":\"search_term_string\"}}],\"inLanguage\":\"pt-BR\"},{\"@type\":\"Organization\",\"@id\":\"https:\\\/\\\/divulguems.com.br\\\/#organization\",\"name\":\"Portal Infoco Brasil\",\"url\":\"https:\\\/\\\/divulguems.com.br\\\/\",\"logo\":{\"@type\":\"ImageObject\",\"inLanguage\":\"pt-BR\",\"@id\":\"https:\\\/\\\/divulguems.com.br\\\/#\\\/schema\\\/logo\\\/image\\\/\",\"url\":\"https:\\\/\\\/divulguems.com.br\\\/wp-content\\\/uploads\\\/2025\\\/04\\\/LOGO-PNG-AZUL.png\",\"contentUrl\":\"https:\\\/\\\/divulguems.com.br\\\/wp-content\\\/uploads\\\/2025\\\/04\\\/LOGO-PNG-AZUL.png\",\"width\":1166,\"height\":475,\"caption\":\"Portal Infoco Brasil\"},\"image\":{\"@id\":\"https:\\\/\\\/divulguems.com.br\\\/#\\\/schema\\\/logo\\\/image\\\/\"},\"sameAs\":[\"https:\\\/\\\/www.facebook.com\\\/portalinfocobrasil\",\"https:\\\/\\\/www.instagram.com\\\/portalinfocobrasil\"]},{\"@type\":\"Person\",\"@id\":\"https:\\\/\\\/divulguems.com.br\\\/#\\\/schema\\\/person\\\/5b543ec416ac5cd6662ec95daa7fdeac\",\"name\":\"Duda Ferreira Reporter da Empresa Pernambuco de Comunicacao\",\"image\":{\"@type\":\"ImageObject\",\"inLanguage\":\"pt-BR\",\"@id\":\"https:\\\/\\\/secure.gravatar.com\\\/avatar\\\/cc9b14d1e4df879085765e7a89bbcd18e035c8312c9e077d95a223c5b8f336f9?s=96&d=mm&r=g\",\"url\":\"https:\\\/\\\/secure.gravatar.com\\\/avatar\\\/cc9b14d1e4df879085765e7a89bbcd18e035c8312c9e077d95a223c5b8f336f9?s=96&d=mm&r=g\",\"contentUrl\":\"https:\\\/\\\/secure.gravatar.com\\\/avatar\\\/cc9b14d1e4df879085765e7a89bbcd18e035c8312c9e077d95a223c5b8f336f9?s=96&d=mm&r=g\",\"caption\":\"Duda Ferreira Reporter da Empresa Pernambuco de Comunicacao\"},\"url\":\"https:\\\/\\\/divulguems.com.br\\\/?author=634\"}]}<\/script>\n<!-- \/ Yoast SEO Premium plugin. -->","yoast_head_json":{"title":"Galo-de-campina \u00e9 o animal silvestre mais traficado de Pernambuco - Divulgue MS","robots":{"index":"index","follow":"follow","max-snippet":"max-snippet:-1","max-image-preview":"max-image-preview:large","max-video-preview":"max-video-preview:-1"},"canonical":"https:\/\/divulguems.com.br\/?p=20552","og_locale":"pt_BR","og_type":"article","og_title":"Galo-de-campina \u00e9 o animal silvestre mais traficado de Pernambuco","og_description":"A Ag\u00eancia Estadual de Meio Ambiente de Pernambuco revela que o galo-de-campina \u00e9 o animal silvestre mais traficado do estado. No ano passado, a Pol\u00edcia Rodovi\u00e1ria Federal (PRF) apreendeu um homem que transportava 400 aves ilegalmente. O galo-de-campina chama a aten\u00e7\u00e3o pela sua cabe\u00e7a vermelha, em contraste com o corpo branco e asas pretas. A [&hellip;]","og_url":"https:\/\/divulguems.com.br\/?p=20552","og_site_name":"Divulgue MS","article_publisher":"https:\/\/www.facebook.com\/portalinfocobrasil","article_published_time":"2026-05-03T03:47:20+00:00","og_image":[{"url":"https:\/\/agenciabrasil.ebc.com.br\/ebc.png?id=1688060&o=rss","type":"","width":"","height":""}],"author":"Duda Ferreira Reporter da Empresa Pernambuco de Comunicacao","twitter_card":"summary_large_image","twitter_misc":{"Escrito por":"Duda Ferreira Reporter da Empresa Pernambuco de Comunicacao","Est. tempo de leitura":"2 minutos"},"schema":{"@context":"https:\/\/schema.org","@graph":[{"@type":"Article","@id":"https:\/\/divulguems.com.br\/?p=20552#article","isPartOf":{"@id":"https:\/\/divulguems.com.br\/?p=20552"},"author":{"name":"Duda Ferreira Reporter da Empresa Pernambuco de Comunicacao","@id":"https:\/\/divulguems.com.br\/#\/schema\/person\/5b543ec416ac5cd6662ec95daa7fdeac"},"headline":"Galo-de-campina \u00e9 o animal silvestre mais traficado de Pernambuco","datePublished":"2026-05-03T03:47:20+00:00","mainEntityOfPage":{"@id":"https:\/\/divulguems.com.br\/?p=20552"},"wordCount":352,"commentCount":0,"publisher":{"@id":"https:\/\/divulguems.com.br\/#organization"},"image":{"@id":"https:\/\/divulguems.com.br\/?p=20552#primaryimage"},"thumbnailUrl":"https:\/\/divulguems.com.br\/wp-content\/uploads\/2026\/05\/20552-galo-de-campina-e-o-animal-silvestre-mais-traficado-de-pernambuco.png","articleSection":["Meio Ambiente e Sustentabilidade"],"inLanguage":"pt-BR","potentialAction":[{"@type":"CommentAction","name":"Comment","target":["https:\/\/divulguems.com.br\/?p=20552#respond"]}]},{"@type":"WebPage","@id":"https:\/\/divulguems.com.br\/?p=20552","url":"https:\/\/divulguems.com.br\/?p=20552","name":"Galo-de-campina \u00e9 o animal silvestre mais traficado de Pernambuco - Divulgue MS","isPartOf":{"@id":"https:\/\/divulguems.com.br\/#website"},"primaryImageOfPage":{"@id":"https:\/\/divulguems.com.br\/?p=20552#primaryimage"},"image":{"@id":"https:\/\/divulguems.com.br\/?p=20552#primaryimage"},"thumbnailUrl":"https:\/\/divulguems.com.br\/wp-content\/uploads\/2026\/05\/20552-galo-de-campina-e-o-animal-silvestre-mais-traficado-de-pernambuco.png","datePublished":"2026-05-03T03:47:20+00:00","breadcrumb":{"@id":"https:\/\/divulguems.com.br\/?p=20552#breadcrumb"},"inLanguage":"pt-BR","potentialAction":[{"@type":"ReadAction","target":["https:\/\/divulguems.com.br\/?p=20552"]}]},{"@type":"ImageObject","inLanguage":"pt-BR","@id":"https:\/\/divulguems.com.br\/?p=20552#primaryimage","url":"https:\/\/divulguems.com.br\/wp-content\/uploads\/2026\/05\/20552-galo-de-campina-e-o-animal-silvestre-mais-traficado-de-pernambuco.png","contentUrl":"https:\/\/divulguems.com.br\/wp-content\/uploads\/2026\/05\/20552-galo-de-campina-e-o-animal-silvestre-mais-traficado-de-pernambuco.png","width":1600,"height":800,"caption":"Galo-de-campina \u00e9 o animal silvestre mais traficado de Pernambuco"},{"@type":"BreadcrumbList","@id":"https:\/\/divulguems.com.br\/?p=20552#breadcrumb","itemListElement":[{"@type":"ListItem","position":1,"name":"In\u00edcio","item":"https:\/\/divulguems.com.br\/"},{"@type":"ListItem","position":2,"name":"Galo-de-campina \u00e9 o animal silvestre mais traficado de Pernambuco"}]},{"@type":"WebSite","@id":"https:\/\/divulguems.com.br\/#website","url":"https:\/\/divulguems.com.br\/","name":"Portal Infoco Brasil","description":"L\u00edder de audi\u00eancia.","publisher":{"@id":"https:\/\/divulguems.com.br\/#organization"},"potentialAction":[{"@type":"SearchAction","target":{"@type":"EntryPoint","urlTemplate":"https:\/\/divulguems.com.br\/?s={search_term_string}"},"query-input":{"@type":"PropertyValueSpecification","valueRequired":true,"valueName":"search_term_string"}}],"inLanguage":"pt-BR"},{"@type":"Organization","@id":"https:\/\/divulguems.com.br\/#organization","name":"Portal Infoco Brasil","url":"https:\/\/divulguems.com.br\/","logo":{"@type":"ImageObject","inLanguage":"pt-BR","@id":"https:\/\/divulguems.com.br\/#\/schema\/logo\/image\/","url":"https:\/\/divulguems.com.br\/wp-content\/uploads\/2025\/04\/LOGO-PNG-AZUL.png","contentUrl":"https:\/\/divulguems.com.br\/wp-content\/uploads\/2025\/04\/LOGO-PNG-AZUL.png","width":1166,"height":475,"caption":"Portal Infoco Brasil"},"image":{"@id":"https:\/\/divulguems.com.br\/#\/schema\/logo\/image\/"},"sameAs":["https:\/\/www.facebook.com\/portalinfocobrasil","https:\/\/www.instagram.com\/portalinfocobrasil"]},{"@type":"Person","@id":"https:\/\/divulguems.com.br\/#\/schema\/person\/5b543ec416ac5cd6662ec95daa7fdeac","name":"Duda Ferreira Reporter da Empresa Pernambuco de Comunicacao","image":{"@type":"ImageObject","inLanguage":"pt-BR","@id":"https:\/\/secure.gravatar.com\/avatar\/cc9b14d1e4df879085765e7a89bbcd18e035c8312c9e077d95a223c5b8f336f9?s=96&d=mm&r=g","url":"https:\/\/secure.gravatar.com\/avatar\/cc9b14d1e4df879085765e7a89bbcd18e035c8312c9e077d95a223c5b8f336f9?s=96&d=mm&r=g","contentUrl":"https:\/\/secure.gravatar.com\/avatar\/cc9b14d1e4df879085765e7a89bbcd18e035c8312c9e077d95a223c5b8f336f9?s=96&d=mm&r=g","caption":"Duda Ferreira Reporter da Empresa Pernambuco de Comunicacao"},"url":"https:\/\/divulguems.com.br\/?author=634"}]}},"_links":{"self":[{"href":"https:\/\/divulguems.com.br\/index.php?rest_route=\/wp\/v2\/posts\/20552","targetHints":{"allow":["GET"]}}],"collection":[{"href":"https:\/\/divulguems.com.br\/index.php?rest_route=\/wp\/v2\/posts"}],"about":[{"href":"https:\/\/divulguems.com.br\/index.php?rest_route=\/wp\/v2\/types\/post"}],"author":[{"embeddable":true,"href":"https:\/\/divulguems.com.br\/index.php?rest_route=\/wp\/v2\/users\/634"}],"replies":[{"embeddable":true,"href":"https:\/\/divulguems.com.br\/index.php?rest_route=%2Fwp%2Fv2%2Fcomments&post=20552"}],"version-history":[{"count":0,"href":"https:\/\/divulguems.com.br\/index.php?rest_route=\/wp\/v2\/posts\/20552\/revisions"}],"wp:featuredmedia":[{"embeddable":true,"href":"https:\/\/divulguems.com.br\/index.php?rest_route=\/wp\/v2\/media\/20553"}],"wp:attachment":[{"href":"https:\/\/divulguems.com.br\/index.php?rest_route=%2Fwp%2Fv2%2Fmedia&parent=20552"}],"wp:term":[{"taxonomy":"category","embeddable":true,"href":"https:\/\/divulguems.com.br\/index.php?rest_route=%2Fwp%2Fv2%2Fcategories&post=20552"},{"taxonomy":"post_tag","embeddable":true,"href":"https:\/\/divulguems.com.br\/index.php?rest_route=%2Fwp%2Fv2%2Ftags&post=20552"}],"curies":[{"name":"wp","href":"https:\/\/api.w.org\/{rel}","templated":true}]}}