{"id":20554,"date":"2026-05-02T23:47:30","date_gmt":"2026-05-03T03:47:30","guid":{"rendered":"https:\/\/divulguems.com.br\/?p=20554"},"modified":"2026-05-02T23:47:30","modified_gmt":"2026-05-03T03:47:30","slug":"pernambuco-confirma-sexta-morte-relacionada-a-temporais","status":"publish","type":"post","link":"https:\/\/divulguems.com.br\/?p=20554","title":{"rendered":"Pernambuco confirma sexta morte relacionada a temporais"},"content":{"rendered":"<\/p>\n<p><a class=\"\" href=\"https:\/\/agenciabrasil.ebc.com.br\/geral\/noticia\/2026-05\/pernambuco-confirma-sexta-morte-relacionada-temporais\"><br \/>\n                    <img decoding=\"async\" src=\"https:\/\/cdn.jsdelivr.net\/gh\/sergiosdlima\/assets-ebc@1.0.0\/abr\/assets\/images\/logo-agenciabrasil.svg\" alt=\"Logo Ag\u00eancia Brasil\"><br \/>\n\t\t\t\t<\/a><\/p>\n<p><strong>Subiu para seis o n\u00famero de mortos em Pernambuco por causa das fortes chuvas que atingem o estado. <\/strong>Nesta tarde, o Corpo de Bombeiros Militar informou ter encontrado o corpo de um homem de 34 anos desaparecido desde a noite de sexta-feira (1\u00ba).<img decoding=\"async\" src=\"https:\/\/agenciabrasil.ebc.com.br\/ebc.png?id=1688202&#038;o=rss\"><img decoding=\"async\" src=\"https:\/\/agenciabrasil.ebc.com.br\/ebc.gif?id=1688202&#038;o=rss\"><\/p>\n<p>A v\u00edtima foi localizada no bairro Capibaribe, em S\u00e3o Louren\u00e7o da Mata, na regi\u00e3o metropolitana do Recife. <strong>Mais cedo, a Defesa Civil do estado havia confirmado a quinta morte no Recife, no bairro Dois Unidos.<\/strong><\/p>\n<\/p>\n<h3>Not\u00edcias relacionadas:<\/h3>\n<ul>\n<li><a href=\"https:\/\/agenciabrasil.ebc.com.br\/politica\/noticia\/2026-05\/chuvas-governo-envia-defesa-civil-para-pernambuco-e-paraiba\">Chuvas: Governo envia Defesa Civil para Pernambuco e Para\u00edba .<\/a><\/li>\n<li><a href=\"https:\/\/agenciabrasil.ebc.com.br\/politica\/noticia\/2026-05\/lula-determina-apoio-federal-para-cidades-atingidas-por-chuvas-em-pe\">Lula determina apoio federal para cidades atingidas por chuvas em PE.<\/a><\/li>\n<\/ul>\n<p><strong>O novo balan\u00e7o das ocorr\u00eancias aponta um total de 1.605 pessoas desabrigadas e 1.089 desalojadas em todo o estado.<\/strong><\/p>\n<h2>\u00c1reas mais afetadas<\/h2>\n<p>Os munic\u00edpios afetados com maior gravidade em Pernambuco incluem:<\/p>\n<ul>\n<li>Goiana, com 510 desabrigados e 994 desalojados;<\/li>\n<li>Recife, com 671 desabrigados;<\/li>\n<li>Olinda, com 170 desabrigados;<\/li>\n<li>Jaboat\u00e3o dos Guararapes, com 127 desabrigados;<\/li>\n<li>Timba\u00faba com 42 desabrigados e 52 desalojados;<\/li>\n<li>Igarassu com 27 desabrigados e 21 desalojados;<\/li>\n<li>Paulista 32 desabrigados e 11 desalojados;<\/li>\n<li>Camaragibe 5 desabrigados e 11 desalojados;<\/li>\n<li>Limoeiro 9 desabrigados; e<\/li>\n<li>Gl\u00f3ria do Goit\u00e1 12 desabrigados.<\/li>\n<\/ul>\n<h2>Situa\u00e7\u00e3o de emerg\u00eancia<\/h2>\n<p>A governadora de Pernambuco, Raquel Lyra decretou na tarde deste s\u00e1bado (2) situa\u00e7\u00e3o de emerg\u00eancia em Pernambuco e a medida ser\u00e1 publicada em edi\u00e7\u00e3o extra do <em>Di\u00e1rio Oficial do estado.<\/em><\/p>\n<p><a href=\"https:\/\/www.instagram.com\/p\/DX2PQbUoNKT\/?hl=pt\" target=\"_blank\">Em entrevista coletiva<\/a>, a governadora destacou que a decreta\u00e7\u00e3o da situa\u00e7\u00e3o de emerg\u00eancia vai acelerar a\u00e7\u00f5es e obras do Estado nos munic\u00edpios atingidos e permitir buscar investimentos necess\u00e1rios do governo federal para reconstruir o que foi destru\u00eddo pelas chuvas.<\/p>\n<p>A medida foi adotada ap\u00f3s reuni\u00f5es no Centro Integrado de Opera\u00e7\u00f5es de Defesa Social (CIODS), no Recife, com representantes da Defesa Civil Nacional, do Minist\u00e9rio da Integra\u00e7\u00e3o e do Desenvolvimento Regional (MIDR), representantes das defesas civis municipais e demais \u00f3rg\u00e3os estaduais envolvidos. Tamb\u00e9m foi realizada reuni\u00e3o online\u00a0com os prefeitos dos munic\u00edpios atingidos para alinhar estrat\u00e9gias e definir as pr\u00f3ximas a\u00e7\u00f5es.<\/p>\n<h2>Ajuda humanit\u00e1ria<\/h2>\n<p><strong>Ao todo, 29 abrigos foram ativados para acolhimento da popula\u00e7\u00e3o atingida.<\/strong><\/p>\n<p>Paralelamente, o Governo do Estado intensificou a distribui\u00e7\u00e3o de ajuda humanit\u00e1ria para as cidades atingidas. Em Goiana, foram entregues 150 colch\u00f5es, 300 len\u00e7\u00f3is, 38 kits de limpeza e 38 kits de higiene.<\/p>\n<h2>Para\u00edba<\/h2>\n<p><strong>Na Para\u00edba, tamb\u00e9m atingida pelos tempor\u00e1rias das \u00faltimas 48 horas, os impactos concentram-se principalmente nos munic\u00edpios de Conde, Jo\u00e3o Pessoa, Bayeux, Campina Grande, Ing\u00e1, Itabaiana, Mogeiro, Patos, S\u00e3o Jos\u00e9 dos Ramos, Sousa, Cajazeiras, Pilar e Cabedelo.<\/strong><\/p>\n<p>De acordo com informa\u00e7\u00f5es preliminares da Defesa Civil estadual, h\u00e1 registro de 1,5 mil fam\u00edlias desalojadas, 300 pessoas desabrigadas, cerca de 9 mil afetados e dois \u00f3bitos.<\/p>\n<p>Um comit\u00ea de crise foi instalado pelo governador da Para\u00edba, Lucas Ribeiro, com os \u00f3rg\u00e3os paraibanos envolvidos para tomar as provid\u00eancias necess\u00e1rias nos munic\u00edpios afetados pelas chuvas intensas.<\/p>\n<h2>Recursos<\/h2>\n<p>A Defesa Civil Nacional informou neste s\u00e1bado que vem orientando os munic\u00edpios afetados pelas chuvas em Pernambuco sobre como acessar recursos federais.<\/p>\n<p>Segundo o Minist\u00e9rio da Integra\u00e7\u00e3o e do Desenvolvimento Regional (MIDR), estados e munic\u00edpios que tiverem o reconhecimento de situa\u00e7\u00e3o de emerg\u00eancia ou estado de calamidade p\u00fablica podem solicitar recursos para a\u00e7\u00f5es de defesa civil.<\/p>\n<p>Os pedidos devem ser feitos pelo Sistema Integrado de Informa\u00e7\u00f5es sobre Desastres (S2iD). A partir dos planos de trabalho enviados, a equipe t\u00e9cnica da Defesa Civil avalia as metas e valores propostos. Ap\u00f3s aprova\u00e7\u00e3o, os repasses s\u00e3o formalizados em portarias a serem publicadas no Di\u00e1rio Oficial da Uni\u00e3o, liberando os valores correspondentes.<\/p>\n<p><em>Mat\u00e9ria ampliada \u00e0s 18h04 e \u00e0s 18h20 para incluir atualiza\u00e7\u00e3o no n\u00famero de mortes<\/em><\/p>\n<p>\u00a0<\/p>\n","protected":false},"excerpt":{"rendered":"<p>Subiu para seis o n\u00famero de mortos em Pernambuco por causa das fortes chuvas que atingem o estado. Nesta tarde, o Corpo de Bombeiros Militar informou ter encontrado o corpo de um homem de 34 anos desaparecido desde a noite de sexta-feira (1\u00ba). A v\u00edtima foi localizada no bairro Capibaribe, em S\u00e3o Louren\u00e7o da Mata, [&hellip;]<\/p>\n","protected":false},"author":110,"featured_media":20555,"comment_status":"open","ping_status":"open","sticky":false,"template":"","format":"standard","meta":{"site-sidebar-layout":"default","site-content-layout":"","ast-site-content-layout":"default","site-content-style":"default","site-sidebar-style":"default","ast-global-header-display":"","ast-banner-title-visibility":"","ast-main-header-display":"","ast-hfb-above-header-display":"","ast-hfb-below-header-display":"","ast-hfb-mobile-header-display":"","site-post-title":"","ast-breadcrumbs-content":"","ast-featured-img":"","footer-sml-layout":"","ast-disable-related-posts":"","theme-transparent-header-meta":"","adv-header-id-meta":"","stick-header-meta":"","header-above-stick-meta":"","header-main-stick-meta":"","header-below-stick-meta":"","astra-migrate-meta-layouts":"default","ast-page-background-enabled":"default","ast-page-background-meta":{"desktop":{"background-color":"var(--ast-global-color-4)","background-image":"","background-repeat":"repeat","background-position":"center center","background-size":"auto","background-attachment":"scroll","background-type":"","background-media":"","overlay-type":"","overlay-color":"","overlay-opacity":"","overlay-gradient":""},"tablet":{"background-color":"","background-image":"","background-repeat":"repeat","background-position":"center center","background-size":"auto","background-attachment":"scroll","background-type":"","background-media":"","overlay-type":"","overlay-color":"","overlay-opacity":"","overlay-gradient":""},"mobile":{"background-color":"","background-image":"","background-repeat":"repeat","background-position":"center center","background-size":"auto","background-attachment":"scroll","background-type":"","background-media":"","overlay-type":"","overlay-color":"","overlay-opacity":"","overlay-gradient":""}},"ast-content-background-meta":{"desktop":{"background-color":"var(--ast-global-color-5)","background-image":"","background-repeat":"repeat","background-position":"center center","background-size":"auto","background-attachment":"scroll","background-type":"","background-media":"","overlay-type":"","overlay-color":"","overlay-opacity":"","overlay-gradient":""},"tablet":{"background-color":"var(--ast-global-color-5)","background-image":"","background-repeat":"repeat","background-position":"center center","background-size":"auto","background-attachment":"scroll","background-type":"","background-media":"","overlay-type":"","overlay-color":"","overlay-opacity":"","overlay-gradient":""},"mobile":{"background-color":"var(--ast-global-color-5)","background-image":"","background-repeat":"repeat","background-position":"center center","background-size":"auto","background-attachment":"scroll","background-type":"","background-media":"","overlay-type":"","overlay-color":"","overlay-opacity":"","overlay-gradient":""}},"footnotes":""},"categories":[1],"tags":[],"class_list":["post-20554","post","type-post","status-publish","format-standard","has-post-thumbnail","hentry","category-sem-categoria"],"yoast_head":"<!-- This site is optimized with the Yoast SEO Premium plugin v23.6 (Yoast SEO v27.4) - https:\/\/yoast.com\/product\/yoast-seo-premium-wordpress\/ -->\n<title>Pernambuco confirma sexta morte relacionada a temporais - Divulgue MS<\/title>\n<meta name=\"robots\" content=\"index, follow, max-snippet:-1, max-image-preview:large, max-video-preview:-1\" \/>\n<link rel=\"canonical\" href=\"https:\/\/divulguems.com.br\/?p=20554\" \/>\n<meta property=\"og:locale\" content=\"pt_BR\" \/>\n<meta property=\"og:type\" content=\"article\" \/>\n<meta property=\"og:title\" content=\"Pernambuco confirma sexta morte relacionada a temporais\" \/>\n<meta property=\"og:description\" content=\"Subiu para seis o n\u00famero de mortos em Pernambuco por causa das fortes chuvas que atingem o estado. Nesta tarde, o Corpo de Bombeiros Militar informou ter encontrado o corpo de um homem de 34 anos desaparecido desde a noite de sexta-feira (1\u00ba). A v\u00edtima foi localizada no bairro Capibaribe, em S\u00e3o Louren\u00e7o da Mata, [&hellip;]\" \/>\n<meta property=\"og:url\" content=\"https:\/\/divulguems.com.br\/?p=20554\" \/>\n<meta property=\"og:site_name\" content=\"Divulgue MS\" \/>\n<meta property=\"article:publisher\" content=\"https:\/\/www.facebook.com\/portalinfocobrasil\" \/>\n<meta property=\"article:published_time\" content=\"2026-05-03T03:47:30+00:00\" \/>\n<meta property=\"og:image\" content=\"https:\/\/cdn.jsdelivr.net\/gh\/sergiosdlima\/assets-ebc@1.0.0\/abr\/assets\/images\/logo-agenciabrasil.svg\" \/>\n<meta name=\"author\" content=\"Daniella Almeida - Reporter da Agencia Brasil\" \/>\n<meta name=\"twitter:card\" content=\"summary_large_image\" \/>\n<meta name=\"twitter:label1\" content=\"Escrito por\" \/>\n\t<meta name=\"twitter:data1\" content=\"Daniella Almeida - Reporter da Agencia Brasil\" \/>\n\t<meta name=\"twitter:label2\" content=\"Est. tempo de leitura\" \/>\n\t<meta name=\"twitter:data2\" content=\"3 minutos\" \/>\n<script type=\"application\/ld+json\" class=\"yoast-schema-graph\">{\"@context\":\"https:\\\/\\\/schema.org\",\"@graph\":[{\"@type\":\"Article\",\"@id\":\"https:\\\/\\\/divulguems.com.br\\\/?p=20554#article\",\"isPartOf\":{\"@id\":\"https:\\\/\\\/divulguems.com.br\\\/?p=20554\"},\"author\":{\"name\":\"Daniella Almeida - Reporter da Agencia Brasil\",\"@id\":\"https:\\\/\\\/divulguems.com.br\\\/#\\\/schema\\\/person\\\/583b3cc8cc6f7873c088fa19c8a5a4d2\"},\"headline\":\"Pernambuco confirma sexta morte relacionada a temporais\",\"datePublished\":\"2026-05-03T03:47:30+00:00\",\"mainEntityOfPage\":{\"@id\":\"https:\\\/\\\/divulguems.com.br\\\/?p=20554\"},\"wordCount\":637,\"commentCount\":0,\"publisher\":{\"@id\":\"https:\\\/\\\/divulguems.com.br\\\/#organization\"},\"image\":{\"@id\":\"https:\\\/\\\/divulguems.com.br\\\/?p=20554#primaryimage\"},\"thumbnailUrl\":\"https:\\\/\\\/divulguems.com.br\\\/wp-content\\\/uploads\\\/2026\\\/05\\\/20554-pernambuco-confirma-sexta-morte-relacionada-a-temporais.jpg\",\"articleSection\":[\"\u00daltimas Not\u00edcias\"],\"inLanguage\":\"pt-BR\",\"potentialAction\":[{\"@type\":\"CommentAction\",\"name\":\"Comment\",\"target\":[\"https:\\\/\\\/divulguems.com.br\\\/?p=20554#respond\"]}]},{\"@type\":\"WebPage\",\"@id\":\"https:\\\/\\\/divulguems.com.br\\\/?p=20554\",\"url\":\"https:\\\/\\\/divulguems.com.br\\\/?p=20554\",\"name\":\"Pernambuco confirma sexta morte relacionada a temporais - Divulgue MS\",\"isPartOf\":{\"@id\":\"https:\\\/\\\/divulguems.com.br\\\/#website\"},\"primaryImageOfPage\":{\"@id\":\"https:\\\/\\\/divulguems.com.br\\\/?p=20554#primaryimage\"},\"image\":{\"@id\":\"https:\\\/\\\/divulguems.com.br\\\/?p=20554#primaryimage\"},\"thumbnailUrl\":\"https:\\\/\\\/divulguems.com.br\\\/wp-content\\\/uploads\\\/2026\\\/05\\\/20554-pernambuco-confirma-sexta-morte-relacionada-a-temporais.jpg\",\"datePublished\":\"2026-05-03T03:47:30+00:00\",\"breadcrumb\":{\"@id\":\"https:\\\/\\\/divulguems.com.br\\\/?p=20554#breadcrumb\"},\"inLanguage\":\"pt-BR\",\"potentialAction\":[{\"@type\":\"ReadAction\",\"target\":[\"https:\\\/\\\/divulguems.com.br\\\/?p=20554\"]}]},{\"@type\":\"ImageObject\",\"inLanguage\":\"pt-BR\",\"@id\":\"https:\\\/\\\/divulguems.com.br\\\/?p=20554#primaryimage\",\"url\":\"https:\\\/\\\/divulguems.com.br\\\/wp-content\\\/uploads\\\/2026\\\/05\\\/20554-pernambuco-confirma-sexta-morte-relacionada-a-temporais.jpg\",\"contentUrl\":\"https:\\\/\\\/divulguems.com.br\\\/wp-content\\\/uploads\\\/2026\\\/05\\\/20554-pernambuco-confirma-sexta-morte-relacionada-a-temporais.jpg\",\"width\":1600,\"height\":800,\"caption\":\"Pernambuco confirma sexta morte relacionada a temporais\"},{\"@type\":\"BreadcrumbList\",\"@id\":\"https:\\\/\\\/divulguems.com.br\\\/?p=20554#breadcrumb\",\"itemListElement\":[{\"@type\":\"ListItem\",\"position\":1,\"name\":\"In\u00edcio\",\"item\":\"https:\\\/\\\/divulguems.com.br\\\/\"},{\"@type\":\"ListItem\",\"position\":2,\"name\":\"Pernambuco confirma sexta morte relacionada a temporais\"}]},{\"@type\":\"WebSite\",\"@id\":\"https:\\\/\\\/divulguems.com.br\\\/#website\",\"url\":\"https:\\\/\\\/divulguems.com.br\\\/\",\"name\":\"Portal Infoco Brasil\",\"description\":\"L\u00edder de audi\u00eancia.\",\"publisher\":{\"@id\":\"https:\\\/\\\/divulguems.com.br\\\/#organization\"},\"potentialAction\":[{\"@type\":\"SearchAction\",\"target\":{\"@type\":\"EntryPoint\",\"urlTemplate\":\"https:\\\/\\\/divulguems.com.br\\\/?s={search_term_string}\"},\"query-input\":{\"@type\":\"PropertyValueSpecification\",\"valueRequired\":true,\"valueName\":\"search_term_string\"}}],\"inLanguage\":\"pt-BR\"},{\"@type\":\"Organization\",\"@id\":\"https:\\\/\\\/divulguems.com.br\\\/#organization\",\"name\":\"Portal Infoco Brasil\",\"url\":\"https:\\\/\\\/divulguems.com.br\\\/\",\"logo\":{\"@type\":\"ImageObject\",\"inLanguage\":\"pt-BR\",\"@id\":\"https:\\\/\\\/divulguems.com.br\\\/#\\\/schema\\\/logo\\\/image\\\/\",\"url\":\"https:\\\/\\\/divulguems.com.br\\\/wp-content\\\/uploads\\\/2025\\\/04\\\/LOGO-PNG-AZUL.png\",\"contentUrl\":\"https:\\\/\\\/divulguems.com.br\\\/wp-content\\\/uploads\\\/2025\\\/04\\\/LOGO-PNG-AZUL.png\",\"width\":1166,\"height\":475,\"caption\":\"Portal Infoco Brasil\"},\"image\":{\"@id\":\"https:\\\/\\\/divulguems.com.br\\\/#\\\/schema\\\/logo\\\/image\\\/\"},\"sameAs\":[\"https:\\\/\\\/www.facebook.com\\\/portalinfocobrasil\",\"https:\\\/\\\/www.instagram.com\\\/portalinfocobrasil\"]},{\"@type\":\"Person\",\"@id\":\"https:\\\/\\\/divulguems.com.br\\\/#\\\/schema\\\/person\\\/583b3cc8cc6f7873c088fa19c8a5a4d2\",\"name\":\"Daniella Almeida - Reporter da Agencia Brasil\",\"image\":{\"@type\":\"ImageObject\",\"inLanguage\":\"pt-BR\",\"@id\":\"https:\\\/\\\/secure.gravatar.com\\\/avatar\\\/b7aaa09fb32d4c802fc7b5157ca819b6e1f28f8c9c7b444d3fee703d0a999116?s=96&d=mm&r=g\",\"url\":\"https:\\\/\\\/secure.gravatar.com\\\/avatar\\\/b7aaa09fb32d4c802fc7b5157ca819b6e1f28f8c9c7b444d3fee703d0a999116?s=96&d=mm&r=g\",\"contentUrl\":\"https:\\\/\\\/secure.gravatar.com\\\/avatar\\\/b7aaa09fb32d4c802fc7b5157ca819b6e1f28f8c9c7b444d3fee703d0a999116?s=96&d=mm&r=g\",\"caption\":\"Daniella Almeida - Reporter da Agencia Brasil\"},\"url\":\"https:\\\/\\\/divulguems.com.br\\\/?author=110\"}]}<\/script>\n<!-- \/ Yoast SEO Premium plugin. -->","yoast_head_json":{"title":"Pernambuco confirma sexta morte relacionada a temporais - Divulgue MS","robots":{"index":"index","follow":"follow","max-snippet":"max-snippet:-1","max-image-preview":"max-image-preview:large","max-video-preview":"max-video-preview:-1"},"canonical":"https:\/\/divulguems.com.br\/?p=20554","og_locale":"pt_BR","og_type":"article","og_title":"Pernambuco confirma sexta morte relacionada a temporais","og_description":"Subiu para seis o n\u00famero de mortos em Pernambuco por causa das fortes chuvas que atingem o estado. Nesta tarde, o Corpo de Bombeiros Militar informou ter encontrado o corpo de um homem de 34 anos desaparecido desde a noite de sexta-feira (1\u00ba). A v\u00edtima foi localizada no bairro Capibaribe, em S\u00e3o Louren\u00e7o da Mata, [&hellip;]","og_url":"https:\/\/divulguems.com.br\/?p=20554","og_site_name":"Divulgue MS","article_publisher":"https:\/\/www.facebook.com\/portalinfocobrasil","article_published_time":"2026-05-03T03:47:30+00:00","og_image":[{"url":"https:\/\/cdn.jsdelivr.net\/gh\/sergiosdlima\/assets-ebc@1.0.0\/abr\/assets\/images\/logo-agenciabrasil.svg","type":"","width":"","height":""}],"author":"Daniella Almeida - Reporter da Agencia Brasil","twitter_card":"summary_large_image","twitter_misc":{"Escrito por":"Daniella Almeida - Reporter da Agencia Brasil","Est. tempo de leitura":"3 minutos"},"schema":{"@context":"https:\/\/schema.org","@graph":[{"@type":"Article","@id":"https:\/\/divulguems.com.br\/?p=20554#article","isPartOf":{"@id":"https:\/\/divulguems.com.br\/?p=20554"},"author":{"name":"Daniella Almeida - Reporter da Agencia Brasil","@id":"https:\/\/divulguems.com.br\/#\/schema\/person\/583b3cc8cc6f7873c088fa19c8a5a4d2"},"headline":"Pernambuco confirma sexta morte relacionada a temporais","datePublished":"2026-05-03T03:47:30+00:00","mainEntityOfPage":{"@id":"https:\/\/divulguems.com.br\/?p=20554"},"wordCount":637,"commentCount":0,"publisher":{"@id":"https:\/\/divulguems.com.br\/#organization"},"image":{"@id":"https:\/\/divulguems.com.br\/?p=20554#primaryimage"},"thumbnailUrl":"https:\/\/divulguems.com.br\/wp-content\/uploads\/2026\/05\/20554-pernambuco-confirma-sexta-morte-relacionada-a-temporais.jpg","articleSection":["\u00daltimas Not\u00edcias"],"inLanguage":"pt-BR","potentialAction":[{"@type":"CommentAction","name":"Comment","target":["https:\/\/divulguems.com.br\/?p=20554#respond"]}]},{"@type":"WebPage","@id":"https:\/\/divulguems.com.br\/?p=20554","url":"https:\/\/divulguems.com.br\/?p=20554","name":"Pernambuco confirma sexta morte relacionada a temporais - Divulgue MS","isPartOf":{"@id":"https:\/\/divulguems.com.br\/#website"},"primaryImageOfPage":{"@id":"https:\/\/divulguems.com.br\/?p=20554#primaryimage"},"image":{"@id":"https:\/\/divulguems.com.br\/?p=20554#primaryimage"},"thumbnailUrl":"https:\/\/divulguems.com.br\/wp-content\/uploads\/2026\/05\/20554-pernambuco-confirma-sexta-morte-relacionada-a-temporais.jpg","datePublished":"2026-05-03T03:47:30+00:00","breadcrumb":{"@id":"https:\/\/divulguems.com.br\/?p=20554#breadcrumb"},"inLanguage":"pt-BR","potentialAction":[{"@type":"ReadAction","target":["https:\/\/divulguems.com.br\/?p=20554"]}]},{"@type":"ImageObject","inLanguage":"pt-BR","@id":"https:\/\/divulguems.com.br\/?p=20554#primaryimage","url":"https:\/\/divulguems.com.br\/wp-content\/uploads\/2026\/05\/20554-pernambuco-confirma-sexta-morte-relacionada-a-temporais.jpg","contentUrl":"https:\/\/divulguems.com.br\/wp-content\/uploads\/2026\/05\/20554-pernambuco-confirma-sexta-morte-relacionada-a-temporais.jpg","width":1600,"height":800,"caption":"Pernambuco confirma sexta morte relacionada a temporais"},{"@type":"BreadcrumbList","@id":"https:\/\/divulguems.com.br\/?p=20554#breadcrumb","itemListElement":[{"@type":"ListItem","position":1,"name":"In\u00edcio","item":"https:\/\/divulguems.com.br\/"},{"@type":"ListItem","position":2,"name":"Pernambuco confirma sexta morte relacionada a temporais"}]},{"@type":"WebSite","@id":"https:\/\/divulguems.com.br\/#website","url":"https:\/\/divulguems.com.br\/","name":"Portal Infoco Brasil","description":"L\u00edder de audi\u00eancia.","publisher":{"@id":"https:\/\/divulguems.com.br\/#organization"},"potentialAction":[{"@type":"SearchAction","target":{"@type":"EntryPoint","urlTemplate":"https:\/\/divulguems.com.br\/?s={search_term_string}"},"query-input":{"@type":"PropertyValueSpecification","valueRequired":true,"valueName":"search_term_string"}}],"inLanguage":"pt-BR"},{"@type":"Organization","@id":"https:\/\/divulguems.com.br\/#organization","name":"Portal Infoco Brasil","url":"https:\/\/divulguems.com.br\/","logo":{"@type":"ImageObject","inLanguage":"pt-BR","@id":"https:\/\/divulguems.com.br\/#\/schema\/logo\/image\/","url":"https:\/\/divulguems.com.br\/wp-content\/uploads\/2025\/04\/LOGO-PNG-AZUL.png","contentUrl":"https:\/\/divulguems.com.br\/wp-content\/uploads\/2025\/04\/LOGO-PNG-AZUL.png","width":1166,"height":475,"caption":"Portal Infoco Brasil"},"image":{"@id":"https:\/\/divulguems.com.br\/#\/schema\/logo\/image\/"},"sameAs":["https:\/\/www.facebook.com\/portalinfocobrasil","https:\/\/www.instagram.com\/portalinfocobrasil"]},{"@type":"Person","@id":"https:\/\/divulguems.com.br\/#\/schema\/person\/583b3cc8cc6f7873c088fa19c8a5a4d2","name":"Daniella Almeida - Reporter da Agencia Brasil","image":{"@type":"ImageObject","inLanguage":"pt-BR","@id":"https:\/\/secure.gravatar.com\/avatar\/b7aaa09fb32d4c802fc7b5157ca819b6e1f28f8c9c7b444d3fee703d0a999116?s=96&d=mm&r=g","url":"https:\/\/secure.gravatar.com\/avatar\/b7aaa09fb32d4c802fc7b5157ca819b6e1f28f8c9c7b444d3fee703d0a999116?s=96&d=mm&r=g","contentUrl":"https:\/\/secure.gravatar.com\/avatar\/b7aaa09fb32d4c802fc7b5157ca819b6e1f28f8c9c7b444d3fee703d0a999116?s=96&d=mm&r=g","caption":"Daniella Almeida - Reporter da Agencia Brasil"},"url":"https:\/\/divulguems.com.br\/?author=110"}]}},"_links":{"self":[{"href":"https:\/\/divulguems.com.br\/index.php?rest_route=\/wp\/v2\/posts\/20554","targetHints":{"allow":["GET"]}}],"collection":[{"href":"https:\/\/divulguems.com.br\/index.php?rest_route=\/wp\/v2\/posts"}],"about":[{"href":"https:\/\/divulguems.com.br\/index.php?rest_route=\/wp\/v2\/types\/post"}],"author":[{"embeddable":true,"href":"https:\/\/divulguems.com.br\/index.php?rest_route=\/wp\/v2\/users\/110"}],"replies":[{"embeddable":true,"href":"https:\/\/divulguems.com.br\/index.php?rest_route=%2Fwp%2Fv2%2Fcomments&post=20554"}],"version-history":[{"count":0,"href":"https:\/\/divulguems.com.br\/index.php?rest_route=\/wp\/v2\/posts\/20554\/revisions"}],"wp:featuredmedia":[{"embeddable":true,"href":"https:\/\/divulguems.com.br\/index.php?rest_route=\/wp\/v2\/media\/20555"}],"wp:attachment":[{"href":"https:\/\/divulguems.com.br\/index.php?rest_route=%2Fwp%2Fv2%2Fmedia&parent=20554"}],"wp:term":[{"taxonomy":"category","embeddable":true,"href":"https:\/\/divulguems.com.br\/index.php?rest_route=%2Fwp%2Fv2%2Fcategories&post=20554"},{"taxonomy":"post_tag","embeddable":true,"href":"https:\/\/divulguems.com.br\/index.php?rest_route=%2Fwp%2Fv2%2Ftags&post=20554"}],"curies":[{"name":"wp","href":"https:\/\/api.w.org\/{rel}","templated":true}]}}