{"id":23204,"date":"2026-08-30T18:16:18","date_gmt":"2026-08-30T22:16:18","guid":{"rendered":"https:\/\/divulguems.com.br\/?p=23204"},"modified":"2026-08-30T18:16:18","modified_gmt":"2026-08-30T22:16:18","slug":"bordando-memorias-e-suturando-feridas-pelas-maos-de-marlene-barros","status":"publish","type":"post","link":"https:\/\/divulguems.com.br\/?p=23204","title":{"rendered":"Bordando mem\u00f3rias e suturando feridas pelas m\u00e3os de Marlene Barros"},"content":{"rendered":"<p>Em S\u00e3o Paulo, uma exposi\u00e7\u00e3o gratuita celebra a obra da artista maranhense <strong>Marlene Barros<\/strong> no Centro Cultural Banco do Brasil. S\u00e3o 15 obras entre esculturas, bordados, croch\u00eas e instala\u00e7\u00f5es que refletem sobre o universo feminino.\u00a0<img decoding=\"async\" src=\"https:\/\/agenciabrasil.ebc.com.br\/ebc.png?id=1700978&#038;o=rss\"><img decoding=\"async\" src=\"https:\/\/agenciabrasil.ebc.com.br\/ebc.gif?id=1700978&#038;o=rss\"><\/p>\n<p>Nas m\u00e3os de Marlene Barros, o bordado e o croch\u00ea s\u00e3o repensados para <strong>al\u00e9m da esfera dom\u00e9stica<\/strong> e ganham novos sentidos na <strong>reflex\u00e3o sobre o corpo feminino e o trabalho invisibilizado das mulheres<\/strong>. A artista conta que vem de uma fam\u00edlia de mulheres tecel\u00e3s, costureiras e bordadeiras e transformou aqueles fazeres t\u00eaxteis em mat\u00e9ria-prima.\u00a0<\/p>\n<blockquote>\n<p>\u201cfazer com que agora eles deixem de ser s\u00f3 uma t\u00e9cnica e passe a ser uma linguagem. S\u00e3o formas de revelar essas mem\u00f3rias e suturar essas feridas, possibilitando assim que possamos reescrever outras hist\u00f3rias, livres de preconceito\u201d.\u00a0<\/p>\n<\/blockquote>\n<div class=\"dnd-widget-wrapper context-medio_4colunas type-image\">\n<div class=\"dnd-atom-rendered\"><!-- scald=472974:medio_4colunas {\"additionalClasses\":\"\"} --><br \/>\n            <img decoding=\"async\" src=\"https:\/\/agenciabrasil.ebc.com.br\/sites\/default\/files\/thumbnails\/image\/loading_v2.gif\" data-echo=\"https:\/\/imagens.ebc.com.br\/OPtshAdUAXLkAr6UUIJf-aWzwcE=\/365x0\/smart\/https:\/\/agenciabrasil.ebc.com.br\/sites\/default\/files\/thumbnails\/image\/2026\/08\/28\/o_centro_cultural_banco_do_brasil_sao_paulo_recebe_a_exposicao_marlene_barros-_tecitura_do_femi.jpg?itok=0PVECIrc\" alt=\"S\u00e3o Paulo (SP), 28\/08\/2026 - O Centro Cultural Banco do Brasil S\u00e3o Paulo recebe a exposi\u00e7\u00e3o Marlene Barros: Tecitura do Feminino, primeira mostra individual da artista maranhense na institui\u00e7\u00e3o. Com curadoria de Bet\u00e2nia Pinheiro, a mostra re\u00fane 15 trabalhos produzidos em diferentes momentos da trajet\u00f3ria de Marlene Barros, entre esculturas, bordados, croch\u00eas, instala\u00e7\u00f5es e objetos. Foto: @pedrosobrinho_\/Instagram\" title=\"@pedrosobrinho_\/Instagram\"><br \/>\n        <noscript><img decoding=\"async\" src=\"https:\/\/imagens.ebc.com.br\/OPtshAdUAXLkAr6UUIJf-aWzwcE=\/365x0\/smart\/https:\/\/agenciabrasil.ebc.com.br\/sites\/default\/files\/thumbnails\/image\/2026\/08\/28\/o_centro_cultural_banco_do_brasil_sao_paulo_recebe_a_exposicao_marlene_barros-_tecitura_do_femi.jpg?itok=0PVECIrc\" alt=\"S\u00e3o Paulo (SP), 28\/08\/2026 - O Centro Cultural Banco do Brasil S\u00e3o Paulo recebe a exposi\u00e7\u00e3o Marlene Barros: Tecitura do Feminino, primeira mostra individual da artista maranhense na institui\u00e7\u00e3o. Com curadoria de Bet\u00e2nia Pinheiro, a mostra re\u00fane 15 trabalhos produzidos em diferentes momentos da trajet\u00f3ria de Marlene Barros, entre esculturas, bordados, croch\u00eas, instala\u00e7\u00f5es e objetos. Foto: @pedrosobrinho_\/Instagram\" title=\"@pedrosobrinho_\/Instagram\"><\/noscript><br \/>\n    <!-- END scald=472974 --><\/div>\n<div class=\"dnd-caption-wrapper\">\n<div class=\"meta\">O CCBB-SP recebe a exposi\u00e7\u00e3o Marlene Barros: Tecitura do Feminino, primeira mostra individual da artista maranhense na institui\u00e7\u00e3o. Foto: <strong>@pedrosobrinho_\/Instagram<\/strong><!--END copyright=472974--><\/div>\n<\/div>\n<\/div>\n<p>\u00c9 a <strong>costura tecendo repara\u00e7\u00f5es sobre temas como maternidade, identidade, sexualidade e viol\u00eancia<\/strong>. A curadora da mostra, Bet\u00e2nia Pinheiro, comenta os elementos que se destacam na obra de Marlene Barros:\u00a0\u201cA linha, a trama, o volume e o n\u00f3 n\u00e3o s\u00e3o s\u00f3 elementos formais. Eles carregam marcas de tempo, repeti\u00e7\u00e3o e perman\u00eancia que se traduzem em materialidade, gesto e linguagem por meio de costuras, bordados, amarra\u00e7\u00f5es e croch\u00ea\u201d.<\/p>\n<p>Entre os trabalhos expostos est\u00e1 a obra \u201cQuem pariu, que embale\u201d, na qual a artista questiona a fun\u00e7\u00e3o do cuidado dos filhos atribu\u00edda exclusivamente \u00e0s m\u00e3es. Marlene Barros comenta a instala\u00e7\u00e3o \u201cCoso porque est\u00e1 roto\u201d, um conjunto de casacos com \u00f3rg\u00e3os humanos bordados.\u00a0<\/p>\n<blockquote>\n<p>\u201cA roupa que serve para nos cobrir,\u00a0 tamb\u00e9m pode revelar aquilo que deveria permanecer escondido. [&#8230;] Alguns \u00f3rg\u00e3os do corpo que poderiam finalmente mostrar suas entranhas, suas marcas, suas feridas. Aqui \u00e9 a parte interna que, na verdade, \u00e9 um um casaco de for\u00e7a\u00a0que simboliza meu corpo. O\u00a0nosso corpo\u00a0\u00e9 um casaco de for\u00e7a. Costurar \u00e9 um gesto feminino, um gesto ancestral\u201d<\/p>\n<\/blockquote>\n<p>A curadora Bet\u00e2nia Pinheiro ressalta a atualidade dos temas presentes na mostra:\u00a0<\/p>\n<blockquote>\n<p>\u00a0\u201cA\u00a0reflex\u00e3o que esse essa mostra traz \u00e9 o feminino como uma constru\u00e7\u00e3o hist\u00f3rica, social e cultural, que \u00e9 muito oportuna no momento atual quando est\u00e1 acontecendo tantas ocorr\u00eancias com o g\u00eanero por transitar no mundo num corpo de mulher.\u201d\u00a0<\/p>\n<\/blockquote>\n<p>Al\u00e9m da exposi\u00e7\u00e3o, o p\u00fablico tamb\u00e9m pode participar de atividades educativas, como visitas mediadas, oficinas e palestras. \u201c<strong>Marlene Barros: Tecitura do Feminino<\/strong>\u201d fica em cartaz no CCBB de S\u00e3o Paulo at\u00e9 o dia 25 de janeiro.\u00a0<\/p>\n<p>\u00a0<\/p>\n<p>  <span class=\"hms hms-format-m-ss\">3:10<\/span><\/p>\n","protected":false},"excerpt":{"rendered":"<p>Em S\u00e3o Paulo, uma exposi\u00e7\u00e3o gratuita celebra a obra da artista maranhense Marlene Barros no Centro Cultural Banco do Brasil. S\u00e3o 15 obras entre esculturas, bordados, croch\u00eas e instala\u00e7\u00f5es que refletem sobre o universo feminino.\u00a0 Nas m\u00e3os de Marlene Barros, o bordado e o croch\u00ea s\u00e3o repensados para al\u00e9m da esfera dom\u00e9stica e ganham novos [&hellip;]<\/p>\n","protected":false},"author":516,"featured_media":23205,"comment_status":"open","ping_status":"open","sticky":false,"template":"","format":"standard","meta":{"site-sidebar-layout":"default","site-content-layout":"","ast-site-content-layout":"default","site-content-style":"default","site-sidebar-style":"default","ast-global-header-display":"","ast-banner-title-visibility":"","ast-main-header-display":"","ast-hfb-above-header-display":"","ast-hfb-below-header-display":"","ast-hfb-mobile-header-display":"","site-post-title":"","ast-breadcrumbs-content":"","ast-featured-img":"","footer-sml-layout":"","ast-disable-related-posts":"","theme-transparent-header-meta":"","adv-header-id-meta":"","stick-header-meta":"","header-above-stick-meta":"","header-main-stick-meta":"","header-below-stick-meta":"","astra-migrate-meta-layouts":"default","ast-page-background-enabled":"default","ast-page-background-meta":{"desktop":{"background-color":"var(--ast-global-color-4)","background-image":"","background-repeat":"repeat","background-position":"center center","background-size":"auto","background-attachment":"scroll","background-type":"","background-media":"","overlay-type":"","overlay-color":"","overlay-opacity":"","overlay-gradient":""},"tablet":{"background-color":"","background-image":"","background-repeat":"repeat","background-position":"center center","background-size":"auto","background-attachment":"scroll","background-type":"","background-media":"","overlay-type":"","overlay-color":"","overlay-opacity":"","overlay-gradient":""},"mobile":{"background-color":"","background-image":"","background-repeat":"repeat","background-position":"center center","background-size":"auto","background-attachment":"scroll","background-type":"","background-media":"","overlay-type":"","overlay-color":"","overlay-opacity":"","overlay-gradient":""}},"ast-content-background-meta":{"desktop":{"background-color":"var(--ast-global-color-5)","background-image":"","background-repeat":"repeat","background-position":"center center","background-size":"auto","background-attachment":"scroll","background-type":"","background-media":"","overlay-type":"","overlay-color":"","overlay-opacity":"","overlay-gradient":""},"tablet":{"background-color":"var(--ast-global-color-5)","background-image":"","background-repeat":"repeat","background-position":"center center","background-size":"auto","background-attachment":"scroll","background-type":"","background-media":"","overlay-type":"","overlay-color":"","overlay-opacity":"","overlay-gradient":""},"mobile":{"background-color":"var(--ast-global-color-5)","background-image":"","background-repeat":"repeat","background-position":"center center","background-size":"auto","background-attachment":"scroll","background-type":"","background-media":"","overlay-type":"","overlay-color":"","overlay-opacity":"","overlay-gradient":""}},"footnotes":""},"categories":[18],"tags":[],"class_list":["post-23204","post","type-post","status-publish","format-standard","has-post-thumbnail","hentry","category-educacao-e-carreiras"],"yoast_head":"<!-- This site is optimized with the Yoast SEO Premium plugin v23.6 (Yoast SEO v28.1) - https:\/\/yoast.com\/product\/yoast-seo-premium-wordpress\/ -->\n<title>Bordando mem\u00f3rias e suturando feridas pelas m\u00e3os de Marlene Barros - Divulgue MS<\/title>\n<meta name=\"robots\" content=\"index, follow, max-snippet:-1, max-image-preview:large, max-video-preview:-1\" \/>\n<link rel=\"canonical\" href=\"https:\/\/divulguems.com.br\/?p=23204\" \/>\n<meta property=\"og:locale\" content=\"pt_BR\" \/>\n<meta property=\"og:type\" content=\"article\" \/>\n<meta property=\"og:title\" content=\"Bordando mem\u00f3rias e suturando feridas pelas m\u00e3os de Marlene Barros\" \/>\n<meta property=\"og:description\" content=\"Em S\u00e3o Paulo, uma exposi\u00e7\u00e3o gratuita celebra a obra da artista maranhense Marlene Barros no Centro Cultural Banco do Brasil. S\u00e3o 15 obras entre esculturas, bordados, croch\u00eas e instala\u00e7\u00f5es que refletem sobre o universo feminino.\u00a0 Nas m\u00e3os de Marlene Barros, o bordado e o croch\u00ea s\u00e3o repensados para al\u00e9m da esfera dom\u00e9stica e ganham novos [&hellip;]\" \/>\n<meta property=\"og:url\" content=\"https:\/\/divulguems.com.br\/?p=23204\" \/>\n<meta property=\"og:site_name\" content=\"Divulgue MS\" \/>\n<meta property=\"article:publisher\" content=\"https:\/\/www.facebook.com\/portalinfocobrasil\" \/>\n<meta property=\"article:published_time\" content=\"2026-08-30T22:16:18+00:00\" \/>\n<meta property=\"og:image\" content=\"https:\/\/agenciabrasil.ebc.com.br\/ebc.png?id=1700978&o=rss\" \/>\n<meta name=\"author\" content=\"Sarah Quines - reporter da Radio Nacional\" \/>\n<meta name=\"twitter:card\" content=\"summary_large_image\" \/>\n<meta name=\"twitter:label1\" content=\"Escrito por\" \/>\n\t<meta name=\"twitter:data1\" content=\"Sarah Quines - reporter da Radio Nacional\" \/>\n\t<meta name=\"twitter:label2\" content=\"Est. tempo de leitura\" \/>\n\t<meta name=\"twitter:data2\" content=\"2 minutos\" \/>\n<script type=\"application\/ld+json\" class=\"yoast-schema-graph\">{\"@context\":\"https:\\\/\\\/schema.org\",\"@graph\":[{\"@type\":\"Article\",\"@id\":\"https:\\\/\\\/divulguems.com.br\\\/?p=23204#article\",\"isPartOf\":{\"@id\":\"https:\\\/\\\/divulguems.com.br\\\/?p=23204\"},\"author\":{\"name\":\"Sarah Quines - reporter da Radio Nacional\",\"@id\":\"https:\\\/\\\/divulguems.com.br\\\/#\\\/schema\\\/person\\\/11e392a05cd5548287f39d3aa901e2e9\"},\"headline\":\"Bordando mem\u00f3rias e suturando feridas pelas m\u00e3os de Marlene Barros\",\"datePublished\":\"2026-08-30T22:16:18+00:00\",\"mainEntityOfPage\":{\"@id\":\"https:\\\/\\\/divulguems.com.br\\\/?p=23204\"},\"wordCount\":460,\"commentCount\":0,\"publisher\":{\"@id\":\"https:\\\/\\\/divulguems.com.br\\\/#organization\"},\"image\":{\"@id\":\"https:\\\/\\\/divulguems.com.br\\\/?p=23204#primaryimage\"},\"thumbnailUrl\":\"https:\\\/\\\/divulguems.com.br\\\/wp-content\\\/uploads\\\/2026\\\/08\\\/23204-bordando-memorias-e-suturando-feridas-pelas-maos-de-marlene-barros.jpg\",\"articleSection\":[\"Educa\u00e7\u00e3o e Carreiras\"],\"inLanguage\":\"pt-BR\",\"potentialAction\":[{\"@type\":\"CommentAction\",\"name\":\"Comment\",\"target\":[\"https:\\\/\\\/divulguems.com.br\\\/?p=23204#respond\"]}]},{\"@type\":\"WebPage\",\"@id\":\"https:\\\/\\\/divulguems.com.br\\\/?p=23204\",\"url\":\"https:\\\/\\\/divulguems.com.br\\\/?p=23204\",\"name\":\"Bordando mem\u00f3rias e suturando feridas pelas m\u00e3os de Marlene Barros - Divulgue MS\",\"isPartOf\":{\"@id\":\"https:\\\/\\\/divulguems.com.br\\\/#website\"},\"primaryImageOfPage\":{\"@id\":\"https:\\\/\\\/divulguems.com.br\\\/?p=23204#primaryimage\"},\"image\":{\"@id\":\"https:\\\/\\\/divulguems.com.br\\\/?p=23204#primaryimage\"},\"thumbnailUrl\":\"https:\\\/\\\/divulguems.com.br\\\/wp-content\\\/uploads\\\/2026\\\/08\\\/23204-bordando-memorias-e-suturando-feridas-pelas-maos-de-marlene-barros.jpg\",\"datePublished\":\"2026-08-30T22:16:18+00:00\",\"breadcrumb\":{\"@id\":\"https:\\\/\\\/divulguems.com.br\\\/?p=23204#breadcrumb\"},\"inLanguage\":\"pt-BR\",\"potentialAction\":[{\"@type\":\"ReadAction\",\"target\":[\"https:\\\/\\\/divulguems.com.br\\\/?p=23204\"]}]},{\"@type\":\"ImageObject\",\"inLanguage\":\"pt-BR\",\"@id\":\"https:\\\/\\\/divulguems.com.br\\\/?p=23204#primaryimage\",\"url\":\"https:\\\/\\\/divulguems.com.br\\\/wp-content\\\/uploads\\\/2026\\\/08\\\/23204-bordando-memorias-e-suturando-feridas-pelas-maos-de-marlene-barros.jpg\",\"contentUrl\":\"https:\\\/\\\/divulguems.com.br\\\/wp-content\\\/uploads\\\/2026\\\/08\\\/23204-bordando-memorias-e-suturando-feridas-pelas-maos-de-marlene-barros.jpg\",\"width\":1600,\"height\":800,\"caption\":\"Bordando mem\u00f3rias e suturando feridas pelas m\u00e3os de Marlene Barros\"},{\"@type\":\"BreadcrumbList\",\"@id\":\"https:\\\/\\\/divulguems.com.br\\\/?p=23204#breadcrumb\",\"itemListElement\":[{\"@type\":\"ListItem\",\"position\":1,\"name\":\"In\u00edcio\",\"item\":\"https:\\\/\\\/divulguems.com.br\\\/\"},{\"@type\":\"ListItem\",\"position\":2,\"name\":\"Bordando mem\u00f3rias e suturando feridas pelas m\u00e3os de Marlene Barros\"}]},{\"@type\":\"WebSite\",\"@id\":\"https:\\\/\\\/divulguems.com.br\\\/#website\",\"url\":\"https:\\\/\\\/divulguems.com.br\\\/\",\"name\":\"Portal Infoco Brasil\",\"description\":\"L\u00edder de audi\u00eancia.\",\"publisher\":{\"@id\":\"https:\\\/\\\/divulguems.com.br\\\/#organization\"},\"potentialAction\":[{\"@type\":\"SearchAction\",\"target\":{\"@type\":\"EntryPoint\",\"urlTemplate\":\"https:\\\/\\\/divulguems.com.br\\\/?s={search_term_string}\"},\"query-input\":{\"@type\":\"PropertyValueSpecification\",\"valueRequired\":true,\"valueName\":\"search_term_string\"}}],\"inLanguage\":\"pt-BR\"},{\"@type\":\"Organization\",\"@id\":\"https:\\\/\\\/divulguems.com.br\\\/#organization\",\"name\":\"Portal Infoco Brasil\",\"url\":\"https:\\\/\\\/divulguems.com.br\\\/\",\"logo\":{\"@type\":\"ImageObject\",\"inLanguage\":\"pt-BR\",\"@id\":\"https:\\\/\\\/divulguems.com.br\\\/#\\\/schema\\\/logo\\\/image\\\/\",\"url\":\"https:\\\/\\\/divulguems.com.br\\\/wp-content\\\/uploads\\\/2025\\\/04\\\/LOGO-PNG-AZUL.png\",\"contentUrl\":\"https:\\\/\\\/divulguems.com.br\\\/wp-content\\\/uploads\\\/2025\\\/04\\\/LOGO-PNG-AZUL.png\",\"width\":1166,\"height\":475,\"caption\":\"Portal Infoco Brasil\"},\"image\":{\"@id\":\"https:\\\/\\\/divulguems.com.br\\\/#\\\/schema\\\/logo\\\/image\\\/\"},\"sameAs\":[\"https:\\\/\\\/www.facebook.com\\\/portalinfocobrasil\",\"https:\\\/\\\/www.instagram.com\\\/portalinfocobrasil\"]},{\"@type\":\"Person\",\"@id\":\"https:\\\/\\\/divulguems.com.br\\\/#\\\/schema\\\/person\\\/11e392a05cd5548287f39d3aa901e2e9\",\"name\":\"Sarah Quines - reporter da Radio Nacional\",\"image\":{\"@type\":\"ImageObject\",\"inLanguage\":\"pt-BR\",\"@id\":\"https:\\\/\\\/secure.gravatar.com\\\/avatar\\\/7f6ea5ba1d5562a8751af9c355e2b1de359a3de42d41e06eceabd5615318a165?s=96&d=mm&r=g\",\"url\":\"https:\\\/\\\/secure.gravatar.com\\\/avatar\\\/7f6ea5ba1d5562a8751af9c355e2b1de359a3de42d41e06eceabd5615318a165?s=96&d=mm&r=g\",\"contentUrl\":\"https:\\\/\\\/secure.gravatar.com\\\/avatar\\\/7f6ea5ba1d5562a8751af9c355e2b1de359a3de42d41e06eceabd5615318a165?s=96&d=mm&r=g\",\"caption\":\"Sarah Quines - reporter da Radio Nacional\"},\"url\":\"https:\\\/\\\/divulguems.com.br\\\/?author=516\"}]}<\/script>\n<!-- \/ Yoast SEO Premium plugin. -->","yoast_head_json":{"title":"Bordando mem\u00f3rias e suturando feridas pelas m\u00e3os de Marlene Barros - Divulgue MS","robots":{"index":"index","follow":"follow","max-snippet":"max-snippet:-1","max-image-preview":"max-image-preview:large","max-video-preview":"max-video-preview:-1"},"canonical":"https:\/\/divulguems.com.br\/?p=23204","og_locale":"pt_BR","og_type":"article","og_title":"Bordando mem\u00f3rias e suturando feridas pelas m\u00e3os de Marlene Barros","og_description":"Em S\u00e3o Paulo, uma exposi\u00e7\u00e3o gratuita celebra a obra da artista maranhense Marlene Barros no Centro Cultural Banco do Brasil. S\u00e3o 15 obras entre esculturas, bordados, croch\u00eas e instala\u00e7\u00f5es que refletem sobre o universo feminino.\u00a0 Nas m\u00e3os de Marlene Barros, o bordado e o croch\u00ea s\u00e3o repensados para al\u00e9m da esfera dom\u00e9stica e ganham novos [&hellip;]","og_url":"https:\/\/divulguems.com.br\/?p=23204","og_site_name":"Divulgue MS","article_publisher":"https:\/\/www.facebook.com\/portalinfocobrasil","article_published_time":"2026-08-30T22:16:18+00:00","og_image":[{"url":"https:\/\/agenciabrasil.ebc.com.br\/ebc.png?id=1700978&o=rss","type":"","width":"","height":""}],"author":"Sarah Quines - reporter da Radio Nacional","twitter_card":"summary_large_image","twitter_misc":{"Escrito por":"Sarah Quines - reporter da Radio Nacional","Est. tempo de leitura":"2 minutos"},"schema":{"@context":"https:\/\/schema.org","@graph":[{"@type":"Article","@id":"https:\/\/divulguems.com.br\/?p=23204#article","isPartOf":{"@id":"https:\/\/divulguems.com.br\/?p=23204"},"author":{"name":"Sarah Quines - reporter da Radio Nacional","@id":"https:\/\/divulguems.com.br\/#\/schema\/person\/11e392a05cd5548287f39d3aa901e2e9"},"headline":"Bordando mem\u00f3rias e suturando feridas pelas m\u00e3os de Marlene Barros","datePublished":"2026-08-30T22:16:18+00:00","mainEntityOfPage":{"@id":"https:\/\/divulguems.com.br\/?p=23204"},"wordCount":460,"commentCount":0,"publisher":{"@id":"https:\/\/divulguems.com.br\/#organization"},"image":{"@id":"https:\/\/divulguems.com.br\/?p=23204#primaryimage"},"thumbnailUrl":"https:\/\/divulguems.com.br\/wp-content\/uploads\/2026\/08\/23204-bordando-memorias-e-suturando-feridas-pelas-maos-de-marlene-barros.jpg","articleSection":["Educa\u00e7\u00e3o e Carreiras"],"inLanguage":"pt-BR","potentialAction":[{"@type":"CommentAction","name":"Comment","target":["https:\/\/divulguems.com.br\/?p=23204#respond"]}]},{"@type":"WebPage","@id":"https:\/\/divulguems.com.br\/?p=23204","url":"https:\/\/divulguems.com.br\/?p=23204","name":"Bordando mem\u00f3rias e suturando feridas pelas m\u00e3os de Marlene Barros - Divulgue MS","isPartOf":{"@id":"https:\/\/divulguems.com.br\/#website"},"primaryImageOfPage":{"@id":"https:\/\/divulguems.com.br\/?p=23204#primaryimage"},"image":{"@id":"https:\/\/divulguems.com.br\/?p=23204#primaryimage"},"thumbnailUrl":"https:\/\/divulguems.com.br\/wp-content\/uploads\/2026\/08\/23204-bordando-memorias-e-suturando-feridas-pelas-maos-de-marlene-barros.jpg","datePublished":"2026-08-30T22:16:18+00:00","breadcrumb":{"@id":"https:\/\/divulguems.com.br\/?p=23204#breadcrumb"},"inLanguage":"pt-BR","potentialAction":[{"@type":"ReadAction","target":["https:\/\/divulguems.com.br\/?p=23204"]}]},{"@type":"ImageObject","inLanguage":"pt-BR","@id":"https:\/\/divulguems.com.br\/?p=23204#primaryimage","url":"https:\/\/divulguems.com.br\/wp-content\/uploads\/2026\/08\/23204-bordando-memorias-e-suturando-feridas-pelas-maos-de-marlene-barros.jpg","contentUrl":"https:\/\/divulguems.com.br\/wp-content\/uploads\/2026\/08\/23204-bordando-memorias-e-suturando-feridas-pelas-maos-de-marlene-barros.jpg","width":1600,"height":800,"caption":"Bordando mem\u00f3rias e suturando feridas pelas m\u00e3os de Marlene Barros"},{"@type":"BreadcrumbList","@id":"https:\/\/divulguems.com.br\/?p=23204#breadcrumb","itemListElement":[{"@type":"ListItem","position":1,"name":"In\u00edcio","item":"https:\/\/divulguems.com.br\/"},{"@type":"ListItem","position":2,"name":"Bordando mem\u00f3rias e suturando feridas pelas m\u00e3os de Marlene Barros"}]},{"@type":"WebSite","@id":"https:\/\/divulguems.com.br\/#website","url":"https:\/\/divulguems.com.br\/","name":"Portal Infoco Brasil","description":"L\u00edder de audi\u00eancia.","publisher":{"@id":"https:\/\/divulguems.com.br\/#organization"},"potentialAction":[{"@type":"SearchAction","target":{"@type":"EntryPoint","urlTemplate":"https:\/\/divulguems.com.br\/?s={search_term_string}"},"query-input":{"@type":"PropertyValueSpecification","valueRequired":true,"valueName":"search_term_string"}}],"inLanguage":"pt-BR"},{"@type":"Organization","@id":"https:\/\/divulguems.com.br\/#organization","name":"Portal Infoco Brasil","url":"https:\/\/divulguems.com.br\/","logo":{"@type":"ImageObject","inLanguage":"pt-BR","@id":"https:\/\/divulguems.com.br\/#\/schema\/logo\/image\/","url":"https:\/\/divulguems.com.br\/wp-content\/uploads\/2025\/04\/LOGO-PNG-AZUL.png","contentUrl":"https:\/\/divulguems.com.br\/wp-content\/uploads\/2025\/04\/LOGO-PNG-AZUL.png","width":1166,"height":475,"caption":"Portal Infoco Brasil"},"image":{"@id":"https:\/\/divulguems.com.br\/#\/schema\/logo\/image\/"},"sameAs":["https:\/\/www.facebook.com\/portalinfocobrasil","https:\/\/www.instagram.com\/portalinfocobrasil"]},{"@type":"Person","@id":"https:\/\/divulguems.com.br\/#\/schema\/person\/11e392a05cd5548287f39d3aa901e2e9","name":"Sarah Quines - reporter da Radio Nacional","image":{"@type":"ImageObject","inLanguage":"pt-BR","@id":"https:\/\/secure.gravatar.com\/avatar\/7f6ea5ba1d5562a8751af9c355e2b1de359a3de42d41e06eceabd5615318a165?s=96&d=mm&r=g","url":"https:\/\/secure.gravatar.com\/avatar\/7f6ea5ba1d5562a8751af9c355e2b1de359a3de42d41e06eceabd5615318a165?s=96&d=mm&r=g","contentUrl":"https:\/\/secure.gravatar.com\/avatar\/7f6ea5ba1d5562a8751af9c355e2b1de359a3de42d41e06eceabd5615318a165?s=96&d=mm&r=g","caption":"Sarah Quines - reporter da Radio Nacional"},"url":"https:\/\/divulguems.com.br\/?author=516"}]}},"_links":{"self":[{"href":"https:\/\/divulguems.com.br\/index.php?rest_route=\/wp\/v2\/posts\/23204","targetHints":{"allow":["GET"]}}],"collection":[{"href":"https:\/\/divulguems.com.br\/index.php?rest_route=\/wp\/v2\/posts"}],"about":[{"href":"https:\/\/divulguems.com.br\/index.php?rest_route=\/wp\/v2\/types\/post"}],"author":[{"embeddable":true,"href":"https:\/\/divulguems.com.br\/index.php?rest_route=\/wp\/v2\/users\/516"}],"replies":[{"embeddable":true,"href":"https:\/\/divulguems.com.br\/index.php?rest_route=%2Fwp%2Fv2%2Fcomments&post=23204"}],"version-history":[{"count":0,"href":"https:\/\/divulguems.com.br\/index.php?rest_route=\/wp\/v2\/posts\/23204\/revisions"}],"wp:featuredmedia":[{"embeddable":true,"href":"https:\/\/divulguems.com.br\/index.php?rest_route=\/wp\/v2\/media\/23205"}],"wp:attachment":[{"href":"https:\/\/divulguems.com.br\/index.php?rest_route=%2Fwp%2Fv2%2Fmedia&parent=23204"}],"wp:term":[{"taxonomy":"category","embeddable":true,"href":"https:\/\/divulguems.com.br\/index.php?rest_route=%2Fwp%2Fv2%2Fcategories&post=23204"},{"taxonomy":"post_tag","embeddable":true,"href":"https:\/\/divulguems.com.br\/index.php?rest_route=%2Fwp%2Fv2%2Ftags&post=23204"}],"curies":[{"name":"wp","href":"https:\/\/api.w.org\/{rel}","templated":true}]}}