{"id":23206,"date":"2026-08-30T18:16:19","date_gmt":"2026-08-30T22:16:19","guid":{"rendered":"https:\/\/divulguems.com.br\/?p=23206"},"modified":"2026-08-30T18:16:19","modified_gmt":"2026-08-30T22:16:19","slug":"consulta-sobre-bens-sustentaveis-no-acordo-mercosul-ue-acaba-na-quarta","status":"publish","type":"post","link":"https:\/\/divulguems.com.br\/?p=23206","title":{"rendered":"Consulta sobre bens sustent\u00e1veis no acordo Mercosul\u2013UE acaba na quarta"},"content":{"rendered":"<\/p>\n<p><a class=\"\" href=\"https:\/\/agenciabrasil.ebc.com.br\/economia\/noticia\/2026-08\/consulta-sobre-bens-sustentaveis-no-acordo-mercosul-ue-acaba-na-quarta\"><br \/>\n                    <img decoding=\"async\" src=\"https:\/\/cdn.jsdelivr.net\/gh\/sergiosdlima\/assets-ebc@1.0.0\/abr\/assets\/images\/logo-agenciabrasil.svg\" alt=\"Logo Ag\u00eancia Brasil\"><br \/>\n\t\t\t\t<\/a><\/p>\n<p>As empresas e organiza\u00e7\u00f5es que contribuem com a preserva\u00e7\u00e3o do meio ambiente t\u00eam uma oportunidade de ampliar o com\u00e9rcio com o mercado europeu. <strong>Termina na pr\u00f3xima quarta-feira (2) a consulta p\u00fablica do Minist\u00e9rio do Desenvolvimento, Ind\u00fastria, Com\u00e9rcio e Servi\u00e7os (Mdic) que busca identificar produtos e cadeias produtivas sustent\u00e1veis do Mercosul.<\/strong><img decoding=\"async\" src=\"https:\/\/agenciabrasil.ebc.com.br\/ebc.png?id=1700965&#038;o=rss\"><img decoding=\"async\" src=\"https:\/\/agenciabrasil.ebc.com.br\/ebc.gif?id=1700965&#038;o=rss\"><\/p>\n<p>O Acordo de Livre Com\u00e9rcio entre o Mercosul e a Uni\u00e3o Europeia, <a href=\"https:\/\/agenciabrasil.ebc.com.br\/economia\/noticia\/2026-03\/congresso-nacional-promulga-acordo-mercosul-uniao-europeia\">promulgado em mar\u00e7o<\/a>\u00a0garante benef\u00edcios comerciais adicionais para itens sustent\u00e1veis.<\/p>\n<\/p>\n<h3>Not\u00edcias relacionadas:<\/h3>\n<ul>\n<li><a href=\"https:\/\/agenciabrasil.ebc.com.br\/economia\/noticia\/2026-08\/saiba-mais-sobre-acordo-para-facilitar-comercio-eletronico-no-mercosul\">Saiba mais sobre acordo para facilitar com\u00e9rcio eletr\u00f4nico no Mercosul.<\/a><\/li>\n<\/ul>\n<p>A Secretaria de Com\u00e9rcio Exterior (Secex) quer reunir sugest\u00f5es de produtos que contribuam para a conserva\u00e7\u00e3o, recupera\u00e7\u00e3o, utiliza\u00e7\u00e3o e gest\u00e3o sustent\u00e1vel de florestas e outros ecossistemas vulner\u00e1veis.<\/p>\n<h2>Quem pode participar<\/h2>\n<p><strong>A consulta \u00e9 aberta a diferentes segmentos interessados na amplia\u00e7\u00e3o do com\u00e9rcio sustent\u00e1vel com o mercado europeu, incluindo:<\/strong><\/p>\n<ul>\n<li>Setor produtivo;<\/li>\n<li>Universidades e institui\u00e7\u00f5es de pesquisa;<\/li>\n<li>Organiza\u00e7\u00f5es da sociedade civil;<\/li>\n<li>Representantes de cadeias produtivas;<\/li>\n<li>Demais interessados.<\/li>\n<\/ul>\n<p>As contribui\u00e7\u00f5es podem ajudar a identificar produtos da sociobiodiversidade brasileira e cadeias que associem produ\u00e7\u00e3o econ\u00f4mica \u00e0 conserva\u00e7\u00e3o ambiental.<\/p>\n<h2>Poss\u00edveis benef\u00edcios<\/h2>\n<p>Os produtos selecionados para integrar a lista prevista no acordo poder\u00e3o ter acesso preferencial ou adicional ao mercado da Uni\u00e3o Europeia, al\u00e9m de outros incentivos destinados \u00e0 promo\u00e7\u00e3o comercial.<\/p>\n<p><strong>Na pr\u00e1tica, a consulta busca identificar produtos brasileiros que tenham caracter\u00edsticas de sustentabilidade e possam ampliar sua presen\u00e7a no mercado europeu.<\/strong><\/p>\n<p>A participa\u00e7\u00e3o tamb\u00e9m permite que empresas, entidades e representantes de cadeias produtivas apresentem produtos com potencial para receber tratamento comercial diferenciado.<\/p>\n<h2>Como participar<\/h2>\n<p>As manifesta\u00e7\u00f5es devem ser encaminhadas pela plataforma oficial <a href=\"https:\/\/brasilparticipativo.presidencia.gov.br\/processes\/implementacao-paragafo39-mcs-ue?utm_source=chatgpt.com\">Brasil Participativo<\/a> at\u00e9 2 de setembro de 2026.<\/p>\n<p>Segundo o Mdic, as contribui\u00e7\u00f5es s\u00e3o importantes para a constru\u00e7\u00e3o da lista de produtos prevista no Acordo Mercosul-UE e para a identifica\u00e7\u00e3o de oportunidades comerciais relacionadas \u00e0 sustentabilidade.<\/p>\n<p>Com o prazo pr\u00f3ximo do fim, empresas e entidades interessadas em apresentar produtos ou cadeias produtivas devem enviar suas contribui\u00e7\u00f5es dentro do per\u00edodo estabelecido.<\/p>\n","protected":false},"excerpt":{"rendered":"<p>As empresas e organiza\u00e7\u00f5es que contribuem com a preserva\u00e7\u00e3o do meio ambiente t\u00eam uma oportunidade de ampliar o com\u00e9rcio com o mercado europeu. Termina na pr\u00f3xima quarta-feira (2) a consulta p\u00fablica do Minist\u00e9rio do Desenvolvimento, Ind\u00fastria, Com\u00e9rcio e Servi\u00e7os (Mdic) que busca identificar produtos e cadeias produtivas sustent\u00e1veis do Mercosul. O Acordo de Livre Com\u00e9rcio [&hellip;]<\/p>\n","protected":false},"author":1,"featured_media":23207,"comment_status":"open","ping_status":"open","sticky":false,"template":"","format":"standard","meta":{"site-sidebar-layout":"default","site-content-layout":"","ast-site-content-layout":"default","site-content-style":"default","site-sidebar-style":"default","ast-global-header-display":"","ast-banner-title-visibility":"","ast-main-header-display":"","ast-hfb-above-header-display":"","ast-hfb-below-header-display":"","ast-hfb-mobile-header-display":"","site-post-title":"","ast-breadcrumbs-content":"","ast-featured-img":"","footer-sml-layout":"","ast-disable-related-posts":"","theme-transparent-header-meta":"","adv-header-id-meta":"","stick-header-meta":"","header-above-stick-meta":"","header-main-stick-meta":"","header-below-stick-meta":"","astra-migrate-meta-layouts":"default","ast-page-background-enabled":"default","ast-page-background-meta":{"desktop":{"background-color":"var(--ast-global-color-4)","background-image":"","background-repeat":"repeat","background-position":"center center","background-size":"auto","background-attachment":"scroll","background-type":"","background-media":"","overlay-type":"","overlay-color":"","overlay-opacity":"","overlay-gradient":""},"tablet":{"background-color":"","background-image":"","background-repeat":"repeat","background-position":"center center","background-size":"auto","background-attachment":"scroll","background-type":"","background-media":"","overlay-type":"","overlay-color":"","overlay-opacity":"","overlay-gradient":""},"mobile":{"background-color":"","background-image":"","background-repeat":"repeat","background-position":"center center","background-size":"auto","background-attachment":"scroll","background-type":"","background-media":"","overlay-type":"","overlay-color":"","overlay-opacity":"","overlay-gradient":""}},"ast-content-background-meta":{"desktop":{"background-color":"var(--ast-global-color-5)","background-image":"","background-repeat":"repeat","background-position":"center center","background-size":"auto","background-attachment":"scroll","background-type":"","background-media":"","overlay-type":"","overlay-color":"","overlay-opacity":"","overlay-gradient":""},"tablet":{"background-color":"var(--ast-global-color-5)","background-image":"","background-repeat":"repeat","background-position":"center center","background-size":"auto","background-attachment":"scroll","background-type":"","background-media":"","overlay-type":"","overlay-color":"","overlay-opacity":"","overlay-gradient":""},"mobile":{"background-color":"var(--ast-global-color-5)","background-image":"","background-repeat":"repeat","background-position":"center center","background-size":"auto","background-attachment":"scroll","background-type":"","background-media":"","overlay-type":"","overlay-color":"","overlay-opacity":"","overlay-gradient":""}},"footnotes":""},"categories":[3],"tags":[],"class_list":["post-23206","post","type-post","status-publish","format-standard","has-post-thumbnail","hentry","category-seguranca-e-justica"],"yoast_head":"<!-- This site is optimized with the Yoast SEO Premium plugin v23.6 (Yoast SEO v28.1) - https:\/\/yoast.com\/product\/yoast-seo-premium-wordpress\/ -->\n<title>Consulta sobre bens sustent\u00e1veis no acordo Mercosul\u2013UE acaba na quarta - Divulgue MS<\/title>\n<meta name=\"robots\" content=\"index, follow, max-snippet:-1, max-image-preview:large, max-video-preview:-1\" \/>\n<link rel=\"canonical\" href=\"https:\/\/divulguems.com.br\/?p=23206\" \/>\n<meta property=\"og:locale\" content=\"pt_BR\" \/>\n<meta property=\"og:type\" content=\"article\" \/>\n<meta property=\"og:title\" content=\"Consulta sobre bens sustent\u00e1veis no acordo Mercosul\u2013UE acaba na quarta\" \/>\n<meta property=\"og:description\" content=\"As empresas e organiza\u00e7\u00f5es que contribuem com a preserva\u00e7\u00e3o do meio ambiente t\u00eam uma oportunidade de ampliar o com\u00e9rcio com o mercado europeu. Termina na pr\u00f3xima quarta-feira (2) a consulta p\u00fablica do Minist\u00e9rio do Desenvolvimento, Ind\u00fastria, Com\u00e9rcio e Servi\u00e7os (Mdic) que busca identificar produtos e cadeias produtivas sustent\u00e1veis do Mercosul. O Acordo de Livre Com\u00e9rcio [&hellip;]\" \/>\n<meta property=\"og:url\" content=\"https:\/\/divulguems.com.br\/?p=23206\" \/>\n<meta property=\"og:site_name\" content=\"Divulgue MS\" \/>\n<meta property=\"article:publisher\" content=\"https:\/\/www.facebook.com\/portalinfocobrasil\" \/>\n<meta property=\"article:published_time\" content=\"2026-08-30T22:16:19+00:00\" \/>\n<meta property=\"og:image\" content=\"https:\/\/cdn.jsdelivr.net\/gh\/sergiosdlima\/assets-ebc@1.0.0\/abr\/assets\/images\/logo-agenciabrasil.svg\" \/>\n<meta name=\"author\" content=\"gestormovie\" \/>\n<meta name=\"twitter:card\" content=\"summary_large_image\" \/>\n<meta name=\"twitter:label1\" content=\"Escrito por\" \/>\n\t<meta name=\"twitter:data1\" content=\"gestormovie\" \/>\n\t<meta name=\"twitter:label2\" content=\"Est. tempo de leitura\" \/>\n\t<meta name=\"twitter:data2\" content=\"2 minutos\" \/>\n<script type=\"application\/ld+json\" class=\"yoast-schema-graph\">{\"@context\":\"https:\\\/\\\/schema.org\",\"@graph\":[{\"@type\":\"Article\",\"@id\":\"https:\\\/\\\/divulguems.com.br\\\/?p=23206#article\",\"isPartOf\":{\"@id\":\"https:\\\/\\\/divulguems.com.br\\\/?p=23206\"},\"author\":{\"name\":\"gestormovie\",\"@id\":\"https:\\\/\\\/divulguems.com.br\\\/#\\\/schema\\\/person\\\/85cb29f0608083b8ae66501ac547eec3\"},\"headline\":\"Consulta sobre bens sustent\u00e1veis no acordo Mercosul\u2013UE acaba na quarta\",\"datePublished\":\"2026-08-30T22:16:19+00:00\",\"mainEntityOfPage\":{\"@id\":\"https:\\\/\\\/divulguems.com.br\\\/?p=23206\"},\"wordCount\":371,\"commentCount\":0,\"publisher\":{\"@id\":\"https:\\\/\\\/divulguems.com.br\\\/#organization\"},\"image\":{\"@id\":\"https:\\\/\\\/divulguems.com.br\\\/?p=23206#primaryimage\"},\"thumbnailUrl\":\"https:\\\/\\\/divulguems.com.br\\\/wp-content\\\/uploads\\\/2026\\\/08\\\/23206-consulta-sobre-bens-sustentaveis-no-acordo-mercosul-ue-acaba-na-quarta.jpg\",\"articleSection\":[\"Seguran\u00e7a e Justi\u00e7a\"],\"inLanguage\":\"pt-BR\",\"potentialAction\":[{\"@type\":\"CommentAction\",\"name\":\"Comment\",\"target\":[\"https:\\\/\\\/divulguems.com.br\\\/?p=23206#respond\"]}]},{\"@type\":\"WebPage\",\"@id\":\"https:\\\/\\\/divulguems.com.br\\\/?p=23206\",\"url\":\"https:\\\/\\\/divulguems.com.br\\\/?p=23206\",\"name\":\"Consulta sobre bens sustent\u00e1veis no acordo Mercosul\u2013UE acaba na quarta - Divulgue MS\",\"isPartOf\":{\"@id\":\"https:\\\/\\\/divulguems.com.br\\\/#website\"},\"primaryImageOfPage\":{\"@id\":\"https:\\\/\\\/divulguems.com.br\\\/?p=23206#primaryimage\"},\"image\":{\"@id\":\"https:\\\/\\\/divulguems.com.br\\\/?p=23206#primaryimage\"},\"thumbnailUrl\":\"https:\\\/\\\/divulguems.com.br\\\/wp-content\\\/uploads\\\/2026\\\/08\\\/23206-consulta-sobre-bens-sustentaveis-no-acordo-mercosul-ue-acaba-na-quarta.jpg\",\"datePublished\":\"2026-08-30T22:16:19+00:00\",\"breadcrumb\":{\"@id\":\"https:\\\/\\\/divulguems.com.br\\\/?p=23206#breadcrumb\"},\"inLanguage\":\"pt-BR\",\"potentialAction\":[{\"@type\":\"ReadAction\",\"target\":[\"https:\\\/\\\/divulguems.com.br\\\/?p=23206\"]}]},{\"@type\":\"ImageObject\",\"inLanguage\":\"pt-BR\",\"@id\":\"https:\\\/\\\/divulguems.com.br\\\/?p=23206#primaryimage\",\"url\":\"https:\\\/\\\/divulguems.com.br\\\/wp-content\\\/uploads\\\/2026\\\/08\\\/23206-consulta-sobre-bens-sustentaveis-no-acordo-mercosul-ue-acaba-na-quarta.jpg\",\"contentUrl\":\"https:\\\/\\\/divulguems.com.br\\\/wp-content\\\/uploads\\\/2026\\\/08\\\/23206-consulta-sobre-bens-sustentaveis-no-acordo-mercosul-ue-acaba-na-quarta.jpg\",\"width\":1600,\"height\":800,\"caption\":\"Consulta sobre bens sustent\u00e1veis no acordo Mercosul\u2013UE acaba na quarta\"},{\"@type\":\"BreadcrumbList\",\"@id\":\"https:\\\/\\\/divulguems.com.br\\\/?p=23206#breadcrumb\",\"itemListElement\":[{\"@type\":\"ListItem\",\"position\":1,\"name\":\"In\u00edcio\",\"item\":\"https:\\\/\\\/divulguems.com.br\\\/\"},{\"@type\":\"ListItem\",\"position\":2,\"name\":\"Consulta sobre bens sustent\u00e1veis no acordo Mercosul\u2013UE acaba na quarta\"}]},{\"@type\":\"WebSite\",\"@id\":\"https:\\\/\\\/divulguems.com.br\\\/#website\",\"url\":\"https:\\\/\\\/divulguems.com.br\\\/\",\"name\":\"Portal Infoco Brasil\",\"description\":\"L\u00edder de audi\u00eancia.\",\"publisher\":{\"@id\":\"https:\\\/\\\/divulguems.com.br\\\/#organization\"},\"potentialAction\":[{\"@type\":\"SearchAction\",\"target\":{\"@type\":\"EntryPoint\",\"urlTemplate\":\"https:\\\/\\\/divulguems.com.br\\\/?s={search_term_string}\"},\"query-input\":{\"@type\":\"PropertyValueSpecification\",\"valueRequired\":true,\"valueName\":\"search_term_string\"}}],\"inLanguage\":\"pt-BR\"},{\"@type\":\"Organization\",\"@id\":\"https:\\\/\\\/divulguems.com.br\\\/#organization\",\"name\":\"Portal Infoco Brasil\",\"url\":\"https:\\\/\\\/divulguems.com.br\\\/\",\"logo\":{\"@type\":\"ImageObject\",\"inLanguage\":\"pt-BR\",\"@id\":\"https:\\\/\\\/divulguems.com.br\\\/#\\\/schema\\\/logo\\\/image\\\/\",\"url\":\"https:\\\/\\\/divulguems.com.br\\\/wp-content\\\/uploads\\\/2025\\\/04\\\/LOGO-PNG-AZUL.png\",\"contentUrl\":\"https:\\\/\\\/divulguems.com.br\\\/wp-content\\\/uploads\\\/2025\\\/04\\\/LOGO-PNG-AZUL.png\",\"width\":1166,\"height\":475,\"caption\":\"Portal Infoco Brasil\"},\"image\":{\"@id\":\"https:\\\/\\\/divulguems.com.br\\\/#\\\/schema\\\/logo\\\/image\\\/\"},\"sameAs\":[\"https:\\\/\\\/www.facebook.com\\\/portalinfocobrasil\",\"https:\\\/\\\/www.instagram.com\\\/portalinfocobrasil\"]},{\"@type\":\"Person\",\"@id\":\"https:\\\/\\\/divulguems.com.br\\\/#\\\/schema\\\/person\\\/85cb29f0608083b8ae66501ac547eec3\",\"name\":\"gestormovie\",\"image\":{\"@type\":\"ImageObject\",\"inLanguage\":\"pt-BR\",\"@id\":\"https:\\\/\\\/secure.gravatar.com\\\/avatar\\\/1a363cacdce58d5745359cac63cadf7cee0b34c09ab5adc6e07dafbc1ad3ceef?s=96&d=mm&r=g\",\"url\":\"https:\\\/\\\/secure.gravatar.com\\\/avatar\\\/1a363cacdce58d5745359cac63cadf7cee0b34c09ab5adc6e07dafbc1ad3ceef?s=96&d=mm&r=g\",\"contentUrl\":\"https:\\\/\\\/secure.gravatar.com\\\/avatar\\\/1a363cacdce58d5745359cac63cadf7cee0b34c09ab5adc6e07dafbc1ad3ceef?s=96&d=mm&r=g\",\"caption\":\"gestormovie\"},\"sameAs\":[\"https:\\\/\\\/divulguems.com.br\"],\"url\":\"https:\\\/\\\/divulguems.com.br\\\/?author=1\"}]}<\/script>\n<!-- \/ Yoast SEO Premium plugin. -->","yoast_head_json":{"title":"Consulta sobre bens sustent\u00e1veis no acordo Mercosul\u2013UE acaba na quarta - Divulgue MS","robots":{"index":"index","follow":"follow","max-snippet":"max-snippet:-1","max-image-preview":"max-image-preview:large","max-video-preview":"max-video-preview:-1"},"canonical":"https:\/\/divulguems.com.br\/?p=23206","og_locale":"pt_BR","og_type":"article","og_title":"Consulta sobre bens sustent\u00e1veis no acordo Mercosul\u2013UE acaba na quarta","og_description":"As empresas e organiza\u00e7\u00f5es que contribuem com a preserva\u00e7\u00e3o do meio ambiente t\u00eam uma oportunidade de ampliar o com\u00e9rcio com o mercado europeu. Termina na pr\u00f3xima quarta-feira (2) a consulta p\u00fablica do Minist\u00e9rio do Desenvolvimento, Ind\u00fastria, Com\u00e9rcio e Servi\u00e7os (Mdic) que busca identificar produtos e cadeias produtivas sustent\u00e1veis do Mercosul. O Acordo de Livre Com\u00e9rcio [&hellip;]","og_url":"https:\/\/divulguems.com.br\/?p=23206","og_site_name":"Divulgue MS","article_publisher":"https:\/\/www.facebook.com\/portalinfocobrasil","article_published_time":"2026-08-30T22:16:19+00:00","og_image":[{"url":"https:\/\/cdn.jsdelivr.net\/gh\/sergiosdlima\/assets-ebc@1.0.0\/abr\/assets\/images\/logo-agenciabrasil.svg","type":"","width":"","height":""}],"author":"gestormovie","twitter_card":"summary_large_image","twitter_misc":{"Escrito por":"gestormovie","Est. tempo de leitura":"2 minutos"},"schema":{"@context":"https:\/\/schema.org","@graph":[{"@type":"Article","@id":"https:\/\/divulguems.com.br\/?p=23206#article","isPartOf":{"@id":"https:\/\/divulguems.com.br\/?p=23206"},"author":{"name":"gestormovie","@id":"https:\/\/divulguems.com.br\/#\/schema\/person\/85cb29f0608083b8ae66501ac547eec3"},"headline":"Consulta sobre bens sustent\u00e1veis no acordo Mercosul\u2013UE acaba na quarta","datePublished":"2026-08-30T22:16:19+00:00","mainEntityOfPage":{"@id":"https:\/\/divulguems.com.br\/?p=23206"},"wordCount":371,"commentCount":0,"publisher":{"@id":"https:\/\/divulguems.com.br\/#organization"},"image":{"@id":"https:\/\/divulguems.com.br\/?p=23206#primaryimage"},"thumbnailUrl":"https:\/\/divulguems.com.br\/wp-content\/uploads\/2026\/08\/23206-consulta-sobre-bens-sustentaveis-no-acordo-mercosul-ue-acaba-na-quarta.jpg","articleSection":["Seguran\u00e7a e Justi\u00e7a"],"inLanguage":"pt-BR","potentialAction":[{"@type":"CommentAction","name":"Comment","target":["https:\/\/divulguems.com.br\/?p=23206#respond"]}]},{"@type":"WebPage","@id":"https:\/\/divulguems.com.br\/?p=23206","url":"https:\/\/divulguems.com.br\/?p=23206","name":"Consulta sobre bens sustent\u00e1veis no acordo Mercosul\u2013UE acaba na quarta - Divulgue MS","isPartOf":{"@id":"https:\/\/divulguems.com.br\/#website"},"primaryImageOfPage":{"@id":"https:\/\/divulguems.com.br\/?p=23206#primaryimage"},"image":{"@id":"https:\/\/divulguems.com.br\/?p=23206#primaryimage"},"thumbnailUrl":"https:\/\/divulguems.com.br\/wp-content\/uploads\/2026\/08\/23206-consulta-sobre-bens-sustentaveis-no-acordo-mercosul-ue-acaba-na-quarta.jpg","datePublished":"2026-08-30T22:16:19+00:00","breadcrumb":{"@id":"https:\/\/divulguems.com.br\/?p=23206#breadcrumb"},"inLanguage":"pt-BR","potentialAction":[{"@type":"ReadAction","target":["https:\/\/divulguems.com.br\/?p=23206"]}]},{"@type":"ImageObject","inLanguage":"pt-BR","@id":"https:\/\/divulguems.com.br\/?p=23206#primaryimage","url":"https:\/\/divulguems.com.br\/wp-content\/uploads\/2026\/08\/23206-consulta-sobre-bens-sustentaveis-no-acordo-mercosul-ue-acaba-na-quarta.jpg","contentUrl":"https:\/\/divulguems.com.br\/wp-content\/uploads\/2026\/08\/23206-consulta-sobre-bens-sustentaveis-no-acordo-mercosul-ue-acaba-na-quarta.jpg","width":1600,"height":800,"caption":"Consulta sobre bens sustent\u00e1veis no acordo Mercosul\u2013UE acaba na quarta"},{"@type":"BreadcrumbList","@id":"https:\/\/divulguems.com.br\/?p=23206#breadcrumb","itemListElement":[{"@type":"ListItem","position":1,"name":"In\u00edcio","item":"https:\/\/divulguems.com.br\/"},{"@type":"ListItem","position":2,"name":"Consulta sobre bens sustent\u00e1veis no acordo Mercosul\u2013UE acaba na quarta"}]},{"@type":"WebSite","@id":"https:\/\/divulguems.com.br\/#website","url":"https:\/\/divulguems.com.br\/","name":"Portal Infoco Brasil","description":"L\u00edder de audi\u00eancia.","publisher":{"@id":"https:\/\/divulguems.com.br\/#organization"},"potentialAction":[{"@type":"SearchAction","target":{"@type":"EntryPoint","urlTemplate":"https:\/\/divulguems.com.br\/?s={search_term_string}"},"query-input":{"@type":"PropertyValueSpecification","valueRequired":true,"valueName":"search_term_string"}}],"inLanguage":"pt-BR"},{"@type":"Organization","@id":"https:\/\/divulguems.com.br\/#organization","name":"Portal Infoco Brasil","url":"https:\/\/divulguems.com.br\/","logo":{"@type":"ImageObject","inLanguage":"pt-BR","@id":"https:\/\/divulguems.com.br\/#\/schema\/logo\/image\/","url":"https:\/\/divulguems.com.br\/wp-content\/uploads\/2025\/04\/LOGO-PNG-AZUL.png","contentUrl":"https:\/\/divulguems.com.br\/wp-content\/uploads\/2025\/04\/LOGO-PNG-AZUL.png","width":1166,"height":475,"caption":"Portal Infoco Brasil"},"image":{"@id":"https:\/\/divulguems.com.br\/#\/schema\/logo\/image\/"},"sameAs":["https:\/\/www.facebook.com\/portalinfocobrasil","https:\/\/www.instagram.com\/portalinfocobrasil"]},{"@type":"Person","@id":"https:\/\/divulguems.com.br\/#\/schema\/person\/85cb29f0608083b8ae66501ac547eec3","name":"gestormovie","image":{"@type":"ImageObject","inLanguage":"pt-BR","@id":"https:\/\/secure.gravatar.com\/avatar\/1a363cacdce58d5745359cac63cadf7cee0b34c09ab5adc6e07dafbc1ad3ceef?s=96&d=mm&r=g","url":"https:\/\/secure.gravatar.com\/avatar\/1a363cacdce58d5745359cac63cadf7cee0b34c09ab5adc6e07dafbc1ad3ceef?s=96&d=mm&r=g","contentUrl":"https:\/\/secure.gravatar.com\/avatar\/1a363cacdce58d5745359cac63cadf7cee0b34c09ab5adc6e07dafbc1ad3ceef?s=96&d=mm&r=g","caption":"gestormovie"},"sameAs":["https:\/\/divulguems.com.br"],"url":"https:\/\/divulguems.com.br\/?author=1"}]}},"_links":{"self":[{"href":"https:\/\/divulguems.com.br\/index.php?rest_route=\/wp\/v2\/posts\/23206","targetHints":{"allow":["GET"]}}],"collection":[{"href":"https:\/\/divulguems.com.br\/index.php?rest_route=\/wp\/v2\/posts"}],"about":[{"href":"https:\/\/divulguems.com.br\/index.php?rest_route=\/wp\/v2\/types\/post"}],"author":[{"embeddable":true,"href":"https:\/\/divulguems.com.br\/index.php?rest_route=\/wp\/v2\/users\/1"}],"replies":[{"embeddable":true,"href":"https:\/\/divulguems.com.br\/index.php?rest_route=%2Fwp%2Fv2%2Fcomments&post=23206"}],"version-history":[{"count":0,"href":"https:\/\/divulguems.com.br\/index.php?rest_route=\/wp\/v2\/posts\/23206\/revisions"}],"wp:featuredmedia":[{"embeddable":true,"href":"https:\/\/divulguems.com.br\/index.php?rest_route=\/wp\/v2\/media\/23207"}],"wp:attachment":[{"href":"https:\/\/divulguems.com.br\/index.php?rest_route=%2Fwp%2Fv2%2Fmedia&parent=23206"}],"wp:term":[{"taxonomy":"category","embeddable":true,"href":"https:\/\/divulguems.com.br\/index.php?rest_route=%2Fwp%2Fv2%2Fcategories&post=23206"},{"taxonomy":"post_tag","embeddable":true,"href":"https:\/\/divulguems.com.br\/index.php?rest_route=%2Fwp%2Fv2%2Ftags&post=23206"}],"curies":[{"name":"wp","href":"https:\/\/api.w.org\/{rel}","templated":true}]}}