{"id":23210,"date":"2026-08-30T18:16:22","date_gmt":"2026-08-30T22:16:22","guid":{"rendered":"https:\/\/divulguems.com.br\/?p=23210"},"modified":"2026-08-30T18:16:22","modified_gmt":"2026-08-30T22:16:22","slug":"homem-apontado-como-puxador-de-guerra-do-cv-e-preso-no-rj","status":"publish","type":"post","link":"https:\/\/divulguems.com.br\/?p=23210","title":{"rendered":"Homem apontado como &#8220;puxador de guerra&#8221; do CV \u00e9 preso no RJ"},"content":{"rendered":"<p>Uma a\u00e7\u00e3o conjunta das Pol\u00edcias Civil e Militar do Rio de Janeiro <strong>prendeu um dos principais integrantes da fac\u00e7\u00e3o criminosa Comando Vermelho (CV)<\/strong>, na Baixada Fluminense.<img decoding=\"async\" src=\"https:\/\/agenciabrasil.ebc.com.br\/ebc.png?id=1700927&#038;o=rss\"><img decoding=\"async\" src=\"https:\/\/agenciabrasil.ebc.com.br\/ebc.gif?id=1700927&#038;o=rss\"><\/p>\n<p>Luiz Felipe Gomes da Silva, conhecido como Simba, foi capturado\u00a0na noite passada, durante uma opera\u00e7\u00e3o no Complexo da Mangueirinha, maior conjunto de favelas da Regi\u00e3o.<\/p>\n<p><strong>Apontado como \u201cpuxador de guerra\u201d &#8211; como s\u00e3o chamados os criminosos que lideram ataques, invas\u00f5es de territ\u00f3rios e confrontos contra fac\u00e7\u00f5es rivais <\/strong>-, ele atuava no munic\u00edpio de Duque de Caxias.<\/p>\n<p>Segundo a Pol\u00edcia Civil, os agentes abordaram Simba no centro de Caxias. Ele<strong> reagiu \u00e0 abordagem, disparou contra os agentes e fugiu, at\u00e9 ser alcan\u00e7ado <\/strong>em um cerco montado pelos agentes.<\/p>\n<p>O suspeito portava uma pistola personalizada com um adesivo do Simba\u00a0&#8211; personagem do filme O Rei Le\u00e3o &#8211; e uma granada.<\/p>\n<p>De acordo com as investiga\u00e7\u00f5es, o criminoso esteve envolvido em diversas disputas territoriais, a\u00e7\u00f5es armadas e homic\u00eddios na Baixada Fluminense.\u00a0<\/p>\n<p><strong>Na sua ficha constam passagens criminais por homic\u00eddio qualificado, roubo majorado e porte ilegal de arma de fogo<\/strong>. A lista ser\u00e1 agora acrescida de porte de artefato explosivo e arma de fogo de uso restrito.\u00a0<\/p>\n<p>\u00a0<\/p>\n<p><em>*Sob supervis\u00e3o de Vit\u00f3ria Elizabeth<\/em><\/p>\n<p>  <span class=\"hms hms-format-m-ss\">1:12<\/span><\/p>\n","protected":false},"excerpt":{"rendered":"<p>Uma a\u00e7\u00e3o conjunta das Pol\u00edcias Civil e Militar do Rio de Janeiro prendeu um dos principais integrantes da fac\u00e7\u00e3o criminosa Comando Vermelho (CV), na Baixada Fluminense. Luiz Felipe Gomes da Silva, conhecido como Simba, foi capturado\u00a0na noite passada, durante uma opera\u00e7\u00e3o no Complexo da Mangueirinha, maior conjunto de favelas da Regi\u00e3o. Apontado como \u201cpuxador de [&hellip;]<\/p>\n","protected":false},"author":1,"featured_media":23211,"comment_status":"open","ping_status":"open","sticky":false,"template":"","format":"standard","meta":{"site-sidebar-layout":"default","site-content-layout":"","ast-site-content-layout":"default","site-content-style":"default","site-sidebar-style":"default","ast-global-header-display":"","ast-banner-title-visibility":"","ast-main-header-display":"","ast-hfb-above-header-display":"","ast-hfb-below-header-display":"","ast-hfb-mobile-header-display":"","site-post-title":"","ast-breadcrumbs-content":"","ast-featured-img":"","footer-sml-layout":"","ast-disable-related-posts":"","theme-transparent-header-meta":"","adv-header-id-meta":"","stick-header-meta":"","header-above-stick-meta":"","header-main-stick-meta":"","header-below-stick-meta":"","astra-migrate-meta-layouts":"default","ast-page-background-enabled":"default","ast-page-background-meta":{"desktop":{"background-color":"var(--ast-global-color-4)","background-image":"","background-repeat":"repeat","background-position":"center center","background-size":"auto","background-attachment":"scroll","background-type":"","background-media":"","overlay-type":"","overlay-color":"","overlay-opacity":"","overlay-gradient":""},"tablet":{"background-color":"","background-image":"","background-repeat":"repeat","background-position":"center center","background-size":"auto","background-attachment":"scroll","background-type":"","background-media":"","overlay-type":"","overlay-color":"","overlay-opacity":"","overlay-gradient":""},"mobile":{"background-color":"","background-image":"","background-repeat":"repeat","background-position":"center center","background-size":"auto","background-attachment":"scroll","background-type":"","background-media":"","overlay-type":"","overlay-color":"","overlay-opacity":"","overlay-gradient":""}},"ast-content-background-meta":{"desktop":{"background-color":"var(--ast-global-color-5)","background-image":"","background-repeat":"repeat","background-position":"center center","background-size":"auto","background-attachment":"scroll","background-type":"","background-media":"","overlay-type":"","overlay-color":"","overlay-opacity":"","overlay-gradient":""},"tablet":{"background-color":"var(--ast-global-color-5)","background-image":"","background-repeat":"repeat","background-position":"center center","background-size":"auto","background-attachment":"scroll","background-type":"","background-media":"","overlay-type":"","overlay-color":"","overlay-opacity":"","overlay-gradient":""},"mobile":{"background-color":"var(--ast-global-color-5)","background-image":"","background-repeat":"repeat","background-position":"center center","background-size":"auto","background-attachment":"scroll","background-type":"","background-media":"","overlay-type":"","overlay-color":"","overlay-opacity":"","overlay-gradient":""}},"footnotes":""},"categories":[4],"tags":[],"class_list":["post-23210","post","type-post","status-publish","format-standard","has-post-thumbnail","hentry","category-politica"],"yoast_head":"<!-- This site is optimized with the Yoast SEO Premium plugin v23.6 (Yoast SEO v28.1) - https:\/\/yoast.com\/product\/yoast-seo-premium-wordpress\/ -->\n<title>Homem apontado como &quot;puxador de guerra&quot; do CV \u00e9 preso no RJ - Divulgue MS<\/title>\n<meta name=\"robots\" content=\"index, follow, max-snippet:-1, max-image-preview:large, max-video-preview:-1\" \/>\n<link rel=\"canonical\" href=\"https:\/\/divulguems.com.br\/?p=23210\" \/>\n<meta property=\"og:locale\" content=\"pt_BR\" \/>\n<meta property=\"og:type\" content=\"article\" \/>\n<meta property=\"og:title\" content=\"Homem apontado como &quot;puxador de guerra&quot; do CV \u00e9 preso no RJ\" \/>\n<meta property=\"og:description\" content=\"Uma a\u00e7\u00e3o conjunta das Pol\u00edcias Civil e Militar do Rio de Janeiro prendeu um dos principais integrantes da fac\u00e7\u00e3o criminosa Comando Vermelho (CV), na Baixada Fluminense. Luiz Felipe Gomes da Silva, conhecido como Simba, foi capturado\u00a0na noite passada, durante uma opera\u00e7\u00e3o no Complexo da Mangueirinha, maior conjunto de favelas da Regi\u00e3o. Apontado como \u201cpuxador de [&hellip;]\" \/>\n<meta property=\"og:url\" content=\"https:\/\/divulguems.com.br\/?p=23210\" \/>\n<meta property=\"og:site_name\" content=\"Divulgue MS\" \/>\n<meta property=\"article:publisher\" content=\"https:\/\/www.facebook.com\/portalinfocobrasil\" \/>\n<meta property=\"article:published_time\" content=\"2026-08-30T22:16:22+00:00\" \/>\n<meta property=\"og:image\" content=\"https:\/\/agenciabrasil.ebc.com.br\/ebc.png?id=1700927&o=rss\" \/>\n<meta name=\"author\" content=\"gestormovie\" \/>\n<meta name=\"twitter:card\" content=\"summary_large_image\" \/>\n<meta name=\"twitter:label1\" content=\"Escrito por\" \/>\n\t<meta name=\"twitter:data1\" content=\"gestormovie\" \/>\n\t<meta name=\"twitter:label2\" content=\"Est. tempo de leitura\" \/>\n\t<meta name=\"twitter:data2\" content=\"1 minuto\" \/>\n<script type=\"application\/ld+json\" class=\"yoast-schema-graph\">{\"@context\":\"https:\\\/\\\/schema.org\",\"@graph\":[{\"@type\":\"Article\",\"@id\":\"https:\\\/\\\/divulguems.com.br\\\/?p=23210#article\",\"isPartOf\":{\"@id\":\"https:\\\/\\\/divulguems.com.br\\\/?p=23210\"},\"author\":{\"name\":\"gestormovie\",\"@id\":\"https:\\\/\\\/divulguems.com.br\\\/#\\\/schema\\\/person\\\/85cb29f0608083b8ae66501ac547eec3\"},\"headline\":\"Homem apontado como &#8220;puxador de guerra&#8221; do CV \u00e9 preso no RJ\",\"datePublished\":\"2026-08-30T22:16:22+00:00\",\"mainEntityOfPage\":{\"@id\":\"https:\\\/\\\/divulguems.com.br\\\/?p=23210\"},\"wordCount\":225,\"commentCount\":0,\"publisher\":{\"@id\":\"https:\\\/\\\/divulguems.com.br\\\/#organization\"},\"image\":{\"@id\":\"https:\\\/\\\/divulguems.com.br\\\/?p=23210#primaryimage\"},\"thumbnailUrl\":\"https:\\\/\\\/divulguems.com.br\\\/wp-content\\\/uploads\\\/2026\\\/08\\\/23210-homem-apontado-como-puxador-de-guerra-do-cv-e-preso-no-rj.jpg\",\"articleSection\":[\"Pol\u00edtica\"],\"inLanguage\":\"pt-BR\",\"potentialAction\":[{\"@type\":\"CommentAction\",\"name\":\"Comment\",\"target\":[\"https:\\\/\\\/divulguems.com.br\\\/?p=23210#respond\"]}]},{\"@type\":\"WebPage\",\"@id\":\"https:\\\/\\\/divulguems.com.br\\\/?p=23210\",\"url\":\"https:\\\/\\\/divulguems.com.br\\\/?p=23210\",\"name\":\"Homem apontado como \\\"puxador de guerra\\\" do CV \u00e9 preso no RJ - Divulgue MS\",\"isPartOf\":{\"@id\":\"https:\\\/\\\/divulguems.com.br\\\/#website\"},\"primaryImageOfPage\":{\"@id\":\"https:\\\/\\\/divulguems.com.br\\\/?p=23210#primaryimage\"},\"image\":{\"@id\":\"https:\\\/\\\/divulguems.com.br\\\/?p=23210#primaryimage\"},\"thumbnailUrl\":\"https:\\\/\\\/divulguems.com.br\\\/wp-content\\\/uploads\\\/2026\\\/08\\\/23210-homem-apontado-como-puxador-de-guerra-do-cv-e-preso-no-rj.jpg\",\"datePublished\":\"2026-08-30T22:16:22+00:00\",\"breadcrumb\":{\"@id\":\"https:\\\/\\\/divulguems.com.br\\\/?p=23210#breadcrumb\"},\"inLanguage\":\"pt-BR\",\"potentialAction\":[{\"@type\":\"ReadAction\",\"target\":[\"https:\\\/\\\/divulguems.com.br\\\/?p=23210\"]}]},{\"@type\":\"ImageObject\",\"inLanguage\":\"pt-BR\",\"@id\":\"https:\\\/\\\/divulguems.com.br\\\/?p=23210#primaryimage\",\"url\":\"https:\\\/\\\/divulguems.com.br\\\/wp-content\\\/uploads\\\/2026\\\/08\\\/23210-homem-apontado-como-puxador-de-guerra-do-cv-e-preso-no-rj.jpg\",\"contentUrl\":\"https:\\\/\\\/divulguems.com.br\\\/wp-content\\\/uploads\\\/2026\\\/08\\\/23210-homem-apontado-como-puxador-de-guerra-do-cv-e-preso-no-rj.jpg\",\"width\":1600,\"height\":800,\"caption\":\"Homem apontado como &#8220;puxador de guerra&#8221; do CV \u00e9 preso no RJ\"},{\"@type\":\"BreadcrumbList\",\"@id\":\"https:\\\/\\\/divulguems.com.br\\\/?p=23210#breadcrumb\",\"itemListElement\":[{\"@type\":\"ListItem\",\"position\":1,\"name\":\"In\u00edcio\",\"item\":\"https:\\\/\\\/divulguems.com.br\\\/\"},{\"@type\":\"ListItem\",\"position\":2,\"name\":\"Homem apontado como &#8220;puxador de guerra&#8221; do CV \u00e9 preso no RJ\"}]},{\"@type\":\"WebSite\",\"@id\":\"https:\\\/\\\/divulguems.com.br\\\/#website\",\"url\":\"https:\\\/\\\/divulguems.com.br\\\/\",\"name\":\"Portal Infoco Brasil\",\"description\":\"L\u00edder de audi\u00eancia.\",\"publisher\":{\"@id\":\"https:\\\/\\\/divulguems.com.br\\\/#organization\"},\"potentialAction\":[{\"@type\":\"SearchAction\",\"target\":{\"@type\":\"EntryPoint\",\"urlTemplate\":\"https:\\\/\\\/divulguems.com.br\\\/?s={search_term_string}\"},\"query-input\":{\"@type\":\"PropertyValueSpecification\",\"valueRequired\":true,\"valueName\":\"search_term_string\"}}],\"inLanguage\":\"pt-BR\"},{\"@type\":\"Organization\",\"@id\":\"https:\\\/\\\/divulguems.com.br\\\/#organization\",\"name\":\"Portal Infoco Brasil\",\"url\":\"https:\\\/\\\/divulguems.com.br\\\/\",\"logo\":{\"@type\":\"ImageObject\",\"inLanguage\":\"pt-BR\",\"@id\":\"https:\\\/\\\/divulguems.com.br\\\/#\\\/schema\\\/logo\\\/image\\\/\",\"url\":\"https:\\\/\\\/divulguems.com.br\\\/wp-content\\\/uploads\\\/2025\\\/04\\\/LOGO-PNG-AZUL.png\",\"contentUrl\":\"https:\\\/\\\/divulguems.com.br\\\/wp-content\\\/uploads\\\/2025\\\/04\\\/LOGO-PNG-AZUL.png\",\"width\":1166,\"height\":475,\"caption\":\"Portal Infoco Brasil\"},\"image\":{\"@id\":\"https:\\\/\\\/divulguems.com.br\\\/#\\\/schema\\\/logo\\\/image\\\/\"},\"sameAs\":[\"https:\\\/\\\/www.facebook.com\\\/portalinfocobrasil\",\"https:\\\/\\\/www.instagram.com\\\/portalinfocobrasil\"]},{\"@type\":\"Person\",\"@id\":\"https:\\\/\\\/divulguems.com.br\\\/#\\\/schema\\\/person\\\/85cb29f0608083b8ae66501ac547eec3\",\"name\":\"gestormovie\",\"image\":{\"@type\":\"ImageObject\",\"inLanguage\":\"pt-BR\",\"@id\":\"https:\\\/\\\/secure.gravatar.com\\\/avatar\\\/1a363cacdce58d5745359cac63cadf7cee0b34c09ab5adc6e07dafbc1ad3ceef?s=96&d=mm&r=g\",\"url\":\"https:\\\/\\\/secure.gravatar.com\\\/avatar\\\/1a363cacdce58d5745359cac63cadf7cee0b34c09ab5adc6e07dafbc1ad3ceef?s=96&d=mm&r=g\",\"contentUrl\":\"https:\\\/\\\/secure.gravatar.com\\\/avatar\\\/1a363cacdce58d5745359cac63cadf7cee0b34c09ab5adc6e07dafbc1ad3ceef?s=96&d=mm&r=g\",\"caption\":\"gestormovie\"},\"sameAs\":[\"https:\\\/\\\/divulguems.com.br\"],\"url\":\"https:\\\/\\\/divulguems.com.br\\\/?author=1\"}]}<\/script>\n<!-- \/ Yoast SEO Premium plugin. -->","yoast_head_json":{"title":"Homem apontado como \"puxador de guerra\" do CV \u00e9 preso no RJ - Divulgue MS","robots":{"index":"index","follow":"follow","max-snippet":"max-snippet:-1","max-image-preview":"max-image-preview:large","max-video-preview":"max-video-preview:-1"},"canonical":"https:\/\/divulguems.com.br\/?p=23210","og_locale":"pt_BR","og_type":"article","og_title":"Homem apontado como \"puxador de guerra\" do CV \u00e9 preso no RJ","og_description":"Uma a\u00e7\u00e3o conjunta das Pol\u00edcias Civil e Militar do Rio de Janeiro prendeu um dos principais integrantes da fac\u00e7\u00e3o criminosa Comando Vermelho (CV), na Baixada Fluminense. Luiz Felipe Gomes da Silva, conhecido como Simba, foi capturado\u00a0na noite passada, durante uma opera\u00e7\u00e3o no Complexo da Mangueirinha, maior conjunto de favelas da Regi\u00e3o. Apontado como \u201cpuxador de [&hellip;]","og_url":"https:\/\/divulguems.com.br\/?p=23210","og_site_name":"Divulgue MS","article_publisher":"https:\/\/www.facebook.com\/portalinfocobrasil","article_published_time":"2026-08-30T22:16:22+00:00","og_image":[{"url":"https:\/\/agenciabrasil.ebc.com.br\/ebc.png?id=1700927&o=rss","type":"","width":"","height":""}],"author":"gestormovie","twitter_card":"summary_large_image","twitter_misc":{"Escrito por":"gestormovie","Est. tempo de leitura":"1 minuto"},"schema":{"@context":"https:\/\/schema.org","@graph":[{"@type":"Article","@id":"https:\/\/divulguems.com.br\/?p=23210#article","isPartOf":{"@id":"https:\/\/divulguems.com.br\/?p=23210"},"author":{"name":"gestormovie","@id":"https:\/\/divulguems.com.br\/#\/schema\/person\/85cb29f0608083b8ae66501ac547eec3"},"headline":"Homem apontado como &#8220;puxador de guerra&#8221; do CV \u00e9 preso no RJ","datePublished":"2026-08-30T22:16:22+00:00","mainEntityOfPage":{"@id":"https:\/\/divulguems.com.br\/?p=23210"},"wordCount":225,"commentCount":0,"publisher":{"@id":"https:\/\/divulguems.com.br\/#organization"},"image":{"@id":"https:\/\/divulguems.com.br\/?p=23210#primaryimage"},"thumbnailUrl":"https:\/\/divulguems.com.br\/wp-content\/uploads\/2026\/08\/23210-homem-apontado-como-puxador-de-guerra-do-cv-e-preso-no-rj.jpg","articleSection":["Pol\u00edtica"],"inLanguage":"pt-BR","potentialAction":[{"@type":"CommentAction","name":"Comment","target":["https:\/\/divulguems.com.br\/?p=23210#respond"]}]},{"@type":"WebPage","@id":"https:\/\/divulguems.com.br\/?p=23210","url":"https:\/\/divulguems.com.br\/?p=23210","name":"Homem apontado como \"puxador de guerra\" do CV \u00e9 preso no RJ - Divulgue MS","isPartOf":{"@id":"https:\/\/divulguems.com.br\/#website"},"primaryImageOfPage":{"@id":"https:\/\/divulguems.com.br\/?p=23210#primaryimage"},"image":{"@id":"https:\/\/divulguems.com.br\/?p=23210#primaryimage"},"thumbnailUrl":"https:\/\/divulguems.com.br\/wp-content\/uploads\/2026\/08\/23210-homem-apontado-como-puxador-de-guerra-do-cv-e-preso-no-rj.jpg","datePublished":"2026-08-30T22:16:22+00:00","breadcrumb":{"@id":"https:\/\/divulguems.com.br\/?p=23210#breadcrumb"},"inLanguage":"pt-BR","potentialAction":[{"@type":"ReadAction","target":["https:\/\/divulguems.com.br\/?p=23210"]}]},{"@type":"ImageObject","inLanguage":"pt-BR","@id":"https:\/\/divulguems.com.br\/?p=23210#primaryimage","url":"https:\/\/divulguems.com.br\/wp-content\/uploads\/2026\/08\/23210-homem-apontado-como-puxador-de-guerra-do-cv-e-preso-no-rj.jpg","contentUrl":"https:\/\/divulguems.com.br\/wp-content\/uploads\/2026\/08\/23210-homem-apontado-como-puxador-de-guerra-do-cv-e-preso-no-rj.jpg","width":1600,"height":800,"caption":"Homem apontado como &#8220;puxador de guerra&#8221; do CV \u00e9 preso no RJ"},{"@type":"BreadcrumbList","@id":"https:\/\/divulguems.com.br\/?p=23210#breadcrumb","itemListElement":[{"@type":"ListItem","position":1,"name":"In\u00edcio","item":"https:\/\/divulguems.com.br\/"},{"@type":"ListItem","position":2,"name":"Homem apontado como &#8220;puxador de guerra&#8221; do CV \u00e9 preso no RJ"}]},{"@type":"WebSite","@id":"https:\/\/divulguems.com.br\/#website","url":"https:\/\/divulguems.com.br\/","name":"Portal Infoco Brasil","description":"L\u00edder de audi\u00eancia.","publisher":{"@id":"https:\/\/divulguems.com.br\/#organization"},"potentialAction":[{"@type":"SearchAction","target":{"@type":"EntryPoint","urlTemplate":"https:\/\/divulguems.com.br\/?s={search_term_string}"},"query-input":{"@type":"PropertyValueSpecification","valueRequired":true,"valueName":"search_term_string"}}],"inLanguage":"pt-BR"},{"@type":"Organization","@id":"https:\/\/divulguems.com.br\/#organization","name":"Portal Infoco Brasil","url":"https:\/\/divulguems.com.br\/","logo":{"@type":"ImageObject","inLanguage":"pt-BR","@id":"https:\/\/divulguems.com.br\/#\/schema\/logo\/image\/","url":"https:\/\/divulguems.com.br\/wp-content\/uploads\/2025\/04\/LOGO-PNG-AZUL.png","contentUrl":"https:\/\/divulguems.com.br\/wp-content\/uploads\/2025\/04\/LOGO-PNG-AZUL.png","width":1166,"height":475,"caption":"Portal Infoco Brasil"},"image":{"@id":"https:\/\/divulguems.com.br\/#\/schema\/logo\/image\/"},"sameAs":["https:\/\/www.facebook.com\/portalinfocobrasil","https:\/\/www.instagram.com\/portalinfocobrasil"]},{"@type":"Person","@id":"https:\/\/divulguems.com.br\/#\/schema\/person\/85cb29f0608083b8ae66501ac547eec3","name":"gestormovie","image":{"@type":"ImageObject","inLanguage":"pt-BR","@id":"https:\/\/secure.gravatar.com\/avatar\/1a363cacdce58d5745359cac63cadf7cee0b34c09ab5adc6e07dafbc1ad3ceef?s=96&d=mm&r=g","url":"https:\/\/secure.gravatar.com\/avatar\/1a363cacdce58d5745359cac63cadf7cee0b34c09ab5adc6e07dafbc1ad3ceef?s=96&d=mm&r=g","contentUrl":"https:\/\/secure.gravatar.com\/avatar\/1a363cacdce58d5745359cac63cadf7cee0b34c09ab5adc6e07dafbc1ad3ceef?s=96&d=mm&r=g","caption":"gestormovie"},"sameAs":["https:\/\/divulguems.com.br"],"url":"https:\/\/divulguems.com.br\/?author=1"}]}},"_links":{"self":[{"href":"https:\/\/divulguems.com.br\/index.php?rest_route=\/wp\/v2\/posts\/23210","targetHints":{"allow":["GET"]}}],"collection":[{"href":"https:\/\/divulguems.com.br\/index.php?rest_route=\/wp\/v2\/posts"}],"about":[{"href":"https:\/\/divulguems.com.br\/index.php?rest_route=\/wp\/v2\/types\/post"}],"author":[{"embeddable":true,"href":"https:\/\/divulguems.com.br\/index.php?rest_route=\/wp\/v2\/users\/1"}],"replies":[{"embeddable":true,"href":"https:\/\/divulguems.com.br\/index.php?rest_route=%2Fwp%2Fv2%2Fcomments&post=23210"}],"version-history":[{"count":0,"href":"https:\/\/divulguems.com.br\/index.php?rest_route=\/wp\/v2\/posts\/23210\/revisions"}],"wp:featuredmedia":[{"embeddable":true,"href":"https:\/\/divulguems.com.br\/index.php?rest_route=\/wp\/v2\/media\/23211"}],"wp:attachment":[{"href":"https:\/\/divulguems.com.br\/index.php?rest_route=%2Fwp%2Fv2%2Fmedia&parent=23210"}],"wp:term":[{"taxonomy":"category","embeddable":true,"href":"https:\/\/divulguems.com.br\/index.php?rest_route=%2Fwp%2Fv2%2Fcategories&post=23210"},{"taxonomy":"post_tag","embeddable":true,"href":"https:\/\/divulguems.com.br\/index.php?rest_route=%2Fwp%2Fv2%2Ftags&post=23210"}],"curies":[{"name":"wp","href":"https:\/\/api.w.org\/{rel}","templated":true}]}}