{"id":23216,"date":"2026-08-30T20:24:01","date_gmt":"2026-08-31T00:24:01","guid":{"rendered":"https:\/\/divulguems.com.br\/?p=23216"},"modified":"2026-08-30T20:24:01","modified_gmt":"2026-08-31T00:24:01","slug":"congresso-vota-nesta-semana-fim-da-escala-6x1-e-taxa-das-blusinhas","status":"publish","type":"post","link":"https:\/\/divulguems.com.br\/?p=23216","title":{"rendered":"Congresso vota nesta semana fim da escala 6&#215;1 e &#8220;taxa das blusinhas&#8221;"},"content":{"rendered":"<\/p>\n<p><a class=\"\" href=\"https:\/\/agenciabrasil.ebc.com.br\/politica\/noticia\/2026-08\/congresso-vota-nesta-semana-fim-da-escala-6x1-e-taxa-das-blusinhas\"><br \/>\n                    <img decoding=\"async\" src=\"https:\/\/cdn.jsdelivr.net\/gh\/sergiosdlima\/assets-ebc@1.0.0\/abr\/assets\/images\/logo-agenciabrasil.svg\" alt=\"Logo Ag\u00eancia Brasil\"><br \/>\n\t\t\t\t<\/a><\/p>\n<p>O Congresso Nacional deve analisar nesta semana cinco propostas de grande repercuss\u00e3o social, como o fim da jornada 6&#215;1 e a isen\u00e7\u00e3o de impostos para as compras de at\u00e9 US$ 50 em plataformas digitais, conhecida como &#8220;taxa das blusinhas&#8221;.\u00a0<img decoding=\"async\" src=\"https:\/\/agenciabrasil.ebc.com.br\/ebc.png?id=1701015&#038;o=rss\"><img decoding=\"async\" src=\"https:\/\/agenciabrasil.ebc.com.br\/ebc.gif?id=1701015&#038;o=rss\"><\/p>\n<p>As pautas\u00a0fazem parte do<a href=\"https:\/\/agenciabrasil.ebc.com.br\/politica\/noticia\/2026-08\/governo-e-congresso-acertam-pautas-para-esforco-concentrado-de-votacao\" target=\"_blank\"> esfor\u00e7o concentrado da C\u00e2mara dos Deputados e do Senado antes das elei\u00e7\u00f5es de outubro<\/a>.\u00a0\u00a0<\/p>\n<h2>Fim da escala 6&#215;1<\/h2>\n<\/p>\n<h3>Not\u00edcias relacionadas:<\/h3>\n<ul>\n<li><a href=\"https:\/\/agenciabrasil.ebc.com.br\/politica\/noticia\/2026-08\/relator-da-ccj-do-senado-vota-favor-da-pec-do-fim-da-escala-6x1\">Relator da CCJ do Senado vota a favor da PEC do fim da escala 6&#215;1.<\/a><\/li>\n<\/ul>\n<p>O texto que prev\u00ea o fim da jornada de trabalho de seis dias para um de descanso deve ser analisado na\u00a0quarta-feira (2)\u00a0pela Comiss\u00e3o de Constitui\u00e7\u00e3o e Justi\u00e7a do Senado.<\/p>\n<p>O relator da proposta, senador Omar Aziz (PSD-AM), <a href=\"https:\/\/agenciabrasil.ebc.com.br\/politica\/noticia\/2026-08\/relator-da-ccj-do-senado-vota-favor-da-pec-do-fim-da-escala-6x1\" target=\"_blank\">apresentou na \u00faltima quinta-feira (27) parecer favor\u00e1vel e rejeitou as doze emendas apresentadas pelos senadores<\/a>. A estrat\u00e9gia \u00e9 manter o mesmo texto\u00a0aprovado pela C\u00e2mara e, assim, evitar que a proposta precise voltar para an\u00e1lise dos deputados.<\/p>\n<p><strong>>> Veja o que prev\u00ea o texto:<\/strong><\/p>\n<ul>\n<li>Dois dias de repouso semanal remunerado, sendo um deles preferencialmente aos domingos<\/li>\n<li>Sal\u00e1rio n\u00e3o poder\u00e1 ser reduzido por causa\u00a0diminui\u00e7\u00e3o da jornada<\/li>\n<li>Dois meses ap\u00f3s a promulga\u00e7\u00e3o da PEC, a jornada m\u00e1xima passa\u00a0das atuais 44 para 42 horas semanais.<\/li>\n<li>Um ano depois do fim desse primeiro per\u00edodo, cai definitivamente para 40 horas.<\/li>\n<\/ul>\n<p>Se for aprovada na CCJ, a Proposta de Emenda \u00e0 Constitui\u00e7\u00e3o (PEC) ainda precisa passar por dois turnos de vota\u00e7\u00e3o no Plen\u00e1rio do Senado, com pelo menos 49 votos favor\u00e1veis em cada um.<\/p>\n<h2>Fim da &#8220;taxa das blusinhas&#8221;<\/h2>\n<p>Outro assunto de forte repercuss\u00e3o \u00e9 o fim da chamada \u201ctaxa das blusinhas\u201d, o imposto de importa\u00e7\u00e3o sobre compras internacionais de at\u00e9 US$ 50.<\/p>\n<p>A Medida Provis\u00f3ria\u00a0come\u00e7a a semana na comiss\u00e3o mista de deputados e senadores, que se re\u00fane nesta segunda-feira (31), \u00e0s 16h. A relatora, senadora Leila Barros (PDT-DF), deve apresentar o parecer e h\u00e1 expectativa de vota\u00e7\u00e3o na pr\u00f3pria comiss\u00e3o.<\/p>\n<p>A MP perde a validade no dia 8 de setembro. Se aprovada na comiss\u00e3o, ainda precisa passar pelos plen\u00e1rios da C\u00e2mara e do Senado.<\/p>\n<h2>Mototaxistas e entregadores de aplicativo<\/h2>\n<p>Na C\u00e2mara, a primeira sess\u00e3o de vota\u00e7\u00e3o est\u00e1 marcada para esta segunda-feira (31), \u00e0s 18h.<\/p>\n<p>Al\u00e9m da &#8220;taxa das blusinhas&#8221;, est\u00e3o previstas outras duas medidas provis\u00f3rias ligadas aos trabalhadores de aplicativos: uma simplifica as regras para mototaxistas e profissionais de motofrete; e outra cria uma linha de financiamento para entregadores comprarem motos e bicicletas el\u00e9tricas.<\/p>\n<p>Entre os outros projetos que podem ser analisados pelos deputados est\u00e3o a manuten\u00e7\u00e3o dos incentivos fiscais para doa\u00e7\u00f5es aos programas de aten\u00e7\u00e3o oncol\u00f3gica e de sa\u00fade da pessoa com defici\u00eancia, a Pol\u00edtica Nacional de Agroecologia e Produ\u00e7\u00e3o Org\u00e2nica e o Plano Nacional de Cultura para os pr\u00f3ximos dez anos.<\/p>\n<h2>PEC da Seguran\u00e7a P\u00fablica<\/h2>\n<p>No Senado, outra prioridade \u00e9 a PEC da Seguran\u00e7a P\u00fablica, que tamb\u00e9m est\u00e1 na Comiss\u00e3o de Constitui\u00e7\u00e3o e Justi\u00e7a. A proposta amplia a integra\u00e7\u00e3o entre as for\u00e7as de seguran\u00e7a, o compartilhamento de informa\u00e7\u00f5es e altera regras de financiamento do setor.<\/p>\n<p>Na pauta econ\u00f4mica, os senadores devem tentar avan\u00e7ar no Redata, que cria incentivos para a instala\u00e7\u00e3o de data centers no Brasil, e no marco dos minerais cr\u00edticos e estrat\u00e9gicos, mat\u00e9rias-primas essenciais para setores como tecnologia, energia limpa, carros el\u00e9tricos e defesa.<\/p>\n<h2>Or\u00e7amento de 2027<\/h2>\n<p>Al\u00e9m das vota\u00e7\u00f5es, o Congresso recebe uma das propostas mais importantes para a economia no pr\u00f3ximo ano: o Or\u00e7amento de 2027.<\/p>\n<p>O governo precisa encaminhar ao Congresso o Projeto de Lei Or\u00e7ament\u00e1ria Anual, o PLOA, com as estimativas de receitas e despesas da Uni\u00e3o para o ano que vem.<\/p>\n<p>A proposta abre uma nova rodada de negocia\u00e7\u00f5es sobre as prioridades do governo, o cumprimento das metas fiscais e os recursos destinados \u00e0s pol\u00edticas p\u00fablicas e aos investimentos federais.<\/p>\n<p>O texto ainda ser\u00e1 analisado pela Comiss\u00e3o Mista de Or\u00e7amento antes de seguir para vota\u00e7\u00e3o no Congresso Nacional.<\/p>\n<p>\u00a0<\/p>\n<p><em>* Com informa\u00e7\u00f5es da TV Brasil<\/em><\/p>\n","protected":false},"excerpt":{"rendered":"<p>O Congresso Nacional deve analisar nesta semana cinco propostas de grande repercuss\u00e3o social, como o fim da jornada 6&#215;1 e a isen\u00e7\u00e3o de impostos para as compras de at\u00e9 US$ 50 em plataformas digitais, conhecida como &#8220;taxa das blusinhas&#8221;.\u00a0 As pautas\u00a0fazem parte do esfor\u00e7o concentrado da C\u00e2mara dos Deputados e do Senado antes das elei\u00e7\u00f5es [&hellip;]<\/p>\n","protected":false},"author":1,"featured_media":23217,"comment_status":"open","ping_status":"open","sticky":false,"template":"","format":"standard","meta":{"site-sidebar-layout":"default","site-content-layout":"","ast-site-content-layout":"default","site-content-style":"default","site-sidebar-style":"default","ast-global-header-display":"","ast-banner-title-visibility":"","ast-main-header-display":"","ast-hfb-above-header-display":"","ast-hfb-below-header-display":"","ast-hfb-mobile-header-display":"","site-post-title":"","ast-breadcrumbs-content":"","ast-featured-img":"","footer-sml-layout":"","ast-disable-related-posts":"","theme-transparent-header-meta":"","adv-header-id-meta":"","stick-header-meta":"","header-above-stick-meta":"","header-main-stick-meta":"","header-below-stick-meta":"","astra-migrate-meta-layouts":"default","ast-page-background-enabled":"default","ast-page-background-meta":{"desktop":{"background-color":"var(--ast-global-color-4)","background-image":"","background-repeat":"repeat","background-position":"center center","background-size":"auto","background-attachment":"scroll","background-type":"","background-media":"","overlay-type":"","overlay-color":"","overlay-opacity":"","overlay-gradient":""},"tablet":{"background-color":"","background-image":"","background-repeat":"repeat","background-position":"center center","background-size":"auto","background-attachment":"scroll","background-type":"","background-media":"","overlay-type":"","overlay-color":"","overlay-opacity":"","overlay-gradient":""},"mobile":{"background-color":"","background-image":"","background-repeat":"repeat","background-position":"center center","background-size":"auto","background-attachment":"scroll","background-type":"","background-media":"","overlay-type":"","overlay-color":"","overlay-opacity":"","overlay-gradient":""}},"ast-content-background-meta":{"desktop":{"background-color":"var(--ast-global-color-5)","background-image":"","background-repeat":"repeat","background-position":"center center","background-size":"auto","background-attachment":"scroll","background-type":"","background-media":"","overlay-type":"","overlay-color":"","overlay-opacity":"","overlay-gradient":""},"tablet":{"background-color":"var(--ast-global-color-5)","background-image":"","background-repeat":"repeat","background-position":"center center","background-size":"auto","background-attachment":"scroll","background-type":"","background-media":"","overlay-type":"","overlay-color":"","overlay-opacity":"","overlay-gradient":""},"mobile":{"background-color":"var(--ast-global-color-5)","background-image":"","background-repeat":"repeat","background-position":"center center","background-size":"auto","background-attachment":"scroll","background-type":"","background-media":"","overlay-type":"","overlay-color":"","overlay-opacity":"","overlay-gradient":""}},"footnotes":""},"categories":[1],"tags":[],"class_list":["post-23216","post","type-post","status-publish","format-standard","has-post-thumbnail","hentry","category-sem-categoria"],"yoast_head":"<!-- This site is optimized with the Yoast SEO Premium plugin v23.6 (Yoast SEO v28.1) - https:\/\/yoast.com\/product\/yoast-seo-premium-wordpress\/ -->\n<title>Congresso vota nesta semana fim da escala 6x1 e &quot;taxa das blusinhas&quot; - Divulgue MS<\/title>\n<meta name=\"robots\" content=\"index, follow, max-snippet:-1, max-image-preview:large, max-video-preview:-1\" \/>\n<link rel=\"canonical\" href=\"https:\/\/divulguems.com.br\/?p=23216\" \/>\n<meta property=\"og:locale\" content=\"pt_BR\" \/>\n<meta property=\"og:type\" content=\"article\" \/>\n<meta property=\"og:title\" content=\"Congresso vota nesta semana fim da escala 6x1 e &quot;taxa das blusinhas&quot;\" \/>\n<meta property=\"og:description\" content=\"O Congresso Nacional deve analisar nesta semana cinco propostas de grande repercuss\u00e3o social, como o fim da jornada 6&#215;1 e a isen\u00e7\u00e3o de impostos para as compras de at\u00e9 US$ 50 em plataformas digitais, conhecida como &#8220;taxa das blusinhas&#8221;.\u00a0 As pautas\u00a0fazem parte do esfor\u00e7o concentrado da C\u00e2mara dos Deputados e do Senado antes das elei\u00e7\u00f5es [&hellip;]\" \/>\n<meta property=\"og:url\" content=\"https:\/\/divulguems.com.br\/?p=23216\" \/>\n<meta property=\"og:site_name\" content=\"Divulgue MS\" \/>\n<meta property=\"article:publisher\" content=\"https:\/\/www.facebook.com\/portalinfocobrasil\" \/>\n<meta property=\"article:published_time\" content=\"2026-08-31T00:24:01+00:00\" \/>\n<meta property=\"og:image\" content=\"https:\/\/cdn.jsdelivr.net\/gh\/sergiosdlima\/assets-ebc@1.0.0\/abr\/assets\/images\/logo-agenciabrasil.svg\" \/>\n<meta name=\"author\" content=\"gestormovie\" \/>\n<meta name=\"twitter:card\" content=\"summary_large_image\" \/>\n<meta name=\"twitter:label1\" content=\"Escrito por\" \/>\n\t<meta name=\"twitter:data1\" content=\"gestormovie\" \/>\n\t<meta name=\"twitter:label2\" content=\"Est. tempo de leitura\" \/>\n\t<meta name=\"twitter:data2\" content=\"4 minutos\" \/>\n<script type=\"application\/ld+json\" class=\"yoast-schema-graph\">{\"@context\":\"https:\\\/\\\/schema.org\",\"@graph\":[{\"@type\":\"Article\",\"@id\":\"https:\\\/\\\/divulguems.com.br\\\/?p=23216#article\",\"isPartOf\":{\"@id\":\"https:\\\/\\\/divulguems.com.br\\\/?p=23216\"},\"author\":{\"name\":\"gestormovie\",\"@id\":\"https:\\\/\\\/divulguems.com.br\\\/#\\\/schema\\\/person\\\/85cb29f0608083b8ae66501ac547eec3\"},\"headline\":\"Congresso vota nesta semana fim da escala 6&#215;1 e &#8220;taxa das blusinhas&#8221;\",\"datePublished\":\"2026-08-31T00:24:01+00:00\",\"mainEntityOfPage\":{\"@id\":\"https:\\\/\\\/divulguems.com.br\\\/?p=23216\"},\"wordCount\":720,\"commentCount\":0,\"publisher\":{\"@id\":\"https:\\\/\\\/divulguems.com.br\\\/#organization\"},\"image\":{\"@id\":\"https:\\\/\\\/divulguems.com.br\\\/?p=23216#primaryimage\"},\"thumbnailUrl\":\"https:\\\/\\\/divulguems.com.br\\\/wp-content\\\/uploads\\\/2026\\\/08\\\/23216-congresso-vota-nesta-semana-fim-da-escala-61-e-taxa-das-blusinhas.jpg\",\"articleSection\":[\"\u00daltimas Not\u00edcias\"],\"inLanguage\":\"pt-BR\",\"potentialAction\":[{\"@type\":\"CommentAction\",\"name\":\"Comment\",\"target\":[\"https:\\\/\\\/divulguems.com.br\\\/?p=23216#respond\"]}]},{\"@type\":\"WebPage\",\"@id\":\"https:\\\/\\\/divulguems.com.br\\\/?p=23216\",\"url\":\"https:\\\/\\\/divulguems.com.br\\\/?p=23216\",\"name\":\"Congresso vota nesta semana fim da escala 6x1 e \\\"taxa das blusinhas\\\" - Divulgue MS\",\"isPartOf\":{\"@id\":\"https:\\\/\\\/divulguems.com.br\\\/#website\"},\"primaryImageOfPage\":{\"@id\":\"https:\\\/\\\/divulguems.com.br\\\/?p=23216#primaryimage\"},\"image\":{\"@id\":\"https:\\\/\\\/divulguems.com.br\\\/?p=23216#primaryimage\"},\"thumbnailUrl\":\"https:\\\/\\\/divulguems.com.br\\\/wp-content\\\/uploads\\\/2026\\\/08\\\/23216-congresso-vota-nesta-semana-fim-da-escala-61-e-taxa-das-blusinhas.jpg\",\"datePublished\":\"2026-08-31T00:24:01+00:00\",\"breadcrumb\":{\"@id\":\"https:\\\/\\\/divulguems.com.br\\\/?p=23216#breadcrumb\"},\"inLanguage\":\"pt-BR\",\"potentialAction\":[{\"@type\":\"ReadAction\",\"target\":[\"https:\\\/\\\/divulguems.com.br\\\/?p=23216\"]}]},{\"@type\":\"ImageObject\",\"inLanguage\":\"pt-BR\",\"@id\":\"https:\\\/\\\/divulguems.com.br\\\/?p=23216#primaryimage\",\"url\":\"https:\\\/\\\/divulguems.com.br\\\/wp-content\\\/uploads\\\/2026\\\/08\\\/23216-congresso-vota-nesta-semana-fim-da-escala-61-e-taxa-das-blusinhas.jpg\",\"contentUrl\":\"https:\\\/\\\/divulguems.com.br\\\/wp-content\\\/uploads\\\/2026\\\/08\\\/23216-congresso-vota-nesta-semana-fim-da-escala-61-e-taxa-das-blusinhas.jpg\",\"width\":1600,\"height\":800,\"caption\":\"Congresso vota nesta semana fim da escala 6&#215;1 e &#8220;taxa das blusinhas&#8221;\"},{\"@type\":\"BreadcrumbList\",\"@id\":\"https:\\\/\\\/divulguems.com.br\\\/?p=23216#breadcrumb\",\"itemListElement\":[{\"@type\":\"ListItem\",\"position\":1,\"name\":\"In\u00edcio\",\"item\":\"https:\\\/\\\/divulguems.com.br\\\/\"},{\"@type\":\"ListItem\",\"position\":2,\"name\":\"Congresso vota nesta semana fim da escala 6&#215;1 e &#8220;taxa das blusinhas&#8221;\"}]},{\"@type\":\"WebSite\",\"@id\":\"https:\\\/\\\/divulguems.com.br\\\/#website\",\"url\":\"https:\\\/\\\/divulguems.com.br\\\/\",\"name\":\"Portal Infoco Brasil\",\"description\":\"L\u00edder de audi\u00eancia.\",\"publisher\":{\"@id\":\"https:\\\/\\\/divulguems.com.br\\\/#organization\"},\"potentialAction\":[{\"@type\":\"SearchAction\",\"target\":{\"@type\":\"EntryPoint\",\"urlTemplate\":\"https:\\\/\\\/divulguems.com.br\\\/?s={search_term_string}\"},\"query-input\":{\"@type\":\"PropertyValueSpecification\",\"valueRequired\":true,\"valueName\":\"search_term_string\"}}],\"inLanguage\":\"pt-BR\"},{\"@type\":\"Organization\",\"@id\":\"https:\\\/\\\/divulguems.com.br\\\/#organization\",\"name\":\"Portal Infoco Brasil\",\"url\":\"https:\\\/\\\/divulguems.com.br\\\/\",\"logo\":{\"@type\":\"ImageObject\",\"inLanguage\":\"pt-BR\",\"@id\":\"https:\\\/\\\/divulguems.com.br\\\/#\\\/schema\\\/logo\\\/image\\\/\",\"url\":\"https:\\\/\\\/divulguems.com.br\\\/wp-content\\\/uploads\\\/2025\\\/04\\\/LOGO-PNG-AZUL.png\",\"contentUrl\":\"https:\\\/\\\/divulguems.com.br\\\/wp-content\\\/uploads\\\/2025\\\/04\\\/LOGO-PNG-AZUL.png\",\"width\":1166,\"height\":475,\"caption\":\"Portal Infoco Brasil\"},\"image\":{\"@id\":\"https:\\\/\\\/divulguems.com.br\\\/#\\\/schema\\\/logo\\\/image\\\/\"},\"sameAs\":[\"https:\\\/\\\/www.facebook.com\\\/portalinfocobrasil\",\"https:\\\/\\\/www.instagram.com\\\/portalinfocobrasil\"]},{\"@type\":\"Person\",\"@id\":\"https:\\\/\\\/divulguems.com.br\\\/#\\\/schema\\\/person\\\/85cb29f0608083b8ae66501ac547eec3\",\"name\":\"gestormovie\",\"image\":{\"@type\":\"ImageObject\",\"inLanguage\":\"pt-BR\",\"@id\":\"https:\\\/\\\/secure.gravatar.com\\\/avatar\\\/1a363cacdce58d5745359cac63cadf7cee0b34c09ab5adc6e07dafbc1ad3ceef?s=96&d=mm&r=g\",\"url\":\"https:\\\/\\\/secure.gravatar.com\\\/avatar\\\/1a363cacdce58d5745359cac63cadf7cee0b34c09ab5adc6e07dafbc1ad3ceef?s=96&d=mm&r=g\",\"contentUrl\":\"https:\\\/\\\/secure.gravatar.com\\\/avatar\\\/1a363cacdce58d5745359cac63cadf7cee0b34c09ab5adc6e07dafbc1ad3ceef?s=96&d=mm&r=g\",\"caption\":\"gestormovie\"},\"sameAs\":[\"https:\\\/\\\/divulguems.com.br\"],\"url\":\"https:\\\/\\\/divulguems.com.br\\\/?author=1\"}]}<\/script>\n<!-- \/ Yoast SEO Premium plugin. -->","yoast_head_json":{"title":"Congresso vota nesta semana fim da escala 6x1 e \"taxa das blusinhas\" - Divulgue MS","robots":{"index":"index","follow":"follow","max-snippet":"max-snippet:-1","max-image-preview":"max-image-preview:large","max-video-preview":"max-video-preview:-1"},"canonical":"https:\/\/divulguems.com.br\/?p=23216","og_locale":"pt_BR","og_type":"article","og_title":"Congresso vota nesta semana fim da escala 6x1 e \"taxa das blusinhas\"","og_description":"O Congresso Nacional deve analisar nesta semana cinco propostas de grande repercuss\u00e3o social, como o fim da jornada 6&#215;1 e a isen\u00e7\u00e3o de impostos para as compras de at\u00e9 US$ 50 em plataformas digitais, conhecida como &#8220;taxa das blusinhas&#8221;.\u00a0 As pautas\u00a0fazem parte do esfor\u00e7o concentrado da C\u00e2mara dos Deputados e do Senado antes das elei\u00e7\u00f5es [&hellip;]","og_url":"https:\/\/divulguems.com.br\/?p=23216","og_site_name":"Divulgue MS","article_publisher":"https:\/\/www.facebook.com\/portalinfocobrasil","article_published_time":"2026-08-31T00:24:01+00:00","og_image":[{"url":"https:\/\/cdn.jsdelivr.net\/gh\/sergiosdlima\/assets-ebc@1.0.0\/abr\/assets\/images\/logo-agenciabrasil.svg","type":"","width":"","height":""}],"author":"gestormovie","twitter_card":"summary_large_image","twitter_misc":{"Escrito por":"gestormovie","Est. tempo de leitura":"4 minutos"},"schema":{"@context":"https:\/\/schema.org","@graph":[{"@type":"Article","@id":"https:\/\/divulguems.com.br\/?p=23216#article","isPartOf":{"@id":"https:\/\/divulguems.com.br\/?p=23216"},"author":{"name":"gestormovie","@id":"https:\/\/divulguems.com.br\/#\/schema\/person\/85cb29f0608083b8ae66501ac547eec3"},"headline":"Congresso vota nesta semana fim da escala 6&#215;1 e &#8220;taxa das blusinhas&#8221;","datePublished":"2026-08-31T00:24:01+00:00","mainEntityOfPage":{"@id":"https:\/\/divulguems.com.br\/?p=23216"},"wordCount":720,"commentCount":0,"publisher":{"@id":"https:\/\/divulguems.com.br\/#organization"},"image":{"@id":"https:\/\/divulguems.com.br\/?p=23216#primaryimage"},"thumbnailUrl":"https:\/\/divulguems.com.br\/wp-content\/uploads\/2026\/08\/23216-congresso-vota-nesta-semana-fim-da-escala-61-e-taxa-das-blusinhas.jpg","articleSection":["\u00daltimas Not\u00edcias"],"inLanguage":"pt-BR","potentialAction":[{"@type":"CommentAction","name":"Comment","target":["https:\/\/divulguems.com.br\/?p=23216#respond"]}]},{"@type":"WebPage","@id":"https:\/\/divulguems.com.br\/?p=23216","url":"https:\/\/divulguems.com.br\/?p=23216","name":"Congresso vota nesta semana fim da escala 6x1 e \"taxa das blusinhas\" - Divulgue MS","isPartOf":{"@id":"https:\/\/divulguems.com.br\/#website"},"primaryImageOfPage":{"@id":"https:\/\/divulguems.com.br\/?p=23216#primaryimage"},"image":{"@id":"https:\/\/divulguems.com.br\/?p=23216#primaryimage"},"thumbnailUrl":"https:\/\/divulguems.com.br\/wp-content\/uploads\/2026\/08\/23216-congresso-vota-nesta-semana-fim-da-escala-61-e-taxa-das-blusinhas.jpg","datePublished":"2026-08-31T00:24:01+00:00","breadcrumb":{"@id":"https:\/\/divulguems.com.br\/?p=23216#breadcrumb"},"inLanguage":"pt-BR","potentialAction":[{"@type":"ReadAction","target":["https:\/\/divulguems.com.br\/?p=23216"]}]},{"@type":"ImageObject","inLanguage":"pt-BR","@id":"https:\/\/divulguems.com.br\/?p=23216#primaryimage","url":"https:\/\/divulguems.com.br\/wp-content\/uploads\/2026\/08\/23216-congresso-vota-nesta-semana-fim-da-escala-61-e-taxa-das-blusinhas.jpg","contentUrl":"https:\/\/divulguems.com.br\/wp-content\/uploads\/2026\/08\/23216-congresso-vota-nesta-semana-fim-da-escala-61-e-taxa-das-blusinhas.jpg","width":1600,"height":800,"caption":"Congresso vota nesta semana fim da escala 6&#215;1 e &#8220;taxa das blusinhas&#8221;"},{"@type":"BreadcrumbList","@id":"https:\/\/divulguems.com.br\/?p=23216#breadcrumb","itemListElement":[{"@type":"ListItem","position":1,"name":"In\u00edcio","item":"https:\/\/divulguems.com.br\/"},{"@type":"ListItem","position":2,"name":"Congresso vota nesta semana fim da escala 6&#215;1 e &#8220;taxa das blusinhas&#8221;"}]},{"@type":"WebSite","@id":"https:\/\/divulguems.com.br\/#website","url":"https:\/\/divulguems.com.br\/","name":"Portal Infoco Brasil","description":"L\u00edder de audi\u00eancia.","publisher":{"@id":"https:\/\/divulguems.com.br\/#organization"},"potentialAction":[{"@type":"SearchAction","target":{"@type":"EntryPoint","urlTemplate":"https:\/\/divulguems.com.br\/?s={search_term_string}"},"query-input":{"@type":"PropertyValueSpecification","valueRequired":true,"valueName":"search_term_string"}}],"inLanguage":"pt-BR"},{"@type":"Organization","@id":"https:\/\/divulguems.com.br\/#organization","name":"Portal Infoco Brasil","url":"https:\/\/divulguems.com.br\/","logo":{"@type":"ImageObject","inLanguage":"pt-BR","@id":"https:\/\/divulguems.com.br\/#\/schema\/logo\/image\/","url":"https:\/\/divulguems.com.br\/wp-content\/uploads\/2025\/04\/LOGO-PNG-AZUL.png","contentUrl":"https:\/\/divulguems.com.br\/wp-content\/uploads\/2025\/04\/LOGO-PNG-AZUL.png","width":1166,"height":475,"caption":"Portal Infoco Brasil"},"image":{"@id":"https:\/\/divulguems.com.br\/#\/schema\/logo\/image\/"},"sameAs":["https:\/\/www.facebook.com\/portalinfocobrasil","https:\/\/www.instagram.com\/portalinfocobrasil"]},{"@type":"Person","@id":"https:\/\/divulguems.com.br\/#\/schema\/person\/85cb29f0608083b8ae66501ac547eec3","name":"gestormovie","image":{"@type":"ImageObject","inLanguage":"pt-BR","@id":"https:\/\/secure.gravatar.com\/avatar\/1a363cacdce58d5745359cac63cadf7cee0b34c09ab5adc6e07dafbc1ad3ceef?s=96&d=mm&r=g","url":"https:\/\/secure.gravatar.com\/avatar\/1a363cacdce58d5745359cac63cadf7cee0b34c09ab5adc6e07dafbc1ad3ceef?s=96&d=mm&r=g","contentUrl":"https:\/\/secure.gravatar.com\/avatar\/1a363cacdce58d5745359cac63cadf7cee0b34c09ab5adc6e07dafbc1ad3ceef?s=96&d=mm&r=g","caption":"gestormovie"},"sameAs":["https:\/\/divulguems.com.br"],"url":"https:\/\/divulguems.com.br\/?author=1"}]}},"_links":{"self":[{"href":"https:\/\/divulguems.com.br\/index.php?rest_route=\/wp\/v2\/posts\/23216","targetHints":{"allow":["GET"]}}],"collection":[{"href":"https:\/\/divulguems.com.br\/index.php?rest_route=\/wp\/v2\/posts"}],"about":[{"href":"https:\/\/divulguems.com.br\/index.php?rest_route=\/wp\/v2\/types\/post"}],"author":[{"embeddable":true,"href":"https:\/\/divulguems.com.br\/index.php?rest_route=\/wp\/v2\/users\/1"}],"replies":[{"embeddable":true,"href":"https:\/\/divulguems.com.br\/index.php?rest_route=%2Fwp%2Fv2%2Fcomments&post=23216"}],"version-history":[{"count":0,"href":"https:\/\/divulguems.com.br\/index.php?rest_route=\/wp\/v2\/posts\/23216\/revisions"}],"wp:featuredmedia":[{"embeddable":true,"href":"https:\/\/divulguems.com.br\/index.php?rest_route=\/wp\/v2\/media\/23217"}],"wp:attachment":[{"href":"https:\/\/divulguems.com.br\/index.php?rest_route=%2Fwp%2Fv2%2Fmedia&parent=23216"}],"wp:term":[{"taxonomy":"category","embeddable":true,"href":"https:\/\/divulguems.com.br\/index.php?rest_route=%2Fwp%2Fv2%2Fcategories&post=23216"},{"taxonomy":"post_tag","embeddable":true,"href":"https:\/\/divulguems.com.br\/index.php?rest_route=%2Fwp%2Fv2%2Ftags&post=23216"}],"curies":[{"name":"wp","href":"https:\/\/api.w.org\/{rel}","templated":true}]}}