{"id":23218,"date":"2026-08-30T20:24:03","date_gmt":"2026-08-31T00:24:03","guid":{"rendered":"https:\/\/divulguems.com.br\/?p=23218"},"modified":"2026-08-30T20:24:03","modified_gmt":"2026-08-31T00:24:03","slug":"brasil-participa-de-pesquisa-inedita-que-busca-a-cura-da-hepatite-b","status":"publish","type":"post","link":"https:\/\/divulguems.com.br\/?p=23218","title":{"rendered":"Brasil participa de pesquisa in\u00e9dita que busca a cura da hepatite B"},"content":{"rendered":"<\/p>\n<p><a class=\"\" href=\"https:\/\/agenciabrasil.ebc.com.br\/saude\/noticia\/2026-08\/brasil-participa-de-pesquisa-inedita-que-busca-cura-da-hepatite-b\"><br \/>\n                    <img decoding=\"async\" src=\"https:\/\/cdn.jsdelivr.net\/gh\/sergiosdlima\/assets-ebc@1.0.0\/abr\/assets\/images\/logo-agenciabrasil.svg\" alt=\"Logo Ag\u00eancia Brasil\"><br \/>\n\t\t\t\t<\/a><\/p>\n<p>Duas universidades p\u00fablicas\u00a0brasileiras se uniram\u00a0a institui\u00e7\u00f5es internacionais na busca de novos tratamentos e at\u00e9 mesmo de uma\u00a0cura para a hepatite B.<img decoding=\"async\" src=\"https:\/\/agenciabrasil.ebc.com.br\/ebc.png?id=1700702&#038;o=rss\"><img decoding=\"async\" src=\"https:\/\/agenciabrasil.ebc.com.br\/ebc.gif?id=1700702&#038;o=rss\"><\/p>\n<p>O cons\u00f3rcio \u00e9 liderado pela Faculdade de Medicina da Universidade Johns Hopkins, nos Estados Unidos, e \u00e9 composto por grupos de pesquisa do Brasil, \u00cdndia, Senegal e Uganda. O Brasil \u00e9 representado pelo Hospital Universit\u00e1rio Cassiano Ant\u00f4nio Moraes da Universidade Federal do Esp\u00edrito Santo (Hucam-Ufes) e pela Universidade de S\u00e3o Paulo (USP).<\/p>\n<\/p>\n<h3>Not\u00edcias relacionadas:<\/h3>\n<ul>\n<li><a href=\"https:\/\/agenciabrasil.ebc.com.br\/saude\/noticia\/2026-08\/estudo-sobre-hepatites-virais-traca-panorama-da-doenca-em-onze-anos\">Estudo sobre hepatites virais tra\u00e7a panorama da doen\u00e7a em onze anos.<\/a><\/li>\n<li><a href=\"https:\/\/agenciabrasil.ebc.com.br\/saude\/noticia\/2026-07\/brasil-atinge-meta-de-reducao-da-transmissao-vertical-de-hepatite-b\">Brasil atinge meta de redu\u00e7\u00e3o da transmiss\u00e3o vertical de hepatite B.<\/a><\/li>\n<li><a href=\"https:\/\/agenciabrasil.ebc.com.br\/saude\/noticia\/2026-07\/dia-de-luta-contra-hepatites-virais-alerta-para-conscientizacao\">Dia Mundial de Luta contra as Hepatites Virais alerta para preven\u00e7\u00e3o.<\/a><\/li>\n<\/ul>\n<p>A pesquisa global ir\u00e1 observar, a n\u00edvel celular, tanto o comportamento do v\u00edrus em pacientes de diferentes pa\u00edses\u00a0como as respostas imunol\u00f3gicas das pessoas infectadas. Ser\u00e3o analisadas tamb\u00e9m pessoas infectadas ao mesmo tempo por hepatite B e HIV.<\/p>\n<p>\u201cA hepatite B n\u00e3o tem cura, esse \u00e9 o grande objetivo global\u201d, diz a professora do Hucam-Ufes, refer\u00eancia no assunto, T\u00e2nia Reuter. \u201cO primeiro objetivo \u00e9 eliminar as hepatites virais, no nosso caso aqui, eliminar a hepatite B como problema de sa\u00fade p\u00fablica at\u00e9 2030\u201d, enfatiza.<\/p>\n<div class=\"dnd-widget-wrapper context-medio_4colunas type-image atom-align-left\">\n<div class=\"dnd-atom-rendered\"><!-- scald=472731:medio_4colunas {\"additionalClasses\":\"\"} --><br \/>\n            <img decoding=\"async\" src=\"https:\/\/agenciabrasil.ebc.com.br\/sites\/default\/files\/thumbnails\/image\/loading_v2.gif\" data-echo=\"https:\/\/imagens.ebc.com.br\/f6Z-E3JRzBMqfyEO_dmNKnrrl98=\/365x0\/smart\/https:\/\/agenciabrasil.ebc.com.br\/sites\/default\/files\/thumbnails\/image\/2026\/08\/26\/whatsapp_image_2026-08-25_at_10.59.27_1.jpeg?itok=dALbSUqB\" alt=\"Brasil participa de pesquisa in\u00e9dita que busca a cura da hepatite B. Professora do Hucam-Ufes, refer\u00eancia no assunto, T\u00e2nia Reuter. Foto: Hucam\/Divulga\u00e7\u00e3o\" title=\"Hucam\/Divulga\u00e7\u00e3o\"><br \/>\n        <noscript><img decoding=\"async\" src=\"https:\/\/imagens.ebc.com.br\/f6Z-E3JRzBMqfyEO_dmNKnrrl98=\/365x0\/smart\/https:\/\/agenciabrasil.ebc.com.br\/sites\/default\/files\/thumbnails\/image\/2026\/08\/26\/whatsapp_image_2026-08-25_at_10.59.27_1.jpeg?itok=dALbSUqB\" alt=\"Brasil participa de pesquisa in\u00e9dita que busca a cura da hepatite B. Professora do Hucam-Ufes, refer\u00eancia no assunto, T\u00e2nia Reuter. Foto: Hucam\/Divulga\u00e7\u00e3o\" title=\"Hucam\/Divulga\u00e7\u00e3o\"><\/noscript><br \/>\n    <!-- END scald=472731 --><\/div>\n<div class=\"dnd-caption-wrapper\">\n<h6 class=\"meta\">Professora do Hucam-Ufes T\u00e2nia Reuter, refer\u00eancia no estudo da hepatite B. Foto: <strong>Hucam\/Divulga\u00e7\u00e3o<\/strong><!--END copyright=472731--><\/h6>\n<\/div>\n<\/div>\n<h2>Pesquisa in\u00e9dita<\/h2>\n<p>O cons\u00f3rcio foi criado em 2023, mas acabou sendo suspenso em 2024 e\u00a0retomado no ano seguinte. No Brasil, o estudo teve in\u00edcio este ano e dever\u00e1 durar cerca de 5 anos. A metodologia integra pesquisa cient\u00edfica b\u00e1sica com pr\u00e1tica cl\u00ednica.<\/p>\n<p>Reuter explica que os pesquisadores ir\u00e3o observar 600 pacientes com hepatite B e com a coinfec\u00e7\u00e3o por hepatite B e HIV\u00a0por cerca de quatro anos e meio cada. Ser\u00e3o 150 pacientes de cada pa\u00eds. Desses, 75 ser\u00e3o analisados pela equipe dela.<\/p>\n<p><strong>O estudo pretende identificar o que faz com que o v\u00edrus evolua diferentemente em cada paciente<\/strong>, quais caracter\u00edsticas gen\u00e9ticas\u00a0s\u00e3o capazes de proteger as pessoas de uma evolu\u00e7\u00e3o mais r\u00e1pida e quais subpart\u00edculas do v\u00edrus podem funcionar como preditores de cura ou de tratamento.<\/p>\n<blockquote>\n<p>&#8220;Eu quero descobrir alvos que possam auxiliar no manejo para cura da hepatite B\u201d, explica a pesquisadora. &#8220;[O que for achado] pode ser um alvo para desenvolvimento de f\u00e1rmacos, sejam imunoestimuladores, imunomodulador, etc&#8221;, diz.\u00a0<\/p>\n<\/blockquote>\n<p>Reuter iniciou o recrutamento dos pacientes em julho e, at\u00e9 o momento, conta com 40 participantes. Ela pretende ter o grupo de 75 completo at\u00e9 o final deste ano. O prazo dado pela pesquisa \u00e9 at\u00e9 meados de 2027.<\/p>\n<p>\u201cO v\u00edrus da hepatite B \u00e9 um dos maiores causadores de c\u00e2ncer hep\u00e1tico. C\u00e2ncer prim\u00e1rio de f\u00edgado ou hepatocarcinoma\u201d, diz. \u201cA gente est\u00e1 aqui trabalhando para mitigar a evolu\u00e7\u00e3o de cirrose e c\u00e2ncer hep\u00e1tico\u201d, enfatiza Reuter.<\/p>\n<h2>Hepatite B<\/h2>\n<p>A hepatite B \u00e9 uma doen\u00e7a viral silenciosa que ataca o f\u00edgado. Ela ainda n\u00e3o tem cura e a progress\u00e3o pode levar a quadros de cirrose, c\u00e2ncer hep\u00e1tico e morte. Segundo a OMS, cerca de 240 milh\u00f5es de pessoas vivem com infec\u00e7\u00e3o cr\u00f4nica, segundo dados de 2024.<\/p>\n<p><strong>Somente no Brasil, segundo o Minist\u00e9rio da Sa\u00fade, 276,6 mil casos foram confirmados entre 2000 a 2022.<\/strong><\/p>\n<p>A hepatite B pode ser transmitida sexualmente e por contato com sangue contaminado, inclusive durante a gesta\u00e7\u00e3o ou no parto, passando da m\u00e3e para o beb\u00ea. De acordo com a Sociedade Brasileira de Cl\u00ednica M\u00e9dica, <strong>o v\u00edrus do tipo B \u00e9 100 vezes mais contagioso que o HIV<\/strong>.\u00a0<\/p>\n<p>A meta global da OMS \u00e9 erradicar o HIV, as hepatites virais e as infec\u00e7\u00f5es sexualmente transmiss\u00edvel (ISTs) como amea\u00e7as \u00e0 sa\u00fade p\u00fablica at\u00e9 2030. Segundo relat\u00f3rio da organiza\u00e7\u00e3o divulgado em julho deste ano, as infec\u00e7\u00f5es por hepatites virais anuais ca\u00edram 32% globalmente desde 2015, refletindo o aumento na cobertura da vacina\u00e7\u00e3o infantil, que alcan\u00e7ou 84% em 2024.<\/p>\n<h2>Preven\u00e7\u00e3o<\/h2>\n<p>De acordo com o Minist\u00e9rio da Sa\u00fade, a principal forma de preven\u00e7\u00e3o \u00e9 a vacina, que est\u00e1 dispon\u00edvel no Sistema \u00danico de Sa\u00fade (SUS) para todas as pessoas n\u00e3o vacinadas, independentemente da idade.<\/p>\n<p>Para crian\u00e7as, a recomenda\u00e7\u00e3o \u00e9 que se fa\u00e7am quatro doses da vacina, sendo: ao nascer, aos 2, 4 e 6 meses de idade. J\u00e1 para a popula\u00e7\u00e3o adulta, via de regra, o esquema completo se d\u00e1 com aplica\u00e7\u00e3o de tr\u00eas doses.<\/p>\n<p>Outras formas de preven\u00e7\u00e3o s\u00e3o uso de preservativo interno e externo em todas as rela\u00e7\u00f5es sexuais e n\u00e3o compartilhar objetos perfurocortantes e os de uso pessoal.<\/p>\n","protected":false},"excerpt":{"rendered":"<p>Duas universidades p\u00fablicas\u00a0brasileiras se uniram\u00a0a institui\u00e7\u00f5es internacionais na busca de novos tratamentos e at\u00e9 mesmo de uma\u00a0cura para a hepatite B. O cons\u00f3rcio \u00e9 liderado pela Faculdade de Medicina da Universidade Johns Hopkins, nos Estados Unidos, e \u00e9 composto por grupos de pesquisa do Brasil, \u00cdndia, Senegal e Uganda. O Brasil \u00e9 representado pelo Hospital [&hellip;]<\/p>\n","protected":false},"author":1,"featured_media":23219,"comment_status":"open","ping_status":"open","sticky":false,"template":"","format":"standard","meta":{"site-sidebar-layout":"default","site-content-layout":"","ast-site-content-layout":"default","site-content-style":"default","site-sidebar-style":"default","ast-global-header-display":"","ast-banner-title-visibility":"","ast-main-header-display":"","ast-hfb-above-header-display":"","ast-hfb-below-header-display":"","ast-hfb-mobile-header-display":"","site-post-title":"","ast-breadcrumbs-content":"","ast-featured-img":"","footer-sml-layout":"","ast-disable-related-posts":"","theme-transparent-header-meta":"","adv-header-id-meta":"","stick-header-meta":"","header-above-stick-meta":"","header-main-stick-meta":"","header-below-stick-meta":"","astra-migrate-meta-layouts":"default","ast-page-background-enabled":"default","ast-page-background-meta":{"desktop":{"background-color":"var(--ast-global-color-4)","background-image":"","background-repeat":"repeat","background-position":"center center","background-size":"auto","background-attachment":"scroll","background-type":"","background-media":"","overlay-type":"","overlay-color":"","overlay-opacity":"","overlay-gradient":""},"tablet":{"background-color":"","background-image":"","background-repeat":"repeat","background-position":"center center","background-size":"auto","background-attachment":"scroll","background-type":"","background-media":"","overlay-type":"","overlay-color":"","overlay-opacity":"","overlay-gradient":""},"mobile":{"background-color":"","background-image":"","background-repeat":"repeat","background-position":"center center","background-size":"auto","background-attachment":"scroll","background-type":"","background-media":"","overlay-type":"","overlay-color":"","overlay-opacity":"","overlay-gradient":""}},"ast-content-background-meta":{"desktop":{"background-color":"var(--ast-global-color-5)","background-image":"","background-repeat":"repeat","background-position":"center center","background-size":"auto","background-attachment":"scroll","background-type":"","background-media":"","overlay-type":"","overlay-color":"","overlay-opacity":"","overlay-gradient":""},"tablet":{"background-color":"var(--ast-global-color-5)","background-image":"","background-repeat":"repeat","background-position":"center center","background-size":"auto","background-attachment":"scroll","background-type":"","background-media":"","overlay-type":"","overlay-color":"","overlay-opacity":"","overlay-gradient":""},"mobile":{"background-color":"var(--ast-global-color-5)","background-image":"","background-repeat":"repeat","background-position":"center center","background-size":"auto","background-attachment":"scroll","background-type":"","background-media":"","overlay-type":"","overlay-color":"","overlay-opacity":"","overlay-gradient":""}},"footnotes":""},"categories":[11],"tags":[],"class_list":["post-23218","post","type-post","status-publish","format-standard","has-post-thumbnail","hentry","category-saude-e-bem-estar"],"yoast_head":"<!-- This site is optimized with the Yoast SEO Premium plugin v23.6 (Yoast SEO v28.1) - https:\/\/yoast.com\/product\/yoast-seo-premium-wordpress\/ -->\n<title>Brasil participa de pesquisa in\u00e9dita que busca a cura da hepatite B - Divulgue MS<\/title>\n<meta name=\"robots\" content=\"index, follow, max-snippet:-1, max-image-preview:large, max-video-preview:-1\" \/>\n<link rel=\"canonical\" href=\"https:\/\/divulguems.com.br\/?p=23218\" \/>\n<meta property=\"og:locale\" content=\"pt_BR\" \/>\n<meta property=\"og:type\" content=\"article\" \/>\n<meta property=\"og:title\" content=\"Brasil participa de pesquisa in\u00e9dita que busca a cura da hepatite B\" \/>\n<meta property=\"og:description\" content=\"Duas universidades p\u00fablicas\u00a0brasileiras se uniram\u00a0a institui\u00e7\u00f5es internacionais na busca de novos tratamentos e at\u00e9 mesmo de uma\u00a0cura para a hepatite B. O cons\u00f3rcio \u00e9 liderado pela Faculdade de Medicina da Universidade Johns Hopkins, nos Estados Unidos, e \u00e9 composto por grupos de pesquisa do Brasil, \u00cdndia, Senegal e Uganda. O Brasil \u00e9 representado pelo Hospital [&hellip;]\" \/>\n<meta property=\"og:url\" content=\"https:\/\/divulguems.com.br\/?p=23218\" \/>\n<meta property=\"og:site_name\" content=\"Divulgue MS\" \/>\n<meta property=\"article:publisher\" content=\"https:\/\/www.facebook.com\/portalinfocobrasil\" \/>\n<meta property=\"article:published_time\" content=\"2026-08-31T00:24:03+00:00\" \/>\n<meta property=\"og:image\" content=\"https:\/\/cdn.jsdelivr.net\/gh\/sergiosdlima\/assets-ebc@1.0.0\/abr\/assets\/images\/logo-agenciabrasil.svg\" \/>\n<meta name=\"author\" content=\"gestormovie\" \/>\n<meta name=\"twitter:card\" content=\"summary_large_image\" \/>\n<meta name=\"twitter:label1\" content=\"Escrito por\" \/>\n\t<meta name=\"twitter:data1\" content=\"gestormovie\" \/>\n\t<meta name=\"twitter:label2\" content=\"Est. tempo de leitura\" \/>\n\t<meta name=\"twitter:data2\" content=\"4 minutos\" \/>\n<script type=\"application\/ld+json\" class=\"yoast-schema-graph\">{\"@context\":\"https:\\\/\\\/schema.org\",\"@graph\":[{\"@type\":\"Article\",\"@id\":\"https:\\\/\\\/divulguems.com.br\\\/?p=23218#article\",\"isPartOf\":{\"@id\":\"https:\\\/\\\/divulguems.com.br\\\/?p=23218\"},\"author\":{\"name\":\"gestormovie\",\"@id\":\"https:\\\/\\\/divulguems.com.br\\\/#\\\/schema\\\/person\\\/85cb29f0608083b8ae66501ac547eec3\"},\"headline\":\"Brasil participa de pesquisa in\u00e9dita que busca a cura da hepatite B\",\"datePublished\":\"2026-08-31T00:24:03+00:00\",\"mainEntityOfPage\":{\"@id\":\"https:\\\/\\\/divulguems.com.br\\\/?p=23218\"},\"wordCount\":797,\"commentCount\":0,\"publisher\":{\"@id\":\"https:\\\/\\\/divulguems.com.br\\\/#organization\"},\"image\":{\"@id\":\"https:\\\/\\\/divulguems.com.br\\\/?p=23218#primaryimage\"},\"thumbnailUrl\":\"https:\\\/\\\/divulguems.com.br\\\/wp-content\\\/uploads\\\/2026\\\/08\\\/23218-brasil-participa-de-pesquisa-inedita-que-busca-a-cura-da-hepatite-b.jpeg\",\"articleSection\":[\"Sa\u00fade e Bem-Estar\"],\"inLanguage\":\"pt-BR\",\"potentialAction\":[{\"@type\":\"CommentAction\",\"name\":\"Comment\",\"target\":[\"https:\\\/\\\/divulguems.com.br\\\/?p=23218#respond\"]}]},{\"@type\":\"WebPage\",\"@id\":\"https:\\\/\\\/divulguems.com.br\\\/?p=23218\",\"url\":\"https:\\\/\\\/divulguems.com.br\\\/?p=23218\",\"name\":\"Brasil participa de pesquisa in\u00e9dita que busca a cura da hepatite B - Divulgue MS\",\"isPartOf\":{\"@id\":\"https:\\\/\\\/divulguems.com.br\\\/#website\"},\"primaryImageOfPage\":{\"@id\":\"https:\\\/\\\/divulguems.com.br\\\/?p=23218#primaryimage\"},\"image\":{\"@id\":\"https:\\\/\\\/divulguems.com.br\\\/?p=23218#primaryimage\"},\"thumbnailUrl\":\"https:\\\/\\\/divulguems.com.br\\\/wp-content\\\/uploads\\\/2026\\\/08\\\/23218-brasil-participa-de-pesquisa-inedita-que-busca-a-cura-da-hepatite-b.jpeg\",\"datePublished\":\"2026-08-31T00:24:03+00:00\",\"breadcrumb\":{\"@id\":\"https:\\\/\\\/divulguems.com.br\\\/?p=23218#breadcrumb\"},\"inLanguage\":\"pt-BR\",\"potentialAction\":[{\"@type\":\"ReadAction\",\"target\":[\"https:\\\/\\\/divulguems.com.br\\\/?p=23218\"]}]},{\"@type\":\"ImageObject\",\"inLanguage\":\"pt-BR\",\"@id\":\"https:\\\/\\\/divulguems.com.br\\\/?p=23218#primaryimage\",\"url\":\"https:\\\/\\\/divulguems.com.br\\\/wp-content\\\/uploads\\\/2026\\\/08\\\/23218-brasil-participa-de-pesquisa-inedita-que-busca-a-cura-da-hepatite-b.jpeg\",\"contentUrl\":\"https:\\\/\\\/divulguems.com.br\\\/wp-content\\\/uploads\\\/2026\\\/08\\\/23218-brasil-participa-de-pesquisa-inedita-que-busca-a-cura-da-hepatite-b.jpeg\",\"width\":1600,\"height\":800,\"caption\":\"Brasil participa de pesquisa in\u00e9dita que busca a cura da hepatite B\"},{\"@type\":\"BreadcrumbList\",\"@id\":\"https:\\\/\\\/divulguems.com.br\\\/?p=23218#breadcrumb\",\"itemListElement\":[{\"@type\":\"ListItem\",\"position\":1,\"name\":\"In\u00edcio\",\"item\":\"https:\\\/\\\/divulguems.com.br\\\/\"},{\"@type\":\"ListItem\",\"position\":2,\"name\":\"Brasil participa de pesquisa in\u00e9dita que busca a cura da hepatite B\"}]},{\"@type\":\"WebSite\",\"@id\":\"https:\\\/\\\/divulguems.com.br\\\/#website\",\"url\":\"https:\\\/\\\/divulguems.com.br\\\/\",\"name\":\"Portal Infoco Brasil\",\"description\":\"L\u00edder de audi\u00eancia.\",\"publisher\":{\"@id\":\"https:\\\/\\\/divulguems.com.br\\\/#organization\"},\"potentialAction\":[{\"@type\":\"SearchAction\",\"target\":{\"@type\":\"EntryPoint\",\"urlTemplate\":\"https:\\\/\\\/divulguems.com.br\\\/?s={search_term_string}\"},\"query-input\":{\"@type\":\"PropertyValueSpecification\",\"valueRequired\":true,\"valueName\":\"search_term_string\"}}],\"inLanguage\":\"pt-BR\"},{\"@type\":\"Organization\",\"@id\":\"https:\\\/\\\/divulguems.com.br\\\/#organization\",\"name\":\"Portal Infoco Brasil\",\"url\":\"https:\\\/\\\/divulguems.com.br\\\/\",\"logo\":{\"@type\":\"ImageObject\",\"inLanguage\":\"pt-BR\",\"@id\":\"https:\\\/\\\/divulguems.com.br\\\/#\\\/schema\\\/logo\\\/image\\\/\",\"url\":\"https:\\\/\\\/divulguems.com.br\\\/wp-content\\\/uploads\\\/2025\\\/04\\\/LOGO-PNG-AZUL.png\",\"contentUrl\":\"https:\\\/\\\/divulguems.com.br\\\/wp-content\\\/uploads\\\/2025\\\/04\\\/LOGO-PNG-AZUL.png\",\"width\":1166,\"height\":475,\"caption\":\"Portal Infoco Brasil\"},\"image\":{\"@id\":\"https:\\\/\\\/divulguems.com.br\\\/#\\\/schema\\\/logo\\\/image\\\/\"},\"sameAs\":[\"https:\\\/\\\/www.facebook.com\\\/portalinfocobrasil\",\"https:\\\/\\\/www.instagram.com\\\/portalinfocobrasil\"]},{\"@type\":\"Person\",\"@id\":\"https:\\\/\\\/divulguems.com.br\\\/#\\\/schema\\\/person\\\/85cb29f0608083b8ae66501ac547eec3\",\"name\":\"gestormovie\",\"image\":{\"@type\":\"ImageObject\",\"inLanguage\":\"pt-BR\",\"@id\":\"https:\\\/\\\/secure.gravatar.com\\\/avatar\\\/1a363cacdce58d5745359cac63cadf7cee0b34c09ab5adc6e07dafbc1ad3ceef?s=96&d=mm&r=g\",\"url\":\"https:\\\/\\\/secure.gravatar.com\\\/avatar\\\/1a363cacdce58d5745359cac63cadf7cee0b34c09ab5adc6e07dafbc1ad3ceef?s=96&d=mm&r=g\",\"contentUrl\":\"https:\\\/\\\/secure.gravatar.com\\\/avatar\\\/1a363cacdce58d5745359cac63cadf7cee0b34c09ab5adc6e07dafbc1ad3ceef?s=96&d=mm&r=g\",\"caption\":\"gestormovie\"},\"sameAs\":[\"https:\\\/\\\/divulguems.com.br\"],\"url\":\"https:\\\/\\\/divulguems.com.br\\\/?author=1\"}]}<\/script>\n<!-- \/ Yoast SEO Premium plugin. -->","yoast_head_json":{"title":"Brasil participa de pesquisa in\u00e9dita que busca a cura da hepatite B - Divulgue MS","robots":{"index":"index","follow":"follow","max-snippet":"max-snippet:-1","max-image-preview":"max-image-preview:large","max-video-preview":"max-video-preview:-1"},"canonical":"https:\/\/divulguems.com.br\/?p=23218","og_locale":"pt_BR","og_type":"article","og_title":"Brasil participa de pesquisa in\u00e9dita que busca a cura da hepatite B","og_description":"Duas universidades p\u00fablicas\u00a0brasileiras se uniram\u00a0a institui\u00e7\u00f5es internacionais na busca de novos tratamentos e at\u00e9 mesmo de uma\u00a0cura para a hepatite B. O cons\u00f3rcio \u00e9 liderado pela Faculdade de Medicina da Universidade Johns Hopkins, nos Estados Unidos, e \u00e9 composto por grupos de pesquisa do Brasil, \u00cdndia, Senegal e Uganda. O Brasil \u00e9 representado pelo Hospital [&hellip;]","og_url":"https:\/\/divulguems.com.br\/?p=23218","og_site_name":"Divulgue MS","article_publisher":"https:\/\/www.facebook.com\/portalinfocobrasil","article_published_time":"2026-08-31T00:24:03+00:00","og_image":[{"url":"https:\/\/cdn.jsdelivr.net\/gh\/sergiosdlima\/assets-ebc@1.0.0\/abr\/assets\/images\/logo-agenciabrasil.svg","type":"","width":"","height":""}],"author":"gestormovie","twitter_card":"summary_large_image","twitter_misc":{"Escrito por":"gestormovie","Est. tempo de leitura":"4 minutos"},"schema":{"@context":"https:\/\/schema.org","@graph":[{"@type":"Article","@id":"https:\/\/divulguems.com.br\/?p=23218#article","isPartOf":{"@id":"https:\/\/divulguems.com.br\/?p=23218"},"author":{"name":"gestormovie","@id":"https:\/\/divulguems.com.br\/#\/schema\/person\/85cb29f0608083b8ae66501ac547eec3"},"headline":"Brasil participa de pesquisa in\u00e9dita que busca a cura da hepatite B","datePublished":"2026-08-31T00:24:03+00:00","mainEntityOfPage":{"@id":"https:\/\/divulguems.com.br\/?p=23218"},"wordCount":797,"commentCount":0,"publisher":{"@id":"https:\/\/divulguems.com.br\/#organization"},"image":{"@id":"https:\/\/divulguems.com.br\/?p=23218#primaryimage"},"thumbnailUrl":"https:\/\/divulguems.com.br\/wp-content\/uploads\/2026\/08\/23218-brasil-participa-de-pesquisa-inedita-que-busca-a-cura-da-hepatite-b.jpeg","articleSection":["Sa\u00fade e Bem-Estar"],"inLanguage":"pt-BR","potentialAction":[{"@type":"CommentAction","name":"Comment","target":["https:\/\/divulguems.com.br\/?p=23218#respond"]}]},{"@type":"WebPage","@id":"https:\/\/divulguems.com.br\/?p=23218","url":"https:\/\/divulguems.com.br\/?p=23218","name":"Brasil participa de pesquisa in\u00e9dita que busca a cura da hepatite B - Divulgue MS","isPartOf":{"@id":"https:\/\/divulguems.com.br\/#website"},"primaryImageOfPage":{"@id":"https:\/\/divulguems.com.br\/?p=23218#primaryimage"},"image":{"@id":"https:\/\/divulguems.com.br\/?p=23218#primaryimage"},"thumbnailUrl":"https:\/\/divulguems.com.br\/wp-content\/uploads\/2026\/08\/23218-brasil-participa-de-pesquisa-inedita-que-busca-a-cura-da-hepatite-b.jpeg","datePublished":"2026-08-31T00:24:03+00:00","breadcrumb":{"@id":"https:\/\/divulguems.com.br\/?p=23218#breadcrumb"},"inLanguage":"pt-BR","potentialAction":[{"@type":"ReadAction","target":["https:\/\/divulguems.com.br\/?p=23218"]}]},{"@type":"ImageObject","inLanguage":"pt-BR","@id":"https:\/\/divulguems.com.br\/?p=23218#primaryimage","url":"https:\/\/divulguems.com.br\/wp-content\/uploads\/2026\/08\/23218-brasil-participa-de-pesquisa-inedita-que-busca-a-cura-da-hepatite-b.jpeg","contentUrl":"https:\/\/divulguems.com.br\/wp-content\/uploads\/2026\/08\/23218-brasil-participa-de-pesquisa-inedita-que-busca-a-cura-da-hepatite-b.jpeg","width":1600,"height":800,"caption":"Brasil participa de pesquisa in\u00e9dita que busca a cura da hepatite B"},{"@type":"BreadcrumbList","@id":"https:\/\/divulguems.com.br\/?p=23218#breadcrumb","itemListElement":[{"@type":"ListItem","position":1,"name":"In\u00edcio","item":"https:\/\/divulguems.com.br\/"},{"@type":"ListItem","position":2,"name":"Brasil participa de pesquisa in\u00e9dita que busca a cura da hepatite B"}]},{"@type":"WebSite","@id":"https:\/\/divulguems.com.br\/#website","url":"https:\/\/divulguems.com.br\/","name":"Portal Infoco Brasil","description":"L\u00edder de audi\u00eancia.","publisher":{"@id":"https:\/\/divulguems.com.br\/#organization"},"potentialAction":[{"@type":"SearchAction","target":{"@type":"EntryPoint","urlTemplate":"https:\/\/divulguems.com.br\/?s={search_term_string}"},"query-input":{"@type":"PropertyValueSpecification","valueRequired":true,"valueName":"search_term_string"}}],"inLanguage":"pt-BR"},{"@type":"Organization","@id":"https:\/\/divulguems.com.br\/#organization","name":"Portal Infoco Brasil","url":"https:\/\/divulguems.com.br\/","logo":{"@type":"ImageObject","inLanguage":"pt-BR","@id":"https:\/\/divulguems.com.br\/#\/schema\/logo\/image\/","url":"https:\/\/divulguems.com.br\/wp-content\/uploads\/2025\/04\/LOGO-PNG-AZUL.png","contentUrl":"https:\/\/divulguems.com.br\/wp-content\/uploads\/2025\/04\/LOGO-PNG-AZUL.png","width":1166,"height":475,"caption":"Portal Infoco Brasil"},"image":{"@id":"https:\/\/divulguems.com.br\/#\/schema\/logo\/image\/"},"sameAs":["https:\/\/www.facebook.com\/portalinfocobrasil","https:\/\/www.instagram.com\/portalinfocobrasil"]},{"@type":"Person","@id":"https:\/\/divulguems.com.br\/#\/schema\/person\/85cb29f0608083b8ae66501ac547eec3","name":"gestormovie","image":{"@type":"ImageObject","inLanguage":"pt-BR","@id":"https:\/\/secure.gravatar.com\/avatar\/1a363cacdce58d5745359cac63cadf7cee0b34c09ab5adc6e07dafbc1ad3ceef?s=96&d=mm&r=g","url":"https:\/\/secure.gravatar.com\/avatar\/1a363cacdce58d5745359cac63cadf7cee0b34c09ab5adc6e07dafbc1ad3ceef?s=96&d=mm&r=g","contentUrl":"https:\/\/secure.gravatar.com\/avatar\/1a363cacdce58d5745359cac63cadf7cee0b34c09ab5adc6e07dafbc1ad3ceef?s=96&d=mm&r=g","caption":"gestormovie"},"sameAs":["https:\/\/divulguems.com.br"],"url":"https:\/\/divulguems.com.br\/?author=1"}]}},"_links":{"self":[{"href":"https:\/\/divulguems.com.br\/index.php?rest_route=\/wp\/v2\/posts\/23218","targetHints":{"allow":["GET"]}}],"collection":[{"href":"https:\/\/divulguems.com.br\/index.php?rest_route=\/wp\/v2\/posts"}],"about":[{"href":"https:\/\/divulguems.com.br\/index.php?rest_route=\/wp\/v2\/types\/post"}],"author":[{"embeddable":true,"href":"https:\/\/divulguems.com.br\/index.php?rest_route=\/wp\/v2\/users\/1"}],"replies":[{"embeddable":true,"href":"https:\/\/divulguems.com.br\/index.php?rest_route=%2Fwp%2Fv2%2Fcomments&post=23218"}],"version-history":[{"count":0,"href":"https:\/\/divulguems.com.br\/index.php?rest_route=\/wp\/v2\/posts\/23218\/revisions"}],"wp:featuredmedia":[{"embeddable":true,"href":"https:\/\/divulguems.com.br\/index.php?rest_route=\/wp\/v2\/media\/23219"}],"wp:attachment":[{"href":"https:\/\/divulguems.com.br\/index.php?rest_route=%2Fwp%2Fv2%2Fmedia&parent=23218"}],"wp:term":[{"taxonomy":"category","embeddable":true,"href":"https:\/\/divulguems.com.br\/index.php?rest_route=%2Fwp%2Fv2%2Fcategories&post=23218"},{"taxonomy":"post_tag","embeddable":true,"href":"https:\/\/divulguems.com.br\/index.php?rest_route=%2Fwp%2Fv2%2Ftags&post=23218"}],"curies":[{"name":"wp","href":"https:\/\/api.w.org\/{rel}","templated":true}]}}