{"id":23224,"date":"2026-08-31T18:48:20","date_gmt":"2026-08-31T22:48:20","guid":{"rendered":"https:\/\/divulguems.com.br\/?p=23224"},"modified":"2026-08-31T18:48:20","modified_gmt":"2026-08-31T22:48:20","slug":"aos-19-anos-jose-antonio-santos-e-campeao-mundial-de-bocha-em-seul","status":"publish","type":"post","link":"https:\/\/divulguems.com.br\/?p=23224","title":{"rendered":"Aos 19 anos, Jos\u00e9 Ant\u00f4nio Santos \u00e9 campe\u00e3o mundial de bocha em Seul"},"content":{"rendered":"<\/p>\n<p><a class=\"\" href=\"https:\/\/agenciabrasil.ebc.com.br\/esportes\/noticia\/2026-08\/aos-19-anos-jose-antonio-santos-e-campeao-mundial-de-bocha-em-seul\"><br \/>\n                    <img decoding=\"async\" src=\"https:\/\/cdn.jsdelivr.net\/gh\/sergiosdlima\/assets-ebc@1.0.0\/abr\/assets\/images\/logo-agenciabrasil.svg\" alt=\"Logo Ag\u00eancia Brasil\"><br \/>\n\t\t\t\t<\/a><\/p>\n<p>O Brasil subiu ao p\u00f3dio tr\u00eas vezes no Mundial de Bocha em Seul (Coreia do Sul) nesta segunda-feira (31), om medalhas de ouro, prata e bronze nas disputas individuais. Aos 19 anos, o potiguar Jos\u00e9 Ant\u00f4nio Santos foi campe\u00e3o na classe BC4 (defici\u00eancias severas sem op\u00e7\u00e3o de aux\u00edlio).<img decoding=\"async\" src=\"https:\/\/agenciabrasil.ebc.com.br\/ebc.png?id=1701138&#038;o=rss\"><img decoding=\"async\" src=\"https:\/\/agenciabrasil.ebc.com.br\/ebc.gif?id=1701138&#038;o=rss\"><\/p>\n<p>O dia tamb\u00e9m foi bom para o mineiro Mateus Carvalho, que faturou prata na classe BC3 (atletas que t\u00eam aux\u00edlio de um calheiro) e para o medalhista paral\u00edmpico Maciel Santos, bronze na classe BC2 (atletas sem op\u00e7\u00e3o de aux\u00edlio).<\/p>\n<\/p>\n<h3>Not\u00edcias relacionadas:<\/h3>\n<ul>\n<li><a href=\"https:\/\/agenciabrasil.ebc.com.br\/esportes\/noticia\/2026-08\/parapan-pacifico-nadadora-alessandra-quebra-recorde-mundial\"> Parapan-Pac\u00edfico: nadadora Alessandra quebra recorde mundial .<\/a><\/li>\n<li><a href=\"https:\/\/agenciabrasil.ebc.com.br\/esportes\/noticia\/2026-08\/manchester-city-confirma-contratacao-do-atacante-allan-do-palmeiras\">Manchester City confirma contrata\u00e7\u00e3o do atacante Allan, do Palmeiras.<\/a><\/li>\n<li><a href=\"https:\/\/agenciabrasil.ebc.com.br\/esportes\/noticia\/2026-08\/lionel-messi-anuncia-aposentadoria-da-selecao-argentina\">Lionel Messi anuncia aposentadoria da sele\u00e7\u00e3o argentina.<\/a><\/li>\n<\/ul>\n<p>Jos\u00e9 Ant\u00f4nio garantiu o topo do p\u00f3dio ao vencer por 6 a 1 a final contra Yuk Wing Leung, atleta de Hong Kong. O jovem potiguar j\u00e1 brilhara no ano passado com o t\u00edtulo in\u00e9dito para o pa\u00eds no Mundial de Jovens, em Curitiba. Ele tem distrofia muscular de Duchenne, doen\u00e7a gen\u00e9tica que causa degenera\u00e7\u00e3o progressiva dos m\u00fasculos. Entre adultos, e Jos\u00e9 Ant\u00f4nio\u00a0tamb\u00e9m foi campe\u00e3o da Copa Am\u00e9rica, na Col\u00f4mbia, em outubro.<\/p>\n<blockquote class=\"instagram-media\" data-instgrm-captioned=\"\" data-instgrm-permalink=\"https:\/\/www.instagram.com\/p\/DctW7xNDg_I\/?utm_source=ig_embed&#038;utm_campaign=loading\" data-instgrm-version=\"14\">\n<div>\n<div>\n<div>\u00a0<\/div>\n<div>\n<div>\u00a0<\/div>\n<div>\u00a0<\/div>\n<\/div>\n<\/div>\n<div>\u00a0<\/div>\n<div><a href=\"https:\/\/www.instagram.com\/p\/DctW7xNDg_I\/?utm_source=ig_embed&#038;utm_campaign=loading\" target=\"_blank\"><svg height=\"50px\" version=\"1.1\" viewbox=\"0 0 60 60\" width=\"50px\" xmlns=\"https:\/\/www.w3.org\/2000\/svg\" xmlns:xlink=\"https:\/\/www.w3.org\/1999\/xlink\"><g fill=\"none\" fill-rule=\"evenodd\" stroke=\"none\" stroke-width=\"1\"><g fill=\"#000000\" transform=\"translate(-511.000000, -20.000000)\"><g><path d=\"M556.869,30.41 C554.814,30.41 553.148,32.076 553.148,34.131 C553.148,36.186 554.814,37.852 556.869,37.852 C558.924,37.852 560.59,36.186 560.59,34.131 C560.59,32.076 558.924,30.41 556.869,30.41 M541,60.657 C535.114,60.657 530.342,55.887 530.342,50 C530.342,44.114 535.114,39.342 541,39.342 C546.887,39.342 551.658,44.114 551.658,50 C551.658,55.887 546.887,60.657 541,60.657 M541,33.886 C532.1,33.886 524.886,41.1 524.886,50 C524.886,58.899 532.1,66.113 541,66.113 C549.9,66.113 557.115,58.899 557.115,50 C557.115,41.1 549.9,33.886 541,33.886 M565.378,62.101 C565.244,65.022 564.756,66.606 564.346,67.663 C563.803,69.06 563.154,70.057 562.106,71.106 C561.058,72.155 560.06,72.803 558.662,73.347 C557.607,73.757 556.021,74.244 553.102,74.378 C549.944,74.521 548.997,74.552 541,74.552 C533.003,74.552 532.056,74.521 528.898,74.378 C525.979,74.244 524.393,73.757 523.338,73.347 C521.94,72.803 520.942,72.155 519.894,71.106 C518.846,70.057 518.197,69.06 517.654,67.663 C517.244,66.606 516.755,65.022 516.623,62.101 C516.479,58.943 516.448,57.996 516.448,50 C516.448,42.003 516.479,41.056 516.623,37.899 C516.755,34.978 517.244,33.391 517.654,32.338 C518.197,30.938 518.846,29.942 519.894,28.894 C520.942,27.846 521.94,27.196 523.338,26.654 C524.393,26.244 525.979,25.756 528.898,25.623 C532.057,25.479 533.004,25.448 541,25.448 C548.997,25.448 549.943,25.479 553.102,25.623 C556.021,25.756 557.607,26.244 558.662,26.654 C560.06,27.196 561.058,27.846 562.106,28.894 C563.154,29.942 563.803,30.938 564.346,32.338 C564.756,33.391 565.244,34.978 565.378,37.899 C565.522,41.056 565.552,42.003 565.552,50 C565.552,57.996 565.522,58.943 565.378,62.101 M570.82,37.631 C570.674,34.438 570.167,32.258 569.425,30.349 C568.659,28.377 567.633,26.702 565.965,25.035 C564.297,23.368 562.623,22.342 560.652,21.575 C558.743,20.834 556.562,20.326 553.369,20.18 C550.169,20.033 549.148,20 541,20 C532.853,20 531.831,20.033 528.631,20.18 C525.438,20.326 523.257,20.834 521.349,21.575 C519.376,22.342 517.703,23.368 516.035,25.035 C514.368,26.702 513.342,28.377 512.574,30.349 C511.834,32.258 511.326,34.438 511.181,37.631 C511.035,40.831 511,41.851 511,50 C511,58.147 511.035,59.17 511.181,62.369 C511.326,65.562 511.834,67.743 512.574,69.651 C513.342,71.625 514.368,73.296 516.035,74.965 C517.703,76.634 519.376,77.658 521.349,78.425 C523.257,79.167 525.438,79.673 528.631,79.82 C531.831,79.965 532.853,80.001 541,80.001 C549.148,80.001 550.169,79.965 553.369,79.82 C556.562,79.673 558.743,79.167 560.652,78.425 C562.623,77.658 564.297,76.634 565.965,74.965 C567.633,73.296 568.659,71.625 569.425,69.651 C570.167,67.743 570.674,65.562 570.82,62.369 C570.966,59.17 571,58.147 571,50 C571,41.851 570.966,40.831 570.82,37.631\"><\/path><\/g><\/g><\/g><\/svg><\/a><\/div>\n<div>\n<div><a href=\"https:\/\/www.instagram.com\/p\/DctW7xNDg_I\/?utm_source=ig_embed&#038;utm_campaign=loading\" target=\"_blank\">Ver essa foto no Instagram<\/a><\/div>\n<\/div>\n<div>\u00a0<\/div>\n<div>\n<div>\n<div>\u00a0<\/div>\n<div>\u00a0<\/div>\n<div>\u00a0<\/div>\n<\/div>\n<div>\n<div>\u00a0<\/div>\n<div>\u00a0<\/div>\n<\/div>\n<div>\n<div>\u00a0<\/div>\n<div>\u00a0<\/div>\n<div>\u00a0<\/div>\n<\/div>\n<\/div>\n<div>\n<div>\u00a0<\/div>\n<div>\u00a0<\/div>\n<\/div>\n<p><a href=\"https:\/\/www.instagram.com\/p\/DctW7xNDg_I\/?utm_source=ig_embed&#038;utm_campaign=loading\" target=\"_blank\">Um post compartilhado por Comit\u00ea Paral\u00edmpico Brasileiro (@brasilparalimpico)<\/a><\/p>\n<\/div>\n<\/blockquote>\n<p><script async=\"\" src=\"\/\/www.instagram.com\/embed.js\"><\/script><\/p>\n<p>O segundo p\u00f3dio do dia foi assegurado por Mateus Carvalho, que chegou \u00e0 final da classe BC3, ao derrotar na semi o franc\u00eas Jules Menard por 5 a 0. Na decis\u00e3o valendo o ouro, o mineiro foi superado pelo australiano Daniel Michel por 3 a 2 e ficou com a prata.<\/p>\n<p>J\u00e1 o cearense Maciel Santos faturou o bronze ap\u00f3s cravar 10 a 0 contra o chin\u00eas Zhiqiang Yan na disputa pelo terceiro lugar na classe BC2. Maciel foi campe\u00e3o paral\u00edmpico individual nos Jogos de Londres 2012 e T\u00f3quio 2020, e tamb\u00e9m faturou prata na disputa de pares da Rio 2016.<\/p>\n<p>O desempenho brasileiro nos embates individuais de Seul superou o registrado h\u00e1 quatro anos na edi\u00e7\u00e3o do Rio de Janeiro (um ouro). A competi\u00e7\u00e3o prossegue at\u00e9 a pr\u00f3xima quinta (3), com as disputas de pares e equipes.<\/p>\n","protected":false},"excerpt":{"rendered":"<p>O Brasil subiu ao p\u00f3dio tr\u00eas vezes no Mundial de Bocha em Seul (Coreia do Sul) nesta segunda-feira (31), om medalhas de ouro, prata e bronze nas disputas individuais. Aos 19 anos, o potiguar Jos\u00e9 Ant\u00f4nio Santos foi campe\u00e3o na classe BC4 (defici\u00eancias severas sem op\u00e7\u00e3o de aux\u00edlio). O dia tamb\u00e9m foi bom para o [&hellip;]<\/p>\n","protected":false},"author":116,"featured_media":23225,"comment_status":"open","ping_status":"open","sticky":false,"template":"","format":"standard","meta":{"site-sidebar-layout":"default","site-content-layout":"","ast-site-content-layout":"default","site-content-style":"default","site-sidebar-style":"default","ast-global-header-display":"","ast-banner-title-visibility":"","ast-main-header-display":"","ast-hfb-above-header-display":"","ast-hfb-below-header-display":"","ast-hfb-mobile-header-display":"","site-post-title":"","ast-breadcrumbs-content":"","ast-featured-img":"","footer-sml-layout":"","ast-disable-related-posts":"","theme-transparent-header-meta":"","adv-header-id-meta":"","stick-header-meta":"","header-above-stick-meta":"","header-main-stick-meta":"","header-below-stick-meta":"","astra-migrate-meta-layouts":"default","ast-page-background-enabled":"default","ast-page-background-meta":{"desktop":{"background-color":"var(--ast-global-color-4)","background-image":"","background-repeat":"repeat","background-position":"center center","background-size":"auto","background-attachment":"scroll","background-type":"","background-media":"","overlay-type":"","overlay-color":"","overlay-opacity":"","overlay-gradient":""},"tablet":{"background-color":"","background-image":"","background-repeat":"repeat","background-position":"center center","background-size":"auto","background-attachment":"scroll","background-type":"","background-media":"","overlay-type":"","overlay-color":"","overlay-opacity":"","overlay-gradient":""},"mobile":{"background-color":"","background-image":"","background-repeat":"repeat","background-position":"center center","background-size":"auto","background-attachment":"scroll","background-type":"","background-media":"","overlay-type":"","overlay-color":"","overlay-opacity":"","overlay-gradient":""}},"ast-content-background-meta":{"desktop":{"background-color":"var(--ast-global-color-5)","background-image":"","background-repeat":"repeat","background-position":"center center","background-size":"auto","background-attachment":"scroll","background-type":"","background-media":"","overlay-type":"","overlay-color":"","overlay-opacity":"","overlay-gradient":""},"tablet":{"background-color":"var(--ast-global-color-5)","background-image":"","background-repeat":"repeat","background-position":"center center","background-size":"auto","background-attachment":"scroll","background-type":"","background-media":"","overlay-type":"","overlay-color":"","overlay-opacity":"","overlay-gradient":""},"mobile":{"background-color":"var(--ast-global-color-5)","background-image":"","background-repeat":"repeat","background-position":"center center","background-size":"auto","background-attachment":"scroll","background-type":"","background-media":"","overlay-type":"","overlay-color":"","overlay-opacity":"","overlay-gradient":""}},"footnotes":""},"categories":[37],"tags":[],"class_list":["post-23224","post","type-post","status-publish","format-standard","has-post-thumbnail","hentry","category-economia-e-negocios"],"yoast_head":"<!-- This site is optimized with the Yoast SEO Premium plugin v23.6 (Yoast SEO v28.1) - https:\/\/yoast.com\/product\/yoast-seo-premium-wordpress\/ -->\n<title>Aos 19 anos, Jos\u00e9 Ant\u00f4nio Santos \u00e9 campe\u00e3o mundial de bocha em Seul - Divulgue MS<\/title>\n<meta name=\"robots\" content=\"index, follow, max-snippet:-1, max-image-preview:large, max-video-preview:-1\" \/>\n<link rel=\"canonical\" href=\"https:\/\/divulguems.com.br\/?p=23224\" \/>\n<meta property=\"og:locale\" content=\"pt_BR\" \/>\n<meta property=\"og:type\" content=\"article\" \/>\n<meta property=\"og:title\" content=\"Aos 19 anos, Jos\u00e9 Ant\u00f4nio Santos \u00e9 campe\u00e3o mundial de bocha em Seul\" \/>\n<meta property=\"og:description\" content=\"O Brasil subiu ao p\u00f3dio tr\u00eas vezes no Mundial de Bocha em Seul (Coreia do Sul) nesta segunda-feira (31), om medalhas de ouro, prata e bronze nas disputas individuais. Aos 19 anos, o potiguar Jos\u00e9 Ant\u00f4nio Santos foi campe\u00e3o na classe BC4 (defici\u00eancias severas sem op\u00e7\u00e3o de aux\u00edlio). O dia tamb\u00e9m foi bom para o [&hellip;]\" \/>\n<meta property=\"og:url\" content=\"https:\/\/divulguems.com.br\/?p=23224\" \/>\n<meta property=\"og:site_name\" content=\"Divulgue MS\" \/>\n<meta property=\"article:publisher\" content=\"https:\/\/www.facebook.com\/portalinfocobrasil\" \/>\n<meta property=\"article:published_time\" content=\"2026-08-31T22:48:20+00:00\" \/>\n<meta property=\"og:image\" content=\"https:\/\/cdn.jsdelivr.net\/gh\/sergiosdlima\/assets-ebc@1.0.0\/abr\/assets\/images\/logo-agenciabrasil.svg\" \/>\n<meta name=\"author\" content=\"Agencia Brasil\" \/>\n<meta name=\"twitter:card\" content=\"summary_large_image\" \/>\n<meta name=\"twitter:label1\" content=\"Escrito por\" \/>\n\t<meta name=\"twitter:data1\" content=\"Agencia Brasil\" \/>\n\t<meta name=\"twitter:label2\" content=\"Est. tempo de leitura\" \/>\n\t<meta name=\"twitter:data2\" content=\"2 minutos\" \/>\n<script type=\"application\/ld+json\" class=\"yoast-schema-graph\">{\"@context\":\"https:\\\/\\\/schema.org\",\"@graph\":[{\"@type\":\"Article\",\"@id\":\"https:\\\/\\\/divulguems.com.br\\\/?p=23224#article\",\"isPartOf\":{\"@id\":\"https:\\\/\\\/divulguems.com.br\\\/?p=23224\"},\"author\":{\"name\":\"Agencia Brasil\",\"@id\":\"https:\\\/\\\/divulguems.com.br\\\/#\\\/schema\\\/person\\\/a34887bf3581b349187121793408c1a7\"},\"headline\":\"Aos 19 anos, Jos\u00e9 Ant\u00f4nio Santos \u00e9 campe\u00e3o mundial de bocha em Seul\",\"datePublished\":\"2026-08-31T22:48:20+00:00\",\"mainEntityOfPage\":{\"@id\":\"https:\\\/\\\/divulguems.com.br\\\/?p=23224\"},\"wordCount\":377,\"commentCount\":0,\"publisher\":{\"@id\":\"https:\\\/\\\/divulguems.com.br\\\/#organization\"},\"image\":{\"@id\":\"https:\\\/\\\/divulguems.com.br\\\/?p=23224#primaryimage\"},\"thumbnailUrl\":\"https:\\\/\\\/divulguems.com.br\\\/wp-content\\\/uploads\\\/2026\\\/08\\\/23224-aos-19-anos-jose-antonio-santos-e-campeao-mundial-de-bocha-em-seul.jpg\",\"articleSection\":[\"Economia e Neg\u00f3cios\"],\"inLanguage\":\"pt-BR\",\"potentialAction\":[{\"@type\":\"CommentAction\",\"name\":\"Comment\",\"target\":[\"https:\\\/\\\/divulguems.com.br\\\/?p=23224#respond\"]}]},{\"@type\":\"WebPage\",\"@id\":\"https:\\\/\\\/divulguems.com.br\\\/?p=23224\",\"url\":\"https:\\\/\\\/divulguems.com.br\\\/?p=23224\",\"name\":\"Aos 19 anos, Jos\u00e9 Ant\u00f4nio Santos \u00e9 campe\u00e3o mundial de bocha em Seul - Divulgue MS\",\"isPartOf\":{\"@id\":\"https:\\\/\\\/divulguems.com.br\\\/#website\"},\"primaryImageOfPage\":{\"@id\":\"https:\\\/\\\/divulguems.com.br\\\/?p=23224#primaryimage\"},\"image\":{\"@id\":\"https:\\\/\\\/divulguems.com.br\\\/?p=23224#primaryimage\"},\"thumbnailUrl\":\"https:\\\/\\\/divulguems.com.br\\\/wp-content\\\/uploads\\\/2026\\\/08\\\/23224-aos-19-anos-jose-antonio-santos-e-campeao-mundial-de-bocha-em-seul.jpg\",\"datePublished\":\"2026-08-31T22:48:20+00:00\",\"breadcrumb\":{\"@id\":\"https:\\\/\\\/divulguems.com.br\\\/?p=23224#breadcrumb\"},\"inLanguage\":\"pt-BR\",\"potentialAction\":[{\"@type\":\"ReadAction\",\"target\":[\"https:\\\/\\\/divulguems.com.br\\\/?p=23224\"]}]},{\"@type\":\"ImageObject\",\"inLanguage\":\"pt-BR\",\"@id\":\"https:\\\/\\\/divulguems.com.br\\\/?p=23224#primaryimage\",\"url\":\"https:\\\/\\\/divulguems.com.br\\\/wp-content\\\/uploads\\\/2026\\\/08\\\/23224-aos-19-anos-jose-antonio-santos-e-campeao-mundial-de-bocha-em-seul.jpg\",\"contentUrl\":\"https:\\\/\\\/divulguems.com.br\\\/wp-content\\\/uploads\\\/2026\\\/08\\\/23224-aos-19-anos-jose-antonio-santos-e-campeao-mundial-de-bocha-em-seul.jpg\",\"width\":1600,\"height\":800,\"caption\":\"Aos 19 anos, Jos\u00e9 Ant\u00f4nio Santos \u00e9 campe\u00e3o mundial de bocha em Seul\"},{\"@type\":\"BreadcrumbList\",\"@id\":\"https:\\\/\\\/divulguems.com.br\\\/?p=23224#breadcrumb\",\"itemListElement\":[{\"@type\":\"ListItem\",\"position\":1,\"name\":\"In\u00edcio\",\"item\":\"https:\\\/\\\/divulguems.com.br\\\/\"},{\"@type\":\"ListItem\",\"position\":2,\"name\":\"Aos 19 anos, Jos\u00e9 Ant\u00f4nio Santos \u00e9 campe\u00e3o mundial de bocha em Seul\"}]},{\"@type\":\"WebSite\",\"@id\":\"https:\\\/\\\/divulguems.com.br\\\/#website\",\"url\":\"https:\\\/\\\/divulguems.com.br\\\/\",\"name\":\"Portal Infoco Brasil\",\"description\":\"L\u00edder de audi\u00eancia.\",\"publisher\":{\"@id\":\"https:\\\/\\\/divulguems.com.br\\\/#organization\"},\"potentialAction\":[{\"@type\":\"SearchAction\",\"target\":{\"@type\":\"EntryPoint\",\"urlTemplate\":\"https:\\\/\\\/divulguems.com.br\\\/?s={search_term_string}\"},\"query-input\":{\"@type\":\"PropertyValueSpecification\",\"valueRequired\":true,\"valueName\":\"search_term_string\"}}],\"inLanguage\":\"pt-BR\"},{\"@type\":\"Organization\",\"@id\":\"https:\\\/\\\/divulguems.com.br\\\/#organization\",\"name\":\"Portal Infoco Brasil\",\"url\":\"https:\\\/\\\/divulguems.com.br\\\/\",\"logo\":{\"@type\":\"ImageObject\",\"inLanguage\":\"pt-BR\",\"@id\":\"https:\\\/\\\/divulguems.com.br\\\/#\\\/schema\\\/logo\\\/image\\\/\",\"url\":\"https:\\\/\\\/divulguems.com.br\\\/wp-content\\\/uploads\\\/2025\\\/04\\\/LOGO-PNG-AZUL.png\",\"contentUrl\":\"https:\\\/\\\/divulguems.com.br\\\/wp-content\\\/uploads\\\/2025\\\/04\\\/LOGO-PNG-AZUL.png\",\"width\":1166,\"height\":475,\"caption\":\"Portal Infoco Brasil\"},\"image\":{\"@id\":\"https:\\\/\\\/divulguems.com.br\\\/#\\\/schema\\\/logo\\\/image\\\/\"},\"sameAs\":[\"https:\\\/\\\/www.facebook.com\\\/portalinfocobrasil\",\"https:\\\/\\\/www.instagram.com\\\/portalinfocobrasil\"]},{\"@type\":\"Person\",\"@id\":\"https:\\\/\\\/divulguems.com.br\\\/#\\\/schema\\\/person\\\/a34887bf3581b349187121793408c1a7\",\"name\":\"Agencia Brasil\",\"image\":{\"@type\":\"ImageObject\",\"inLanguage\":\"pt-BR\",\"@id\":\"https:\\\/\\\/secure.gravatar.com\\\/avatar\\\/3fd0181c908a29c9243308239f56d705be75c4f4c56fead1ae013e31f296750c?s=96&d=mm&r=g\",\"url\":\"https:\\\/\\\/secure.gravatar.com\\\/avatar\\\/3fd0181c908a29c9243308239f56d705be75c4f4c56fead1ae013e31f296750c?s=96&d=mm&r=g\",\"contentUrl\":\"https:\\\/\\\/secure.gravatar.com\\\/avatar\\\/3fd0181c908a29c9243308239f56d705be75c4f4c56fead1ae013e31f296750c?s=96&d=mm&r=g\",\"caption\":\"Agencia Brasil\"},\"url\":\"https:\\\/\\\/divulguems.com.br\\\/?author=116\"}]}<\/script>\n<!-- \/ Yoast SEO Premium plugin. -->","yoast_head_json":{"title":"Aos 19 anos, Jos\u00e9 Ant\u00f4nio Santos \u00e9 campe\u00e3o mundial de bocha em Seul - Divulgue MS","robots":{"index":"index","follow":"follow","max-snippet":"max-snippet:-1","max-image-preview":"max-image-preview:large","max-video-preview":"max-video-preview:-1"},"canonical":"https:\/\/divulguems.com.br\/?p=23224","og_locale":"pt_BR","og_type":"article","og_title":"Aos 19 anos, Jos\u00e9 Ant\u00f4nio Santos \u00e9 campe\u00e3o mundial de bocha em Seul","og_description":"O Brasil subiu ao p\u00f3dio tr\u00eas vezes no Mundial de Bocha em Seul (Coreia do Sul) nesta segunda-feira (31), om medalhas de ouro, prata e bronze nas disputas individuais. Aos 19 anos, o potiguar Jos\u00e9 Ant\u00f4nio Santos foi campe\u00e3o na classe BC4 (defici\u00eancias severas sem op\u00e7\u00e3o de aux\u00edlio). O dia tamb\u00e9m foi bom para o [&hellip;]","og_url":"https:\/\/divulguems.com.br\/?p=23224","og_site_name":"Divulgue MS","article_publisher":"https:\/\/www.facebook.com\/portalinfocobrasil","article_published_time":"2026-08-31T22:48:20+00:00","og_image":[{"url":"https:\/\/cdn.jsdelivr.net\/gh\/sergiosdlima\/assets-ebc@1.0.0\/abr\/assets\/images\/logo-agenciabrasil.svg","type":"","width":"","height":""}],"author":"Agencia Brasil","twitter_card":"summary_large_image","twitter_misc":{"Escrito por":"Agencia Brasil","Est. tempo de leitura":"2 minutos"},"schema":{"@context":"https:\/\/schema.org","@graph":[{"@type":"Article","@id":"https:\/\/divulguems.com.br\/?p=23224#article","isPartOf":{"@id":"https:\/\/divulguems.com.br\/?p=23224"},"author":{"name":"Agencia Brasil","@id":"https:\/\/divulguems.com.br\/#\/schema\/person\/a34887bf3581b349187121793408c1a7"},"headline":"Aos 19 anos, Jos\u00e9 Ant\u00f4nio Santos \u00e9 campe\u00e3o mundial de bocha em Seul","datePublished":"2026-08-31T22:48:20+00:00","mainEntityOfPage":{"@id":"https:\/\/divulguems.com.br\/?p=23224"},"wordCount":377,"commentCount":0,"publisher":{"@id":"https:\/\/divulguems.com.br\/#organization"},"image":{"@id":"https:\/\/divulguems.com.br\/?p=23224#primaryimage"},"thumbnailUrl":"https:\/\/divulguems.com.br\/wp-content\/uploads\/2026\/08\/23224-aos-19-anos-jose-antonio-santos-e-campeao-mundial-de-bocha-em-seul.jpg","articleSection":["Economia e Neg\u00f3cios"],"inLanguage":"pt-BR","potentialAction":[{"@type":"CommentAction","name":"Comment","target":["https:\/\/divulguems.com.br\/?p=23224#respond"]}]},{"@type":"WebPage","@id":"https:\/\/divulguems.com.br\/?p=23224","url":"https:\/\/divulguems.com.br\/?p=23224","name":"Aos 19 anos, Jos\u00e9 Ant\u00f4nio Santos \u00e9 campe\u00e3o mundial de bocha em Seul - Divulgue MS","isPartOf":{"@id":"https:\/\/divulguems.com.br\/#website"},"primaryImageOfPage":{"@id":"https:\/\/divulguems.com.br\/?p=23224#primaryimage"},"image":{"@id":"https:\/\/divulguems.com.br\/?p=23224#primaryimage"},"thumbnailUrl":"https:\/\/divulguems.com.br\/wp-content\/uploads\/2026\/08\/23224-aos-19-anos-jose-antonio-santos-e-campeao-mundial-de-bocha-em-seul.jpg","datePublished":"2026-08-31T22:48:20+00:00","breadcrumb":{"@id":"https:\/\/divulguems.com.br\/?p=23224#breadcrumb"},"inLanguage":"pt-BR","potentialAction":[{"@type":"ReadAction","target":["https:\/\/divulguems.com.br\/?p=23224"]}]},{"@type":"ImageObject","inLanguage":"pt-BR","@id":"https:\/\/divulguems.com.br\/?p=23224#primaryimage","url":"https:\/\/divulguems.com.br\/wp-content\/uploads\/2026\/08\/23224-aos-19-anos-jose-antonio-santos-e-campeao-mundial-de-bocha-em-seul.jpg","contentUrl":"https:\/\/divulguems.com.br\/wp-content\/uploads\/2026\/08\/23224-aos-19-anos-jose-antonio-santos-e-campeao-mundial-de-bocha-em-seul.jpg","width":1600,"height":800,"caption":"Aos 19 anos, Jos\u00e9 Ant\u00f4nio Santos \u00e9 campe\u00e3o mundial de bocha em Seul"},{"@type":"BreadcrumbList","@id":"https:\/\/divulguems.com.br\/?p=23224#breadcrumb","itemListElement":[{"@type":"ListItem","position":1,"name":"In\u00edcio","item":"https:\/\/divulguems.com.br\/"},{"@type":"ListItem","position":2,"name":"Aos 19 anos, Jos\u00e9 Ant\u00f4nio Santos \u00e9 campe\u00e3o mundial de bocha em Seul"}]},{"@type":"WebSite","@id":"https:\/\/divulguems.com.br\/#website","url":"https:\/\/divulguems.com.br\/","name":"Portal Infoco Brasil","description":"L\u00edder de audi\u00eancia.","publisher":{"@id":"https:\/\/divulguems.com.br\/#organization"},"potentialAction":[{"@type":"SearchAction","target":{"@type":"EntryPoint","urlTemplate":"https:\/\/divulguems.com.br\/?s={search_term_string}"},"query-input":{"@type":"PropertyValueSpecification","valueRequired":true,"valueName":"search_term_string"}}],"inLanguage":"pt-BR"},{"@type":"Organization","@id":"https:\/\/divulguems.com.br\/#organization","name":"Portal Infoco Brasil","url":"https:\/\/divulguems.com.br\/","logo":{"@type":"ImageObject","inLanguage":"pt-BR","@id":"https:\/\/divulguems.com.br\/#\/schema\/logo\/image\/","url":"https:\/\/divulguems.com.br\/wp-content\/uploads\/2025\/04\/LOGO-PNG-AZUL.png","contentUrl":"https:\/\/divulguems.com.br\/wp-content\/uploads\/2025\/04\/LOGO-PNG-AZUL.png","width":1166,"height":475,"caption":"Portal Infoco Brasil"},"image":{"@id":"https:\/\/divulguems.com.br\/#\/schema\/logo\/image\/"},"sameAs":["https:\/\/www.facebook.com\/portalinfocobrasil","https:\/\/www.instagram.com\/portalinfocobrasil"]},{"@type":"Person","@id":"https:\/\/divulguems.com.br\/#\/schema\/person\/a34887bf3581b349187121793408c1a7","name":"Agencia Brasil","image":{"@type":"ImageObject","inLanguage":"pt-BR","@id":"https:\/\/secure.gravatar.com\/avatar\/3fd0181c908a29c9243308239f56d705be75c4f4c56fead1ae013e31f296750c?s=96&d=mm&r=g","url":"https:\/\/secure.gravatar.com\/avatar\/3fd0181c908a29c9243308239f56d705be75c4f4c56fead1ae013e31f296750c?s=96&d=mm&r=g","contentUrl":"https:\/\/secure.gravatar.com\/avatar\/3fd0181c908a29c9243308239f56d705be75c4f4c56fead1ae013e31f296750c?s=96&d=mm&r=g","caption":"Agencia Brasil"},"url":"https:\/\/divulguems.com.br\/?author=116"}]}},"_links":{"self":[{"href":"https:\/\/divulguems.com.br\/index.php?rest_route=\/wp\/v2\/posts\/23224","targetHints":{"allow":["GET"]}}],"collection":[{"href":"https:\/\/divulguems.com.br\/index.php?rest_route=\/wp\/v2\/posts"}],"about":[{"href":"https:\/\/divulguems.com.br\/index.php?rest_route=\/wp\/v2\/types\/post"}],"author":[{"embeddable":true,"href":"https:\/\/divulguems.com.br\/index.php?rest_route=\/wp\/v2\/users\/116"}],"replies":[{"embeddable":true,"href":"https:\/\/divulguems.com.br\/index.php?rest_route=%2Fwp%2Fv2%2Fcomments&post=23224"}],"version-history":[{"count":0,"href":"https:\/\/divulguems.com.br\/index.php?rest_route=\/wp\/v2\/posts\/23224\/revisions"}],"wp:featuredmedia":[{"embeddable":true,"href":"https:\/\/divulguems.com.br\/index.php?rest_route=\/wp\/v2\/media\/23225"}],"wp:attachment":[{"href":"https:\/\/divulguems.com.br\/index.php?rest_route=%2Fwp%2Fv2%2Fmedia&parent=23224"}],"wp:term":[{"taxonomy":"category","embeddable":true,"href":"https:\/\/divulguems.com.br\/index.php?rest_route=%2Fwp%2Fv2%2Fcategories&post=23224"},{"taxonomy":"post_tag","embeddable":true,"href":"https:\/\/divulguems.com.br\/index.php?rest_route=%2Fwp%2Fv2%2Ftags&post=23224"}],"curies":[{"name":"wp","href":"https:\/\/api.w.org\/{rel}","templated":true}]}}