{"id":23228,"date":"2026-08-31T18:48:22","date_gmt":"2026-08-31T22:48:22","guid":{"rendered":"https:\/\/divulguems.com.br\/?p=23228"},"modified":"2026-08-31T18:48:22","modified_gmt":"2026-08-31T22:48:22","slug":"companhia-de-teatro-cego-estreia-espetaculo-em-porto-seguro","status":"publish","type":"post","link":"https:\/\/divulguems.com.br\/?p=23228","title":{"rendered":"Companhia de Teatro Cego estreia espet\u00e1culo em Porto Seguro"},"content":{"rendered":"<p>Imagine assistir a uma pe\u00e7a de\u00a0teatro\u00a0encenada totalmente no escuro. Essa \u00e9 a proposta da companhia\u00a0Teatro\u00a0Cego, conhecida por transformar o espet\u00e1culo em uma experi\u00eancia sensorial e em um convite \u00e0 reflex\u00e3o sobre inclus\u00e3o e acessibilidade.<img decoding=\"async\" src=\"https:\/\/agenciabrasil.ebc.com.br\/ebc.png?id=1701095&#038;o=rss\"><img decoding=\"async\" src=\"https:\/\/agenciabrasil.ebc.com.br\/ebc.gif?id=1701095&#038;o=rss\"><\/p>\n<p>Estreia nesta segunda-feira, dia 31, em Porto Seguro, na Bahia, o espet\u00e1culo &#8220;Expresso Dive \u2013 Uma Jornada em Fam\u00edlia&#8221;.<\/p>\n<p>A pe\u00e7a simula o interior de um vag\u00e3o de trem. A plateia fica acomodada entre o cen\u00e1rio e os objetos de cena.<\/p>\n<p>Na hist\u00f3ria, uma adolescente com defici\u00eancia visual viaja para visitar a av\u00f3. Durante o percurso, ela faz amizade com um funcion\u00e1rio da ferrovia e com um engenheiro florestal. Ao longo da viagem, os tr\u00eas passam a enxergar a vida por uma nova perspectiva.<\/p>\n<p>Sem o apoio da vis\u00e3o, o p\u00fablico \u00e9 convidado a mergulhar na narrativa por meio dos outros sentidos: sons, aromas, sabores e sensa\u00e7\u00f5es t\u00e1teis.<\/p>\n<p>As apresenta\u00e7\u00f5es s\u00e3o voltadas a estudantes do ensino fundamental da rede p\u00fablica e acontecem at\u00e9 o dia 3 de setembro, no Sesc Porto Seguro Residencial Ecol\u00f3gico. Depois, o projeto segue em turn\u00ea pela Bahia, com passagem por Ilh\u00e9us e Itabuna at\u00e9 outubro.<\/p>\n<p>  <span class=\"hms hms-format-m-ss\">1:08<\/span><\/p>\n","protected":false},"excerpt":{"rendered":"<p>Imagine assistir a uma pe\u00e7a de\u00a0teatro\u00a0encenada totalmente no escuro. Essa \u00e9 a proposta da companhia\u00a0Teatro\u00a0Cego, conhecida por transformar o espet\u00e1culo em uma experi\u00eancia sensorial e em um convite \u00e0 reflex\u00e3o sobre inclus\u00e3o e acessibilidade. Estreia nesta segunda-feira, dia 31, em Porto Seguro, na Bahia, o espet\u00e1culo &#8220;Expresso Dive \u2013 Uma Jornada em Fam\u00edlia&#8221;. A pe\u00e7a [&hellip;]<\/p>\n","protected":false},"author":462,"featured_media":23229,"comment_status":"open","ping_status":"open","sticky":false,"template":"","format":"standard","meta":{"site-sidebar-layout":"default","site-content-layout":"","ast-site-content-layout":"default","site-content-style":"default","site-sidebar-style":"default","ast-global-header-display":"","ast-banner-title-visibility":"","ast-main-header-display":"","ast-hfb-above-header-display":"","ast-hfb-below-header-display":"","ast-hfb-mobile-header-display":"","site-post-title":"","ast-breadcrumbs-content":"","ast-featured-img":"","footer-sml-layout":"","ast-disable-related-posts":"","theme-transparent-header-meta":"","adv-header-id-meta":"","stick-header-meta":"","header-above-stick-meta":"","header-main-stick-meta":"","header-below-stick-meta":"","astra-migrate-meta-layouts":"default","ast-page-background-enabled":"default","ast-page-background-meta":{"desktop":{"background-color":"var(--ast-global-color-4)","background-image":"","background-repeat":"repeat","background-position":"center center","background-size":"auto","background-attachment":"scroll","background-type":"","background-media":"","overlay-type":"","overlay-color":"","overlay-opacity":"","overlay-gradient":""},"tablet":{"background-color":"","background-image":"","background-repeat":"repeat","background-position":"center center","background-size":"auto","background-attachment":"scroll","background-type":"","background-media":"","overlay-type":"","overlay-color":"","overlay-opacity":"","overlay-gradient":""},"mobile":{"background-color":"","background-image":"","background-repeat":"repeat","background-position":"center center","background-size":"auto","background-attachment":"scroll","background-type":"","background-media":"","overlay-type":"","overlay-color":"","overlay-opacity":"","overlay-gradient":""}},"ast-content-background-meta":{"desktop":{"background-color":"var(--ast-global-color-5)","background-image":"","background-repeat":"repeat","background-position":"center center","background-size":"auto","background-attachment":"scroll","background-type":"","background-media":"","overlay-type":"","overlay-color":"","overlay-opacity":"","overlay-gradient":""},"tablet":{"background-color":"var(--ast-global-color-5)","background-image":"","background-repeat":"repeat","background-position":"center center","background-size":"auto","background-attachment":"scroll","background-type":"","background-media":"","overlay-type":"","overlay-color":"","overlay-opacity":"","overlay-gradient":""},"mobile":{"background-color":"var(--ast-global-color-5)","background-image":"","background-repeat":"repeat","background-position":"center center","background-size":"auto","background-attachment":"scroll","background-type":"","background-media":"","overlay-type":"","overlay-color":"","overlay-opacity":"","overlay-gradient":""}},"footnotes":""},"categories":[18],"tags":[],"class_list":["post-23228","post","type-post","status-publish","format-standard","has-post-thumbnail","hentry","category-educacao-e-carreiras"],"yoast_head":"<!-- This site is optimized with the Yoast SEO Premium plugin v23.6 (Yoast SEO v28.1) - https:\/\/yoast.com\/product\/yoast-seo-premium-wordpress\/ -->\n<title>Companhia de Teatro Cego estreia espet\u00e1culo em Porto Seguro - Divulgue MS<\/title>\n<meta name=\"robots\" content=\"index, follow, max-snippet:-1, max-image-preview:large, max-video-preview:-1\" \/>\n<link rel=\"canonical\" href=\"https:\/\/divulguems.com.br\/?p=23228\" \/>\n<meta property=\"og:locale\" content=\"pt_BR\" \/>\n<meta property=\"og:type\" content=\"article\" \/>\n<meta property=\"og:title\" content=\"Companhia de Teatro Cego estreia espet\u00e1culo em Porto Seguro\" \/>\n<meta property=\"og:description\" content=\"Imagine assistir a uma pe\u00e7a de\u00a0teatro\u00a0encenada totalmente no escuro. Essa \u00e9 a proposta da companhia\u00a0Teatro\u00a0Cego, conhecida por transformar o espet\u00e1culo em uma experi\u00eancia sensorial e em um convite \u00e0 reflex\u00e3o sobre inclus\u00e3o e acessibilidade. Estreia nesta segunda-feira, dia 31, em Porto Seguro, na Bahia, o espet\u00e1culo &#8220;Expresso Dive \u2013 Uma Jornada em Fam\u00edlia&#8221;. A pe\u00e7a [&hellip;]\" \/>\n<meta property=\"og:url\" content=\"https:\/\/divulguems.com.br\/?p=23228\" \/>\n<meta property=\"og:site_name\" content=\"Divulgue MS\" \/>\n<meta property=\"article:publisher\" content=\"https:\/\/www.facebook.com\/portalinfocobrasil\" \/>\n<meta property=\"article:published_time\" content=\"2026-08-31T22:48:22+00:00\" \/>\n<meta property=\"og:image\" content=\"https:\/\/agenciabrasil.ebc.com.br\/ebc.png?id=1701095&o=rss\" \/>\n<meta name=\"author\" content=\"Gabriel Correa - Reporter da Radio Nacional\" \/>\n<meta name=\"twitter:card\" content=\"summary_large_image\" \/>\n<meta name=\"twitter:label1\" content=\"Escrito por\" \/>\n\t<meta name=\"twitter:data1\" content=\"Gabriel Correa - Reporter da Radio Nacional\" \/>\n\t<meta name=\"twitter:label2\" content=\"Est. tempo de leitura\" \/>\n\t<meta name=\"twitter:data2\" content=\"1 minuto\" \/>\n<script type=\"application\/ld+json\" class=\"yoast-schema-graph\">{\"@context\":\"https:\\\/\\\/schema.org\",\"@graph\":[{\"@type\":\"Article\",\"@id\":\"https:\\\/\\\/divulguems.com.br\\\/?p=23228#article\",\"isPartOf\":{\"@id\":\"https:\\\/\\\/divulguems.com.br\\\/?p=23228\"},\"author\":{\"name\":\"Gabriel Correa - Reporter da Radio Nacional\",\"@id\":\"https:\\\/\\\/divulguems.com.br\\\/#\\\/schema\\\/person\\\/bfbb07e5a4582d8bf62a8eda3732c750\"},\"headline\":\"Companhia de Teatro Cego estreia espet\u00e1culo em Porto Seguro\",\"datePublished\":\"2026-08-31T22:48:22+00:00\",\"mainEntityOfPage\":{\"@id\":\"https:\\\/\\\/divulguems.com.br\\\/?p=23228\"},\"wordCount\":215,\"commentCount\":0,\"publisher\":{\"@id\":\"https:\\\/\\\/divulguems.com.br\\\/#organization\"},\"image\":{\"@id\":\"https:\\\/\\\/divulguems.com.br\\\/?p=23228#primaryimage\"},\"thumbnailUrl\":\"https:\\\/\\\/divulguems.com.br\\\/wp-content\\\/uploads\\\/2026\\\/08\\\/23228-companhia-de-teatro-cego-estreia-espetaculo-em-porto-seguro.png\",\"articleSection\":[\"Educa\u00e7\u00e3o e Carreiras\"],\"inLanguage\":\"pt-BR\",\"potentialAction\":[{\"@type\":\"CommentAction\",\"name\":\"Comment\",\"target\":[\"https:\\\/\\\/divulguems.com.br\\\/?p=23228#respond\"]}]},{\"@type\":\"WebPage\",\"@id\":\"https:\\\/\\\/divulguems.com.br\\\/?p=23228\",\"url\":\"https:\\\/\\\/divulguems.com.br\\\/?p=23228\",\"name\":\"Companhia de Teatro Cego estreia espet\u00e1culo em Porto Seguro - Divulgue MS\",\"isPartOf\":{\"@id\":\"https:\\\/\\\/divulguems.com.br\\\/#website\"},\"primaryImageOfPage\":{\"@id\":\"https:\\\/\\\/divulguems.com.br\\\/?p=23228#primaryimage\"},\"image\":{\"@id\":\"https:\\\/\\\/divulguems.com.br\\\/?p=23228#primaryimage\"},\"thumbnailUrl\":\"https:\\\/\\\/divulguems.com.br\\\/wp-content\\\/uploads\\\/2026\\\/08\\\/23228-companhia-de-teatro-cego-estreia-espetaculo-em-porto-seguro.png\",\"datePublished\":\"2026-08-31T22:48:22+00:00\",\"breadcrumb\":{\"@id\":\"https:\\\/\\\/divulguems.com.br\\\/?p=23228#breadcrumb\"},\"inLanguage\":\"pt-BR\",\"potentialAction\":[{\"@type\":\"ReadAction\",\"target\":[\"https:\\\/\\\/divulguems.com.br\\\/?p=23228\"]}]},{\"@type\":\"ImageObject\",\"inLanguage\":\"pt-BR\",\"@id\":\"https:\\\/\\\/divulguems.com.br\\\/?p=23228#primaryimage\",\"url\":\"https:\\\/\\\/divulguems.com.br\\\/wp-content\\\/uploads\\\/2026\\\/08\\\/23228-companhia-de-teatro-cego-estreia-espetaculo-em-porto-seguro.png\",\"contentUrl\":\"https:\\\/\\\/divulguems.com.br\\\/wp-content\\\/uploads\\\/2026\\\/08\\\/23228-companhia-de-teatro-cego-estreia-espetaculo-em-porto-seguro.png\",\"width\":1200,\"height\":600,\"caption\":\"Companhia de Teatro Cego estreia espet\u00e1culo em Porto Seguro\"},{\"@type\":\"BreadcrumbList\",\"@id\":\"https:\\\/\\\/divulguems.com.br\\\/?p=23228#breadcrumb\",\"itemListElement\":[{\"@type\":\"ListItem\",\"position\":1,\"name\":\"In\u00edcio\",\"item\":\"https:\\\/\\\/divulguems.com.br\\\/\"},{\"@type\":\"ListItem\",\"position\":2,\"name\":\"Companhia de Teatro Cego estreia espet\u00e1culo em Porto Seguro\"}]},{\"@type\":\"WebSite\",\"@id\":\"https:\\\/\\\/divulguems.com.br\\\/#website\",\"url\":\"https:\\\/\\\/divulguems.com.br\\\/\",\"name\":\"Portal Infoco Brasil\",\"description\":\"L\u00edder de audi\u00eancia.\",\"publisher\":{\"@id\":\"https:\\\/\\\/divulguems.com.br\\\/#organization\"},\"potentialAction\":[{\"@type\":\"SearchAction\",\"target\":{\"@type\":\"EntryPoint\",\"urlTemplate\":\"https:\\\/\\\/divulguems.com.br\\\/?s={search_term_string}\"},\"query-input\":{\"@type\":\"PropertyValueSpecification\",\"valueRequired\":true,\"valueName\":\"search_term_string\"}}],\"inLanguage\":\"pt-BR\"},{\"@type\":\"Organization\",\"@id\":\"https:\\\/\\\/divulguems.com.br\\\/#organization\",\"name\":\"Portal Infoco Brasil\",\"url\":\"https:\\\/\\\/divulguems.com.br\\\/\",\"logo\":{\"@type\":\"ImageObject\",\"inLanguage\":\"pt-BR\",\"@id\":\"https:\\\/\\\/divulguems.com.br\\\/#\\\/schema\\\/logo\\\/image\\\/\",\"url\":\"https:\\\/\\\/divulguems.com.br\\\/wp-content\\\/uploads\\\/2025\\\/04\\\/LOGO-PNG-AZUL.png\",\"contentUrl\":\"https:\\\/\\\/divulguems.com.br\\\/wp-content\\\/uploads\\\/2025\\\/04\\\/LOGO-PNG-AZUL.png\",\"width\":1166,\"height\":475,\"caption\":\"Portal Infoco Brasil\"},\"image\":{\"@id\":\"https:\\\/\\\/divulguems.com.br\\\/#\\\/schema\\\/logo\\\/image\\\/\"},\"sameAs\":[\"https:\\\/\\\/www.facebook.com\\\/portalinfocobrasil\",\"https:\\\/\\\/www.instagram.com\\\/portalinfocobrasil\"]},{\"@type\":\"Person\",\"@id\":\"https:\\\/\\\/divulguems.com.br\\\/#\\\/schema\\\/person\\\/bfbb07e5a4582d8bf62a8eda3732c750\",\"name\":\"Gabriel Correa - Reporter da Radio Nacional\",\"image\":{\"@type\":\"ImageObject\",\"inLanguage\":\"pt-BR\",\"@id\":\"https:\\\/\\\/secure.gravatar.com\\\/avatar\\\/3b9126790d0616b677f1d200d8072fabf7b9a471c8e68b733cb7d7d25e3567fa?s=96&d=mm&r=g\",\"url\":\"https:\\\/\\\/secure.gravatar.com\\\/avatar\\\/3b9126790d0616b677f1d200d8072fabf7b9a471c8e68b733cb7d7d25e3567fa?s=96&d=mm&r=g\",\"contentUrl\":\"https:\\\/\\\/secure.gravatar.com\\\/avatar\\\/3b9126790d0616b677f1d200d8072fabf7b9a471c8e68b733cb7d7d25e3567fa?s=96&d=mm&r=g\",\"caption\":\"Gabriel Correa - Reporter da Radio Nacional\"},\"url\":\"https:\\\/\\\/divulguems.com.br\\\/?author=462\"}]}<\/script>\n<!-- \/ Yoast SEO Premium plugin. -->","yoast_head_json":{"title":"Companhia de Teatro Cego estreia espet\u00e1culo em Porto Seguro - Divulgue MS","robots":{"index":"index","follow":"follow","max-snippet":"max-snippet:-1","max-image-preview":"max-image-preview:large","max-video-preview":"max-video-preview:-1"},"canonical":"https:\/\/divulguems.com.br\/?p=23228","og_locale":"pt_BR","og_type":"article","og_title":"Companhia de Teatro Cego estreia espet\u00e1culo em Porto Seguro","og_description":"Imagine assistir a uma pe\u00e7a de\u00a0teatro\u00a0encenada totalmente no escuro. Essa \u00e9 a proposta da companhia\u00a0Teatro\u00a0Cego, conhecida por transformar o espet\u00e1culo em uma experi\u00eancia sensorial e em um convite \u00e0 reflex\u00e3o sobre inclus\u00e3o e acessibilidade. Estreia nesta segunda-feira, dia 31, em Porto Seguro, na Bahia, o espet\u00e1culo &#8220;Expresso Dive \u2013 Uma Jornada em Fam\u00edlia&#8221;. A pe\u00e7a [&hellip;]","og_url":"https:\/\/divulguems.com.br\/?p=23228","og_site_name":"Divulgue MS","article_publisher":"https:\/\/www.facebook.com\/portalinfocobrasil","article_published_time":"2026-08-31T22:48:22+00:00","og_image":[{"url":"https:\/\/agenciabrasil.ebc.com.br\/ebc.png?id=1701095&o=rss","type":"","width":"","height":""}],"author":"Gabriel Correa - Reporter da Radio Nacional","twitter_card":"summary_large_image","twitter_misc":{"Escrito por":"Gabriel Correa - Reporter da Radio Nacional","Est. tempo de leitura":"1 minuto"},"schema":{"@context":"https:\/\/schema.org","@graph":[{"@type":"Article","@id":"https:\/\/divulguems.com.br\/?p=23228#article","isPartOf":{"@id":"https:\/\/divulguems.com.br\/?p=23228"},"author":{"name":"Gabriel Correa - Reporter da Radio Nacional","@id":"https:\/\/divulguems.com.br\/#\/schema\/person\/bfbb07e5a4582d8bf62a8eda3732c750"},"headline":"Companhia de Teatro Cego estreia espet\u00e1culo em Porto Seguro","datePublished":"2026-08-31T22:48:22+00:00","mainEntityOfPage":{"@id":"https:\/\/divulguems.com.br\/?p=23228"},"wordCount":215,"commentCount":0,"publisher":{"@id":"https:\/\/divulguems.com.br\/#organization"},"image":{"@id":"https:\/\/divulguems.com.br\/?p=23228#primaryimage"},"thumbnailUrl":"https:\/\/divulguems.com.br\/wp-content\/uploads\/2026\/08\/23228-companhia-de-teatro-cego-estreia-espetaculo-em-porto-seguro.png","articleSection":["Educa\u00e7\u00e3o e Carreiras"],"inLanguage":"pt-BR","potentialAction":[{"@type":"CommentAction","name":"Comment","target":["https:\/\/divulguems.com.br\/?p=23228#respond"]}]},{"@type":"WebPage","@id":"https:\/\/divulguems.com.br\/?p=23228","url":"https:\/\/divulguems.com.br\/?p=23228","name":"Companhia de Teatro Cego estreia espet\u00e1culo em Porto Seguro - Divulgue MS","isPartOf":{"@id":"https:\/\/divulguems.com.br\/#website"},"primaryImageOfPage":{"@id":"https:\/\/divulguems.com.br\/?p=23228#primaryimage"},"image":{"@id":"https:\/\/divulguems.com.br\/?p=23228#primaryimage"},"thumbnailUrl":"https:\/\/divulguems.com.br\/wp-content\/uploads\/2026\/08\/23228-companhia-de-teatro-cego-estreia-espetaculo-em-porto-seguro.png","datePublished":"2026-08-31T22:48:22+00:00","breadcrumb":{"@id":"https:\/\/divulguems.com.br\/?p=23228#breadcrumb"},"inLanguage":"pt-BR","potentialAction":[{"@type":"ReadAction","target":["https:\/\/divulguems.com.br\/?p=23228"]}]},{"@type":"ImageObject","inLanguage":"pt-BR","@id":"https:\/\/divulguems.com.br\/?p=23228#primaryimage","url":"https:\/\/divulguems.com.br\/wp-content\/uploads\/2026\/08\/23228-companhia-de-teatro-cego-estreia-espetaculo-em-porto-seguro.png","contentUrl":"https:\/\/divulguems.com.br\/wp-content\/uploads\/2026\/08\/23228-companhia-de-teatro-cego-estreia-espetaculo-em-porto-seguro.png","width":1200,"height":600,"caption":"Companhia de Teatro Cego estreia espet\u00e1culo em Porto Seguro"},{"@type":"BreadcrumbList","@id":"https:\/\/divulguems.com.br\/?p=23228#breadcrumb","itemListElement":[{"@type":"ListItem","position":1,"name":"In\u00edcio","item":"https:\/\/divulguems.com.br\/"},{"@type":"ListItem","position":2,"name":"Companhia de Teatro Cego estreia espet\u00e1culo em Porto Seguro"}]},{"@type":"WebSite","@id":"https:\/\/divulguems.com.br\/#website","url":"https:\/\/divulguems.com.br\/","name":"Portal Infoco Brasil","description":"L\u00edder de audi\u00eancia.","publisher":{"@id":"https:\/\/divulguems.com.br\/#organization"},"potentialAction":[{"@type":"SearchAction","target":{"@type":"EntryPoint","urlTemplate":"https:\/\/divulguems.com.br\/?s={search_term_string}"},"query-input":{"@type":"PropertyValueSpecification","valueRequired":true,"valueName":"search_term_string"}}],"inLanguage":"pt-BR"},{"@type":"Organization","@id":"https:\/\/divulguems.com.br\/#organization","name":"Portal Infoco Brasil","url":"https:\/\/divulguems.com.br\/","logo":{"@type":"ImageObject","inLanguage":"pt-BR","@id":"https:\/\/divulguems.com.br\/#\/schema\/logo\/image\/","url":"https:\/\/divulguems.com.br\/wp-content\/uploads\/2025\/04\/LOGO-PNG-AZUL.png","contentUrl":"https:\/\/divulguems.com.br\/wp-content\/uploads\/2025\/04\/LOGO-PNG-AZUL.png","width":1166,"height":475,"caption":"Portal Infoco Brasil"},"image":{"@id":"https:\/\/divulguems.com.br\/#\/schema\/logo\/image\/"},"sameAs":["https:\/\/www.facebook.com\/portalinfocobrasil","https:\/\/www.instagram.com\/portalinfocobrasil"]},{"@type":"Person","@id":"https:\/\/divulguems.com.br\/#\/schema\/person\/bfbb07e5a4582d8bf62a8eda3732c750","name":"Gabriel Correa - Reporter da Radio Nacional","image":{"@type":"ImageObject","inLanguage":"pt-BR","@id":"https:\/\/secure.gravatar.com\/avatar\/3b9126790d0616b677f1d200d8072fabf7b9a471c8e68b733cb7d7d25e3567fa?s=96&d=mm&r=g","url":"https:\/\/secure.gravatar.com\/avatar\/3b9126790d0616b677f1d200d8072fabf7b9a471c8e68b733cb7d7d25e3567fa?s=96&d=mm&r=g","contentUrl":"https:\/\/secure.gravatar.com\/avatar\/3b9126790d0616b677f1d200d8072fabf7b9a471c8e68b733cb7d7d25e3567fa?s=96&d=mm&r=g","caption":"Gabriel Correa - Reporter da Radio Nacional"},"url":"https:\/\/divulguems.com.br\/?author=462"}]}},"_links":{"self":[{"href":"https:\/\/divulguems.com.br\/index.php?rest_route=\/wp\/v2\/posts\/23228","targetHints":{"allow":["GET"]}}],"collection":[{"href":"https:\/\/divulguems.com.br\/index.php?rest_route=\/wp\/v2\/posts"}],"about":[{"href":"https:\/\/divulguems.com.br\/index.php?rest_route=\/wp\/v2\/types\/post"}],"author":[{"embeddable":true,"href":"https:\/\/divulguems.com.br\/index.php?rest_route=\/wp\/v2\/users\/462"}],"replies":[{"embeddable":true,"href":"https:\/\/divulguems.com.br\/index.php?rest_route=%2Fwp%2Fv2%2Fcomments&post=23228"}],"version-history":[{"count":0,"href":"https:\/\/divulguems.com.br\/index.php?rest_route=\/wp\/v2\/posts\/23228\/revisions"}],"wp:featuredmedia":[{"embeddable":true,"href":"https:\/\/divulguems.com.br\/index.php?rest_route=\/wp\/v2\/media\/23229"}],"wp:attachment":[{"href":"https:\/\/divulguems.com.br\/index.php?rest_route=%2Fwp%2Fv2%2Fmedia&parent=23228"}],"wp:term":[{"taxonomy":"category","embeddable":true,"href":"https:\/\/divulguems.com.br\/index.php?rest_route=%2Fwp%2Fv2%2Fcategories&post=23228"},{"taxonomy":"post_tag","embeddable":true,"href":"https:\/\/divulguems.com.br\/index.php?rest_route=%2Fwp%2Fv2%2Ftags&post=23228"}],"curies":[{"name":"wp","href":"https:\/\/api.w.org\/{rel}","templated":true}]}}