{"id":23232,"date":"2026-08-31T18:48:27","date_gmt":"2026-08-31T22:48:27","guid":{"rendered":"https:\/\/divulguems.com.br\/?p=23232"},"modified":"2026-08-31T18:48:27","modified_gmt":"2026-08-31T22:48:27","slug":"conheca-projetos-finalistas-do-premio-educador-nota-10","status":"publish","type":"post","link":"https:\/\/divulguems.com.br\/?p=23232","title":{"rendered":"Conhe\u00e7a projetos finalistas do pr\u00eamio Educador Nota 10"},"content":{"rendered":"<\/p>\n<p><a class=\"\" href=\"https:\/\/agenciabrasil.ebc.com.br\/educacao\/noticia\/2026-08\/conheca-projetos-finalistas-do-premio-educador-nota-10\"><br \/>\n                    <img decoding=\"async\" src=\"https:\/\/cdn.jsdelivr.net\/gh\/sergiosdlima\/assets-ebc@1.0.0\/abr\/assets\/images\/logo-agenciabrasil.svg\" alt=\"Logo Ag\u00eancia Brasil\"><br \/>\n\t\t\t\t<\/a><\/p>\n<p><strong>O <a href=\"https:\/\/www.institutosomos.org\/premio-educador-nota-10\/\" target=\"_blank\">Pr\u00eamio Educador Nota 10<\/a>, um dos mais importantes do pa\u00eds voltados na \u00e1rea da educa\u00e7\u00e3o, divulgou os trabalhos desenvolvidos por cada um dos 12 finalistas da 28\u00ba edi\u00e7\u00e3o da premia\u00e7\u00e3o.<\/strong> Os vencedores ser\u00e3o anunciados no dia 10 de novembro, durante cerim\u00f4nia presencial na Pinacoteca de S\u00e3o Paulo.\u00a0Esta \u00e9 a primeira vez que o pr\u00eamio tem uma categoria voltada para gestores escolares.<img decoding=\"async\" src=\"https:\/\/agenciabrasil.ebc.com.br\/ebc.png?id=1701141&#038;o=rss\"><img decoding=\"async\" src=\"https:\/\/agenciabrasil.ebc.com.br\/ebc.gif?id=1701141&#038;o=rss\"><\/p>\n<p>Neste ano, a premia\u00e7\u00e3o recebeu mais de 3,9 mil inscri\u00e7\u00f5es.<strong> O pr\u00eamio reconhece pr\u00e1ticas educacionais de excel\u00eancia desenvolvidas por professores, coordenadores e gestores de escolas p\u00fablicas e privadas de todo o Brasil.<\/strong><\/p>\n<\/p>\n<h3>Not\u00edcias relacionadas:<\/h3>\n<ul>\n<li><a href=\"https:\/\/agenciabrasil.ebc.com.br\/educacao\/noticia\/2026-08\/festival-mostra-no-rio-de-janeiro-que-matematica-e-pop-e-divertida\">Festival mostra, no Rio de Janeiro, que a matem\u00e1tica \u00e9 pop e divertida.<\/a><\/li>\n<li><a href=\"https:\/\/agenciabrasil.ebc.com.br\/educacao\/noticia\/2026-08\/ensino-integral-acelera-aprendizado-de-vulner%C3%A1veis-aponta-estudo\">Ensino integral acelera aprendizado de vulner\u00e1veis, aponta estudo.<\/a><\/li>\n<li><a href=\"https:\/\/agenciabrasil.ebc.com.br\/educacao\/noticia\/2026-08\/mec-lanca-diretrizes-para-ensino-de-arte-na-educacao-basica\">MEC lan\u00e7a diretrizes para ensino de arte na educa\u00e7\u00e3o b\u00e1sica.<\/a><\/li>\n<\/ul>\n<p>Entre os finalistas est\u00e3o profissionais que desenvolvem projetos que tratam do uso de dados para melhorar a aprendizagem; da cria\u00e7\u00e3o de uma minifloresta com esp\u00e9cies do Cerrado; da promo\u00e7\u00e3o de uma feira de ci\u00eancias realizada com estudantes privados de liberdade; e de tecnologia aplicada \u00e0 gest\u00e3o escolar.<\/p>\n<p>Ao todo, s\u00e3o nove finalistas na categoria Professor\/Coordenador, distribu\u00eddos nos eixos Direitos Humanos, Inova\u00e7\u00e3o e Tecnologia e Sustentabilidade;\u00a0e tr\u00eas na categoria Gestor Escolar, voltada a iniciativas de Gest\u00e3o da Aprendizagem.<\/p>\n<h2>Premia\u00e7\u00e3o<\/h2>\n<p>Na categoria Professor\/Coordenador, s\u00e3o escolhidos os tr\u00eas primeiros colocados em cada eixo tem\u00e1tico. Entre os primeiros colocados de cada eixo ser\u00e1 escolhido o Educador do Ano.<\/p>\n<p>Na categoria Gestor Escolar, os tr\u00eas finalistas tamb\u00e9m ser\u00e3o classificados, e o primeiro colocado ser\u00e1 reconhecido como Gestor do Ano.<\/p>\n<p>Os primeiros colocados receber\u00e3o um pr\u00eamio de R$ 25 mil, al\u00e9m de bolsa de p\u00f3s-gradua\u00e7\u00e3o no Instiuto Singularidades e acesso por 24 meses \u00e0 plataforma PROFS, voltada pra a forma\u00e7\u00e3o continuada e apoio pedag\u00f3gico.\u00a0<\/p>\n<p>J\u00e1 os segundos colocados receber\u00e3o R$ 20 mil, bolsa de 50% na p\u00f3s-gradua\u00e7\u00e3o e acesso \u00e0 PROFS por 12 meses. J\u00e1 os terceiros colocados receber\u00e3o R$ 15 mil, bolsa de 50% na p\u00f3s-gradua\u00e7\u00e3o e acesso \u00e0 plataforma por 12 meses.<\/p>\n<p>O Pr\u00eamio Educador Nota 10 \u00e9 realizado pelo Instituto Somos e pelo Minist\u00e9rio da Cultura, por meio da Lei Federal de Incentivo \u00e0 Cultura, a Lei Rouanet.\u00a0<\/p>\n<p><strong>Conhe\u00e7a os finalistas<\/strong><\/p>\n<p>Na categoria Gestor Escolar foram selecionados os seguintes profissionais:<\/p>\n<p><strong>Edileuza Araujo de Souza &#8211; Escola Estadual Floresta, em Paran\u00e3 (TO)<\/strong><\/p>\n<p>O projeto <em>Dados que Inspiram Mudan\u00e7a, Resultados que Transformam<\/em> implantou uma gest\u00e3o pedag\u00f3gica baseada em evid\u00eancias. Entre as principais estrat\u00e9gias adotadas est\u00e3o o Painel Vivo de Aprendizagem, o Assessoramento Pedag\u00f3gico por Dados, o boletim de devolutiva para fam\u00edlias e a a\u00e7\u00e3o Adote uma Habilidade, que engajou toda a equipe escolar na recomposi\u00e7\u00e3o das aprendizagens.<\/p>\n<p><strong>Jo\u00e3o Carlos Carneiro &#8211; CEMEB Jos\u00e9 dos Santos Novaes, em Itapevi (SP)<\/strong><\/p>\n<p>O projeto<em> Menos Processos, Mais Aprendizagem: Inova\u00e7\u00e3o e Tecnologia a Servi\u00e7o da Educa\u00e7\u00e3o<\/em> apresenta um sistema integrado de gest\u00e3o escolar com uso de tecnologias acess\u00edveis para reduzir burocracias, automatizar processos e devolver tempo \u00e0 equipe pedag\u00f3gica. A iniciativa utilizou ferramentas como WhatsApp com chatbot, QR Codes, catracas biom\u00e9tricas, c\u00e2meras Wi-Fi, dashboards, sistema de som setorizado, Chromebooks e o sistema de gamifica\u00e7\u00e3o \u201cNotinhas\u201d.<\/p>\n<p><strong>T\u00e2nia Maria de Farias Pereira &#8211; EMTI Francisco de Assis Gomes Rufino, em Tambori (CE)<\/strong><\/p>\n<p>O projeto <em>Conectando Vidas: gest\u00e3o baseada em evid\u00eancias para proporcionar aprendizagem, protagonismo e transforma\u00e7\u00e3o social<\/em> fortaleceu a aprendizagem e o protagonismo estudantil por meio de uma gest\u00e3o orientada por evid\u00eancias, integrada a projetos de leitura, matem\u00e1tica, cultura, empreendedorismo, educa\u00e7\u00e3o ambiental e projeto de vida.<\/p>\n<p>Entre os professores e coordenadores, os finalistas na categoria \u201cInova\u00e7\u00e3o e Tecnologia\u201d s\u00e3o:<\/p>\n<p><strong>Michelle Mariano Mendon\u00e7a, coordenadora pedag\u00f3gica na EMEF Raul de Leoni, em S\u00e3o Paulo (SP)<\/strong><\/p>\n<p>O projeto <em>Rede Formativa: Fortalecendo Elos na Escola P\u00fablica<\/em> criou uma rede de colabora\u00e7\u00e3o entre escola, universidades e institui\u00e7\u00f5es de pesquisa, aproximando estudantes e professores da produ\u00e7\u00e3o cient\u00edfica e cultural.<\/p>\n<p><strong>Josane do Nascimento Ferreira Cunha, professora de Qu\u00edmica no Instituto Federal de Mato Grosso \u2013 campus Cuiab\u00e1 Bela Vista<\/strong><\/p>\n<p>O projeto<em> MIPIPEQ: Democratiza\u00e7\u00e3o da Ci\u00eancia Qu\u00edmica e Protagonismo Estudantil<\/em> utiliza uma metodologia pr\u00f3pria para transformar o ensino de qu\u00edmica em uma experi\u00eancia investigativa, criativa e conectada a desafios reais da sociedade. Os estudantes desenvolvem produtos, prot\u00f3tipos e solu\u00e7\u00f5es voltadas \u00e0 inclus\u00e3o, sustentabilidade, sa\u00fade e inova\u00e7\u00e3o, articulando ci\u00eancia e impacto social.<br \/>\n\u00a0<\/p>\n<p><strong>Daniela Steinheuzer, professora na Rede Estadual de Ensino em Blumenau (SC)<\/strong><\/p>\n<p>O projeto <em>Terr\u00e1rio e o Ciclo da \u00c1gua na Previs\u00e3o do Tempo<\/em>, realizado na Escola Estadual B\u00e1sica Bruno Hoeltgebaum utilizou terr\u00e1rios e o horto escolar para transformar conceitos cient\u00edficos abstratos em experi\u00eancias concretas.<\/p>\n<p>Na categoria \u201cSustentabilidade\u201d, os finalistas s\u00e3o:<\/p>\n<p><strong>Fernanda Ferreira de Oliveira, professora na EM Antonio Boldrin, em Piracicaba (SP)<\/strong><\/p>\n<p>O projeto <em>Encantados<\/em> levou crian\u00e7as da educa\u00e7\u00e3o infantil a investigar seres presentes em narrativas ind\u00edgenas, afro-brasileiras e da cultura popular, utilizando literatura, oralidade, arte e brincadeiras como caminhos para a aprendizagem.<\/p>\n<p><strong>Renata Araujo de Souza, professora concursada da Educa\u00e7\u00e3o B\u00e1sica na EMEB Agostinho dos Santos, em S\u00e3o Bernardo do Campo (SP):<\/strong><\/p>\n<p>Em <em>Inf\u00e2ncias em Estado de Pesquisa: As Po\u00e9ticas do Pensar com a Natureza como Territ\u00f3rio de Descobertas<\/em>, beb\u00eas e crian\u00e7as bem pequenas foram estimulados a investigar a natureza por meio de experi\u00eancias sensoriais, art\u00edsticas e cient\u00edficas.<\/p>\n<p><strong>Lazelane Ferreira da Silva, professora de geografia no Col\u00e9gio Estadual Professor Joaquim Carvalho Ferreira, em Goi\u00e2nia (GO)<\/strong><\/p>\n<p>O projeto Miniflorestas como Estrat\u00e9gia para o Conforto T\u00e9rmico mobilizou estudantes na cria\u00e7\u00e3o de uma minifloresta formada por esp\u00e9cies nativas do Cerrado em uma escola localizada em uma regi\u00e3o urbana com pouca arboriza\u00e7\u00e3o.<\/p>\n<p>Os finalistas na categoria \u201cDireitos Humanos\u201d s\u00e3o:<\/p>\n<p><strong>Rodrigo da Vit\u00f3ria Gomes, professor de qu\u00edmica e pedagogo da Educa\u00e7\u00e3o de Jovens e Adultos na EE Foz do Riacho &#8211; Centro de Deten\u00e7\u00e3o e Ressocializa\u00e7\u00e3o de Linhares (CDRL), em Linhares (ES)<\/strong><\/p>\n<p>O projeto <em>Al\u00e9m das Grades: A Ci\u00eancia como Ponte para a Liberdade<\/em> utilizou uma Feira de Ci\u00eancias como instrumento de educa\u00e7\u00e3o, cidadania e ressocializa\u00e7\u00e3o para estudantes privados de liberdade. Desenvolvido em uma unidade prisional, o projeto criou oportunidades para que os participantes atuassem como pesquisadores, desenvolvendo investiga\u00e7\u00f5es cient\u00edficas relacionadas a problemas reais.<br \/>\n\u00a0<\/p>\n<p><strong>Qircia Aparecida Fonseca Santana, professora no Col\u00e9gio Estadual de Tempo Integral de Iraquara, em Iraquara (BA)<\/strong><\/p>\n<p>O projeto <em>Leituras Negras: di\u00e1logos com as comunidades tradicionais de Iraquara<\/em> promoveu o encontro entre literatura afro-brasileira e ind\u00edgena e os saberes das mulheres quilombolas da regi\u00e3o.<br \/>\n\u00a0<\/p>\n<p><strong>Daniela Aparecida Ferreira Arfelli atua na Escola Estadual Assentamento Santa Clara, em Mirante do Paranapanema (SP)<\/strong><\/p>\n<p>O projeto <em>Vozes em Territ\u00f3rios de Luta: Pr\u00e1ticas de Letramento com Estudantes Acampados e Assentados <\/em>nasceu da necessidade de ampliar o letramento em um contexto de vulnerabilidade social. Por meio de pr\u00e1ticas significativas de leitura e produ\u00e7\u00e3o textual, os estudantes foram incentivados a registrar suas hist\u00f3rias, viv\u00eancias e identidades. O resultado foi a produ\u00e7\u00e3o do livro coletivo <em>Palavras que se Conectam<\/em>.<\/p>\n<p>\u00a0<\/p>\n","protected":false},"excerpt":{"rendered":"<p>O Pr\u00eamio Educador Nota 10, um dos mais importantes do pa\u00eds voltados na \u00e1rea da educa\u00e7\u00e3o, divulgou os trabalhos desenvolvidos por cada um dos 12 finalistas da 28\u00ba edi\u00e7\u00e3o da premia\u00e7\u00e3o. Os vencedores ser\u00e3o anunciados no dia 10 de novembro, durante cerim\u00f4nia presencial na Pinacoteca de S\u00e3o Paulo.\u00a0Esta \u00e9 a primeira vez que o pr\u00eamio [&hellip;]<\/p>\n","protected":false},"author":116,"featured_media":23233,"comment_status":"open","ping_status":"open","sticky":false,"template":"","format":"standard","meta":{"site-sidebar-layout":"default","site-content-layout":"","ast-site-content-layout":"default","site-content-style":"default","site-sidebar-style":"default","ast-global-header-display":"","ast-banner-title-visibility":"","ast-main-header-display":"","ast-hfb-above-header-display":"","ast-hfb-below-header-display":"","ast-hfb-mobile-header-display":"","site-post-title":"","ast-breadcrumbs-content":"","ast-featured-img":"","footer-sml-layout":"","ast-disable-related-posts":"","theme-transparent-header-meta":"","adv-header-id-meta":"","stick-header-meta":"","header-above-stick-meta":"","header-main-stick-meta":"","header-below-stick-meta":"","astra-migrate-meta-layouts":"default","ast-page-background-enabled":"default","ast-page-background-meta":{"desktop":{"background-color":"var(--ast-global-color-4)","background-image":"","background-repeat":"repeat","background-position":"center center","background-size":"auto","background-attachment":"scroll","background-type":"","background-media":"","overlay-type":"","overlay-color":"","overlay-opacity":"","overlay-gradient":""},"tablet":{"background-color":"","background-image":"","background-repeat":"repeat","background-position":"center center","background-size":"auto","background-attachment":"scroll","background-type":"","background-media":"","overlay-type":"","overlay-color":"","overlay-opacity":"","overlay-gradient":""},"mobile":{"background-color":"","background-image":"","background-repeat":"repeat","background-position":"center center","background-size":"auto","background-attachment":"scroll","background-type":"","background-media":"","overlay-type":"","overlay-color":"","overlay-opacity":"","overlay-gradient":""}},"ast-content-background-meta":{"desktop":{"background-color":"var(--ast-global-color-5)","background-image":"","background-repeat":"repeat","background-position":"center center","background-size":"auto","background-attachment":"scroll","background-type":"","background-media":"","overlay-type":"","overlay-color":"","overlay-opacity":"","overlay-gradient":""},"tablet":{"background-color":"var(--ast-global-color-5)","background-image":"","background-repeat":"repeat","background-position":"center center","background-size":"auto","background-attachment":"scroll","background-type":"","background-media":"","overlay-type":"","overlay-color":"","overlay-opacity":"","overlay-gradient":""},"mobile":{"background-color":"var(--ast-global-color-5)","background-image":"","background-repeat":"repeat","background-position":"center center","background-size":"auto","background-attachment":"scroll","background-type":"","background-media":"","overlay-type":"","overlay-color":"","overlay-opacity":"","overlay-gradient":""}},"footnotes":""},"categories":[3],"tags":[],"class_list":["post-23232","post","type-post","status-publish","format-standard","has-post-thumbnail","hentry","category-seguranca-e-justica"],"yoast_head":"<!-- This site is optimized with the Yoast SEO Premium plugin v23.6 (Yoast SEO v28.1) - https:\/\/yoast.com\/product\/yoast-seo-premium-wordpress\/ -->\n<title>Conhe\u00e7a projetos finalistas do pr\u00eamio Educador Nota 10 - Divulgue MS<\/title>\n<meta name=\"robots\" content=\"index, follow, max-snippet:-1, max-image-preview:large, max-video-preview:-1\" \/>\n<link rel=\"canonical\" href=\"https:\/\/divulguems.com.br\/?p=23232\" \/>\n<meta property=\"og:locale\" content=\"pt_BR\" \/>\n<meta property=\"og:type\" content=\"article\" \/>\n<meta property=\"og:title\" content=\"Conhe\u00e7a projetos finalistas do pr\u00eamio Educador Nota 10\" \/>\n<meta property=\"og:description\" content=\"O Pr\u00eamio Educador Nota 10, um dos mais importantes do pa\u00eds voltados na \u00e1rea da educa\u00e7\u00e3o, divulgou os trabalhos desenvolvidos por cada um dos 12 finalistas da 28\u00ba edi\u00e7\u00e3o da premia\u00e7\u00e3o. Os vencedores ser\u00e3o anunciados no dia 10 de novembro, durante cerim\u00f4nia presencial na Pinacoteca de S\u00e3o Paulo.\u00a0Esta \u00e9 a primeira vez que o pr\u00eamio [&hellip;]\" \/>\n<meta property=\"og:url\" content=\"https:\/\/divulguems.com.br\/?p=23232\" \/>\n<meta property=\"og:site_name\" content=\"Divulgue MS\" \/>\n<meta property=\"article:publisher\" content=\"https:\/\/www.facebook.com\/portalinfocobrasil\" \/>\n<meta property=\"article:published_time\" content=\"2026-08-31T22:48:27+00:00\" \/>\n<meta property=\"og:image\" content=\"https:\/\/cdn.jsdelivr.net\/gh\/sergiosdlima\/assets-ebc@1.0.0\/abr\/assets\/images\/logo-agenciabrasil.svg\" \/>\n<meta name=\"author\" content=\"Agencia Brasil\" \/>\n<meta name=\"twitter:card\" content=\"summary_large_image\" \/>\n<meta name=\"twitter:label1\" content=\"Escrito por\" \/>\n\t<meta name=\"twitter:data1\" content=\"Agencia Brasil\" \/>\n\t<meta name=\"twitter:label2\" content=\"Est. tempo de leitura\" \/>\n\t<meta name=\"twitter:data2\" content=\"6 minutos\" \/>\n<script type=\"application\/ld+json\" class=\"yoast-schema-graph\">{\"@context\":\"https:\\\/\\\/schema.org\",\"@graph\":[{\"@type\":\"Article\",\"@id\":\"https:\\\/\\\/divulguems.com.br\\\/?p=23232#article\",\"isPartOf\":{\"@id\":\"https:\\\/\\\/divulguems.com.br\\\/?p=23232\"},\"author\":{\"name\":\"Agencia Brasil\",\"@id\":\"https:\\\/\\\/divulguems.com.br\\\/#\\\/schema\\\/person\\\/a34887bf3581b349187121793408c1a7\"},\"headline\":\"Conhe\u00e7a projetos finalistas do pr\u00eamio Educador Nota 10\",\"datePublished\":\"2026-08-31T22:48:27+00:00\",\"mainEntityOfPage\":{\"@id\":\"https:\\\/\\\/divulguems.com.br\\\/?p=23232\"},\"wordCount\":1246,\"commentCount\":0,\"publisher\":{\"@id\":\"https:\\\/\\\/divulguems.com.br\\\/#organization\"},\"image\":{\"@id\":\"https:\\\/\\\/divulguems.com.br\\\/?p=23232#primaryimage\"},\"thumbnailUrl\":\"https:\\\/\\\/divulguems.com.br\\\/wp-content\\\/uploads\\\/2026\\\/08\\\/23232-conheca-projetos-finalistas-do-premio-educador-nota-10.jpeg\",\"articleSection\":[\"Seguran\u00e7a e Justi\u00e7a\"],\"inLanguage\":\"pt-BR\",\"potentialAction\":[{\"@type\":\"CommentAction\",\"name\":\"Comment\",\"target\":[\"https:\\\/\\\/divulguems.com.br\\\/?p=23232#respond\"]}]},{\"@type\":\"WebPage\",\"@id\":\"https:\\\/\\\/divulguems.com.br\\\/?p=23232\",\"url\":\"https:\\\/\\\/divulguems.com.br\\\/?p=23232\",\"name\":\"Conhe\u00e7a projetos finalistas do pr\u00eamio Educador Nota 10 - Divulgue MS\",\"isPartOf\":{\"@id\":\"https:\\\/\\\/divulguems.com.br\\\/#website\"},\"primaryImageOfPage\":{\"@id\":\"https:\\\/\\\/divulguems.com.br\\\/?p=23232#primaryimage\"},\"image\":{\"@id\":\"https:\\\/\\\/divulguems.com.br\\\/?p=23232#primaryimage\"},\"thumbnailUrl\":\"https:\\\/\\\/divulguems.com.br\\\/wp-content\\\/uploads\\\/2026\\\/08\\\/23232-conheca-projetos-finalistas-do-premio-educador-nota-10.jpeg\",\"datePublished\":\"2026-08-31T22:48:27+00:00\",\"breadcrumb\":{\"@id\":\"https:\\\/\\\/divulguems.com.br\\\/?p=23232#breadcrumb\"},\"inLanguage\":\"pt-BR\",\"potentialAction\":[{\"@type\":\"ReadAction\",\"target\":[\"https:\\\/\\\/divulguems.com.br\\\/?p=23232\"]}]},{\"@type\":\"ImageObject\",\"inLanguage\":\"pt-BR\",\"@id\":\"https:\\\/\\\/divulguems.com.br\\\/?p=23232#primaryimage\",\"url\":\"https:\\\/\\\/divulguems.com.br\\\/wp-content\\\/uploads\\\/2026\\\/08\\\/23232-conheca-projetos-finalistas-do-premio-educador-nota-10.jpeg\",\"contentUrl\":\"https:\\\/\\\/divulguems.com.br\\\/wp-content\\\/uploads\\\/2026\\\/08\\\/23232-conheca-projetos-finalistas-do-premio-educador-nota-10.jpeg\",\"width\":1600,\"height\":800,\"caption\":\"Conhe\u00e7a projetos finalistas do pr\u00eamio Educador Nota 10\"},{\"@type\":\"BreadcrumbList\",\"@id\":\"https:\\\/\\\/divulguems.com.br\\\/?p=23232#breadcrumb\",\"itemListElement\":[{\"@type\":\"ListItem\",\"position\":1,\"name\":\"In\u00edcio\",\"item\":\"https:\\\/\\\/divulguems.com.br\\\/\"},{\"@type\":\"ListItem\",\"position\":2,\"name\":\"Conhe\u00e7a projetos finalistas do pr\u00eamio Educador Nota 10\"}]},{\"@type\":\"WebSite\",\"@id\":\"https:\\\/\\\/divulguems.com.br\\\/#website\",\"url\":\"https:\\\/\\\/divulguems.com.br\\\/\",\"name\":\"Portal Infoco Brasil\",\"description\":\"L\u00edder de audi\u00eancia.\",\"publisher\":{\"@id\":\"https:\\\/\\\/divulguems.com.br\\\/#organization\"},\"potentialAction\":[{\"@type\":\"SearchAction\",\"target\":{\"@type\":\"EntryPoint\",\"urlTemplate\":\"https:\\\/\\\/divulguems.com.br\\\/?s={search_term_string}\"},\"query-input\":{\"@type\":\"PropertyValueSpecification\",\"valueRequired\":true,\"valueName\":\"search_term_string\"}}],\"inLanguage\":\"pt-BR\"},{\"@type\":\"Organization\",\"@id\":\"https:\\\/\\\/divulguems.com.br\\\/#organization\",\"name\":\"Portal Infoco Brasil\",\"url\":\"https:\\\/\\\/divulguems.com.br\\\/\",\"logo\":{\"@type\":\"ImageObject\",\"inLanguage\":\"pt-BR\",\"@id\":\"https:\\\/\\\/divulguems.com.br\\\/#\\\/schema\\\/logo\\\/image\\\/\",\"url\":\"https:\\\/\\\/divulguems.com.br\\\/wp-content\\\/uploads\\\/2025\\\/04\\\/LOGO-PNG-AZUL.png\",\"contentUrl\":\"https:\\\/\\\/divulguems.com.br\\\/wp-content\\\/uploads\\\/2025\\\/04\\\/LOGO-PNG-AZUL.png\",\"width\":1166,\"height\":475,\"caption\":\"Portal Infoco Brasil\"},\"image\":{\"@id\":\"https:\\\/\\\/divulguems.com.br\\\/#\\\/schema\\\/logo\\\/image\\\/\"},\"sameAs\":[\"https:\\\/\\\/www.facebook.com\\\/portalinfocobrasil\",\"https:\\\/\\\/www.instagram.com\\\/portalinfocobrasil\"]},{\"@type\":\"Person\",\"@id\":\"https:\\\/\\\/divulguems.com.br\\\/#\\\/schema\\\/person\\\/a34887bf3581b349187121793408c1a7\",\"name\":\"Agencia Brasil\",\"image\":{\"@type\":\"ImageObject\",\"inLanguage\":\"pt-BR\",\"@id\":\"https:\\\/\\\/secure.gravatar.com\\\/avatar\\\/3fd0181c908a29c9243308239f56d705be75c4f4c56fead1ae013e31f296750c?s=96&d=mm&r=g\",\"url\":\"https:\\\/\\\/secure.gravatar.com\\\/avatar\\\/3fd0181c908a29c9243308239f56d705be75c4f4c56fead1ae013e31f296750c?s=96&d=mm&r=g\",\"contentUrl\":\"https:\\\/\\\/secure.gravatar.com\\\/avatar\\\/3fd0181c908a29c9243308239f56d705be75c4f4c56fead1ae013e31f296750c?s=96&d=mm&r=g\",\"caption\":\"Agencia Brasil\"},\"url\":\"https:\\\/\\\/divulguems.com.br\\\/?author=116\"}]}<\/script>\n<!-- \/ Yoast SEO Premium plugin. -->","yoast_head_json":{"title":"Conhe\u00e7a projetos finalistas do pr\u00eamio Educador Nota 10 - Divulgue MS","robots":{"index":"index","follow":"follow","max-snippet":"max-snippet:-1","max-image-preview":"max-image-preview:large","max-video-preview":"max-video-preview:-1"},"canonical":"https:\/\/divulguems.com.br\/?p=23232","og_locale":"pt_BR","og_type":"article","og_title":"Conhe\u00e7a projetos finalistas do pr\u00eamio Educador Nota 10","og_description":"O Pr\u00eamio Educador Nota 10, um dos mais importantes do pa\u00eds voltados na \u00e1rea da educa\u00e7\u00e3o, divulgou os trabalhos desenvolvidos por cada um dos 12 finalistas da 28\u00ba edi\u00e7\u00e3o da premia\u00e7\u00e3o. Os vencedores ser\u00e3o anunciados no dia 10 de novembro, durante cerim\u00f4nia presencial na Pinacoteca de S\u00e3o Paulo.\u00a0Esta \u00e9 a primeira vez que o pr\u00eamio [&hellip;]","og_url":"https:\/\/divulguems.com.br\/?p=23232","og_site_name":"Divulgue MS","article_publisher":"https:\/\/www.facebook.com\/portalinfocobrasil","article_published_time":"2026-08-31T22:48:27+00:00","og_image":[{"url":"https:\/\/cdn.jsdelivr.net\/gh\/sergiosdlima\/assets-ebc@1.0.0\/abr\/assets\/images\/logo-agenciabrasil.svg","type":"","width":"","height":""}],"author":"Agencia Brasil","twitter_card":"summary_large_image","twitter_misc":{"Escrito por":"Agencia Brasil","Est. tempo de leitura":"6 minutos"},"schema":{"@context":"https:\/\/schema.org","@graph":[{"@type":"Article","@id":"https:\/\/divulguems.com.br\/?p=23232#article","isPartOf":{"@id":"https:\/\/divulguems.com.br\/?p=23232"},"author":{"name":"Agencia Brasil","@id":"https:\/\/divulguems.com.br\/#\/schema\/person\/a34887bf3581b349187121793408c1a7"},"headline":"Conhe\u00e7a projetos finalistas do pr\u00eamio Educador Nota 10","datePublished":"2026-08-31T22:48:27+00:00","mainEntityOfPage":{"@id":"https:\/\/divulguems.com.br\/?p=23232"},"wordCount":1246,"commentCount":0,"publisher":{"@id":"https:\/\/divulguems.com.br\/#organization"},"image":{"@id":"https:\/\/divulguems.com.br\/?p=23232#primaryimage"},"thumbnailUrl":"https:\/\/divulguems.com.br\/wp-content\/uploads\/2026\/08\/23232-conheca-projetos-finalistas-do-premio-educador-nota-10.jpeg","articleSection":["Seguran\u00e7a e Justi\u00e7a"],"inLanguage":"pt-BR","potentialAction":[{"@type":"CommentAction","name":"Comment","target":["https:\/\/divulguems.com.br\/?p=23232#respond"]}]},{"@type":"WebPage","@id":"https:\/\/divulguems.com.br\/?p=23232","url":"https:\/\/divulguems.com.br\/?p=23232","name":"Conhe\u00e7a projetos finalistas do pr\u00eamio Educador Nota 10 - Divulgue MS","isPartOf":{"@id":"https:\/\/divulguems.com.br\/#website"},"primaryImageOfPage":{"@id":"https:\/\/divulguems.com.br\/?p=23232#primaryimage"},"image":{"@id":"https:\/\/divulguems.com.br\/?p=23232#primaryimage"},"thumbnailUrl":"https:\/\/divulguems.com.br\/wp-content\/uploads\/2026\/08\/23232-conheca-projetos-finalistas-do-premio-educador-nota-10.jpeg","datePublished":"2026-08-31T22:48:27+00:00","breadcrumb":{"@id":"https:\/\/divulguems.com.br\/?p=23232#breadcrumb"},"inLanguage":"pt-BR","potentialAction":[{"@type":"ReadAction","target":["https:\/\/divulguems.com.br\/?p=23232"]}]},{"@type":"ImageObject","inLanguage":"pt-BR","@id":"https:\/\/divulguems.com.br\/?p=23232#primaryimage","url":"https:\/\/divulguems.com.br\/wp-content\/uploads\/2026\/08\/23232-conheca-projetos-finalistas-do-premio-educador-nota-10.jpeg","contentUrl":"https:\/\/divulguems.com.br\/wp-content\/uploads\/2026\/08\/23232-conheca-projetos-finalistas-do-premio-educador-nota-10.jpeg","width":1600,"height":800,"caption":"Conhe\u00e7a projetos finalistas do pr\u00eamio Educador Nota 10"},{"@type":"BreadcrumbList","@id":"https:\/\/divulguems.com.br\/?p=23232#breadcrumb","itemListElement":[{"@type":"ListItem","position":1,"name":"In\u00edcio","item":"https:\/\/divulguems.com.br\/"},{"@type":"ListItem","position":2,"name":"Conhe\u00e7a projetos finalistas do pr\u00eamio Educador Nota 10"}]},{"@type":"WebSite","@id":"https:\/\/divulguems.com.br\/#website","url":"https:\/\/divulguems.com.br\/","name":"Portal Infoco Brasil","description":"L\u00edder de audi\u00eancia.","publisher":{"@id":"https:\/\/divulguems.com.br\/#organization"},"potentialAction":[{"@type":"SearchAction","target":{"@type":"EntryPoint","urlTemplate":"https:\/\/divulguems.com.br\/?s={search_term_string}"},"query-input":{"@type":"PropertyValueSpecification","valueRequired":true,"valueName":"search_term_string"}}],"inLanguage":"pt-BR"},{"@type":"Organization","@id":"https:\/\/divulguems.com.br\/#organization","name":"Portal Infoco Brasil","url":"https:\/\/divulguems.com.br\/","logo":{"@type":"ImageObject","inLanguage":"pt-BR","@id":"https:\/\/divulguems.com.br\/#\/schema\/logo\/image\/","url":"https:\/\/divulguems.com.br\/wp-content\/uploads\/2025\/04\/LOGO-PNG-AZUL.png","contentUrl":"https:\/\/divulguems.com.br\/wp-content\/uploads\/2025\/04\/LOGO-PNG-AZUL.png","width":1166,"height":475,"caption":"Portal Infoco Brasil"},"image":{"@id":"https:\/\/divulguems.com.br\/#\/schema\/logo\/image\/"},"sameAs":["https:\/\/www.facebook.com\/portalinfocobrasil","https:\/\/www.instagram.com\/portalinfocobrasil"]},{"@type":"Person","@id":"https:\/\/divulguems.com.br\/#\/schema\/person\/a34887bf3581b349187121793408c1a7","name":"Agencia Brasil","image":{"@type":"ImageObject","inLanguage":"pt-BR","@id":"https:\/\/secure.gravatar.com\/avatar\/3fd0181c908a29c9243308239f56d705be75c4f4c56fead1ae013e31f296750c?s=96&d=mm&r=g","url":"https:\/\/secure.gravatar.com\/avatar\/3fd0181c908a29c9243308239f56d705be75c4f4c56fead1ae013e31f296750c?s=96&d=mm&r=g","contentUrl":"https:\/\/secure.gravatar.com\/avatar\/3fd0181c908a29c9243308239f56d705be75c4f4c56fead1ae013e31f296750c?s=96&d=mm&r=g","caption":"Agencia Brasil"},"url":"https:\/\/divulguems.com.br\/?author=116"}]}},"_links":{"self":[{"href":"https:\/\/divulguems.com.br\/index.php?rest_route=\/wp\/v2\/posts\/23232","targetHints":{"allow":["GET"]}}],"collection":[{"href":"https:\/\/divulguems.com.br\/index.php?rest_route=\/wp\/v2\/posts"}],"about":[{"href":"https:\/\/divulguems.com.br\/index.php?rest_route=\/wp\/v2\/types\/post"}],"author":[{"embeddable":true,"href":"https:\/\/divulguems.com.br\/index.php?rest_route=\/wp\/v2\/users\/116"}],"replies":[{"embeddable":true,"href":"https:\/\/divulguems.com.br\/index.php?rest_route=%2Fwp%2Fv2%2Fcomments&post=23232"}],"version-history":[{"count":0,"href":"https:\/\/divulguems.com.br\/index.php?rest_route=\/wp\/v2\/posts\/23232\/revisions"}],"wp:featuredmedia":[{"embeddable":true,"href":"https:\/\/divulguems.com.br\/index.php?rest_route=\/wp\/v2\/media\/23233"}],"wp:attachment":[{"href":"https:\/\/divulguems.com.br\/index.php?rest_route=%2Fwp%2Fv2%2Fmedia&parent=23232"}],"wp:term":[{"taxonomy":"category","embeddable":true,"href":"https:\/\/divulguems.com.br\/index.php?rest_route=%2Fwp%2Fv2%2Fcategories&post=23232"},{"taxonomy":"post_tag","embeddable":true,"href":"https:\/\/divulguems.com.br\/index.php?rest_route=%2Fwp%2Fv2%2Ftags&post=23232"}],"curies":[{"name":"wp","href":"https:\/\/api.w.org\/{rel}","templated":true}]}}