{"id":23236,"date":"2026-08-31T20:50:58","date_gmt":"2026-09-01T00:50:58","guid":{"rendered":"https:\/\/divulguems.com.br\/?p=23236"},"modified":"2026-08-31T20:50:58","modified_gmt":"2026-09-01T00:50:58","slug":"justica-do-rio-decreta-a-falencia-do-grupo-refit","status":"publish","type":"post","link":"https:\/\/divulguems.com.br\/?p=23236","title":{"rendered":"Justi\u00e7a do Rio decreta a fal\u00eancia do Grupo Refit"},"content":{"rendered":"<\/p>\n<p><a class=\"\" href=\"https:\/\/agenciabrasil.ebc.com.br\/justica\/noticia\/2026-08\/justica-do-rio-decreta-falencia-do-grupo-refit\"><br \/>\n                    <img decoding=\"async\" src=\"https:\/\/cdn.jsdelivr.net\/gh\/sergiosdlima\/assets-ebc@1.0.0\/abr\/assets\/images\/logo-agenciabrasil.svg\" alt=\"Logo Ag\u00eancia Brasil\"><br \/>\n\t\t\t\t<\/a><\/p>\n<p><strong>A Justi\u00e7a do Rio de Janeiro decretou, nesta segunda-feira\u00a0(31), a fal\u00eancia das empresas que comp\u00f5em o Grupo Refit.<\/strong> O juiz da 5\u00aa Vara Empresarial\u00a0Arthur Ferreira converteu em fal\u00eancia a recupera\u00e7\u00e3o judicial da Gasdiesel Servi\u00e7os, localizada em Duque de Caxias; a Distribuidora S.A., em Manguinhos; a Qu\u00edmica S\/A, na Rodovia Anhanguera, em Campinas, e a Refinaria de Petr\u00f3leos Manguinhos, na Avenida Brasil.<img decoding=\"async\" src=\"https:\/\/agenciabrasil.ebc.com.br\/ebc.png?id=1701132&#038;o=rss\"><img decoding=\"async\" src=\"https:\/\/agenciabrasil.ebc.com.br\/ebc.gif?id=1701132&#038;o=rss\"><\/p>\n<p>O magistrado determinou, entre outras medidas, que as empresas apresentem, no prazo m\u00e1ximo de cinco dias, a rela\u00e7\u00e3o nominal dos credores e informa\u00e7\u00f5es ao administrador judicial. Determinou, tamb\u00e9m, o bloqueio de todas as contas banc\u00e1rias das companhias falidas, solicitando \u00e0 Receita Federal as \u00faltimas declara\u00e7\u00f5es do imposto de renda e as declara\u00e7\u00f5es sobre as opera\u00e7\u00f5es imobili\u00e1rias.<\/p>\n<\/p>\n<h3>Not\u00edcias relacionadas:<\/h3>\n<ul>\n<li><a href=\"https:\/\/agenciabrasil.ebc.com.br\/justica\/noticia\/2026-08\/bruno-dantas-renuncia-ao-cargo-de-ministro-do-tcu\">Bruno Dantas renuncia ao cargo de ministro do TCU.<\/a><\/li>\n<li><a href=\"https:\/\/agenciabrasil.ebc.com.br\/justica\/noticia\/2026-08\/toffoli-suspende-campanha-digital-de-grassi-presidencia\">Toffoli suspende campanha digital de Grassi \u00e0 Presid\u00eancia .<\/a><\/li>\n<li><a href=\"https:\/\/agenciabrasil.ebc.com.br\/justica\/noticia\/2026-08\/brasileiro-tem-dificuldade-em-saber-seus-direitos-aponta-pesquisa\">Brasileiro tem dificuldade em saber seus direitos, aponta pesquisa.<\/a><\/li>\n<\/ul>\n<p>O pedido de recupera\u00e7\u00e3o judicial tramitava desde 2015 sem solu\u00e7\u00e3o, com pedido de\u00a0fal\u00eancia pelo Estado do Rio de Janeiro e, tamb\u00e9m, pelo Minist\u00e9rio P\u00fablico Estadual, por meio do Grupo de Atua\u00e7\u00e3o Especializada e de Defesa da Integridade e Repress\u00e3o \u00e0 Sonega\u00e7\u00e3o Fiscal (Gaesf).<\/p>\n<p><strong>Na decis\u00e3o, o juiz Arthur Ferreira aponta as irregularidades encontradas em opera\u00e7\u00f5es policiais deflagradas contra as empresas\u00a0comprovando que o neg\u00f3cio empreendido pela Refit e suas empresas coligadas (formalmente ou n\u00e3o) estava baseado em atos reiterados de sonega\u00e7\u00e3o fiscal e fraude fiscal estruturada<\/strong>.<\/p>\n<p>\u201cAs opera\u00e7\u00f5es Cadeia de Carbono e Carbono Oculto, por parte da Receita Federal, Opera\u00e7\u00e3o Po\u00e7o de Lobato, deflagrada pelo Minist\u00e9rio P\u00fablico de S\u00e3o Paulo e a Procuradoria da Fazenda Nacional, al\u00e9m da interdi\u00e7\u00e3o administrativa da Ag\u00eancia Nacional de Petr\u00f3leo (ANP), atestaram as in\u00fameras irregularidades e falsidades operacionais\u201d, disse o magistrado na decis\u00e3o.<\/p>\n<p>O juiz ressaltou\u00a0que a Opera\u00e7\u00e3o Sem Refino, no dia 15 de maio de 2026, da Pol\u00edcia Federal, determinou a\u00a0suspens\u00e3o das atividades econ\u00f4micas de todas as empresas do grupo e o bloqueio de R$ 52 bilh\u00f5es em ativos financeiros. \u201cEvidenciou que o verdadeiro modelo de neg\u00f3cio empreendido pela Refit e suas empresas coligadas \u00e9 baseado, intrinsecamente, em atos reiterados de sonega\u00e7\u00e3o fiscal e fraude fiscal estruturada, por meio de oculta\u00e7\u00e3o patrimonial e esvaziamento econ\u00f4mico da empresa deliberadamente para fins de n\u00e3o pagamento de tributos\u201d, pontuou o magistrado.<\/p>\n<p>As empresas mantinham uma d\u00edvida em tributos com o Estado do Rio de Janeiro e vinham se negando a pagar. Inicialmente, obtiveram medida judicial que as autorizava ao parcelamento da d\u00edvida com o Estado e que foi cassada pelo Superior Tribunal de Justi\u00e7a (STJ). O juiz ressalta que a falta de pagamento da arrecada\u00e7\u00e3o tribut\u00e1ria compromete a capacidade de arrecada\u00e7\u00e3o do Estado;<\/p>\n","protected":false},"excerpt":{"rendered":"<p>A Justi\u00e7a do Rio de Janeiro decretou, nesta segunda-feira\u00a0(31), a fal\u00eancia das empresas que comp\u00f5em o Grupo Refit. O juiz da 5\u00aa Vara Empresarial\u00a0Arthur Ferreira converteu em fal\u00eancia a recupera\u00e7\u00e3o judicial da Gasdiesel Servi\u00e7os, localizada em Duque de Caxias; a Distribuidora S.A., em Manguinhos; a Qu\u00edmica S\/A, na Rodovia Anhanguera, em Campinas, e a Refinaria [&hellip;]<\/p>\n","protected":false},"author":134,"featured_media":23237,"comment_status":"open","ping_status":"open","sticky":false,"template":"","format":"standard","meta":{"site-sidebar-layout":"default","site-content-layout":"","ast-site-content-layout":"default","site-content-style":"default","site-sidebar-style":"default","ast-global-header-display":"","ast-banner-title-visibility":"","ast-main-header-display":"","ast-hfb-above-header-display":"","ast-hfb-below-header-display":"","ast-hfb-mobile-header-display":"","site-post-title":"","ast-breadcrumbs-content":"","ast-featured-img":"","footer-sml-layout":"","ast-disable-related-posts":"","theme-transparent-header-meta":"","adv-header-id-meta":"","stick-header-meta":"","header-above-stick-meta":"","header-main-stick-meta":"","header-below-stick-meta":"","astra-migrate-meta-layouts":"default","ast-page-background-enabled":"default","ast-page-background-meta":{"desktop":{"background-color":"var(--ast-global-color-4)","background-image":"","background-repeat":"repeat","background-position":"center center","background-size":"auto","background-attachment":"scroll","background-type":"","background-media":"","overlay-type":"","overlay-color":"","overlay-opacity":"","overlay-gradient":""},"tablet":{"background-color":"","background-image":"","background-repeat":"repeat","background-position":"center center","background-size":"auto","background-attachment":"scroll","background-type":"","background-media":"","overlay-type":"","overlay-color":"","overlay-opacity":"","overlay-gradient":""},"mobile":{"background-color":"","background-image":"","background-repeat":"repeat","background-position":"center center","background-size":"auto","background-attachment":"scroll","background-type":"","background-media":"","overlay-type":"","overlay-color":"","overlay-opacity":"","overlay-gradient":""}},"ast-content-background-meta":{"desktop":{"background-color":"var(--ast-global-color-5)","background-image":"","background-repeat":"repeat","background-position":"center center","background-size":"auto","background-attachment":"scroll","background-type":"","background-media":"","overlay-type":"","overlay-color":"","overlay-opacity":"","overlay-gradient":""},"tablet":{"background-color":"var(--ast-global-color-5)","background-image":"","background-repeat":"repeat","background-position":"center center","background-size":"auto","background-attachment":"scroll","background-type":"","background-media":"","overlay-type":"","overlay-color":"","overlay-opacity":"","overlay-gradient":""},"mobile":{"background-color":"var(--ast-global-color-5)","background-image":"","background-repeat":"repeat","background-position":"center center","background-size":"auto","background-attachment":"scroll","background-type":"","background-media":"","overlay-type":"","overlay-color":"","overlay-opacity":"","overlay-gradient":""}},"footnotes":""},"categories":[1],"tags":[],"class_list":["post-23236","post","type-post","status-publish","format-standard","has-post-thumbnail","hentry","category-sem-categoria"],"yoast_head":"<!-- This site is optimized with the Yoast SEO Premium plugin v23.6 (Yoast SEO v28.1) - https:\/\/yoast.com\/product\/yoast-seo-premium-wordpress\/ -->\n<title>Justi\u00e7a do Rio decreta a fal\u00eancia do Grupo Refit - Divulgue MS<\/title>\n<meta name=\"robots\" content=\"index, follow, max-snippet:-1, max-image-preview:large, max-video-preview:-1\" \/>\n<link rel=\"canonical\" href=\"https:\/\/divulguems.com.br\/?p=23236\" \/>\n<meta property=\"og:locale\" content=\"pt_BR\" \/>\n<meta property=\"og:type\" content=\"article\" \/>\n<meta property=\"og:title\" content=\"Justi\u00e7a do Rio decreta a fal\u00eancia do Grupo Refit\" \/>\n<meta property=\"og:description\" content=\"A Justi\u00e7a do Rio de Janeiro decretou, nesta segunda-feira\u00a0(31), a fal\u00eancia das empresas que comp\u00f5em o Grupo Refit. O juiz da 5\u00aa Vara Empresarial\u00a0Arthur Ferreira converteu em fal\u00eancia a recupera\u00e7\u00e3o judicial da Gasdiesel Servi\u00e7os, localizada em Duque de Caxias; a Distribuidora S.A., em Manguinhos; a Qu\u00edmica S\/A, na Rodovia Anhanguera, em Campinas, e a Refinaria [&hellip;]\" \/>\n<meta property=\"og:url\" content=\"https:\/\/divulguems.com.br\/?p=23236\" \/>\n<meta property=\"og:site_name\" content=\"Divulgue MS\" \/>\n<meta property=\"article:publisher\" content=\"https:\/\/www.facebook.com\/portalinfocobrasil\" \/>\n<meta property=\"article:published_time\" content=\"2026-09-01T00:50:58+00:00\" \/>\n<meta property=\"og:image\" content=\"https:\/\/cdn.jsdelivr.net\/gh\/sergiosdlima\/assets-ebc@1.0.0\/abr\/assets\/images\/logo-agenciabrasil.svg\" \/>\n<meta name=\"author\" content=\"Douglas Correa - Reporter da Agencia Brasil\" \/>\n<meta name=\"twitter:card\" content=\"summary_large_image\" \/>\n<meta name=\"twitter:label1\" content=\"Escrito por\" \/>\n\t<meta name=\"twitter:data1\" content=\"Douglas Correa - Reporter da Agencia Brasil\" \/>\n\t<meta name=\"twitter:label2\" content=\"Est. tempo de leitura\" \/>\n\t<meta name=\"twitter:data2\" content=\"2 minutos\" \/>\n<script type=\"application\/ld+json\" class=\"yoast-schema-graph\">{\"@context\":\"https:\\\/\\\/schema.org\",\"@graph\":[{\"@type\":\"Article\",\"@id\":\"https:\\\/\\\/divulguems.com.br\\\/?p=23236#article\",\"isPartOf\":{\"@id\":\"https:\\\/\\\/divulguems.com.br\\\/?p=23236\"},\"author\":{\"name\":\"Douglas Correa - Reporter da Agencia Brasil\",\"@id\":\"https:\\\/\\\/divulguems.com.br\\\/#\\\/schema\\\/person\\\/57a8d6c484f4251fce22a206f2c495ed\"},\"headline\":\"Justi\u00e7a do Rio decreta a fal\u00eancia do Grupo Refit\",\"datePublished\":\"2026-09-01T00:50:58+00:00\",\"mainEntityOfPage\":{\"@id\":\"https:\\\/\\\/divulguems.com.br\\\/?p=23236\"},\"wordCount\":500,\"commentCount\":0,\"publisher\":{\"@id\":\"https:\\\/\\\/divulguems.com.br\\\/#organization\"},\"image\":{\"@id\":\"https:\\\/\\\/divulguems.com.br\\\/?p=23236#primaryimage\"},\"thumbnailUrl\":\"https:\\\/\\\/divulguems.com.br\\\/wp-content\\\/uploads\\\/2026\\\/08\\\/23236-justica-do-rio-decreta-a-falencia-do-grupo-refit.png\",\"articleSection\":[\"\u00daltimas Not\u00edcias\"],\"inLanguage\":\"pt-BR\",\"potentialAction\":[{\"@type\":\"CommentAction\",\"name\":\"Comment\",\"target\":[\"https:\\\/\\\/divulguems.com.br\\\/?p=23236#respond\"]}]},{\"@type\":\"WebPage\",\"@id\":\"https:\\\/\\\/divulguems.com.br\\\/?p=23236\",\"url\":\"https:\\\/\\\/divulguems.com.br\\\/?p=23236\",\"name\":\"Justi\u00e7a do Rio decreta a fal\u00eancia do Grupo Refit - Divulgue MS\",\"isPartOf\":{\"@id\":\"https:\\\/\\\/divulguems.com.br\\\/#website\"},\"primaryImageOfPage\":{\"@id\":\"https:\\\/\\\/divulguems.com.br\\\/?p=23236#primaryimage\"},\"image\":{\"@id\":\"https:\\\/\\\/divulguems.com.br\\\/?p=23236#primaryimage\"},\"thumbnailUrl\":\"https:\\\/\\\/divulguems.com.br\\\/wp-content\\\/uploads\\\/2026\\\/08\\\/23236-justica-do-rio-decreta-a-falencia-do-grupo-refit.png\",\"datePublished\":\"2026-09-01T00:50:58+00:00\",\"breadcrumb\":{\"@id\":\"https:\\\/\\\/divulguems.com.br\\\/?p=23236#breadcrumb\"},\"inLanguage\":\"pt-BR\",\"potentialAction\":[{\"@type\":\"ReadAction\",\"target\":[\"https:\\\/\\\/divulguems.com.br\\\/?p=23236\"]}]},{\"@type\":\"ImageObject\",\"inLanguage\":\"pt-BR\",\"@id\":\"https:\\\/\\\/divulguems.com.br\\\/?p=23236#primaryimage\",\"url\":\"https:\\\/\\\/divulguems.com.br\\\/wp-content\\\/uploads\\\/2026\\\/08\\\/23236-justica-do-rio-decreta-a-falencia-do-grupo-refit.png\",\"contentUrl\":\"https:\\\/\\\/divulguems.com.br\\\/wp-content\\\/uploads\\\/2026\\\/08\\\/23236-justica-do-rio-decreta-a-falencia-do-grupo-refit.png\",\"width\":1200,\"height\":600,\"caption\":\"Justi\u00e7a do Rio decreta a fal\u00eancia do Grupo Refit\"},{\"@type\":\"BreadcrumbList\",\"@id\":\"https:\\\/\\\/divulguems.com.br\\\/?p=23236#breadcrumb\",\"itemListElement\":[{\"@type\":\"ListItem\",\"position\":1,\"name\":\"In\u00edcio\",\"item\":\"https:\\\/\\\/divulguems.com.br\\\/\"},{\"@type\":\"ListItem\",\"position\":2,\"name\":\"Justi\u00e7a do Rio decreta a fal\u00eancia do Grupo Refit\"}]},{\"@type\":\"WebSite\",\"@id\":\"https:\\\/\\\/divulguems.com.br\\\/#website\",\"url\":\"https:\\\/\\\/divulguems.com.br\\\/\",\"name\":\"Portal Infoco Brasil\",\"description\":\"L\u00edder de audi\u00eancia.\",\"publisher\":{\"@id\":\"https:\\\/\\\/divulguems.com.br\\\/#organization\"},\"potentialAction\":[{\"@type\":\"SearchAction\",\"target\":{\"@type\":\"EntryPoint\",\"urlTemplate\":\"https:\\\/\\\/divulguems.com.br\\\/?s={search_term_string}\"},\"query-input\":{\"@type\":\"PropertyValueSpecification\",\"valueRequired\":true,\"valueName\":\"search_term_string\"}}],\"inLanguage\":\"pt-BR\"},{\"@type\":\"Organization\",\"@id\":\"https:\\\/\\\/divulguems.com.br\\\/#organization\",\"name\":\"Portal Infoco Brasil\",\"url\":\"https:\\\/\\\/divulguems.com.br\\\/\",\"logo\":{\"@type\":\"ImageObject\",\"inLanguage\":\"pt-BR\",\"@id\":\"https:\\\/\\\/divulguems.com.br\\\/#\\\/schema\\\/logo\\\/image\\\/\",\"url\":\"https:\\\/\\\/divulguems.com.br\\\/wp-content\\\/uploads\\\/2025\\\/04\\\/LOGO-PNG-AZUL.png\",\"contentUrl\":\"https:\\\/\\\/divulguems.com.br\\\/wp-content\\\/uploads\\\/2025\\\/04\\\/LOGO-PNG-AZUL.png\",\"width\":1166,\"height\":475,\"caption\":\"Portal Infoco Brasil\"},\"image\":{\"@id\":\"https:\\\/\\\/divulguems.com.br\\\/#\\\/schema\\\/logo\\\/image\\\/\"},\"sameAs\":[\"https:\\\/\\\/www.facebook.com\\\/portalinfocobrasil\",\"https:\\\/\\\/www.instagram.com\\\/portalinfocobrasil\"]},{\"@type\":\"Person\",\"@id\":\"https:\\\/\\\/divulguems.com.br\\\/#\\\/schema\\\/person\\\/57a8d6c484f4251fce22a206f2c495ed\",\"name\":\"Douglas Correa - Reporter da Agencia Brasil\",\"image\":{\"@type\":\"ImageObject\",\"inLanguage\":\"pt-BR\",\"@id\":\"https:\\\/\\\/secure.gravatar.com\\\/avatar\\\/d856c2cd901ea97870d1a86865f192c94c84a7d8622d400209d9f1bb0c183242?s=96&d=mm&r=g\",\"url\":\"https:\\\/\\\/secure.gravatar.com\\\/avatar\\\/d856c2cd901ea97870d1a86865f192c94c84a7d8622d400209d9f1bb0c183242?s=96&d=mm&r=g\",\"contentUrl\":\"https:\\\/\\\/secure.gravatar.com\\\/avatar\\\/d856c2cd901ea97870d1a86865f192c94c84a7d8622d400209d9f1bb0c183242?s=96&d=mm&r=g\",\"caption\":\"Douglas Correa - Reporter da Agencia Brasil\"},\"url\":\"https:\\\/\\\/divulguems.com.br\\\/?author=134\"}]}<\/script>\n<!-- \/ Yoast SEO Premium plugin. -->","yoast_head_json":{"title":"Justi\u00e7a do Rio decreta a fal\u00eancia do Grupo Refit - Divulgue MS","robots":{"index":"index","follow":"follow","max-snippet":"max-snippet:-1","max-image-preview":"max-image-preview:large","max-video-preview":"max-video-preview:-1"},"canonical":"https:\/\/divulguems.com.br\/?p=23236","og_locale":"pt_BR","og_type":"article","og_title":"Justi\u00e7a do Rio decreta a fal\u00eancia do Grupo Refit","og_description":"A Justi\u00e7a do Rio de Janeiro decretou, nesta segunda-feira\u00a0(31), a fal\u00eancia das empresas que comp\u00f5em o Grupo Refit. O juiz da 5\u00aa Vara Empresarial\u00a0Arthur Ferreira converteu em fal\u00eancia a recupera\u00e7\u00e3o judicial da Gasdiesel Servi\u00e7os, localizada em Duque de Caxias; a Distribuidora S.A., em Manguinhos; a Qu\u00edmica S\/A, na Rodovia Anhanguera, em Campinas, e a Refinaria [&hellip;]","og_url":"https:\/\/divulguems.com.br\/?p=23236","og_site_name":"Divulgue MS","article_publisher":"https:\/\/www.facebook.com\/portalinfocobrasil","article_published_time":"2026-09-01T00:50:58+00:00","og_image":[{"url":"https:\/\/cdn.jsdelivr.net\/gh\/sergiosdlima\/assets-ebc@1.0.0\/abr\/assets\/images\/logo-agenciabrasil.svg","type":"","width":"","height":""}],"author":"Douglas Correa - Reporter da Agencia Brasil","twitter_card":"summary_large_image","twitter_misc":{"Escrito por":"Douglas Correa - Reporter da Agencia Brasil","Est. tempo de leitura":"2 minutos"},"schema":{"@context":"https:\/\/schema.org","@graph":[{"@type":"Article","@id":"https:\/\/divulguems.com.br\/?p=23236#article","isPartOf":{"@id":"https:\/\/divulguems.com.br\/?p=23236"},"author":{"name":"Douglas Correa - Reporter da Agencia Brasil","@id":"https:\/\/divulguems.com.br\/#\/schema\/person\/57a8d6c484f4251fce22a206f2c495ed"},"headline":"Justi\u00e7a do Rio decreta a fal\u00eancia do Grupo Refit","datePublished":"2026-09-01T00:50:58+00:00","mainEntityOfPage":{"@id":"https:\/\/divulguems.com.br\/?p=23236"},"wordCount":500,"commentCount":0,"publisher":{"@id":"https:\/\/divulguems.com.br\/#organization"},"image":{"@id":"https:\/\/divulguems.com.br\/?p=23236#primaryimage"},"thumbnailUrl":"https:\/\/divulguems.com.br\/wp-content\/uploads\/2026\/08\/23236-justica-do-rio-decreta-a-falencia-do-grupo-refit.png","articleSection":["\u00daltimas Not\u00edcias"],"inLanguage":"pt-BR","potentialAction":[{"@type":"CommentAction","name":"Comment","target":["https:\/\/divulguems.com.br\/?p=23236#respond"]}]},{"@type":"WebPage","@id":"https:\/\/divulguems.com.br\/?p=23236","url":"https:\/\/divulguems.com.br\/?p=23236","name":"Justi\u00e7a do Rio decreta a fal\u00eancia do Grupo Refit - Divulgue MS","isPartOf":{"@id":"https:\/\/divulguems.com.br\/#website"},"primaryImageOfPage":{"@id":"https:\/\/divulguems.com.br\/?p=23236#primaryimage"},"image":{"@id":"https:\/\/divulguems.com.br\/?p=23236#primaryimage"},"thumbnailUrl":"https:\/\/divulguems.com.br\/wp-content\/uploads\/2026\/08\/23236-justica-do-rio-decreta-a-falencia-do-grupo-refit.png","datePublished":"2026-09-01T00:50:58+00:00","breadcrumb":{"@id":"https:\/\/divulguems.com.br\/?p=23236#breadcrumb"},"inLanguage":"pt-BR","potentialAction":[{"@type":"ReadAction","target":["https:\/\/divulguems.com.br\/?p=23236"]}]},{"@type":"ImageObject","inLanguage":"pt-BR","@id":"https:\/\/divulguems.com.br\/?p=23236#primaryimage","url":"https:\/\/divulguems.com.br\/wp-content\/uploads\/2026\/08\/23236-justica-do-rio-decreta-a-falencia-do-grupo-refit.png","contentUrl":"https:\/\/divulguems.com.br\/wp-content\/uploads\/2026\/08\/23236-justica-do-rio-decreta-a-falencia-do-grupo-refit.png","width":1200,"height":600,"caption":"Justi\u00e7a do Rio decreta a fal\u00eancia do Grupo Refit"},{"@type":"BreadcrumbList","@id":"https:\/\/divulguems.com.br\/?p=23236#breadcrumb","itemListElement":[{"@type":"ListItem","position":1,"name":"In\u00edcio","item":"https:\/\/divulguems.com.br\/"},{"@type":"ListItem","position":2,"name":"Justi\u00e7a do Rio decreta a fal\u00eancia do Grupo Refit"}]},{"@type":"WebSite","@id":"https:\/\/divulguems.com.br\/#website","url":"https:\/\/divulguems.com.br\/","name":"Portal Infoco Brasil","description":"L\u00edder de audi\u00eancia.","publisher":{"@id":"https:\/\/divulguems.com.br\/#organization"},"potentialAction":[{"@type":"SearchAction","target":{"@type":"EntryPoint","urlTemplate":"https:\/\/divulguems.com.br\/?s={search_term_string}"},"query-input":{"@type":"PropertyValueSpecification","valueRequired":true,"valueName":"search_term_string"}}],"inLanguage":"pt-BR"},{"@type":"Organization","@id":"https:\/\/divulguems.com.br\/#organization","name":"Portal Infoco Brasil","url":"https:\/\/divulguems.com.br\/","logo":{"@type":"ImageObject","inLanguage":"pt-BR","@id":"https:\/\/divulguems.com.br\/#\/schema\/logo\/image\/","url":"https:\/\/divulguems.com.br\/wp-content\/uploads\/2025\/04\/LOGO-PNG-AZUL.png","contentUrl":"https:\/\/divulguems.com.br\/wp-content\/uploads\/2025\/04\/LOGO-PNG-AZUL.png","width":1166,"height":475,"caption":"Portal Infoco Brasil"},"image":{"@id":"https:\/\/divulguems.com.br\/#\/schema\/logo\/image\/"},"sameAs":["https:\/\/www.facebook.com\/portalinfocobrasil","https:\/\/www.instagram.com\/portalinfocobrasil"]},{"@type":"Person","@id":"https:\/\/divulguems.com.br\/#\/schema\/person\/57a8d6c484f4251fce22a206f2c495ed","name":"Douglas Correa - Reporter da Agencia Brasil","image":{"@type":"ImageObject","inLanguage":"pt-BR","@id":"https:\/\/secure.gravatar.com\/avatar\/d856c2cd901ea97870d1a86865f192c94c84a7d8622d400209d9f1bb0c183242?s=96&d=mm&r=g","url":"https:\/\/secure.gravatar.com\/avatar\/d856c2cd901ea97870d1a86865f192c94c84a7d8622d400209d9f1bb0c183242?s=96&d=mm&r=g","contentUrl":"https:\/\/secure.gravatar.com\/avatar\/d856c2cd901ea97870d1a86865f192c94c84a7d8622d400209d9f1bb0c183242?s=96&d=mm&r=g","caption":"Douglas Correa - Reporter da Agencia Brasil"},"url":"https:\/\/divulguems.com.br\/?author=134"}]}},"_links":{"self":[{"href":"https:\/\/divulguems.com.br\/index.php?rest_route=\/wp\/v2\/posts\/23236","targetHints":{"allow":["GET"]}}],"collection":[{"href":"https:\/\/divulguems.com.br\/index.php?rest_route=\/wp\/v2\/posts"}],"about":[{"href":"https:\/\/divulguems.com.br\/index.php?rest_route=\/wp\/v2\/types\/post"}],"author":[{"embeddable":true,"href":"https:\/\/divulguems.com.br\/index.php?rest_route=\/wp\/v2\/users\/134"}],"replies":[{"embeddable":true,"href":"https:\/\/divulguems.com.br\/index.php?rest_route=%2Fwp%2Fv2%2Fcomments&post=23236"}],"version-history":[{"count":0,"href":"https:\/\/divulguems.com.br\/index.php?rest_route=\/wp\/v2\/posts\/23236\/revisions"}],"wp:featuredmedia":[{"embeddable":true,"href":"https:\/\/divulguems.com.br\/index.php?rest_route=\/wp\/v2\/media\/23237"}],"wp:attachment":[{"href":"https:\/\/divulguems.com.br\/index.php?rest_route=%2Fwp%2Fv2%2Fmedia&parent=23236"}],"wp:term":[{"taxonomy":"category","embeddable":true,"href":"https:\/\/divulguems.com.br\/index.php?rest_route=%2Fwp%2Fv2%2Fcategories&post=23236"},{"taxonomy":"post_tag","embeddable":true,"href":"https:\/\/divulguems.com.br\/index.php?rest_route=%2Fwp%2Fv2%2Ftags&post=23236"}],"curies":[{"name":"wp","href":"https:\/\/api.w.org\/{rel}","templated":true}]}}