{"id":23238,"date":"2026-08-31T20:51:00","date_gmt":"2026-09-01T00:51:00","guid":{"rendered":"https:\/\/divulguems.com.br\/?p=23238"},"modified":"2026-08-31T20:51:00","modified_gmt":"2026-09-01T00:51:00","slug":"confira-como-foi-a-segunda-feira-31-dos-candidatos-a-presidente","status":"publish","type":"post","link":"https:\/\/divulguems.com.br\/?p=23238","title":{"rendered":"Confira como foi a segunda-feira (31) dos candidatos a presidente"},"content":{"rendered":"<\/p>\n<p><a class=\"\" href=\"https:\/\/agenciabrasil.ebc.com.br\/politica\/noticia\/2026-08\/confira-como-foi-segunda-feira-31-dos-candidatos-presidente\"><br \/>\n                    <img decoding=\"async\" src=\"https:\/\/cdn.jsdelivr.net\/gh\/sergiosdlima\/assets-ebc@1.0.0\/abr\/assets\/images\/logo-agenciabrasil.svg\" alt=\"Logo Ag\u00eancia Brasil\"><br \/>\n\t\t\t\t<\/a><\/p>\n<p>Os candidatos \u00e0 Presid\u00eancia da Rep\u00fablica cumpriram agendas de campanha nesta segunda-feira (31) com entrevistas, sabatinas, reuni\u00f5es, panfletagens e encontros com apoiadores e trabalhadores.<img decoding=\"async\" src=\"https:\/\/agenciabrasil.ebc.com.br\/ebc.png?id=1701155&#038;o=rss\"><img decoding=\"async\" src=\"https:\/\/agenciabrasil.ebc.com.br\/ebc.gif?id=1701155&#038;o=rss\"><\/p>\n<p>Entre os temas abordados estiveram o desenvolvimento econ\u00f4mico, o incentivo aos pequenos neg\u00f3cios, a defesa dos Correios como empresa p\u00fablica e o combate \u00e0 corrup\u00e7\u00e3o. Candidatos tamb\u00e9m se reuniram com representantes dos setores automotivo e da constru\u00e7\u00e3o civil. As atividades foram realizadas principalmente em Curitiba, Porto Alegre e S\u00e3o Paulo.\u00a0<\/p>\n<h2>>> Veja como foi o dia dos candidatos a presidente:\u00a0<\/h2>\n<\/p>\n<h3>Not\u00edcias relacionadas:<\/h3>\n<ul>\n<li><a href=\"https:\/\/agenciabrasil.ebc.com.br\/justica\/noticia\/2026-08\/toffoli-suspende-campanha-digital-de-grassi-presidencia\">Toffoli suspende campanha digital de Grassi \u00e0 Presid\u00eancia .<\/a><\/li>\n<li><a href=\"https:\/\/agenciabrasil.ebc.com.br\/justica\/noticia\/2026-08\/toffoli-suspende-propaganda-de-renan-santos-na-internet\">Toffoli suspende propaganda de Renan Santos na internet .<\/a><\/li>\n<\/ul>\n<p><strong>Augusto Cury (Avante)<\/strong><br \/>\nEm Curitiba (PR), Cury defendeu uma mudan\u00e7a no modelo de desenvolvimento econ\u00f4mico brasileiro, com maior incentivo \u00e0 produ\u00e7\u00e3o, \u00e0 agrega\u00e7\u00e3o de valor e ao fortalecimento dos empreendedores. \u201cPrecisamos mostrar o Brasil como um supermercado do mundo, e n\u00e3o apenas como uma fazenda do mundo\u201d, afirmou.<\/p>\n<p>Cury tamb\u00e9m defendeu a amplia\u00e7\u00e3o do acesso ao financiamento para os pequenos neg\u00f3cios.\u00a0\u00a0<\/p>\n<p>Em Gravata\u00ed (RS), participou da inaugura\u00e7\u00e3o do Comit\u00ea do Avante.\u00a0<\/p>\n<p><strong>Clariana Bar\u00e3o (Democracia Crist\u00e3)<\/strong><br \/>\nA candidata foi entrevistada pela R\u00e1dio Pinel, no Rio Grande do Sul.<\/p>\n<p><strong>Hertz Dias (PSTU)<\/strong><br \/>\nEm Porto Alegre (RS), participou de panfletagem e conversa com trabalhadores dos Correios. Durante o di\u00e1logo, Dias reafirmou sua defesa de uma empresa p\u00fablica, estatal e voltada ao atendimento das necessidades da popula\u00e7\u00e3o.\u00a0<\/p>\n<p>Segundo o candidato, os Correios cumprem uma fun\u00e7\u00e3o estrat\u00e9gica para a integra\u00e7\u00e3o.\u00a0&#8220;Os Correios s\u00e3o patrim\u00f4nio do povo brasileiro. \u00c9 uma empresa que chega aos lugares mais distantes do pa\u00eds, presta servi\u00e7os essenciais e garante a integra\u00e7\u00e3o nacional. Somos contra qualquer tentativa de privatiza\u00e7\u00e3o&#8221;, afirmou.<\/p>\n<p>O candidato tamb\u00e9m teve atividades no centro da cidade, na Universidade Federal do Rio Grande do Sul (Ufrgs), em sindicatos e no Hospital de Cl\u00ednicas<\/p>\n<p><strong>Renan Santos (Miss\u00e3o)<\/strong><br \/>\nParticipou de entrevista no jornal O Estado de S\u00e3o Paulo e, mais tarde, de uma sabatina na Gazeta do Povo.<\/p>\n<p>\u00c0 tarde, Renan Santos convocou uma coletiva de imprensa para falar sobre a <a href=\"https:\/\/agenciabrasil.ebc.com.br\/politica\/noticia\/2026-08\/renan-santos-diz-que-vai-pedir-liminar-contra-suspensao-de-candidatura\">suspens\u00e3o de sua propaganda eleitoral<\/a>, decis\u00e3o tomada pelo ministro Dias Toffoli, do Tribunal Superior Eleitoral (TSE).<\/p>\n<p>\u201cFoi uma inflex\u00e3o autorit\u00e1ria. N\u00e3o d\u00e1 para justificar de maneira racional\u201d, declarou Renan.\u00a0O partido Miss\u00e3o pretende entrar com recurso contra a decis\u00e3o do TSE.<\/p>\n<p><strong>Romeu Zema (Novo)<\/strong><br \/>\nPela manh\u00e3, o candidato esteve em frente \u00e0 sede da Pol\u00edcia Federal, em Curitiba (PR), para conversar com apoiadores e integrantes de movimentos ligados \u00e0 Lava Jato. \u00c0 tarde, se reuniu com moradores do bairro Santa C\u00e2ndida, na capital paranaense, para conversar sobre corrup\u00e7\u00e3o.<\/p>\n<p><strong>Ronaldo Caiado (PSD)<\/strong><br \/>\nPela manh\u00e3, participou de sabatina na r\u00e1dio Jovem Pan, em S\u00e3o Paulo (SP). Em seguida reuniu-se com a diretoria da Associa\u00e7\u00e3o Nacional dos Fabricantes de Ve\u00edculos Automotores (Anfavea). Em outro compromisso, esteve com membros do Sindicato da Ind\u00fastria da Constru\u00e7\u00e3o Civil do Estado de S\u00e3o Paulo (SindusCon-SP).\u00a0<\/p>\n<p>Na reuni\u00e3o, Caiado disse que os empres\u00e1rios n\u00e3o t\u00eam dificuldade com rela\u00e7\u00e3o \u00e0 quest\u00e3o da escala 6X1 e sim com a maneira como a mat\u00e9ria foi discutida, segundo ele, n\u00e3o permitindo que os empres\u00e1rios pudessem adapt\u00e1-la \u00e0 condi\u00e7\u00e3o de trabalho do setor.\u00a0<\/p>\n<p>\u201cEu pretendo dar viabilidade para a ind\u00fastria, para o com\u00e9rcio, para os varejistas e para o pequeno e microempres\u00e1rio. L\u00f3gico que ningu\u00e9m vai insistir em situa\u00e7\u00f5es que amanh\u00e3 possam provocar o colapso do setor industrial brasileiro\u201d, disse.<\/p>\n<p><strong>Wilson Grassi (Democrata)<\/strong><br \/>\nO candidato participou pela manh\u00e3 de reuni\u00e3o de alinhamento com comit\u00ea de campanha. No per\u00edodo da tarde, gravou v\u00eddeos para campanha com a \u00e1rea de marketing.<\/p>\n<p>Os candidatos <strong>Edmilson Costa (PCB), Fl\u00e1vio Bolsonaro (PL), Luiz In\u00e1cio Lula da Silva (PT), Samara Martins (UP) <\/strong>e <strong>Rui Costa Pimenta (PCO) <\/strong>n\u00e3o tiveram agenda p\u00fablica de campanha nesta segunda-feira.<\/p>\n<p>A ordem de apresenta\u00e7\u00e3o da cobertura da agenda dos candidatos a presidente segue rod\u00edzio di\u00e1rio em ordem alfab\u00e9tica.<\/p>\n","protected":false},"excerpt":{"rendered":"<p>Os candidatos \u00e0 Presid\u00eancia da Rep\u00fablica cumpriram agendas de campanha nesta segunda-feira (31) com entrevistas, sabatinas, reuni\u00f5es, panfletagens e encontros com apoiadores e trabalhadores. Entre os temas abordados estiveram o desenvolvimento econ\u00f4mico, o incentivo aos pequenos neg\u00f3cios, a defesa dos Correios como empresa p\u00fablica e o combate \u00e0 corrup\u00e7\u00e3o. Candidatos tamb\u00e9m se reuniram com representantes [&hellip;]<\/p>\n","protected":false},"author":116,"featured_media":23239,"comment_status":"open","ping_status":"open","sticky":false,"template":"","format":"standard","meta":{"site-sidebar-layout":"default","site-content-layout":"","ast-site-content-layout":"default","site-content-style":"default","site-sidebar-style":"default","ast-global-header-display":"","ast-banner-title-visibility":"","ast-main-header-display":"","ast-hfb-above-header-display":"","ast-hfb-below-header-display":"","ast-hfb-mobile-header-display":"","site-post-title":"","ast-breadcrumbs-content":"","ast-featured-img":"","footer-sml-layout":"","ast-disable-related-posts":"","theme-transparent-header-meta":"","adv-header-id-meta":"","stick-header-meta":"","header-above-stick-meta":"","header-main-stick-meta":"","header-below-stick-meta":"","astra-migrate-meta-layouts":"default","ast-page-background-enabled":"default","ast-page-background-meta":{"desktop":{"background-color":"var(--ast-global-color-4)","background-image":"","background-repeat":"repeat","background-position":"center center","background-size":"auto","background-attachment":"scroll","background-type":"","background-media":"","overlay-type":"","overlay-color":"","overlay-opacity":"","overlay-gradient":""},"tablet":{"background-color":"","background-image":"","background-repeat":"repeat","background-position":"center center","background-size":"auto","background-attachment":"scroll","background-type":"","background-media":"","overlay-type":"","overlay-color":"","overlay-opacity":"","overlay-gradient":""},"mobile":{"background-color":"","background-image":"","background-repeat":"repeat","background-position":"center center","background-size":"auto","background-attachment":"scroll","background-type":"","background-media":"","overlay-type":"","overlay-color":"","overlay-opacity":"","overlay-gradient":""}},"ast-content-background-meta":{"desktop":{"background-color":"var(--ast-global-color-5)","background-image":"","background-repeat":"repeat","background-position":"center center","background-size":"auto","background-attachment":"scroll","background-type":"","background-media":"","overlay-type":"","overlay-color":"","overlay-opacity":"","overlay-gradient":""},"tablet":{"background-color":"var(--ast-global-color-5)","background-image":"","background-repeat":"repeat","background-position":"center center","background-size":"auto","background-attachment":"scroll","background-type":"","background-media":"","overlay-type":"","overlay-color":"","overlay-opacity":"","overlay-gradient":""},"mobile":{"background-color":"var(--ast-global-color-5)","background-image":"","background-repeat":"repeat","background-position":"center center","background-size":"auto","background-attachment":"scroll","background-type":"","background-media":"","overlay-type":"","overlay-color":"","overlay-opacity":"","overlay-gradient":""}},"footnotes":""},"categories":[17],"tags":[],"class_list":["post-23238","post","type-post","status-publish","format-standard","has-post-thumbnail","hentry","category-tecnologia-e-informacao"],"yoast_head":"<!-- This site is optimized with the Yoast SEO Premium plugin v23.6 (Yoast SEO v28.1) - https:\/\/yoast.com\/product\/yoast-seo-premium-wordpress\/ -->\n<title>Confira como foi a segunda-feira (31) dos candidatos a presidente - Divulgue MS<\/title>\n<meta name=\"robots\" content=\"index, follow, max-snippet:-1, max-image-preview:large, max-video-preview:-1\" \/>\n<link rel=\"canonical\" href=\"https:\/\/divulguems.com.br\/?p=23238\" \/>\n<meta property=\"og:locale\" content=\"pt_BR\" \/>\n<meta property=\"og:type\" content=\"article\" \/>\n<meta property=\"og:title\" content=\"Confira como foi a segunda-feira (31) dos candidatos a presidente\" \/>\n<meta property=\"og:description\" content=\"Os candidatos \u00e0 Presid\u00eancia da Rep\u00fablica cumpriram agendas de campanha nesta segunda-feira (31) com entrevistas, sabatinas, reuni\u00f5es, panfletagens e encontros com apoiadores e trabalhadores. Entre os temas abordados estiveram o desenvolvimento econ\u00f4mico, o incentivo aos pequenos neg\u00f3cios, a defesa dos Correios como empresa p\u00fablica e o combate \u00e0 corrup\u00e7\u00e3o. Candidatos tamb\u00e9m se reuniram com representantes [&hellip;]\" \/>\n<meta property=\"og:url\" content=\"https:\/\/divulguems.com.br\/?p=23238\" \/>\n<meta property=\"og:site_name\" content=\"Divulgue MS\" \/>\n<meta property=\"article:publisher\" content=\"https:\/\/www.facebook.com\/portalinfocobrasil\" \/>\n<meta property=\"article:published_time\" content=\"2026-09-01T00:51:00+00:00\" \/>\n<meta property=\"og:image\" content=\"https:\/\/cdn.jsdelivr.net\/gh\/sergiosdlima\/assets-ebc@1.0.0\/abr\/assets\/images\/logo-agenciabrasil.svg\" \/>\n<meta name=\"author\" content=\"Agencia Brasil\" \/>\n<meta name=\"twitter:card\" content=\"summary_large_image\" \/>\n<meta name=\"twitter:label1\" content=\"Escrito por\" \/>\n\t<meta name=\"twitter:data1\" content=\"Agencia Brasil\" \/>\n\t<meta name=\"twitter:label2\" content=\"Est. tempo de leitura\" \/>\n\t<meta name=\"twitter:data2\" content=\"3 minutos\" \/>\n<script type=\"application\/ld+json\" class=\"yoast-schema-graph\">{\"@context\":\"https:\\\/\\\/schema.org\",\"@graph\":[{\"@type\":\"Article\",\"@id\":\"https:\\\/\\\/divulguems.com.br\\\/?p=23238#article\",\"isPartOf\":{\"@id\":\"https:\\\/\\\/divulguems.com.br\\\/?p=23238\"},\"author\":{\"name\":\"Agencia Brasil\",\"@id\":\"https:\\\/\\\/divulguems.com.br\\\/#\\\/schema\\\/person\\\/a34887bf3581b349187121793408c1a7\"},\"headline\":\"Confira como foi a segunda-feira (31) dos candidatos a presidente\",\"datePublished\":\"2026-09-01T00:51:00+00:00\",\"mainEntityOfPage\":{\"@id\":\"https:\\\/\\\/divulguems.com.br\\\/?p=23238\"},\"wordCount\":704,\"commentCount\":0,\"publisher\":{\"@id\":\"https:\\\/\\\/divulguems.com.br\\\/#organization\"},\"image\":{\"@id\":\"https:\\\/\\\/divulguems.com.br\\\/?p=23238#primaryimage\"},\"thumbnailUrl\":\"https:\\\/\\\/divulguems.com.br\\\/wp-content\\\/uploads\\\/2026\\\/08\\\/23238-confira-como-foi-a-segunda-feira-31-dos-candidatos-a-presidente.png\",\"articleSection\":[\"Tecnologia e Inova\u00e7\u00e3o\"],\"inLanguage\":\"pt-BR\",\"potentialAction\":[{\"@type\":\"CommentAction\",\"name\":\"Comment\",\"target\":[\"https:\\\/\\\/divulguems.com.br\\\/?p=23238#respond\"]}]},{\"@type\":\"WebPage\",\"@id\":\"https:\\\/\\\/divulguems.com.br\\\/?p=23238\",\"url\":\"https:\\\/\\\/divulguems.com.br\\\/?p=23238\",\"name\":\"Confira como foi a segunda-feira (31) dos candidatos a presidente - Divulgue MS\",\"isPartOf\":{\"@id\":\"https:\\\/\\\/divulguems.com.br\\\/#website\"},\"primaryImageOfPage\":{\"@id\":\"https:\\\/\\\/divulguems.com.br\\\/?p=23238#primaryimage\"},\"image\":{\"@id\":\"https:\\\/\\\/divulguems.com.br\\\/?p=23238#primaryimage\"},\"thumbnailUrl\":\"https:\\\/\\\/divulguems.com.br\\\/wp-content\\\/uploads\\\/2026\\\/08\\\/23238-confira-como-foi-a-segunda-feira-31-dos-candidatos-a-presidente.png\",\"datePublished\":\"2026-09-01T00:51:00+00:00\",\"breadcrumb\":{\"@id\":\"https:\\\/\\\/divulguems.com.br\\\/?p=23238#breadcrumb\"},\"inLanguage\":\"pt-BR\",\"potentialAction\":[{\"@type\":\"ReadAction\",\"target\":[\"https:\\\/\\\/divulguems.com.br\\\/?p=23238\"]}]},{\"@type\":\"ImageObject\",\"inLanguage\":\"pt-BR\",\"@id\":\"https:\\\/\\\/divulguems.com.br\\\/?p=23238#primaryimage\",\"url\":\"https:\\\/\\\/divulguems.com.br\\\/wp-content\\\/uploads\\\/2026\\\/08\\\/23238-confira-como-foi-a-segunda-feira-31-dos-candidatos-a-presidente.png\",\"contentUrl\":\"https:\\\/\\\/divulguems.com.br\\\/wp-content\\\/uploads\\\/2026\\\/08\\\/23238-confira-como-foi-a-segunda-feira-31-dos-candidatos-a-presidente.png\",\"width\":1600,\"height\":800,\"caption\":\"Confira como foi a segunda-feira (31) dos candidatos a presidente\"},{\"@type\":\"BreadcrumbList\",\"@id\":\"https:\\\/\\\/divulguems.com.br\\\/?p=23238#breadcrumb\",\"itemListElement\":[{\"@type\":\"ListItem\",\"position\":1,\"name\":\"In\u00edcio\",\"item\":\"https:\\\/\\\/divulguems.com.br\\\/\"},{\"@type\":\"ListItem\",\"position\":2,\"name\":\"Confira como foi a segunda-feira (31) dos candidatos a presidente\"}]},{\"@type\":\"WebSite\",\"@id\":\"https:\\\/\\\/divulguems.com.br\\\/#website\",\"url\":\"https:\\\/\\\/divulguems.com.br\\\/\",\"name\":\"Portal Infoco Brasil\",\"description\":\"L\u00edder de audi\u00eancia.\",\"publisher\":{\"@id\":\"https:\\\/\\\/divulguems.com.br\\\/#organization\"},\"potentialAction\":[{\"@type\":\"SearchAction\",\"target\":{\"@type\":\"EntryPoint\",\"urlTemplate\":\"https:\\\/\\\/divulguems.com.br\\\/?s={search_term_string}\"},\"query-input\":{\"@type\":\"PropertyValueSpecification\",\"valueRequired\":true,\"valueName\":\"search_term_string\"}}],\"inLanguage\":\"pt-BR\"},{\"@type\":\"Organization\",\"@id\":\"https:\\\/\\\/divulguems.com.br\\\/#organization\",\"name\":\"Portal Infoco Brasil\",\"url\":\"https:\\\/\\\/divulguems.com.br\\\/\",\"logo\":{\"@type\":\"ImageObject\",\"inLanguage\":\"pt-BR\",\"@id\":\"https:\\\/\\\/divulguems.com.br\\\/#\\\/schema\\\/logo\\\/image\\\/\",\"url\":\"https:\\\/\\\/divulguems.com.br\\\/wp-content\\\/uploads\\\/2025\\\/04\\\/LOGO-PNG-AZUL.png\",\"contentUrl\":\"https:\\\/\\\/divulguems.com.br\\\/wp-content\\\/uploads\\\/2025\\\/04\\\/LOGO-PNG-AZUL.png\",\"width\":1166,\"height\":475,\"caption\":\"Portal Infoco Brasil\"},\"image\":{\"@id\":\"https:\\\/\\\/divulguems.com.br\\\/#\\\/schema\\\/logo\\\/image\\\/\"},\"sameAs\":[\"https:\\\/\\\/www.facebook.com\\\/portalinfocobrasil\",\"https:\\\/\\\/www.instagram.com\\\/portalinfocobrasil\"]},{\"@type\":\"Person\",\"@id\":\"https:\\\/\\\/divulguems.com.br\\\/#\\\/schema\\\/person\\\/a34887bf3581b349187121793408c1a7\",\"name\":\"Agencia Brasil\",\"image\":{\"@type\":\"ImageObject\",\"inLanguage\":\"pt-BR\",\"@id\":\"https:\\\/\\\/secure.gravatar.com\\\/avatar\\\/3fd0181c908a29c9243308239f56d705be75c4f4c56fead1ae013e31f296750c?s=96&d=mm&r=g\",\"url\":\"https:\\\/\\\/secure.gravatar.com\\\/avatar\\\/3fd0181c908a29c9243308239f56d705be75c4f4c56fead1ae013e31f296750c?s=96&d=mm&r=g\",\"contentUrl\":\"https:\\\/\\\/secure.gravatar.com\\\/avatar\\\/3fd0181c908a29c9243308239f56d705be75c4f4c56fead1ae013e31f296750c?s=96&d=mm&r=g\",\"caption\":\"Agencia Brasil\"},\"url\":\"https:\\\/\\\/divulguems.com.br\\\/?author=116\"}]}<\/script>\n<!-- \/ Yoast SEO Premium plugin. -->","yoast_head_json":{"title":"Confira como foi a segunda-feira (31) dos candidatos a presidente - Divulgue MS","robots":{"index":"index","follow":"follow","max-snippet":"max-snippet:-1","max-image-preview":"max-image-preview:large","max-video-preview":"max-video-preview:-1"},"canonical":"https:\/\/divulguems.com.br\/?p=23238","og_locale":"pt_BR","og_type":"article","og_title":"Confira como foi a segunda-feira (31) dos candidatos a presidente","og_description":"Os candidatos \u00e0 Presid\u00eancia da Rep\u00fablica cumpriram agendas de campanha nesta segunda-feira (31) com entrevistas, sabatinas, reuni\u00f5es, panfletagens e encontros com apoiadores e trabalhadores. Entre os temas abordados estiveram o desenvolvimento econ\u00f4mico, o incentivo aos pequenos neg\u00f3cios, a defesa dos Correios como empresa p\u00fablica e o combate \u00e0 corrup\u00e7\u00e3o. Candidatos tamb\u00e9m se reuniram com representantes [&hellip;]","og_url":"https:\/\/divulguems.com.br\/?p=23238","og_site_name":"Divulgue MS","article_publisher":"https:\/\/www.facebook.com\/portalinfocobrasil","article_published_time":"2026-09-01T00:51:00+00:00","og_image":[{"url":"https:\/\/cdn.jsdelivr.net\/gh\/sergiosdlima\/assets-ebc@1.0.0\/abr\/assets\/images\/logo-agenciabrasil.svg","type":"","width":"","height":""}],"author":"Agencia Brasil","twitter_card":"summary_large_image","twitter_misc":{"Escrito por":"Agencia Brasil","Est. tempo de leitura":"3 minutos"},"schema":{"@context":"https:\/\/schema.org","@graph":[{"@type":"Article","@id":"https:\/\/divulguems.com.br\/?p=23238#article","isPartOf":{"@id":"https:\/\/divulguems.com.br\/?p=23238"},"author":{"name":"Agencia Brasil","@id":"https:\/\/divulguems.com.br\/#\/schema\/person\/a34887bf3581b349187121793408c1a7"},"headline":"Confira como foi a segunda-feira (31) dos candidatos a presidente","datePublished":"2026-09-01T00:51:00+00:00","mainEntityOfPage":{"@id":"https:\/\/divulguems.com.br\/?p=23238"},"wordCount":704,"commentCount":0,"publisher":{"@id":"https:\/\/divulguems.com.br\/#organization"},"image":{"@id":"https:\/\/divulguems.com.br\/?p=23238#primaryimage"},"thumbnailUrl":"https:\/\/divulguems.com.br\/wp-content\/uploads\/2026\/08\/23238-confira-como-foi-a-segunda-feira-31-dos-candidatos-a-presidente.png","articleSection":["Tecnologia e Inova\u00e7\u00e3o"],"inLanguage":"pt-BR","potentialAction":[{"@type":"CommentAction","name":"Comment","target":["https:\/\/divulguems.com.br\/?p=23238#respond"]}]},{"@type":"WebPage","@id":"https:\/\/divulguems.com.br\/?p=23238","url":"https:\/\/divulguems.com.br\/?p=23238","name":"Confira como foi a segunda-feira (31) dos candidatos a presidente - Divulgue MS","isPartOf":{"@id":"https:\/\/divulguems.com.br\/#website"},"primaryImageOfPage":{"@id":"https:\/\/divulguems.com.br\/?p=23238#primaryimage"},"image":{"@id":"https:\/\/divulguems.com.br\/?p=23238#primaryimage"},"thumbnailUrl":"https:\/\/divulguems.com.br\/wp-content\/uploads\/2026\/08\/23238-confira-como-foi-a-segunda-feira-31-dos-candidatos-a-presidente.png","datePublished":"2026-09-01T00:51:00+00:00","breadcrumb":{"@id":"https:\/\/divulguems.com.br\/?p=23238#breadcrumb"},"inLanguage":"pt-BR","potentialAction":[{"@type":"ReadAction","target":["https:\/\/divulguems.com.br\/?p=23238"]}]},{"@type":"ImageObject","inLanguage":"pt-BR","@id":"https:\/\/divulguems.com.br\/?p=23238#primaryimage","url":"https:\/\/divulguems.com.br\/wp-content\/uploads\/2026\/08\/23238-confira-como-foi-a-segunda-feira-31-dos-candidatos-a-presidente.png","contentUrl":"https:\/\/divulguems.com.br\/wp-content\/uploads\/2026\/08\/23238-confira-como-foi-a-segunda-feira-31-dos-candidatos-a-presidente.png","width":1600,"height":800,"caption":"Confira como foi a segunda-feira (31) dos candidatos a presidente"},{"@type":"BreadcrumbList","@id":"https:\/\/divulguems.com.br\/?p=23238#breadcrumb","itemListElement":[{"@type":"ListItem","position":1,"name":"In\u00edcio","item":"https:\/\/divulguems.com.br\/"},{"@type":"ListItem","position":2,"name":"Confira como foi a segunda-feira (31) dos candidatos a presidente"}]},{"@type":"WebSite","@id":"https:\/\/divulguems.com.br\/#website","url":"https:\/\/divulguems.com.br\/","name":"Portal Infoco Brasil","description":"L\u00edder de audi\u00eancia.","publisher":{"@id":"https:\/\/divulguems.com.br\/#organization"},"potentialAction":[{"@type":"SearchAction","target":{"@type":"EntryPoint","urlTemplate":"https:\/\/divulguems.com.br\/?s={search_term_string}"},"query-input":{"@type":"PropertyValueSpecification","valueRequired":true,"valueName":"search_term_string"}}],"inLanguage":"pt-BR"},{"@type":"Organization","@id":"https:\/\/divulguems.com.br\/#organization","name":"Portal Infoco Brasil","url":"https:\/\/divulguems.com.br\/","logo":{"@type":"ImageObject","inLanguage":"pt-BR","@id":"https:\/\/divulguems.com.br\/#\/schema\/logo\/image\/","url":"https:\/\/divulguems.com.br\/wp-content\/uploads\/2025\/04\/LOGO-PNG-AZUL.png","contentUrl":"https:\/\/divulguems.com.br\/wp-content\/uploads\/2025\/04\/LOGO-PNG-AZUL.png","width":1166,"height":475,"caption":"Portal Infoco Brasil"},"image":{"@id":"https:\/\/divulguems.com.br\/#\/schema\/logo\/image\/"},"sameAs":["https:\/\/www.facebook.com\/portalinfocobrasil","https:\/\/www.instagram.com\/portalinfocobrasil"]},{"@type":"Person","@id":"https:\/\/divulguems.com.br\/#\/schema\/person\/a34887bf3581b349187121793408c1a7","name":"Agencia Brasil","image":{"@type":"ImageObject","inLanguage":"pt-BR","@id":"https:\/\/secure.gravatar.com\/avatar\/3fd0181c908a29c9243308239f56d705be75c4f4c56fead1ae013e31f296750c?s=96&d=mm&r=g","url":"https:\/\/secure.gravatar.com\/avatar\/3fd0181c908a29c9243308239f56d705be75c4f4c56fead1ae013e31f296750c?s=96&d=mm&r=g","contentUrl":"https:\/\/secure.gravatar.com\/avatar\/3fd0181c908a29c9243308239f56d705be75c4f4c56fead1ae013e31f296750c?s=96&d=mm&r=g","caption":"Agencia Brasil"},"url":"https:\/\/divulguems.com.br\/?author=116"}]}},"_links":{"self":[{"href":"https:\/\/divulguems.com.br\/index.php?rest_route=\/wp\/v2\/posts\/23238","targetHints":{"allow":["GET"]}}],"collection":[{"href":"https:\/\/divulguems.com.br\/index.php?rest_route=\/wp\/v2\/posts"}],"about":[{"href":"https:\/\/divulguems.com.br\/index.php?rest_route=\/wp\/v2\/types\/post"}],"author":[{"embeddable":true,"href":"https:\/\/divulguems.com.br\/index.php?rest_route=\/wp\/v2\/users\/116"}],"replies":[{"embeddable":true,"href":"https:\/\/divulguems.com.br\/index.php?rest_route=%2Fwp%2Fv2%2Fcomments&post=23238"}],"version-history":[{"count":0,"href":"https:\/\/divulguems.com.br\/index.php?rest_route=\/wp\/v2\/posts\/23238\/revisions"}],"wp:featuredmedia":[{"embeddable":true,"href":"https:\/\/divulguems.com.br\/index.php?rest_route=\/wp\/v2\/media\/23239"}],"wp:attachment":[{"href":"https:\/\/divulguems.com.br\/index.php?rest_route=%2Fwp%2Fv2%2Fmedia&parent=23238"}],"wp:term":[{"taxonomy":"category","embeddable":true,"href":"https:\/\/divulguems.com.br\/index.php?rest_route=%2Fwp%2Fv2%2Fcategories&post=23238"},{"taxonomy":"post_tag","embeddable":true,"href":"https:\/\/divulguems.com.br\/index.php?rest_route=%2Fwp%2Fv2%2Ftags&post=23238"}],"curies":[{"name":"wp","href":"https:\/\/api.w.org\/{rel}","templated":true}]}}