{"id":23244,"date":"2026-08-31T20:51:06","date_gmt":"2026-09-01T00:51:06","guid":{"rendered":"https:\/\/divulguems.com.br\/?p=23244"},"modified":"2026-08-31T20:51:06","modified_gmt":"2026-09-01T00:51:06","slug":"chuvas-e-granizo-voltam-a-castigar-rio-grande-do-sul-e-santa-catarina","status":"publish","type":"post","link":"https:\/\/divulguems.com.br\/?p=23244","title":{"rendered":"Chuvas e granizo voltam a castigar Rio Grande do Sul e Santa Catarina"},"content":{"rendered":"<p>As <strong>chuvas<\/strong> e a queda de <strong>granizo<\/strong> causaram estragos em <strong>mais de 90 cidades do Rio Grande do Sul e de Santa Catarina<\/strong>.<img decoding=\"async\" src=\"https:\/\/agenciabrasil.ebc.com.br\/ebc.png?id=1701111&#038;o=rss\"><img decoding=\"async\" src=\"https:\/\/agenciabrasil.ebc.com.br\/ebc.gif?id=1701111&#038;o=rss\"><\/p>\n<p>No estado ga\u00facho, desde sexta-feira (28), cerca de <strong>10 mil pessoas foram atingidas em 49 munic\u00edpios<\/strong>. Foram registradas <strong>duas mortes<\/strong>, uma em Arroio Grande e outra em Porto Alegre, al\u00e9m de sete feridos e 80 desabrigados ou desalojados.<\/p>\n<p>Cerca de <strong>2 mil casas foram danificadas<\/strong> pelas tempestades. O maior impacto aconteceu em Tr\u00eas Palmeiras, que teve 80% da cidade atingida por granizo, seguido por Liberato Salzano, Quara\u00ed, Ira\u00ed e Canela.<\/p>\n<h3>Santa Catarina<\/h3>\n<p>J\u00e1 em Santa Catarina, <strong>43 munic\u00edpios reportaram danos e sete decretaram situa\u00e7\u00e3o de emerg\u00eancia<\/strong>. Foi o caso de Quilombo, Bom Jesus, Ipua\u00e7u, Florian\u00f3polis, Bigua\u00e7u, Entre Rios e S\u00e3o Jos\u00e9 do Cedro.<\/p>\n<p>A Defesa Civil estadual disponibilizou mais de 43 mil itens de assist\u00eancia humanit\u00e1ria para as fam\u00edlias atingidas.<\/p>\n<p>Desde s\u00e1bado, as tempestades provocaram queda de granizo com pedras de di\u00e2metro superior a dois cent\u00edmetros. No domingo, em Campo Er\u00ea, h\u00e1 suspeita de que um tornado tenha atingido a regi\u00e3o. Ventos fortes e o granizo danificaram dezenas de casas.<\/p>\n<p>Nesta segunda-feira, a Defesa Civil monitora o temporal que ainda atua em grande parte do estado. A tend\u00eancia \u00e9 de enfraquecimento gradual das chuvas. A previs\u00e3o \u00e9 de que o volume mais intenso de chuva se mantenha at\u00e9 a madrugada de ter\u00e7a-feira, com tempo firme ao longo da semana.<\/p>\n<p>\u00a0<\/p>\n<p>  <span class=\"hms hms-format-m-ss\">1:38<\/span><\/p>\n","protected":false},"excerpt":{"rendered":"<p>As chuvas e a queda de granizo causaram estragos em mais de 90 cidades do Rio Grande do Sul e de Santa Catarina. No estado ga\u00facho, desde sexta-feira (28), cerca de 10 mil pessoas foram atingidas em 49 munic\u00edpios. Foram registradas duas mortes, uma em Arroio Grande e outra em Porto Alegre, al\u00e9m de sete [&hellip;]<\/p>\n","protected":false},"author":448,"featured_media":23245,"comment_status":"open","ping_status":"open","sticky":false,"template":"","format":"standard","meta":{"site-sidebar-layout":"default","site-content-layout":"","ast-site-content-layout":"default","site-content-style":"default","site-sidebar-style":"default","ast-global-header-display":"","ast-banner-title-visibility":"","ast-main-header-display":"","ast-hfb-above-header-display":"","ast-hfb-below-header-display":"","ast-hfb-mobile-header-display":"","site-post-title":"","ast-breadcrumbs-content":"","ast-featured-img":"","footer-sml-layout":"","ast-disable-related-posts":"","theme-transparent-header-meta":"","adv-header-id-meta":"","stick-header-meta":"","header-above-stick-meta":"","header-main-stick-meta":"","header-below-stick-meta":"","astra-migrate-meta-layouts":"default","ast-page-background-enabled":"default","ast-page-background-meta":{"desktop":{"background-color":"var(--ast-global-color-4)","background-image":"","background-repeat":"repeat","background-position":"center center","background-size":"auto","background-attachment":"scroll","background-type":"","background-media":"","overlay-type":"","overlay-color":"","overlay-opacity":"","overlay-gradient":""},"tablet":{"background-color":"","background-image":"","background-repeat":"repeat","background-position":"center center","background-size":"auto","background-attachment":"scroll","background-type":"","background-media":"","overlay-type":"","overlay-color":"","overlay-opacity":"","overlay-gradient":""},"mobile":{"background-color":"","background-image":"","background-repeat":"repeat","background-position":"center center","background-size":"auto","background-attachment":"scroll","background-type":"","background-media":"","overlay-type":"","overlay-color":"","overlay-opacity":"","overlay-gradient":""}},"ast-content-background-meta":{"desktop":{"background-color":"var(--ast-global-color-5)","background-image":"","background-repeat":"repeat","background-position":"center center","background-size":"auto","background-attachment":"scroll","background-type":"","background-media":"","overlay-type":"","overlay-color":"","overlay-opacity":"","overlay-gradient":""},"tablet":{"background-color":"var(--ast-global-color-5)","background-image":"","background-repeat":"repeat","background-position":"center center","background-size":"auto","background-attachment":"scroll","background-type":"","background-media":"","overlay-type":"","overlay-color":"","overlay-opacity":"","overlay-gradient":""},"mobile":{"background-color":"var(--ast-global-color-5)","background-image":"","background-repeat":"repeat","background-position":"center center","background-size":"auto","background-attachment":"scroll","background-type":"","background-media":"","overlay-type":"","overlay-color":"","overlay-opacity":"","overlay-gradient":""}},"footnotes":""},"categories":[6],"tags":[],"class_list":["post-23244","post","type-post","status-publish","format-standard","has-post-thumbnail","hentry","category-meio-ambiente-e-sustentabilidade"],"yoast_head":"<!-- This site is optimized with the Yoast SEO Premium plugin v23.6 (Yoast SEO v28.1) - https:\/\/yoast.com\/product\/yoast-seo-premium-wordpress\/ -->\n<title>Chuvas e granizo voltam a castigar Rio Grande do Sul e Santa Catarina - Divulgue MS<\/title>\n<meta name=\"robots\" content=\"index, follow, max-snippet:-1, max-image-preview:large, max-video-preview:-1\" \/>\n<link rel=\"canonical\" href=\"https:\/\/divulguems.com.br\/?p=23244\" \/>\n<meta property=\"og:locale\" content=\"pt_BR\" \/>\n<meta property=\"og:type\" content=\"article\" \/>\n<meta property=\"og:title\" content=\"Chuvas e granizo voltam a castigar Rio Grande do Sul e Santa Catarina\" \/>\n<meta property=\"og:description\" content=\"As chuvas e a queda de granizo causaram estragos em mais de 90 cidades do Rio Grande do Sul e de Santa Catarina. No estado ga\u00facho, desde sexta-feira (28), cerca de 10 mil pessoas foram atingidas em 49 munic\u00edpios. Foram registradas duas mortes, uma em Arroio Grande e outra em Porto Alegre, al\u00e9m de sete [&hellip;]\" \/>\n<meta property=\"og:url\" content=\"https:\/\/divulguems.com.br\/?p=23244\" \/>\n<meta property=\"og:site_name\" content=\"Divulgue MS\" \/>\n<meta property=\"article:publisher\" content=\"https:\/\/www.facebook.com\/portalinfocobrasil\" \/>\n<meta property=\"article:published_time\" content=\"2026-09-01T00:51:06+00:00\" \/>\n<meta property=\"og:image\" content=\"https:\/\/agenciabrasil.ebc.com.br\/ebc.png?id=1701111&o=rss\" \/>\n<meta name=\"author\" content=\"Renato Ribeiro - reporter da Radio Nacional\" \/>\n<meta name=\"twitter:card\" content=\"summary_large_image\" \/>\n<meta name=\"twitter:label1\" content=\"Escrito por\" \/>\n\t<meta name=\"twitter:data1\" content=\"Renato Ribeiro - reporter da Radio Nacional\" \/>\n\t<meta name=\"twitter:label2\" content=\"Est. tempo de leitura\" \/>\n\t<meta name=\"twitter:data2\" content=\"1 minuto\" \/>\n<script type=\"application\/ld+json\" class=\"yoast-schema-graph\">{\"@context\":\"https:\\\/\\\/schema.org\",\"@graph\":[{\"@type\":\"Article\",\"@id\":\"https:\\\/\\\/divulguems.com.br\\\/?p=23244#article\",\"isPartOf\":{\"@id\":\"https:\\\/\\\/divulguems.com.br\\\/?p=23244\"},\"author\":{\"name\":\"Renato Ribeiro - reporter da Radio Nacional\",\"@id\":\"https:\\\/\\\/divulguems.com.br\\\/#\\\/schema\\\/person\\\/7d32d2bff9cce1a5f98cd4a6d73f2e92\"},\"headline\":\"Chuvas e granizo voltam a castigar Rio Grande do Sul e Santa Catarina\",\"datePublished\":\"2026-09-01T00:51:06+00:00\",\"mainEntityOfPage\":{\"@id\":\"https:\\\/\\\/divulguems.com.br\\\/?p=23244\"},\"wordCount\":255,\"commentCount\":0,\"publisher\":{\"@id\":\"https:\\\/\\\/divulguems.com.br\\\/#organization\"},\"image\":{\"@id\":\"https:\\\/\\\/divulguems.com.br\\\/?p=23244#primaryimage\"},\"thumbnailUrl\":\"https:\\\/\\\/divulguems.com.br\\\/wp-content\\\/uploads\\\/2026\\\/08\\\/23244-chuvas-e-granizo-voltam-a-castigar-rio-grande-do-sul-e-santa-catarina.jpg\",\"articleSection\":[\"Meio Ambiente e Sustentabilidade\"],\"inLanguage\":\"pt-BR\",\"potentialAction\":[{\"@type\":\"CommentAction\",\"name\":\"Comment\",\"target\":[\"https:\\\/\\\/divulguems.com.br\\\/?p=23244#respond\"]}]},{\"@type\":\"WebPage\",\"@id\":\"https:\\\/\\\/divulguems.com.br\\\/?p=23244\",\"url\":\"https:\\\/\\\/divulguems.com.br\\\/?p=23244\",\"name\":\"Chuvas e granizo voltam a castigar Rio Grande do Sul e Santa Catarina - Divulgue MS\",\"isPartOf\":{\"@id\":\"https:\\\/\\\/divulguems.com.br\\\/#website\"},\"primaryImageOfPage\":{\"@id\":\"https:\\\/\\\/divulguems.com.br\\\/?p=23244#primaryimage\"},\"image\":{\"@id\":\"https:\\\/\\\/divulguems.com.br\\\/?p=23244#primaryimage\"},\"thumbnailUrl\":\"https:\\\/\\\/divulguems.com.br\\\/wp-content\\\/uploads\\\/2026\\\/08\\\/23244-chuvas-e-granizo-voltam-a-castigar-rio-grande-do-sul-e-santa-catarina.jpg\",\"datePublished\":\"2026-09-01T00:51:06+00:00\",\"breadcrumb\":{\"@id\":\"https:\\\/\\\/divulguems.com.br\\\/?p=23244#breadcrumb\"},\"inLanguage\":\"pt-BR\",\"potentialAction\":[{\"@type\":\"ReadAction\",\"target\":[\"https:\\\/\\\/divulguems.com.br\\\/?p=23244\"]}]},{\"@type\":\"ImageObject\",\"inLanguage\":\"pt-BR\",\"@id\":\"https:\\\/\\\/divulguems.com.br\\\/?p=23244#primaryimage\",\"url\":\"https:\\\/\\\/divulguems.com.br\\\/wp-content\\\/uploads\\\/2026\\\/08\\\/23244-chuvas-e-granizo-voltam-a-castigar-rio-grande-do-sul-e-santa-catarina.jpg\",\"contentUrl\":\"https:\\\/\\\/divulguems.com.br\\\/wp-content\\\/uploads\\\/2026\\\/08\\\/23244-chuvas-e-granizo-voltam-a-castigar-rio-grande-do-sul-e-santa-catarina.jpg\",\"width\":1600,\"height\":800,\"caption\":\"Chuvas e granizo voltam a castigar Rio Grande do Sul e Santa Catarina\"},{\"@type\":\"BreadcrumbList\",\"@id\":\"https:\\\/\\\/divulguems.com.br\\\/?p=23244#breadcrumb\",\"itemListElement\":[{\"@type\":\"ListItem\",\"position\":1,\"name\":\"In\u00edcio\",\"item\":\"https:\\\/\\\/divulguems.com.br\\\/\"},{\"@type\":\"ListItem\",\"position\":2,\"name\":\"Chuvas e granizo voltam a castigar Rio Grande do Sul e Santa Catarina\"}]},{\"@type\":\"WebSite\",\"@id\":\"https:\\\/\\\/divulguems.com.br\\\/#website\",\"url\":\"https:\\\/\\\/divulguems.com.br\\\/\",\"name\":\"Portal Infoco Brasil\",\"description\":\"L\u00edder de audi\u00eancia.\",\"publisher\":{\"@id\":\"https:\\\/\\\/divulguems.com.br\\\/#organization\"},\"potentialAction\":[{\"@type\":\"SearchAction\",\"target\":{\"@type\":\"EntryPoint\",\"urlTemplate\":\"https:\\\/\\\/divulguems.com.br\\\/?s={search_term_string}\"},\"query-input\":{\"@type\":\"PropertyValueSpecification\",\"valueRequired\":true,\"valueName\":\"search_term_string\"}}],\"inLanguage\":\"pt-BR\"},{\"@type\":\"Organization\",\"@id\":\"https:\\\/\\\/divulguems.com.br\\\/#organization\",\"name\":\"Portal Infoco Brasil\",\"url\":\"https:\\\/\\\/divulguems.com.br\\\/\",\"logo\":{\"@type\":\"ImageObject\",\"inLanguage\":\"pt-BR\",\"@id\":\"https:\\\/\\\/divulguems.com.br\\\/#\\\/schema\\\/logo\\\/image\\\/\",\"url\":\"https:\\\/\\\/divulguems.com.br\\\/wp-content\\\/uploads\\\/2025\\\/04\\\/LOGO-PNG-AZUL.png\",\"contentUrl\":\"https:\\\/\\\/divulguems.com.br\\\/wp-content\\\/uploads\\\/2025\\\/04\\\/LOGO-PNG-AZUL.png\",\"width\":1166,\"height\":475,\"caption\":\"Portal Infoco Brasil\"},\"image\":{\"@id\":\"https:\\\/\\\/divulguems.com.br\\\/#\\\/schema\\\/logo\\\/image\\\/\"},\"sameAs\":[\"https:\\\/\\\/www.facebook.com\\\/portalinfocobrasil\",\"https:\\\/\\\/www.instagram.com\\\/portalinfocobrasil\"]},{\"@type\":\"Person\",\"@id\":\"https:\\\/\\\/divulguems.com.br\\\/#\\\/schema\\\/person\\\/7d32d2bff9cce1a5f98cd4a6d73f2e92\",\"name\":\"Renato Ribeiro - reporter da Radio Nacional\",\"image\":{\"@type\":\"ImageObject\",\"inLanguage\":\"pt-BR\",\"@id\":\"https:\\\/\\\/secure.gravatar.com\\\/avatar\\\/285eadabd28771b4b5dbecee0be67fae8a79f65efc4e16fb3088f9a91a5beb89?s=96&d=mm&r=g\",\"url\":\"https:\\\/\\\/secure.gravatar.com\\\/avatar\\\/285eadabd28771b4b5dbecee0be67fae8a79f65efc4e16fb3088f9a91a5beb89?s=96&d=mm&r=g\",\"contentUrl\":\"https:\\\/\\\/secure.gravatar.com\\\/avatar\\\/285eadabd28771b4b5dbecee0be67fae8a79f65efc4e16fb3088f9a91a5beb89?s=96&d=mm&r=g\",\"caption\":\"Renato Ribeiro - reporter da Radio Nacional\"},\"url\":\"https:\\\/\\\/divulguems.com.br\\\/?author=448\"}]}<\/script>\n<!-- \/ Yoast SEO Premium plugin. -->","yoast_head_json":{"title":"Chuvas e granizo voltam a castigar Rio Grande do Sul e Santa Catarina - Divulgue MS","robots":{"index":"index","follow":"follow","max-snippet":"max-snippet:-1","max-image-preview":"max-image-preview:large","max-video-preview":"max-video-preview:-1"},"canonical":"https:\/\/divulguems.com.br\/?p=23244","og_locale":"pt_BR","og_type":"article","og_title":"Chuvas e granizo voltam a castigar Rio Grande do Sul e Santa Catarina","og_description":"As chuvas e a queda de granizo causaram estragos em mais de 90 cidades do Rio Grande do Sul e de Santa Catarina. No estado ga\u00facho, desde sexta-feira (28), cerca de 10 mil pessoas foram atingidas em 49 munic\u00edpios. Foram registradas duas mortes, uma em Arroio Grande e outra em Porto Alegre, al\u00e9m de sete [&hellip;]","og_url":"https:\/\/divulguems.com.br\/?p=23244","og_site_name":"Divulgue MS","article_publisher":"https:\/\/www.facebook.com\/portalinfocobrasil","article_published_time":"2026-09-01T00:51:06+00:00","og_image":[{"url":"https:\/\/agenciabrasil.ebc.com.br\/ebc.png?id=1701111&o=rss","type":"","width":"","height":""}],"author":"Renato Ribeiro - reporter da Radio Nacional","twitter_card":"summary_large_image","twitter_misc":{"Escrito por":"Renato Ribeiro - reporter da Radio Nacional","Est. tempo de leitura":"1 minuto"},"schema":{"@context":"https:\/\/schema.org","@graph":[{"@type":"Article","@id":"https:\/\/divulguems.com.br\/?p=23244#article","isPartOf":{"@id":"https:\/\/divulguems.com.br\/?p=23244"},"author":{"name":"Renato Ribeiro - reporter da Radio Nacional","@id":"https:\/\/divulguems.com.br\/#\/schema\/person\/7d32d2bff9cce1a5f98cd4a6d73f2e92"},"headline":"Chuvas e granizo voltam a castigar Rio Grande do Sul e Santa Catarina","datePublished":"2026-09-01T00:51:06+00:00","mainEntityOfPage":{"@id":"https:\/\/divulguems.com.br\/?p=23244"},"wordCount":255,"commentCount":0,"publisher":{"@id":"https:\/\/divulguems.com.br\/#organization"},"image":{"@id":"https:\/\/divulguems.com.br\/?p=23244#primaryimage"},"thumbnailUrl":"https:\/\/divulguems.com.br\/wp-content\/uploads\/2026\/08\/23244-chuvas-e-granizo-voltam-a-castigar-rio-grande-do-sul-e-santa-catarina.jpg","articleSection":["Meio Ambiente e Sustentabilidade"],"inLanguage":"pt-BR","potentialAction":[{"@type":"CommentAction","name":"Comment","target":["https:\/\/divulguems.com.br\/?p=23244#respond"]}]},{"@type":"WebPage","@id":"https:\/\/divulguems.com.br\/?p=23244","url":"https:\/\/divulguems.com.br\/?p=23244","name":"Chuvas e granizo voltam a castigar Rio Grande do Sul e Santa Catarina - Divulgue MS","isPartOf":{"@id":"https:\/\/divulguems.com.br\/#website"},"primaryImageOfPage":{"@id":"https:\/\/divulguems.com.br\/?p=23244#primaryimage"},"image":{"@id":"https:\/\/divulguems.com.br\/?p=23244#primaryimage"},"thumbnailUrl":"https:\/\/divulguems.com.br\/wp-content\/uploads\/2026\/08\/23244-chuvas-e-granizo-voltam-a-castigar-rio-grande-do-sul-e-santa-catarina.jpg","datePublished":"2026-09-01T00:51:06+00:00","breadcrumb":{"@id":"https:\/\/divulguems.com.br\/?p=23244#breadcrumb"},"inLanguage":"pt-BR","potentialAction":[{"@type":"ReadAction","target":["https:\/\/divulguems.com.br\/?p=23244"]}]},{"@type":"ImageObject","inLanguage":"pt-BR","@id":"https:\/\/divulguems.com.br\/?p=23244#primaryimage","url":"https:\/\/divulguems.com.br\/wp-content\/uploads\/2026\/08\/23244-chuvas-e-granizo-voltam-a-castigar-rio-grande-do-sul-e-santa-catarina.jpg","contentUrl":"https:\/\/divulguems.com.br\/wp-content\/uploads\/2026\/08\/23244-chuvas-e-granizo-voltam-a-castigar-rio-grande-do-sul-e-santa-catarina.jpg","width":1600,"height":800,"caption":"Chuvas e granizo voltam a castigar Rio Grande do Sul e Santa Catarina"},{"@type":"BreadcrumbList","@id":"https:\/\/divulguems.com.br\/?p=23244#breadcrumb","itemListElement":[{"@type":"ListItem","position":1,"name":"In\u00edcio","item":"https:\/\/divulguems.com.br\/"},{"@type":"ListItem","position":2,"name":"Chuvas e granizo voltam a castigar Rio Grande do Sul e Santa Catarina"}]},{"@type":"WebSite","@id":"https:\/\/divulguems.com.br\/#website","url":"https:\/\/divulguems.com.br\/","name":"Portal Infoco Brasil","description":"L\u00edder de audi\u00eancia.","publisher":{"@id":"https:\/\/divulguems.com.br\/#organization"},"potentialAction":[{"@type":"SearchAction","target":{"@type":"EntryPoint","urlTemplate":"https:\/\/divulguems.com.br\/?s={search_term_string}"},"query-input":{"@type":"PropertyValueSpecification","valueRequired":true,"valueName":"search_term_string"}}],"inLanguage":"pt-BR"},{"@type":"Organization","@id":"https:\/\/divulguems.com.br\/#organization","name":"Portal Infoco Brasil","url":"https:\/\/divulguems.com.br\/","logo":{"@type":"ImageObject","inLanguage":"pt-BR","@id":"https:\/\/divulguems.com.br\/#\/schema\/logo\/image\/","url":"https:\/\/divulguems.com.br\/wp-content\/uploads\/2025\/04\/LOGO-PNG-AZUL.png","contentUrl":"https:\/\/divulguems.com.br\/wp-content\/uploads\/2025\/04\/LOGO-PNG-AZUL.png","width":1166,"height":475,"caption":"Portal Infoco Brasil"},"image":{"@id":"https:\/\/divulguems.com.br\/#\/schema\/logo\/image\/"},"sameAs":["https:\/\/www.facebook.com\/portalinfocobrasil","https:\/\/www.instagram.com\/portalinfocobrasil"]},{"@type":"Person","@id":"https:\/\/divulguems.com.br\/#\/schema\/person\/7d32d2bff9cce1a5f98cd4a6d73f2e92","name":"Renato Ribeiro - reporter da Radio Nacional","image":{"@type":"ImageObject","inLanguage":"pt-BR","@id":"https:\/\/secure.gravatar.com\/avatar\/285eadabd28771b4b5dbecee0be67fae8a79f65efc4e16fb3088f9a91a5beb89?s=96&d=mm&r=g","url":"https:\/\/secure.gravatar.com\/avatar\/285eadabd28771b4b5dbecee0be67fae8a79f65efc4e16fb3088f9a91a5beb89?s=96&d=mm&r=g","contentUrl":"https:\/\/secure.gravatar.com\/avatar\/285eadabd28771b4b5dbecee0be67fae8a79f65efc4e16fb3088f9a91a5beb89?s=96&d=mm&r=g","caption":"Renato Ribeiro - reporter da Radio Nacional"},"url":"https:\/\/divulguems.com.br\/?author=448"}]}},"_links":{"self":[{"href":"https:\/\/divulguems.com.br\/index.php?rest_route=\/wp\/v2\/posts\/23244","targetHints":{"allow":["GET"]}}],"collection":[{"href":"https:\/\/divulguems.com.br\/index.php?rest_route=\/wp\/v2\/posts"}],"about":[{"href":"https:\/\/divulguems.com.br\/index.php?rest_route=\/wp\/v2\/types\/post"}],"author":[{"embeddable":true,"href":"https:\/\/divulguems.com.br\/index.php?rest_route=\/wp\/v2\/users\/448"}],"replies":[{"embeddable":true,"href":"https:\/\/divulguems.com.br\/index.php?rest_route=%2Fwp%2Fv2%2Fcomments&post=23244"}],"version-history":[{"count":0,"href":"https:\/\/divulguems.com.br\/index.php?rest_route=\/wp\/v2\/posts\/23244\/revisions"}],"wp:featuredmedia":[{"embeddable":true,"href":"https:\/\/divulguems.com.br\/index.php?rest_route=\/wp\/v2\/media\/23245"}],"wp:attachment":[{"href":"https:\/\/divulguems.com.br\/index.php?rest_route=%2Fwp%2Fv2%2Fmedia&parent=23244"}],"wp:term":[{"taxonomy":"category","embeddable":true,"href":"https:\/\/divulguems.com.br\/index.php?rest_route=%2Fwp%2Fv2%2Fcategories&post=23244"},{"taxonomy":"post_tag","embeddable":true,"href":"https:\/\/divulguems.com.br\/index.php?rest_route=%2Fwp%2Fv2%2Ftags&post=23244"}],"curies":[{"name":"wp","href":"https:\/\/api.w.org\/{rel}","templated":true}]}}