{"id":23246,"date":"2026-08-31T20:51:08","date_gmt":"2026-09-01T00:51:08","guid":{"rendered":"https:\/\/divulguems.com.br\/?p=23246"},"modified":"2026-08-31T20:51:08","modified_gmt":"2026-09-01T00:51:08","slug":"ebc-lanca-centro-de-inovacao-e-pesquisa-em-comunicacao-publica","status":"publish","type":"post","link":"https:\/\/divulguems.com.br\/?p=23246","title":{"rendered":"EBC lan\u00e7a Centro de Inova\u00e7\u00e3o e Pesquisa em Comunica\u00e7\u00e3o P\u00fablica"},"content":{"rendered":"<\/p>\n<p><a class=\"\" href=\"https:\/\/agenciabrasil.ebc.com.br\/geral\/noticia\/2026-08\/ebc-lanca-centro-de-inovacao-e-pesquisa-em-comunicacao-publica\"><br \/>\n                    <img decoding=\"async\" src=\"https:\/\/cdn.jsdelivr.net\/gh\/sergiosdlima\/assets-ebc@1.0.0\/abr\/assets\/images\/logo-agenciabrasil.svg\" alt=\"Logo Ag\u00eancia Brasil\"><br \/>\n\t\t\t\t<\/a><\/p>\n<p>A <strong>Empresa Brasil de Comunica\u00e7\u00e3o <\/strong>(<strong>EBC<\/strong>) passa a contar com um novo espa\u00e7o dedicado \u00e0 inova\u00e7\u00e3o e \u00e0 produ\u00e7\u00e3o de conhecimento, a partir desta segunda-feira (31).<img decoding=\"async\" src=\"https:\/\/agenciabrasil.ebc.com.br\/ebc.png?id=1701147&#038;o=rss\"><img decoding=\"async\" src=\"https:\/\/agenciabrasil.ebc.com.br\/ebc.gif?id=1701147&#038;o=rss\"><\/p>\n<p><strong>O Centro de Inova\u00e7\u00e3o e Pesquisa em Comunica\u00e7\u00e3o P\u00fablica (CIP\u00fablica) vai coordenar e promover a\u00e7\u00f5es de ci\u00eancia, tecnologia e inova\u00e7\u00e3o, al\u00e9m de facilitar o desenvolvimento de projetos e parcerias da EBC com outras organiza\u00e7\u00f5es.<\/strong><\/p>\n<\/p>\n<h3>Not\u00edcias relacionadas:<\/h3>\n<ul>\n<li><a href=\"https:\/\/agenciabrasil.ebc.com.br\/economia\/noticia\/2026-08\/ebc-destaca-protagonismo-da-comunicacao-publica-na-tv-30\">EBC destaca protagonismo da comunica\u00e7\u00e3o p\u00fablica na TV 3.0.<\/a><\/li>\n<li><a href=\"https:\/\/agenciabrasil.ebc.com.br\/direitos-humanos\/noticia\/2026-08\/ebc-promove-capacitacao-sobre-cobertura-jornalistica-de-feminicidios\">EBC promove capacita\u00e7\u00e3o sobre cobertura jornal\u00edstica de feminic\u00eddios.<\/a><\/li>\n<\/ul>\n<p>A proposta \u00e9 promover iniciativas de pesquisa, desenvolvimento e inova\u00e7\u00e3o e criar uma cultura que estimule novas ideias e projetos em diferentes \u00e1reas. O Centro ir\u00e1 estimular projetos em temas de ponta na comunica\u00e7\u00e3o p\u00fablica, como Intelig\u00eancia Artificial, TV 3.0 e plataformiza\u00e7\u00e3o, entre outros. Outra frente ser\u00e1 a produ\u00e7\u00e3o e socializa\u00e7\u00e3o de conhecimento sobre o campo p\u00fablico de comunica\u00e7\u00e3o.<\/p>\n<p>\u201cO CIP\u00fablica representa um passo importante para consolidarmos na <strong>EBC<\/strong> uma cultura permanente de inova\u00e7\u00e3o, pesquisa e produ\u00e7\u00e3o de conhecimento. Como Institui\u00e7\u00e3o Cient\u00edfica e Tecnol\u00f3gica, temos a oportunidade de aproximar ainda mais a empresa de universidades, pesquisadores e outras organiza\u00e7\u00f5es, transformando conhecimento em solu\u00e7\u00f5es para os desafios da comunica\u00e7\u00e3o p\u00fablica\u201d, explica Thiago Regotto, diretor-geral da <strong>EBC<\/strong>.<\/p>\n<blockquote>\n<p>\u201cAo mesmo tempo, queremos valorizar a capacidade e a experi\u00eancia dos nossos empregados e ampliar a contribui\u00e7\u00e3o da <strong>EBC<\/strong> para o desenvolvimento do campo p\u00fablico de comunica\u00e7\u00e3o no Brasil\u201d, completa.<\/p>\n<\/blockquote>\n<p>Jonas Valente, gerente de Inova\u00e7\u00e3o e Tecnologia da empresa, acrescenta que o \u201cobjetivo \u00e9 facilitar projetos de CT&#038;I que envolvam o campo p\u00fablico, pesquisadores e outras institui\u00e7\u00f5es para fortalecer a comunica\u00e7\u00e3o p\u00fablica no Brasil&#8221;, detalha.<\/p>\n<p>O CIP\u00fablica vai ser o principal espa\u00e7o de articula\u00e7\u00e3o das a\u00e7\u00f5es para a implementa\u00e7\u00e3o da Pol\u00edtica de Inova\u00e7\u00e3o da <strong>EBC<\/strong>, aprovada em maio deste ano pela Diretoria Executiva da empresa.<\/p>\n<p>A Pol\u00edtica estabelece frentes de atua\u00e7\u00e3o para que a empresa possa contribuir com a reflex\u00e3o e moderniza\u00e7\u00e3o das atividades desempenhadas por seus ve\u00edculos e servi\u00e7os e no \u00e2mbito da <strong>Rede Nacional de Comunica\u00e7\u00e3o P\u00fablica<\/strong> e das institui\u00e7\u00f5es e grupos de pesquisa interessados no tema.<\/p>\n<p>Como uma das tarefas do CIP\u00fablica \u00e9 prospectar parcerias que possam colaborar com a inova\u00e7\u00e3o na <strong>EBC<\/strong>, Valente detalha que a equipe do Centro j\u00e1 iniciou di\u00e1logos com algumas institui\u00e7\u00f5es, como o Minist\u00e9rio da Ci\u00eancia, Tecnologia e Inova\u00e7\u00e3o (MCTI), a Secretaria de Comunica\u00e7\u00e3o da Presid\u00eancia da Rep\u00fablica, o Minist\u00e9rio da Cultura, a Fiocruz e a Universidade Federal do Rio de Janeiro (UFRJ).<\/p>\n<h2>Reposit\u00f3rio de pesquisas<\/h2>\n<p>Uma das primeiras iniciativas do CIP\u00fablica \u00e9 a cria\u00e7\u00e3o do Reposit\u00f3rio de Pesquisa em Comunica\u00e7\u00e3o P\u00fablica, que ficar\u00e1 dispon\u00edvel no site do CIP\u00fablica. <strong>A plataforma vai reunir produ\u00e7\u00f5es acad\u00eamicas e t\u00e9cnicas relacionadas ao tema, dando visibilidade a pesquisadores da EBC e de outras institui\u00e7\u00f5es.<\/strong><\/p>\n<p>Em um primeiro momento, o CIP\u00fablica convocou os empregados da <strong>EBC<\/strong> a compartilharem trabalhos e pesquisas j\u00e1 produzidos. Depois, pesquisadores de fora ser\u00e3o chamados para cadastrar seus trabalhos.<\/p>\n<p><strong>A iniciativa tamb\u00e9m pretende ampliar continuamente a base a partir de pesquisas dispon\u00edveis em peri\u00f3dicos, bancos de teses e disserta\u00e7\u00f5es e outras fontes acad\u00eamicas.<\/strong><\/p>\n<blockquote>\n<p>&#8220;A ideia \u00e9 exatamente dar visibilidade para os pesquisadores, sejam eles da casa ou de fora, e criar um hub de conhecimento sobre comunica\u00e7\u00e3o p\u00fablica que as pessoas possam usar mais facilmente&#8221;, afirma Valente.<\/p>\n<\/blockquote>\n<p>&#8220;O Centro chega para fortalecer a capacidade da <strong>EBC<\/strong>, do campo p\u00fablico e de institui\u00e7\u00f5es de pesquisa de experimentar, produzir conhecimento e desenvolver solu\u00e7\u00f5es para os desafios da comunica\u00e7\u00e3o p\u00fablica, aproximando empregados, pesquisadores, universidades e outras organiza\u00e7\u00f5es&#8221;, completa.<\/p>\n<p>Os trabalhos enviados ser\u00e3o analisados para conferir requisitos b\u00e1sicos (se \u00e9 produ\u00e7\u00e3o acad\u00eamica ou t\u00e9cnica, se pode ser divulgada), mantido o respeito \u00e0 independ\u00eancia de pesquisa dos autores. Depois, os pesquisadores poder\u00e3o ser convidados a apresentar seus trabalhos no Grupo de Pesquisa em M\u00eddias P\u00fablicas do CIP\u00fablica.<\/p>\n<h2>Pitching interno\u00a0<\/h2>\n<p>Outra iniciativa lan\u00e7ada pelo CIP\u00fablica \u00e9 um <em>pitching<\/em> interno de inova\u00e7\u00e3o, voltado \u00e0 melhoria de processos da <strong>EBC<\/strong>. Empregados poder\u00e3o inscrever projetos que proponham novas formas de realizar processos existentes na empresa.<\/p>\n<p><strong>Ser\u00e3o escolhidas as tr\u00eas propostas que melhor atenderem aos crit\u00e9rios de avalia\u00e7\u00e3o, buscando contemplar diferentes \u00e1reas da casa.<\/strong><\/p>\n<p>O CIP\u00fablica fornecer\u00e1 apoio metodol\u00f3gico para qualificar as propostas e discutir a possibilidade de implementa\u00e7\u00e3o nas \u00e1reas. O cronograma completo do <em>pitching<\/em> vai de 1\u00ba de setembro \u00e0 segunda semana de novembro, com a apresenta\u00e7\u00e3o dos pilotos \u00e0s \u00e1reas ocorrendo na segunda semana de novembro.<\/p>\n<p>\u00a0<\/p>\n","protected":false},"excerpt":{"rendered":"<p>A Empresa Brasil de Comunica\u00e7\u00e3o (EBC) passa a contar com um novo espa\u00e7o dedicado \u00e0 inova\u00e7\u00e3o e \u00e0 produ\u00e7\u00e3o de conhecimento, a partir desta segunda-feira (31). O Centro de Inova\u00e7\u00e3o e Pesquisa em Comunica\u00e7\u00e3o P\u00fablica (CIP\u00fablica) vai coordenar e promover a\u00e7\u00f5es de ci\u00eancia, tecnologia e inova\u00e7\u00e3o, al\u00e9m de facilitar o desenvolvimento de projetos e parcerias [&hellip;]<\/p>\n","protected":false},"author":108,"featured_media":23247,"comment_status":"open","ping_status":"open","sticky":false,"template":"","format":"standard","meta":{"site-sidebar-layout":"default","site-content-layout":"","ast-site-content-layout":"default","site-content-style":"default","site-sidebar-style":"default","ast-global-header-display":"","ast-banner-title-visibility":"","ast-main-header-display":"","ast-hfb-above-header-display":"","ast-hfb-below-header-display":"","ast-hfb-mobile-header-display":"","site-post-title":"","ast-breadcrumbs-content":"","ast-featured-img":"","footer-sml-layout":"","ast-disable-related-posts":"","theme-transparent-header-meta":"","adv-header-id-meta":"","stick-header-meta":"","header-above-stick-meta":"","header-main-stick-meta":"","header-below-stick-meta":"","astra-migrate-meta-layouts":"default","ast-page-background-enabled":"default","ast-page-background-meta":{"desktop":{"background-color":"var(--ast-global-color-4)","background-image":"","background-repeat":"repeat","background-position":"center center","background-size":"auto","background-attachment":"scroll","background-type":"","background-media":"","overlay-type":"","overlay-color":"","overlay-opacity":"","overlay-gradient":""},"tablet":{"background-color":"","background-image":"","background-repeat":"repeat","background-position":"center center","background-size":"auto","background-attachment":"scroll","background-type":"","background-media":"","overlay-type":"","overlay-color":"","overlay-opacity":"","overlay-gradient":""},"mobile":{"background-color":"","background-image":"","background-repeat":"repeat","background-position":"center center","background-size":"auto","background-attachment":"scroll","background-type":"","background-media":"","overlay-type":"","overlay-color":"","overlay-opacity":"","overlay-gradient":""}},"ast-content-background-meta":{"desktop":{"background-color":"var(--ast-global-color-5)","background-image":"","background-repeat":"repeat","background-position":"center center","background-size":"auto","background-attachment":"scroll","background-type":"","background-media":"","overlay-type":"","overlay-color":"","overlay-opacity":"","overlay-gradient":""},"tablet":{"background-color":"var(--ast-global-color-5)","background-image":"","background-repeat":"repeat","background-position":"center center","background-size":"auto","background-attachment":"scroll","background-type":"","background-media":"","overlay-type":"","overlay-color":"","overlay-opacity":"","overlay-gradient":""},"mobile":{"background-color":"var(--ast-global-color-5)","background-image":"","background-repeat":"repeat","background-position":"center center","background-size":"auto","background-attachment":"scroll","background-type":"","background-media":"","overlay-type":"","overlay-color":"","overlay-opacity":"","overlay-gradient":""}},"footnotes":""},"categories":[1],"tags":[],"class_list":["post-23246","post","type-post","status-publish","format-standard","has-post-thumbnail","hentry","category-sem-categoria"],"yoast_head":"<!-- This site is optimized with the Yoast SEO Premium plugin v23.6 (Yoast SEO v28.1) - https:\/\/yoast.com\/product\/yoast-seo-premium-wordpress\/ -->\n<title>EBC lan\u00e7a Centro de Inova\u00e7\u00e3o e Pesquisa em Comunica\u00e7\u00e3o P\u00fablica - Divulgue MS<\/title>\n<meta name=\"robots\" content=\"index, follow, max-snippet:-1, max-image-preview:large, max-video-preview:-1\" \/>\n<link rel=\"canonical\" href=\"https:\/\/divulguems.com.br\/?p=23246\" \/>\n<meta property=\"og:locale\" content=\"pt_BR\" \/>\n<meta property=\"og:type\" content=\"article\" \/>\n<meta property=\"og:title\" content=\"EBC lan\u00e7a Centro de Inova\u00e7\u00e3o e Pesquisa em Comunica\u00e7\u00e3o P\u00fablica\" \/>\n<meta property=\"og:description\" content=\"A Empresa Brasil de Comunica\u00e7\u00e3o (EBC) passa a contar com um novo espa\u00e7o dedicado \u00e0 inova\u00e7\u00e3o e \u00e0 produ\u00e7\u00e3o de conhecimento, a partir desta segunda-feira (31). O Centro de Inova\u00e7\u00e3o e Pesquisa em Comunica\u00e7\u00e3o P\u00fablica (CIP\u00fablica) vai coordenar e promover a\u00e7\u00f5es de ci\u00eancia, tecnologia e inova\u00e7\u00e3o, al\u00e9m de facilitar o desenvolvimento de projetos e parcerias [&hellip;]\" \/>\n<meta property=\"og:url\" content=\"https:\/\/divulguems.com.br\/?p=23246\" \/>\n<meta property=\"og:site_name\" content=\"Divulgue MS\" \/>\n<meta property=\"article:publisher\" content=\"https:\/\/www.facebook.com\/portalinfocobrasil\" \/>\n<meta property=\"article:published_time\" content=\"2026-09-01T00:51:08+00:00\" \/>\n<meta property=\"og:image\" content=\"https:\/\/cdn.jsdelivr.net\/gh\/sergiosdlima\/assets-ebc@1.0.0\/abr\/assets\/images\/logo-agenciabrasil.svg\" \/>\n<meta name=\"author\" content=\"EBC\" \/>\n<meta name=\"twitter:card\" content=\"summary_large_image\" \/>\n<meta name=\"twitter:label1\" content=\"Escrito por\" \/>\n\t<meta name=\"twitter:data1\" content=\"EBC\" \/>\n\t<meta name=\"twitter:label2\" content=\"Est. tempo de leitura\" \/>\n\t<meta name=\"twitter:data2\" content=\"4 minutos\" \/>\n<script type=\"application\/ld+json\" class=\"yoast-schema-graph\">{\"@context\":\"https:\\\/\\\/schema.org\",\"@graph\":[{\"@type\":\"Article\",\"@id\":\"https:\\\/\\\/divulguems.com.br\\\/?p=23246#article\",\"isPartOf\":{\"@id\":\"https:\\\/\\\/divulguems.com.br\\\/?p=23246\"},\"author\":{\"name\":\"EBC\",\"@id\":\"https:\\\/\\\/divulguems.com.br\\\/#\\\/schema\\\/person\\\/c963c380feb90d59516e923a334b43ab\"},\"headline\":\"EBC lan\u00e7a Centro de Inova\u00e7\u00e3o e Pesquisa em Comunica\u00e7\u00e3o P\u00fablica\",\"datePublished\":\"2026-09-01T00:51:08+00:00\",\"mainEntityOfPage\":{\"@id\":\"https:\\\/\\\/divulguems.com.br\\\/?p=23246\"},\"wordCount\":832,\"commentCount\":0,\"publisher\":{\"@id\":\"https:\\\/\\\/divulguems.com.br\\\/#organization\"},\"image\":{\"@id\":\"https:\\\/\\\/divulguems.com.br\\\/?p=23246#primaryimage\"},\"thumbnailUrl\":\"https:\\\/\\\/divulguems.com.br\\\/wp-content\\\/uploads\\\/2026\\\/08\\\/23246-ebc-lanca-centro-de-inovacao-e-pesquisa-em-comunicacao-publica.jpg\",\"articleSection\":[\"\u00daltimas Not\u00edcias\"],\"inLanguage\":\"pt-BR\",\"potentialAction\":[{\"@type\":\"CommentAction\",\"name\":\"Comment\",\"target\":[\"https:\\\/\\\/divulguems.com.br\\\/?p=23246#respond\"]}]},{\"@type\":\"WebPage\",\"@id\":\"https:\\\/\\\/divulguems.com.br\\\/?p=23246\",\"url\":\"https:\\\/\\\/divulguems.com.br\\\/?p=23246\",\"name\":\"EBC lan\u00e7a Centro de Inova\u00e7\u00e3o e Pesquisa em Comunica\u00e7\u00e3o P\u00fablica - Divulgue MS\",\"isPartOf\":{\"@id\":\"https:\\\/\\\/divulguems.com.br\\\/#website\"},\"primaryImageOfPage\":{\"@id\":\"https:\\\/\\\/divulguems.com.br\\\/?p=23246#primaryimage\"},\"image\":{\"@id\":\"https:\\\/\\\/divulguems.com.br\\\/?p=23246#primaryimage\"},\"thumbnailUrl\":\"https:\\\/\\\/divulguems.com.br\\\/wp-content\\\/uploads\\\/2026\\\/08\\\/23246-ebc-lanca-centro-de-inovacao-e-pesquisa-em-comunicacao-publica.jpg\",\"datePublished\":\"2026-09-01T00:51:08+00:00\",\"breadcrumb\":{\"@id\":\"https:\\\/\\\/divulguems.com.br\\\/?p=23246#breadcrumb\"},\"inLanguage\":\"pt-BR\",\"potentialAction\":[{\"@type\":\"ReadAction\",\"target\":[\"https:\\\/\\\/divulguems.com.br\\\/?p=23246\"]}]},{\"@type\":\"ImageObject\",\"inLanguage\":\"pt-BR\",\"@id\":\"https:\\\/\\\/divulguems.com.br\\\/?p=23246#primaryimage\",\"url\":\"https:\\\/\\\/divulguems.com.br\\\/wp-content\\\/uploads\\\/2026\\\/08\\\/23246-ebc-lanca-centro-de-inovacao-e-pesquisa-em-comunicacao-publica.jpg\",\"contentUrl\":\"https:\\\/\\\/divulguems.com.br\\\/wp-content\\\/uploads\\\/2026\\\/08\\\/23246-ebc-lanca-centro-de-inovacao-e-pesquisa-em-comunicacao-publica.jpg\",\"width\":1600,\"height\":800,\"caption\":\"EBC lan\u00e7a Centro de Inova\u00e7\u00e3o e Pesquisa em Comunica\u00e7\u00e3o P\u00fablica\"},{\"@type\":\"BreadcrumbList\",\"@id\":\"https:\\\/\\\/divulguems.com.br\\\/?p=23246#breadcrumb\",\"itemListElement\":[{\"@type\":\"ListItem\",\"position\":1,\"name\":\"In\u00edcio\",\"item\":\"https:\\\/\\\/divulguems.com.br\\\/\"},{\"@type\":\"ListItem\",\"position\":2,\"name\":\"EBC lan\u00e7a Centro de Inova\u00e7\u00e3o e Pesquisa em Comunica\u00e7\u00e3o P\u00fablica\"}]},{\"@type\":\"WebSite\",\"@id\":\"https:\\\/\\\/divulguems.com.br\\\/#website\",\"url\":\"https:\\\/\\\/divulguems.com.br\\\/\",\"name\":\"Portal Infoco Brasil\",\"description\":\"L\u00edder de audi\u00eancia.\",\"publisher\":{\"@id\":\"https:\\\/\\\/divulguems.com.br\\\/#organization\"},\"potentialAction\":[{\"@type\":\"SearchAction\",\"target\":{\"@type\":\"EntryPoint\",\"urlTemplate\":\"https:\\\/\\\/divulguems.com.br\\\/?s={search_term_string}\"},\"query-input\":{\"@type\":\"PropertyValueSpecification\",\"valueRequired\":true,\"valueName\":\"search_term_string\"}}],\"inLanguage\":\"pt-BR\"},{\"@type\":\"Organization\",\"@id\":\"https:\\\/\\\/divulguems.com.br\\\/#organization\",\"name\":\"Portal Infoco Brasil\",\"url\":\"https:\\\/\\\/divulguems.com.br\\\/\",\"logo\":{\"@type\":\"ImageObject\",\"inLanguage\":\"pt-BR\",\"@id\":\"https:\\\/\\\/divulguems.com.br\\\/#\\\/schema\\\/logo\\\/image\\\/\",\"url\":\"https:\\\/\\\/divulguems.com.br\\\/wp-content\\\/uploads\\\/2025\\\/04\\\/LOGO-PNG-AZUL.png\",\"contentUrl\":\"https:\\\/\\\/divulguems.com.br\\\/wp-content\\\/uploads\\\/2025\\\/04\\\/LOGO-PNG-AZUL.png\",\"width\":1166,\"height\":475,\"caption\":\"Portal Infoco Brasil\"},\"image\":{\"@id\":\"https:\\\/\\\/divulguems.com.br\\\/#\\\/schema\\\/logo\\\/image\\\/\"},\"sameAs\":[\"https:\\\/\\\/www.facebook.com\\\/portalinfocobrasil\",\"https:\\\/\\\/www.instagram.com\\\/portalinfocobrasil\"]},{\"@type\":\"Person\",\"@id\":\"https:\\\/\\\/divulguems.com.br\\\/#\\\/schema\\\/person\\\/c963c380feb90d59516e923a334b43ab\",\"name\":\"EBC\",\"image\":{\"@type\":\"ImageObject\",\"inLanguage\":\"pt-BR\",\"@id\":\"https:\\\/\\\/secure.gravatar.com\\\/avatar\\\/36603be5703a4c12ca26a3dfe19548ff9216730ac35fd6591e99008a9f44eb22?s=96&d=mm&r=g\",\"url\":\"https:\\\/\\\/secure.gravatar.com\\\/avatar\\\/36603be5703a4c12ca26a3dfe19548ff9216730ac35fd6591e99008a9f44eb22?s=96&d=mm&r=g\",\"contentUrl\":\"https:\\\/\\\/secure.gravatar.com\\\/avatar\\\/36603be5703a4c12ca26a3dfe19548ff9216730ac35fd6591e99008a9f44eb22?s=96&d=mm&r=g\",\"caption\":\"EBC\"},\"url\":\"https:\\\/\\\/divulguems.com.br\\\/?author=108\"}]}<\/script>\n<!-- \/ Yoast SEO Premium plugin. -->","yoast_head_json":{"title":"EBC lan\u00e7a Centro de Inova\u00e7\u00e3o e Pesquisa em Comunica\u00e7\u00e3o P\u00fablica - Divulgue MS","robots":{"index":"index","follow":"follow","max-snippet":"max-snippet:-1","max-image-preview":"max-image-preview:large","max-video-preview":"max-video-preview:-1"},"canonical":"https:\/\/divulguems.com.br\/?p=23246","og_locale":"pt_BR","og_type":"article","og_title":"EBC lan\u00e7a Centro de Inova\u00e7\u00e3o e Pesquisa em Comunica\u00e7\u00e3o P\u00fablica","og_description":"A Empresa Brasil de Comunica\u00e7\u00e3o (EBC) passa a contar com um novo espa\u00e7o dedicado \u00e0 inova\u00e7\u00e3o e \u00e0 produ\u00e7\u00e3o de conhecimento, a partir desta segunda-feira (31). O Centro de Inova\u00e7\u00e3o e Pesquisa em Comunica\u00e7\u00e3o P\u00fablica (CIP\u00fablica) vai coordenar e promover a\u00e7\u00f5es de ci\u00eancia, tecnologia e inova\u00e7\u00e3o, al\u00e9m de facilitar o desenvolvimento de projetos e parcerias [&hellip;]","og_url":"https:\/\/divulguems.com.br\/?p=23246","og_site_name":"Divulgue MS","article_publisher":"https:\/\/www.facebook.com\/portalinfocobrasil","article_published_time":"2026-09-01T00:51:08+00:00","og_image":[{"url":"https:\/\/cdn.jsdelivr.net\/gh\/sergiosdlima\/assets-ebc@1.0.0\/abr\/assets\/images\/logo-agenciabrasil.svg","type":"","width":"","height":""}],"author":"EBC","twitter_card":"summary_large_image","twitter_misc":{"Escrito por":"EBC","Est. tempo de leitura":"4 minutos"},"schema":{"@context":"https:\/\/schema.org","@graph":[{"@type":"Article","@id":"https:\/\/divulguems.com.br\/?p=23246#article","isPartOf":{"@id":"https:\/\/divulguems.com.br\/?p=23246"},"author":{"name":"EBC","@id":"https:\/\/divulguems.com.br\/#\/schema\/person\/c963c380feb90d59516e923a334b43ab"},"headline":"EBC lan\u00e7a Centro de Inova\u00e7\u00e3o e Pesquisa em Comunica\u00e7\u00e3o P\u00fablica","datePublished":"2026-09-01T00:51:08+00:00","mainEntityOfPage":{"@id":"https:\/\/divulguems.com.br\/?p=23246"},"wordCount":832,"commentCount":0,"publisher":{"@id":"https:\/\/divulguems.com.br\/#organization"},"image":{"@id":"https:\/\/divulguems.com.br\/?p=23246#primaryimage"},"thumbnailUrl":"https:\/\/divulguems.com.br\/wp-content\/uploads\/2026\/08\/23246-ebc-lanca-centro-de-inovacao-e-pesquisa-em-comunicacao-publica.jpg","articleSection":["\u00daltimas Not\u00edcias"],"inLanguage":"pt-BR","potentialAction":[{"@type":"CommentAction","name":"Comment","target":["https:\/\/divulguems.com.br\/?p=23246#respond"]}]},{"@type":"WebPage","@id":"https:\/\/divulguems.com.br\/?p=23246","url":"https:\/\/divulguems.com.br\/?p=23246","name":"EBC lan\u00e7a Centro de Inova\u00e7\u00e3o e Pesquisa em Comunica\u00e7\u00e3o P\u00fablica - Divulgue MS","isPartOf":{"@id":"https:\/\/divulguems.com.br\/#website"},"primaryImageOfPage":{"@id":"https:\/\/divulguems.com.br\/?p=23246#primaryimage"},"image":{"@id":"https:\/\/divulguems.com.br\/?p=23246#primaryimage"},"thumbnailUrl":"https:\/\/divulguems.com.br\/wp-content\/uploads\/2026\/08\/23246-ebc-lanca-centro-de-inovacao-e-pesquisa-em-comunicacao-publica.jpg","datePublished":"2026-09-01T00:51:08+00:00","breadcrumb":{"@id":"https:\/\/divulguems.com.br\/?p=23246#breadcrumb"},"inLanguage":"pt-BR","potentialAction":[{"@type":"ReadAction","target":["https:\/\/divulguems.com.br\/?p=23246"]}]},{"@type":"ImageObject","inLanguage":"pt-BR","@id":"https:\/\/divulguems.com.br\/?p=23246#primaryimage","url":"https:\/\/divulguems.com.br\/wp-content\/uploads\/2026\/08\/23246-ebc-lanca-centro-de-inovacao-e-pesquisa-em-comunicacao-publica.jpg","contentUrl":"https:\/\/divulguems.com.br\/wp-content\/uploads\/2026\/08\/23246-ebc-lanca-centro-de-inovacao-e-pesquisa-em-comunicacao-publica.jpg","width":1600,"height":800,"caption":"EBC lan\u00e7a Centro de Inova\u00e7\u00e3o e Pesquisa em Comunica\u00e7\u00e3o P\u00fablica"},{"@type":"BreadcrumbList","@id":"https:\/\/divulguems.com.br\/?p=23246#breadcrumb","itemListElement":[{"@type":"ListItem","position":1,"name":"In\u00edcio","item":"https:\/\/divulguems.com.br\/"},{"@type":"ListItem","position":2,"name":"EBC lan\u00e7a Centro de Inova\u00e7\u00e3o e Pesquisa em Comunica\u00e7\u00e3o P\u00fablica"}]},{"@type":"WebSite","@id":"https:\/\/divulguems.com.br\/#website","url":"https:\/\/divulguems.com.br\/","name":"Portal Infoco Brasil","description":"L\u00edder de audi\u00eancia.","publisher":{"@id":"https:\/\/divulguems.com.br\/#organization"},"potentialAction":[{"@type":"SearchAction","target":{"@type":"EntryPoint","urlTemplate":"https:\/\/divulguems.com.br\/?s={search_term_string}"},"query-input":{"@type":"PropertyValueSpecification","valueRequired":true,"valueName":"search_term_string"}}],"inLanguage":"pt-BR"},{"@type":"Organization","@id":"https:\/\/divulguems.com.br\/#organization","name":"Portal Infoco Brasil","url":"https:\/\/divulguems.com.br\/","logo":{"@type":"ImageObject","inLanguage":"pt-BR","@id":"https:\/\/divulguems.com.br\/#\/schema\/logo\/image\/","url":"https:\/\/divulguems.com.br\/wp-content\/uploads\/2025\/04\/LOGO-PNG-AZUL.png","contentUrl":"https:\/\/divulguems.com.br\/wp-content\/uploads\/2025\/04\/LOGO-PNG-AZUL.png","width":1166,"height":475,"caption":"Portal Infoco Brasil"},"image":{"@id":"https:\/\/divulguems.com.br\/#\/schema\/logo\/image\/"},"sameAs":["https:\/\/www.facebook.com\/portalinfocobrasil","https:\/\/www.instagram.com\/portalinfocobrasil"]},{"@type":"Person","@id":"https:\/\/divulguems.com.br\/#\/schema\/person\/c963c380feb90d59516e923a334b43ab","name":"EBC","image":{"@type":"ImageObject","inLanguage":"pt-BR","@id":"https:\/\/secure.gravatar.com\/avatar\/36603be5703a4c12ca26a3dfe19548ff9216730ac35fd6591e99008a9f44eb22?s=96&d=mm&r=g","url":"https:\/\/secure.gravatar.com\/avatar\/36603be5703a4c12ca26a3dfe19548ff9216730ac35fd6591e99008a9f44eb22?s=96&d=mm&r=g","contentUrl":"https:\/\/secure.gravatar.com\/avatar\/36603be5703a4c12ca26a3dfe19548ff9216730ac35fd6591e99008a9f44eb22?s=96&d=mm&r=g","caption":"EBC"},"url":"https:\/\/divulguems.com.br\/?author=108"}]}},"_links":{"self":[{"href":"https:\/\/divulguems.com.br\/index.php?rest_route=\/wp\/v2\/posts\/23246","targetHints":{"allow":["GET"]}}],"collection":[{"href":"https:\/\/divulguems.com.br\/index.php?rest_route=\/wp\/v2\/posts"}],"about":[{"href":"https:\/\/divulguems.com.br\/index.php?rest_route=\/wp\/v2\/types\/post"}],"author":[{"embeddable":true,"href":"https:\/\/divulguems.com.br\/index.php?rest_route=\/wp\/v2\/users\/108"}],"replies":[{"embeddable":true,"href":"https:\/\/divulguems.com.br\/index.php?rest_route=%2Fwp%2Fv2%2Fcomments&post=23246"}],"version-history":[{"count":0,"href":"https:\/\/divulguems.com.br\/index.php?rest_route=\/wp\/v2\/posts\/23246\/revisions"}],"wp:featuredmedia":[{"embeddable":true,"href":"https:\/\/divulguems.com.br\/index.php?rest_route=\/wp\/v2\/media\/23247"}],"wp:attachment":[{"href":"https:\/\/divulguems.com.br\/index.php?rest_route=%2Fwp%2Fv2%2Fmedia&parent=23246"}],"wp:term":[{"taxonomy":"category","embeddable":true,"href":"https:\/\/divulguems.com.br\/index.php?rest_route=%2Fwp%2Fv2%2Fcategories&post=23246"},{"taxonomy":"post_tag","embeddable":true,"href":"https:\/\/divulguems.com.br\/index.php?rest_route=%2Fwp%2Fv2%2Ftags&post=23246"}],"curies":[{"name":"wp","href":"https:\/\/api.w.org\/{rel}","templated":true}]}}