{"id":23268,"date":"2026-09-01T21:54:00","date_gmt":"2026-09-02T01:54:00","guid":{"rendered":"https:\/\/divulguems.com.br\/?p=23268"},"modified":"2026-09-01T21:54:00","modified_gmt":"2026-09-02T01:54:00","slug":"inmet-divulga-alertas-de-perigo-com-validade-ate-esta-quarta-2","status":"publish","type":"post","link":"https:\/\/divulguems.com.br\/?p=23268","title":{"rendered":"Inmet divulga alertas de perigo com validade at\u00e9 esta quarta (2)"},"content":{"rendered":"<p>O Instituto Nacional de Meteorologia divulgou alertas de perigo pelo pa\u00eds para baixa umidade e tempestades v\u00e1lidos at\u00e9 esta quarta-feira (2).<img decoding=\"async\" src=\"https:\/\/agenciabrasil.ebc.com.br\/ebc.png?id=1701296&#038;o=rss\"><img decoding=\"async\" src=\"https:\/\/agenciabrasil.ebc.com.br\/ebc.gif?id=1701296&#038;o=rss\"><\/p>\n<p>Na noite desta ter\u00e7a-feira, o alerta segue laranja no Sudeste, incluindo as regi\u00f5es metropolitanas do Rio de Janeiro e de Campinas, al\u00e9m do Tri\u00e2ngulo Mineiro, com risco de tempestades severas com queda de granizo e ventos fortes de at\u00e9 100 km\/h.<\/p>\n<p>A orienta\u00e7\u00e3o \u00e9 n\u00e3o se abrigar sob \u00e1rvores e desligar aparelhos da tomada.<\/p>\n<p>O aviso de perigo vale tamb\u00e9m para o Distrito Federal, Goi\u00e1s e o sert\u00e3o de Pernambuco onde a umidade relativa do ar cai para n\u00edveis cr\u00edticos de at\u00e9 12%.<\/p>\n<p>J\u00e1 em menor intensidade, os alertas amarelos de perigo potencial para esta ter\u00e7a mostram possibilidade de chuva moderada e de ventos de at\u00e9 60 km\/h em capitais como Curitiba e Belo Horizonte, al\u00e9m de tempo seco em estados do Norte e Nordeste.<\/p>\n<p>Nesta quarta, vigoram apenas alertas amarelos de perigo potencial.<\/p>\n<p>A chuva se concentra mais no Esp\u00edrito Santo, na Grande Belo Horizonte, no norte fluminense e no sul da Bahia. O risco de quedas de galhos e alagamentos \u00e9 considerado baixo, com ventos de at\u00e9 60 km\/h.<\/p>\n<p>J\u00e1 o ar seco, com umidade entre 30% e 20%, atinge uma faixa que vai do Cear\u00e1 ao leste do Amazonas, passando por Tocantins, Bahia, pelo norte de Minas Gerais.<\/p>\n<p>Nesses locais, a instru\u00e7\u00e3o \u00e9 evitar desgaste f\u00edsico e exposi\u00e7\u00e3o solar nas horas mais secas do dia.<\/p>\n<p>  <span class=\"hms hms-format-m-ss\">1:44<\/span><\/p>\n","protected":false},"excerpt":{"rendered":"<p>O Instituto Nacional de Meteorologia divulgou alertas de perigo pelo pa\u00eds para baixa umidade e tempestades v\u00e1lidos at\u00e9 esta quarta-feira (2). Na noite desta ter\u00e7a-feira, o alerta segue laranja no Sudeste, incluindo as regi\u00f5es metropolitanas do Rio de Janeiro e de Campinas, al\u00e9m do Tri\u00e2ngulo Mineiro, com risco de tempestades severas com queda de granizo [&hellip;]<\/p>\n","protected":false},"author":490,"featured_media":23269,"comment_status":"open","ping_status":"open","sticky":false,"template":"","format":"standard","meta":{"site-sidebar-layout":"default","site-content-layout":"","ast-site-content-layout":"default","site-content-style":"default","site-sidebar-style":"default","ast-global-header-display":"","ast-banner-title-visibility":"","ast-main-header-display":"","ast-hfb-above-header-display":"","ast-hfb-below-header-display":"","ast-hfb-mobile-header-display":"","site-post-title":"","ast-breadcrumbs-content":"","ast-featured-img":"","footer-sml-layout":"","ast-disable-related-posts":"","theme-transparent-header-meta":"","adv-header-id-meta":"","stick-header-meta":"","header-above-stick-meta":"","header-main-stick-meta":"","header-below-stick-meta":"","astra-migrate-meta-layouts":"default","ast-page-background-enabled":"default","ast-page-background-meta":{"desktop":{"background-color":"var(--ast-global-color-4)","background-image":"","background-repeat":"repeat","background-position":"center center","background-size":"auto","background-attachment":"scroll","background-type":"","background-media":"","overlay-type":"","overlay-color":"","overlay-opacity":"","overlay-gradient":""},"tablet":{"background-color":"","background-image":"","background-repeat":"repeat","background-position":"center center","background-size":"auto","background-attachment":"scroll","background-type":"","background-media":"","overlay-type":"","overlay-color":"","overlay-opacity":"","overlay-gradient":""},"mobile":{"background-color":"","background-image":"","background-repeat":"repeat","background-position":"center center","background-size":"auto","background-attachment":"scroll","background-type":"","background-media":"","overlay-type":"","overlay-color":"","overlay-opacity":"","overlay-gradient":""}},"ast-content-background-meta":{"desktop":{"background-color":"var(--ast-global-color-5)","background-image":"","background-repeat":"repeat","background-position":"center center","background-size":"auto","background-attachment":"scroll","background-type":"","background-media":"","overlay-type":"","overlay-color":"","overlay-opacity":"","overlay-gradient":""},"tablet":{"background-color":"var(--ast-global-color-5)","background-image":"","background-repeat":"repeat","background-position":"center center","background-size":"auto","background-attachment":"scroll","background-type":"","background-media":"","overlay-type":"","overlay-color":"","overlay-opacity":"","overlay-gradient":""},"mobile":{"background-color":"var(--ast-global-color-5)","background-image":"","background-repeat":"repeat","background-position":"center center","background-size":"auto","background-attachment":"scroll","background-type":"","background-media":"","overlay-type":"","overlay-color":"","overlay-opacity":"","overlay-gradient":""}},"footnotes":""},"categories":[6],"tags":[],"class_list":["post-23268","post","type-post","status-publish","format-standard","has-post-thumbnail","hentry","category-meio-ambiente-e-sustentabilidade"],"yoast_head":"<!-- This site is optimized with the Yoast SEO Premium plugin v23.6 (Yoast SEO v28.1) - https:\/\/yoast.com\/product\/yoast-seo-premium-wordpress\/ -->\n<title>Inmet divulga alertas de perigo com validade at\u00e9 esta quarta (2) - Divulgue MS<\/title>\n<meta name=\"robots\" content=\"index, follow, max-snippet:-1, max-image-preview:large, max-video-preview:-1\" \/>\n<link rel=\"canonical\" href=\"https:\/\/divulguems.com.br\/?p=23268\" \/>\n<meta property=\"og:locale\" content=\"pt_BR\" \/>\n<meta property=\"og:type\" content=\"article\" \/>\n<meta property=\"og:title\" content=\"Inmet divulga alertas de perigo com validade at\u00e9 esta quarta (2)\" \/>\n<meta property=\"og:description\" content=\"O Instituto Nacional de Meteorologia divulgou alertas de perigo pelo pa\u00eds para baixa umidade e tempestades v\u00e1lidos at\u00e9 esta quarta-feira (2). Na noite desta ter\u00e7a-feira, o alerta segue laranja no Sudeste, incluindo as regi\u00f5es metropolitanas do Rio de Janeiro e de Campinas, al\u00e9m do Tri\u00e2ngulo Mineiro, com risco de tempestades severas com queda de granizo [&hellip;]\" \/>\n<meta property=\"og:url\" content=\"https:\/\/divulguems.com.br\/?p=23268\" \/>\n<meta property=\"og:site_name\" content=\"Divulgue MS\" \/>\n<meta property=\"article:publisher\" content=\"https:\/\/www.facebook.com\/portalinfocobrasil\" \/>\n<meta property=\"article:published_time\" content=\"2026-09-02T01:54:00+00:00\" \/>\n<meta property=\"og:image\" content=\"https:\/\/agenciabrasil.ebc.com.br\/ebc.png?id=1701296&o=rss\" \/>\n<meta name=\"author\" content=\"Oussama El Ghaouri - Reporter da Radio Nacional\" \/>\n<meta name=\"twitter:card\" content=\"summary_large_image\" \/>\n<meta name=\"twitter:label1\" content=\"Escrito por\" \/>\n\t<meta name=\"twitter:data1\" content=\"Oussama El Ghaouri - Reporter da Radio Nacional\" \/>\n\t<meta name=\"twitter:label2\" content=\"Est. tempo de leitura\" \/>\n\t<meta name=\"twitter:data2\" content=\"1 minuto\" \/>\n<script type=\"application\/ld+json\" class=\"yoast-schema-graph\">{\"@context\":\"https:\\\/\\\/schema.org\",\"@graph\":[{\"@type\":\"Article\",\"@id\":\"https:\\\/\\\/divulguems.com.br\\\/?p=23268#article\",\"isPartOf\":{\"@id\":\"https:\\\/\\\/divulguems.com.br\\\/?p=23268\"},\"author\":{\"name\":\"Oussama El Ghaouri - Reporter da Radio Nacional\",\"@id\":\"https:\\\/\\\/divulguems.com.br\\\/#\\\/schema\\\/person\\\/aa3806e4882eb4542982ba92d0413bb4\"},\"headline\":\"Inmet divulga alertas de perigo com validade at\u00e9 esta quarta (2)\",\"datePublished\":\"2026-09-02T01:54:00+00:00\",\"mainEntityOfPage\":{\"@id\":\"https:\\\/\\\/divulguems.com.br\\\/?p=23268\"},\"wordCount\":261,\"commentCount\":0,\"publisher\":{\"@id\":\"https:\\\/\\\/divulguems.com.br\\\/#organization\"},\"image\":{\"@id\":\"https:\\\/\\\/divulguems.com.br\\\/?p=23268#primaryimage\"},\"thumbnailUrl\":\"https:\\\/\\\/divulguems.com.br\\\/wp-content\\\/uploads\\\/2026\\\/09\\\/23268-inmet-divulga-alertas-de-perigo-com-validade-ate-esta-quarta-2.jpg\",\"articleSection\":[\"Meio Ambiente e Sustentabilidade\"],\"inLanguage\":\"pt-BR\",\"potentialAction\":[{\"@type\":\"CommentAction\",\"name\":\"Comment\",\"target\":[\"https:\\\/\\\/divulguems.com.br\\\/?p=23268#respond\"]}]},{\"@type\":\"WebPage\",\"@id\":\"https:\\\/\\\/divulguems.com.br\\\/?p=23268\",\"url\":\"https:\\\/\\\/divulguems.com.br\\\/?p=23268\",\"name\":\"Inmet divulga alertas de perigo com validade at\u00e9 esta quarta (2) - Divulgue MS\",\"isPartOf\":{\"@id\":\"https:\\\/\\\/divulguems.com.br\\\/#website\"},\"primaryImageOfPage\":{\"@id\":\"https:\\\/\\\/divulguems.com.br\\\/?p=23268#primaryimage\"},\"image\":{\"@id\":\"https:\\\/\\\/divulguems.com.br\\\/?p=23268#primaryimage\"},\"thumbnailUrl\":\"https:\\\/\\\/divulguems.com.br\\\/wp-content\\\/uploads\\\/2026\\\/09\\\/23268-inmet-divulga-alertas-de-perigo-com-validade-ate-esta-quarta-2.jpg\",\"datePublished\":\"2026-09-02T01:54:00+00:00\",\"breadcrumb\":{\"@id\":\"https:\\\/\\\/divulguems.com.br\\\/?p=23268#breadcrumb\"},\"inLanguage\":\"pt-BR\",\"potentialAction\":[{\"@type\":\"ReadAction\",\"target\":[\"https:\\\/\\\/divulguems.com.br\\\/?p=23268\"]}]},{\"@type\":\"ImageObject\",\"inLanguage\":\"pt-BR\",\"@id\":\"https:\\\/\\\/divulguems.com.br\\\/?p=23268#primaryimage\",\"url\":\"https:\\\/\\\/divulguems.com.br\\\/wp-content\\\/uploads\\\/2026\\\/09\\\/23268-inmet-divulga-alertas-de-perigo-com-validade-ate-esta-quarta-2.jpg\",\"contentUrl\":\"https:\\\/\\\/divulguems.com.br\\\/wp-content\\\/uploads\\\/2026\\\/09\\\/23268-inmet-divulga-alertas-de-perigo-com-validade-ate-esta-quarta-2.jpg\",\"width\":1600,\"height\":800,\"caption\":\"Inmet divulga alertas de perigo com validade at\u00e9 esta quarta (2)\"},{\"@type\":\"BreadcrumbList\",\"@id\":\"https:\\\/\\\/divulguems.com.br\\\/?p=23268#breadcrumb\",\"itemListElement\":[{\"@type\":\"ListItem\",\"position\":1,\"name\":\"In\u00edcio\",\"item\":\"https:\\\/\\\/divulguems.com.br\\\/\"},{\"@type\":\"ListItem\",\"position\":2,\"name\":\"Inmet divulga alertas de perigo com validade at\u00e9 esta quarta (2)\"}]},{\"@type\":\"WebSite\",\"@id\":\"https:\\\/\\\/divulguems.com.br\\\/#website\",\"url\":\"https:\\\/\\\/divulguems.com.br\\\/\",\"name\":\"Portal Infoco Brasil\",\"description\":\"L\u00edder de audi\u00eancia.\",\"publisher\":{\"@id\":\"https:\\\/\\\/divulguems.com.br\\\/#organization\"},\"potentialAction\":[{\"@type\":\"SearchAction\",\"target\":{\"@type\":\"EntryPoint\",\"urlTemplate\":\"https:\\\/\\\/divulguems.com.br\\\/?s={search_term_string}\"},\"query-input\":{\"@type\":\"PropertyValueSpecification\",\"valueRequired\":true,\"valueName\":\"search_term_string\"}}],\"inLanguage\":\"pt-BR\"},{\"@type\":\"Organization\",\"@id\":\"https:\\\/\\\/divulguems.com.br\\\/#organization\",\"name\":\"Portal Infoco Brasil\",\"url\":\"https:\\\/\\\/divulguems.com.br\\\/\",\"logo\":{\"@type\":\"ImageObject\",\"inLanguage\":\"pt-BR\",\"@id\":\"https:\\\/\\\/divulguems.com.br\\\/#\\\/schema\\\/logo\\\/image\\\/\",\"url\":\"https:\\\/\\\/divulguems.com.br\\\/wp-content\\\/uploads\\\/2025\\\/04\\\/LOGO-PNG-AZUL.png\",\"contentUrl\":\"https:\\\/\\\/divulguems.com.br\\\/wp-content\\\/uploads\\\/2025\\\/04\\\/LOGO-PNG-AZUL.png\",\"width\":1166,\"height\":475,\"caption\":\"Portal Infoco Brasil\"},\"image\":{\"@id\":\"https:\\\/\\\/divulguems.com.br\\\/#\\\/schema\\\/logo\\\/image\\\/\"},\"sameAs\":[\"https:\\\/\\\/www.facebook.com\\\/portalinfocobrasil\",\"https:\\\/\\\/www.instagram.com\\\/portalinfocobrasil\"]},{\"@type\":\"Person\",\"@id\":\"https:\\\/\\\/divulguems.com.br\\\/#\\\/schema\\\/person\\\/aa3806e4882eb4542982ba92d0413bb4\",\"name\":\"Oussama El Ghaouri - Reporter da Radio Nacional\",\"image\":{\"@type\":\"ImageObject\",\"inLanguage\":\"pt-BR\",\"@id\":\"https:\\\/\\\/secure.gravatar.com\\\/avatar\\\/0696341b7564c0e847346b2744e5f1b75360001bdcdd2defcada0ccec7248e05?s=96&d=mm&r=g\",\"url\":\"https:\\\/\\\/secure.gravatar.com\\\/avatar\\\/0696341b7564c0e847346b2744e5f1b75360001bdcdd2defcada0ccec7248e05?s=96&d=mm&r=g\",\"contentUrl\":\"https:\\\/\\\/secure.gravatar.com\\\/avatar\\\/0696341b7564c0e847346b2744e5f1b75360001bdcdd2defcada0ccec7248e05?s=96&d=mm&r=g\",\"caption\":\"Oussama El Ghaouri - Reporter da Radio Nacional\"},\"url\":\"https:\\\/\\\/divulguems.com.br\\\/?author=490\"}]}<\/script>\n<!-- \/ Yoast SEO Premium plugin. -->","yoast_head_json":{"title":"Inmet divulga alertas de perigo com validade at\u00e9 esta quarta (2) - Divulgue MS","robots":{"index":"index","follow":"follow","max-snippet":"max-snippet:-1","max-image-preview":"max-image-preview:large","max-video-preview":"max-video-preview:-1"},"canonical":"https:\/\/divulguems.com.br\/?p=23268","og_locale":"pt_BR","og_type":"article","og_title":"Inmet divulga alertas de perigo com validade at\u00e9 esta quarta (2)","og_description":"O Instituto Nacional de Meteorologia divulgou alertas de perigo pelo pa\u00eds para baixa umidade e tempestades v\u00e1lidos at\u00e9 esta quarta-feira (2). Na noite desta ter\u00e7a-feira, o alerta segue laranja no Sudeste, incluindo as regi\u00f5es metropolitanas do Rio de Janeiro e de Campinas, al\u00e9m do Tri\u00e2ngulo Mineiro, com risco de tempestades severas com queda de granizo [&hellip;]","og_url":"https:\/\/divulguems.com.br\/?p=23268","og_site_name":"Divulgue MS","article_publisher":"https:\/\/www.facebook.com\/portalinfocobrasil","article_published_time":"2026-09-02T01:54:00+00:00","og_image":[{"url":"https:\/\/agenciabrasil.ebc.com.br\/ebc.png?id=1701296&o=rss","type":"","width":"","height":""}],"author":"Oussama El Ghaouri - Reporter da Radio Nacional","twitter_card":"summary_large_image","twitter_misc":{"Escrito por":"Oussama El Ghaouri - Reporter da Radio Nacional","Est. tempo de leitura":"1 minuto"},"schema":{"@context":"https:\/\/schema.org","@graph":[{"@type":"Article","@id":"https:\/\/divulguems.com.br\/?p=23268#article","isPartOf":{"@id":"https:\/\/divulguems.com.br\/?p=23268"},"author":{"name":"Oussama El Ghaouri - Reporter da Radio Nacional","@id":"https:\/\/divulguems.com.br\/#\/schema\/person\/aa3806e4882eb4542982ba92d0413bb4"},"headline":"Inmet divulga alertas de perigo com validade at\u00e9 esta quarta (2)","datePublished":"2026-09-02T01:54:00+00:00","mainEntityOfPage":{"@id":"https:\/\/divulguems.com.br\/?p=23268"},"wordCount":261,"commentCount":0,"publisher":{"@id":"https:\/\/divulguems.com.br\/#organization"},"image":{"@id":"https:\/\/divulguems.com.br\/?p=23268#primaryimage"},"thumbnailUrl":"https:\/\/divulguems.com.br\/wp-content\/uploads\/2026\/09\/23268-inmet-divulga-alertas-de-perigo-com-validade-ate-esta-quarta-2.jpg","articleSection":["Meio Ambiente e Sustentabilidade"],"inLanguage":"pt-BR","potentialAction":[{"@type":"CommentAction","name":"Comment","target":["https:\/\/divulguems.com.br\/?p=23268#respond"]}]},{"@type":"WebPage","@id":"https:\/\/divulguems.com.br\/?p=23268","url":"https:\/\/divulguems.com.br\/?p=23268","name":"Inmet divulga alertas de perigo com validade at\u00e9 esta quarta (2) - Divulgue MS","isPartOf":{"@id":"https:\/\/divulguems.com.br\/#website"},"primaryImageOfPage":{"@id":"https:\/\/divulguems.com.br\/?p=23268#primaryimage"},"image":{"@id":"https:\/\/divulguems.com.br\/?p=23268#primaryimage"},"thumbnailUrl":"https:\/\/divulguems.com.br\/wp-content\/uploads\/2026\/09\/23268-inmet-divulga-alertas-de-perigo-com-validade-ate-esta-quarta-2.jpg","datePublished":"2026-09-02T01:54:00+00:00","breadcrumb":{"@id":"https:\/\/divulguems.com.br\/?p=23268#breadcrumb"},"inLanguage":"pt-BR","potentialAction":[{"@type":"ReadAction","target":["https:\/\/divulguems.com.br\/?p=23268"]}]},{"@type":"ImageObject","inLanguage":"pt-BR","@id":"https:\/\/divulguems.com.br\/?p=23268#primaryimage","url":"https:\/\/divulguems.com.br\/wp-content\/uploads\/2026\/09\/23268-inmet-divulga-alertas-de-perigo-com-validade-ate-esta-quarta-2.jpg","contentUrl":"https:\/\/divulguems.com.br\/wp-content\/uploads\/2026\/09\/23268-inmet-divulga-alertas-de-perigo-com-validade-ate-esta-quarta-2.jpg","width":1600,"height":800,"caption":"Inmet divulga alertas de perigo com validade at\u00e9 esta quarta (2)"},{"@type":"BreadcrumbList","@id":"https:\/\/divulguems.com.br\/?p=23268#breadcrumb","itemListElement":[{"@type":"ListItem","position":1,"name":"In\u00edcio","item":"https:\/\/divulguems.com.br\/"},{"@type":"ListItem","position":2,"name":"Inmet divulga alertas de perigo com validade at\u00e9 esta quarta (2)"}]},{"@type":"WebSite","@id":"https:\/\/divulguems.com.br\/#website","url":"https:\/\/divulguems.com.br\/","name":"Portal Infoco Brasil","description":"L\u00edder de audi\u00eancia.","publisher":{"@id":"https:\/\/divulguems.com.br\/#organization"},"potentialAction":[{"@type":"SearchAction","target":{"@type":"EntryPoint","urlTemplate":"https:\/\/divulguems.com.br\/?s={search_term_string}"},"query-input":{"@type":"PropertyValueSpecification","valueRequired":true,"valueName":"search_term_string"}}],"inLanguage":"pt-BR"},{"@type":"Organization","@id":"https:\/\/divulguems.com.br\/#organization","name":"Portal Infoco Brasil","url":"https:\/\/divulguems.com.br\/","logo":{"@type":"ImageObject","inLanguage":"pt-BR","@id":"https:\/\/divulguems.com.br\/#\/schema\/logo\/image\/","url":"https:\/\/divulguems.com.br\/wp-content\/uploads\/2025\/04\/LOGO-PNG-AZUL.png","contentUrl":"https:\/\/divulguems.com.br\/wp-content\/uploads\/2025\/04\/LOGO-PNG-AZUL.png","width":1166,"height":475,"caption":"Portal Infoco Brasil"},"image":{"@id":"https:\/\/divulguems.com.br\/#\/schema\/logo\/image\/"},"sameAs":["https:\/\/www.facebook.com\/portalinfocobrasil","https:\/\/www.instagram.com\/portalinfocobrasil"]},{"@type":"Person","@id":"https:\/\/divulguems.com.br\/#\/schema\/person\/aa3806e4882eb4542982ba92d0413bb4","name":"Oussama El Ghaouri - Reporter da Radio Nacional","image":{"@type":"ImageObject","inLanguage":"pt-BR","@id":"https:\/\/secure.gravatar.com\/avatar\/0696341b7564c0e847346b2744e5f1b75360001bdcdd2defcada0ccec7248e05?s=96&d=mm&r=g","url":"https:\/\/secure.gravatar.com\/avatar\/0696341b7564c0e847346b2744e5f1b75360001bdcdd2defcada0ccec7248e05?s=96&d=mm&r=g","contentUrl":"https:\/\/secure.gravatar.com\/avatar\/0696341b7564c0e847346b2744e5f1b75360001bdcdd2defcada0ccec7248e05?s=96&d=mm&r=g","caption":"Oussama El Ghaouri - Reporter da Radio Nacional"},"url":"https:\/\/divulguems.com.br\/?author=490"}]}},"_links":{"self":[{"href":"https:\/\/divulguems.com.br\/index.php?rest_route=\/wp\/v2\/posts\/23268","targetHints":{"allow":["GET"]}}],"collection":[{"href":"https:\/\/divulguems.com.br\/index.php?rest_route=\/wp\/v2\/posts"}],"about":[{"href":"https:\/\/divulguems.com.br\/index.php?rest_route=\/wp\/v2\/types\/post"}],"author":[{"embeddable":true,"href":"https:\/\/divulguems.com.br\/index.php?rest_route=\/wp\/v2\/users\/490"}],"replies":[{"embeddable":true,"href":"https:\/\/divulguems.com.br\/index.php?rest_route=%2Fwp%2Fv2%2Fcomments&post=23268"}],"version-history":[{"count":0,"href":"https:\/\/divulguems.com.br\/index.php?rest_route=\/wp\/v2\/posts\/23268\/revisions"}],"wp:featuredmedia":[{"embeddable":true,"href":"https:\/\/divulguems.com.br\/index.php?rest_route=\/wp\/v2\/media\/23269"}],"wp:attachment":[{"href":"https:\/\/divulguems.com.br\/index.php?rest_route=%2Fwp%2Fv2%2Fmedia&parent=23268"}],"wp:term":[{"taxonomy":"category","embeddable":true,"href":"https:\/\/divulguems.com.br\/index.php?rest_route=%2Fwp%2Fv2%2Fcategories&post=23268"},{"taxonomy":"post_tag","embeddable":true,"href":"https:\/\/divulguems.com.br\/index.php?rest_route=%2Fwp%2Fv2%2Ftags&post=23268"}],"curies":[{"name":"wp","href":"https:\/\/api.w.org\/{rel}","templated":true}]}}