{"id":23282,"date":"2026-09-02T19:48:27","date_gmt":"2026-09-02T23:48:27","guid":{"rendered":"https:\/\/divulguems.com.br\/?p=23282"},"modified":"2026-09-02T19:48:27","modified_gmt":"2026-09-02T23:48:27","slug":"pf-prende-44-pessoas-por-abuso-sexual-de-criancas-e-adolescentes","status":"publish","type":"post","link":"https:\/\/divulguems.com.br\/?p=23282","title":{"rendered":"PF prende 44 pessoas por abuso sexual de crian\u00e7as e adolescentes"},"content":{"rendered":"<p>Uma opera\u00e7\u00e3o da Pol\u00edcia Federal contra o\u00a0<strong>abuso\u00a0sexual de crian\u00e7as e adolescentes<\/strong> cumpriu <strong>mais de 160 mandados<\/strong> em todo o pa\u00eds nesta quarta-feira (2).<img decoding=\"async\" src=\"https:\/\/agenciabrasil.ebc.com.br\/ebc.png?id=1701354&#038;o=rss\"><img decoding=\"async\" src=\"https:\/\/agenciabrasil.ebc.com.br\/ebc.gif?id=1701354&#038;o=rss\"><\/p>\n<p>Os agentes prenderam 44 pessoas \u2014 sendo <strong>31 em flagrante e 13 preventivamente<\/strong> \u2014 e <strong>apreenderam tr\u00eas menores.<\/strong> Nas a\u00e7\u00f5es, duas v\u00edtimas de\u00a0abuso\u00a0foram resgatadas.\u00a0 Outros 153 mandados de busca e apreens\u00e3o foram cumpridos.<\/p>\n<p>Essa \u00e9 a <strong>quinta fase da Opera\u00e7\u00e3o Nacional Prote\u00e7\u00e3o Integral<\/strong>, e conta ainda com a participa\u00e7\u00e3o da <strong>pol\u00edcia civil em 20 estados<\/strong>. O foco \u00e9 reprimir crimes de armazenamento, compartilhamento, venda e produ\u00e7\u00e3o de material de\u00a0abuso\u00a0sexual infantojuvenil.<\/p>\n<p>Desde janeiro, a PF cumpriu quase mil mandados de pris\u00e3o de foragidos da Justi\u00e7a suspeitos de crimes sexuais.<\/p>\n<h3>Pais e respons\u00e1veis<\/h3>\n<p>A Pol\u00edcia alerta os pais e adultos respons\u00e1veis sobre a import\u00e2ncia de monitorar e orientar seus filhos no mundo virtual e f\u00edsico. Tudo para proteg\u00ea-los dos riscos de\u00a0abuso\u00a0sexual.<\/p>\n<p>O ideal \u00e9 ter uma conversa aberta sobre os perigos nas redes sociais, jogos e aplicativos, al\u00e9m de acompanhar de perto as atividades on-line dos jovens e qualquer mudan\u00e7a de comportamento.<\/p>\n<p>\u00c9 importante ensin\u00e1-los a agir diante de contatos inadequados, refor\u00e7ando que podem e devem procurar ajuda. A preven\u00e7\u00e3o e a informa\u00e7\u00e3o s\u00e3o fundamentais para garantir a seguran\u00e7a e salvar vidas.<\/p>\n<p>  <span class=\"hms hms-format-m-ss\">1:38<\/span><\/p>\n","protected":false},"excerpt":{"rendered":"<p>Uma opera\u00e7\u00e3o da Pol\u00edcia Federal contra o\u00a0abuso\u00a0sexual de crian\u00e7as e adolescentes cumpriu mais de 160 mandados em todo o pa\u00eds nesta quarta-feira (2). Os agentes prenderam 44 pessoas \u2014 sendo 31 em flagrante e 13 preventivamente \u2014 e apreenderam tr\u00eas menores. Nas a\u00e7\u00f5es, duas v\u00edtimas de\u00a0abuso\u00a0foram resgatadas.\u00a0 Outros 153 mandados de busca e apreens\u00e3o foram [&hellip;]<\/p>\n","protected":false},"author":448,"featured_media":23283,"comment_status":"open","ping_status":"open","sticky":false,"template":"","format":"standard","meta":{"site-sidebar-layout":"default","site-content-layout":"","ast-site-content-layout":"default","site-content-style":"default","site-sidebar-style":"default","ast-global-header-display":"","ast-banner-title-visibility":"","ast-main-header-display":"","ast-hfb-above-header-display":"","ast-hfb-below-header-display":"","ast-hfb-mobile-header-display":"","site-post-title":"","ast-breadcrumbs-content":"","ast-featured-img":"","footer-sml-layout":"","ast-disable-related-posts":"","theme-transparent-header-meta":"","adv-header-id-meta":"","stick-header-meta":"","header-above-stick-meta":"","header-main-stick-meta":"","header-below-stick-meta":"","astra-migrate-meta-layouts":"default","ast-page-background-enabled":"default","ast-page-background-meta":{"desktop":{"background-color":"var(--ast-global-color-4)","background-image":"","background-repeat":"repeat","background-position":"center center","background-size":"auto","background-attachment":"scroll","background-type":"","background-media":"","overlay-type":"","overlay-color":"","overlay-opacity":"","overlay-gradient":""},"tablet":{"background-color":"","background-image":"","background-repeat":"repeat","background-position":"center center","background-size":"auto","background-attachment":"scroll","background-type":"","background-media":"","overlay-type":"","overlay-color":"","overlay-opacity":"","overlay-gradient":""},"mobile":{"background-color":"","background-image":"","background-repeat":"repeat","background-position":"center center","background-size":"auto","background-attachment":"scroll","background-type":"","background-media":"","overlay-type":"","overlay-color":"","overlay-opacity":"","overlay-gradient":""}},"ast-content-background-meta":{"desktop":{"background-color":"var(--ast-global-color-5)","background-image":"","background-repeat":"repeat","background-position":"center center","background-size":"auto","background-attachment":"scroll","background-type":"","background-media":"","overlay-type":"","overlay-color":"","overlay-opacity":"","overlay-gradient":""},"tablet":{"background-color":"var(--ast-global-color-5)","background-image":"","background-repeat":"repeat","background-position":"center center","background-size":"auto","background-attachment":"scroll","background-type":"","background-media":"","overlay-type":"","overlay-color":"","overlay-opacity":"","overlay-gradient":""},"mobile":{"background-color":"var(--ast-global-color-5)","background-image":"","background-repeat":"repeat","background-position":"center center","background-size":"auto","background-attachment":"scroll","background-type":"","background-media":"","overlay-type":"","overlay-color":"","overlay-opacity":"","overlay-gradient":""}},"footnotes":""},"categories":[4],"tags":[],"class_list":["post-23282","post","type-post","status-publish","format-standard","has-post-thumbnail","hentry","category-politica"],"yoast_head":"<!-- This site is optimized with the Yoast SEO Premium plugin v23.6 (Yoast SEO v28.1) - https:\/\/yoast.com\/product\/yoast-seo-premium-wordpress\/ -->\n<title>PF prende 44 pessoas por abuso sexual de crian\u00e7as e adolescentes - Divulgue MS<\/title>\n<meta name=\"robots\" content=\"index, follow, max-snippet:-1, max-image-preview:large, max-video-preview:-1\" \/>\n<link rel=\"canonical\" href=\"https:\/\/divulguems.com.br\/?p=23282\" \/>\n<meta property=\"og:locale\" content=\"pt_BR\" \/>\n<meta property=\"og:type\" content=\"article\" \/>\n<meta property=\"og:title\" content=\"PF prende 44 pessoas por abuso sexual de crian\u00e7as e adolescentes\" \/>\n<meta property=\"og:description\" content=\"Uma opera\u00e7\u00e3o da Pol\u00edcia Federal contra o\u00a0abuso\u00a0sexual de crian\u00e7as e adolescentes cumpriu mais de 160 mandados em todo o pa\u00eds nesta quarta-feira (2). Os agentes prenderam 44 pessoas \u2014 sendo 31 em flagrante e 13 preventivamente \u2014 e apreenderam tr\u00eas menores. Nas a\u00e7\u00f5es, duas v\u00edtimas de\u00a0abuso\u00a0foram resgatadas.\u00a0 Outros 153 mandados de busca e apreens\u00e3o foram [&hellip;]\" \/>\n<meta property=\"og:url\" content=\"https:\/\/divulguems.com.br\/?p=23282\" \/>\n<meta property=\"og:site_name\" content=\"Divulgue MS\" \/>\n<meta property=\"article:publisher\" content=\"https:\/\/www.facebook.com\/portalinfocobrasil\" \/>\n<meta property=\"article:published_time\" content=\"2026-09-02T23:48:27+00:00\" \/>\n<meta property=\"og:image\" content=\"https:\/\/agenciabrasil.ebc.com.br\/ebc.png?id=1701354&o=rss\" \/>\n<meta name=\"author\" content=\"Renato Ribeiro - reporter da Radio Nacional\" \/>\n<meta name=\"twitter:card\" content=\"summary_large_image\" \/>\n<meta name=\"twitter:label1\" content=\"Escrito por\" \/>\n\t<meta name=\"twitter:data1\" content=\"Renato Ribeiro - reporter da Radio Nacional\" \/>\n\t<meta name=\"twitter:label2\" content=\"Est. tempo de leitura\" \/>\n\t<meta name=\"twitter:data2\" content=\"1 minuto\" \/>\n<script type=\"application\/ld+json\" class=\"yoast-schema-graph\">{\"@context\":\"https:\\\/\\\/schema.org\",\"@graph\":[{\"@type\":\"Article\",\"@id\":\"https:\\\/\\\/divulguems.com.br\\\/?p=23282#article\",\"isPartOf\":{\"@id\":\"https:\\\/\\\/divulguems.com.br\\\/?p=23282\"},\"author\":{\"name\":\"Renato Ribeiro - reporter da Radio Nacional\",\"@id\":\"https:\\\/\\\/divulguems.com.br\\\/#\\\/schema\\\/person\\\/7d32d2bff9cce1a5f98cd4a6d73f2e92\"},\"headline\":\"PF prende 44 pessoas por abuso sexual de crian\u00e7as e adolescentes\",\"datePublished\":\"2026-09-02T23:48:27+00:00\",\"mainEntityOfPage\":{\"@id\":\"https:\\\/\\\/divulguems.com.br\\\/?p=23282\"},\"wordCount\":238,\"commentCount\":0,\"publisher\":{\"@id\":\"https:\\\/\\\/divulguems.com.br\\\/#organization\"},\"image\":{\"@id\":\"https:\\\/\\\/divulguems.com.br\\\/?p=23282#primaryimage\"},\"thumbnailUrl\":\"https:\\\/\\\/divulguems.com.br\\\/wp-content\\\/uploads\\\/2026\\\/09\\\/23282-pf-prende-44-pessoas-por-abuso-sexual-de-criancas-e-adolescentes.jpg\",\"articleSection\":[\"Pol\u00edtica\"],\"inLanguage\":\"pt-BR\",\"potentialAction\":[{\"@type\":\"CommentAction\",\"name\":\"Comment\",\"target\":[\"https:\\\/\\\/divulguems.com.br\\\/?p=23282#respond\"]}]},{\"@type\":\"WebPage\",\"@id\":\"https:\\\/\\\/divulguems.com.br\\\/?p=23282\",\"url\":\"https:\\\/\\\/divulguems.com.br\\\/?p=23282\",\"name\":\"PF prende 44 pessoas por abuso sexual de crian\u00e7as e adolescentes - Divulgue MS\",\"isPartOf\":{\"@id\":\"https:\\\/\\\/divulguems.com.br\\\/#website\"},\"primaryImageOfPage\":{\"@id\":\"https:\\\/\\\/divulguems.com.br\\\/?p=23282#primaryimage\"},\"image\":{\"@id\":\"https:\\\/\\\/divulguems.com.br\\\/?p=23282#primaryimage\"},\"thumbnailUrl\":\"https:\\\/\\\/divulguems.com.br\\\/wp-content\\\/uploads\\\/2026\\\/09\\\/23282-pf-prende-44-pessoas-por-abuso-sexual-de-criancas-e-adolescentes.jpg\",\"datePublished\":\"2026-09-02T23:48:27+00:00\",\"breadcrumb\":{\"@id\":\"https:\\\/\\\/divulguems.com.br\\\/?p=23282#breadcrumb\"},\"inLanguage\":\"pt-BR\",\"potentialAction\":[{\"@type\":\"ReadAction\",\"target\":[\"https:\\\/\\\/divulguems.com.br\\\/?p=23282\"]}]},{\"@type\":\"ImageObject\",\"inLanguage\":\"pt-BR\",\"@id\":\"https:\\\/\\\/divulguems.com.br\\\/?p=23282#primaryimage\",\"url\":\"https:\\\/\\\/divulguems.com.br\\\/wp-content\\\/uploads\\\/2026\\\/09\\\/23282-pf-prende-44-pessoas-por-abuso-sexual-de-criancas-e-adolescentes.jpg\",\"contentUrl\":\"https:\\\/\\\/divulguems.com.br\\\/wp-content\\\/uploads\\\/2026\\\/09\\\/23282-pf-prende-44-pessoas-por-abuso-sexual-de-criancas-e-adolescentes.jpg\",\"width\":1600,\"height\":800,\"caption\":\"PF prende 44 pessoas por abuso sexual de crian\u00e7as e adolescentes\"},{\"@type\":\"BreadcrumbList\",\"@id\":\"https:\\\/\\\/divulguems.com.br\\\/?p=23282#breadcrumb\",\"itemListElement\":[{\"@type\":\"ListItem\",\"position\":1,\"name\":\"In\u00edcio\",\"item\":\"https:\\\/\\\/divulguems.com.br\\\/\"},{\"@type\":\"ListItem\",\"position\":2,\"name\":\"PF prende 44 pessoas por abuso sexual de crian\u00e7as e adolescentes\"}]},{\"@type\":\"WebSite\",\"@id\":\"https:\\\/\\\/divulguems.com.br\\\/#website\",\"url\":\"https:\\\/\\\/divulguems.com.br\\\/\",\"name\":\"Portal Infoco Brasil\",\"description\":\"L\u00edder de audi\u00eancia.\",\"publisher\":{\"@id\":\"https:\\\/\\\/divulguems.com.br\\\/#organization\"},\"potentialAction\":[{\"@type\":\"SearchAction\",\"target\":{\"@type\":\"EntryPoint\",\"urlTemplate\":\"https:\\\/\\\/divulguems.com.br\\\/?s={search_term_string}\"},\"query-input\":{\"@type\":\"PropertyValueSpecification\",\"valueRequired\":true,\"valueName\":\"search_term_string\"}}],\"inLanguage\":\"pt-BR\"},{\"@type\":\"Organization\",\"@id\":\"https:\\\/\\\/divulguems.com.br\\\/#organization\",\"name\":\"Portal Infoco Brasil\",\"url\":\"https:\\\/\\\/divulguems.com.br\\\/\",\"logo\":{\"@type\":\"ImageObject\",\"inLanguage\":\"pt-BR\",\"@id\":\"https:\\\/\\\/divulguems.com.br\\\/#\\\/schema\\\/logo\\\/image\\\/\",\"url\":\"https:\\\/\\\/divulguems.com.br\\\/wp-content\\\/uploads\\\/2025\\\/04\\\/LOGO-PNG-AZUL.png\",\"contentUrl\":\"https:\\\/\\\/divulguems.com.br\\\/wp-content\\\/uploads\\\/2025\\\/04\\\/LOGO-PNG-AZUL.png\",\"width\":1166,\"height\":475,\"caption\":\"Portal Infoco Brasil\"},\"image\":{\"@id\":\"https:\\\/\\\/divulguems.com.br\\\/#\\\/schema\\\/logo\\\/image\\\/\"},\"sameAs\":[\"https:\\\/\\\/www.facebook.com\\\/portalinfocobrasil\",\"https:\\\/\\\/www.instagram.com\\\/portalinfocobrasil\"]},{\"@type\":\"Person\",\"@id\":\"https:\\\/\\\/divulguems.com.br\\\/#\\\/schema\\\/person\\\/7d32d2bff9cce1a5f98cd4a6d73f2e92\",\"name\":\"Renato Ribeiro - reporter da Radio Nacional\",\"image\":{\"@type\":\"ImageObject\",\"inLanguage\":\"pt-BR\",\"@id\":\"https:\\\/\\\/secure.gravatar.com\\\/avatar\\\/285eadabd28771b4b5dbecee0be67fae8a79f65efc4e16fb3088f9a91a5beb89?s=96&d=mm&r=g\",\"url\":\"https:\\\/\\\/secure.gravatar.com\\\/avatar\\\/285eadabd28771b4b5dbecee0be67fae8a79f65efc4e16fb3088f9a91a5beb89?s=96&d=mm&r=g\",\"contentUrl\":\"https:\\\/\\\/secure.gravatar.com\\\/avatar\\\/285eadabd28771b4b5dbecee0be67fae8a79f65efc4e16fb3088f9a91a5beb89?s=96&d=mm&r=g\",\"caption\":\"Renato Ribeiro - reporter da Radio Nacional\"},\"url\":\"https:\\\/\\\/divulguems.com.br\\\/?author=448\"}]}<\/script>\n<!-- \/ Yoast SEO Premium plugin. -->","yoast_head_json":{"title":"PF prende 44 pessoas por abuso sexual de crian\u00e7as e adolescentes - Divulgue MS","robots":{"index":"index","follow":"follow","max-snippet":"max-snippet:-1","max-image-preview":"max-image-preview:large","max-video-preview":"max-video-preview:-1"},"canonical":"https:\/\/divulguems.com.br\/?p=23282","og_locale":"pt_BR","og_type":"article","og_title":"PF prende 44 pessoas por abuso sexual de crian\u00e7as e adolescentes","og_description":"Uma opera\u00e7\u00e3o da Pol\u00edcia Federal contra o\u00a0abuso\u00a0sexual de crian\u00e7as e adolescentes cumpriu mais de 160 mandados em todo o pa\u00eds nesta quarta-feira (2). Os agentes prenderam 44 pessoas \u2014 sendo 31 em flagrante e 13 preventivamente \u2014 e apreenderam tr\u00eas menores. Nas a\u00e7\u00f5es, duas v\u00edtimas de\u00a0abuso\u00a0foram resgatadas.\u00a0 Outros 153 mandados de busca e apreens\u00e3o foram [&hellip;]","og_url":"https:\/\/divulguems.com.br\/?p=23282","og_site_name":"Divulgue MS","article_publisher":"https:\/\/www.facebook.com\/portalinfocobrasil","article_published_time":"2026-09-02T23:48:27+00:00","og_image":[{"url":"https:\/\/agenciabrasil.ebc.com.br\/ebc.png?id=1701354&o=rss","type":"","width":"","height":""}],"author":"Renato Ribeiro - reporter da Radio Nacional","twitter_card":"summary_large_image","twitter_misc":{"Escrito por":"Renato Ribeiro - reporter da Radio Nacional","Est. tempo de leitura":"1 minuto"},"schema":{"@context":"https:\/\/schema.org","@graph":[{"@type":"Article","@id":"https:\/\/divulguems.com.br\/?p=23282#article","isPartOf":{"@id":"https:\/\/divulguems.com.br\/?p=23282"},"author":{"name":"Renato Ribeiro - reporter da Radio Nacional","@id":"https:\/\/divulguems.com.br\/#\/schema\/person\/7d32d2bff9cce1a5f98cd4a6d73f2e92"},"headline":"PF prende 44 pessoas por abuso sexual de crian\u00e7as e adolescentes","datePublished":"2026-09-02T23:48:27+00:00","mainEntityOfPage":{"@id":"https:\/\/divulguems.com.br\/?p=23282"},"wordCount":238,"commentCount":0,"publisher":{"@id":"https:\/\/divulguems.com.br\/#organization"},"image":{"@id":"https:\/\/divulguems.com.br\/?p=23282#primaryimage"},"thumbnailUrl":"https:\/\/divulguems.com.br\/wp-content\/uploads\/2026\/09\/23282-pf-prende-44-pessoas-por-abuso-sexual-de-criancas-e-adolescentes.jpg","articleSection":["Pol\u00edtica"],"inLanguage":"pt-BR","potentialAction":[{"@type":"CommentAction","name":"Comment","target":["https:\/\/divulguems.com.br\/?p=23282#respond"]}]},{"@type":"WebPage","@id":"https:\/\/divulguems.com.br\/?p=23282","url":"https:\/\/divulguems.com.br\/?p=23282","name":"PF prende 44 pessoas por abuso sexual de crian\u00e7as e adolescentes - Divulgue MS","isPartOf":{"@id":"https:\/\/divulguems.com.br\/#website"},"primaryImageOfPage":{"@id":"https:\/\/divulguems.com.br\/?p=23282#primaryimage"},"image":{"@id":"https:\/\/divulguems.com.br\/?p=23282#primaryimage"},"thumbnailUrl":"https:\/\/divulguems.com.br\/wp-content\/uploads\/2026\/09\/23282-pf-prende-44-pessoas-por-abuso-sexual-de-criancas-e-adolescentes.jpg","datePublished":"2026-09-02T23:48:27+00:00","breadcrumb":{"@id":"https:\/\/divulguems.com.br\/?p=23282#breadcrumb"},"inLanguage":"pt-BR","potentialAction":[{"@type":"ReadAction","target":["https:\/\/divulguems.com.br\/?p=23282"]}]},{"@type":"ImageObject","inLanguage":"pt-BR","@id":"https:\/\/divulguems.com.br\/?p=23282#primaryimage","url":"https:\/\/divulguems.com.br\/wp-content\/uploads\/2026\/09\/23282-pf-prende-44-pessoas-por-abuso-sexual-de-criancas-e-adolescentes.jpg","contentUrl":"https:\/\/divulguems.com.br\/wp-content\/uploads\/2026\/09\/23282-pf-prende-44-pessoas-por-abuso-sexual-de-criancas-e-adolescentes.jpg","width":1600,"height":800,"caption":"PF prende 44 pessoas por abuso sexual de crian\u00e7as e adolescentes"},{"@type":"BreadcrumbList","@id":"https:\/\/divulguems.com.br\/?p=23282#breadcrumb","itemListElement":[{"@type":"ListItem","position":1,"name":"In\u00edcio","item":"https:\/\/divulguems.com.br\/"},{"@type":"ListItem","position":2,"name":"PF prende 44 pessoas por abuso sexual de crian\u00e7as e adolescentes"}]},{"@type":"WebSite","@id":"https:\/\/divulguems.com.br\/#website","url":"https:\/\/divulguems.com.br\/","name":"Portal Infoco Brasil","description":"L\u00edder de audi\u00eancia.","publisher":{"@id":"https:\/\/divulguems.com.br\/#organization"},"potentialAction":[{"@type":"SearchAction","target":{"@type":"EntryPoint","urlTemplate":"https:\/\/divulguems.com.br\/?s={search_term_string}"},"query-input":{"@type":"PropertyValueSpecification","valueRequired":true,"valueName":"search_term_string"}}],"inLanguage":"pt-BR"},{"@type":"Organization","@id":"https:\/\/divulguems.com.br\/#organization","name":"Portal Infoco Brasil","url":"https:\/\/divulguems.com.br\/","logo":{"@type":"ImageObject","inLanguage":"pt-BR","@id":"https:\/\/divulguems.com.br\/#\/schema\/logo\/image\/","url":"https:\/\/divulguems.com.br\/wp-content\/uploads\/2025\/04\/LOGO-PNG-AZUL.png","contentUrl":"https:\/\/divulguems.com.br\/wp-content\/uploads\/2025\/04\/LOGO-PNG-AZUL.png","width":1166,"height":475,"caption":"Portal Infoco Brasil"},"image":{"@id":"https:\/\/divulguems.com.br\/#\/schema\/logo\/image\/"},"sameAs":["https:\/\/www.facebook.com\/portalinfocobrasil","https:\/\/www.instagram.com\/portalinfocobrasil"]},{"@type":"Person","@id":"https:\/\/divulguems.com.br\/#\/schema\/person\/7d32d2bff9cce1a5f98cd4a6d73f2e92","name":"Renato Ribeiro - reporter da Radio Nacional","image":{"@type":"ImageObject","inLanguage":"pt-BR","@id":"https:\/\/secure.gravatar.com\/avatar\/285eadabd28771b4b5dbecee0be67fae8a79f65efc4e16fb3088f9a91a5beb89?s=96&d=mm&r=g","url":"https:\/\/secure.gravatar.com\/avatar\/285eadabd28771b4b5dbecee0be67fae8a79f65efc4e16fb3088f9a91a5beb89?s=96&d=mm&r=g","contentUrl":"https:\/\/secure.gravatar.com\/avatar\/285eadabd28771b4b5dbecee0be67fae8a79f65efc4e16fb3088f9a91a5beb89?s=96&d=mm&r=g","caption":"Renato Ribeiro - reporter da Radio Nacional"},"url":"https:\/\/divulguems.com.br\/?author=448"}]}},"_links":{"self":[{"href":"https:\/\/divulguems.com.br\/index.php?rest_route=\/wp\/v2\/posts\/23282","targetHints":{"allow":["GET"]}}],"collection":[{"href":"https:\/\/divulguems.com.br\/index.php?rest_route=\/wp\/v2\/posts"}],"about":[{"href":"https:\/\/divulguems.com.br\/index.php?rest_route=\/wp\/v2\/types\/post"}],"author":[{"embeddable":true,"href":"https:\/\/divulguems.com.br\/index.php?rest_route=\/wp\/v2\/users\/448"}],"replies":[{"embeddable":true,"href":"https:\/\/divulguems.com.br\/index.php?rest_route=%2Fwp%2Fv2%2Fcomments&post=23282"}],"version-history":[{"count":0,"href":"https:\/\/divulguems.com.br\/index.php?rest_route=\/wp\/v2\/posts\/23282\/revisions"}],"wp:featuredmedia":[{"embeddable":true,"href":"https:\/\/divulguems.com.br\/index.php?rest_route=\/wp\/v2\/media\/23283"}],"wp:attachment":[{"href":"https:\/\/divulguems.com.br\/index.php?rest_route=%2Fwp%2Fv2%2Fmedia&parent=23282"}],"wp:term":[{"taxonomy":"category","embeddable":true,"href":"https:\/\/divulguems.com.br\/index.php?rest_route=%2Fwp%2Fv2%2Fcategories&post=23282"},{"taxonomy":"post_tag","embeddable":true,"href":"https:\/\/divulguems.com.br\/index.php?rest_route=%2Fwp%2Fv2%2Ftags&post=23282"}],"curies":[{"name":"wp","href":"https:\/\/api.w.org\/{rel}","templated":true}]}}