{"id":23284,"date":"2026-09-02T22:47:40","date_gmt":"2026-09-03T02:47:40","guid":{"rendered":"https:\/\/divulguems.com.br\/?p=23284"},"modified":"2026-09-02T22:47:40","modified_gmt":"2026-09-03T02:47:40","slug":"toffoli-libera-propaganda-digital-do-candidato-a-presidente-grassi","status":"publish","type":"post","link":"https:\/\/divulguems.com.br\/?p=23284","title":{"rendered":"Toffoli libera propaganda digital do candidato a presidente Grassi"},"content":{"rendered":"<\/p>\n<p><a class=\"\" href=\"https:\/\/agenciabrasil.ebc.com.br\/justica\/noticia\/2026-09\/toffoli-libera-propaganda-digital-do-candidato-presidente-grassi\"><br \/>\n                    <img decoding=\"async\" src=\"https:\/\/cdn.jsdelivr.net\/gh\/sergiosdlima\/assets-ebc@1.0.0\/abr\/assets\/images\/logo-agenciabrasil.svg\" alt=\"Logo Ag\u00eancia Brasil\"><br \/>\n\t\t\t\t<\/a><\/p>\n<p><strong>O ministro Dias Toffoli, do Tribunal Superior Eleitoral (TSE), liberou nesta quarta-feira (2)\u00a0a propaganda eleitoral do candidato \u00e0 Presid\u00eancia Wilson Grassi\u00a0(Democrata) na internet.\u00a0<\/strong><img decoding=\"async\" src=\"https:\/\/agenciabrasil.ebc.com.br\/ebc.png?id=1701414&#038;o=rss\"><img decoding=\"async\" src=\"https:\/\/agenciabrasil.ebc.com.br\/ebc.gif?id=1701414&#038;o=rss\"><\/p>\n<p>Na \u00faltima segunda-feira<a href=\"https:\/\/agenciabrasil.ebc.com.br\/justica\/noticia\/2026-08\/toffoli-suspende-campanha-digital-de-grassi-presidencia\" target=\"_blank\">, o ministro determinou a suspens\u00e3o da campanha digital ap\u00f3s indicar que o candidato informou \u00e0 Justi\u00e7a Eleitoral oito perfis nas redes sociais 17 dias ap\u00f3s o requerimento de registro de candidatura<\/a>.<\/p>\n<\/p>\n<h3>Not\u00edcias relacionadas:<\/h3>\n<ul>\n<li><a href=\"https:\/\/agenciabrasil.ebc.com.br\/justica\/noticia\/2026-09\/tse-aprova-registros-de-seis-candidatos-presidencia-da-republica\">TSE aprova registros de seis candidatos \u00e0 Presid\u00eancia da Rep\u00fablica.<\/a><\/li>\n<li><a href=\"https:\/\/agenciabrasil.ebc.com.br\/politica\/noticia\/2026-09\/veja-como-foi-quarta-feira-2-dos-candidatos-presidente\">Veja como foi a quarta-feira (2) dos candidatos a presidente.<\/a><\/li>\n<\/ul>\n<p>De acordo com a Lei das Elei\u00e7\u00f5es, partidos e candidatos devem informar os endere\u00e7os eletr\u00f4nicos que ser\u00e3o usados na campanha, incluindo blogs e redes sociais.<\/p>\n<p>A partir da indica\u00e7\u00e3o, as plataformas que operam as redes sociais n\u00e3o podem usar algoritmos para recomendar os perfis aos usu\u00e1rios.\u00a0<\/p>\n<p>Ao rever sua pr\u00f3pria decis\u00e3o, <strong>Toffoli disse que a defesa do candidato prestou os esclarecimentos solicitados e admitiu que usa mecanismo de espelhamento entre contas do Facebook e no Instagram para aumentar o alcance as postagens.<\/strong><\/p>\n<p>\u201cQualquer dos perfis espelhados, que n\u00e3o tenha devidamente sido exclu\u00eddo dos sistemas de recomenda\u00e7\u00e3o, permite que conte\u00fados eleitorais escapem dos filtros de cada plataforma\u201d, afirmou.<\/p>\n<p>Com a nova decis\u00e3o,<strong> o candidato tamb\u00e9m voltar\u00e1 a receber repasses do Fundo Especial de Financiamento de Campanha (FEFC) e poder\u00e1 participar de debates que forem realizados em televis\u00e3o, r\u00e1dio e podcasts.<\/strong><\/p>\n","protected":false},"excerpt":{"rendered":"<p>O ministro Dias Toffoli, do Tribunal Superior Eleitoral (TSE), liberou nesta quarta-feira (2)\u00a0a propaganda eleitoral do candidato \u00e0 Presid\u00eancia Wilson Grassi\u00a0(Democrata) na internet.\u00a0 Na \u00faltima segunda-feira, o ministro determinou a suspens\u00e3o da campanha digital ap\u00f3s indicar que o candidato informou \u00e0 Justi\u00e7a Eleitoral oito perfis nas redes sociais 17 dias ap\u00f3s o requerimento de registro [&hellip;]<\/p>\n","protected":false},"author":120,"featured_media":23285,"comment_status":"open","ping_status":"open","sticky":false,"template":"","format":"standard","meta":{"site-sidebar-layout":"default","site-content-layout":"","ast-site-content-layout":"default","site-content-style":"default","site-sidebar-style":"default","ast-global-header-display":"","ast-banner-title-visibility":"","ast-main-header-display":"","ast-hfb-above-header-display":"","ast-hfb-below-header-display":"","ast-hfb-mobile-header-display":"","site-post-title":"","ast-breadcrumbs-content":"","ast-featured-img":"","footer-sml-layout":"","ast-disable-related-posts":"","theme-transparent-header-meta":"","adv-header-id-meta":"","stick-header-meta":"","header-above-stick-meta":"","header-main-stick-meta":"","header-below-stick-meta":"","astra-migrate-meta-layouts":"default","ast-page-background-enabled":"default","ast-page-background-meta":{"desktop":{"background-color":"var(--ast-global-color-4)","background-image":"","background-repeat":"repeat","background-position":"center center","background-size":"auto","background-attachment":"scroll","background-type":"","background-media":"","overlay-type":"","overlay-color":"","overlay-opacity":"","overlay-gradient":""},"tablet":{"background-color":"","background-image":"","background-repeat":"repeat","background-position":"center center","background-size":"auto","background-attachment":"scroll","background-type":"","background-media":"","overlay-type":"","overlay-color":"","overlay-opacity":"","overlay-gradient":""},"mobile":{"background-color":"","background-image":"","background-repeat":"repeat","background-position":"center center","background-size":"auto","background-attachment":"scroll","background-type":"","background-media":"","overlay-type":"","overlay-color":"","overlay-opacity":"","overlay-gradient":""}},"ast-content-background-meta":{"desktop":{"background-color":"var(--ast-global-color-5)","background-image":"","background-repeat":"repeat","background-position":"center center","background-size":"auto","background-attachment":"scroll","background-type":"","background-media":"","overlay-type":"","overlay-color":"","overlay-opacity":"","overlay-gradient":""},"tablet":{"background-color":"var(--ast-global-color-5)","background-image":"","background-repeat":"repeat","background-position":"center center","background-size":"auto","background-attachment":"scroll","background-type":"","background-media":"","overlay-type":"","overlay-color":"","overlay-opacity":"","overlay-gradient":""},"mobile":{"background-color":"var(--ast-global-color-5)","background-image":"","background-repeat":"repeat","background-position":"center center","background-size":"auto","background-attachment":"scroll","background-type":"","background-media":"","overlay-type":"","overlay-color":"","overlay-opacity":"","overlay-gradient":""}},"footnotes":""},"categories":[1],"tags":[],"class_list":["post-23284","post","type-post","status-publish","format-standard","has-post-thumbnail","hentry","category-sem-categoria"],"yoast_head":"<!-- This site is optimized with the Yoast SEO Premium plugin v23.6 (Yoast SEO v28.1) - https:\/\/yoast.com\/product\/yoast-seo-premium-wordpress\/ -->\n<title>Toffoli libera propaganda digital do candidato a presidente Grassi - Divulgue MS<\/title>\n<meta name=\"robots\" content=\"index, follow, max-snippet:-1, max-image-preview:large, max-video-preview:-1\" \/>\n<link rel=\"canonical\" href=\"https:\/\/divulguems.com.br\/?p=23284\" \/>\n<meta property=\"og:locale\" content=\"pt_BR\" \/>\n<meta property=\"og:type\" content=\"article\" \/>\n<meta property=\"og:title\" content=\"Toffoli libera propaganda digital do candidato a presidente Grassi\" \/>\n<meta property=\"og:description\" content=\"O ministro Dias Toffoli, do Tribunal Superior Eleitoral (TSE), liberou nesta quarta-feira (2)\u00a0a propaganda eleitoral do candidato \u00e0 Presid\u00eancia Wilson Grassi\u00a0(Democrata) na internet.\u00a0 Na \u00faltima segunda-feira, o ministro determinou a suspens\u00e3o da campanha digital ap\u00f3s indicar que o candidato informou \u00e0 Justi\u00e7a Eleitoral oito perfis nas redes sociais 17 dias ap\u00f3s o requerimento de registro [&hellip;]\" \/>\n<meta property=\"og:url\" content=\"https:\/\/divulguems.com.br\/?p=23284\" \/>\n<meta property=\"og:site_name\" content=\"Divulgue MS\" \/>\n<meta property=\"article:publisher\" content=\"https:\/\/www.facebook.com\/portalinfocobrasil\" \/>\n<meta property=\"article:published_time\" content=\"2026-09-03T02:47:40+00:00\" \/>\n<meta property=\"og:image\" content=\"https:\/\/cdn.jsdelivr.net\/gh\/sergiosdlima\/assets-ebc@1.0.0\/abr\/assets\/images\/logo-agenciabrasil.svg\" \/>\n<meta name=\"author\" content=\"Andre Richter - Reporter da Agencia Brasil\" \/>\n<meta name=\"twitter:card\" content=\"summary_large_image\" \/>\n<meta name=\"twitter:label1\" content=\"Escrito por\" \/>\n\t<meta name=\"twitter:data1\" content=\"Andre Richter - Reporter da Agencia Brasil\" \/>\n\t<meta name=\"twitter:label2\" content=\"Est. tempo de leitura\" \/>\n\t<meta name=\"twitter:data2\" content=\"1 minuto\" \/>\n<script type=\"application\/ld+json\" class=\"yoast-schema-graph\">{\"@context\":\"https:\\\/\\\/schema.org\",\"@graph\":[{\"@type\":\"Article\",\"@id\":\"https:\\\/\\\/divulguems.com.br\\\/?p=23284#article\",\"isPartOf\":{\"@id\":\"https:\\\/\\\/divulguems.com.br\\\/?p=23284\"},\"author\":{\"name\":\"Andre Richter - Reporter da Agencia Brasil\",\"@id\":\"https:\\\/\\\/divulguems.com.br\\\/#\\\/schema\\\/person\\\/f905e17f29fb0a91787a01ef1f4228b3\"},\"headline\":\"Toffoli libera propaganda digital do candidato a presidente Grassi\",\"datePublished\":\"2026-09-03T02:47:40+00:00\",\"mainEntityOfPage\":{\"@id\":\"https:\\\/\\\/divulguems.com.br\\\/?p=23284\"},\"wordCount\":248,\"commentCount\":0,\"publisher\":{\"@id\":\"https:\\\/\\\/divulguems.com.br\\\/#organization\"},\"image\":{\"@id\":\"https:\\\/\\\/divulguems.com.br\\\/?p=23284#primaryimage\"},\"thumbnailUrl\":\"https:\\\/\\\/divulguems.com.br\\\/wp-content\\\/uploads\\\/2026\\\/09\\\/23284-toffoli-libera-propaganda-digital-do-candidato-a-presidente-grassi.jpg\",\"articleSection\":[\"\u00daltimas Not\u00edcias\"],\"inLanguage\":\"pt-BR\",\"potentialAction\":[{\"@type\":\"CommentAction\",\"name\":\"Comment\",\"target\":[\"https:\\\/\\\/divulguems.com.br\\\/?p=23284#respond\"]}]},{\"@type\":\"WebPage\",\"@id\":\"https:\\\/\\\/divulguems.com.br\\\/?p=23284\",\"url\":\"https:\\\/\\\/divulguems.com.br\\\/?p=23284\",\"name\":\"Toffoli libera propaganda digital do candidato a presidente Grassi - Divulgue MS\",\"isPartOf\":{\"@id\":\"https:\\\/\\\/divulguems.com.br\\\/#website\"},\"primaryImageOfPage\":{\"@id\":\"https:\\\/\\\/divulguems.com.br\\\/?p=23284#primaryimage\"},\"image\":{\"@id\":\"https:\\\/\\\/divulguems.com.br\\\/?p=23284#primaryimage\"},\"thumbnailUrl\":\"https:\\\/\\\/divulguems.com.br\\\/wp-content\\\/uploads\\\/2026\\\/09\\\/23284-toffoli-libera-propaganda-digital-do-candidato-a-presidente-grassi.jpg\",\"datePublished\":\"2026-09-03T02:47:40+00:00\",\"breadcrumb\":{\"@id\":\"https:\\\/\\\/divulguems.com.br\\\/?p=23284#breadcrumb\"},\"inLanguage\":\"pt-BR\",\"potentialAction\":[{\"@type\":\"ReadAction\",\"target\":[\"https:\\\/\\\/divulguems.com.br\\\/?p=23284\"]}]},{\"@type\":\"ImageObject\",\"inLanguage\":\"pt-BR\",\"@id\":\"https:\\\/\\\/divulguems.com.br\\\/?p=23284#primaryimage\",\"url\":\"https:\\\/\\\/divulguems.com.br\\\/wp-content\\\/uploads\\\/2026\\\/09\\\/23284-toffoli-libera-propaganda-digital-do-candidato-a-presidente-grassi.jpg\",\"contentUrl\":\"https:\\\/\\\/divulguems.com.br\\\/wp-content\\\/uploads\\\/2026\\\/09\\\/23284-toffoli-libera-propaganda-digital-do-candidato-a-presidente-grassi.jpg\",\"width\":1600,\"height\":800,\"caption\":\"Toffoli libera propaganda digital do candidato a presidente Grassi\"},{\"@type\":\"BreadcrumbList\",\"@id\":\"https:\\\/\\\/divulguems.com.br\\\/?p=23284#breadcrumb\",\"itemListElement\":[{\"@type\":\"ListItem\",\"position\":1,\"name\":\"In\u00edcio\",\"item\":\"https:\\\/\\\/divulguems.com.br\\\/\"},{\"@type\":\"ListItem\",\"position\":2,\"name\":\"Toffoli libera propaganda digital do candidato a presidente Grassi\"}]},{\"@type\":\"WebSite\",\"@id\":\"https:\\\/\\\/divulguems.com.br\\\/#website\",\"url\":\"https:\\\/\\\/divulguems.com.br\\\/\",\"name\":\"Portal Infoco Brasil\",\"description\":\"L\u00edder de audi\u00eancia.\",\"publisher\":{\"@id\":\"https:\\\/\\\/divulguems.com.br\\\/#organization\"},\"potentialAction\":[{\"@type\":\"SearchAction\",\"target\":{\"@type\":\"EntryPoint\",\"urlTemplate\":\"https:\\\/\\\/divulguems.com.br\\\/?s={search_term_string}\"},\"query-input\":{\"@type\":\"PropertyValueSpecification\",\"valueRequired\":true,\"valueName\":\"search_term_string\"}}],\"inLanguage\":\"pt-BR\"},{\"@type\":\"Organization\",\"@id\":\"https:\\\/\\\/divulguems.com.br\\\/#organization\",\"name\":\"Portal Infoco Brasil\",\"url\":\"https:\\\/\\\/divulguems.com.br\\\/\",\"logo\":{\"@type\":\"ImageObject\",\"inLanguage\":\"pt-BR\",\"@id\":\"https:\\\/\\\/divulguems.com.br\\\/#\\\/schema\\\/logo\\\/image\\\/\",\"url\":\"https:\\\/\\\/divulguems.com.br\\\/wp-content\\\/uploads\\\/2025\\\/04\\\/LOGO-PNG-AZUL.png\",\"contentUrl\":\"https:\\\/\\\/divulguems.com.br\\\/wp-content\\\/uploads\\\/2025\\\/04\\\/LOGO-PNG-AZUL.png\",\"width\":1166,\"height\":475,\"caption\":\"Portal Infoco Brasil\"},\"image\":{\"@id\":\"https:\\\/\\\/divulguems.com.br\\\/#\\\/schema\\\/logo\\\/image\\\/\"},\"sameAs\":[\"https:\\\/\\\/www.facebook.com\\\/portalinfocobrasil\",\"https:\\\/\\\/www.instagram.com\\\/portalinfocobrasil\"]},{\"@type\":\"Person\",\"@id\":\"https:\\\/\\\/divulguems.com.br\\\/#\\\/schema\\\/person\\\/f905e17f29fb0a91787a01ef1f4228b3\",\"name\":\"Andre Richter - Reporter da Agencia Brasil\",\"image\":{\"@type\":\"ImageObject\",\"inLanguage\":\"pt-BR\",\"@id\":\"https:\\\/\\\/secure.gravatar.com\\\/avatar\\\/d84178b6a20656666416da4d801cbabca9be93d5b5a8d7ba9c4ca8bb65652e8c?s=96&d=mm&r=g\",\"url\":\"https:\\\/\\\/secure.gravatar.com\\\/avatar\\\/d84178b6a20656666416da4d801cbabca9be93d5b5a8d7ba9c4ca8bb65652e8c?s=96&d=mm&r=g\",\"contentUrl\":\"https:\\\/\\\/secure.gravatar.com\\\/avatar\\\/d84178b6a20656666416da4d801cbabca9be93d5b5a8d7ba9c4ca8bb65652e8c?s=96&d=mm&r=g\",\"caption\":\"Andre Richter - Reporter da Agencia Brasil\"},\"url\":\"https:\\\/\\\/divulguems.com.br\\\/?author=120\"}]}<\/script>\n<!-- \/ Yoast SEO Premium plugin. -->","yoast_head_json":{"title":"Toffoli libera propaganda digital do candidato a presidente Grassi - Divulgue MS","robots":{"index":"index","follow":"follow","max-snippet":"max-snippet:-1","max-image-preview":"max-image-preview:large","max-video-preview":"max-video-preview:-1"},"canonical":"https:\/\/divulguems.com.br\/?p=23284","og_locale":"pt_BR","og_type":"article","og_title":"Toffoli libera propaganda digital do candidato a presidente Grassi","og_description":"O ministro Dias Toffoli, do Tribunal Superior Eleitoral (TSE), liberou nesta quarta-feira (2)\u00a0a propaganda eleitoral do candidato \u00e0 Presid\u00eancia Wilson Grassi\u00a0(Democrata) na internet.\u00a0 Na \u00faltima segunda-feira, o ministro determinou a suspens\u00e3o da campanha digital ap\u00f3s indicar que o candidato informou \u00e0 Justi\u00e7a Eleitoral oito perfis nas redes sociais 17 dias ap\u00f3s o requerimento de registro [&hellip;]","og_url":"https:\/\/divulguems.com.br\/?p=23284","og_site_name":"Divulgue MS","article_publisher":"https:\/\/www.facebook.com\/portalinfocobrasil","article_published_time":"2026-09-03T02:47:40+00:00","og_image":[{"url":"https:\/\/cdn.jsdelivr.net\/gh\/sergiosdlima\/assets-ebc@1.0.0\/abr\/assets\/images\/logo-agenciabrasil.svg","type":"","width":"","height":""}],"author":"Andre Richter - Reporter da Agencia Brasil","twitter_card":"summary_large_image","twitter_misc":{"Escrito por":"Andre Richter - Reporter da Agencia Brasil","Est. tempo de leitura":"1 minuto"},"schema":{"@context":"https:\/\/schema.org","@graph":[{"@type":"Article","@id":"https:\/\/divulguems.com.br\/?p=23284#article","isPartOf":{"@id":"https:\/\/divulguems.com.br\/?p=23284"},"author":{"name":"Andre Richter - Reporter da Agencia Brasil","@id":"https:\/\/divulguems.com.br\/#\/schema\/person\/f905e17f29fb0a91787a01ef1f4228b3"},"headline":"Toffoli libera propaganda digital do candidato a presidente Grassi","datePublished":"2026-09-03T02:47:40+00:00","mainEntityOfPage":{"@id":"https:\/\/divulguems.com.br\/?p=23284"},"wordCount":248,"commentCount":0,"publisher":{"@id":"https:\/\/divulguems.com.br\/#organization"},"image":{"@id":"https:\/\/divulguems.com.br\/?p=23284#primaryimage"},"thumbnailUrl":"https:\/\/divulguems.com.br\/wp-content\/uploads\/2026\/09\/23284-toffoli-libera-propaganda-digital-do-candidato-a-presidente-grassi.jpg","articleSection":["\u00daltimas Not\u00edcias"],"inLanguage":"pt-BR","potentialAction":[{"@type":"CommentAction","name":"Comment","target":["https:\/\/divulguems.com.br\/?p=23284#respond"]}]},{"@type":"WebPage","@id":"https:\/\/divulguems.com.br\/?p=23284","url":"https:\/\/divulguems.com.br\/?p=23284","name":"Toffoli libera propaganda digital do candidato a presidente Grassi - Divulgue MS","isPartOf":{"@id":"https:\/\/divulguems.com.br\/#website"},"primaryImageOfPage":{"@id":"https:\/\/divulguems.com.br\/?p=23284#primaryimage"},"image":{"@id":"https:\/\/divulguems.com.br\/?p=23284#primaryimage"},"thumbnailUrl":"https:\/\/divulguems.com.br\/wp-content\/uploads\/2026\/09\/23284-toffoli-libera-propaganda-digital-do-candidato-a-presidente-grassi.jpg","datePublished":"2026-09-03T02:47:40+00:00","breadcrumb":{"@id":"https:\/\/divulguems.com.br\/?p=23284#breadcrumb"},"inLanguage":"pt-BR","potentialAction":[{"@type":"ReadAction","target":["https:\/\/divulguems.com.br\/?p=23284"]}]},{"@type":"ImageObject","inLanguage":"pt-BR","@id":"https:\/\/divulguems.com.br\/?p=23284#primaryimage","url":"https:\/\/divulguems.com.br\/wp-content\/uploads\/2026\/09\/23284-toffoli-libera-propaganda-digital-do-candidato-a-presidente-grassi.jpg","contentUrl":"https:\/\/divulguems.com.br\/wp-content\/uploads\/2026\/09\/23284-toffoli-libera-propaganda-digital-do-candidato-a-presidente-grassi.jpg","width":1600,"height":800,"caption":"Toffoli libera propaganda digital do candidato a presidente Grassi"},{"@type":"BreadcrumbList","@id":"https:\/\/divulguems.com.br\/?p=23284#breadcrumb","itemListElement":[{"@type":"ListItem","position":1,"name":"In\u00edcio","item":"https:\/\/divulguems.com.br\/"},{"@type":"ListItem","position":2,"name":"Toffoli libera propaganda digital do candidato a presidente Grassi"}]},{"@type":"WebSite","@id":"https:\/\/divulguems.com.br\/#website","url":"https:\/\/divulguems.com.br\/","name":"Portal Infoco Brasil","description":"L\u00edder de audi\u00eancia.","publisher":{"@id":"https:\/\/divulguems.com.br\/#organization"},"potentialAction":[{"@type":"SearchAction","target":{"@type":"EntryPoint","urlTemplate":"https:\/\/divulguems.com.br\/?s={search_term_string}"},"query-input":{"@type":"PropertyValueSpecification","valueRequired":true,"valueName":"search_term_string"}}],"inLanguage":"pt-BR"},{"@type":"Organization","@id":"https:\/\/divulguems.com.br\/#organization","name":"Portal Infoco Brasil","url":"https:\/\/divulguems.com.br\/","logo":{"@type":"ImageObject","inLanguage":"pt-BR","@id":"https:\/\/divulguems.com.br\/#\/schema\/logo\/image\/","url":"https:\/\/divulguems.com.br\/wp-content\/uploads\/2025\/04\/LOGO-PNG-AZUL.png","contentUrl":"https:\/\/divulguems.com.br\/wp-content\/uploads\/2025\/04\/LOGO-PNG-AZUL.png","width":1166,"height":475,"caption":"Portal Infoco Brasil"},"image":{"@id":"https:\/\/divulguems.com.br\/#\/schema\/logo\/image\/"},"sameAs":["https:\/\/www.facebook.com\/portalinfocobrasil","https:\/\/www.instagram.com\/portalinfocobrasil"]},{"@type":"Person","@id":"https:\/\/divulguems.com.br\/#\/schema\/person\/f905e17f29fb0a91787a01ef1f4228b3","name":"Andre Richter - Reporter da Agencia Brasil","image":{"@type":"ImageObject","inLanguage":"pt-BR","@id":"https:\/\/secure.gravatar.com\/avatar\/d84178b6a20656666416da4d801cbabca9be93d5b5a8d7ba9c4ca8bb65652e8c?s=96&d=mm&r=g","url":"https:\/\/secure.gravatar.com\/avatar\/d84178b6a20656666416da4d801cbabca9be93d5b5a8d7ba9c4ca8bb65652e8c?s=96&d=mm&r=g","contentUrl":"https:\/\/secure.gravatar.com\/avatar\/d84178b6a20656666416da4d801cbabca9be93d5b5a8d7ba9c4ca8bb65652e8c?s=96&d=mm&r=g","caption":"Andre Richter - Reporter da Agencia Brasil"},"url":"https:\/\/divulguems.com.br\/?author=120"}]}},"_links":{"self":[{"href":"https:\/\/divulguems.com.br\/index.php?rest_route=\/wp\/v2\/posts\/23284","targetHints":{"allow":["GET"]}}],"collection":[{"href":"https:\/\/divulguems.com.br\/index.php?rest_route=\/wp\/v2\/posts"}],"about":[{"href":"https:\/\/divulguems.com.br\/index.php?rest_route=\/wp\/v2\/types\/post"}],"author":[{"embeddable":true,"href":"https:\/\/divulguems.com.br\/index.php?rest_route=\/wp\/v2\/users\/120"}],"replies":[{"embeddable":true,"href":"https:\/\/divulguems.com.br\/index.php?rest_route=%2Fwp%2Fv2%2Fcomments&post=23284"}],"version-history":[{"count":0,"href":"https:\/\/divulguems.com.br\/index.php?rest_route=\/wp\/v2\/posts\/23284\/revisions"}],"wp:featuredmedia":[{"embeddable":true,"href":"https:\/\/divulguems.com.br\/index.php?rest_route=\/wp\/v2\/media\/23285"}],"wp:attachment":[{"href":"https:\/\/divulguems.com.br\/index.php?rest_route=%2Fwp%2Fv2%2Fmedia&parent=23284"}],"wp:term":[{"taxonomy":"category","embeddable":true,"href":"https:\/\/divulguems.com.br\/index.php?rest_route=%2Fwp%2Fv2%2Fcategories&post=23284"},{"taxonomy":"post_tag","embeddable":true,"href":"https:\/\/divulguems.com.br\/index.php?rest_route=%2Fwp%2Fv2%2Ftags&post=23284"}],"curies":[{"name":"wp","href":"https:\/\/api.w.org\/{rel}","templated":true}]}}